{"id":26762,"date":"2018-09-03T12:16:10","date_gmt":"2018-09-03T11:16:10","guid":{"rendered":"http:\/\/www.info-algerie.com\/actualites\/apn-ouverture-de-la-session-parlementaire-ordinaire-2018-2019\/"},"modified":"2022-02-10T18:01:11","modified_gmt":"2022-02-10T17:01:11","slug":"apn-ouverture-de-la-session-parlementaire-ordinaire-2018-2019","status":"publish","type":"post","link":"https:\/\/www.info-algerie.com\/actualites\/apn-ouverture-de-la-session-parlementaire-ordinaire-2018-2019\/","title":{"rendered":"APN : ouverture de la session parlementaire ordinaire 2018-2019"},"content":{"rendered":"<div class=\"K2FeedImage\"><strong>L&rsquo;Assembl\u00e9e populaire nationale (APN) a ouvert, lundi, sa session parlementaire ordinaire pour l&rsquo;exercice 2018-2019, en s\u00e9ance pl\u00e9ni\u00e8re pr\u00e9sid\u00e9e par le pr\u00e9sident de l&rsquo;Assembl\u00e9e, Sa\u00efd Bouhadja.<\/strong><\/div>\n<div class=\"K2FeedIntroText\">\n<p>La c\u00e9r\u00e9monie d&rsquo;ouverture s&rsquo;est d\u00e9roul\u00e9e en pr\u00e9sence du pr\u00e9sident du Conseil de la Nation, Abdelkader Bensalah et des membres du staff gouvernemental.<\/p>\n<\/div>\n<div class=\"K2FeedFullText\">\n<p>&nbsp;<\/p>\n<hr \/>\n<h3>Lire aussi:\u00a0<a href=\"http:\/\/www.aps.dz\/algerie\/78017-ouverture-lundi-de-la-session-ordinaire-du-parlement\" target=\"_blank\" rel=\"noopener noreferrer\">Ouverture lundi de la session ordinaire du Parlement<\/a><\/h3>\n<p>&nbsp;<\/p>\n<hr \/>\n<p>L&rsquo;ouverture de cette session intervient conform\u00e9ment aux dispositions de l&rsquo;article 135 de la Constitution et de l&rsquo;article 15 de la loi organique d\u00e9finissant l&rsquo;organisation et le fonctionnement de l&rsquo;APN et du Conseil de la Nation, ainsi que les relations fonctionnelles entre ces derniers et le Gouvernement.<\/p>\n<p>Outre le projet de la loi de Finance 2019, la prochaine session, troisi\u00e8me sous la Constitution r\u00e9vis\u00e9e qui a institu\u00e9 une seule session ordinaire par an d&rsquo;une dur\u00e9e minimale de 10 mois, aura a tranch\u00e9 sur le projet de loi portant R\u00e8glement int\u00e9rieur de l&rsquo;APN, comme l&rsquo;avait indiqu\u00e9 son pr\u00e9sident Said Bouhadja lors de la cl\u00f4ture de la pr\u00e9c\u00e9dente session, en affirmant que \u00ab\u00a0plusieurs d\u00e9fis\u00a0\u00bb attendent les d\u00e9put\u00e9s et que \u00ab\u00a0le parach\u00e8vement de la r\u00e9vision du R\u00e8glement int\u00e9rieur de l&rsquo;APN, vient en t\u00eate des missions futures\u00a0\u00bb.<\/p>\n<p>Le vote sur du R\u00e8glement int\u00e9rieur de l&rsquo;APN a \u00e9t\u00e9 report\u00e9 suite aux d\u00e9bats et propositions formul\u00e9es par les d\u00e9put\u00e9s concernant, notamment la r\u00e9vision de la question des sanctions qui leurs sont impos\u00e9es dans certains cas.<\/p>\n<p>Parmi les articles d\u00e9cri\u00e9s, l&rsquo;article 69 qui \u00e9nonce qu&rsquo;apr\u00e8s le cumul de trois absences injustifi\u00e9es aux travaux des commissions et aux s\u00e9ances pl\u00e9ni\u00e8res, le d\u00e9put\u00e9 s&rsquo;expose \u00e0 des sanctions pouvant aller \u00e0 une ponction sur l&rsquo;indemnit\u00e9 parlementaire, comptabilis\u00e9e sur la base des journ\u00e9es d&rsquo;absence.<\/p>\n<p>Le cumul de trois absences successives injustifi\u00e9es, durant la m\u00eame session, prive le d\u00e9put\u00e9 concern\u00e9 du droit de postuler \u00e0 un quelconque poste au sein de l&rsquo;Assembl\u00e9e au titre du renouvellement suivant.<\/p>\n<p>Concernant cette question, M. Bouhadja avait pr\u00e9cis\u00e9 que les discussions en pl\u00e9ni\u00e8res ont requis, au vu du rapport pr\u00e9liminaire de la Commission des affaires juridiques, administratives et des libert\u00e9s, plus de temps pour \u00e9largir la consultation, parvenir \u00e0 l\u2019\u00e9laboration d\u2019un texte int\u00e9gral et coh\u00e9rent en conformit\u00e9 avec la Constitution et les dispositions de la loi organique d\u00e9finissant l&rsquo;organisation et le fonctionnement de l&rsquo;APN et du Conseil de la Nation ainsi que les relations fonctionnelles entre ces derniers et le gouvernement\u00a0\u00bb.<\/p>\n<\/div>\n<p>Source: <a href=\"http:\/\/www.aps.dz\/algerie\/78096-apn-ouverture-de-la-session-parlementaire-ordinaire-2018-2019\" target=\"_blank\" rel=\"noopener\">APN: ouverture de la session parlementaire ordinaire 2018-2019<\/a><\/p>\n<!--CusAds0-->\n<div style=\"font-size: 0px; height: 0px; line-height: 0px; margin: 0; padding: 0; clear: both;\"><\/div>","protected":false},"excerpt":{"rendered":"<p>L&rsquo;Assembl\u00e9e populaire nationale (APN) a ouvert, lundi, sa session parlementaire ordinaire pour l&rsquo;exercice 2018-2019, en s\u00e9ance pl\u00e9ni\u00e8re pr\u00e9sid\u00e9e par le pr\u00e9sident de l&rsquo;Assembl\u00e9e, Sa\u00efd Bouhadja. La c\u00e9r\u00e9monie d&rsquo;ouverture s&rsquo;est d\u00e9roul\u00e9e en pr\u00e9sence du pr\u00e9sident du Conseil de la Nation, Abdelkader Bensalah et des membres du staff gouvernemental. &nbsp; Lire aussi:\u00a0Ouverture lundi de la session ordinaire<\/p>\n","protected":false},"author":6,"featured_media":26841,"comment_status":"open","ping_status":"open","sticky":false,"template":"","format":"standard","meta":{"footnotes":""},"categories":[7],"tags":[27,151],"class_list":["post-26762","post","type-post","status-publish","format-standard","has-post-thumbnail","hentry","category-politique","tag-algerie","tag-apn"],"yoast_head":"<!-- This site is optimized with the Yoast SEO plugin v27.5 - https:\/\/yoast.com\/product\/yoast-seo-wordpress\/ -->\n<title>APN : ouverture de la session parlementaire ordinaire 2018-2019<\/title>\n<meta name=\"description\" content=\"L&#039;Assembl\u00e9e populaire nationale (APN) a ouvert, lundi, sa session parlementaire ordinaire pour l&#039;exercice 2018-2019, en s\u00e9ance pl\u00e9ni\u00e8re pr\u00e9sid\u00e9e par le pr\u00e9sident de l&#039;Assembl\u00e9e, Sa\u00efd Bouhadja.\" \/>\n<meta name=\"robots\" content=\"index, follow, max-snippet:-1, max-image-preview:large, max-video-preview:-1\" \/>\n<link rel=\"canonical\" href=\"https:\/\/www.info-algerie.com\/actualites\/apn-ouverture-de-la-session-parlementaire-ordinaire-2018-2019\/\" \/>\n<meta property=\"og:locale\" content=\"fr_FR\" \/>\n<meta property=\"og:type\" content=\"article\" \/>\n<meta property=\"og:title\" content=\"APN : ouverture de la session parlementaire ordinaire 2018-2019\" \/>\n<meta property=\"og:description\" content=\"L&#039;Assembl\u00e9e populaire nationale (APN) a ouvert, lundi, sa session parlementaire ordinaire pour l&#039;exercice 2018-2019, en s\u00e9ance pl\u00e9ni\u00e8re pr\u00e9sid\u00e9e par le pr\u00e9sident de l&#039;Assembl\u00e9e, Sa\u00efd Bouhadja.\" \/>\n<meta property=\"og:url\" content=\"https:\/\/www.info-algerie.com\/actualites\/apn-ouverture-de-la-session-parlementaire-ordinaire-2018-2019\/\" \/>\n<meta property=\"og:site_name\" content=\"info algerie\" \/>\n<meta property=\"article:publisher\" content=\"https:\/\/www.facebook.com\/infoalgerieactu\" \/>\n<meta property=\"article:published_time\" content=\"2018-09-03T11:16:10+00:00\" \/>\n<meta property=\"article:modified_time\" content=\"2022-02-10T17:01:11+00:00\" \/>\n<meta property=\"og:image\" content=\"https:\/\/www.info-algerie.com\/actualites\/wp-content\/uploads\/2018\/09\/APN-ouverture-session-parlementaire-ordinaire.jpg\" \/>\n\t<meta property=\"og:image:width\" content=\"580\" \/>\n\t<meta property=\"og:image:height\" content=\"350\" \/>\n\t<meta property=\"og:image:type\" content=\"image\/jpeg\" \/>\n<meta name=\"author\" content=\"La r\u00e9daction\" \/>\n<meta name=\"twitter:label1\" content=\"\u00c9crit par\" \/>\n\t<meta name=\"twitter:data1\" content=\"La r\u00e9daction\" \/>\n\t<meta name=\"twitter:label2\" content=\"Dur\u00e9e de lecture estim\u00e9e\" \/>\n\t<meta name=\"twitter:data2\" content=\"2 minutes\" \/>\n<script type=\"application\/ld+json\" class=\"yoast-schema-graph\">{\"@context\":\"https:\\\/\\\/schema.org\",\"@graph\":[{\"@type\":\"Article\",\"@id\":\"https:\\\/\\\/www.info-algerie.com\\\/actualites\\\/apn-ouverture-de-la-session-parlementaire-ordinaire-2018-2019\\\/#article\",\"isPartOf\":{\"@id\":\"https:\\\/\\\/www.info-algerie.com\\\/actualites\\\/apn-ouverture-de-la-session-parlementaire-ordinaire-2018-2019\\\/\"},\"author\":{\"name\":\"La r\u00e9daction\",\"@id\":\"https:\\\/\\\/www.info-algerie.com\\\/actualites\\\/#\\\/schema\\\/person\\\/847aaec44920825b843a08f30ec6aa1e\"},\"headline\":\"APN : ouverture de la session parlementaire ordinaire 2018-2019\",\"datePublished\":\"2018-09-03T11:16:10+00:00\",\"dateModified\":\"2022-02-10T17:01:11+00:00\",\"mainEntityOfPage\":{\"@id\":\"https:\\\/\\\/www.info-algerie.com\\\/actualites\\\/apn-ouverture-de-la-session-parlementaire-ordinaire-2018-2019\\\/\"},\"wordCount\":481,\"commentCount\":1,\"publisher\":{\"@id\":\"https:\\\/\\\/www.info-algerie.com\\\/actualites\\\/#organization\"},\"image\":{\"@id\":\"https:\\\/\\\/www.info-algerie.com\\\/actualites\\\/apn-ouverture-de-la-session-parlementaire-ordinaire-2018-2019\\\/#primaryimage\"},\"thumbnailUrl\":\"https:\\\/\\\/www.info-algerie.com\\\/actualites\\\/wp-content\\\/uploads\\\/2018\\\/09\\\/APN-ouverture-session-parlementaire-ordinaire.jpg\",\"keywords\":[\"alg\u00e9rie\",\"APN\"],\"articleSection\":[\"Politique\"],\"inLanguage\":\"fr-FR\",\"potentialAction\":[{\"@type\":\"CommentAction\",\"name\":\"Comment\",\"target\":[\"https:\\\/\\\/www.info-algerie.com\\\/actualites\\\/apn-ouverture-de-la-session-parlementaire-ordinaire-2018-2019\\\/#respond\"]}]},{\"@type\":\"WebPage\",\"@id\":\"https:\\\/\\\/www.info-algerie.com\\\/actualites\\\/apn-ouverture-de-la-session-parlementaire-ordinaire-2018-2019\\\/\",\"url\":\"https:\\\/\\\/www.info-algerie.com\\\/actualites\\\/apn-ouverture-de-la-session-parlementaire-ordinaire-2018-2019\\\/\",\"name\":\"APN : ouverture de la session parlementaire ordinaire 2018-2019\",\"isPartOf\":{\"@id\":\"https:\\\/\\\/www.info-algerie.com\\\/actualites\\\/#website\"},\"primaryImageOfPage\":{\"@id\":\"https:\\\/\\\/www.info-algerie.com\\\/actualites\\\/apn-ouverture-de-la-session-parlementaire-ordinaire-2018-2019\\\/#primaryimage\"},\"image\":{\"@id\":\"https:\\\/\\\/www.info-algerie.com\\\/actualites\\\/apn-ouverture-de-la-session-parlementaire-ordinaire-2018-2019\\\/#primaryimage\"},\"thumbnailUrl\":\"https:\\\/\\\/www.info-algerie.com\\\/actualites\\\/wp-content\\\/uploads\\\/2018\\\/09\\\/APN-ouverture-session-parlementaire-ordinaire.jpg\",\"datePublished\":\"2018-09-03T11:16:10+00:00\",\"dateModified\":\"2022-02-10T17:01:11+00:00\",\"description\":\"L'Assembl\u00e9e populaire nationale (APN) a ouvert, lundi, sa session parlementaire ordinaire pour l'exercice 2018-2019, en s\u00e9ance pl\u00e9ni\u00e8re pr\u00e9sid\u00e9e par le pr\u00e9sident de l'Assembl\u00e9e, Sa\u00efd Bouhadja.\",\"breadcrumb\":{\"@id\":\"https:\\\/\\\/www.info-algerie.com\\\/actualites\\\/apn-ouverture-de-la-session-parlementaire-ordinaire-2018-2019\\\/#breadcrumb\"},\"inLanguage\":\"fr-FR\",\"potentialAction\":[{\"@type\":\"ReadAction\",\"target\":[\"https:\\\/\\\/www.info-algerie.com\\\/actualites\\\/apn-ouverture-de-la-session-parlementaire-ordinaire-2018-2019\\\/\"]}]},{\"@type\":\"ImageObject\",\"inLanguage\":\"fr-FR\",\"@id\":\"https:\\\/\\\/www.info-algerie.com\\\/actualites\\\/apn-ouverture-de-la-session-parlementaire-ordinaire-2018-2019\\\/#primaryimage\",\"url\":\"https:\\\/\\\/www.info-algerie.com\\\/actualites\\\/wp-content\\\/uploads\\\/2018\\\/09\\\/APN-ouverture-session-parlementaire-ordinaire.jpg\",\"contentUrl\":\"https:\\\/\\\/www.info-algerie.com\\\/actualites\\\/wp-content\\\/uploads\\\/2018\\\/09\\\/APN-ouverture-session-parlementaire-ordinaire.jpg\",\"width\":580,\"height\":350,\"caption\":\"APN : ouverture de la session parlementaire ordinaire\"},{\"@type\":\"BreadcrumbList\",\"@id\":\"https:\\\/\\\/www.info-algerie.com\\\/actualites\\\/apn-ouverture-de-la-session-parlementaire-ordinaire-2018-2019\\\/#breadcrumb\",\"itemListElement\":[{\"@type\":\"ListItem\",\"position\":1,\"name\":\"Accueil\",\"item\":\"https:\\\/\\\/www.info-algerie.com\\\/actualites\\\/\"},{\"@type\":\"ListItem\",\"position\":2,\"name\":\"APN : ouverture de la session parlementaire ordinaire 2018-2019\"}]},{\"@type\":\"WebSite\",\"@id\":\"https:\\\/\\\/www.info-algerie.com\\\/actualites\\\/#website\",\"url\":\"https:\\\/\\\/www.info-algerie.com\\\/actualites\\\/\",\"name\":\"info algerie\",\"description\":\"Toutes les actualit\u00e9s\",\"publisher\":{\"@id\":\"https:\\\/\\\/www.info-algerie.com\\\/actualites\\\/#organization\"},\"potentialAction\":[{\"@type\":\"SearchAction\",\"target\":{\"@type\":\"EntryPoint\",\"urlTemplate\":\"https:\\\/\\\/www.info-algerie.com\\\/actualites\\\/?s={search_term_string}\"},\"query-input\":{\"@type\":\"PropertyValueSpecification\",\"valueRequired\":true,\"valueName\":\"search_term_string\"}}],\"inLanguage\":\"fr-FR\"},{\"@type\":\"Organization\",\"@id\":\"https:\\\/\\\/www.info-algerie.com\\\/actualites\\\/#organization\",\"name\":\"info algerie\",\"url\":\"https:\\\/\\\/www.info-algerie.com\\\/actualites\\\/\",\"logo\":{\"@type\":\"ImageObject\",\"inLanguage\":\"fr-FR\",\"@id\":\"https:\\\/\\\/www.info-algerie.com\\\/actualites\\\/#\\\/schema\\\/logo\\\/image\\\/\",\"url\":\"https:\\\/\\\/www.info-algerie.com\\\/actualites\\\/wp-content\\\/uploads\\\/2022\\\/07\\\/logo-ia-120.png\",\"contentUrl\":\"https:\\\/\\\/www.info-algerie.com\\\/actualites\\\/wp-content\\\/uploads\\\/2022\\\/07\\\/logo-ia-120.png\",\"width\":120,\"height\":43,\"caption\":\"info algerie\"},\"image\":{\"@id\":\"https:\\\/\\\/www.info-algerie.com\\\/actualites\\\/#\\\/schema\\\/logo\\\/image\\\/\"},\"sameAs\":[\"https:\\\/\\\/www.facebook.com\\\/infoalgerieactu\",\"https:\\\/\\\/x.com\\\/infoalgerie1\"]},{\"@type\":\"Person\",\"@id\":\"https:\\\/\\\/www.info-algerie.com\\\/actualites\\\/#\\\/schema\\\/person\\\/847aaec44920825b843a08f30ec6aa1e\",\"name\":\"La r\u00e9daction\",\"image\":{\"@type\":\"ImageObject\",\"inLanguage\":\"fr-FR\",\"@id\":\"https:\\\/\\\/secure.gravatar.com\\\/avatar\\\/769db425c6f465158149f1ffd6cf61ce7a8a879d11dfbef8288af36dfddd418c?s=96&d=mm&r=g\",\"url\":\"https:\\\/\\\/secure.gravatar.com\\\/avatar\\\/769db425c6f465158149f1ffd6cf61ce7a8a879d11dfbef8288af36dfddd418c?s=96&d=mm&r=g\",\"contentUrl\":\"https:\\\/\\\/secure.gravatar.com\\\/avatar\\\/769db425c6f465158149f1ffd6cf61ce7a8a879d11dfbef8288af36dfddd418c?s=96&d=mm&r=g\",\"caption\":\"La r\u00e9daction\"},\"sameAs\":[\"http:\\\/\\\/www.lkeria.com\\\/\"],\"url\":\"https:\\\/\\\/www.info-algerie.com\\\/actualites\\\/author\\\/chakib32\\\/\"}]}<\/script>\n<!-- \/ Yoast SEO plugin. -->","yoast_head_json":{"title":"APN : ouverture de la session parlementaire ordinaire 2018-2019","description":"L'Assembl\u00e9e populaire nationale (APN) a ouvert, lundi, sa session parlementaire ordinaire pour l'exercice 2018-2019, en s\u00e9ance pl\u00e9ni\u00e8re pr\u00e9sid\u00e9e par le pr\u00e9sident de l'Assembl\u00e9e, Sa\u00efd Bouhadja.","robots":{"index":"index","follow":"follow","max-snippet":"max-snippet:-1","max-image-preview":"max-image-preview:large","max-video-preview":"max-video-preview:-1"},"canonical":"https:\/\/www.info-algerie.com\/actualites\/apn-ouverture-de-la-session-parlementaire-ordinaire-2018-2019\/","og_locale":"fr_FR","og_type":"article","og_title":"APN : ouverture de la session parlementaire ordinaire 2018-2019","og_description":"L'Assembl\u00e9e populaire nationale (APN) a ouvert, lundi, sa session parlementaire ordinaire pour l'exercice 2018-2019, en s\u00e9ance pl\u00e9ni\u00e8re pr\u00e9sid\u00e9e par le pr\u00e9sident de l'Assembl\u00e9e, Sa\u00efd Bouhadja.","og_url":"https:\/\/www.info-algerie.com\/actualites\/apn-ouverture-de-la-session-parlementaire-ordinaire-2018-2019\/","og_site_name":"info algerie","article_publisher":"https:\/\/www.facebook.com\/infoalgerieactu","article_published_time":"2018-09-03T11:16:10+00:00","article_modified_time":"2022-02-10T17:01:11+00:00","og_image":[{"width":580,"height":350,"url":"https:\/\/www.info-algerie.com\/actualites\/wp-content\/uploads\/2018\/09\/APN-ouverture-session-parlementaire-ordinaire.jpg","type":"image\/jpeg"}],"author":"La r\u00e9daction","twitter_misc":{"\u00c9crit par":"La r\u00e9daction","Dur\u00e9e de lecture estim\u00e9e":"2 minutes"},"schema":{"@context":"https:\/\/schema.org","@graph":[{"@type":"Article","@id":"https:\/\/www.info-algerie.com\/actualites\/apn-ouverture-de-la-session-parlementaire-ordinaire-2018-2019\/#article","isPartOf":{"@id":"https:\/\/www.info-algerie.com\/actualites\/apn-ouverture-de-la-session-parlementaire-ordinaire-2018-2019\/"},"author":{"name":"La r\u00e9daction","@id":"https:\/\/www.info-algerie.com\/actualites\/#\/schema\/person\/847aaec44920825b843a08f30ec6aa1e"},"headline":"APN : ouverture de la session parlementaire ordinaire 2018-2019","datePublished":"2018-09-03T11:16:10+00:00","dateModified":"2022-02-10T17:01:11+00:00","mainEntityOfPage":{"@id":"https:\/\/www.info-algerie.com\/actualites\/apn-ouverture-de-la-session-parlementaire-ordinaire-2018-2019\/"},"wordCount":481,"commentCount":1,"publisher":{"@id":"https:\/\/www.info-algerie.com\/actualites\/#organization"},"image":{"@id":"https:\/\/www.info-algerie.com\/actualites\/apn-ouverture-de-la-session-parlementaire-ordinaire-2018-2019\/#primaryimage"},"thumbnailUrl":"https:\/\/www.info-algerie.com\/actualites\/wp-content\/uploads\/2018\/09\/APN-ouverture-session-parlementaire-ordinaire.jpg","keywords":["alg\u00e9rie","APN"],"articleSection":["Politique"],"inLanguage":"fr-FR","potentialAction":[{"@type":"CommentAction","name":"Comment","target":["https:\/\/www.info-algerie.com\/actualites\/apn-ouverture-de-la-session-parlementaire-ordinaire-2018-2019\/#respond"]}]},{"@type":"WebPage","@id":"https:\/\/www.info-algerie.com\/actualites\/apn-ouverture-de-la-session-parlementaire-ordinaire-2018-2019\/","url":"https:\/\/www.info-algerie.com\/actualites\/apn-ouverture-de-la-session-parlementaire-ordinaire-2018-2019\/","name":"APN : ouverture de la session parlementaire ordinaire 2018-2019","isPartOf":{"@id":"https:\/\/www.info-algerie.com\/actualites\/#website"},"primaryImageOfPage":{"@id":"https:\/\/www.info-algerie.com\/actualites\/apn-ouverture-de-la-session-parlementaire-ordinaire-2018-2019\/#primaryimage"},"image":{"@id":"https:\/\/www.info-algerie.com\/actualites\/apn-ouverture-de-la-session-parlementaire-ordinaire-2018-2019\/#primaryimage"},"thumbnailUrl":"https:\/\/www.info-algerie.com\/actualites\/wp-content\/uploads\/2018\/09\/APN-ouverture-session-parlementaire-ordinaire.jpg","datePublished":"2018-09-03T11:16:10+00:00","dateModified":"2022-02-10T17:01:11+00:00","description":"L'Assembl\u00e9e populaire nationale (APN) a ouvert, lundi, sa session parlementaire ordinaire pour l'exercice 2018-2019, en s\u00e9ance pl\u00e9ni\u00e8re pr\u00e9sid\u00e9e par le pr\u00e9sident de l'Assembl\u00e9e, Sa\u00efd Bouhadja.","breadcrumb":{"@id":"https:\/\/www.info-algerie.com\/actualites\/apn-ouverture-de-la-session-parlementaire-ordinaire-2018-2019\/#breadcrumb"},"inLanguage":"fr-FR","potentialAction":[{"@type":"ReadAction","target":["https:\/\/www.info-algerie.com\/actualites\/apn-ouverture-de-la-session-parlementaire-ordinaire-2018-2019\/"]}]},{"@type":"ImageObject","inLanguage":"fr-FR","@id":"https:\/\/www.info-algerie.com\/actualites\/apn-ouverture-de-la-session-parlementaire-ordinaire-2018-2019\/#primaryimage","url":"https:\/\/www.info-algerie.com\/actualites\/wp-content\/uploads\/2018\/09\/APN-ouverture-session-parlementaire-ordinaire.jpg","contentUrl":"https:\/\/www.info-algerie.com\/actualites\/wp-content\/uploads\/2018\/09\/APN-ouverture-session-parlementaire-ordinaire.jpg","width":580,"height":350,"caption":"APN : ouverture de la session parlementaire ordinaire"},{"@type":"BreadcrumbList","@id":"https:\/\/www.info-algerie.com\/actualites\/apn-ouverture-de-la-session-parlementaire-ordinaire-2018-2019\/#breadcrumb","itemListElement":[{"@type":"ListItem","position":1,"name":"Accueil","item":"https:\/\/www.info-algerie.com\/actualites\/"},{"@type":"ListItem","position":2,"name":"APN : ouverture de la session parlementaire ordinaire 2018-2019"}]},{"@type":"WebSite","@id":"https:\/\/www.info-algerie.com\/actualites\/#website","url":"https:\/\/www.info-algerie.com\/actualites\/","name":"info algerie","description":"Toutes les actualit\u00e9s","publisher":{"@id":"https:\/\/www.info-algerie.com\/actualites\/#organization"},"potentialAction":[{"@type":"SearchAction","target":{"@type":"EntryPoint","urlTemplate":"https:\/\/www.info-algerie.com\/actualites\/?s={search_term_string}"},"query-input":{"@type":"PropertyValueSpecification","valueRequired":true,"valueName":"search_term_string"}}],"inLanguage":"fr-FR"},{"@type":"Organization","@id":"https:\/\/www.info-algerie.com\/actualites\/#organization","name":"info algerie","url":"https:\/\/www.info-algerie.com\/actualites\/","logo":{"@type":"ImageObject","inLanguage":"fr-FR","@id":"https:\/\/www.info-algerie.com\/actualites\/#\/schema\/logo\/image\/","url":"https:\/\/www.info-algerie.com\/actualites\/wp-content\/uploads\/2022\/07\/logo-ia-120.png","contentUrl":"https:\/\/www.info-algerie.com\/actualites\/wp-content\/uploads\/2022\/07\/logo-ia-120.png","width":120,"height":43,"caption":"info algerie"},"image":{"@id":"https:\/\/www.info-algerie.com\/actualites\/#\/schema\/logo\/image\/"},"sameAs":["https:\/\/www.facebook.com\/infoalgerieactu","https:\/\/x.com\/infoalgerie1"]},{"@type":"Person","@id":"https:\/\/www.info-algerie.com\/actualites\/#\/schema\/person\/847aaec44920825b843a08f30ec6aa1e","name":"La r\u00e9daction","image":{"@type":"ImageObject","inLanguage":"fr-FR","@id":"https:\/\/secure.gravatar.com\/avatar\/769db425c6f465158149f1ffd6cf61ce7a8a879d11dfbef8288af36dfddd418c?s=96&d=mm&r=g","url":"https:\/\/secure.gravatar.com\/avatar\/769db425c6f465158149f1ffd6cf61ce7a8a879d11dfbef8288af36dfddd418c?s=96&d=mm&r=g","contentUrl":"https:\/\/secure.gravatar.com\/avatar\/769db425c6f465158149f1ffd6cf61ce7a8a879d11dfbef8288af36dfddd418c?s=96&d=mm&r=g","caption":"La r\u00e9daction"},"sameAs":["http:\/\/www.lkeria.com\/"],"url":"https:\/\/www.info-algerie.com\/actualites\/author\/chakib32\/"}]}},"_links":{"self":[{"href":"https:\/\/www.info-algerie.com\/actualites\/wp-json\/wp\/v2\/posts\/26762","targetHints":{"allow":["GET"]}}],"collection":[{"href":"https:\/\/www.info-algerie.com\/actualites\/wp-json\/wp\/v2\/posts"}],"about":[{"href":"https:\/\/www.info-algerie.com\/actualites\/wp-json\/wp\/v2\/types\/post"}],"author":[{"embeddable":true,"href":"https:\/\/www.info-algerie.com\/actualites\/wp-json\/wp\/v2\/users\/6"}],"replies":[{"embeddable":true,"href":"https:\/\/www.info-algerie.com\/actualites\/wp-json\/wp\/v2\/comments?post=26762"}],"version-history":[{"count":2,"href":"https:\/\/www.info-algerie.com\/actualites\/wp-json\/wp\/v2\/posts\/26762\/revisions"}],"predecessor-version":[{"id":26842,"href":"https:\/\/www.info-algerie.com\/actualites\/wp-json\/wp\/v2\/posts\/26762\/revisions\/26842"}],"wp:featuredmedia":[{"embeddable":true,"href":"https:\/\/www.info-algerie.com\/actualites\/wp-json\/wp\/v2\/media\/26841"}],"wp:attachment":[{"href":"https:\/\/www.info-algerie.com\/actualites\/wp-json\/wp\/v2\/media?parent=26762"}],"wp:term":[{"taxonomy":"category","embeddable":true,"href":"https:\/\/www.info-algerie.com\/actualites\/wp-json\/wp\/v2\/categories?post=26762"},{"taxonomy":"post_tag","embeddable":true,"href":"https:\/\/www.info-algerie.com\/actualites\/wp-json\/wp\/v2\/tags?post=26762"}],"curies":[{"name":"wp","href":"https:\/\/api.w.org\/{rel}","templated":true}]}}