{"id":26772,"date":"2018-09-03T16:22:20","date_gmt":"2018-09-03T15:22:20","guid":{"rendered":"https:\/\/www.info-algerie.com\/actualites\/bouhadja-appelle-les-algeriens-a-davantage-de-mobilisation-et-de-vigilance-face-aux-multiples-defis\/"},"modified":"2022-02-10T07:39:22","modified_gmt":"2022-02-10T06:39:22","slug":"bouhadja-appelle-les-algeriens-a-davantage-de-mobilisation-et-de-vigilance-face-aux-multiples-defis","status":"publish","type":"post","link":"https:\/\/www.info-algerie.com\/actualites\/bouhadja-appelle-les-algeriens-a-davantage-de-mobilisation-et-de-vigilance-face-aux-multiples-defis\/","title":{"rendered":"Bouhadja appelle les Alg\u00e9riens \u00e0 davantage de mobilisation et de vigilance face aux d\u00e9fis"},"content":{"rendered":"<div class=\"K2FeedImage\"><\/div>\n<div class=\"K2FeedIntroText\">\n<p>Le pr\u00e9sident de l&rsquo;Assembl\u00e9e populaire nationale (APN) Sa\u00efd Bouhadja a appel\u00e9, lundi \u00e0 Alger, les Alg\u00e9riens \u00e0 davantage de mobilisation et de vigilance dans le cadre d&rsquo;un \u00ab\u00a0front populaire solide\u00a0\u00bb en vue de faire face aux d\u00e9fis r\u00e9gionaux et internationaux.<\/p>\n<p>L&rsquo;Alg\u00e9rie est aujourd&rsquo;hui face \u00e0 de grands d\u00e9fis r\u00e9gionaux et internationaux qui n\u00e9cessitent \u00ab\u00a0davantage de mobilisation, de solidarit\u00e9, le raffermissement des rangs et plus de vigilance et de prudence dans le cadre d&rsquo;un front populaire solide\u00a0\u00bb, a indiqu\u00e9 M. Bouhadja dans une allocution d&rsquo;ouverture de la session ordinaire de l&rsquo;APN, soulignant que ce front garantira la s\u00e9curit\u00e9 de l&rsquo;Alg\u00e9rie et lui permettre de faire face aux man\u0153uvres politiciennes et aux diff\u00e9rents fl\u00e9aux, notamment la corruption et la drogue\u00a0\u00bb.<\/p>\n<\/div>\n<div class=\"K2FeedFullText\">\n<blockquote><p><em><strong>Mettant en avant l&rsquo;imp\u00e9ratif de \u00ab\u00a0faire preuve de vigilance et de prudence\u00a0\u00bb, il a appel\u00e9, dans ce contexte, \u00e0 \u00ab\u00a0une mobilisation totale, tant de la part des parlementaires, que des partis, de la soci\u00e9t\u00e9 civile et des comp\u00e9tences nationales afin de pr\u00e9server la s\u00e9curit\u00e9, la stabilit\u00e9 et l&rsquo;int\u00e9grit\u00e9 de notre pays\u00a0\u00bb.<\/strong><\/em><\/p><\/blockquote>\n<p>Bouhadja a appel\u00e9, en outre, les d\u00e9put\u00e9s \u00e0 mettre leur \u00e9nergie au service de la patrie et du peuple, particuli\u00e8rement en cette conjoncture qui \u00ab\u00a0conna\u00eet des difficult\u00e9s financi\u00e8res et \u00e9conomiques\u00a0\u00bb, en sus de vivre dans \u00ab\u00a0dans un environnement r\u00e9gional accabl\u00e9 par les crises et les conflits, dont certains affectent notre voisinage imm\u00e9diat\u00a0\u00bb.<\/p>\n<p>&nbsp;<\/p>\n<hr \/>\n<p>Lire aussi:\u00a0<a href=\"http:\/\/www.aps.dz\/algerie\/78107-bouhadja-l-algerie-refuse-que-sa-politique-et-ses-choix-lui-soient-dictes\">Bouhadja: l&rsquo;Alg\u00e9rie refuse que sa politique et ses choix lui soient dict\u00e9s<\/a><\/p>\n<p>&nbsp;<\/p>\n<p>Il a tenu a soulign\u00e9, \u00e0 ce propos, que \u00ab\u00a0l&rsquo;APN est, elle m\u00eame, au c\u0153ur de cette mobilisation nationale, de par la pluralit\u00e9 de sa composante, ses \u00e9nergies et ses comp\u00e9tences, et de par la conscience collective et la responsabilit\u00e9 nationale dont font preuve ses membres\u00a0\u00bb.<\/p>\n<blockquote><p><em><strong>Relevant que la sc\u00e8ne politique se caract\u00e9rise par \u00ab\u00a0la diversit\u00e9 et la confrontation des id\u00e9es et des programmes et par l&rsquo;ambition d&rsquo;acc\u00e9der au pouvoir\u00a0\u00bb, M. Bouahadja a estim\u00e9 cependant que \u00ab\u00a0lorsqu&rsquo;il s&rsquo;agit des grandes causes nationales, l&rsquo;int\u00e9r\u00eat supr\u00eame de l&rsquo;Alg\u00e9rie doit \u00eatre plac\u00e9 au-dessus de toute autre consid\u00e9ration avec tout ce que cela implique en termes<\/strong><\/em><\/p>\n<p>&nbsp;<\/p><\/blockquote>\n<p>d&rsquo;unit\u00e9 de rangs, de conjugaison des efforts et de bannissement de controverses st\u00e9riles et d&rsquo;int\u00e9r\u00eats \u00e9troits\u00a0\u00bb.<\/p>\n<p>A ce propos, M. Bouhadja a rappel\u00e9 les orientations du pr\u00e9sident de la R\u00e9publique Abdelaziz Bouteflika dans son message \u00e0 l&rsquo;occasion de la c\u00e9l\u00e9bration de la Journ\u00e9e nationale du Moudjahid.<\/p>\n<p>Qualifiant ce message de \u00ab\u00a0r\u00e9f\u00e9rence\u00a0\u00bb, M. Bouhadja a mis en avant \u00ab\u00a0la clairvoyance et la vision prospective\u00a0\u00bb qu&rsquo;il v\u00e9hicule en mettant l&rsquo;accent sur la n\u00e9cessit\u00e9 de prot\u00e9ger les acquis de la libert\u00e9 et de l&rsquo;ind\u00e9pendance, de la construction et de l&rsquo;\u00e9dification, en vue d&rsquo;assurer la poursuite du processus de construction et de consolider la s\u00e9curit\u00e9, la stabilit\u00e9 et la r\u00e9sistance de l&rsquo;Alg\u00e9rie face aux man\u0153uvres internes et menaces externes\u00a0\u00bb.<\/p>\n<\/div>\n<p>Source: <a href=\"http:\/\/www.aps.dz\/algerie\/78118-bouhadja-appelle-les-algeriens-a-davantage-de-mobilisation-et-de-vigilance-face-aux-multiples-defis\" target=\"_blank\" rel=\"noopener\">Bouhadja appelle les Alg\u00e9riens \u00e0 davantage de mobilisation et de vigilance face aux multiples d\u00e9fis<\/a><\/p>\n<!--CusAds0-->\n<div style=\"font-size: 0px; height: 0px; line-height: 0px; margin: 0; padding: 0; clear: both;\"><\/div>","protected":false},"excerpt":{"rendered":"<p>Le pr\u00e9sident de l&rsquo;Assembl\u00e9e populaire nationale (APN) Sa\u00efd Bouhadja a appel\u00e9, lundi \u00e0 Alger, les Alg\u00e9riens \u00e0 davantage de mobilisation et de vigilance dans le cadre d&rsquo;un \u00ab\u00a0front populaire solide\u00a0\u00bb en vue de faire face aux d\u00e9fis r\u00e9gionaux et internationaux. L&rsquo;Alg\u00e9rie est aujourd&rsquo;hui face \u00e0 de grands d\u00e9fis r\u00e9gionaux et internationaux qui n\u00e9cessitent \u00ab\u00a0davantage de<\/p>\n","protected":false},"author":6,"featured_media":26804,"comment_status":"open","ping_status":"open","sticky":false,"template":"","format":"standard","meta":{"footnotes":""},"categories":[7],"tags":[151,150],"class_list":["post-26772","post","type-post","status-publish","format-standard","has-post-thumbnail","hentry","category-politique","tag-apn","tag-bouhadja"],"yoast_head":"<!-- This site is optimized with the Yoast SEO plugin v27.5 - https:\/\/yoast.com\/product\/yoast-seo-wordpress\/ -->\n<title>Bouhadja appelle les Alg\u00e9riens \u00e0 davantage de mobilisation et de vigilance<\/title>\n<meta name=\"description\" content=\"Le pr\u00e9sident de l&#039;Assembl\u00e9e populaire nationale (APN) Sa\u00efd Bouhadja a appel\u00e9, lundi \u00e0 Alger, les Alg\u00e9riens \u00e0 davantage de mobilisation et de vigilance dans le cadre d&#039;un &quot;front populaire solide&quot; en vue de faire face aux d\u00e9fis r\u00e9gionaux et internationaux.\" \/>\n<meta name=\"robots\" content=\"index, follow, max-snippet:-1, max-image-preview:large, max-video-preview:-1\" \/>\n<link rel=\"canonical\" href=\"https:\/\/www.info-algerie.com\/actualites\/bouhadja-appelle-les-algeriens-a-davantage-de-mobilisation-et-de-vigilance-face-aux-multiples-defis\/\" \/>\n<meta property=\"og:locale\" content=\"fr_FR\" \/>\n<meta property=\"og:type\" content=\"article\" \/>\n<meta property=\"og:title\" content=\"Bouhadja appelle les Alg\u00e9riens \u00e0 davantage de mobilisation et de vigilance\" \/>\n<meta property=\"og:description\" content=\"Le pr\u00e9sident de l&#039;Assembl\u00e9e populaire nationale (APN) Sa\u00efd Bouhadja a appel\u00e9, lundi \u00e0 Alger, les Alg\u00e9riens \u00e0 davantage de mobilisation et de vigilance dans le cadre d&#039;un &quot;front populaire solide&quot; en vue de faire face aux d\u00e9fis r\u00e9gionaux et internationaux.\" \/>\n<meta property=\"og:url\" content=\"https:\/\/www.info-algerie.com\/actualites\/bouhadja-appelle-les-algeriens-a-davantage-de-mobilisation-et-de-vigilance-face-aux-multiples-defis\/\" \/>\n<meta property=\"og:site_name\" content=\"info algerie\" \/>\n<meta property=\"article:publisher\" content=\"https:\/\/www.facebook.com\/infoalgerieactu\" \/>\n<meta property=\"article:published_time\" content=\"2018-09-03T15:22:20+00:00\" \/>\n<meta property=\"article:modified_time\" content=\"2022-02-10T06:39:22+00:00\" \/>\n<meta property=\"og:image\" content=\"https:\/\/www.info-algerie.com\/actualites\/wp-content\/uploads\/2018\/09\/Bouhadja.jpg\" \/>\n\t<meta property=\"og:image:width\" content=\"580\" \/>\n\t<meta property=\"og:image:height\" content=\"350\" \/>\n\t<meta property=\"og:image:type\" content=\"image\/jpeg\" \/>\n<meta name=\"author\" content=\"La r\u00e9daction\" \/>\n<meta name=\"twitter:label1\" content=\"\u00c9crit par\" \/>\n\t<meta name=\"twitter:data1\" content=\"La r\u00e9daction\" \/>\n\t<meta name=\"twitter:label2\" content=\"Dur\u00e9e de lecture estim\u00e9e\" \/>\n\t<meta name=\"twitter:data2\" content=\"3 minutes\" \/>\n<script type=\"application\/ld+json\" class=\"yoast-schema-graph\">{\"@context\":\"https:\\\/\\\/schema.org\",\"@graph\":[{\"@type\":\"Article\",\"@id\":\"https:\\\/\\\/www.info-algerie.com\\\/actualites\\\/bouhadja-appelle-les-algeriens-a-davantage-de-mobilisation-et-de-vigilance-face-aux-multiples-defis\\\/#article\",\"isPartOf\":{\"@id\":\"https:\\\/\\\/www.info-algerie.com\\\/actualites\\\/bouhadja-appelle-les-algeriens-a-davantage-de-mobilisation-et-de-vigilance-face-aux-multiples-defis\\\/\"},\"author\":{\"name\":\"La r\u00e9daction\",\"@id\":\"https:\\\/\\\/www.info-algerie.com\\\/actualites\\\/#\\\/schema\\\/person\\\/847aaec44920825b843a08f30ec6aa1e\"},\"headline\":\"Bouhadja appelle les Alg\u00e9riens \u00e0 davantage de mobilisation et de vigilance face aux d\u00e9fis\",\"datePublished\":\"2018-09-03T15:22:20+00:00\",\"dateModified\":\"2022-02-10T06:39:22+00:00\",\"mainEntityOfPage\":{\"@id\":\"https:\\\/\\\/www.info-algerie.com\\\/actualites\\\/bouhadja-appelle-les-algeriens-a-davantage-de-mobilisation-et-de-vigilance-face-aux-multiples-defis\\\/\"},\"wordCount\":568,\"commentCount\":0,\"publisher\":{\"@id\":\"https:\\\/\\\/www.info-algerie.com\\\/actualites\\\/#organization\"},\"image\":{\"@id\":\"https:\\\/\\\/www.info-algerie.com\\\/actualites\\\/bouhadja-appelle-les-algeriens-a-davantage-de-mobilisation-et-de-vigilance-face-aux-multiples-defis\\\/#primaryimage\"},\"thumbnailUrl\":\"https:\\\/\\\/www.info-algerie.com\\\/actualites\\\/wp-content\\\/uploads\\\/2018\\\/09\\\/Bouhadja.jpg\",\"keywords\":[\"APN\",\"Bouhadja\"],\"articleSection\":[\"Politique\"],\"inLanguage\":\"fr-FR\",\"potentialAction\":[{\"@type\":\"CommentAction\",\"name\":\"Comment\",\"target\":[\"https:\\\/\\\/www.info-algerie.com\\\/actualites\\\/bouhadja-appelle-les-algeriens-a-davantage-de-mobilisation-et-de-vigilance-face-aux-multiples-defis\\\/#respond\"]}]},{\"@type\":\"WebPage\",\"@id\":\"https:\\\/\\\/www.info-algerie.com\\\/actualites\\\/bouhadja-appelle-les-algeriens-a-davantage-de-mobilisation-et-de-vigilance-face-aux-multiples-defis\\\/\",\"url\":\"https:\\\/\\\/www.info-algerie.com\\\/actualites\\\/bouhadja-appelle-les-algeriens-a-davantage-de-mobilisation-et-de-vigilance-face-aux-multiples-defis\\\/\",\"name\":\"Bouhadja appelle les Alg\u00e9riens \u00e0 davantage de mobilisation et de vigilance\",\"isPartOf\":{\"@id\":\"https:\\\/\\\/www.info-algerie.com\\\/actualites\\\/#website\"},\"primaryImageOfPage\":{\"@id\":\"https:\\\/\\\/www.info-algerie.com\\\/actualites\\\/bouhadja-appelle-les-algeriens-a-davantage-de-mobilisation-et-de-vigilance-face-aux-multiples-defis\\\/#primaryimage\"},\"image\":{\"@id\":\"https:\\\/\\\/www.info-algerie.com\\\/actualites\\\/bouhadja-appelle-les-algeriens-a-davantage-de-mobilisation-et-de-vigilance-face-aux-multiples-defis\\\/#primaryimage\"},\"thumbnailUrl\":\"https:\\\/\\\/www.info-algerie.com\\\/actualites\\\/wp-content\\\/uploads\\\/2018\\\/09\\\/Bouhadja.jpg\",\"datePublished\":\"2018-09-03T15:22:20+00:00\",\"dateModified\":\"2022-02-10T06:39:22+00:00\",\"description\":\"Le pr\u00e9sident de l'Assembl\u00e9e populaire nationale (APN) Sa\u00efd Bouhadja a appel\u00e9, lundi \u00e0 Alger, les Alg\u00e9riens \u00e0 davantage de mobilisation et de vigilance dans le cadre d'un \\\"front populaire solide\\\" en vue de faire face aux d\u00e9fis r\u00e9gionaux et internationaux.\",\"breadcrumb\":{\"@id\":\"https:\\\/\\\/www.info-algerie.com\\\/actualites\\\/bouhadja-appelle-les-algeriens-a-davantage-de-mobilisation-et-de-vigilance-face-aux-multiples-defis\\\/#breadcrumb\"},\"inLanguage\":\"fr-FR\",\"potentialAction\":[{\"@type\":\"ReadAction\",\"target\":[\"https:\\\/\\\/www.info-algerie.com\\\/actualites\\\/bouhadja-appelle-les-algeriens-a-davantage-de-mobilisation-et-de-vigilance-face-aux-multiples-defis\\\/\"]}]},{\"@type\":\"ImageObject\",\"inLanguage\":\"fr-FR\",\"@id\":\"https:\\\/\\\/www.info-algerie.com\\\/actualites\\\/bouhadja-appelle-les-algeriens-a-davantage-de-mobilisation-et-de-vigilance-face-aux-multiples-defis\\\/#primaryimage\",\"url\":\"https:\\\/\\\/www.info-algerie.com\\\/actualites\\\/wp-content\\\/uploads\\\/2018\\\/09\\\/Bouhadja.jpg\",\"contentUrl\":\"https:\\\/\\\/www.info-algerie.com\\\/actualites\\\/wp-content\\\/uploads\\\/2018\\\/09\\\/Bouhadja.jpg\",\"width\":580,\"height\":350,\"caption\":\"Bouhadja\"},{\"@type\":\"BreadcrumbList\",\"@id\":\"https:\\\/\\\/www.info-algerie.com\\\/actualites\\\/bouhadja-appelle-les-algeriens-a-davantage-de-mobilisation-et-de-vigilance-face-aux-multiples-defis\\\/#breadcrumb\",\"itemListElement\":[{\"@type\":\"ListItem\",\"position\":1,\"name\":\"Accueil\",\"item\":\"https:\\\/\\\/www.info-algerie.com\\\/actualites\\\/\"},{\"@type\":\"ListItem\",\"position\":2,\"name\":\"Bouhadja appelle les Alg\u00e9riens \u00e0 davantage de mobilisation et de vigilance face aux d\u00e9fis\"}]},{\"@type\":\"WebSite\",\"@id\":\"https:\\\/\\\/www.info-algerie.com\\\/actualites\\\/#website\",\"url\":\"https:\\\/\\\/www.info-algerie.com\\\/actualites\\\/\",\"name\":\"info algerie\",\"description\":\"Toutes les actualit\u00e9s\",\"publisher\":{\"@id\":\"https:\\\/\\\/www.info-algerie.com\\\/actualites\\\/#organization\"},\"potentialAction\":[{\"@type\":\"SearchAction\",\"target\":{\"@type\":\"EntryPoint\",\"urlTemplate\":\"https:\\\/\\\/www.info-algerie.com\\\/actualites\\\/?s={search_term_string}\"},\"query-input\":{\"@type\":\"PropertyValueSpecification\",\"valueRequired\":true,\"valueName\":\"search_term_string\"}}],\"inLanguage\":\"fr-FR\"},{\"@type\":\"Organization\",\"@id\":\"https:\\\/\\\/www.info-algerie.com\\\/actualites\\\/#organization\",\"name\":\"info algerie\",\"url\":\"https:\\\/\\\/www.info-algerie.com\\\/actualites\\\/\",\"logo\":{\"@type\":\"ImageObject\",\"inLanguage\":\"fr-FR\",\"@id\":\"https:\\\/\\\/www.info-algerie.com\\\/actualites\\\/#\\\/schema\\\/logo\\\/image\\\/\",\"url\":\"https:\\\/\\\/www.info-algerie.com\\\/actualites\\\/wp-content\\\/uploads\\\/2022\\\/07\\\/logo-ia-120.png\",\"contentUrl\":\"https:\\\/\\\/www.info-algerie.com\\\/actualites\\\/wp-content\\\/uploads\\\/2022\\\/07\\\/logo-ia-120.png\",\"width\":120,\"height\":43,\"caption\":\"info algerie\"},\"image\":{\"@id\":\"https:\\\/\\\/www.info-algerie.com\\\/actualites\\\/#\\\/schema\\\/logo\\\/image\\\/\"},\"sameAs\":[\"https:\\\/\\\/www.facebook.com\\\/infoalgerieactu\",\"https:\\\/\\\/x.com\\\/infoalgerie1\"]},{\"@type\":\"Person\",\"@id\":\"https:\\\/\\\/www.info-algerie.com\\\/actualites\\\/#\\\/schema\\\/person\\\/847aaec44920825b843a08f30ec6aa1e\",\"name\":\"La r\u00e9daction\",\"image\":{\"@type\":\"ImageObject\",\"inLanguage\":\"fr-FR\",\"@id\":\"https:\\\/\\\/secure.gravatar.com\\\/avatar\\\/769db425c6f465158149f1ffd6cf61ce7a8a879d11dfbef8288af36dfddd418c?s=96&d=mm&r=g\",\"url\":\"https:\\\/\\\/secure.gravatar.com\\\/avatar\\\/769db425c6f465158149f1ffd6cf61ce7a8a879d11dfbef8288af36dfddd418c?s=96&d=mm&r=g\",\"contentUrl\":\"https:\\\/\\\/secure.gravatar.com\\\/avatar\\\/769db425c6f465158149f1ffd6cf61ce7a8a879d11dfbef8288af36dfddd418c?s=96&d=mm&r=g\",\"caption\":\"La r\u00e9daction\"},\"sameAs\":[\"http:\\\/\\\/www.lkeria.com\\\/\"],\"url\":\"https:\\\/\\\/www.info-algerie.com\\\/actualites\\\/author\\\/chakib32\\\/\"}]}<\/script>\n<!-- \/ Yoast SEO plugin. -->","yoast_head_json":{"title":"Bouhadja appelle les Alg\u00e9riens \u00e0 davantage de mobilisation et de vigilance","description":"Le pr\u00e9sident de l'Assembl\u00e9e populaire nationale (APN) Sa\u00efd Bouhadja a appel\u00e9, lundi \u00e0 Alger, les Alg\u00e9riens \u00e0 davantage de mobilisation et de vigilance dans le cadre d'un \"front populaire solide\" en vue de faire face aux d\u00e9fis r\u00e9gionaux et internationaux.","robots":{"index":"index","follow":"follow","max-snippet":"max-snippet:-1","max-image-preview":"max-image-preview:large","max-video-preview":"max-video-preview:-1"},"canonical":"https:\/\/www.info-algerie.com\/actualites\/bouhadja-appelle-les-algeriens-a-davantage-de-mobilisation-et-de-vigilance-face-aux-multiples-defis\/","og_locale":"fr_FR","og_type":"article","og_title":"Bouhadja appelle les Alg\u00e9riens \u00e0 davantage de mobilisation et de vigilance","og_description":"Le pr\u00e9sident de l'Assembl\u00e9e populaire nationale (APN) Sa\u00efd Bouhadja a appel\u00e9, lundi \u00e0 Alger, les Alg\u00e9riens \u00e0 davantage de mobilisation et de vigilance dans le cadre d'un \"front populaire solide\" en vue de faire face aux d\u00e9fis r\u00e9gionaux et internationaux.","og_url":"https:\/\/www.info-algerie.com\/actualites\/bouhadja-appelle-les-algeriens-a-davantage-de-mobilisation-et-de-vigilance-face-aux-multiples-defis\/","og_site_name":"info algerie","article_publisher":"https:\/\/www.facebook.com\/infoalgerieactu","article_published_time":"2018-09-03T15:22:20+00:00","article_modified_time":"2022-02-10T06:39:22+00:00","og_image":[{"width":580,"height":350,"url":"https:\/\/www.info-algerie.com\/actualites\/wp-content\/uploads\/2018\/09\/Bouhadja.jpg","type":"image\/jpeg"}],"author":"La r\u00e9daction","twitter_misc":{"\u00c9crit par":"La r\u00e9daction","Dur\u00e9e de lecture estim\u00e9e":"3 minutes"},"schema":{"@context":"https:\/\/schema.org","@graph":[{"@type":"Article","@id":"https:\/\/www.info-algerie.com\/actualites\/bouhadja-appelle-les-algeriens-a-davantage-de-mobilisation-et-de-vigilance-face-aux-multiples-defis\/#article","isPartOf":{"@id":"https:\/\/www.info-algerie.com\/actualites\/bouhadja-appelle-les-algeriens-a-davantage-de-mobilisation-et-de-vigilance-face-aux-multiples-defis\/"},"author":{"name":"La r\u00e9daction","@id":"https:\/\/www.info-algerie.com\/actualites\/#\/schema\/person\/847aaec44920825b843a08f30ec6aa1e"},"headline":"Bouhadja appelle les Alg\u00e9riens \u00e0 davantage de mobilisation et de vigilance face aux d\u00e9fis","datePublished":"2018-09-03T15:22:20+00:00","dateModified":"2022-02-10T06:39:22+00:00","mainEntityOfPage":{"@id":"https:\/\/www.info-algerie.com\/actualites\/bouhadja-appelle-les-algeriens-a-davantage-de-mobilisation-et-de-vigilance-face-aux-multiples-defis\/"},"wordCount":568,"commentCount":0,"publisher":{"@id":"https:\/\/www.info-algerie.com\/actualites\/#organization"},"image":{"@id":"https:\/\/www.info-algerie.com\/actualites\/bouhadja-appelle-les-algeriens-a-davantage-de-mobilisation-et-de-vigilance-face-aux-multiples-defis\/#primaryimage"},"thumbnailUrl":"https:\/\/www.info-algerie.com\/actualites\/wp-content\/uploads\/2018\/09\/Bouhadja.jpg","keywords":["APN","Bouhadja"],"articleSection":["Politique"],"inLanguage":"fr-FR","potentialAction":[{"@type":"CommentAction","name":"Comment","target":["https:\/\/www.info-algerie.com\/actualites\/bouhadja-appelle-les-algeriens-a-davantage-de-mobilisation-et-de-vigilance-face-aux-multiples-defis\/#respond"]}]},{"@type":"WebPage","@id":"https:\/\/www.info-algerie.com\/actualites\/bouhadja-appelle-les-algeriens-a-davantage-de-mobilisation-et-de-vigilance-face-aux-multiples-defis\/","url":"https:\/\/www.info-algerie.com\/actualites\/bouhadja-appelle-les-algeriens-a-davantage-de-mobilisation-et-de-vigilance-face-aux-multiples-defis\/","name":"Bouhadja appelle les Alg\u00e9riens \u00e0 davantage de mobilisation et de vigilance","isPartOf":{"@id":"https:\/\/www.info-algerie.com\/actualites\/#website"},"primaryImageOfPage":{"@id":"https:\/\/www.info-algerie.com\/actualites\/bouhadja-appelle-les-algeriens-a-davantage-de-mobilisation-et-de-vigilance-face-aux-multiples-defis\/#primaryimage"},"image":{"@id":"https:\/\/www.info-algerie.com\/actualites\/bouhadja-appelle-les-algeriens-a-davantage-de-mobilisation-et-de-vigilance-face-aux-multiples-defis\/#primaryimage"},"thumbnailUrl":"https:\/\/www.info-algerie.com\/actualites\/wp-content\/uploads\/2018\/09\/Bouhadja.jpg","datePublished":"2018-09-03T15:22:20+00:00","dateModified":"2022-02-10T06:39:22+00:00","description":"Le pr\u00e9sident de l'Assembl\u00e9e populaire nationale (APN) Sa\u00efd Bouhadja a appel\u00e9, lundi \u00e0 Alger, les Alg\u00e9riens \u00e0 davantage de mobilisation et de vigilance dans le cadre d'un \"front populaire solide\" en vue de faire face aux d\u00e9fis r\u00e9gionaux et internationaux.","breadcrumb":{"@id":"https:\/\/www.info-algerie.com\/actualites\/bouhadja-appelle-les-algeriens-a-davantage-de-mobilisation-et-de-vigilance-face-aux-multiples-defis\/#breadcrumb"},"inLanguage":"fr-FR","potentialAction":[{"@type":"ReadAction","target":["https:\/\/www.info-algerie.com\/actualites\/bouhadja-appelle-les-algeriens-a-davantage-de-mobilisation-et-de-vigilance-face-aux-multiples-defis\/"]}]},{"@type":"ImageObject","inLanguage":"fr-FR","@id":"https:\/\/www.info-algerie.com\/actualites\/bouhadja-appelle-les-algeriens-a-davantage-de-mobilisation-et-de-vigilance-face-aux-multiples-defis\/#primaryimage","url":"https:\/\/www.info-algerie.com\/actualites\/wp-content\/uploads\/2018\/09\/Bouhadja.jpg","contentUrl":"https:\/\/www.info-algerie.com\/actualites\/wp-content\/uploads\/2018\/09\/Bouhadja.jpg","width":580,"height":350,"caption":"Bouhadja"},{"@type":"BreadcrumbList","@id":"https:\/\/www.info-algerie.com\/actualites\/bouhadja-appelle-les-algeriens-a-davantage-de-mobilisation-et-de-vigilance-face-aux-multiples-defis\/#breadcrumb","itemListElement":[{"@type":"ListItem","position":1,"name":"Accueil","item":"https:\/\/www.info-algerie.com\/actualites\/"},{"@type":"ListItem","position":2,"name":"Bouhadja appelle les Alg\u00e9riens \u00e0 davantage de mobilisation et de vigilance face aux d\u00e9fis"}]},{"@type":"WebSite","@id":"https:\/\/www.info-algerie.com\/actualites\/#website","url":"https:\/\/www.info-algerie.com\/actualites\/","name":"info algerie","description":"Toutes les actualit\u00e9s","publisher":{"@id":"https:\/\/www.info-algerie.com\/actualites\/#organization"},"potentialAction":[{"@type":"SearchAction","target":{"@type":"EntryPoint","urlTemplate":"https:\/\/www.info-algerie.com\/actualites\/?s={search_term_string}"},"query-input":{"@type":"PropertyValueSpecification","valueRequired":true,"valueName":"search_term_string"}}],"inLanguage":"fr-FR"},{"@type":"Organization","@id":"https:\/\/www.info-algerie.com\/actualites\/#organization","name":"info algerie","url":"https:\/\/www.info-algerie.com\/actualites\/","logo":{"@type":"ImageObject","inLanguage":"fr-FR","@id":"https:\/\/www.info-algerie.com\/actualites\/#\/schema\/logo\/image\/","url":"https:\/\/www.info-algerie.com\/actualites\/wp-content\/uploads\/2022\/07\/logo-ia-120.png","contentUrl":"https:\/\/www.info-algerie.com\/actualites\/wp-content\/uploads\/2022\/07\/logo-ia-120.png","width":120,"height":43,"caption":"info algerie"},"image":{"@id":"https:\/\/www.info-algerie.com\/actualites\/#\/schema\/logo\/image\/"},"sameAs":["https:\/\/www.facebook.com\/infoalgerieactu","https:\/\/x.com\/infoalgerie1"]},{"@type":"Person","@id":"https:\/\/www.info-algerie.com\/actualites\/#\/schema\/person\/847aaec44920825b843a08f30ec6aa1e","name":"La r\u00e9daction","image":{"@type":"ImageObject","inLanguage":"fr-FR","@id":"https:\/\/secure.gravatar.com\/avatar\/769db425c6f465158149f1ffd6cf61ce7a8a879d11dfbef8288af36dfddd418c?s=96&d=mm&r=g","url":"https:\/\/secure.gravatar.com\/avatar\/769db425c6f465158149f1ffd6cf61ce7a8a879d11dfbef8288af36dfddd418c?s=96&d=mm&r=g","contentUrl":"https:\/\/secure.gravatar.com\/avatar\/769db425c6f465158149f1ffd6cf61ce7a8a879d11dfbef8288af36dfddd418c?s=96&d=mm&r=g","caption":"La r\u00e9daction"},"sameAs":["http:\/\/www.lkeria.com\/"],"url":"https:\/\/www.info-algerie.com\/actualites\/author\/chakib32\/"}]}},"_links":{"self":[{"href":"https:\/\/www.info-algerie.com\/actualites\/wp-json\/wp\/v2\/posts\/26772","targetHints":{"allow":["GET"]}}],"collection":[{"href":"https:\/\/www.info-algerie.com\/actualites\/wp-json\/wp\/v2\/posts"}],"about":[{"href":"https:\/\/www.info-algerie.com\/actualites\/wp-json\/wp\/v2\/types\/post"}],"author":[{"embeddable":true,"href":"https:\/\/www.info-algerie.com\/actualites\/wp-json\/wp\/v2\/users\/6"}],"replies":[{"embeddable":true,"href":"https:\/\/www.info-algerie.com\/actualites\/wp-json\/wp\/v2\/comments?post=26772"}],"version-history":[{"count":2,"href":"https:\/\/www.info-algerie.com\/actualites\/wp-json\/wp\/v2\/posts\/26772\/revisions"}],"predecessor-version":[{"id":26805,"href":"https:\/\/www.info-algerie.com\/actualites\/wp-json\/wp\/v2\/posts\/26772\/revisions\/26805"}],"wp:featuredmedia":[{"embeddable":true,"href":"https:\/\/www.info-algerie.com\/actualites\/wp-json\/wp\/v2\/media\/26804"}],"wp:attachment":[{"href":"https:\/\/www.info-algerie.com\/actualites\/wp-json\/wp\/v2\/media?parent=26772"}],"wp:term":[{"taxonomy":"category","embeddable":true,"href":"https:\/\/www.info-algerie.com\/actualites\/wp-json\/wp\/v2\/categories?post=26772"},{"taxonomy":"post_tag","embeddable":true,"href":"https:\/\/www.info-algerie.com\/actualites\/wp-json\/wp\/v2\/tags?post=26772"}],"curies":[{"name":"wp","href":"https:\/\/api.w.org\/{rel}","templated":true}]}}