{"id":268,"date":"2015-08-26T17:28:16","date_gmt":"2015-08-26T16:28:16","guid":{"rendered":"http:\/\/www.info-algerie.com\/actualites\/bedoui-sentretient-avec-la-directrice-executive-du-fnud\/"},"modified":"2015-08-28T11:01:03","modified_gmt":"2015-08-28T10:01:03","slug":"bedoui-sentretient-avec-la-directrice-executive-du-fnud","status":"publish","type":"post","link":"https:\/\/www.info-algerie.com\/actualites\/bedoui-sentretient-avec-la-directrice-executive-du-fnud\/","title":{"rendered":"Bedoui s&rsquo;entretient avec la directrice ex\u00e9cutive du FNUD"},"content":{"rendered":"<div class=\"K2FeedImage\" style=\"text-align: justify;\"><a href=\"https:\/\/www.info-algerie.com\/actualites\/wp-content\/uploads\/2015\/08\/directrice-ex\u00e9cutive-du-FNUD.jpg\"><img loading=\"lazy\" decoding=\"async\" class=\" wp-image-303 alignleft\" src=\"https:\/\/www.info-algerie.com\/actualites\/wp-content\/uploads\/2015\/08\/directrice-ex\u00e9cutive-du-FNUD-300x169.jpg\" alt=\"directrice ex\u00e9cutive du FNUD\" width=\"128\" height=\"72\" srcset=\"https:\/\/www.info-algerie.com\/actualites\/wp-content\/uploads\/2015\/08\/directrice-ex\u00e9cutive-du-FNUD-300x169.jpg 300w, https:\/\/www.info-algerie.com\/actualites\/wp-content\/uploads\/2015\/08\/directrice-ex\u00e9cutive-du-FNUD.jpg 900w\" sizes=\"auto, (max-width: 128px) 100vw, 128px\" \/><\/a>Le ministre de l&rsquo;Int\u00e9rieur et des Collectivit\u00e9s locales, Noureddine Bedoui, a re\u00e7u mercredi \u00e0 Alger, la directrice ex\u00e9cutive du Fonds des Nations Unies pour la d\u00e9mocratie (FNUD), Annika Saville, en visite en Alg\u00e9rie.<\/div>\n<div class=\"K2FeedIntroText\">\n<p style=\"text-align: justify;\">Dans une d\u00e9claration \u00e0 la presse, au terme de l&rsquo;audience, Mme Saville a indiqu\u00e9 que l&rsquo;entretien entre les deux parties a port\u00e9 sur la possibilit\u00e9 de travailler davantage avec la soci\u00e9t\u00e9 civile en Alg\u00e9rie.<\/p>\n<p style=\"text-align: justify;\">\u00ab\u00a0Le FNUD travaille principalement avec la soci\u00e9t\u00e9 civile dans chaque pays pour avancer la d\u00e9mocratie, donc on a discut\u00e9 des moyens pour faciliter ce travail en prenant en compte le contexte local de l&rsquo;Alg\u00e9rie et son exp\u00e9rience\u00a0\u00bb, a not\u00e9 M. Saville.<\/p>\n<p style=\"text-align: justify;\">\u00ab\u00a0Il faut prendre en compte l&rsquo;exp\u00e9rience tr\u00e8s unique de l&rsquo;Alg\u00e9rie apr\u00e8s les ann\u00e9es difficiles qu&rsquo;elle a travers\u00e9es et avoir des le\u00e7ons qui peuvent b\u00e9n\u00e9ficier aussi aux Nations Unies\u00a0\u00bb a-t-elle ajout\u00e9.<\/p>\n<p style=\"text-align: justify;\">La directrice ex\u00e9cutive du FNUD est en visite de travail en Alg\u00e9rie du 23 au 29 ao\u00fbt, dans le cadre du renforcement de la coop\u00e9ration bilat\u00e9rale entre l&rsquo;Alg\u00e9rie et le syst\u00e8me des Nations Unies.<\/p>\n<\/div>\n<p>Source: <a href=\"http:\/\/www.aps.dz\/algerie\/27647-bedoui-s-entretient-avec-la-directrice-ex%C3%A9cutive-du-fnud\" target=\"_blank\">Bedoui s&rsquo;entretient avec la directrice ex\u00e9cutive du FNUD<\/a><\/p>\n<!--CusAds0-->\n<div style=\"font-size: 0px; height: 0px; line-height: 0px; margin: 0; padding: 0; clear: both;\"><\/div>","protected":false},"excerpt":{"rendered":"<p>Le ministre de l&rsquo;Int\u00e9rieur et des Collectivit\u00e9s locales, Noureddine Bedoui, a re\u00e7u mercredi \u00e0 Alger, la directrice ex\u00e9cutive du Fonds des Nations Unies pour la d\u00e9mocratie (FNUD), Annika Saville, en visite en Alg\u00e9rie. Dans une d\u00e9claration \u00e0 la presse, au terme de l&rsquo;audience, Mme Saville a indiqu\u00e9 que l&rsquo;entretien entre les deux parties a port\u00e9<\/p>\n","protected":false},"author":6,"featured_media":303,"comment_status":"open","ping_status":"open","sticky":false,"template":"","format":"standard","meta":{"footnotes":""},"categories":[22],"tags":[27,44,43],"class_list":["post-268","post","type-post","status-publish","format-standard","has-post-thumbnail","hentry","category-infos","tag-algerie","tag-bedoui","tag-fnud"],"yoast_head":"<!-- This site is optimized with the Yoast SEO plugin v27.5 - https:\/\/yoast.com\/product\/yoast-seo-wordpress\/ -->\n<title>Bedoui s&#039;entretient avec la directrice ex\u00e9cutive du FNUD<\/title>\n<meta name=\"description\" content=\"Bedoui s&#039;entretient avec la directrice ex\u00e9cutive du FNUD Fonds des Nations Unies pour la d\u00e9mocratie Annika Saville, en visite en Alg\u00e9rie\" \/>\n<meta name=\"robots\" content=\"index, follow, max-snippet:-1, max-image-preview:large, max-video-preview:-1\" \/>\n<link rel=\"canonical\" href=\"https:\/\/www.info-algerie.com\/actualites\/bedoui-sentretient-avec-la-directrice-executive-du-fnud\/\" \/>\n<meta property=\"og:locale\" content=\"fr_FR\" \/>\n<meta property=\"og:type\" content=\"article\" \/>\n<meta property=\"og:title\" content=\"Bedoui s&#039;entretient avec la directrice ex\u00e9cutive du FNUD\" \/>\n<meta property=\"og:description\" content=\"Bedoui s&#039;entretient avec la directrice ex\u00e9cutive du FNUD Fonds des Nations Unies pour la d\u00e9mocratie Annika Saville, en visite en Alg\u00e9rie\" \/>\n<meta property=\"og:url\" content=\"https:\/\/www.info-algerie.com\/actualites\/bedoui-sentretient-avec-la-directrice-executive-du-fnud\/\" \/>\n<meta property=\"og:site_name\" content=\"info algerie\" \/>\n<meta property=\"article:publisher\" content=\"https:\/\/www.facebook.com\/infoalgerieactu\" \/>\n<meta property=\"article:published_time\" content=\"2015-08-26T16:28:16+00:00\" \/>\n<meta property=\"article:modified_time\" content=\"2015-08-28T10:01:03+00:00\" \/>\n<meta property=\"og:image\" content=\"https:\/\/www.info-algerie.com\/actualites\/wp-content\/uploads\/2015\/08\/directrice-ex\u00e9cutive-du-FNUD.jpg\" \/>\n\t<meta property=\"og:image:width\" content=\"900\" \/>\n\t<meta property=\"og:image:height\" content=\"508\" \/>\n\t<meta property=\"og:image:type\" content=\"image\/jpeg\" \/>\n<meta name=\"author\" content=\"La r\u00e9daction\" \/>\n<meta name=\"twitter:label1\" content=\"\u00c9crit par\" \/>\n\t<meta name=\"twitter:data1\" content=\"La r\u00e9daction\" \/>\n\t<meta name=\"twitter:label2\" content=\"Dur\u00e9e de lecture estim\u00e9e\" \/>\n\t<meta name=\"twitter:data2\" content=\"1 minute\" \/>\n<script type=\"application\/ld+json\" class=\"yoast-schema-graph\">{\"@context\":\"https:\\\/\\\/schema.org\",\"@graph\":[{\"@type\":\"Article\",\"@id\":\"https:\\\/\\\/www.info-algerie.com\\\/actualites\\\/bedoui-sentretient-avec-la-directrice-executive-du-fnud\\\/#article\",\"isPartOf\":{\"@id\":\"https:\\\/\\\/www.info-algerie.com\\\/actualites\\\/bedoui-sentretient-avec-la-directrice-executive-du-fnud\\\/\"},\"author\":{\"name\":\"La r\u00e9daction\",\"@id\":\"https:\\\/\\\/www.info-algerie.com\\\/actualites\\\/#\\\/schema\\\/person\\\/847aaec44920825b843a08f30ec6aa1e\"},\"headline\":\"Bedoui s&rsquo;entretient avec la directrice ex\u00e9cutive du FNUD\",\"datePublished\":\"2015-08-26T16:28:16+00:00\",\"dateModified\":\"2015-08-28T10:01:03+00:00\",\"mainEntityOfPage\":{\"@id\":\"https:\\\/\\\/www.info-algerie.com\\\/actualites\\\/bedoui-sentretient-avec-la-directrice-executive-du-fnud\\\/\"},\"wordCount\":226,\"commentCount\":1,\"publisher\":{\"@id\":\"https:\\\/\\\/www.info-algerie.com\\\/actualites\\\/#organization\"},\"image\":{\"@id\":\"https:\\\/\\\/www.info-algerie.com\\\/actualites\\\/bedoui-sentretient-avec-la-directrice-executive-du-fnud\\\/#primaryimage\"},\"thumbnailUrl\":\"https:\\\/\\\/www.info-algerie.com\\\/actualites\\\/wp-content\\\/uploads\\\/2015\\\/08\\\/directrice-ex\u00e9cutive-du-FNUD.jpg\",\"keywords\":[\"alg\u00e9rie\",\"Bedoui\",\"FNUD\"],\"articleSection\":[\"infos\"],\"inLanguage\":\"fr-FR\",\"potentialAction\":[{\"@type\":\"CommentAction\",\"name\":\"Comment\",\"target\":[\"https:\\\/\\\/www.info-algerie.com\\\/actualites\\\/bedoui-sentretient-avec-la-directrice-executive-du-fnud\\\/#respond\"]}]},{\"@type\":\"WebPage\",\"@id\":\"https:\\\/\\\/www.info-algerie.com\\\/actualites\\\/bedoui-sentretient-avec-la-directrice-executive-du-fnud\\\/\",\"url\":\"https:\\\/\\\/www.info-algerie.com\\\/actualites\\\/bedoui-sentretient-avec-la-directrice-executive-du-fnud\\\/\",\"name\":\"Bedoui s'entretient avec la directrice ex\u00e9cutive du FNUD\",\"isPartOf\":{\"@id\":\"https:\\\/\\\/www.info-algerie.com\\\/actualites\\\/#website\"},\"primaryImageOfPage\":{\"@id\":\"https:\\\/\\\/www.info-algerie.com\\\/actualites\\\/bedoui-sentretient-avec-la-directrice-executive-du-fnud\\\/#primaryimage\"},\"image\":{\"@id\":\"https:\\\/\\\/www.info-algerie.com\\\/actualites\\\/bedoui-sentretient-avec-la-directrice-executive-du-fnud\\\/#primaryimage\"},\"thumbnailUrl\":\"https:\\\/\\\/www.info-algerie.com\\\/actualites\\\/wp-content\\\/uploads\\\/2015\\\/08\\\/directrice-ex\u00e9cutive-du-FNUD.jpg\",\"datePublished\":\"2015-08-26T16:28:16+00:00\",\"dateModified\":\"2015-08-28T10:01:03+00:00\",\"description\":\"Bedoui s'entretient avec la directrice ex\u00e9cutive du FNUD Fonds des Nations Unies pour la d\u00e9mocratie Annika Saville, en visite en Alg\u00e9rie\",\"breadcrumb\":{\"@id\":\"https:\\\/\\\/www.info-algerie.com\\\/actualites\\\/bedoui-sentretient-avec-la-directrice-executive-du-fnud\\\/#breadcrumb\"},\"inLanguage\":\"fr-FR\",\"potentialAction\":[{\"@type\":\"ReadAction\",\"target\":[\"https:\\\/\\\/www.info-algerie.com\\\/actualites\\\/bedoui-sentretient-avec-la-directrice-executive-du-fnud\\\/\"]}]},{\"@type\":\"ImageObject\",\"inLanguage\":\"fr-FR\",\"@id\":\"https:\\\/\\\/www.info-algerie.com\\\/actualites\\\/bedoui-sentretient-avec-la-directrice-executive-du-fnud\\\/#primaryimage\",\"url\":\"https:\\\/\\\/www.info-algerie.com\\\/actualites\\\/wp-content\\\/uploads\\\/2015\\\/08\\\/directrice-ex\u00e9cutive-du-FNUD.jpg\",\"contentUrl\":\"https:\\\/\\\/www.info-algerie.com\\\/actualites\\\/wp-content\\\/uploads\\\/2015\\\/08\\\/directrice-ex\u00e9cutive-du-FNUD.jpg\",\"width\":900,\"height\":508,\"caption\":\"directrice ex\u00e9cutive du FNUD\"},{\"@type\":\"BreadcrumbList\",\"@id\":\"https:\\\/\\\/www.info-algerie.com\\\/actualites\\\/bedoui-sentretient-avec-la-directrice-executive-du-fnud\\\/#breadcrumb\",\"itemListElement\":[{\"@type\":\"ListItem\",\"position\":1,\"name\":\"Accueil\",\"item\":\"https:\\\/\\\/www.info-algerie.com\\\/actualites\\\/\"},{\"@type\":\"ListItem\",\"position\":2,\"name\":\"Bedoui s&rsquo;entretient avec la directrice ex\u00e9cutive du FNUD\"}]},{\"@type\":\"WebSite\",\"@id\":\"https:\\\/\\\/www.info-algerie.com\\\/actualites\\\/#website\",\"url\":\"https:\\\/\\\/www.info-algerie.com\\\/actualites\\\/\",\"name\":\"info algerie\",\"description\":\"Toutes les actualit\u00e9s\",\"publisher\":{\"@id\":\"https:\\\/\\\/www.info-algerie.com\\\/actualites\\\/#organization\"},\"potentialAction\":[{\"@type\":\"SearchAction\",\"target\":{\"@type\":\"EntryPoint\",\"urlTemplate\":\"https:\\\/\\\/www.info-algerie.com\\\/actualites\\\/?s={search_term_string}\"},\"query-input\":{\"@type\":\"PropertyValueSpecification\",\"valueRequired\":true,\"valueName\":\"search_term_string\"}}],\"inLanguage\":\"fr-FR\"},{\"@type\":\"Organization\",\"@id\":\"https:\\\/\\\/www.info-algerie.com\\\/actualites\\\/#organization\",\"name\":\"info algerie\",\"url\":\"https:\\\/\\\/www.info-algerie.com\\\/actualites\\\/\",\"logo\":{\"@type\":\"ImageObject\",\"inLanguage\":\"fr-FR\",\"@id\":\"https:\\\/\\\/www.info-algerie.com\\\/actualites\\\/#\\\/schema\\\/logo\\\/image\\\/\",\"url\":\"https:\\\/\\\/www.info-algerie.com\\\/actualites\\\/wp-content\\\/uploads\\\/2022\\\/07\\\/logo-ia-120.png\",\"contentUrl\":\"https:\\\/\\\/www.info-algerie.com\\\/actualites\\\/wp-content\\\/uploads\\\/2022\\\/07\\\/logo-ia-120.png\",\"width\":120,\"height\":43,\"caption\":\"info algerie\"},\"image\":{\"@id\":\"https:\\\/\\\/www.info-algerie.com\\\/actualites\\\/#\\\/schema\\\/logo\\\/image\\\/\"},\"sameAs\":[\"https:\\\/\\\/www.facebook.com\\\/infoalgerieactu\",\"https:\\\/\\\/x.com\\\/infoalgerie1\"]},{\"@type\":\"Person\",\"@id\":\"https:\\\/\\\/www.info-algerie.com\\\/actualites\\\/#\\\/schema\\\/person\\\/847aaec44920825b843a08f30ec6aa1e\",\"name\":\"La r\u00e9daction\",\"image\":{\"@type\":\"ImageObject\",\"inLanguage\":\"fr-FR\",\"@id\":\"https:\\\/\\\/secure.gravatar.com\\\/avatar\\\/769db425c6f465158149f1ffd6cf61ce7a8a879d11dfbef8288af36dfddd418c?s=96&d=mm&r=g\",\"url\":\"https:\\\/\\\/secure.gravatar.com\\\/avatar\\\/769db425c6f465158149f1ffd6cf61ce7a8a879d11dfbef8288af36dfddd418c?s=96&d=mm&r=g\",\"contentUrl\":\"https:\\\/\\\/secure.gravatar.com\\\/avatar\\\/769db425c6f465158149f1ffd6cf61ce7a8a879d11dfbef8288af36dfddd418c?s=96&d=mm&r=g\",\"caption\":\"La r\u00e9daction\"},\"sameAs\":[\"http:\\\/\\\/www.lkeria.com\\\/\"],\"url\":\"https:\\\/\\\/www.info-algerie.com\\\/actualites\\\/author\\\/chakib32\\\/\"}]}<\/script>\n<!-- \/ Yoast SEO plugin. -->","yoast_head_json":{"title":"Bedoui s'entretient avec la directrice ex\u00e9cutive du FNUD","description":"Bedoui s'entretient avec la directrice ex\u00e9cutive du FNUD Fonds des Nations Unies pour la d\u00e9mocratie Annika Saville, en visite en Alg\u00e9rie","robots":{"index":"index","follow":"follow","max-snippet":"max-snippet:-1","max-image-preview":"max-image-preview:large","max-video-preview":"max-video-preview:-1"},"canonical":"https:\/\/www.info-algerie.com\/actualites\/bedoui-sentretient-avec-la-directrice-executive-du-fnud\/","og_locale":"fr_FR","og_type":"article","og_title":"Bedoui s'entretient avec la directrice ex\u00e9cutive du FNUD","og_description":"Bedoui s'entretient avec la directrice ex\u00e9cutive du FNUD Fonds des Nations Unies pour la d\u00e9mocratie Annika Saville, en visite en Alg\u00e9rie","og_url":"https:\/\/www.info-algerie.com\/actualites\/bedoui-sentretient-avec-la-directrice-executive-du-fnud\/","og_site_name":"info algerie","article_publisher":"https:\/\/www.facebook.com\/infoalgerieactu","article_published_time":"2015-08-26T16:28:16+00:00","article_modified_time":"2015-08-28T10:01:03+00:00","og_image":[{"width":900,"height":508,"url":"https:\/\/www.info-algerie.com\/actualites\/wp-content\/uploads\/2015\/08\/directrice-ex\u00e9cutive-du-FNUD.jpg","type":"image\/jpeg"}],"author":"La r\u00e9daction","twitter_misc":{"\u00c9crit par":"La r\u00e9daction","Dur\u00e9e de lecture estim\u00e9e":"1 minute"},"schema":{"@context":"https:\/\/schema.org","@graph":[{"@type":"Article","@id":"https:\/\/www.info-algerie.com\/actualites\/bedoui-sentretient-avec-la-directrice-executive-du-fnud\/#article","isPartOf":{"@id":"https:\/\/www.info-algerie.com\/actualites\/bedoui-sentretient-avec-la-directrice-executive-du-fnud\/"},"author":{"name":"La r\u00e9daction","@id":"https:\/\/www.info-algerie.com\/actualites\/#\/schema\/person\/847aaec44920825b843a08f30ec6aa1e"},"headline":"Bedoui s&rsquo;entretient avec la directrice ex\u00e9cutive du FNUD","datePublished":"2015-08-26T16:28:16+00:00","dateModified":"2015-08-28T10:01:03+00:00","mainEntityOfPage":{"@id":"https:\/\/www.info-algerie.com\/actualites\/bedoui-sentretient-avec-la-directrice-executive-du-fnud\/"},"wordCount":226,"commentCount":1,"publisher":{"@id":"https:\/\/www.info-algerie.com\/actualites\/#organization"},"image":{"@id":"https:\/\/www.info-algerie.com\/actualites\/bedoui-sentretient-avec-la-directrice-executive-du-fnud\/#primaryimage"},"thumbnailUrl":"https:\/\/www.info-algerie.com\/actualites\/wp-content\/uploads\/2015\/08\/directrice-ex\u00e9cutive-du-FNUD.jpg","keywords":["alg\u00e9rie","Bedoui","FNUD"],"articleSection":["infos"],"inLanguage":"fr-FR","potentialAction":[{"@type":"CommentAction","name":"Comment","target":["https:\/\/www.info-algerie.com\/actualites\/bedoui-sentretient-avec-la-directrice-executive-du-fnud\/#respond"]}]},{"@type":"WebPage","@id":"https:\/\/www.info-algerie.com\/actualites\/bedoui-sentretient-avec-la-directrice-executive-du-fnud\/","url":"https:\/\/www.info-algerie.com\/actualites\/bedoui-sentretient-avec-la-directrice-executive-du-fnud\/","name":"Bedoui s'entretient avec la directrice ex\u00e9cutive du FNUD","isPartOf":{"@id":"https:\/\/www.info-algerie.com\/actualites\/#website"},"primaryImageOfPage":{"@id":"https:\/\/www.info-algerie.com\/actualites\/bedoui-sentretient-avec-la-directrice-executive-du-fnud\/#primaryimage"},"image":{"@id":"https:\/\/www.info-algerie.com\/actualites\/bedoui-sentretient-avec-la-directrice-executive-du-fnud\/#primaryimage"},"thumbnailUrl":"https:\/\/www.info-algerie.com\/actualites\/wp-content\/uploads\/2015\/08\/directrice-ex\u00e9cutive-du-FNUD.jpg","datePublished":"2015-08-26T16:28:16+00:00","dateModified":"2015-08-28T10:01:03+00:00","description":"Bedoui s'entretient avec la directrice ex\u00e9cutive du FNUD Fonds des Nations Unies pour la d\u00e9mocratie Annika Saville, en visite en Alg\u00e9rie","breadcrumb":{"@id":"https:\/\/www.info-algerie.com\/actualites\/bedoui-sentretient-avec-la-directrice-executive-du-fnud\/#breadcrumb"},"inLanguage":"fr-FR","potentialAction":[{"@type":"ReadAction","target":["https:\/\/www.info-algerie.com\/actualites\/bedoui-sentretient-avec-la-directrice-executive-du-fnud\/"]}]},{"@type":"ImageObject","inLanguage":"fr-FR","@id":"https:\/\/www.info-algerie.com\/actualites\/bedoui-sentretient-avec-la-directrice-executive-du-fnud\/#primaryimage","url":"https:\/\/www.info-algerie.com\/actualites\/wp-content\/uploads\/2015\/08\/directrice-ex\u00e9cutive-du-FNUD.jpg","contentUrl":"https:\/\/www.info-algerie.com\/actualites\/wp-content\/uploads\/2015\/08\/directrice-ex\u00e9cutive-du-FNUD.jpg","width":900,"height":508,"caption":"directrice ex\u00e9cutive du FNUD"},{"@type":"BreadcrumbList","@id":"https:\/\/www.info-algerie.com\/actualites\/bedoui-sentretient-avec-la-directrice-executive-du-fnud\/#breadcrumb","itemListElement":[{"@type":"ListItem","position":1,"name":"Accueil","item":"https:\/\/www.info-algerie.com\/actualites\/"},{"@type":"ListItem","position":2,"name":"Bedoui s&rsquo;entretient avec la directrice ex\u00e9cutive du FNUD"}]},{"@type":"WebSite","@id":"https:\/\/www.info-algerie.com\/actualites\/#website","url":"https:\/\/www.info-algerie.com\/actualites\/","name":"info algerie","description":"Toutes les actualit\u00e9s","publisher":{"@id":"https:\/\/www.info-algerie.com\/actualites\/#organization"},"potentialAction":[{"@type":"SearchAction","target":{"@type":"EntryPoint","urlTemplate":"https:\/\/www.info-algerie.com\/actualites\/?s={search_term_string}"},"query-input":{"@type":"PropertyValueSpecification","valueRequired":true,"valueName":"search_term_string"}}],"inLanguage":"fr-FR"},{"@type":"Organization","@id":"https:\/\/www.info-algerie.com\/actualites\/#organization","name":"info algerie","url":"https:\/\/www.info-algerie.com\/actualites\/","logo":{"@type":"ImageObject","inLanguage":"fr-FR","@id":"https:\/\/www.info-algerie.com\/actualites\/#\/schema\/logo\/image\/","url":"https:\/\/www.info-algerie.com\/actualites\/wp-content\/uploads\/2022\/07\/logo-ia-120.png","contentUrl":"https:\/\/www.info-algerie.com\/actualites\/wp-content\/uploads\/2022\/07\/logo-ia-120.png","width":120,"height":43,"caption":"info algerie"},"image":{"@id":"https:\/\/www.info-algerie.com\/actualites\/#\/schema\/logo\/image\/"},"sameAs":["https:\/\/www.facebook.com\/infoalgerieactu","https:\/\/x.com\/infoalgerie1"]},{"@type":"Person","@id":"https:\/\/www.info-algerie.com\/actualites\/#\/schema\/person\/847aaec44920825b843a08f30ec6aa1e","name":"La r\u00e9daction","image":{"@type":"ImageObject","inLanguage":"fr-FR","@id":"https:\/\/secure.gravatar.com\/avatar\/769db425c6f465158149f1ffd6cf61ce7a8a879d11dfbef8288af36dfddd418c?s=96&d=mm&r=g","url":"https:\/\/secure.gravatar.com\/avatar\/769db425c6f465158149f1ffd6cf61ce7a8a879d11dfbef8288af36dfddd418c?s=96&d=mm&r=g","contentUrl":"https:\/\/secure.gravatar.com\/avatar\/769db425c6f465158149f1ffd6cf61ce7a8a879d11dfbef8288af36dfddd418c?s=96&d=mm&r=g","caption":"La r\u00e9daction"},"sameAs":["http:\/\/www.lkeria.com\/"],"url":"https:\/\/www.info-algerie.com\/actualites\/author\/chakib32\/"}]}},"_links":{"self":[{"href":"https:\/\/www.info-algerie.com\/actualites\/wp-json\/wp\/v2\/posts\/268","targetHints":{"allow":["GET"]}}],"collection":[{"href":"https:\/\/www.info-algerie.com\/actualites\/wp-json\/wp\/v2\/posts"}],"about":[{"href":"https:\/\/www.info-algerie.com\/actualites\/wp-json\/wp\/v2\/types\/post"}],"author":[{"embeddable":true,"href":"https:\/\/www.info-algerie.com\/actualites\/wp-json\/wp\/v2\/users\/6"}],"replies":[{"embeddable":true,"href":"https:\/\/www.info-algerie.com\/actualites\/wp-json\/wp\/v2\/comments?post=268"}],"version-history":[{"count":3,"href":"https:\/\/www.info-algerie.com\/actualites\/wp-json\/wp\/v2\/posts\/268\/revisions"}],"predecessor-version":[{"id":306,"href":"https:\/\/www.info-algerie.com\/actualites\/wp-json\/wp\/v2\/posts\/268\/revisions\/306"}],"wp:featuredmedia":[{"embeddable":true,"href":"https:\/\/www.info-algerie.com\/actualites\/wp-json\/wp\/v2\/media\/303"}],"wp:attachment":[{"href":"https:\/\/www.info-algerie.com\/actualites\/wp-json\/wp\/v2\/media?parent=268"}],"wp:term":[{"taxonomy":"category","embeddable":true,"href":"https:\/\/www.info-algerie.com\/actualites\/wp-json\/wp\/v2\/categories?post=268"},{"taxonomy":"post_tag","embeddable":true,"href":"https:\/\/www.info-algerie.com\/actualites\/wp-json\/wp\/v2\/tags?post=268"}],"curies":[{"name":"wp","href":"https:\/\/api.w.org\/{rel}","templated":true}]}}