{"id":26820,"date":"2022-02-10T12:00:00","date_gmt":"2022-02-10T11:00:00","guid":{"rendered":"https:\/\/www.info-algerie.com\/actualites\/debrayage-des-enseignants-a-tin-zaouatine\/"},"modified":"2022-02-10T17:53:04","modified_gmt":"2022-02-10T16:53:04","slug":"debrayage-des-enseignants-a-tin-zaouatine","status":"publish","type":"post","link":"https:\/\/www.info-algerie.com\/actualites\/debrayage-des-enseignants-a-tin-zaouatine\/","title":{"rendered":"D\u00e9brayage des enseignants \u00e0 Tin Zaouatine"},"content":{"rendered":"<p><strong>Les\u00a0 enseignants\u00a0 gr\u00e9vistes\u00a0 \u00a0d\u00e9noncent\u00a0 \u00a0les\u00a0 abattements\u00a0 \u00a0sur\u00a0 les\u00a0 salaires d\u00e9cid\u00e9s \u201carbitrairement\u201d par l\u2019administration, mais aussi le probl\u00e8me du\u00a0 transport\u00a0 pendant\u00a0 \u00a0les\u00a0 p\u00e9riodes\u00a0 de\u00a0 cong\u00e9,\u00a0 le\u00a0 non-versement\u00a0 des\u00a0 primes\u00a0 de\u00a0 rendement\u00a0 trimestrielles\u00a0 et\u00a0 leurs conditions socioprofessionnelles difficiles.<\/strong><\/p>\n<p><strong>L<\/strong>a reprise des cours\u00a0 d\u00e9cid\u00e9e\u00a0 par\u00a0 le\u00a0 minist\u00e8re\u00a0 de\u00a0 l\u2019\u00c9ducation nationale, apr\u00e8s un r\u00e9pit de 15 jours impos\u00e9 \u00e0 cause du bond des contaminations par la Covid-19 enregistr\u00e9e en Alg\u00e9rie, n\u2019a toujours pas eu lieu \u00e0 Tin Zaouatine, \u00e0 500 km au sud de Tamanrasset.<\/p>\n<p>Les enseignants des trois paliers ont d\u00e9cid\u00e9 d\u2019engager un bras de fer contre la direction locale de l\u2019\u00e9ducation et de paralyser tous les \u00e9tablissements scolaires jusqu\u2019\u00e0 l\u2019aboutissement de leurs revendications. L\u2019avis de gr\u00e8ve, dont nous d\u00e9tenons une copie, \u00e9voque plusieurs points probl\u00e9matiques ayant motiv\u00e9 cette action de protestation.<\/p>\n<p>D\u2019embl\u00e9e, les gr\u00e9vistes ont exig\u00e9 l\u2019application des instructions du minist\u00e8re de tutelle, notamment concernant la mise \u00e0 niveau des salaires des contractuels au m\u00eame titre que les employ\u00e9s stagiaires. Ils ont \u00e9galement soulev\u00e9 l\u2019\u00e9pineux probl\u00e8me des salaires non vers\u00e9s depuis janvier 2021.<\/p>\n<p>Le document, adress\u00e9 \u00e0 toutes les autorit\u00e9s locales, ainsi qu\u2019aux d\u00e9put\u00e9s de cette r\u00e9gion de l\u2019extr\u00eame sud du pays, revient sur les abattements sur les salaires d\u00e9cid\u00e9s arbitrairement par l\u2019administration.<\/p>\n<p>Les points relatifs au transport pendant\u00a0 les\u00a0 p\u00e9riodes\u00a0 de\u00a0 cong\u00e9, au\u00a0 non-versement des primes de rendement trimestrielles et\u00a0 \u00e0\u00a0 la\u00a0 m\u00e9diocrit\u00e9 des conditions socioprofessionnelles dans lesquelles \u00e9voluent les enseignants affect\u00e9s dans cette localit\u00e9 enclav\u00e9e ont \u00e9galement \u00e9t\u00e9 soulev\u00e9s par les protestataires, qui n\u2019ont pas manqu\u00e9 d\u2019afficher leur inqui\u00e9tude, notamment \u00e0 l\u2019approche du mois sacr\u00e9 de Ramadhan.<\/p>\n<p>Ils ont de nouveau interpell\u00e9 la direction locale pour qu\u2019elle relance l\u2019\u00e9tude du dossier des logements afin de permettre une meilleure prise en charge aux enseignants de cette commune relevant administrativement de la wilaya d\u2019In Guezzam.<\/p>\n<p>Contact\u00e9e par nos soins, la directrice locale de l\u2019\u00e9ducation, Sektou Bousb\u00e9at, a tenu \u00e0 faire savoir que le paiement des salaires des contractuels pour la p\u00e9riode allant du mois de janvier au mois de juillet 2021 n\u2019a pas \u00e9t\u00e9 fait en raison du manque de cr\u00e9dits budg\u00e9taires.<\/p>\n<p>\u201cToutefois, la direction a vers\u00e9 les arri\u00e9r\u00e9s de salaires des quatre derniers mois de l\u2019exercice 2021, et les mandats de paiement sont au niveau du Tr\u00e9sor de wilaya\u201d, a-t-elle indiqu\u00e9, pr\u00e9cisant qu\u2019une commission pr\u00e9sid\u00e9e par un directeur local a \u00e9t\u00e9 d\u00e9p\u00each\u00e9e sur place pour tenter de raisonner les enseignants gr\u00e9vistes.<\/p>\n<p>Et d\u2019\u00e9viter surtout que cette situation soit g\u00e9n\u00e9ralis\u00e9e \u00e0 toutes la wilaya de Tamanrasset en raison des dol\u00e9ances multiples enregistr\u00e9es dans ce secteur n\u00e9vralgique, s\u2019inqui\u00e8te Amar Trouni, enseignant d\u2019\u00e9ducation artistique, qui dit avoir subi \u201cl\u2019injustice sous toutes ses formes\u201d.<\/p>\n<p>Interdit\u00a0 d\u2019acc\u00e8s\u00a0 \u00e0\u00a0 la\u00a0 direction\u00a0 depuis\u00a0 avril 2021, Amar\u00a0 attend\u00a0 toujours la fameuse convocation pour signer son nouveau p.-v. d\u2019installation intervenant apr\u00e8s son transfert de l\u2019\u00e9cole des cadets.<\/p>\n<p>Alors que\u00a0 sa\u00a0 situation\u00a0 est\u00a0 toujours\u00a0 floue\u00a0 en\u00a0 raison,\u00a0 affirme-t-il,\u00a0 \u201cd\u2019un acharnement administratif\u201d, il re\u00e7oit la d\u00e9cision de transfert de son conjoint, employ\u00e9e dans le m\u00eame secteur, dans une r\u00e9gion distante de 130 km du chef-lieu de wilaya.<\/p>\n<p>\u201cJ\u2019\u00e9tais transf\u00e9r\u00e9 arbitrairement parce que j\u2019ai os\u00e9 r\u00e9clamer mes droits. Maintenant, on ose s\u2019attaquer \u00e0 ma femme pour se venger de moi et pousser ainsi mes sept enfants \u00e0 l\u2019errance. C\u2019est grave ! J\u2019ai sollicit\u00e9 tout le monde pour mettre un terme \u00e0 l\u2019arbitraire que nous subissons depuis plusieurs mois d\u00e9j\u00e0, en vain. \u00c0 travers vos colonnes je m\u2019en remets au ministre pour qu\u2019il intervienne avant que les choses ne prennent des tournures scandaleuses\u201d, s\u2019insurge Amar Trouni. Interrog\u00e9 \u00e0 ce sujet, la direction de l\u2019\u00e9ducation, n\u2019ayant toujours pas donn\u00e9 d\u2019explication, pr\u00e9f\u00e8re se murer dans le silence.<\/p>\n<p><strong>R. IGHIL<\/strong><\/p>\n<p>Source: <a href=\"https:\/\/www.liberte-algerie.com\/centre\/debrayage-des-enseignants-a-tin-zaouatine-373070\" target=\"_blank\" rel=\"noopener\">D\u00e9brayage des enseignants \u00e0 Tin Zaouatine<\/a><\/p>\n<!--CusAds0-->\n<div style=\"font-size: 0px; height: 0px; line-height: 0px; margin: 0; padding: 0; clear: both;\"><\/div>","protected":false},"excerpt":{"rendered":"<p>Les\u00a0 enseignants\u00a0 gr\u00e9vistes\u00a0 \u00a0d\u00e9noncent\u00a0 \u00a0les\u00a0 abattements\u00a0 \u00a0sur\u00a0 les\u00a0 salaires d\u00e9cid\u00e9s \u201carbitrairement\u201d par l\u2019administration, mais aussi le probl\u00e8me du\u00a0 transport\u00a0 pendant\u00a0 \u00a0les\u00a0 p\u00e9riodes\u00a0 de\u00a0 cong\u00e9,\u00a0 le\u00a0 non-versement\u00a0 des\u00a0 primes\u00a0 de\u00a0 rendement\u00a0 trimestrielles\u00a0 et\u00a0 leurs conditions socioprofessionnelles difficiles. La reprise des cours\u00a0 d\u00e9cid\u00e9e\u00a0 par\u00a0 le\u00a0 minist\u00e8re\u00a0 de\u00a0 l\u2019\u00c9ducation nationale, apr\u00e8s un r\u00e9pit de 15 jours impos\u00e9 \u00e0<\/p>\n","protected":false},"author":6,"featured_media":26834,"comment_status":"open","ping_status":"open","sticky":false,"template":"","format":"standard","meta":{"footnotes":""},"categories":[22],"tags":[161,162,163],"class_list":["post-26820","post","type-post","status-publish","format-standard","has-post-thumbnail","hentry","category-infos","tag-enseignants","tag-greve","tag-tamanrasset"],"yoast_head":"<!-- This site is optimized with the Yoast SEO plugin v27.5 - https:\/\/yoast.com\/product\/yoast-seo-wordpress\/ -->\n<title>D\u00e9brayage des enseignants \u00e0 Tin Zaouatine, wilaya de Tamanrasset<\/title>\n<meta name=\"description\" content=\"Les\u00a0 enseignants\u00a0 gr\u00e9vistes\u00a0 \u00a0d\u00e9noncent\u00a0 \u00a0les\u00a0 abattements\u00a0 \u00a0sur\u00a0 les\u00a0 salaires d\u00e9cid\u00e9s \u201carbitrairement\u201d par l\u2019administration, mais aussi le probl\u00e8me du\u00a0 transport\u00a0 pendant\u00a0 \u00a0les\u00a0 p\u00e9riodes\u00a0 de\u00a0 cong\u00e9,\u00a0 le\u00a0 non-versement\u00a0 des\u00a0 primes\u00a0 de\u00a0 rendement\u00a0 trimestrielles\u00a0 et\u00a0 leurs conditions socioprofessionnelles difficiles.\" \/>\n<meta name=\"robots\" content=\"index, follow, max-snippet:-1, max-image-preview:large, max-video-preview:-1\" \/>\n<link rel=\"canonical\" href=\"https:\/\/www.info-algerie.com\/actualites\/debrayage-des-enseignants-a-tin-zaouatine\/\" \/>\n<meta property=\"og:locale\" content=\"fr_FR\" \/>\n<meta property=\"og:type\" content=\"article\" \/>\n<meta property=\"og:title\" content=\"D\u00e9brayage des enseignants \u00e0 Tin Zaouatine, wilaya de Tamanrasset\" \/>\n<meta property=\"og:description\" content=\"Les\u00a0 enseignants\u00a0 gr\u00e9vistes\u00a0 \u00a0d\u00e9noncent\u00a0 \u00a0les\u00a0 abattements\u00a0 \u00a0sur\u00a0 les\u00a0 salaires d\u00e9cid\u00e9s \u201carbitrairement\u201d par l\u2019administration, mais aussi le probl\u00e8me du\u00a0 transport\u00a0 pendant\u00a0 \u00a0les\u00a0 p\u00e9riodes\u00a0 de\u00a0 cong\u00e9,\u00a0 le\u00a0 non-versement\u00a0 des\u00a0 primes\u00a0 de\u00a0 rendement\u00a0 trimestrielles\u00a0 et\u00a0 leurs conditions socioprofessionnelles difficiles.\" \/>\n<meta property=\"og:url\" content=\"https:\/\/www.info-algerie.com\/actualites\/debrayage-des-enseignants-a-tin-zaouatine\/\" \/>\n<meta property=\"og:site_name\" content=\"info algerie\" \/>\n<meta property=\"article:publisher\" content=\"https:\/\/www.facebook.com\/infoalgerieactu\" \/>\n<meta property=\"article:published_time\" content=\"2022-02-10T11:00:00+00:00\" \/>\n<meta property=\"article:modified_time\" content=\"2022-02-10T16:53:04+00:00\" \/>\n<meta property=\"og:image\" content=\"https:\/\/www.info-algerie.com\/actualites\/wp-content\/uploads\/2022\/02\/protestation-des-enseignants-da\u00efra-tin-zaouatine.jpg\" \/>\n\t<meta property=\"og:image:width\" content=\"620\" \/>\n\t<meta property=\"og:image:height\" content=\"410\" \/>\n\t<meta property=\"og:image:type\" content=\"image\/jpeg\" \/>\n<meta name=\"author\" content=\"La r\u00e9daction\" \/>\n<meta name=\"twitter:label1\" content=\"\u00c9crit par\" \/>\n\t<meta name=\"twitter:data1\" content=\"La r\u00e9daction\" \/>\n\t<meta name=\"twitter:label2\" content=\"Dur\u00e9e de lecture estim\u00e9e\" \/>\n\t<meta name=\"twitter:data2\" content=\"3 minutes\" \/>\n<script type=\"application\/ld+json\" class=\"yoast-schema-graph\">{\"@context\":\"https:\\\/\\\/schema.org\",\"@graph\":[{\"@type\":\"Article\",\"@id\":\"https:\\\/\\\/www.info-algerie.com\\\/actualites\\\/debrayage-des-enseignants-a-tin-zaouatine\\\/#article\",\"isPartOf\":{\"@id\":\"https:\\\/\\\/www.info-algerie.com\\\/actualites\\\/debrayage-des-enseignants-a-tin-zaouatine\\\/\"},\"author\":{\"name\":\"La r\u00e9daction\",\"@id\":\"https:\\\/\\\/www.info-algerie.com\\\/actualites\\\/#\\\/schema\\\/person\\\/847aaec44920825b843a08f30ec6aa1e\"},\"headline\":\"D\u00e9brayage des enseignants \u00e0 Tin Zaouatine\",\"datePublished\":\"2022-02-10T11:00:00+00:00\",\"dateModified\":\"2022-02-10T16:53:04+00:00\",\"mainEntityOfPage\":{\"@id\":\"https:\\\/\\\/www.info-algerie.com\\\/actualites\\\/debrayage-des-enseignants-a-tin-zaouatine\\\/\"},\"wordCount\":699,\"commentCount\":0,\"publisher\":{\"@id\":\"https:\\\/\\\/www.info-algerie.com\\\/actualites\\\/#organization\"},\"image\":{\"@id\":\"https:\\\/\\\/www.info-algerie.com\\\/actualites\\\/debrayage-des-enseignants-a-tin-zaouatine\\\/#primaryimage\"},\"thumbnailUrl\":\"https:\\\/\\\/www.info-algerie.com\\\/actualites\\\/wp-content\\\/uploads\\\/2022\\\/02\\\/protestation-des-enseignants-da\u00efra-tin-zaouatine.jpg\",\"keywords\":[\"enseignants\",\"gr\u00e9ve\",\"tamanrasset\"],\"articleSection\":[\"infos\"],\"inLanguage\":\"fr-FR\",\"potentialAction\":[{\"@type\":\"CommentAction\",\"name\":\"Comment\",\"target\":[\"https:\\\/\\\/www.info-algerie.com\\\/actualites\\\/debrayage-des-enseignants-a-tin-zaouatine\\\/#respond\"]}]},{\"@type\":\"WebPage\",\"@id\":\"https:\\\/\\\/www.info-algerie.com\\\/actualites\\\/debrayage-des-enseignants-a-tin-zaouatine\\\/\",\"url\":\"https:\\\/\\\/www.info-algerie.com\\\/actualites\\\/debrayage-des-enseignants-a-tin-zaouatine\\\/\",\"name\":\"D\u00e9brayage des enseignants \u00e0 Tin Zaouatine, wilaya de Tamanrasset\",\"isPartOf\":{\"@id\":\"https:\\\/\\\/www.info-algerie.com\\\/actualites\\\/#website\"},\"primaryImageOfPage\":{\"@id\":\"https:\\\/\\\/www.info-algerie.com\\\/actualites\\\/debrayage-des-enseignants-a-tin-zaouatine\\\/#primaryimage\"},\"image\":{\"@id\":\"https:\\\/\\\/www.info-algerie.com\\\/actualites\\\/debrayage-des-enseignants-a-tin-zaouatine\\\/#primaryimage\"},\"thumbnailUrl\":\"https:\\\/\\\/www.info-algerie.com\\\/actualites\\\/wp-content\\\/uploads\\\/2022\\\/02\\\/protestation-des-enseignants-da\u00efra-tin-zaouatine.jpg\",\"datePublished\":\"2022-02-10T11:00:00+00:00\",\"dateModified\":\"2022-02-10T16:53:04+00:00\",\"description\":\"Les\u00a0 enseignants\u00a0 gr\u00e9vistes\u00a0 \u00a0d\u00e9noncent\u00a0 \u00a0les\u00a0 abattements\u00a0 \u00a0sur\u00a0 les\u00a0 salaires d\u00e9cid\u00e9s \u201carbitrairement\u201d par l\u2019administration, mais aussi le probl\u00e8me du\u00a0 transport\u00a0 pendant\u00a0 \u00a0les\u00a0 p\u00e9riodes\u00a0 de\u00a0 cong\u00e9,\u00a0 le\u00a0 non-versement\u00a0 des\u00a0 primes\u00a0 de\u00a0 rendement\u00a0 trimestrielles\u00a0 et\u00a0 leurs conditions socioprofessionnelles difficiles.\",\"breadcrumb\":{\"@id\":\"https:\\\/\\\/www.info-algerie.com\\\/actualites\\\/debrayage-des-enseignants-a-tin-zaouatine\\\/#breadcrumb\"},\"inLanguage\":\"fr-FR\",\"potentialAction\":[{\"@type\":\"ReadAction\",\"target\":[\"https:\\\/\\\/www.info-algerie.com\\\/actualites\\\/debrayage-des-enseignants-a-tin-zaouatine\\\/\"]}]},{\"@type\":\"ImageObject\",\"inLanguage\":\"fr-FR\",\"@id\":\"https:\\\/\\\/www.info-algerie.com\\\/actualites\\\/debrayage-des-enseignants-a-tin-zaouatine\\\/#primaryimage\",\"url\":\"https:\\\/\\\/www.info-algerie.com\\\/actualites\\\/wp-content\\\/uploads\\\/2022\\\/02\\\/protestation-des-enseignants-da\u00efra-tin-zaouatine.jpg\",\"contentUrl\":\"https:\\\/\\\/www.info-algerie.com\\\/actualites\\\/wp-content\\\/uploads\\\/2022\\\/02\\\/protestation-des-enseignants-da\u00efra-tin-zaouatine.jpg\",\"width\":620,\"height\":410,\"caption\":\"D\u00e9brayage des enseignants \u00e0 Tin Zaouatine\"},{\"@type\":\"BreadcrumbList\",\"@id\":\"https:\\\/\\\/www.info-algerie.com\\\/actualites\\\/debrayage-des-enseignants-a-tin-zaouatine\\\/#breadcrumb\",\"itemListElement\":[{\"@type\":\"ListItem\",\"position\":1,\"name\":\"Accueil\",\"item\":\"https:\\\/\\\/www.info-algerie.com\\\/actualites\\\/\"},{\"@type\":\"ListItem\",\"position\":2,\"name\":\"D\u00e9brayage des enseignants \u00e0 Tin Zaouatine\"}]},{\"@type\":\"WebSite\",\"@id\":\"https:\\\/\\\/www.info-algerie.com\\\/actualites\\\/#website\",\"url\":\"https:\\\/\\\/www.info-algerie.com\\\/actualites\\\/\",\"name\":\"info algerie\",\"description\":\"Toutes les actualit\u00e9s\",\"publisher\":{\"@id\":\"https:\\\/\\\/www.info-algerie.com\\\/actualites\\\/#organization\"},\"potentialAction\":[{\"@type\":\"SearchAction\",\"target\":{\"@type\":\"EntryPoint\",\"urlTemplate\":\"https:\\\/\\\/www.info-algerie.com\\\/actualites\\\/?s={search_term_string}\"},\"query-input\":{\"@type\":\"PropertyValueSpecification\",\"valueRequired\":true,\"valueName\":\"search_term_string\"}}],\"inLanguage\":\"fr-FR\"},{\"@type\":\"Organization\",\"@id\":\"https:\\\/\\\/www.info-algerie.com\\\/actualites\\\/#organization\",\"name\":\"info algerie\",\"url\":\"https:\\\/\\\/www.info-algerie.com\\\/actualites\\\/\",\"logo\":{\"@type\":\"ImageObject\",\"inLanguage\":\"fr-FR\",\"@id\":\"https:\\\/\\\/www.info-algerie.com\\\/actualites\\\/#\\\/schema\\\/logo\\\/image\\\/\",\"url\":\"https:\\\/\\\/www.info-algerie.com\\\/actualites\\\/wp-content\\\/uploads\\\/2022\\\/07\\\/logo-ia-120.png\",\"contentUrl\":\"https:\\\/\\\/www.info-algerie.com\\\/actualites\\\/wp-content\\\/uploads\\\/2022\\\/07\\\/logo-ia-120.png\",\"width\":120,\"height\":43,\"caption\":\"info algerie\"},\"image\":{\"@id\":\"https:\\\/\\\/www.info-algerie.com\\\/actualites\\\/#\\\/schema\\\/logo\\\/image\\\/\"},\"sameAs\":[\"https:\\\/\\\/www.facebook.com\\\/infoalgerieactu\",\"https:\\\/\\\/x.com\\\/infoalgerie1\"]},{\"@type\":\"Person\",\"@id\":\"https:\\\/\\\/www.info-algerie.com\\\/actualites\\\/#\\\/schema\\\/person\\\/847aaec44920825b843a08f30ec6aa1e\",\"name\":\"La r\u00e9daction\",\"image\":{\"@type\":\"ImageObject\",\"inLanguage\":\"fr-FR\",\"@id\":\"https:\\\/\\\/secure.gravatar.com\\\/avatar\\\/769db425c6f465158149f1ffd6cf61ce7a8a879d11dfbef8288af36dfddd418c?s=96&d=mm&r=g\",\"url\":\"https:\\\/\\\/secure.gravatar.com\\\/avatar\\\/769db425c6f465158149f1ffd6cf61ce7a8a879d11dfbef8288af36dfddd418c?s=96&d=mm&r=g\",\"contentUrl\":\"https:\\\/\\\/secure.gravatar.com\\\/avatar\\\/769db425c6f465158149f1ffd6cf61ce7a8a879d11dfbef8288af36dfddd418c?s=96&d=mm&r=g\",\"caption\":\"La r\u00e9daction\"},\"sameAs\":[\"http:\\\/\\\/www.lkeria.com\\\/\"],\"url\":\"https:\\\/\\\/www.info-algerie.com\\\/actualites\\\/author\\\/chakib32\\\/\"}]}<\/script>\n<!-- \/ Yoast SEO plugin. -->","yoast_head_json":{"title":"D\u00e9brayage des enseignants \u00e0 Tin Zaouatine, wilaya de Tamanrasset","description":"Les\u00a0 enseignants\u00a0 gr\u00e9vistes\u00a0 \u00a0d\u00e9noncent\u00a0 \u00a0les\u00a0 abattements\u00a0 \u00a0sur\u00a0 les\u00a0 salaires d\u00e9cid\u00e9s \u201carbitrairement\u201d par l\u2019administration, mais aussi le probl\u00e8me du\u00a0 transport\u00a0 pendant\u00a0 \u00a0les\u00a0 p\u00e9riodes\u00a0 de\u00a0 cong\u00e9,\u00a0 le\u00a0 non-versement\u00a0 des\u00a0 primes\u00a0 de\u00a0 rendement\u00a0 trimestrielles\u00a0 et\u00a0 leurs conditions socioprofessionnelles difficiles.","robots":{"index":"index","follow":"follow","max-snippet":"max-snippet:-1","max-image-preview":"max-image-preview:large","max-video-preview":"max-video-preview:-1"},"canonical":"https:\/\/www.info-algerie.com\/actualites\/debrayage-des-enseignants-a-tin-zaouatine\/","og_locale":"fr_FR","og_type":"article","og_title":"D\u00e9brayage des enseignants \u00e0 Tin Zaouatine, wilaya de Tamanrasset","og_description":"Les\u00a0 enseignants\u00a0 gr\u00e9vistes\u00a0 \u00a0d\u00e9noncent\u00a0 \u00a0les\u00a0 abattements\u00a0 \u00a0sur\u00a0 les\u00a0 salaires d\u00e9cid\u00e9s \u201carbitrairement\u201d par l\u2019administration, mais aussi le probl\u00e8me du\u00a0 transport\u00a0 pendant\u00a0 \u00a0les\u00a0 p\u00e9riodes\u00a0 de\u00a0 cong\u00e9,\u00a0 le\u00a0 non-versement\u00a0 des\u00a0 primes\u00a0 de\u00a0 rendement\u00a0 trimestrielles\u00a0 et\u00a0 leurs conditions socioprofessionnelles difficiles.","og_url":"https:\/\/www.info-algerie.com\/actualites\/debrayage-des-enseignants-a-tin-zaouatine\/","og_site_name":"info algerie","article_publisher":"https:\/\/www.facebook.com\/infoalgerieactu","article_published_time":"2022-02-10T11:00:00+00:00","article_modified_time":"2022-02-10T16:53:04+00:00","og_image":[{"width":620,"height":410,"url":"https:\/\/www.info-algerie.com\/actualites\/wp-content\/uploads\/2022\/02\/protestation-des-enseignants-da\u00efra-tin-zaouatine.jpg","type":"image\/jpeg"}],"author":"La r\u00e9daction","twitter_misc":{"\u00c9crit par":"La r\u00e9daction","Dur\u00e9e de lecture estim\u00e9e":"3 minutes"},"schema":{"@context":"https:\/\/schema.org","@graph":[{"@type":"Article","@id":"https:\/\/www.info-algerie.com\/actualites\/debrayage-des-enseignants-a-tin-zaouatine\/#article","isPartOf":{"@id":"https:\/\/www.info-algerie.com\/actualites\/debrayage-des-enseignants-a-tin-zaouatine\/"},"author":{"name":"La r\u00e9daction","@id":"https:\/\/www.info-algerie.com\/actualites\/#\/schema\/person\/847aaec44920825b843a08f30ec6aa1e"},"headline":"D\u00e9brayage des enseignants \u00e0 Tin Zaouatine","datePublished":"2022-02-10T11:00:00+00:00","dateModified":"2022-02-10T16:53:04+00:00","mainEntityOfPage":{"@id":"https:\/\/www.info-algerie.com\/actualites\/debrayage-des-enseignants-a-tin-zaouatine\/"},"wordCount":699,"commentCount":0,"publisher":{"@id":"https:\/\/www.info-algerie.com\/actualites\/#organization"},"image":{"@id":"https:\/\/www.info-algerie.com\/actualites\/debrayage-des-enseignants-a-tin-zaouatine\/#primaryimage"},"thumbnailUrl":"https:\/\/www.info-algerie.com\/actualites\/wp-content\/uploads\/2022\/02\/protestation-des-enseignants-da\u00efra-tin-zaouatine.jpg","keywords":["enseignants","gr\u00e9ve","tamanrasset"],"articleSection":["infos"],"inLanguage":"fr-FR","potentialAction":[{"@type":"CommentAction","name":"Comment","target":["https:\/\/www.info-algerie.com\/actualites\/debrayage-des-enseignants-a-tin-zaouatine\/#respond"]}]},{"@type":"WebPage","@id":"https:\/\/www.info-algerie.com\/actualites\/debrayage-des-enseignants-a-tin-zaouatine\/","url":"https:\/\/www.info-algerie.com\/actualites\/debrayage-des-enseignants-a-tin-zaouatine\/","name":"D\u00e9brayage des enseignants \u00e0 Tin Zaouatine, wilaya de Tamanrasset","isPartOf":{"@id":"https:\/\/www.info-algerie.com\/actualites\/#website"},"primaryImageOfPage":{"@id":"https:\/\/www.info-algerie.com\/actualites\/debrayage-des-enseignants-a-tin-zaouatine\/#primaryimage"},"image":{"@id":"https:\/\/www.info-algerie.com\/actualites\/debrayage-des-enseignants-a-tin-zaouatine\/#primaryimage"},"thumbnailUrl":"https:\/\/www.info-algerie.com\/actualites\/wp-content\/uploads\/2022\/02\/protestation-des-enseignants-da\u00efra-tin-zaouatine.jpg","datePublished":"2022-02-10T11:00:00+00:00","dateModified":"2022-02-10T16:53:04+00:00","description":"Les\u00a0 enseignants\u00a0 gr\u00e9vistes\u00a0 \u00a0d\u00e9noncent\u00a0 \u00a0les\u00a0 abattements\u00a0 \u00a0sur\u00a0 les\u00a0 salaires d\u00e9cid\u00e9s \u201carbitrairement\u201d par l\u2019administration, mais aussi le probl\u00e8me du\u00a0 transport\u00a0 pendant\u00a0 \u00a0les\u00a0 p\u00e9riodes\u00a0 de\u00a0 cong\u00e9,\u00a0 le\u00a0 non-versement\u00a0 des\u00a0 primes\u00a0 de\u00a0 rendement\u00a0 trimestrielles\u00a0 et\u00a0 leurs conditions socioprofessionnelles difficiles.","breadcrumb":{"@id":"https:\/\/www.info-algerie.com\/actualites\/debrayage-des-enseignants-a-tin-zaouatine\/#breadcrumb"},"inLanguage":"fr-FR","potentialAction":[{"@type":"ReadAction","target":["https:\/\/www.info-algerie.com\/actualites\/debrayage-des-enseignants-a-tin-zaouatine\/"]}]},{"@type":"ImageObject","inLanguage":"fr-FR","@id":"https:\/\/www.info-algerie.com\/actualites\/debrayage-des-enseignants-a-tin-zaouatine\/#primaryimage","url":"https:\/\/www.info-algerie.com\/actualites\/wp-content\/uploads\/2022\/02\/protestation-des-enseignants-da\u00efra-tin-zaouatine.jpg","contentUrl":"https:\/\/www.info-algerie.com\/actualites\/wp-content\/uploads\/2022\/02\/protestation-des-enseignants-da\u00efra-tin-zaouatine.jpg","width":620,"height":410,"caption":"D\u00e9brayage des enseignants \u00e0 Tin Zaouatine"},{"@type":"BreadcrumbList","@id":"https:\/\/www.info-algerie.com\/actualites\/debrayage-des-enseignants-a-tin-zaouatine\/#breadcrumb","itemListElement":[{"@type":"ListItem","position":1,"name":"Accueil","item":"https:\/\/www.info-algerie.com\/actualites\/"},{"@type":"ListItem","position":2,"name":"D\u00e9brayage des enseignants \u00e0 Tin Zaouatine"}]},{"@type":"WebSite","@id":"https:\/\/www.info-algerie.com\/actualites\/#website","url":"https:\/\/www.info-algerie.com\/actualites\/","name":"info algerie","description":"Toutes les actualit\u00e9s","publisher":{"@id":"https:\/\/www.info-algerie.com\/actualites\/#organization"},"potentialAction":[{"@type":"SearchAction","target":{"@type":"EntryPoint","urlTemplate":"https:\/\/www.info-algerie.com\/actualites\/?s={search_term_string}"},"query-input":{"@type":"PropertyValueSpecification","valueRequired":true,"valueName":"search_term_string"}}],"inLanguage":"fr-FR"},{"@type":"Organization","@id":"https:\/\/www.info-algerie.com\/actualites\/#organization","name":"info algerie","url":"https:\/\/www.info-algerie.com\/actualites\/","logo":{"@type":"ImageObject","inLanguage":"fr-FR","@id":"https:\/\/www.info-algerie.com\/actualites\/#\/schema\/logo\/image\/","url":"https:\/\/www.info-algerie.com\/actualites\/wp-content\/uploads\/2022\/07\/logo-ia-120.png","contentUrl":"https:\/\/www.info-algerie.com\/actualites\/wp-content\/uploads\/2022\/07\/logo-ia-120.png","width":120,"height":43,"caption":"info algerie"},"image":{"@id":"https:\/\/www.info-algerie.com\/actualites\/#\/schema\/logo\/image\/"},"sameAs":["https:\/\/www.facebook.com\/infoalgerieactu","https:\/\/x.com\/infoalgerie1"]},{"@type":"Person","@id":"https:\/\/www.info-algerie.com\/actualites\/#\/schema\/person\/847aaec44920825b843a08f30ec6aa1e","name":"La r\u00e9daction","image":{"@type":"ImageObject","inLanguage":"fr-FR","@id":"https:\/\/secure.gravatar.com\/avatar\/769db425c6f465158149f1ffd6cf61ce7a8a879d11dfbef8288af36dfddd418c?s=96&d=mm&r=g","url":"https:\/\/secure.gravatar.com\/avatar\/769db425c6f465158149f1ffd6cf61ce7a8a879d11dfbef8288af36dfddd418c?s=96&d=mm&r=g","contentUrl":"https:\/\/secure.gravatar.com\/avatar\/769db425c6f465158149f1ffd6cf61ce7a8a879d11dfbef8288af36dfddd418c?s=96&d=mm&r=g","caption":"La r\u00e9daction"},"sameAs":["http:\/\/www.lkeria.com\/"],"url":"https:\/\/www.info-algerie.com\/actualites\/author\/chakib32\/"}]}},"_links":{"self":[{"href":"https:\/\/www.info-algerie.com\/actualites\/wp-json\/wp\/v2\/posts\/26820","targetHints":{"allow":["GET"]}}],"collection":[{"href":"https:\/\/www.info-algerie.com\/actualites\/wp-json\/wp\/v2\/posts"}],"about":[{"href":"https:\/\/www.info-algerie.com\/actualites\/wp-json\/wp\/v2\/types\/post"}],"author":[{"embeddable":true,"href":"https:\/\/www.info-algerie.com\/actualites\/wp-json\/wp\/v2\/users\/6"}],"replies":[{"embeddable":true,"href":"https:\/\/www.info-algerie.com\/actualites\/wp-json\/wp\/v2\/comments?post=26820"}],"version-history":[{"count":2,"href":"https:\/\/www.info-algerie.com\/actualites\/wp-json\/wp\/v2\/posts\/26820\/revisions"}],"predecessor-version":[{"id":26835,"href":"https:\/\/www.info-algerie.com\/actualites\/wp-json\/wp\/v2\/posts\/26820\/revisions\/26835"}],"wp:featuredmedia":[{"embeddable":true,"href":"https:\/\/www.info-algerie.com\/actualites\/wp-json\/wp\/v2\/media\/26834"}],"wp:attachment":[{"href":"https:\/\/www.info-algerie.com\/actualites\/wp-json\/wp\/v2\/media?parent=26820"}],"wp:term":[{"taxonomy":"category","embeddable":true,"href":"https:\/\/www.info-algerie.com\/actualites\/wp-json\/wp\/v2\/categories?post=26820"},{"taxonomy":"post_tag","embeddable":true,"href":"https:\/\/www.info-algerie.com\/actualites\/wp-json\/wp\/v2\/tags?post=26820"}],"curies":[{"name":"wp","href":"https:\/\/api.w.org\/{rel}","templated":true}]}}