{"id":26912,"date":"2022-02-12T12:00:00","date_gmt":"2022-02-12T11:00:00","guid":{"rendered":"https:\/\/www.info-algerie.com\/actualites\/vers-la-suppression-de-la-ligue-des-champions-et-de-la-coupe-de-la-confederation\/"},"modified":"2022-02-12T18:57:29","modified_gmt":"2022-02-12T17:57:29","slug":"vers-la-suppression-de-la-ligue-des-champions-et-de-la-coupe-de-la-confederation","status":"publish","type":"post","link":"https:\/\/www.info-algerie.com\/actualites\/vers-la-suppression-de-la-ligue-des-champions-et-de-la-coupe-de-la-confederation\/","title":{"rendered":"Vers la suppression de la Ligue des champions et de la Coupe de la Conf\u00e9d\u00e9ration"},"content":{"rendered":"<p>La Conf\u00e9d\u00e9ration africaine de football (CAF) songerait \u00e0 supprimer ces deux comp\u00e9titions interclubs : Ligue des champions et Coupe de la Conf\u00e9d\u00e9ration africaine, pour les remplacer par la Super Ligue et la Coupe d\u2019Afrique des champions, rapporte jeudi le site \u00e9gyptien Filgoal, citant une source de l\u2019instance continentale.<\/p>\n<p>L\u2019instance footballistique africaine entend lancer la Super Ligue \u00e0 compter de la saison prochaine et aurait d\u00e9j\u00e0 le feu vert de la F\u00e9d\u00e9ration internationale (FIFA), pr\u00e9cise la m\u00eame source.<\/p>\n<p>\u201cNous esp\u00e9rons que la Super Ligue commence l\u2019ann\u00e9e prochaine et que la Ligue des champions d\u2019Afrique et la Coupe de la Conf\u00e9d\u00e9ration soient annul\u00e9es et remplac\u00e9es par la Super Ligue et un autre tournoi intitul\u00e9 la Coupe des champions d\u2019Afrique\u201d, a d\u00e9clar\u00e9 une source au sein de la CAF, cit\u00e9e par le site \u00e9gyptien. Et d\u2019ajouter : \u201cLe pr\u00e9sident de la CAF, Patrice Motsepe, a commenc\u00e9 \u00e0 n\u00e9gocier les droits de sponsoring de la Super Ligue.<\/p>\n<p>L\u2019objectif est de maximiser les profits et d\u2019atteindre des r\u00e9compenses financi\u00e8res de plus de 20 millions de dollars.\u201d La premi\u00e8re\u00a0comp\u00e9tition serait constitu\u00e9e des 24 meilleures formations du continent avec un format de trois poules.<\/p>\n<p>Les cinq premiers de chaque poule, ainsi que le meilleur troisi\u00e8me des trois poules se qualifient pour les huiti\u00e8mes de finale. Concernant la Coupe d\u2019Afrique des champions, les d\u00e9tails n\u2019ont pas encore \u00e9t\u00e9 communiqu\u00e9s.<\/p>\n<p>Pour rappel, le projet d\u2019une Super Ligue en Europe, initi\u00e9 par plusieurs clubs connus, tels que le Real Madrid et le FC Barcelone, n\u2019a pas vu le jour, apr\u00e8s avoir \u00e9t\u00e9 refus\u00e9 par l\u2019Union europ\u00e9enne de football (UEFA).<\/p>\n<p>Source: <a href=\"https:\/\/www.liberte-algerie.com\/sports\/vers-la-suppression-de-la-ligue-des-champions-et-de-la-coupe-de-la-confederation-373139\" target=\"_blank\" rel=\"noopener\">Vers la suppression de la Ligue des champions et de la Coupe de la Conf\u00e9d\u00e9ration<\/a><\/p>\n<!--CusAds0-->\n<div style=\"font-size: 0px; height: 0px; line-height: 0px; margin: 0; padding: 0; clear: both;\"><\/div>","protected":false},"excerpt":{"rendered":"<p>La Conf\u00e9d\u00e9ration africaine de football (CAF) songerait \u00e0 supprimer ces deux comp\u00e9titions interclubs : Ligue des champions et Coupe de la Conf\u00e9d\u00e9ration africaine, pour les remplacer par la Super Ligue et la Coupe d\u2019Afrique des champions, rapporte jeudi le site \u00e9gyptien Filgoal, citant une source de l\u2019instance continentale. L\u2019instance footballistique africaine entend lancer la Super<\/p>\n","protected":false},"author":6,"featured_media":26915,"comment_status":"open","ping_status":"open","sticky":false,"template":"","format":"standard","meta":{"footnotes":""},"categories":[6],"tags":[191,190],"class_list":["post-26912","post","type-post","status-publish","format-standard","has-post-thumbnail","hentry","category-sport","tag-coupe-de-la-confederation","tag-ligue-des-champions"],"yoast_head":"<!-- This site is optimized with the Yoast SEO plugin v27.5 - https:\/\/yoast.com\/product\/yoast-seo-wordpress\/ -->\n<title>Suppression de la ligue des champions et de la Coupe de la Conf\u00e9d\u00e9ration<\/title>\n<meta name=\"description\" content=\"La Conf\u00e9d\u00e9ration africaine de football (CAF) songerait \u00e0 supprimer ces deux comp\u00e9titions interclubs : Ligue des champions et Coupe de la Conf\u00e9d\u00e9ration africaine, pour les remplacer par la Super Ligue et la Coupe d\u2019Afrique des champions,\" \/>\n<meta name=\"robots\" content=\"index, follow, max-snippet:-1, max-image-preview:large, max-video-preview:-1\" \/>\n<link rel=\"canonical\" href=\"https:\/\/www.info-algerie.com\/actualites\/vers-la-suppression-de-la-ligue-des-champions-et-de-la-coupe-de-la-confederation\/\" \/>\n<meta property=\"og:locale\" content=\"fr_FR\" \/>\n<meta property=\"og:type\" content=\"article\" \/>\n<meta property=\"og:title\" content=\"Suppression de la ligue des champions et de la Coupe de la Conf\u00e9d\u00e9ration\" \/>\n<meta property=\"og:description\" content=\"La Conf\u00e9d\u00e9ration africaine de football (CAF) songerait \u00e0 supprimer ces deux comp\u00e9titions interclubs : Ligue des champions et Coupe de la Conf\u00e9d\u00e9ration africaine, pour les remplacer par la Super Ligue et la Coupe d\u2019Afrique des champions,\" \/>\n<meta property=\"og:url\" content=\"https:\/\/www.info-algerie.com\/actualites\/vers-la-suppression-de-la-ligue-des-champions-et-de-la-coupe-de-la-confederation\/\" \/>\n<meta property=\"og:site_name\" content=\"info algerie\" \/>\n<meta property=\"article:publisher\" content=\"https:\/\/www.facebook.com\/infoalgerieactu\" \/>\n<meta property=\"article:published_time\" content=\"2022-02-12T11:00:00+00:00\" \/>\n<meta property=\"article:modified_time\" content=\"2022-02-12T17:57:29+00:00\" \/>\n<meta property=\"og:image\" content=\"https:\/\/www.info-algerie.com\/actualites\/wp-content\/uploads\/2022\/02\/suppression-de-la-ligue-des-champions-et-de-la-coupe-de-la-conf\u00e9d\u00e9ration.jpg\" \/>\n\t<meta property=\"og:image:width\" content=\"390\" \/>\n\t<meta property=\"og:image:height\" content=\"260\" \/>\n\t<meta property=\"og:image:type\" content=\"image\/jpeg\" \/>\n<meta name=\"author\" content=\"La r\u00e9daction\" \/>\n<meta name=\"twitter:label1\" content=\"\u00c9crit par\" \/>\n\t<meta name=\"twitter:data1\" content=\"La r\u00e9daction\" \/>\n\t<meta name=\"twitter:label2\" content=\"Dur\u00e9e de lecture estim\u00e9e\" \/>\n\t<meta name=\"twitter:data2\" content=\"2 minutes\" \/>\n<script type=\"application\/ld+json\" class=\"yoast-schema-graph\">{\"@context\":\"https:\\\/\\\/schema.org\",\"@graph\":[{\"@type\":\"Article\",\"@id\":\"https:\\\/\\\/www.info-algerie.com\\\/actualites\\\/vers-la-suppression-de-la-ligue-des-champions-et-de-la-coupe-de-la-confederation\\\/#article\",\"isPartOf\":{\"@id\":\"https:\\\/\\\/www.info-algerie.com\\\/actualites\\\/vers-la-suppression-de-la-ligue-des-champions-et-de-la-coupe-de-la-confederation\\\/\"},\"author\":{\"name\":\"La r\u00e9daction\",\"@id\":\"https:\\\/\\\/www.info-algerie.com\\\/actualites\\\/#\\\/schema\\\/person\\\/847aaec44920825b843a08f30ec6aa1e\"},\"headline\":\"Vers la suppression de la Ligue des champions et de la Coupe de la Conf\u00e9d\u00e9ration\",\"datePublished\":\"2022-02-12T11:00:00+00:00\",\"dateModified\":\"2022-02-12T17:57:29+00:00\",\"mainEntityOfPage\":{\"@id\":\"https:\\\/\\\/www.info-algerie.com\\\/actualites\\\/vers-la-suppression-de-la-ligue-des-champions-et-de-la-coupe-de-la-confederation\\\/\"},\"wordCount\":333,\"commentCount\":0,\"publisher\":{\"@id\":\"https:\\\/\\\/www.info-algerie.com\\\/actualites\\\/#organization\"},\"image\":{\"@id\":\"https:\\\/\\\/www.info-algerie.com\\\/actualites\\\/vers-la-suppression-de-la-ligue-des-champions-et-de-la-coupe-de-la-confederation\\\/#primaryimage\"},\"thumbnailUrl\":\"https:\\\/\\\/www.info-algerie.com\\\/actualites\\\/wp-content\\\/uploads\\\/2022\\\/02\\\/suppression-de-la-ligue-des-champions-et-de-la-coupe-de-la-conf\u00e9d\u00e9ration.jpg\",\"keywords\":[\"Coupe de la Conf\u00e9d\u00e9ration\",\"Ligue des champions\"],\"articleSection\":[\"sport\"],\"inLanguage\":\"fr-FR\",\"potentialAction\":[{\"@type\":\"CommentAction\",\"name\":\"Comment\",\"target\":[\"https:\\\/\\\/www.info-algerie.com\\\/actualites\\\/vers-la-suppression-de-la-ligue-des-champions-et-de-la-coupe-de-la-confederation\\\/#respond\"]}]},{\"@type\":\"WebPage\",\"@id\":\"https:\\\/\\\/www.info-algerie.com\\\/actualites\\\/vers-la-suppression-de-la-ligue-des-champions-et-de-la-coupe-de-la-confederation\\\/\",\"url\":\"https:\\\/\\\/www.info-algerie.com\\\/actualites\\\/vers-la-suppression-de-la-ligue-des-champions-et-de-la-coupe-de-la-confederation\\\/\",\"name\":\"Suppression de la ligue des champions et de la Coupe de la Conf\u00e9d\u00e9ration\",\"isPartOf\":{\"@id\":\"https:\\\/\\\/www.info-algerie.com\\\/actualites\\\/#website\"},\"primaryImageOfPage\":{\"@id\":\"https:\\\/\\\/www.info-algerie.com\\\/actualites\\\/vers-la-suppression-de-la-ligue-des-champions-et-de-la-coupe-de-la-confederation\\\/#primaryimage\"},\"image\":{\"@id\":\"https:\\\/\\\/www.info-algerie.com\\\/actualites\\\/vers-la-suppression-de-la-ligue-des-champions-et-de-la-coupe-de-la-confederation\\\/#primaryimage\"},\"thumbnailUrl\":\"https:\\\/\\\/www.info-algerie.com\\\/actualites\\\/wp-content\\\/uploads\\\/2022\\\/02\\\/suppression-de-la-ligue-des-champions-et-de-la-coupe-de-la-conf\u00e9d\u00e9ration.jpg\",\"datePublished\":\"2022-02-12T11:00:00+00:00\",\"dateModified\":\"2022-02-12T17:57:29+00:00\",\"description\":\"La Conf\u00e9d\u00e9ration africaine de football (CAF) songerait \u00e0 supprimer ces deux comp\u00e9titions interclubs : Ligue des champions et Coupe de la Conf\u00e9d\u00e9ration africaine, pour les remplacer par la Super Ligue et la Coupe d\u2019Afrique des champions,\",\"breadcrumb\":{\"@id\":\"https:\\\/\\\/www.info-algerie.com\\\/actualites\\\/vers-la-suppression-de-la-ligue-des-champions-et-de-la-coupe-de-la-confederation\\\/#breadcrumb\"},\"inLanguage\":\"fr-FR\",\"potentialAction\":[{\"@type\":\"ReadAction\",\"target\":[\"https:\\\/\\\/www.info-algerie.com\\\/actualites\\\/vers-la-suppression-de-la-ligue-des-champions-et-de-la-coupe-de-la-confederation\\\/\"]}]},{\"@type\":\"ImageObject\",\"inLanguage\":\"fr-FR\",\"@id\":\"https:\\\/\\\/www.info-algerie.com\\\/actualites\\\/vers-la-suppression-de-la-ligue-des-champions-et-de-la-coupe-de-la-confederation\\\/#primaryimage\",\"url\":\"https:\\\/\\\/www.info-algerie.com\\\/actualites\\\/wp-content\\\/uploads\\\/2022\\\/02\\\/suppression-de-la-ligue-des-champions-et-de-la-coupe-de-la-conf\u00e9d\u00e9ration.jpg\",\"contentUrl\":\"https:\\\/\\\/www.info-algerie.com\\\/actualites\\\/wp-content\\\/uploads\\\/2022\\\/02\\\/suppression-de-la-ligue-des-champions-et-de-la-coupe-de-la-conf\u00e9d\u00e9ration.jpg\",\"width\":390,\"height\":260,\"caption\":\"suppression de la Ligue des champions et de la Coupe de la Conf\u00e9d\u00e9ration\"},{\"@type\":\"BreadcrumbList\",\"@id\":\"https:\\\/\\\/www.info-algerie.com\\\/actualites\\\/vers-la-suppression-de-la-ligue-des-champions-et-de-la-coupe-de-la-confederation\\\/#breadcrumb\",\"itemListElement\":[{\"@type\":\"ListItem\",\"position\":1,\"name\":\"Accueil\",\"item\":\"https:\\\/\\\/www.info-algerie.com\\\/actualites\\\/\"},{\"@type\":\"ListItem\",\"position\":2,\"name\":\"Vers la suppression de la Ligue des champions et de la Coupe de la Conf\u00e9d\u00e9ration\"}]},{\"@type\":\"WebSite\",\"@id\":\"https:\\\/\\\/www.info-algerie.com\\\/actualites\\\/#website\",\"url\":\"https:\\\/\\\/www.info-algerie.com\\\/actualites\\\/\",\"name\":\"info algerie\",\"description\":\"Toutes les actualit\u00e9s\",\"publisher\":{\"@id\":\"https:\\\/\\\/www.info-algerie.com\\\/actualites\\\/#organization\"},\"potentialAction\":[{\"@type\":\"SearchAction\",\"target\":{\"@type\":\"EntryPoint\",\"urlTemplate\":\"https:\\\/\\\/www.info-algerie.com\\\/actualites\\\/?s={search_term_string}\"},\"query-input\":{\"@type\":\"PropertyValueSpecification\",\"valueRequired\":true,\"valueName\":\"search_term_string\"}}],\"inLanguage\":\"fr-FR\"},{\"@type\":\"Organization\",\"@id\":\"https:\\\/\\\/www.info-algerie.com\\\/actualites\\\/#organization\",\"name\":\"info algerie\",\"url\":\"https:\\\/\\\/www.info-algerie.com\\\/actualites\\\/\",\"logo\":{\"@type\":\"ImageObject\",\"inLanguage\":\"fr-FR\",\"@id\":\"https:\\\/\\\/www.info-algerie.com\\\/actualites\\\/#\\\/schema\\\/logo\\\/image\\\/\",\"url\":\"https:\\\/\\\/www.info-algerie.com\\\/actualites\\\/wp-content\\\/uploads\\\/2022\\\/07\\\/logo-ia-120.png\",\"contentUrl\":\"https:\\\/\\\/www.info-algerie.com\\\/actualites\\\/wp-content\\\/uploads\\\/2022\\\/07\\\/logo-ia-120.png\",\"width\":120,\"height\":43,\"caption\":\"info algerie\"},\"image\":{\"@id\":\"https:\\\/\\\/www.info-algerie.com\\\/actualites\\\/#\\\/schema\\\/logo\\\/image\\\/\"},\"sameAs\":[\"https:\\\/\\\/www.facebook.com\\\/infoalgerieactu\",\"https:\\\/\\\/x.com\\\/infoalgerie1\"]},{\"@type\":\"Person\",\"@id\":\"https:\\\/\\\/www.info-algerie.com\\\/actualites\\\/#\\\/schema\\\/person\\\/847aaec44920825b843a08f30ec6aa1e\",\"name\":\"La r\u00e9daction\",\"image\":{\"@type\":\"ImageObject\",\"inLanguage\":\"fr-FR\",\"@id\":\"https:\\\/\\\/secure.gravatar.com\\\/avatar\\\/769db425c6f465158149f1ffd6cf61ce7a8a879d11dfbef8288af36dfddd418c?s=96&d=mm&r=g\",\"url\":\"https:\\\/\\\/secure.gravatar.com\\\/avatar\\\/769db425c6f465158149f1ffd6cf61ce7a8a879d11dfbef8288af36dfddd418c?s=96&d=mm&r=g\",\"contentUrl\":\"https:\\\/\\\/secure.gravatar.com\\\/avatar\\\/769db425c6f465158149f1ffd6cf61ce7a8a879d11dfbef8288af36dfddd418c?s=96&d=mm&r=g\",\"caption\":\"La r\u00e9daction\"},\"sameAs\":[\"http:\\\/\\\/www.lkeria.com\\\/\"],\"url\":\"https:\\\/\\\/www.info-algerie.com\\\/actualites\\\/author\\\/chakib32\\\/\"}]}<\/script>\n<!-- \/ Yoast SEO plugin. -->","yoast_head_json":{"title":"Suppression de la ligue des champions et de la Coupe de la Conf\u00e9d\u00e9ration","description":"La Conf\u00e9d\u00e9ration africaine de football (CAF) songerait \u00e0 supprimer ces deux comp\u00e9titions interclubs : Ligue des champions et Coupe de la Conf\u00e9d\u00e9ration africaine, pour les remplacer par la Super Ligue et la Coupe d\u2019Afrique des champions,","robots":{"index":"index","follow":"follow","max-snippet":"max-snippet:-1","max-image-preview":"max-image-preview:large","max-video-preview":"max-video-preview:-1"},"canonical":"https:\/\/www.info-algerie.com\/actualites\/vers-la-suppression-de-la-ligue-des-champions-et-de-la-coupe-de-la-confederation\/","og_locale":"fr_FR","og_type":"article","og_title":"Suppression de la ligue des champions et de la Coupe de la Conf\u00e9d\u00e9ration","og_description":"La Conf\u00e9d\u00e9ration africaine de football (CAF) songerait \u00e0 supprimer ces deux comp\u00e9titions interclubs : Ligue des champions et Coupe de la Conf\u00e9d\u00e9ration africaine, pour les remplacer par la Super Ligue et la Coupe d\u2019Afrique des champions,","og_url":"https:\/\/www.info-algerie.com\/actualites\/vers-la-suppression-de-la-ligue-des-champions-et-de-la-coupe-de-la-confederation\/","og_site_name":"info algerie","article_publisher":"https:\/\/www.facebook.com\/infoalgerieactu","article_published_time":"2022-02-12T11:00:00+00:00","article_modified_time":"2022-02-12T17:57:29+00:00","og_image":[{"width":390,"height":260,"url":"https:\/\/www.info-algerie.com\/actualites\/wp-content\/uploads\/2022\/02\/suppression-de-la-ligue-des-champions-et-de-la-coupe-de-la-conf\u00e9d\u00e9ration.jpg","type":"image\/jpeg"}],"author":"La r\u00e9daction","twitter_misc":{"\u00c9crit par":"La r\u00e9daction","Dur\u00e9e de lecture estim\u00e9e":"2 minutes"},"schema":{"@context":"https:\/\/schema.org","@graph":[{"@type":"Article","@id":"https:\/\/www.info-algerie.com\/actualites\/vers-la-suppression-de-la-ligue-des-champions-et-de-la-coupe-de-la-confederation\/#article","isPartOf":{"@id":"https:\/\/www.info-algerie.com\/actualites\/vers-la-suppression-de-la-ligue-des-champions-et-de-la-coupe-de-la-confederation\/"},"author":{"name":"La r\u00e9daction","@id":"https:\/\/www.info-algerie.com\/actualites\/#\/schema\/person\/847aaec44920825b843a08f30ec6aa1e"},"headline":"Vers la suppression de la Ligue des champions et de la Coupe de la Conf\u00e9d\u00e9ration","datePublished":"2022-02-12T11:00:00+00:00","dateModified":"2022-02-12T17:57:29+00:00","mainEntityOfPage":{"@id":"https:\/\/www.info-algerie.com\/actualites\/vers-la-suppression-de-la-ligue-des-champions-et-de-la-coupe-de-la-confederation\/"},"wordCount":333,"commentCount":0,"publisher":{"@id":"https:\/\/www.info-algerie.com\/actualites\/#organization"},"image":{"@id":"https:\/\/www.info-algerie.com\/actualites\/vers-la-suppression-de-la-ligue-des-champions-et-de-la-coupe-de-la-confederation\/#primaryimage"},"thumbnailUrl":"https:\/\/www.info-algerie.com\/actualites\/wp-content\/uploads\/2022\/02\/suppression-de-la-ligue-des-champions-et-de-la-coupe-de-la-conf\u00e9d\u00e9ration.jpg","keywords":["Coupe de la Conf\u00e9d\u00e9ration","Ligue des champions"],"articleSection":["sport"],"inLanguage":"fr-FR","potentialAction":[{"@type":"CommentAction","name":"Comment","target":["https:\/\/www.info-algerie.com\/actualites\/vers-la-suppression-de-la-ligue-des-champions-et-de-la-coupe-de-la-confederation\/#respond"]}]},{"@type":"WebPage","@id":"https:\/\/www.info-algerie.com\/actualites\/vers-la-suppression-de-la-ligue-des-champions-et-de-la-coupe-de-la-confederation\/","url":"https:\/\/www.info-algerie.com\/actualites\/vers-la-suppression-de-la-ligue-des-champions-et-de-la-coupe-de-la-confederation\/","name":"Suppression de la ligue des champions et de la Coupe de la Conf\u00e9d\u00e9ration","isPartOf":{"@id":"https:\/\/www.info-algerie.com\/actualites\/#website"},"primaryImageOfPage":{"@id":"https:\/\/www.info-algerie.com\/actualites\/vers-la-suppression-de-la-ligue-des-champions-et-de-la-coupe-de-la-confederation\/#primaryimage"},"image":{"@id":"https:\/\/www.info-algerie.com\/actualites\/vers-la-suppression-de-la-ligue-des-champions-et-de-la-coupe-de-la-confederation\/#primaryimage"},"thumbnailUrl":"https:\/\/www.info-algerie.com\/actualites\/wp-content\/uploads\/2022\/02\/suppression-de-la-ligue-des-champions-et-de-la-coupe-de-la-conf\u00e9d\u00e9ration.jpg","datePublished":"2022-02-12T11:00:00+00:00","dateModified":"2022-02-12T17:57:29+00:00","description":"La Conf\u00e9d\u00e9ration africaine de football (CAF) songerait \u00e0 supprimer ces deux comp\u00e9titions interclubs : Ligue des champions et Coupe de la Conf\u00e9d\u00e9ration africaine, pour les remplacer par la Super Ligue et la Coupe d\u2019Afrique des champions,","breadcrumb":{"@id":"https:\/\/www.info-algerie.com\/actualites\/vers-la-suppression-de-la-ligue-des-champions-et-de-la-coupe-de-la-confederation\/#breadcrumb"},"inLanguage":"fr-FR","potentialAction":[{"@type":"ReadAction","target":["https:\/\/www.info-algerie.com\/actualites\/vers-la-suppression-de-la-ligue-des-champions-et-de-la-coupe-de-la-confederation\/"]}]},{"@type":"ImageObject","inLanguage":"fr-FR","@id":"https:\/\/www.info-algerie.com\/actualites\/vers-la-suppression-de-la-ligue-des-champions-et-de-la-coupe-de-la-confederation\/#primaryimage","url":"https:\/\/www.info-algerie.com\/actualites\/wp-content\/uploads\/2022\/02\/suppression-de-la-ligue-des-champions-et-de-la-coupe-de-la-conf\u00e9d\u00e9ration.jpg","contentUrl":"https:\/\/www.info-algerie.com\/actualites\/wp-content\/uploads\/2022\/02\/suppression-de-la-ligue-des-champions-et-de-la-coupe-de-la-conf\u00e9d\u00e9ration.jpg","width":390,"height":260,"caption":"suppression de la Ligue des champions et de la Coupe de la Conf\u00e9d\u00e9ration"},{"@type":"BreadcrumbList","@id":"https:\/\/www.info-algerie.com\/actualites\/vers-la-suppression-de-la-ligue-des-champions-et-de-la-coupe-de-la-confederation\/#breadcrumb","itemListElement":[{"@type":"ListItem","position":1,"name":"Accueil","item":"https:\/\/www.info-algerie.com\/actualites\/"},{"@type":"ListItem","position":2,"name":"Vers la suppression de la Ligue des champions et de la Coupe de la Conf\u00e9d\u00e9ration"}]},{"@type":"WebSite","@id":"https:\/\/www.info-algerie.com\/actualites\/#website","url":"https:\/\/www.info-algerie.com\/actualites\/","name":"info algerie","description":"Toutes les actualit\u00e9s","publisher":{"@id":"https:\/\/www.info-algerie.com\/actualites\/#organization"},"potentialAction":[{"@type":"SearchAction","target":{"@type":"EntryPoint","urlTemplate":"https:\/\/www.info-algerie.com\/actualites\/?s={search_term_string}"},"query-input":{"@type":"PropertyValueSpecification","valueRequired":true,"valueName":"search_term_string"}}],"inLanguage":"fr-FR"},{"@type":"Organization","@id":"https:\/\/www.info-algerie.com\/actualites\/#organization","name":"info algerie","url":"https:\/\/www.info-algerie.com\/actualites\/","logo":{"@type":"ImageObject","inLanguage":"fr-FR","@id":"https:\/\/www.info-algerie.com\/actualites\/#\/schema\/logo\/image\/","url":"https:\/\/www.info-algerie.com\/actualites\/wp-content\/uploads\/2022\/07\/logo-ia-120.png","contentUrl":"https:\/\/www.info-algerie.com\/actualites\/wp-content\/uploads\/2022\/07\/logo-ia-120.png","width":120,"height":43,"caption":"info algerie"},"image":{"@id":"https:\/\/www.info-algerie.com\/actualites\/#\/schema\/logo\/image\/"},"sameAs":["https:\/\/www.facebook.com\/infoalgerieactu","https:\/\/x.com\/infoalgerie1"]},{"@type":"Person","@id":"https:\/\/www.info-algerie.com\/actualites\/#\/schema\/person\/847aaec44920825b843a08f30ec6aa1e","name":"La r\u00e9daction","image":{"@type":"ImageObject","inLanguage":"fr-FR","@id":"https:\/\/secure.gravatar.com\/avatar\/769db425c6f465158149f1ffd6cf61ce7a8a879d11dfbef8288af36dfddd418c?s=96&d=mm&r=g","url":"https:\/\/secure.gravatar.com\/avatar\/769db425c6f465158149f1ffd6cf61ce7a8a879d11dfbef8288af36dfddd418c?s=96&d=mm&r=g","contentUrl":"https:\/\/secure.gravatar.com\/avatar\/769db425c6f465158149f1ffd6cf61ce7a8a879d11dfbef8288af36dfddd418c?s=96&d=mm&r=g","caption":"La r\u00e9daction"},"sameAs":["http:\/\/www.lkeria.com\/"],"url":"https:\/\/www.info-algerie.com\/actualites\/author\/chakib32\/"}]}},"_links":{"self":[{"href":"https:\/\/www.info-algerie.com\/actualites\/wp-json\/wp\/v2\/posts\/26912","targetHints":{"allow":["GET"]}}],"collection":[{"href":"https:\/\/www.info-algerie.com\/actualites\/wp-json\/wp\/v2\/posts"}],"about":[{"href":"https:\/\/www.info-algerie.com\/actualites\/wp-json\/wp\/v2\/types\/post"}],"author":[{"embeddable":true,"href":"https:\/\/www.info-algerie.com\/actualites\/wp-json\/wp\/v2\/users\/6"}],"replies":[{"embeddable":true,"href":"https:\/\/www.info-algerie.com\/actualites\/wp-json\/wp\/v2\/comments?post=26912"}],"version-history":[{"count":2,"href":"https:\/\/www.info-algerie.com\/actualites\/wp-json\/wp\/v2\/posts\/26912\/revisions"}],"predecessor-version":[{"id":26916,"href":"https:\/\/www.info-algerie.com\/actualites\/wp-json\/wp\/v2\/posts\/26912\/revisions\/26916"}],"wp:featuredmedia":[{"embeddable":true,"href":"https:\/\/www.info-algerie.com\/actualites\/wp-json\/wp\/v2\/media\/26915"}],"wp:attachment":[{"href":"https:\/\/www.info-algerie.com\/actualites\/wp-json\/wp\/v2\/media?parent=26912"}],"wp:term":[{"taxonomy":"category","embeddable":true,"href":"https:\/\/www.info-algerie.com\/actualites\/wp-json\/wp\/v2\/categories?post=26912"},{"taxonomy":"post_tag","embeddable":true,"href":"https:\/\/www.info-algerie.com\/actualites\/wp-json\/wp\/v2\/tags?post=26912"}],"curies":[{"name":"wp","href":"https:\/\/api.w.org\/{rel}","templated":true}]}}