{"id":26913,"date":"2022-02-12T12:00:00","date_gmt":"2022-02-12T11:00:00","guid":{"rendered":"https:\/\/www.info-algerie.com\/actualites\/len-u18-de-football-retenue-pour-le-tournoi\/"},"modified":"2022-02-12T19:02:04","modified_gmt":"2022-02-12T18:02:04","slug":"len-u18-de-football-retenue-pour-le-tournoi","status":"publish","type":"post","link":"https:\/\/www.info-algerie.com\/actualites\/len-u18-de-football-retenue-pour-le-tournoi\/","title":{"rendered":"L\u2019\u00e9quipe nationale U18 de football retenue pour le tournoi des Jeux m\u00e9diterran\u00e9ens"},"content":{"rendered":"<p>La s\u00e9lection nationale U18 de foot repr\u00e9sentera l\u2019Alg\u00e9rie, lors de sa participation aux Jeux m\u00e9diterran\u00e9ens d\u2019Oran 2022. C\u2019est ce qu\u2019a annonc\u00e9 la F\u00e9d\u00e9ration alg\u00e9rienne de football dans un communiqu\u00e9 publi\u00e9, hier, sur son site officiel.<\/p>\n<p>\u201cLe choix de la cat\u00e9gorie des U18, s\u2019inscrit dans la strat\u00e9gie de la DTN en pr\u00e9vision des \u00e9ch\u00e9ances \u00e0 moyen terme (2025) o\u00f9 cette s\u00e9lection est appel\u00e9e \u00e0 prendre part \u00e0 plusieurs comp\u00e9titions, comme les Jeux sportifs islamiques, en Turquie 2022, et les Jeux arabes de la Jeunesse, en \u00c9gypte 2022 \u00e9galement\u201d, a indiqu\u00e9 la FAF. Et d\u2019ajouter : \u201cPour ce faire, la FAF avait obtenu l\u2019accord de la FIFA pour inscrire cette cat\u00e9gorie (joueurs n\u00e9s en 2004) dans le cadre de ce tournoi, d\u2019autant que c\u2019est au pays organisateur que revient le choix de la cat\u00e9gorie\u201d.<\/p>\n<p>L\u2019EN des U18 entra\u00een\u00e9e par l\u2019ex-international, Mourad Slatni, poursuivra sa pr\u00e9paration jusqu\u2019au coup d\u2019envoi des Jeux m\u00e9diterran\u00e9ens (du 24 juin au 5 juillet 2022), selon une feuille de route \u00e9tablie par la Direction technique nationale (DTN) et le staff technique.<\/p>\n<p>Pour rappel, les deux derni\u00e8res rencontres de cette cat\u00e9gorie remontent au mois d&rsquo;octobre 2021, o\u00f9 les co\u00e9quipiers du Lyonnais, Yannis Lagha, ont livr\u00e9 deux matchs de pr\u00e9paration contre leur homologue fran\u00e7ais \u00e0 Claire fontaine.<\/p>\n<p>Toutefois et pour se tenir pr\u00eat avant le jour J, \u201cune liste \u00e9largie de joueurs a \u00e9t\u00e9 \u00e9tablie \u00e0 cet effet, compos\u00e9e d\u2019\u00e9l\u00e9ments de l\u2019Acad\u00e9mie de la FAF de Khemis Miliana, des clubs locaux (professionnels et amateurs) et d\u2019autres \u00e9voluant \u00e0 l\u2019\u00e9tranger, notamment en France, en Espagne et en Italie\u201d, pr\u00e9cise la FAF.<\/p>\n<p>Quatre stades ont \u00e9t\u00e9 retenus pour le football : \u201cLe COJM a retenu quatre sites, \u00e0 savoir le nouveau stade olympique d\u2019Oran, celui d\u2019Ahmed- Zabana, celui de Sig, nouvellement r\u00e9ceptionn\u00e9 est en gazon naturel, tout comme celui de Mers El-Hadjadj.<\/p>\n<p>Quatre terrains d\u2019entra\u00eenement feront aussi partie du lot, comme Habib-Bouakeul, Es-S\u00e9nia et d\u2019autres sites dans un rayon de 50 km\u201d, indique la FAF qui pr\u00e9cise qu\u2019\u201centre 12 et 14 \u00e9quipes devraient prendre part \u00e0 ce tournoi, voire plus, dont l\u2019\u00e9quipe nationale qui participera avec la s\u00e9lection des U18\u201d.<\/p>\n<p>Source: <a href=\"https:\/\/www.liberte-algerie.com\/sports\/len-u18-de-football-retenue-pour-le-tournoi-373137\" target=\"_blank\" rel=\"noopener\">L\u2019EN U18 de football retenue pour le tournoi<\/a><\/p>\n<!--CusAds0-->\n<div style=\"font-size: 0px; height: 0px; line-height: 0px; margin: 0; padding: 0; clear: both;\"><\/div>","protected":false},"excerpt":{"rendered":"<p>La s\u00e9lection nationale U18 de foot repr\u00e9sentera l\u2019Alg\u00e9rie, lors de sa participation aux Jeux m\u00e9diterran\u00e9ens d\u2019Oran 2022. C\u2019est ce qu\u2019a annonc\u00e9 la F\u00e9d\u00e9ration alg\u00e9rienne de football dans un communiqu\u00e9 publi\u00e9, hier, sur son site officiel. \u201cLe choix de la cat\u00e9gorie des U18, s\u2019inscrit dans la strat\u00e9gie de la DTN en pr\u00e9vision des \u00e9ch\u00e9ances \u00e0 moyen<\/p>\n","protected":false},"author":6,"featured_media":26918,"comment_status":"open","ping_status":"open","sticky":false,"template":"","format":"standard","meta":{"footnotes":""},"categories":[6],"tags":[192,193],"class_list":["post-26913","post","type-post","status-publish","format-standard","has-post-thumbnail","hentry","category-sport","tag-equipe-nationale-u18","tag-u18"],"yoast_head":"<!-- This site is optimized with the Yoast SEO plugin v27.5 - https:\/\/yoast.com\/product\/yoast-seo-wordpress\/ -->\n<title>L\u2019\u00e9quipe nationale U18 de football retenue pour le tournoi<\/title>\n<meta name=\"description\" content=\"La s\u00e9lection nationale de football U18 repr\u00e9sentera l\u2019Alg\u00e9rie, lors de sa participation aux Jeux m\u00e9diterran\u00e9ens d\u2019Oran 2022. C\u2019est ce qu\u2019a annonc\u00e9 la F\u00e9d\u00e9ration alg\u00e9rienne de football dans un communiqu\u00e9 publi\u00e9, hier, sur son site officiel.\" \/>\n<meta name=\"robots\" content=\"index, follow, max-snippet:-1, max-image-preview:large, max-video-preview:-1\" \/>\n<link rel=\"canonical\" href=\"https:\/\/www.info-algerie.com\/actualites\/len-u18-de-football-retenue-pour-le-tournoi\/\" \/>\n<meta property=\"og:locale\" content=\"fr_FR\" \/>\n<meta property=\"og:type\" content=\"article\" \/>\n<meta property=\"og:title\" content=\"L\u2019\u00e9quipe nationale U18 de football retenue pour le tournoi\" \/>\n<meta property=\"og:description\" content=\"La s\u00e9lection nationale de football U18 repr\u00e9sentera l\u2019Alg\u00e9rie, lors de sa participation aux Jeux m\u00e9diterran\u00e9ens d\u2019Oran 2022. C\u2019est ce qu\u2019a annonc\u00e9 la F\u00e9d\u00e9ration alg\u00e9rienne de football dans un communiqu\u00e9 publi\u00e9, hier, sur son site officiel.\" \/>\n<meta property=\"og:url\" content=\"https:\/\/www.info-algerie.com\/actualites\/len-u18-de-football-retenue-pour-le-tournoi\/\" \/>\n<meta property=\"og:site_name\" content=\"info algerie\" \/>\n<meta property=\"article:publisher\" content=\"https:\/\/www.facebook.com\/infoalgerieactu\" \/>\n<meta property=\"article:published_time\" content=\"2022-02-12T11:00:00+00:00\" \/>\n<meta property=\"article:modified_time\" content=\"2022-02-12T18:02:04+00:00\" \/>\n<meta property=\"og:image\" content=\"https:\/\/www.info-algerie.com\/actualites\/wp-content\/uploads\/2022\/02\/\u00e9quipe-nationale-U18.jpg\" \/>\n\t<meta property=\"og:image:width\" content=\"745\" \/>\n\t<meta property=\"og:image:height\" content=\"470\" \/>\n\t<meta property=\"og:image:type\" content=\"image\/jpeg\" \/>\n<meta name=\"author\" content=\"La r\u00e9daction\" \/>\n<meta name=\"twitter:label1\" content=\"\u00c9crit par\" \/>\n\t<meta name=\"twitter:data1\" content=\"La r\u00e9daction\" \/>\n\t<meta name=\"twitter:label2\" content=\"Dur\u00e9e de lecture estim\u00e9e\" \/>\n\t<meta name=\"twitter:data2\" content=\"2 minutes\" \/>\n<script type=\"application\/ld+json\" class=\"yoast-schema-graph\">{\"@context\":\"https:\\\/\\\/schema.org\",\"@graph\":[{\"@type\":\"Article\",\"@id\":\"https:\\\/\\\/www.info-algerie.com\\\/actualites\\\/len-u18-de-football-retenue-pour-le-tournoi\\\/#article\",\"isPartOf\":{\"@id\":\"https:\\\/\\\/www.info-algerie.com\\\/actualites\\\/len-u18-de-football-retenue-pour-le-tournoi\\\/\"},\"author\":{\"name\":\"La r\u00e9daction\",\"@id\":\"https:\\\/\\\/www.info-algerie.com\\\/actualites\\\/#\\\/schema\\\/person\\\/847aaec44920825b843a08f30ec6aa1e\"},\"headline\":\"L\u2019\u00e9quipe nationale U18 de football retenue pour le tournoi des Jeux m\u00e9diterran\u00e9ens\",\"datePublished\":\"2022-02-12T11:00:00+00:00\",\"dateModified\":\"2022-02-12T18:02:04+00:00\",\"mainEntityOfPage\":{\"@id\":\"https:\\\/\\\/www.info-algerie.com\\\/actualites\\\/len-u18-de-football-retenue-pour-le-tournoi\\\/\"},\"wordCount\":412,\"commentCount\":1,\"publisher\":{\"@id\":\"https:\\\/\\\/www.info-algerie.com\\\/actualites\\\/#organization\"},\"image\":{\"@id\":\"https:\\\/\\\/www.info-algerie.com\\\/actualites\\\/len-u18-de-football-retenue-pour-le-tournoi\\\/#primaryimage\"},\"thumbnailUrl\":\"https:\\\/\\\/www.info-algerie.com\\\/actualites\\\/wp-content\\\/uploads\\\/2022\\\/02\\\/\u00e9quipe-nationale-U18.jpg\",\"keywords\":[\"\u00e9quipe nationale U18\",\"U18\"],\"articleSection\":[\"sport\"],\"inLanguage\":\"fr-FR\",\"potentialAction\":[{\"@type\":\"CommentAction\",\"name\":\"Comment\",\"target\":[\"https:\\\/\\\/www.info-algerie.com\\\/actualites\\\/len-u18-de-football-retenue-pour-le-tournoi\\\/#respond\"]}]},{\"@type\":\"WebPage\",\"@id\":\"https:\\\/\\\/www.info-algerie.com\\\/actualites\\\/len-u18-de-football-retenue-pour-le-tournoi\\\/\",\"url\":\"https:\\\/\\\/www.info-algerie.com\\\/actualites\\\/len-u18-de-football-retenue-pour-le-tournoi\\\/\",\"name\":\"L\u2019\u00e9quipe nationale U18 de football retenue pour le tournoi\",\"isPartOf\":{\"@id\":\"https:\\\/\\\/www.info-algerie.com\\\/actualites\\\/#website\"},\"primaryImageOfPage\":{\"@id\":\"https:\\\/\\\/www.info-algerie.com\\\/actualites\\\/len-u18-de-football-retenue-pour-le-tournoi\\\/#primaryimage\"},\"image\":{\"@id\":\"https:\\\/\\\/www.info-algerie.com\\\/actualites\\\/len-u18-de-football-retenue-pour-le-tournoi\\\/#primaryimage\"},\"thumbnailUrl\":\"https:\\\/\\\/www.info-algerie.com\\\/actualites\\\/wp-content\\\/uploads\\\/2022\\\/02\\\/\u00e9quipe-nationale-U18.jpg\",\"datePublished\":\"2022-02-12T11:00:00+00:00\",\"dateModified\":\"2022-02-12T18:02:04+00:00\",\"description\":\"La s\u00e9lection nationale de football U18 repr\u00e9sentera l\u2019Alg\u00e9rie, lors de sa participation aux Jeux m\u00e9diterran\u00e9ens d\u2019Oran 2022. C\u2019est ce qu\u2019a annonc\u00e9 la F\u00e9d\u00e9ration alg\u00e9rienne de football dans un communiqu\u00e9 publi\u00e9, hier, sur son site officiel.\",\"breadcrumb\":{\"@id\":\"https:\\\/\\\/www.info-algerie.com\\\/actualites\\\/len-u18-de-football-retenue-pour-le-tournoi\\\/#breadcrumb\"},\"inLanguage\":\"fr-FR\",\"potentialAction\":[{\"@type\":\"ReadAction\",\"target\":[\"https:\\\/\\\/www.info-algerie.com\\\/actualites\\\/len-u18-de-football-retenue-pour-le-tournoi\\\/\"]}]},{\"@type\":\"ImageObject\",\"inLanguage\":\"fr-FR\",\"@id\":\"https:\\\/\\\/www.info-algerie.com\\\/actualites\\\/len-u18-de-football-retenue-pour-le-tournoi\\\/#primaryimage\",\"url\":\"https:\\\/\\\/www.info-algerie.com\\\/actualites\\\/wp-content\\\/uploads\\\/2022\\\/02\\\/\u00e9quipe-nationale-U18.jpg\",\"contentUrl\":\"https:\\\/\\\/www.info-algerie.com\\\/actualites\\\/wp-content\\\/uploads\\\/2022\\\/02\\\/\u00e9quipe-nationale-U18.jpg\",\"width\":745,\"height\":470,\"caption\":\"\u00e9quipe nationale U18\"},{\"@type\":\"BreadcrumbList\",\"@id\":\"https:\\\/\\\/www.info-algerie.com\\\/actualites\\\/len-u18-de-football-retenue-pour-le-tournoi\\\/#breadcrumb\",\"itemListElement\":[{\"@type\":\"ListItem\",\"position\":1,\"name\":\"Accueil\",\"item\":\"https:\\\/\\\/www.info-algerie.com\\\/actualites\\\/\"},{\"@type\":\"ListItem\",\"position\":2,\"name\":\"L\u2019\u00e9quipe nationale U18 de football retenue pour le tournoi des Jeux m\u00e9diterran\u00e9ens\"}]},{\"@type\":\"WebSite\",\"@id\":\"https:\\\/\\\/www.info-algerie.com\\\/actualites\\\/#website\",\"url\":\"https:\\\/\\\/www.info-algerie.com\\\/actualites\\\/\",\"name\":\"info algerie\",\"description\":\"Toutes les actualit\u00e9s\",\"publisher\":{\"@id\":\"https:\\\/\\\/www.info-algerie.com\\\/actualites\\\/#organization\"},\"potentialAction\":[{\"@type\":\"SearchAction\",\"target\":{\"@type\":\"EntryPoint\",\"urlTemplate\":\"https:\\\/\\\/www.info-algerie.com\\\/actualites\\\/?s={search_term_string}\"},\"query-input\":{\"@type\":\"PropertyValueSpecification\",\"valueRequired\":true,\"valueName\":\"search_term_string\"}}],\"inLanguage\":\"fr-FR\"},{\"@type\":\"Organization\",\"@id\":\"https:\\\/\\\/www.info-algerie.com\\\/actualites\\\/#organization\",\"name\":\"info algerie\",\"url\":\"https:\\\/\\\/www.info-algerie.com\\\/actualites\\\/\",\"logo\":{\"@type\":\"ImageObject\",\"inLanguage\":\"fr-FR\",\"@id\":\"https:\\\/\\\/www.info-algerie.com\\\/actualites\\\/#\\\/schema\\\/logo\\\/image\\\/\",\"url\":\"https:\\\/\\\/www.info-algerie.com\\\/actualites\\\/wp-content\\\/uploads\\\/2022\\\/07\\\/logo-ia-120.png\",\"contentUrl\":\"https:\\\/\\\/www.info-algerie.com\\\/actualites\\\/wp-content\\\/uploads\\\/2022\\\/07\\\/logo-ia-120.png\",\"width\":120,\"height\":43,\"caption\":\"info algerie\"},\"image\":{\"@id\":\"https:\\\/\\\/www.info-algerie.com\\\/actualites\\\/#\\\/schema\\\/logo\\\/image\\\/\"},\"sameAs\":[\"https:\\\/\\\/www.facebook.com\\\/infoalgerieactu\",\"https:\\\/\\\/x.com\\\/infoalgerie1\"]},{\"@type\":\"Person\",\"@id\":\"https:\\\/\\\/www.info-algerie.com\\\/actualites\\\/#\\\/schema\\\/person\\\/847aaec44920825b843a08f30ec6aa1e\",\"name\":\"La r\u00e9daction\",\"image\":{\"@type\":\"ImageObject\",\"inLanguage\":\"fr-FR\",\"@id\":\"https:\\\/\\\/secure.gravatar.com\\\/avatar\\\/769db425c6f465158149f1ffd6cf61ce7a8a879d11dfbef8288af36dfddd418c?s=96&d=mm&r=g\",\"url\":\"https:\\\/\\\/secure.gravatar.com\\\/avatar\\\/769db425c6f465158149f1ffd6cf61ce7a8a879d11dfbef8288af36dfddd418c?s=96&d=mm&r=g\",\"contentUrl\":\"https:\\\/\\\/secure.gravatar.com\\\/avatar\\\/769db425c6f465158149f1ffd6cf61ce7a8a879d11dfbef8288af36dfddd418c?s=96&d=mm&r=g\",\"caption\":\"La r\u00e9daction\"},\"sameAs\":[\"http:\\\/\\\/www.lkeria.com\\\/\"],\"url\":\"https:\\\/\\\/www.info-algerie.com\\\/actualites\\\/author\\\/chakib32\\\/\"}]}<\/script>\n<!-- \/ Yoast SEO plugin. -->","yoast_head_json":{"title":"L\u2019\u00e9quipe nationale U18 de football retenue pour le tournoi","description":"La s\u00e9lection nationale de football U18 repr\u00e9sentera l\u2019Alg\u00e9rie, lors de sa participation aux Jeux m\u00e9diterran\u00e9ens d\u2019Oran 2022. C\u2019est ce qu\u2019a annonc\u00e9 la F\u00e9d\u00e9ration alg\u00e9rienne de football dans un communiqu\u00e9 publi\u00e9, hier, sur son site officiel.","robots":{"index":"index","follow":"follow","max-snippet":"max-snippet:-1","max-image-preview":"max-image-preview:large","max-video-preview":"max-video-preview:-1"},"canonical":"https:\/\/www.info-algerie.com\/actualites\/len-u18-de-football-retenue-pour-le-tournoi\/","og_locale":"fr_FR","og_type":"article","og_title":"L\u2019\u00e9quipe nationale U18 de football retenue pour le tournoi","og_description":"La s\u00e9lection nationale de football U18 repr\u00e9sentera l\u2019Alg\u00e9rie, lors de sa participation aux Jeux m\u00e9diterran\u00e9ens d\u2019Oran 2022. C\u2019est ce qu\u2019a annonc\u00e9 la F\u00e9d\u00e9ration alg\u00e9rienne de football dans un communiqu\u00e9 publi\u00e9, hier, sur son site officiel.","og_url":"https:\/\/www.info-algerie.com\/actualites\/len-u18-de-football-retenue-pour-le-tournoi\/","og_site_name":"info algerie","article_publisher":"https:\/\/www.facebook.com\/infoalgerieactu","article_published_time":"2022-02-12T11:00:00+00:00","article_modified_time":"2022-02-12T18:02:04+00:00","og_image":[{"width":745,"height":470,"url":"https:\/\/www.info-algerie.com\/actualites\/wp-content\/uploads\/2022\/02\/\u00e9quipe-nationale-U18.jpg","type":"image\/jpeg"}],"author":"La r\u00e9daction","twitter_misc":{"\u00c9crit par":"La r\u00e9daction","Dur\u00e9e de lecture estim\u00e9e":"2 minutes"},"schema":{"@context":"https:\/\/schema.org","@graph":[{"@type":"Article","@id":"https:\/\/www.info-algerie.com\/actualites\/len-u18-de-football-retenue-pour-le-tournoi\/#article","isPartOf":{"@id":"https:\/\/www.info-algerie.com\/actualites\/len-u18-de-football-retenue-pour-le-tournoi\/"},"author":{"name":"La r\u00e9daction","@id":"https:\/\/www.info-algerie.com\/actualites\/#\/schema\/person\/847aaec44920825b843a08f30ec6aa1e"},"headline":"L\u2019\u00e9quipe nationale U18 de football retenue pour le tournoi des Jeux m\u00e9diterran\u00e9ens","datePublished":"2022-02-12T11:00:00+00:00","dateModified":"2022-02-12T18:02:04+00:00","mainEntityOfPage":{"@id":"https:\/\/www.info-algerie.com\/actualites\/len-u18-de-football-retenue-pour-le-tournoi\/"},"wordCount":412,"commentCount":1,"publisher":{"@id":"https:\/\/www.info-algerie.com\/actualites\/#organization"},"image":{"@id":"https:\/\/www.info-algerie.com\/actualites\/len-u18-de-football-retenue-pour-le-tournoi\/#primaryimage"},"thumbnailUrl":"https:\/\/www.info-algerie.com\/actualites\/wp-content\/uploads\/2022\/02\/\u00e9quipe-nationale-U18.jpg","keywords":["\u00e9quipe nationale U18","U18"],"articleSection":["sport"],"inLanguage":"fr-FR","potentialAction":[{"@type":"CommentAction","name":"Comment","target":["https:\/\/www.info-algerie.com\/actualites\/len-u18-de-football-retenue-pour-le-tournoi\/#respond"]}]},{"@type":"WebPage","@id":"https:\/\/www.info-algerie.com\/actualites\/len-u18-de-football-retenue-pour-le-tournoi\/","url":"https:\/\/www.info-algerie.com\/actualites\/len-u18-de-football-retenue-pour-le-tournoi\/","name":"L\u2019\u00e9quipe nationale U18 de football retenue pour le tournoi","isPartOf":{"@id":"https:\/\/www.info-algerie.com\/actualites\/#website"},"primaryImageOfPage":{"@id":"https:\/\/www.info-algerie.com\/actualites\/len-u18-de-football-retenue-pour-le-tournoi\/#primaryimage"},"image":{"@id":"https:\/\/www.info-algerie.com\/actualites\/len-u18-de-football-retenue-pour-le-tournoi\/#primaryimage"},"thumbnailUrl":"https:\/\/www.info-algerie.com\/actualites\/wp-content\/uploads\/2022\/02\/\u00e9quipe-nationale-U18.jpg","datePublished":"2022-02-12T11:00:00+00:00","dateModified":"2022-02-12T18:02:04+00:00","description":"La s\u00e9lection nationale de football U18 repr\u00e9sentera l\u2019Alg\u00e9rie, lors de sa participation aux Jeux m\u00e9diterran\u00e9ens d\u2019Oran 2022. C\u2019est ce qu\u2019a annonc\u00e9 la F\u00e9d\u00e9ration alg\u00e9rienne de football dans un communiqu\u00e9 publi\u00e9, hier, sur son site officiel.","breadcrumb":{"@id":"https:\/\/www.info-algerie.com\/actualites\/len-u18-de-football-retenue-pour-le-tournoi\/#breadcrumb"},"inLanguage":"fr-FR","potentialAction":[{"@type":"ReadAction","target":["https:\/\/www.info-algerie.com\/actualites\/len-u18-de-football-retenue-pour-le-tournoi\/"]}]},{"@type":"ImageObject","inLanguage":"fr-FR","@id":"https:\/\/www.info-algerie.com\/actualites\/len-u18-de-football-retenue-pour-le-tournoi\/#primaryimage","url":"https:\/\/www.info-algerie.com\/actualites\/wp-content\/uploads\/2022\/02\/\u00e9quipe-nationale-U18.jpg","contentUrl":"https:\/\/www.info-algerie.com\/actualites\/wp-content\/uploads\/2022\/02\/\u00e9quipe-nationale-U18.jpg","width":745,"height":470,"caption":"\u00e9quipe nationale U18"},{"@type":"BreadcrumbList","@id":"https:\/\/www.info-algerie.com\/actualites\/len-u18-de-football-retenue-pour-le-tournoi\/#breadcrumb","itemListElement":[{"@type":"ListItem","position":1,"name":"Accueil","item":"https:\/\/www.info-algerie.com\/actualites\/"},{"@type":"ListItem","position":2,"name":"L\u2019\u00e9quipe nationale U18 de football retenue pour le tournoi des Jeux m\u00e9diterran\u00e9ens"}]},{"@type":"WebSite","@id":"https:\/\/www.info-algerie.com\/actualites\/#website","url":"https:\/\/www.info-algerie.com\/actualites\/","name":"info algerie","description":"Toutes les actualit\u00e9s","publisher":{"@id":"https:\/\/www.info-algerie.com\/actualites\/#organization"},"potentialAction":[{"@type":"SearchAction","target":{"@type":"EntryPoint","urlTemplate":"https:\/\/www.info-algerie.com\/actualites\/?s={search_term_string}"},"query-input":{"@type":"PropertyValueSpecification","valueRequired":true,"valueName":"search_term_string"}}],"inLanguage":"fr-FR"},{"@type":"Organization","@id":"https:\/\/www.info-algerie.com\/actualites\/#organization","name":"info algerie","url":"https:\/\/www.info-algerie.com\/actualites\/","logo":{"@type":"ImageObject","inLanguage":"fr-FR","@id":"https:\/\/www.info-algerie.com\/actualites\/#\/schema\/logo\/image\/","url":"https:\/\/www.info-algerie.com\/actualites\/wp-content\/uploads\/2022\/07\/logo-ia-120.png","contentUrl":"https:\/\/www.info-algerie.com\/actualites\/wp-content\/uploads\/2022\/07\/logo-ia-120.png","width":120,"height":43,"caption":"info algerie"},"image":{"@id":"https:\/\/www.info-algerie.com\/actualites\/#\/schema\/logo\/image\/"},"sameAs":["https:\/\/www.facebook.com\/infoalgerieactu","https:\/\/x.com\/infoalgerie1"]},{"@type":"Person","@id":"https:\/\/www.info-algerie.com\/actualites\/#\/schema\/person\/847aaec44920825b843a08f30ec6aa1e","name":"La r\u00e9daction","image":{"@type":"ImageObject","inLanguage":"fr-FR","@id":"https:\/\/secure.gravatar.com\/avatar\/769db425c6f465158149f1ffd6cf61ce7a8a879d11dfbef8288af36dfddd418c?s=96&d=mm&r=g","url":"https:\/\/secure.gravatar.com\/avatar\/769db425c6f465158149f1ffd6cf61ce7a8a879d11dfbef8288af36dfddd418c?s=96&d=mm&r=g","contentUrl":"https:\/\/secure.gravatar.com\/avatar\/769db425c6f465158149f1ffd6cf61ce7a8a879d11dfbef8288af36dfddd418c?s=96&d=mm&r=g","caption":"La r\u00e9daction"},"sameAs":["http:\/\/www.lkeria.com\/"],"url":"https:\/\/www.info-algerie.com\/actualites\/author\/chakib32\/"}]}},"_links":{"self":[{"href":"https:\/\/www.info-algerie.com\/actualites\/wp-json\/wp\/v2\/posts\/26913","targetHints":{"allow":["GET"]}}],"collection":[{"href":"https:\/\/www.info-algerie.com\/actualites\/wp-json\/wp\/v2\/posts"}],"about":[{"href":"https:\/\/www.info-algerie.com\/actualites\/wp-json\/wp\/v2\/types\/post"}],"author":[{"embeddable":true,"href":"https:\/\/www.info-algerie.com\/actualites\/wp-json\/wp\/v2\/users\/6"}],"replies":[{"embeddable":true,"href":"https:\/\/www.info-algerie.com\/actualites\/wp-json\/wp\/v2\/comments?post=26913"}],"version-history":[{"count":2,"href":"https:\/\/www.info-algerie.com\/actualites\/wp-json\/wp\/v2\/posts\/26913\/revisions"}],"predecessor-version":[{"id":26919,"href":"https:\/\/www.info-algerie.com\/actualites\/wp-json\/wp\/v2\/posts\/26913\/revisions\/26919"}],"wp:featuredmedia":[{"embeddable":true,"href":"https:\/\/www.info-algerie.com\/actualites\/wp-json\/wp\/v2\/media\/26918"}],"wp:attachment":[{"href":"https:\/\/www.info-algerie.com\/actualites\/wp-json\/wp\/v2\/media?parent=26913"}],"wp:term":[{"taxonomy":"category","embeddable":true,"href":"https:\/\/www.info-algerie.com\/actualites\/wp-json\/wp\/v2\/categories?post=26913"},{"taxonomy":"post_tag","embeddable":true,"href":"https:\/\/www.info-algerie.com\/actualites\/wp-json\/wp\/v2\/tags?post=26913"}],"curies":[{"name":"wp","href":"https:\/\/api.w.org\/{rel}","templated":true}]}}