{"id":26939,"date":"2022-02-17T14:00:00","date_gmt":"2022-02-17T13:00:00","guid":{"rendered":"https:\/\/www.info-algerie.com\/actualites\/la-france-et-ses-partenaires-officialisent-leur-retrait-militaire-du-mali\/"},"modified":"2022-03-14T13:20:24","modified_gmt":"2022-03-14T12:20:24","slug":"la-france-et-ses-partenaires-officialisent-leur-retrait-militaire-du-mali","status":"publish","type":"post","link":"https:\/\/www.info-algerie.com\/actualites\/la-france-et-ses-partenaires-officialisent-leur-retrait-militaire-du-mali\/","title":{"rendered":"La France et ses partenaires officialisent leur retrait militaire du Mali"},"content":{"rendered":"\n<p>La France et ses partenaires europ\u00e9ens ont\u00a0officialis\u00e9 jeudi leur retrait militaire du Mali au terme de neuf ans de\u00a0pr\u00e9sence dans la r\u00e9gion du Sahel.<\/p>\n\n\n\n<p><em>\u00ab\u00a0Le Canada et les Etats europ\u00e9ens op\u00e9rant aux c\u00f4t\u00e9s de l&rsquo;op\u00e9ration\u00a0(fran\u00e7aise) Barkhane et au sein de la Task Force Takuba estiment que les\u00a0conditions ne sont plus r\u00e9unies pour poursuivre efficacement leur\u00a0 engagement militaire actuel dans la lutte contre le terrorisme au Mali et\u00a0ont donc d\u00e9cid\u00e9 d&rsquo;entamer le retrait coordonn\u00e9 du territoire malien de\u00a0leurs moyens militaires respectifs d\u00e9di\u00e9s \u00e0 ces op\u00e9rations\u00a0\u00bb<\/em>, soulignent-ils\u00a0dans une d\u00e9claration conjointe.\u00a0<\/p>\n\n\n\n<p>Paris et ses partenaires souhaitent toutefois\u00a0<em>\u00ab\u00a0rester engag\u00e9s dans la\u00a0r\u00e9gion\u00a0\u00bb\u00a0<\/em>sah\u00e9lienne et\u00a0<em>\u00ab\u00a0\u00e9tendre leur soutien aux pays voisins du Golfe de\u00a0Guin\u00e9e et d&rsquo;Afrique de l&rsquo;Ouest\u00a0\u00bb pour contenir la menace terroriste. Les\u00a0\u00ab\u00a0param\u00e8tres\u00a0\u00bb de cette r\u00e9organisation seront arr\u00eat\u00e9s \u00ab\u00a0d&rsquo;ici juin 2022\u00a0\u00bb.\u00a0<\/em><\/p>\n\n\n\n<p>Quelque 25.000 hommes sont actuellement d\u00e9ploy\u00e9s au Sahel, dont environ\u00a04.300 Fran\u00e7ais (2.400 au Mali dans le cadre de Barkhane), selon l&rsquo;Elys\u00e9e.\u00a0<\/p>\n\n\n\n<p>Le pays accueille aussi 15.000 soldats de l&rsquo;ONU au sein de la Mission\u00a0multidimensionnelle int\u00e9gr\u00e9e des Nations unies pour la stabilisation au\u00a0Mali (Minusma).\u00a0<\/p>\n\n\n\n<p>Source: <a href=\"https:\/\/www.liberte-algerie.com\/international\/la-france-et-ses-partenaires-officialisent-leur-retrait-militaire-du-mali-373516\" target=\"_blank\" rel=\"noopener\">La France et ses partenaires officialisent leur retrait militaire du Mali<\/a><\/p>\n<!--CusAds0-->\n<div style=\"font-size: 0px; height: 0px; line-height: 0px; margin: 0; padding: 0; clear: both;\"><\/div>","protected":false},"excerpt":{"rendered":"<p>La France et ses partenaires europ\u00e9ens ont\u00a0officialis\u00e9 jeudi leur retrait militaire du Mali au terme de neuf ans de\u00a0pr\u00e9sence dans la r\u00e9gion du Sahel. \u00ab\u00a0Le Canada et les Etats europ\u00e9ens op\u00e9rant aux c\u00f4t\u00e9s de l&rsquo;op\u00e9ration\u00a0(fran\u00e7aise) Barkhane et au sein de la Task Force Takuba estiment que les\u00a0conditions ne sont plus r\u00e9unies pour poursuivre efficacement leur\u00a0<\/p>\n","protected":false},"author":6,"featured_media":27211,"comment_status":"open","ping_status":"open","sticky":false,"template":"","format":"standard","meta":{"footnotes":""},"categories":[22,11],"tags":[278,279],"class_list":["post-26939","post","type-post","status-publish","format-standard","has-post-thumbnail","hentry","category-infos","category-monde","tag-france","tag-mali"],"yoast_head":"<!-- This site is optimized with the Yoast SEO plugin v27.5 - https:\/\/yoast.com\/product\/yoast-seo-wordpress\/ -->\n<title>La France et ses partenaires officialisent leur retrait militaire du Mali<\/title>\n<meta name=\"description\" content=\"La France et ses partenaires ont officialis\u00e9 jeudi leur retrait militaire du Mali au terme de neuf ans de pr\u00e9sence dans la r\u00e9gion du Sahel.\" \/>\n<meta name=\"robots\" content=\"index, follow, max-snippet:-1, max-image-preview:large, max-video-preview:-1\" \/>\n<link rel=\"canonical\" href=\"https:\/\/www.info-algerie.com\/actualites\/la-france-et-ses-partenaires-officialisent-leur-retrait-militaire-du-mali\/\" \/>\n<meta property=\"og:locale\" content=\"fr_FR\" \/>\n<meta property=\"og:type\" content=\"article\" \/>\n<meta property=\"og:title\" content=\"La France et ses partenaires officialisent leur retrait militaire du Mali\" \/>\n<meta property=\"og:description\" content=\"La France et ses partenaires ont officialis\u00e9 jeudi leur retrait militaire du Mali au terme de neuf ans de pr\u00e9sence dans la r\u00e9gion du Sahel.\" \/>\n<meta property=\"og:url\" content=\"https:\/\/www.info-algerie.com\/actualites\/la-france-et-ses-partenaires-officialisent-leur-retrait-militaire-du-mali\/\" \/>\n<meta property=\"og:site_name\" content=\"info algerie\" \/>\n<meta property=\"article:publisher\" content=\"https:\/\/www.facebook.com\/infoalgerieactu\" \/>\n<meta property=\"article:published_time\" content=\"2022-02-17T13:00:00+00:00\" \/>\n<meta property=\"article:modified_time\" content=\"2022-03-14T12:20:24+00:00\" \/>\n<meta property=\"og:image\" content=\"https:\/\/www.info-algerie.com\/actualites\/wp-content\/uploads\/2022\/02\/france-et-ses-partenaires-officialisent-leur-retrait-militaire-du-mali.jpg\" \/>\n\t<meta property=\"og:image:width\" content=\"620\" \/>\n\t<meta property=\"og:image:height\" content=\"410\" \/>\n\t<meta property=\"og:image:type\" content=\"image\/jpeg\" \/>\n<meta name=\"author\" content=\"La r\u00e9daction\" \/>\n<meta name=\"twitter:label1\" content=\"\u00c9crit par\" \/>\n\t<meta name=\"twitter:data1\" content=\"La r\u00e9daction\" \/>\n\t<meta name=\"twitter:label2\" content=\"Dur\u00e9e de lecture estim\u00e9e\" \/>\n\t<meta name=\"twitter:data2\" content=\"1 minute\" \/>\n<script type=\"application\/ld+json\" class=\"yoast-schema-graph\">{\"@context\":\"https:\\\/\\\/schema.org\",\"@graph\":[{\"@type\":\"Article\",\"@id\":\"https:\\\/\\\/www.info-algerie.com\\\/actualites\\\/la-france-et-ses-partenaires-officialisent-leur-retrait-militaire-du-mali\\\/#article\",\"isPartOf\":{\"@id\":\"https:\\\/\\\/www.info-algerie.com\\\/actualites\\\/la-france-et-ses-partenaires-officialisent-leur-retrait-militaire-du-mali\\\/\"},\"author\":{\"name\":\"La r\u00e9daction\",\"@id\":\"https:\\\/\\\/www.info-algerie.com\\\/actualites\\\/#\\\/schema\\\/person\\\/847aaec44920825b843a08f30ec6aa1e\"},\"headline\":\"La France et ses partenaires officialisent leur retrait militaire du Mali\",\"datePublished\":\"2022-02-17T13:00:00+00:00\",\"dateModified\":\"2022-03-14T12:20:24+00:00\",\"mainEntityOfPage\":{\"@id\":\"https:\\\/\\\/www.info-algerie.com\\\/actualites\\\/la-france-et-ses-partenaires-officialisent-leur-retrait-militaire-du-mali\\\/\"},\"wordCount\":236,\"commentCount\":0,\"publisher\":{\"@id\":\"https:\\\/\\\/www.info-algerie.com\\\/actualites\\\/#organization\"},\"image\":{\"@id\":\"https:\\\/\\\/www.info-algerie.com\\\/actualites\\\/la-france-et-ses-partenaires-officialisent-leur-retrait-militaire-du-mali\\\/#primaryimage\"},\"thumbnailUrl\":\"https:\\\/\\\/www.info-algerie.com\\\/actualites\\\/wp-content\\\/uploads\\\/2022\\\/02\\\/france-et-ses-partenaires-officialisent-leur-retrait-militaire-du-mali.jpg\",\"keywords\":[\"france\",\"mali\"],\"articleSection\":[\"infos\",\"Monde\"],\"inLanguage\":\"fr-FR\",\"potentialAction\":[{\"@type\":\"CommentAction\",\"name\":\"Comment\",\"target\":[\"https:\\\/\\\/www.info-algerie.com\\\/actualites\\\/la-france-et-ses-partenaires-officialisent-leur-retrait-militaire-du-mali\\\/#respond\"]}]},{\"@type\":\"WebPage\",\"@id\":\"https:\\\/\\\/www.info-algerie.com\\\/actualites\\\/la-france-et-ses-partenaires-officialisent-leur-retrait-militaire-du-mali\\\/\",\"url\":\"https:\\\/\\\/www.info-algerie.com\\\/actualites\\\/la-france-et-ses-partenaires-officialisent-leur-retrait-militaire-du-mali\\\/\",\"name\":\"La France et ses partenaires officialisent leur retrait militaire du Mali\",\"isPartOf\":{\"@id\":\"https:\\\/\\\/www.info-algerie.com\\\/actualites\\\/#website\"},\"primaryImageOfPage\":{\"@id\":\"https:\\\/\\\/www.info-algerie.com\\\/actualites\\\/la-france-et-ses-partenaires-officialisent-leur-retrait-militaire-du-mali\\\/#primaryimage\"},\"image\":{\"@id\":\"https:\\\/\\\/www.info-algerie.com\\\/actualites\\\/la-france-et-ses-partenaires-officialisent-leur-retrait-militaire-du-mali\\\/#primaryimage\"},\"thumbnailUrl\":\"https:\\\/\\\/www.info-algerie.com\\\/actualites\\\/wp-content\\\/uploads\\\/2022\\\/02\\\/france-et-ses-partenaires-officialisent-leur-retrait-militaire-du-mali.jpg\",\"datePublished\":\"2022-02-17T13:00:00+00:00\",\"dateModified\":\"2022-03-14T12:20:24+00:00\",\"description\":\"La France et ses partenaires ont officialis\u00e9 jeudi leur retrait militaire du Mali au terme de neuf ans de pr\u00e9sence dans la r\u00e9gion du Sahel.\",\"breadcrumb\":{\"@id\":\"https:\\\/\\\/www.info-algerie.com\\\/actualites\\\/la-france-et-ses-partenaires-officialisent-leur-retrait-militaire-du-mali\\\/#breadcrumb\"},\"inLanguage\":\"fr-FR\",\"potentialAction\":[{\"@type\":\"ReadAction\",\"target\":[\"https:\\\/\\\/www.info-algerie.com\\\/actualites\\\/la-france-et-ses-partenaires-officialisent-leur-retrait-militaire-du-mali\\\/\"]}]},{\"@type\":\"ImageObject\",\"inLanguage\":\"fr-FR\",\"@id\":\"https:\\\/\\\/www.info-algerie.com\\\/actualites\\\/la-france-et-ses-partenaires-officialisent-leur-retrait-militaire-du-mali\\\/#primaryimage\",\"url\":\"https:\\\/\\\/www.info-algerie.com\\\/actualites\\\/wp-content\\\/uploads\\\/2022\\\/02\\\/france-et-ses-partenaires-officialisent-leur-retrait-militaire-du-mali.jpg\",\"contentUrl\":\"https:\\\/\\\/www.info-algerie.com\\\/actualites\\\/wp-content\\\/uploads\\\/2022\\\/02\\\/france-et-ses-partenaires-officialisent-leur-retrait-militaire-du-mali.jpg\",\"width\":620,\"height\":410,\"caption\":\"France retrait militaire du mali\"},{\"@type\":\"BreadcrumbList\",\"@id\":\"https:\\\/\\\/www.info-algerie.com\\\/actualites\\\/la-france-et-ses-partenaires-officialisent-leur-retrait-militaire-du-mali\\\/#breadcrumb\",\"itemListElement\":[{\"@type\":\"ListItem\",\"position\":1,\"name\":\"Accueil\",\"item\":\"https:\\\/\\\/www.info-algerie.com\\\/actualites\\\/\"},{\"@type\":\"ListItem\",\"position\":2,\"name\":\"La France et ses partenaires officialisent leur retrait militaire du Mali\"}]},{\"@type\":\"WebSite\",\"@id\":\"https:\\\/\\\/www.info-algerie.com\\\/actualites\\\/#website\",\"url\":\"https:\\\/\\\/www.info-algerie.com\\\/actualites\\\/\",\"name\":\"info algerie\",\"description\":\"Toutes les actualit\u00e9s\",\"publisher\":{\"@id\":\"https:\\\/\\\/www.info-algerie.com\\\/actualites\\\/#organization\"},\"potentialAction\":[{\"@type\":\"SearchAction\",\"target\":{\"@type\":\"EntryPoint\",\"urlTemplate\":\"https:\\\/\\\/www.info-algerie.com\\\/actualites\\\/?s={search_term_string}\"},\"query-input\":{\"@type\":\"PropertyValueSpecification\",\"valueRequired\":true,\"valueName\":\"search_term_string\"}}],\"inLanguage\":\"fr-FR\"},{\"@type\":\"Organization\",\"@id\":\"https:\\\/\\\/www.info-algerie.com\\\/actualites\\\/#organization\",\"name\":\"info algerie\",\"url\":\"https:\\\/\\\/www.info-algerie.com\\\/actualites\\\/\",\"logo\":{\"@type\":\"ImageObject\",\"inLanguage\":\"fr-FR\",\"@id\":\"https:\\\/\\\/www.info-algerie.com\\\/actualites\\\/#\\\/schema\\\/logo\\\/image\\\/\",\"url\":\"https:\\\/\\\/www.info-algerie.com\\\/actualites\\\/wp-content\\\/uploads\\\/2022\\\/07\\\/logo-ia-120.png\",\"contentUrl\":\"https:\\\/\\\/www.info-algerie.com\\\/actualites\\\/wp-content\\\/uploads\\\/2022\\\/07\\\/logo-ia-120.png\",\"width\":120,\"height\":43,\"caption\":\"info algerie\"},\"image\":{\"@id\":\"https:\\\/\\\/www.info-algerie.com\\\/actualites\\\/#\\\/schema\\\/logo\\\/image\\\/\"},\"sameAs\":[\"https:\\\/\\\/www.facebook.com\\\/infoalgerieactu\",\"https:\\\/\\\/x.com\\\/infoalgerie1\"]},{\"@type\":\"Person\",\"@id\":\"https:\\\/\\\/www.info-algerie.com\\\/actualites\\\/#\\\/schema\\\/person\\\/847aaec44920825b843a08f30ec6aa1e\",\"name\":\"La r\u00e9daction\",\"image\":{\"@type\":\"ImageObject\",\"inLanguage\":\"fr-FR\",\"@id\":\"https:\\\/\\\/secure.gravatar.com\\\/avatar\\\/769db425c6f465158149f1ffd6cf61ce7a8a879d11dfbef8288af36dfddd418c?s=96&d=mm&r=g\",\"url\":\"https:\\\/\\\/secure.gravatar.com\\\/avatar\\\/769db425c6f465158149f1ffd6cf61ce7a8a879d11dfbef8288af36dfddd418c?s=96&d=mm&r=g\",\"contentUrl\":\"https:\\\/\\\/secure.gravatar.com\\\/avatar\\\/769db425c6f465158149f1ffd6cf61ce7a8a879d11dfbef8288af36dfddd418c?s=96&d=mm&r=g\",\"caption\":\"La r\u00e9daction\"},\"sameAs\":[\"http:\\\/\\\/www.lkeria.com\\\/\"],\"url\":\"https:\\\/\\\/www.info-algerie.com\\\/actualites\\\/author\\\/chakib32\\\/\"}]}<\/script>\n<!-- \/ Yoast SEO plugin. -->","yoast_head_json":{"title":"La France et ses partenaires officialisent leur retrait militaire du Mali","description":"La France et ses partenaires ont officialis\u00e9 jeudi leur retrait militaire du Mali au terme de neuf ans de pr\u00e9sence dans la r\u00e9gion du Sahel.","robots":{"index":"index","follow":"follow","max-snippet":"max-snippet:-1","max-image-preview":"max-image-preview:large","max-video-preview":"max-video-preview:-1"},"canonical":"https:\/\/www.info-algerie.com\/actualites\/la-france-et-ses-partenaires-officialisent-leur-retrait-militaire-du-mali\/","og_locale":"fr_FR","og_type":"article","og_title":"La France et ses partenaires officialisent leur retrait militaire du Mali","og_description":"La France et ses partenaires ont officialis\u00e9 jeudi leur retrait militaire du Mali au terme de neuf ans de pr\u00e9sence dans la r\u00e9gion du Sahel.","og_url":"https:\/\/www.info-algerie.com\/actualites\/la-france-et-ses-partenaires-officialisent-leur-retrait-militaire-du-mali\/","og_site_name":"info algerie","article_publisher":"https:\/\/www.facebook.com\/infoalgerieactu","article_published_time":"2022-02-17T13:00:00+00:00","article_modified_time":"2022-03-14T12:20:24+00:00","og_image":[{"width":620,"height":410,"url":"https:\/\/www.info-algerie.com\/actualites\/wp-content\/uploads\/2022\/02\/france-et-ses-partenaires-officialisent-leur-retrait-militaire-du-mali.jpg","type":"image\/jpeg"}],"author":"La r\u00e9daction","twitter_misc":{"\u00c9crit par":"La r\u00e9daction","Dur\u00e9e de lecture estim\u00e9e":"1 minute"},"schema":{"@context":"https:\/\/schema.org","@graph":[{"@type":"Article","@id":"https:\/\/www.info-algerie.com\/actualites\/la-france-et-ses-partenaires-officialisent-leur-retrait-militaire-du-mali\/#article","isPartOf":{"@id":"https:\/\/www.info-algerie.com\/actualites\/la-france-et-ses-partenaires-officialisent-leur-retrait-militaire-du-mali\/"},"author":{"name":"La r\u00e9daction","@id":"https:\/\/www.info-algerie.com\/actualites\/#\/schema\/person\/847aaec44920825b843a08f30ec6aa1e"},"headline":"La France et ses partenaires officialisent leur retrait militaire du Mali","datePublished":"2022-02-17T13:00:00+00:00","dateModified":"2022-03-14T12:20:24+00:00","mainEntityOfPage":{"@id":"https:\/\/www.info-algerie.com\/actualites\/la-france-et-ses-partenaires-officialisent-leur-retrait-militaire-du-mali\/"},"wordCount":236,"commentCount":0,"publisher":{"@id":"https:\/\/www.info-algerie.com\/actualites\/#organization"},"image":{"@id":"https:\/\/www.info-algerie.com\/actualites\/la-france-et-ses-partenaires-officialisent-leur-retrait-militaire-du-mali\/#primaryimage"},"thumbnailUrl":"https:\/\/www.info-algerie.com\/actualites\/wp-content\/uploads\/2022\/02\/france-et-ses-partenaires-officialisent-leur-retrait-militaire-du-mali.jpg","keywords":["france","mali"],"articleSection":["infos","Monde"],"inLanguage":"fr-FR","potentialAction":[{"@type":"CommentAction","name":"Comment","target":["https:\/\/www.info-algerie.com\/actualites\/la-france-et-ses-partenaires-officialisent-leur-retrait-militaire-du-mali\/#respond"]}]},{"@type":"WebPage","@id":"https:\/\/www.info-algerie.com\/actualites\/la-france-et-ses-partenaires-officialisent-leur-retrait-militaire-du-mali\/","url":"https:\/\/www.info-algerie.com\/actualites\/la-france-et-ses-partenaires-officialisent-leur-retrait-militaire-du-mali\/","name":"La France et ses partenaires officialisent leur retrait militaire du Mali","isPartOf":{"@id":"https:\/\/www.info-algerie.com\/actualites\/#website"},"primaryImageOfPage":{"@id":"https:\/\/www.info-algerie.com\/actualites\/la-france-et-ses-partenaires-officialisent-leur-retrait-militaire-du-mali\/#primaryimage"},"image":{"@id":"https:\/\/www.info-algerie.com\/actualites\/la-france-et-ses-partenaires-officialisent-leur-retrait-militaire-du-mali\/#primaryimage"},"thumbnailUrl":"https:\/\/www.info-algerie.com\/actualites\/wp-content\/uploads\/2022\/02\/france-et-ses-partenaires-officialisent-leur-retrait-militaire-du-mali.jpg","datePublished":"2022-02-17T13:00:00+00:00","dateModified":"2022-03-14T12:20:24+00:00","description":"La France et ses partenaires ont officialis\u00e9 jeudi leur retrait militaire du Mali au terme de neuf ans de pr\u00e9sence dans la r\u00e9gion du Sahel.","breadcrumb":{"@id":"https:\/\/www.info-algerie.com\/actualites\/la-france-et-ses-partenaires-officialisent-leur-retrait-militaire-du-mali\/#breadcrumb"},"inLanguage":"fr-FR","potentialAction":[{"@type":"ReadAction","target":["https:\/\/www.info-algerie.com\/actualites\/la-france-et-ses-partenaires-officialisent-leur-retrait-militaire-du-mali\/"]}]},{"@type":"ImageObject","inLanguage":"fr-FR","@id":"https:\/\/www.info-algerie.com\/actualites\/la-france-et-ses-partenaires-officialisent-leur-retrait-militaire-du-mali\/#primaryimage","url":"https:\/\/www.info-algerie.com\/actualites\/wp-content\/uploads\/2022\/02\/france-et-ses-partenaires-officialisent-leur-retrait-militaire-du-mali.jpg","contentUrl":"https:\/\/www.info-algerie.com\/actualites\/wp-content\/uploads\/2022\/02\/france-et-ses-partenaires-officialisent-leur-retrait-militaire-du-mali.jpg","width":620,"height":410,"caption":"France retrait militaire du mali"},{"@type":"BreadcrumbList","@id":"https:\/\/www.info-algerie.com\/actualites\/la-france-et-ses-partenaires-officialisent-leur-retrait-militaire-du-mali\/#breadcrumb","itemListElement":[{"@type":"ListItem","position":1,"name":"Accueil","item":"https:\/\/www.info-algerie.com\/actualites\/"},{"@type":"ListItem","position":2,"name":"La France et ses partenaires officialisent leur retrait militaire du Mali"}]},{"@type":"WebSite","@id":"https:\/\/www.info-algerie.com\/actualites\/#website","url":"https:\/\/www.info-algerie.com\/actualites\/","name":"info algerie","description":"Toutes les actualit\u00e9s","publisher":{"@id":"https:\/\/www.info-algerie.com\/actualites\/#organization"},"potentialAction":[{"@type":"SearchAction","target":{"@type":"EntryPoint","urlTemplate":"https:\/\/www.info-algerie.com\/actualites\/?s={search_term_string}"},"query-input":{"@type":"PropertyValueSpecification","valueRequired":true,"valueName":"search_term_string"}}],"inLanguage":"fr-FR"},{"@type":"Organization","@id":"https:\/\/www.info-algerie.com\/actualites\/#organization","name":"info algerie","url":"https:\/\/www.info-algerie.com\/actualites\/","logo":{"@type":"ImageObject","inLanguage":"fr-FR","@id":"https:\/\/www.info-algerie.com\/actualites\/#\/schema\/logo\/image\/","url":"https:\/\/www.info-algerie.com\/actualites\/wp-content\/uploads\/2022\/07\/logo-ia-120.png","contentUrl":"https:\/\/www.info-algerie.com\/actualites\/wp-content\/uploads\/2022\/07\/logo-ia-120.png","width":120,"height":43,"caption":"info algerie"},"image":{"@id":"https:\/\/www.info-algerie.com\/actualites\/#\/schema\/logo\/image\/"},"sameAs":["https:\/\/www.facebook.com\/infoalgerieactu","https:\/\/x.com\/infoalgerie1"]},{"@type":"Person","@id":"https:\/\/www.info-algerie.com\/actualites\/#\/schema\/person\/847aaec44920825b843a08f30ec6aa1e","name":"La r\u00e9daction","image":{"@type":"ImageObject","inLanguage":"fr-FR","@id":"https:\/\/secure.gravatar.com\/avatar\/769db425c6f465158149f1ffd6cf61ce7a8a879d11dfbef8288af36dfddd418c?s=96&d=mm&r=g","url":"https:\/\/secure.gravatar.com\/avatar\/769db425c6f465158149f1ffd6cf61ce7a8a879d11dfbef8288af36dfddd418c?s=96&d=mm&r=g","contentUrl":"https:\/\/secure.gravatar.com\/avatar\/769db425c6f465158149f1ffd6cf61ce7a8a879d11dfbef8288af36dfddd418c?s=96&d=mm&r=g","caption":"La r\u00e9daction"},"sameAs":["http:\/\/www.lkeria.com\/"],"url":"https:\/\/www.info-algerie.com\/actualites\/author\/chakib32\/"}]}},"_links":{"self":[{"href":"https:\/\/www.info-algerie.com\/actualites\/wp-json\/wp\/v2\/posts\/26939","targetHints":{"allow":["GET"]}}],"collection":[{"href":"https:\/\/www.info-algerie.com\/actualites\/wp-json\/wp\/v2\/posts"}],"about":[{"href":"https:\/\/www.info-algerie.com\/actualites\/wp-json\/wp\/v2\/types\/post"}],"author":[{"embeddable":true,"href":"https:\/\/www.info-algerie.com\/actualites\/wp-json\/wp\/v2\/users\/6"}],"replies":[{"embeddable":true,"href":"https:\/\/www.info-algerie.com\/actualites\/wp-json\/wp\/v2\/comments?post=26939"}],"version-history":[{"count":1,"href":"https:\/\/www.info-algerie.com\/actualites\/wp-json\/wp\/v2\/posts\/26939\/revisions"}],"predecessor-version":[{"id":27212,"href":"https:\/\/www.info-algerie.com\/actualites\/wp-json\/wp\/v2\/posts\/26939\/revisions\/27212"}],"wp:featuredmedia":[{"embeddable":true,"href":"https:\/\/www.info-algerie.com\/actualites\/wp-json\/wp\/v2\/media\/27211"}],"wp:attachment":[{"href":"https:\/\/www.info-algerie.com\/actualites\/wp-json\/wp\/v2\/media?parent=26939"}],"wp:term":[{"taxonomy":"category","embeddable":true,"href":"https:\/\/www.info-algerie.com\/actualites\/wp-json\/wp\/v2\/categories?post=26939"},{"taxonomy":"post_tag","embeddable":true,"href":"https:\/\/www.info-algerie.com\/actualites\/wp-json\/wp\/v2\/tags?post=26939"}],"curies":[{"name":"wp","href":"https:\/\/api.w.org\/{rel}","templated":true}]}}