{"id":26948,"date":"2022-02-19T12:00:00","date_gmt":"2022-02-19T11:00:00","guid":{"rendered":"https:\/\/www.info-algerie.com\/actualites\/une-caravane-medicale-sillonnera-111-zones-dombre\/"},"modified":"2022-03-02T11:38:15","modified_gmt":"2022-03-02T10:38:15","slug":"une-caravane-medicale-sillonnera-111-zones-dombre","status":"publish","type":"post","link":"https:\/\/www.info-algerie.com\/actualites\/une-caravane-medicale-sillonnera-111-zones-dombre\/","title":{"rendered":"Une caravane m\u00e9dicale sillonnera 111 zones d&#039;ombre"},"content":{"rendered":"\n<p>Une caravane m\u00e9dicale compos\u00e9e de sp\u00e9cialistes de g\u00e9n\u00e9ralistes et de param\u00e9dicaux est arriv\u00e9e, jeudi, dans la wilaya de M\u00e9d\u00e9a \u00e0 l&rsquo;effet d&rsquo;organiser des consultations sp\u00e9cialis\u00e9es sur diverses pathologies et la prise en charge m\u00e9dicale des populations des zones d&rsquo;ombre et enclav\u00e9es.<\/p>\n\n\n\n<p>Lanc\u00e9e sous le haut patronage du Pr\u00e9sident de la R\u00e9publique, la caravane m\u00e9dicale, d\u00e9p\u00each\u00e9e par le R\u00e9seau de la jeunesse alg\u00e9rienne, en collaboration avec le minist\u00e8re de la Sant\u00e9, a install\u00e9 ses quartiers dans les 7 \u00e9tablissements publics hospitaliers (EPH) que compte la wilaya o\u00f9 ses \u00e9quipes vont prodiguer des soins et mener des interventions chirurgicales au profit de plus de 1200 malades.<\/p>\n\n\n\n<p>En effet, pas moins de 75 praticiens dont des chirurgiens, ophtalmologues, cardiologues, gyn\u00e9cologie, chirurgiens infantiles, psychologies, vont \u00eatre d\u00e9ploy\u00e9s \u00e0 travers les diff\u00e9rents secteurs sanitaires o\u00f9 tous les moyens mat\u00e9riels et humains ont \u00e9t\u00e9 mobilis\u00e9s, notamment des ambulances \u00e9quip\u00e9es, pour leur mise \u00e0 la disposition de la caravane.<\/p>\n\n\n\n<p>Source: <a href=\"https:\/\/www.liberte-algerie.com\/centre\/une-caravane-medicale-sillonnera-111-zones-dombre-373539\" target=\"_blank\" rel=\"noopener\">Une caravane m\u00e9dicale sillonnera 111 zones d&rsquo;ombre<\/a><\/p>\n<!--CusAds0-->\n<div style=\"font-size: 0px; height: 0px; line-height: 0px; margin: 0; padding: 0; clear: both;\"><\/div>","protected":false},"excerpt":{"rendered":"<p>Une caravane m\u00e9dicale compos\u00e9e de sp\u00e9cialistes de g\u00e9n\u00e9ralistes et de param\u00e9dicaux est arriv\u00e9e, jeudi, dans la wilaya de M\u00e9d\u00e9a \u00e0 l&rsquo;effet d&rsquo;organiser des consultations sp\u00e9cialis\u00e9es sur diverses pathologies et la prise en charge m\u00e9dicale des populations des zones d&rsquo;ombre et enclav\u00e9es. Lanc\u00e9e sous le haut patronage du Pr\u00e9sident de la R\u00e9publique, la caravane m\u00e9dicale, d\u00e9p\u00each\u00e9e<\/p>\n","protected":false},"author":6,"featured_media":27087,"comment_status":"open","ping_status":"open","sticky":false,"template":"","format":"standard","meta":{"footnotes":""},"categories":[22],"tags":[235,236],"class_list":["post-26948","post","type-post","status-publish","format-standard","has-post-thumbnail","hentry","category-infos","tag-caravane-medicale","tag-medea"],"yoast_head":"<!-- This site is optimized with the Yoast SEO plugin v27.5 - https:\/\/yoast.com\/product\/yoast-seo-wordpress\/ -->\n<title>Une caravane m\u00e9dicale sillonnera 111 zones d&#039;ombre - info algerie<\/title>\n<meta name=\"description\" content=\"Une caravane m\u00e9dicale compos\u00e9e de sp\u00e9cialistes de g\u00e9n\u00e9ralistes et de param\u00e9dicaux est arriv\u00e9e, jeudi, dans la wilaya de M\u00e9d\u00e9a\" \/>\n<meta name=\"robots\" content=\"index, follow, max-snippet:-1, max-image-preview:large, max-video-preview:-1\" \/>\n<link rel=\"canonical\" href=\"https:\/\/www.info-algerie.com\/actualites\/une-caravane-medicale-sillonnera-111-zones-dombre\/\" \/>\n<meta property=\"og:locale\" content=\"fr_FR\" \/>\n<meta property=\"og:type\" content=\"article\" \/>\n<meta property=\"og:title\" content=\"Une caravane m\u00e9dicale sillonnera 111 zones d&#039;ombre - info algerie\" \/>\n<meta property=\"og:description\" content=\"Une caravane m\u00e9dicale compos\u00e9e de sp\u00e9cialistes de g\u00e9n\u00e9ralistes et de param\u00e9dicaux est arriv\u00e9e, jeudi, dans la wilaya de M\u00e9d\u00e9a\" \/>\n<meta property=\"og:url\" content=\"https:\/\/www.info-algerie.com\/actualites\/une-caravane-medicale-sillonnera-111-zones-dombre\/\" \/>\n<meta property=\"og:site_name\" content=\"info algerie\" \/>\n<meta property=\"article:publisher\" content=\"https:\/\/www.facebook.com\/infoalgerieactu\" \/>\n<meta property=\"article:published_time\" content=\"2022-02-19T11:00:00+00:00\" \/>\n<meta property=\"article:modified_time\" content=\"2022-03-02T10:38:15+00:00\" \/>\n<meta property=\"og:image\" content=\"https:\/\/www.info-algerie.com\/actualites\/wp-content\/uploads\/2022\/02\/une-caravane-medicale-sillonnera-zones-dombre.jpg\" \/>\n\t<meta property=\"og:image:width\" content=\"620\" \/>\n\t<meta property=\"og:image:height\" content=\"349\" \/>\n\t<meta property=\"og:image:type\" content=\"image\/jpeg\" \/>\n<meta name=\"author\" content=\"La r\u00e9daction\" \/>\n<meta name=\"twitter:label1\" content=\"\u00c9crit par\" \/>\n\t<meta name=\"twitter:data1\" content=\"La r\u00e9daction\" \/>\n\t<meta name=\"twitter:label2\" content=\"Dur\u00e9e de lecture estim\u00e9e\" \/>\n\t<meta name=\"twitter:data2\" content=\"1 minute\" \/>\n<script type=\"application\/ld+json\" class=\"yoast-schema-graph\">{\"@context\":\"https:\\\/\\\/schema.org\",\"@graph\":[{\"@type\":\"Article\",\"@id\":\"https:\\\/\\\/www.info-algerie.com\\\/actualites\\\/une-caravane-medicale-sillonnera-111-zones-dombre\\\/#article\",\"isPartOf\":{\"@id\":\"https:\\\/\\\/www.info-algerie.com\\\/actualites\\\/une-caravane-medicale-sillonnera-111-zones-dombre\\\/\"},\"author\":{\"name\":\"La r\u00e9daction\",\"@id\":\"https:\\\/\\\/www.info-algerie.com\\\/actualites\\\/#\\\/schema\\\/person\\\/847aaec44920825b843a08f30ec6aa1e\"},\"headline\":\"Une caravane m\u00e9dicale sillonnera 111 zones d&#039;ombre\",\"datePublished\":\"2022-02-19T11:00:00+00:00\",\"dateModified\":\"2022-03-02T10:38:15+00:00\",\"mainEntityOfPage\":{\"@id\":\"https:\\\/\\\/www.info-algerie.com\\\/actualites\\\/une-caravane-medicale-sillonnera-111-zones-dombre\\\/\"},\"wordCount\":196,\"commentCount\":0,\"publisher\":{\"@id\":\"https:\\\/\\\/www.info-algerie.com\\\/actualites\\\/#organization\"},\"image\":{\"@id\":\"https:\\\/\\\/www.info-algerie.com\\\/actualites\\\/une-caravane-medicale-sillonnera-111-zones-dombre\\\/#primaryimage\"},\"thumbnailUrl\":\"https:\\\/\\\/www.info-algerie.com\\\/actualites\\\/wp-content\\\/uploads\\\/2022\\\/02\\\/une-caravane-medicale-sillonnera-zones-dombre.jpg\",\"keywords\":[\"caravane m\u00e9dicale\",\"m\u00e9d\u00e9a\"],\"articleSection\":[\"infos\"],\"inLanguage\":\"fr-FR\",\"potentialAction\":[{\"@type\":\"CommentAction\",\"name\":\"Comment\",\"target\":[\"https:\\\/\\\/www.info-algerie.com\\\/actualites\\\/une-caravane-medicale-sillonnera-111-zones-dombre\\\/#respond\"]}]},{\"@type\":\"WebPage\",\"@id\":\"https:\\\/\\\/www.info-algerie.com\\\/actualites\\\/une-caravane-medicale-sillonnera-111-zones-dombre\\\/\",\"url\":\"https:\\\/\\\/www.info-algerie.com\\\/actualites\\\/une-caravane-medicale-sillonnera-111-zones-dombre\\\/\",\"name\":\"Une caravane m\u00e9dicale sillonnera 111 zones d&#039;ombre - info algerie\",\"isPartOf\":{\"@id\":\"https:\\\/\\\/www.info-algerie.com\\\/actualites\\\/#website\"},\"primaryImageOfPage\":{\"@id\":\"https:\\\/\\\/www.info-algerie.com\\\/actualites\\\/une-caravane-medicale-sillonnera-111-zones-dombre\\\/#primaryimage\"},\"image\":{\"@id\":\"https:\\\/\\\/www.info-algerie.com\\\/actualites\\\/une-caravane-medicale-sillonnera-111-zones-dombre\\\/#primaryimage\"},\"thumbnailUrl\":\"https:\\\/\\\/www.info-algerie.com\\\/actualites\\\/wp-content\\\/uploads\\\/2022\\\/02\\\/une-caravane-medicale-sillonnera-zones-dombre.jpg\",\"datePublished\":\"2022-02-19T11:00:00+00:00\",\"dateModified\":\"2022-03-02T10:38:15+00:00\",\"description\":\"Une caravane m\u00e9dicale compos\u00e9e de sp\u00e9cialistes de g\u00e9n\u00e9ralistes et de param\u00e9dicaux est arriv\u00e9e, jeudi, dans la wilaya de M\u00e9d\u00e9a\",\"breadcrumb\":{\"@id\":\"https:\\\/\\\/www.info-algerie.com\\\/actualites\\\/une-caravane-medicale-sillonnera-111-zones-dombre\\\/#breadcrumb\"},\"inLanguage\":\"fr-FR\",\"potentialAction\":[{\"@type\":\"ReadAction\",\"target\":[\"https:\\\/\\\/www.info-algerie.com\\\/actualites\\\/une-caravane-medicale-sillonnera-111-zones-dombre\\\/\"]}]},{\"@type\":\"ImageObject\",\"inLanguage\":\"fr-FR\",\"@id\":\"https:\\\/\\\/www.info-algerie.com\\\/actualites\\\/une-caravane-medicale-sillonnera-111-zones-dombre\\\/#primaryimage\",\"url\":\"https:\\\/\\\/www.info-algerie.com\\\/actualites\\\/wp-content\\\/uploads\\\/2022\\\/02\\\/une-caravane-medicale-sillonnera-zones-dombre.jpg\",\"contentUrl\":\"https:\\\/\\\/www.info-algerie.com\\\/actualites\\\/wp-content\\\/uploads\\\/2022\\\/02\\\/une-caravane-medicale-sillonnera-zones-dombre.jpg\",\"width\":620,\"height\":349,\"caption\":\"caravane m\u00e9dicale\"},{\"@type\":\"BreadcrumbList\",\"@id\":\"https:\\\/\\\/www.info-algerie.com\\\/actualites\\\/une-caravane-medicale-sillonnera-111-zones-dombre\\\/#breadcrumb\",\"itemListElement\":[{\"@type\":\"ListItem\",\"position\":1,\"name\":\"Accueil\",\"item\":\"https:\\\/\\\/www.info-algerie.com\\\/actualites\\\/\"},{\"@type\":\"ListItem\",\"position\":2,\"name\":\"Une caravane m\u00e9dicale sillonnera 111 zones d&#039;ombre\"}]},{\"@type\":\"WebSite\",\"@id\":\"https:\\\/\\\/www.info-algerie.com\\\/actualites\\\/#website\",\"url\":\"https:\\\/\\\/www.info-algerie.com\\\/actualites\\\/\",\"name\":\"info algerie\",\"description\":\"Toutes les actualit\u00e9s\",\"publisher\":{\"@id\":\"https:\\\/\\\/www.info-algerie.com\\\/actualites\\\/#organization\"},\"potentialAction\":[{\"@type\":\"SearchAction\",\"target\":{\"@type\":\"EntryPoint\",\"urlTemplate\":\"https:\\\/\\\/www.info-algerie.com\\\/actualites\\\/?s={search_term_string}\"},\"query-input\":{\"@type\":\"PropertyValueSpecification\",\"valueRequired\":true,\"valueName\":\"search_term_string\"}}],\"inLanguage\":\"fr-FR\"},{\"@type\":\"Organization\",\"@id\":\"https:\\\/\\\/www.info-algerie.com\\\/actualites\\\/#organization\",\"name\":\"info algerie\",\"url\":\"https:\\\/\\\/www.info-algerie.com\\\/actualites\\\/\",\"logo\":{\"@type\":\"ImageObject\",\"inLanguage\":\"fr-FR\",\"@id\":\"https:\\\/\\\/www.info-algerie.com\\\/actualites\\\/#\\\/schema\\\/logo\\\/image\\\/\",\"url\":\"https:\\\/\\\/www.info-algerie.com\\\/actualites\\\/wp-content\\\/uploads\\\/2022\\\/07\\\/logo-ia-120.png\",\"contentUrl\":\"https:\\\/\\\/www.info-algerie.com\\\/actualites\\\/wp-content\\\/uploads\\\/2022\\\/07\\\/logo-ia-120.png\",\"width\":120,\"height\":43,\"caption\":\"info algerie\"},\"image\":{\"@id\":\"https:\\\/\\\/www.info-algerie.com\\\/actualites\\\/#\\\/schema\\\/logo\\\/image\\\/\"},\"sameAs\":[\"https:\\\/\\\/www.facebook.com\\\/infoalgerieactu\",\"https:\\\/\\\/x.com\\\/infoalgerie1\"]},{\"@type\":\"Person\",\"@id\":\"https:\\\/\\\/www.info-algerie.com\\\/actualites\\\/#\\\/schema\\\/person\\\/847aaec44920825b843a08f30ec6aa1e\",\"name\":\"La r\u00e9daction\",\"image\":{\"@type\":\"ImageObject\",\"inLanguage\":\"fr-FR\",\"@id\":\"https:\\\/\\\/secure.gravatar.com\\\/avatar\\\/769db425c6f465158149f1ffd6cf61ce7a8a879d11dfbef8288af36dfddd418c?s=96&d=mm&r=g\",\"url\":\"https:\\\/\\\/secure.gravatar.com\\\/avatar\\\/769db425c6f465158149f1ffd6cf61ce7a8a879d11dfbef8288af36dfddd418c?s=96&d=mm&r=g\",\"contentUrl\":\"https:\\\/\\\/secure.gravatar.com\\\/avatar\\\/769db425c6f465158149f1ffd6cf61ce7a8a879d11dfbef8288af36dfddd418c?s=96&d=mm&r=g\",\"caption\":\"La r\u00e9daction\"},\"sameAs\":[\"http:\\\/\\\/www.lkeria.com\\\/\"],\"url\":\"https:\\\/\\\/www.info-algerie.com\\\/actualites\\\/author\\\/chakib32\\\/\"}]}<\/script>\n<!-- \/ Yoast SEO plugin. -->","yoast_head_json":{"title":"Une caravane m\u00e9dicale sillonnera 111 zones d&#039;ombre - info algerie","description":"Une caravane m\u00e9dicale compos\u00e9e de sp\u00e9cialistes de g\u00e9n\u00e9ralistes et de param\u00e9dicaux est arriv\u00e9e, jeudi, dans la wilaya de M\u00e9d\u00e9a","robots":{"index":"index","follow":"follow","max-snippet":"max-snippet:-1","max-image-preview":"max-image-preview:large","max-video-preview":"max-video-preview:-1"},"canonical":"https:\/\/www.info-algerie.com\/actualites\/une-caravane-medicale-sillonnera-111-zones-dombre\/","og_locale":"fr_FR","og_type":"article","og_title":"Une caravane m\u00e9dicale sillonnera 111 zones d&#039;ombre - info algerie","og_description":"Une caravane m\u00e9dicale compos\u00e9e de sp\u00e9cialistes de g\u00e9n\u00e9ralistes et de param\u00e9dicaux est arriv\u00e9e, jeudi, dans la wilaya de M\u00e9d\u00e9a","og_url":"https:\/\/www.info-algerie.com\/actualites\/une-caravane-medicale-sillonnera-111-zones-dombre\/","og_site_name":"info algerie","article_publisher":"https:\/\/www.facebook.com\/infoalgerieactu","article_published_time":"2022-02-19T11:00:00+00:00","article_modified_time":"2022-03-02T10:38:15+00:00","og_image":[{"width":620,"height":349,"url":"https:\/\/www.info-algerie.com\/actualites\/wp-content\/uploads\/2022\/02\/une-caravane-medicale-sillonnera-zones-dombre.jpg","type":"image\/jpeg"}],"author":"La r\u00e9daction","twitter_misc":{"\u00c9crit par":"La r\u00e9daction","Dur\u00e9e de lecture estim\u00e9e":"1 minute"},"schema":{"@context":"https:\/\/schema.org","@graph":[{"@type":"Article","@id":"https:\/\/www.info-algerie.com\/actualites\/une-caravane-medicale-sillonnera-111-zones-dombre\/#article","isPartOf":{"@id":"https:\/\/www.info-algerie.com\/actualites\/une-caravane-medicale-sillonnera-111-zones-dombre\/"},"author":{"name":"La r\u00e9daction","@id":"https:\/\/www.info-algerie.com\/actualites\/#\/schema\/person\/847aaec44920825b843a08f30ec6aa1e"},"headline":"Une caravane m\u00e9dicale sillonnera 111 zones d&#039;ombre","datePublished":"2022-02-19T11:00:00+00:00","dateModified":"2022-03-02T10:38:15+00:00","mainEntityOfPage":{"@id":"https:\/\/www.info-algerie.com\/actualites\/une-caravane-medicale-sillonnera-111-zones-dombre\/"},"wordCount":196,"commentCount":0,"publisher":{"@id":"https:\/\/www.info-algerie.com\/actualites\/#organization"},"image":{"@id":"https:\/\/www.info-algerie.com\/actualites\/une-caravane-medicale-sillonnera-111-zones-dombre\/#primaryimage"},"thumbnailUrl":"https:\/\/www.info-algerie.com\/actualites\/wp-content\/uploads\/2022\/02\/une-caravane-medicale-sillonnera-zones-dombre.jpg","keywords":["caravane m\u00e9dicale","m\u00e9d\u00e9a"],"articleSection":["infos"],"inLanguage":"fr-FR","potentialAction":[{"@type":"CommentAction","name":"Comment","target":["https:\/\/www.info-algerie.com\/actualites\/une-caravane-medicale-sillonnera-111-zones-dombre\/#respond"]}]},{"@type":"WebPage","@id":"https:\/\/www.info-algerie.com\/actualites\/une-caravane-medicale-sillonnera-111-zones-dombre\/","url":"https:\/\/www.info-algerie.com\/actualites\/une-caravane-medicale-sillonnera-111-zones-dombre\/","name":"Une caravane m\u00e9dicale sillonnera 111 zones d&#039;ombre - info algerie","isPartOf":{"@id":"https:\/\/www.info-algerie.com\/actualites\/#website"},"primaryImageOfPage":{"@id":"https:\/\/www.info-algerie.com\/actualites\/une-caravane-medicale-sillonnera-111-zones-dombre\/#primaryimage"},"image":{"@id":"https:\/\/www.info-algerie.com\/actualites\/une-caravane-medicale-sillonnera-111-zones-dombre\/#primaryimage"},"thumbnailUrl":"https:\/\/www.info-algerie.com\/actualites\/wp-content\/uploads\/2022\/02\/une-caravane-medicale-sillonnera-zones-dombre.jpg","datePublished":"2022-02-19T11:00:00+00:00","dateModified":"2022-03-02T10:38:15+00:00","description":"Une caravane m\u00e9dicale compos\u00e9e de sp\u00e9cialistes de g\u00e9n\u00e9ralistes et de param\u00e9dicaux est arriv\u00e9e, jeudi, dans la wilaya de M\u00e9d\u00e9a","breadcrumb":{"@id":"https:\/\/www.info-algerie.com\/actualites\/une-caravane-medicale-sillonnera-111-zones-dombre\/#breadcrumb"},"inLanguage":"fr-FR","potentialAction":[{"@type":"ReadAction","target":["https:\/\/www.info-algerie.com\/actualites\/une-caravane-medicale-sillonnera-111-zones-dombre\/"]}]},{"@type":"ImageObject","inLanguage":"fr-FR","@id":"https:\/\/www.info-algerie.com\/actualites\/une-caravane-medicale-sillonnera-111-zones-dombre\/#primaryimage","url":"https:\/\/www.info-algerie.com\/actualites\/wp-content\/uploads\/2022\/02\/une-caravane-medicale-sillonnera-zones-dombre.jpg","contentUrl":"https:\/\/www.info-algerie.com\/actualites\/wp-content\/uploads\/2022\/02\/une-caravane-medicale-sillonnera-zones-dombre.jpg","width":620,"height":349,"caption":"caravane m\u00e9dicale"},{"@type":"BreadcrumbList","@id":"https:\/\/www.info-algerie.com\/actualites\/une-caravane-medicale-sillonnera-111-zones-dombre\/#breadcrumb","itemListElement":[{"@type":"ListItem","position":1,"name":"Accueil","item":"https:\/\/www.info-algerie.com\/actualites\/"},{"@type":"ListItem","position":2,"name":"Une caravane m\u00e9dicale sillonnera 111 zones d&#039;ombre"}]},{"@type":"WebSite","@id":"https:\/\/www.info-algerie.com\/actualites\/#website","url":"https:\/\/www.info-algerie.com\/actualites\/","name":"info algerie","description":"Toutes les actualit\u00e9s","publisher":{"@id":"https:\/\/www.info-algerie.com\/actualites\/#organization"},"potentialAction":[{"@type":"SearchAction","target":{"@type":"EntryPoint","urlTemplate":"https:\/\/www.info-algerie.com\/actualites\/?s={search_term_string}"},"query-input":{"@type":"PropertyValueSpecification","valueRequired":true,"valueName":"search_term_string"}}],"inLanguage":"fr-FR"},{"@type":"Organization","@id":"https:\/\/www.info-algerie.com\/actualites\/#organization","name":"info algerie","url":"https:\/\/www.info-algerie.com\/actualites\/","logo":{"@type":"ImageObject","inLanguage":"fr-FR","@id":"https:\/\/www.info-algerie.com\/actualites\/#\/schema\/logo\/image\/","url":"https:\/\/www.info-algerie.com\/actualites\/wp-content\/uploads\/2022\/07\/logo-ia-120.png","contentUrl":"https:\/\/www.info-algerie.com\/actualites\/wp-content\/uploads\/2022\/07\/logo-ia-120.png","width":120,"height":43,"caption":"info algerie"},"image":{"@id":"https:\/\/www.info-algerie.com\/actualites\/#\/schema\/logo\/image\/"},"sameAs":["https:\/\/www.facebook.com\/infoalgerieactu","https:\/\/x.com\/infoalgerie1"]},{"@type":"Person","@id":"https:\/\/www.info-algerie.com\/actualites\/#\/schema\/person\/847aaec44920825b843a08f30ec6aa1e","name":"La r\u00e9daction","image":{"@type":"ImageObject","inLanguage":"fr-FR","@id":"https:\/\/secure.gravatar.com\/avatar\/769db425c6f465158149f1ffd6cf61ce7a8a879d11dfbef8288af36dfddd418c?s=96&d=mm&r=g","url":"https:\/\/secure.gravatar.com\/avatar\/769db425c6f465158149f1ffd6cf61ce7a8a879d11dfbef8288af36dfddd418c?s=96&d=mm&r=g","contentUrl":"https:\/\/secure.gravatar.com\/avatar\/769db425c6f465158149f1ffd6cf61ce7a8a879d11dfbef8288af36dfddd418c?s=96&d=mm&r=g","caption":"La r\u00e9daction"},"sameAs":["http:\/\/www.lkeria.com\/"],"url":"https:\/\/www.info-algerie.com\/actualites\/author\/chakib32\/"}]}},"_links":{"self":[{"href":"https:\/\/www.info-algerie.com\/actualites\/wp-json\/wp\/v2\/posts\/26948","targetHints":{"allow":["GET"]}}],"collection":[{"href":"https:\/\/www.info-algerie.com\/actualites\/wp-json\/wp\/v2\/posts"}],"about":[{"href":"https:\/\/www.info-algerie.com\/actualites\/wp-json\/wp\/v2\/types\/post"}],"author":[{"embeddable":true,"href":"https:\/\/www.info-algerie.com\/actualites\/wp-json\/wp\/v2\/users\/6"}],"replies":[{"embeddable":true,"href":"https:\/\/www.info-algerie.com\/actualites\/wp-json\/wp\/v2\/comments?post=26948"}],"version-history":[{"count":2,"href":"https:\/\/www.info-algerie.com\/actualites\/wp-json\/wp\/v2\/posts\/26948\/revisions"}],"predecessor-version":[{"id":27088,"href":"https:\/\/www.info-algerie.com\/actualites\/wp-json\/wp\/v2\/posts\/26948\/revisions\/27088"}],"wp:featuredmedia":[{"embeddable":true,"href":"https:\/\/www.info-algerie.com\/actualites\/wp-json\/wp\/v2\/media\/27087"}],"wp:attachment":[{"href":"https:\/\/www.info-algerie.com\/actualites\/wp-json\/wp\/v2\/media?parent=26948"}],"wp:term":[{"taxonomy":"category","embeddable":true,"href":"https:\/\/www.info-algerie.com\/actualites\/wp-json\/wp\/v2\/categories?post=26948"},{"taxonomy":"post_tag","embeddable":true,"href":"https:\/\/www.info-algerie.com\/actualites\/wp-json\/wp\/v2\/tags?post=26948"}],"curies":[{"name":"wp","href":"https:\/\/api.w.org\/{rel}","templated":true}]}}