{"id":26984,"date":"2022-02-24T12:00:00","date_gmt":"2022-02-24T11:00:00","guid":{"rendered":"https:\/\/www.info-algerie.com\/actualites\/la-selection-u18-participera-a-un-tournoi-en-espagne-en-mars\/"},"modified":"2022-03-02T11:22:26","modified_gmt":"2022-03-02T10:22:26","slug":"la-selection-u18-participera-a-un-tournoi-en-espagne-en-mars","status":"publish","type":"post","link":"https:\/\/www.info-algerie.com\/actualites\/la-selection-u18-participera-a-un-tournoi-en-espagne-en-mars\/","title":{"rendered":"La s\u00e9lection U18 participera \u00e0 un tournoi en Espagne en mars"},"content":{"rendered":"\n<p>L&rsquo;\u00e9quipe nationale de football des moins de 18 ans (U18) prendra part \u00e0 un tournoi amical de pr\u00e9paration, en mars prochain en Espagne, en vue des Jeux m\u00e9diterran\u00e9ens (JM-2021), pr\u00e9vus \u00e0 Oran du 25 juin au 5 juillet prochains, a appris l&rsquo;APS hier aupr\u00e8s de la F\u00e9d\u00e9ration alg\u00e9rienne de football (FAF).<\/p>\n\n\n\n<p>\u201cDans le cadre de ses pr\u00e9paratifs en vue du tournoi m\u00e9diterran\u00e9en, la s\u00e9lection nationale des U18 prendra part \u00e0 un tournoi amical pr\u00e9vu en Espagne en mars prochain.<\/p>\n\n\n\n<p>Outre l&rsquo;Alg\u00e9rie et l&rsquo;Espagne (pays h\u00f4te), trois autres pays ont confirm\u00e9 jusque-l\u00e0 leur participation\u201d, a indiqu\u00e9 \u00e0 l&rsquo;APS Taoufik Korichi, directeur technique national (DTN) par int\u00e9rim et directeur de la formation.<\/p>\n\n\n\n<p>La s\u00e9lection des U18, dirig\u00e9e sur le banc par Mourad Slatni, repr\u00e9sentera l\u2019Alg\u00e9rie aux JM-2021, en pr\u00e9sence d&rsquo;au moins 12 pays.&nbsp;<\/p>\n\n\n\n<p>Le choix de la cat\u00e9gorie des U18 s\u2019inscrit dans la strat\u00e9gie de la DTN, en pr\u00e9vision des \u00e9ch\u00e9ances \u00e0 moyen terme (2025) o\u00f9 cette s\u00e9lection est appel\u00e9e \u00e0 prendre part \u00e0 plusieurs comp\u00e9titions, comme les Jeux sportifs islamiques (Turquie, 2022) et les Jeux arabes de la jeunesse, (\u00c9gypte, 2022).<\/p>\n\n\n\n<p>\u201cLe prochain stage des U18 est pr\u00e9vu \u00e0 partir du 27 f\u00e9vrier \u00e0 Alger, il sera suivi par un autre ici en Alg\u00e9rie, avant de rallier l&rsquo;Espagne pour participer \u00e0 ce tournoi de pr\u00e9paration\u201d, a-t-il ajout\u00e9.<\/p>\n\n\n\n<p>Le dernier stage des U18 \u00e0 l&rsquo;\u00e9tranger remonte \u00e0 octobre 2021 en France. Les co\u00e9quipiers d&rsquo;Adem Dougui (Queens Park Rangers\/ Ecosse), avaient essuy\u00e9 deux lourdes d\u00e9faites face \u00e0 l&rsquo;\u00e9quipe de France sur le m\u00eame score (6-0).&nbsp;<\/p>\n\n\n\n<p>Pour rappel, Taoufik Korichi a \u00e9t\u00e9 charg\u00e9 par la FAF d&rsquo;assurer l\u2019int\u00e9rim au sein de la DTN, suite au limogeage, le 13 f\u00e9vrier, d\u2019Ameur Chafik et de son adjoint Abdelkrim Benaouda.<\/p>\n\n\n\n<p>Source: <a href=\"https:\/\/www.liberte-algerie.com\/sports\/la-selection-u18-participera-a-un-tournoi-en-espagne-en-mars-373859\" target=\"_blank\" rel=\"noopener\">La s\u00e9lection U18 participera \u00e0 un tournoi en Espagne en mars<\/a><\/p>\n<!--CusAds0-->\n<div style=\"font-size: 0px; height: 0px; line-height: 0px; margin: 0; padding: 0; clear: both;\"><\/div>","protected":false},"excerpt":{"rendered":"<p>L&rsquo;\u00e9quipe nationale de football des moins de 18 ans (U18) prendra part \u00e0 un tournoi amical de pr\u00e9paration, en mars prochain en Espagne, en vue des Jeux m\u00e9diterran\u00e9ens (JM-2021), pr\u00e9vus \u00e0 Oran du 25 juin au 5 juillet prochains, a appris l&rsquo;APS hier aupr\u00e8s de la F\u00e9d\u00e9ration alg\u00e9rienne de football (FAF). \u201cDans le cadre de<\/p>\n","protected":false},"author":6,"featured_media":27075,"comment_status":"open","ping_status":"open","sticky":false,"template":"","format":"standard","meta":{"footnotes":""},"categories":[6],"tags":[229],"class_list":["post-26984","post","type-post","status-publish","format-standard","has-post-thumbnail","hentry","category-sport","tag-selection-u18"],"yoast_head":"<!-- This site is optimized with the Yoast SEO plugin v27.5 - https:\/\/yoast.com\/product\/yoast-seo-wordpress\/ -->\n<title>La s\u00e9lection U18 participera \u00e0 un tournoi en Espagne en mars - info algerie<\/title>\n<meta name=\"description\" content=\"L&#039;\u00e9quipe nationale de football des moins de 18 ans (s\u00e9lection U18) prendra part \u00e0 un tournoi amical en mars prochain en Espagne\" \/>\n<meta name=\"robots\" content=\"index, follow, max-snippet:-1, max-image-preview:large, max-video-preview:-1\" \/>\n<link rel=\"canonical\" href=\"https:\/\/www.info-algerie.com\/actualites\/la-selection-u18-participera-a-un-tournoi-en-espagne-en-mars\/\" \/>\n<meta property=\"og:locale\" content=\"fr_FR\" \/>\n<meta property=\"og:type\" content=\"article\" \/>\n<meta property=\"og:title\" content=\"La s\u00e9lection U18 participera \u00e0 un tournoi en Espagne en mars - info algerie\" \/>\n<meta property=\"og:description\" content=\"L&#039;\u00e9quipe nationale de football des moins de 18 ans (s\u00e9lection U18) prendra part \u00e0 un tournoi amical en mars prochain en Espagne\" \/>\n<meta property=\"og:url\" content=\"https:\/\/www.info-algerie.com\/actualites\/la-selection-u18-participera-a-un-tournoi-en-espagne-en-mars\/\" \/>\n<meta property=\"og:site_name\" content=\"info algerie\" \/>\n<meta property=\"article:publisher\" content=\"https:\/\/www.facebook.com\/infoalgerieactu\" \/>\n<meta property=\"article:published_time\" content=\"2022-02-24T11:00:00+00:00\" \/>\n<meta property=\"article:modified_time\" content=\"2022-03-02T10:22:26+00:00\" \/>\n<meta property=\"og:image\" content=\"https:\/\/www.info-algerie.com\/actualites\/wp-content\/uploads\/2022\/02\/selection-u18-participera-tournoi-en-espagne.jpg\" \/>\n\t<meta property=\"og:image:width\" content=\"620\" \/>\n\t<meta property=\"og:image:height\" content=\"410\" \/>\n\t<meta property=\"og:image:type\" content=\"image\/jpeg\" \/>\n<meta name=\"author\" content=\"La r\u00e9daction\" \/>\n<meta name=\"twitter:label1\" content=\"\u00c9crit par\" \/>\n\t<meta name=\"twitter:data1\" content=\"La r\u00e9daction\" \/>\n\t<meta name=\"twitter:label2\" content=\"Dur\u00e9e de lecture estim\u00e9e\" \/>\n\t<meta name=\"twitter:data2\" content=\"2 minutes\" \/>\n<script type=\"application\/ld+json\" class=\"yoast-schema-graph\">{\"@context\":\"https:\\\/\\\/schema.org\",\"@graph\":[{\"@type\":\"Article\",\"@id\":\"https:\\\/\\\/www.info-algerie.com\\\/actualites\\\/la-selection-u18-participera-a-un-tournoi-en-espagne-en-mars\\\/#article\",\"isPartOf\":{\"@id\":\"https:\\\/\\\/www.info-algerie.com\\\/actualites\\\/la-selection-u18-participera-a-un-tournoi-en-espagne-en-mars\\\/\"},\"author\":{\"name\":\"La r\u00e9daction\",\"@id\":\"https:\\\/\\\/www.info-algerie.com\\\/actualites\\\/#\\\/schema\\\/person\\\/847aaec44920825b843a08f30ec6aa1e\"},\"headline\":\"La s\u00e9lection U18 participera \u00e0 un tournoi en Espagne en mars\",\"datePublished\":\"2022-02-24T11:00:00+00:00\",\"dateModified\":\"2022-03-02T10:22:26+00:00\",\"mainEntityOfPage\":{\"@id\":\"https:\\\/\\\/www.info-algerie.com\\\/actualites\\\/la-selection-u18-participera-a-un-tournoi-en-espagne-en-mars\\\/\"},\"wordCount\":337,\"commentCount\":0,\"publisher\":{\"@id\":\"https:\\\/\\\/www.info-algerie.com\\\/actualites\\\/#organization\"},\"image\":{\"@id\":\"https:\\\/\\\/www.info-algerie.com\\\/actualites\\\/la-selection-u18-participera-a-un-tournoi-en-espagne-en-mars\\\/#primaryimage\"},\"thumbnailUrl\":\"https:\\\/\\\/www.info-algerie.com\\\/actualites\\\/wp-content\\\/uploads\\\/2022\\\/02\\\/selection-u18-participera-tournoi-en-espagne.jpg\",\"keywords\":[\"s\u00e9lection U18\"],\"articleSection\":[\"sport\"],\"inLanguage\":\"fr-FR\",\"potentialAction\":[{\"@type\":\"CommentAction\",\"name\":\"Comment\",\"target\":[\"https:\\\/\\\/www.info-algerie.com\\\/actualites\\\/la-selection-u18-participera-a-un-tournoi-en-espagne-en-mars\\\/#respond\"]}]},{\"@type\":\"WebPage\",\"@id\":\"https:\\\/\\\/www.info-algerie.com\\\/actualites\\\/la-selection-u18-participera-a-un-tournoi-en-espagne-en-mars\\\/\",\"url\":\"https:\\\/\\\/www.info-algerie.com\\\/actualites\\\/la-selection-u18-participera-a-un-tournoi-en-espagne-en-mars\\\/\",\"name\":\"La s\u00e9lection U18 participera \u00e0 un tournoi en Espagne en mars - info algerie\",\"isPartOf\":{\"@id\":\"https:\\\/\\\/www.info-algerie.com\\\/actualites\\\/#website\"},\"primaryImageOfPage\":{\"@id\":\"https:\\\/\\\/www.info-algerie.com\\\/actualites\\\/la-selection-u18-participera-a-un-tournoi-en-espagne-en-mars\\\/#primaryimage\"},\"image\":{\"@id\":\"https:\\\/\\\/www.info-algerie.com\\\/actualites\\\/la-selection-u18-participera-a-un-tournoi-en-espagne-en-mars\\\/#primaryimage\"},\"thumbnailUrl\":\"https:\\\/\\\/www.info-algerie.com\\\/actualites\\\/wp-content\\\/uploads\\\/2022\\\/02\\\/selection-u18-participera-tournoi-en-espagne.jpg\",\"datePublished\":\"2022-02-24T11:00:00+00:00\",\"dateModified\":\"2022-03-02T10:22:26+00:00\",\"description\":\"L'\u00e9quipe nationale de football des moins de 18 ans (s\u00e9lection U18) prendra part \u00e0 un tournoi amical en mars prochain en Espagne\",\"breadcrumb\":{\"@id\":\"https:\\\/\\\/www.info-algerie.com\\\/actualites\\\/la-selection-u18-participera-a-un-tournoi-en-espagne-en-mars\\\/#breadcrumb\"},\"inLanguage\":\"fr-FR\",\"potentialAction\":[{\"@type\":\"ReadAction\",\"target\":[\"https:\\\/\\\/www.info-algerie.com\\\/actualites\\\/la-selection-u18-participera-a-un-tournoi-en-espagne-en-mars\\\/\"]}]},{\"@type\":\"ImageObject\",\"inLanguage\":\"fr-FR\",\"@id\":\"https:\\\/\\\/www.info-algerie.com\\\/actualites\\\/la-selection-u18-participera-a-un-tournoi-en-espagne-en-mars\\\/#primaryimage\",\"url\":\"https:\\\/\\\/www.info-algerie.com\\\/actualites\\\/wp-content\\\/uploads\\\/2022\\\/02\\\/selection-u18-participera-tournoi-en-espagne.jpg\",\"contentUrl\":\"https:\\\/\\\/www.info-algerie.com\\\/actualites\\\/wp-content\\\/uploads\\\/2022\\\/02\\\/selection-u18-participera-tournoi-en-espagne.jpg\",\"width\":620,\"height\":410,\"caption\":\"s\u00e9lection U18\"},{\"@type\":\"BreadcrumbList\",\"@id\":\"https:\\\/\\\/www.info-algerie.com\\\/actualites\\\/la-selection-u18-participera-a-un-tournoi-en-espagne-en-mars\\\/#breadcrumb\",\"itemListElement\":[{\"@type\":\"ListItem\",\"position\":1,\"name\":\"Accueil\",\"item\":\"https:\\\/\\\/www.info-algerie.com\\\/actualites\\\/\"},{\"@type\":\"ListItem\",\"position\":2,\"name\":\"La s\u00e9lection U18 participera \u00e0 un tournoi en Espagne en mars\"}]},{\"@type\":\"WebSite\",\"@id\":\"https:\\\/\\\/www.info-algerie.com\\\/actualites\\\/#website\",\"url\":\"https:\\\/\\\/www.info-algerie.com\\\/actualites\\\/\",\"name\":\"info algerie\",\"description\":\"Toutes les actualit\u00e9s\",\"publisher\":{\"@id\":\"https:\\\/\\\/www.info-algerie.com\\\/actualites\\\/#organization\"},\"potentialAction\":[{\"@type\":\"SearchAction\",\"target\":{\"@type\":\"EntryPoint\",\"urlTemplate\":\"https:\\\/\\\/www.info-algerie.com\\\/actualites\\\/?s={search_term_string}\"},\"query-input\":{\"@type\":\"PropertyValueSpecification\",\"valueRequired\":true,\"valueName\":\"search_term_string\"}}],\"inLanguage\":\"fr-FR\"},{\"@type\":\"Organization\",\"@id\":\"https:\\\/\\\/www.info-algerie.com\\\/actualites\\\/#organization\",\"name\":\"info algerie\",\"url\":\"https:\\\/\\\/www.info-algerie.com\\\/actualites\\\/\",\"logo\":{\"@type\":\"ImageObject\",\"inLanguage\":\"fr-FR\",\"@id\":\"https:\\\/\\\/www.info-algerie.com\\\/actualites\\\/#\\\/schema\\\/logo\\\/image\\\/\",\"url\":\"https:\\\/\\\/www.info-algerie.com\\\/actualites\\\/wp-content\\\/uploads\\\/2022\\\/07\\\/logo-ia-120.png\",\"contentUrl\":\"https:\\\/\\\/www.info-algerie.com\\\/actualites\\\/wp-content\\\/uploads\\\/2022\\\/07\\\/logo-ia-120.png\",\"width\":120,\"height\":43,\"caption\":\"info algerie\"},\"image\":{\"@id\":\"https:\\\/\\\/www.info-algerie.com\\\/actualites\\\/#\\\/schema\\\/logo\\\/image\\\/\"},\"sameAs\":[\"https:\\\/\\\/www.facebook.com\\\/infoalgerieactu\",\"https:\\\/\\\/x.com\\\/infoalgerie1\"]},{\"@type\":\"Person\",\"@id\":\"https:\\\/\\\/www.info-algerie.com\\\/actualites\\\/#\\\/schema\\\/person\\\/847aaec44920825b843a08f30ec6aa1e\",\"name\":\"La r\u00e9daction\",\"image\":{\"@type\":\"ImageObject\",\"inLanguage\":\"fr-FR\",\"@id\":\"https:\\\/\\\/secure.gravatar.com\\\/avatar\\\/769db425c6f465158149f1ffd6cf61ce7a8a879d11dfbef8288af36dfddd418c?s=96&d=mm&r=g\",\"url\":\"https:\\\/\\\/secure.gravatar.com\\\/avatar\\\/769db425c6f465158149f1ffd6cf61ce7a8a879d11dfbef8288af36dfddd418c?s=96&d=mm&r=g\",\"contentUrl\":\"https:\\\/\\\/secure.gravatar.com\\\/avatar\\\/769db425c6f465158149f1ffd6cf61ce7a8a879d11dfbef8288af36dfddd418c?s=96&d=mm&r=g\",\"caption\":\"La r\u00e9daction\"},\"sameAs\":[\"http:\\\/\\\/www.lkeria.com\\\/\"],\"url\":\"https:\\\/\\\/www.info-algerie.com\\\/actualites\\\/author\\\/chakib32\\\/\"}]}<\/script>\n<!-- \/ Yoast SEO plugin. -->","yoast_head_json":{"title":"La s\u00e9lection U18 participera \u00e0 un tournoi en Espagne en mars - info algerie","description":"L'\u00e9quipe nationale de football des moins de 18 ans (s\u00e9lection U18) prendra part \u00e0 un tournoi amical en mars prochain en Espagne","robots":{"index":"index","follow":"follow","max-snippet":"max-snippet:-1","max-image-preview":"max-image-preview:large","max-video-preview":"max-video-preview:-1"},"canonical":"https:\/\/www.info-algerie.com\/actualites\/la-selection-u18-participera-a-un-tournoi-en-espagne-en-mars\/","og_locale":"fr_FR","og_type":"article","og_title":"La s\u00e9lection U18 participera \u00e0 un tournoi en Espagne en mars - info algerie","og_description":"L'\u00e9quipe nationale de football des moins de 18 ans (s\u00e9lection U18) prendra part \u00e0 un tournoi amical en mars prochain en Espagne","og_url":"https:\/\/www.info-algerie.com\/actualites\/la-selection-u18-participera-a-un-tournoi-en-espagne-en-mars\/","og_site_name":"info algerie","article_publisher":"https:\/\/www.facebook.com\/infoalgerieactu","article_published_time":"2022-02-24T11:00:00+00:00","article_modified_time":"2022-03-02T10:22:26+00:00","og_image":[{"width":620,"height":410,"url":"https:\/\/www.info-algerie.com\/actualites\/wp-content\/uploads\/2022\/02\/selection-u18-participera-tournoi-en-espagne.jpg","type":"image\/jpeg"}],"author":"La r\u00e9daction","twitter_misc":{"\u00c9crit par":"La r\u00e9daction","Dur\u00e9e de lecture estim\u00e9e":"2 minutes"},"schema":{"@context":"https:\/\/schema.org","@graph":[{"@type":"Article","@id":"https:\/\/www.info-algerie.com\/actualites\/la-selection-u18-participera-a-un-tournoi-en-espagne-en-mars\/#article","isPartOf":{"@id":"https:\/\/www.info-algerie.com\/actualites\/la-selection-u18-participera-a-un-tournoi-en-espagne-en-mars\/"},"author":{"name":"La r\u00e9daction","@id":"https:\/\/www.info-algerie.com\/actualites\/#\/schema\/person\/847aaec44920825b843a08f30ec6aa1e"},"headline":"La s\u00e9lection U18 participera \u00e0 un tournoi en Espagne en mars","datePublished":"2022-02-24T11:00:00+00:00","dateModified":"2022-03-02T10:22:26+00:00","mainEntityOfPage":{"@id":"https:\/\/www.info-algerie.com\/actualites\/la-selection-u18-participera-a-un-tournoi-en-espagne-en-mars\/"},"wordCount":337,"commentCount":0,"publisher":{"@id":"https:\/\/www.info-algerie.com\/actualites\/#organization"},"image":{"@id":"https:\/\/www.info-algerie.com\/actualites\/la-selection-u18-participera-a-un-tournoi-en-espagne-en-mars\/#primaryimage"},"thumbnailUrl":"https:\/\/www.info-algerie.com\/actualites\/wp-content\/uploads\/2022\/02\/selection-u18-participera-tournoi-en-espagne.jpg","keywords":["s\u00e9lection U18"],"articleSection":["sport"],"inLanguage":"fr-FR","potentialAction":[{"@type":"CommentAction","name":"Comment","target":["https:\/\/www.info-algerie.com\/actualites\/la-selection-u18-participera-a-un-tournoi-en-espagne-en-mars\/#respond"]}]},{"@type":"WebPage","@id":"https:\/\/www.info-algerie.com\/actualites\/la-selection-u18-participera-a-un-tournoi-en-espagne-en-mars\/","url":"https:\/\/www.info-algerie.com\/actualites\/la-selection-u18-participera-a-un-tournoi-en-espagne-en-mars\/","name":"La s\u00e9lection U18 participera \u00e0 un tournoi en Espagne en mars - info algerie","isPartOf":{"@id":"https:\/\/www.info-algerie.com\/actualites\/#website"},"primaryImageOfPage":{"@id":"https:\/\/www.info-algerie.com\/actualites\/la-selection-u18-participera-a-un-tournoi-en-espagne-en-mars\/#primaryimage"},"image":{"@id":"https:\/\/www.info-algerie.com\/actualites\/la-selection-u18-participera-a-un-tournoi-en-espagne-en-mars\/#primaryimage"},"thumbnailUrl":"https:\/\/www.info-algerie.com\/actualites\/wp-content\/uploads\/2022\/02\/selection-u18-participera-tournoi-en-espagne.jpg","datePublished":"2022-02-24T11:00:00+00:00","dateModified":"2022-03-02T10:22:26+00:00","description":"L'\u00e9quipe nationale de football des moins de 18 ans (s\u00e9lection U18) prendra part \u00e0 un tournoi amical en mars prochain en Espagne","breadcrumb":{"@id":"https:\/\/www.info-algerie.com\/actualites\/la-selection-u18-participera-a-un-tournoi-en-espagne-en-mars\/#breadcrumb"},"inLanguage":"fr-FR","potentialAction":[{"@type":"ReadAction","target":["https:\/\/www.info-algerie.com\/actualites\/la-selection-u18-participera-a-un-tournoi-en-espagne-en-mars\/"]}]},{"@type":"ImageObject","inLanguage":"fr-FR","@id":"https:\/\/www.info-algerie.com\/actualites\/la-selection-u18-participera-a-un-tournoi-en-espagne-en-mars\/#primaryimage","url":"https:\/\/www.info-algerie.com\/actualites\/wp-content\/uploads\/2022\/02\/selection-u18-participera-tournoi-en-espagne.jpg","contentUrl":"https:\/\/www.info-algerie.com\/actualites\/wp-content\/uploads\/2022\/02\/selection-u18-participera-tournoi-en-espagne.jpg","width":620,"height":410,"caption":"s\u00e9lection U18"},{"@type":"BreadcrumbList","@id":"https:\/\/www.info-algerie.com\/actualites\/la-selection-u18-participera-a-un-tournoi-en-espagne-en-mars\/#breadcrumb","itemListElement":[{"@type":"ListItem","position":1,"name":"Accueil","item":"https:\/\/www.info-algerie.com\/actualites\/"},{"@type":"ListItem","position":2,"name":"La s\u00e9lection U18 participera \u00e0 un tournoi en Espagne en mars"}]},{"@type":"WebSite","@id":"https:\/\/www.info-algerie.com\/actualites\/#website","url":"https:\/\/www.info-algerie.com\/actualites\/","name":"info algerie","description":"Toutes les actualit\u00e9s","publisher":{"@id":"https:\/\/www.info-algerie.com\/actualites\/#organization"},"potentialAction":[{"@type":"SearchAction","target":{"@type":"EntryPoint","urlTemplate":"https:\/\/www.info-algerie.com\/actualites\/?s={search_term_string}"},"query-input":{"@type":"PropertyValueSpecification","valueRequired":true,"valueName":"search_term_string"}}],"inLanguage":"fr-FR"},{"@type":"Organization","@id":"https:\/\/www.info-algerie.com\/actualites\/#organization","name":"info algerie","url":"https:\/\/www.info-algerie.com\/actualites\/","logo":{"@type":"ImageObject","inLanguage":"fr-FR","@id":"https:\/\/www.info-algerie.com\/actualites\/#\/schema\/logo\/image\/","url":"https:\/\/www.info-algerie.com\/actualites\/wp-content\/uploads\/2022\/07\/logo-ia-120.png","contentUrl":"https:\/\/www.info-algerie.com\/actualites\/wp-content\/uploads\/2022\/07\/logo-ia-120.png","width":120,"height":43,"caption":"info algerie"},"image":{"@id":"https:\/\/www.info-algerie.com\/actualites\/#\/schema\/logo\/image\/"},"sameAs":["https:\/\/www.facebook.com\/infoalgerieactu","https:\/\/x.com\/infoalgerie1"]},{"@type":"Person","@id":"https:\/\/www.info-algerie.com\/actualites\/#\/schema\/person\/847aaec44920825b843a08f30ec6aa1e","name":"La r\u00e9daction","image":{"@type":"ImageObject","inLanguage":"fr-FR","@id":"https:\/\/secure.gravatar.com\/avatar\/769db425c6f465158149f1ffd6cf61ce7a8a879d11dfbef8288af36dfddd418c?s=96&d=mm&r=g","url":"https:\/\/secure.gravatar.com\/avatar\/769db425c6f465158149f1ffd6cf61ce7a8a879d11dfbef8288af36dfddd418c?s=96&d=mm&r=g","contentUrl":"https:\/\/secure.gravatar.com\/avatar\/769db425c6f465158149f1ffd6cf61ce7a8a879d11dfbef8288af36dfddd418c?s=96&d=mm&r=g","caption":"La r\u00e9daction"},"sameAs":["http:\/\/www.lkeria.com\/"],"url":"https:\/\/www.info-algerie.com\/actualites\/author\/chakib32\/"}]}},"_links":{"self":[{"href":"https:\/\/www.info-algerie.com\/actualites\/wp-json\/wp\/v2\/posts\/26984","targetHints":{"allow":["GET"]}}],"collection":[{"href":"https:\/\/www.info-algerie.com\/actualites\/wp-json\/wp\/v2\/posts"}],"about":[{"href":"https:\/\/www.info-algerie.com\/actualites\/wp-json\/wp\/v2\/types\/post"}],"author":[{"embeddable":true,"href":"https:\/\/www.info-algerie.com\/actualites\/wp-json\/wp\/v2\/users\/6"}],"replies":[{"embeddable":true,"href":"https:\/\/www.info-algerie.com\/actualites\/wp-json\/wp\/v2\/comments?post=26984"}],"version-history":[{"count":1,"href":"https:\/\/www.info-algerie.com\/actualites\/wp-json\/wp\/v2\/posts\/26984\/revisions"}],"predecessor-version":[{"id":27076,"href":"https:\/\/www.info-algerie.com\/actualites\/wp-json\/wp\/v2\/posts\/26984\/revisions\/27076"}],"wp:featuredmedia":[{"embeddable":true,"href":"https:\/\/www.info-algerie.com\/actualites\/wp-json\/wp\/v2\/media\/27075"}],"wp:attachment":[{"href":"https:\/\/www.info-algerie.com\/actualites\/wp-json\/wp\/v2\/media?parent=26984"}],"wp:term":[{"taxonomy":"category","embeddable":true,"href":"https:\/\/www.info-algerie.com\/actualites\/wp-json\/wp\/v2\/categories?post=26984"},{"taxonomy":"post_tag","embeddable":true,"href":"https:\/\/www.info-algerie.com\/actualites\/wp-json\/wp\/v2\/tags?post=26984"}],"curies":[{"name":"wp","href":"https:\/\/api.w.org\/{rel}","templated":true}]}}