{"id":26995,"date":"2022-02-27T12:00:00","date_gmt":"2022-02-27T11:00:00","guid":{"rendered":"https:\/\/www.info-algerie.com\/actualites\/les-veterinaires-entament-leur-deuxieme-semaine-de-greve\/"},"modified":"2022-02-28T18:45:21","modified_gmt":"2022-02-28T17:45:21","slug":"les-veterinaires-entament-leur-deuxieme-semaine-de-greve","status":"publish","type":"post","link":"https:\/\/www.info-algerie.com\/actualites\/les-veterinaires-entament-leur-deuxieme-semaine-de-greve\/","title":{"rendered":"Les v\u00e9t\u00e9rinaires entament leur deuxi\u00e8me semaine de gr\u00e8ve"},"content":{"rendered":"\n<p>Observ\u00e9e depuis 16 du mois en cours, la gr\u00e8ve illimit\u00e9e des affili\u00e9s au Syndicat national des v\u00e9t\u00e9rinaires fonctionnaires de l&rsquo;administration publique (SNVFAP) entame sa deuxi\u00e8me semaine, a-t-on appris des concern\u00e9s. Ces derniers ne semblent pas pr\u00eats \u00e0 baisser les bras jusqu\u2019\u00e0 la satisfaction de leurs revendications, \u00e0 savoir le d\u00e9part de l\u2019inspecteur v\u00e9t\u00e9rinaire de wilaya.&nbsp;<\/p>\n\n\n\n<p>\u00c0 ce propos, le Dr B. Mokhtar, repr\u00e9sentant du porte-parole des v\u00e9t\u00e9rinaires gr\u00e9vistes, a d\u00e9clar\u00e9 \u00e0 Libert\u00e9 ; \u201cPour l\u2019instant, nous sommes 16 v\u00e9t\u00e9rinaires gr\u00e9vistes sur un total de 29, qui ne veulent plus travailler avec l\u2019inspecteur v\u00e9t\u00e9rinaire de la direction de wilaya des services agricoles (DSA) pour diverses raisons, notamment en ce qui concerne la gestion des affaires de l\u2019inspection v\u00e9t\u00e9rinaire ; surtout administrative. Et de d\u00e9tailler qu\u2019\u201cil s\u2019agit de d\u00e9cisions prises unilat\u00e9ralement sans consulter les v\u00e9t\u00e9rinaires ; et le recours \u00e0 l&rsquo;utilisation de notes de service pour obliger les v\u00e9t\u00e9rinaires \u00e0 ex\u00e9cuter ses d\u00e9cisions\u201d.\u00a0<\/p>\n\n\n\n<h2 class=\"wp-block-heading\">Deuxi\u00e8me semaine de gr\u00e8ve<\/h2>\n\n\n\n<p>Selon les protestataires, une commission minist\u00e9rielle ; a \u00e9t\u00e9 d\u00e9p\u00each\u00e9e ; \u00e0 la DSA pour s\u2019enqu\u00e9rir de la situation qui pr\u00e9vaut au sein de l\u2019inspection v\u00e9t\u00e9rinaire, mais rien n\u2019a \u00e9t\u00e9 fait \u00e0 ce jour. Le DSA a refus\u00e9 de nous accorder une audience, malgr\u00e9 notre demande. Aussi, \u201cnous sommes affili\u00e9s au SNVFAP et notre mouvement de gr\u00e8ve est l\u00e9gal\u201d ; contrairement \u00e0 ce que pense la DSA qui a saisi la justice. \u201cMais deux jours avant la gr\u00e8ve on a \u00e9t\u00e9 surpris par la d\u00e9cision du gel de l\u2019activit\u00e9 du secr\u00e9taire g\u00e9n\u00e9ral de notre bureau de wilaya du SNVFAP sans respecter la voie hi\u00e9rarchique, \u00e0 savoir passer d\u2019abord par le Syndicat national ; pour saisir le minist\u00e8re de tutelle au sujet de la gr\u00e8ve\u201d, souligne le repr\u00e9sentant des v\u00e9t\u00e9rinaires.\u00a0<\/p>\n\n\n\n<p>Pour sa part, l\u2019inspecteur v\u00e9t\u00e9rinaire de wilaya, Kadi Diafi, a signal\u00e9 que \u201csi on me reproche l\u2019abus de pouvoir et la mauvaise gestion de l\u2019inspection, c\u2019est parce que j\u2019ai corrig\u00e9 pas mal d\u2019irr\u00e9gularit\u00e9s professionnelles chez les v\u00e9t\u00e9rinaires gr\u00e9vistes\u201d. Et d\u2019expliquer que \u201cces irr\u00e9gularit\u00e9s professionnelles concernent certains v\u00e9t\u00e9rinaires. <\/p>\n\n\n\n<p>Leurs dossiers ont \u00e9t\u00e9 remis ; \u00e0 la commission du minist\u00e8re de l\u2019Agriculture qui ; a \u00e9t\u00e9 d\u00e9p\u00each\u00e9 ; au niveau de la direction de wilaya\u201d.\u00a0M. Diafi note que \u201cces irr\u00e9gularit\u00e9s concernent la fraude au niveau de l\u2019estampillage sanitaire des animaux, car au lieu d\u2019estampiller les b\u00eates \u00e0 l\u2019abattoir, ils le font au niveau de certaines boucheries. Il y a aussi l\u2019abattage des femelles et aussi certains v\u00e9t\u00e9rinaires encaissent de l\u2019argent lors des campagnes de vaccination\u201d.\u00a0<\/p>\n\n\n\n<p><br>Source: <a href=\"https:\/\/www.liberte-algerie.com\/ouest\/les-veterinaires-entament-leur-deuxieme-semaine-de-greve-373979\" target=\"_blank\" rel=\"noopener\">Les v\u00e9t\u00e9rinaires entament leur deuxi\u00e8me semaine de gr\u00e8ve<\/a><\/p>\n<!--CusAds0-->\n<div style=\"font-size: 0px; height: 0px; line-height: 0px; margin: 0; padding: 0; clear: both;\"><\/div>","protected":false},"excerpt":{"rendered":"<p>Observ\u00e9e depuis 16 du mois en cours, la gr\u00e8ve illimit\u00e9e des affili\u00e9s au Syndicat national des v\u00e9t\u00e9rinaires fonctionnaires de l&rsquo;administration publique (SNVFAP) entame sa deuxi\u00e8me semaine, a-t-on appris des concern\u00e9s. Ces derniers ne semblent pas pr\u00eats \u00e0 baisser les bras jusqu\u2019\u00e0 la satisfaction de leurs revendications, \u00e0 savoir le d\u00e9part de l\u2019inspecteur v\u00e9t\u00e9rinaire de wilaya.&nbsp;<\/p>\n","protected":false},"author":6,"featured_media":27025,"comment_status":"open","ping_status":"open","sticky":false,"template":"","format":"standard","meta":{"footnotes":""},"categories":[22],"tags":[214,213],"class_list":["post-26995","post","type-post","status-publish","format-standard","has-post-thumbnail","hentry","category-infos","tag-greve-2","tag-veterinaires"],"yoast_head":"<!-- This site is optimized with the Yoast SEO plugin v27.5 - https:\/\/yoast.com\/product\/yoast-seo-wordpress\/ -->\n<title>Les v\u00e9t\u00e9rinaires entament leur deuxi\u00e8me semaine de gr\u00e8ve - info algerie<\/title>\n<meta name=\"description\" content=\"Observ\u00e9e depuis 16 du mois en cours la gr\u00e8ve illimit\u00e9e des affili\u00e9s au Syndicat national des v\u00e9t\u00e9rinaires fonctionnaires de l&#039;administration\" \/>\n<meta name=\"robots\" content=\"index, follow, max-snippet:-1, max-image-preview:large, max-video-preview:-1\" \/>\n<link rel=\"canonical\" href=\"https:\/\/www.info-algerie.com\/actualites\/les-veterinaires-entament-leur-deuxieme-semaine-de-greve\/\" \/>\n<meta property=\"og:locale\" content=\"fr_FR\" \/>\n<meta property=\"og:type\" content=\"article\" \/>\n<meta property=\"og:title\" content=\"Les v\u00e9t\u00e9rinaires entament leur deuxi\u00e8me semaine de gr\u00e8ve - info algerie\" \/>\n<meta property=\"og:description\" content=\"Observ\u00e9e depuis 16 du mois en cours la gr\u00e8ve illimit\u00e9e des affili\u00e9s au Syndicat national des v\u00e9t\u00e9rinaires fonctionnaires de l&#039;administration\" \/>\n<meta property=\"og:url\" content=\"https:\/\/www.info-algerie.com\/actualites\/les-veterinaires-entament-leur-deuxieme-semaine-de-greve\/\" \/>\n<meta property=\"og:site_name\" content=\"info algerie\" \/>\n<meta property=\"article:publisher\" content=\"https:\/\/www.facebook.com\/infoalgerieactu\" \/>\n<meta property=\"article:published_time\" content=\"2022-02-27T11:00:00+00:00\" \/>\n<meta property=\"article:modified_time\" content=\"2022-02-28T17:45:21+00:00\" \/>\n<meta property=\"og:image\" content=\"https:\/\/www.info-algerie.com\/actualites\/wp-content\/uploads\/2022\/02\/veterinaires-en-greve.jpg\" \/>\n\t<meta property=\"og:image:width\" content=\"620\" \/>\n\t<meta property=\"og:image:height\" content=\"413\" \/>\n\t<meta property=\"og:image:type\" content=\"image\/jpeg\" \/>\n<meta name=\"author\" content=\"La r\u00e9daction\" \/>\n<meta name=\"twitter:label1\" content=\"\u00c9crit par\" \/>\n\t<meta name=\"twitter:data1\" content=\"La r\u00e9daction\" \/>\n\t<meta name=\"twitter:label2\" content=\"Dur\u00e9e de lecture estim\u00e9e\" \/>\n\t<meta name=\"twitter:data2\" content=\"3 minutes\" \/>\n<script type=\"application\/ld+json\" class=\"yoast-schema-graph\">{\"@context\":\"https:\\\/\\\/schema.org\",\"@graph\":[{\"@type\":\"Article\",\"@id\":\"https:\\\/\\\/www.info-algerie.com\\\/actualites\\\/les-veterinaires-entament-leur-deuxieme-semaine-de-greve\\\/#article\",\"isPartOf\":{\"@id\":\"https:\\\/\\\/www.info-algerie.com\\\/actualites\\\/les-veterinaires-entament-leur-deuxieme-semaine-de-greve\\\/\"},\"author\":{\"name\":\"La r\u00e9daction\",\"@id\":\"https:\\\/\\\/www.info-algerie.com\\\/actualites\\\/#\\\/schema\\\/person\\\/847aaec44920825b843a08f30ec6aa1e\"},\"headline\":\"Les v\u00e9t\u00e9rinaires entament leur deuxi\u00e8me semaine de gr\u00e8ve\",\"datePublished\":\"2022-02-27T11:00:00+00:00\",\"dateModified\":\"2022-02-28T17:45:21+00:00\",\"mainEntityOfPage\":{\"@id\":\"https:\\\/\\\/www.info-algerie.com\\\/actualites\\\/les-veterinaires-entament-leur-deuxieme-semaine-de-greve\\\/\"},\"wordCount\":511,\"commentCount\":0,\"publisher\":{\"@id\":\"https:\\\/\\\/www.info-algerie.com\\\/actualites\\\/#organization\"},\"image\":{\"@id\":\"https:\\\/\\\/www.info-algerie.com\\\/actualites\\\/les-veterinaires-entament-leur-deuxieme-semaine-de-greve\\\/#primaryimage\"},\"thumbnailUrl\":\"https:\\\/\\\/www.info-algerie.com\\\/actualites\\\/wp-content\\\/uploads\\\/2022\\\/02\\\/veterinaires-en-greve.jpg\",\"keywords\":[\"gr\u00e8ve\",\"v\u00e9t\u00e9rinaires\"],\"articleSection\":[\"infos\"],\"inLanguage\":\"fr-FR\",\"potentialAction\":[{\"@type\":\"CommentAction\",\"name\":\"Comment\",\"target\":[\"https:\\\/\\\/www.info-algerie.com\\\/actualites\\\/les-veterinaires-entament-leur-deuxieme-semaine-de-greve\\\/#respond\"]}]},{\"@type\":\"WebPage\",\"@id\":\"https:\\\/\\\/www.info-algerie.com\\\/actualites\\\/les-veterinaires-entament-leur-deuxieme-semaine-de-greve\\\/\",\"url\":\"https:\\\/\\\/www.info-algerie.com\\\/actualites\\\/les-veterinaires-entament-leur-deuxieme-semaine-de-greve\\\/\",\"name\":\"Les v\u00e9t\u00e9rinaires entament leur deuxi\u00e8me semaine de gr\u00e8ve - info algerie\",\"isPartOf\":{\"@id\":\"https:\\\/\\\/www.info-algerie.com\\\/actualites\\\/#website\"},\"primaryImageOfPage\":{\"@id\":\"https:\\\/\\\/www.info-algerie.com\\\/actualites\\\/les-veterinaires-entament-leur-deuxieme-semaine-de-greve\\\/#primaryimage\"},\"image\":{\"@id\":\"https:\\\/\\\/www.info-algerie.com\\\/actualites\\\/les-veterinaires-entament-leur-deuxieme-semaine-de-greve\\\/#primaryimage\"},\"thumbnailUrl\":\"https:\\\/\\\/www.info-algerie.com\\\/actualites\\\/wp-content\\\/uploads\\\/2022\\\/02\\\/veterinaires-en-greve.jpg\",\"datePublished\":\"2022-02-27T11:00:00+00:00\",\"dateModified\":\"2022-02-28T17:45:21+00:00\",\"description\":\"Observ\u00e9e depuis 16 du mois en cours la gr\u00e8ve illimit\u00e9e des affili\u00e9s au Syndicat national des v\u00e9t\u00e9rinaires fonctionnaires de l'administration\",\"breadcrumb\":{\"@id\":\"https:\\\/\\\/www.info-algerie.com\\\/actualites\\\/les-veterinaires-entament-leur-deuxieme-semaine-de-greve\\\/#breadcrumb\"},\"inLanguage\":\"fr-FR\",\"potentialAction\":[{\"@type\":\"ReadAction\",\"target\":[\"https:\\\/\\\/www.info-algerie.com\\\/actualites\\\/les-veterinaires-entament-leur-deuxieme-semaine-de-greve\\\/\"]}]},{\"@type\":\"ImageObject\",\"inLanguage\":\"fr-FR\",\"@id\":\"https:\\\/\\\/www.info-algerie.com\\\/actualites\\\/les-veterinaires-entament-leur-deuxieme-semaine-de-greve\\\/#primaryimage\",\"url\":\"https:\\\/\\\/www.info-algerie.com\\\/actualites\\\/wp-content\\\/uploads\\\/2022\\\/02\\\/veterinaires-en-greve.jpg\",\"contentUrl\":\"https:\\\/\\\/www.info-algerie.com\\\/actualites\\\/wp-content\\\/uploads\\\/2022\\\/02\\\/veterinaires-en-greve.jpg\",\"width\":620,\"height\":413,\"caption\":\"Les v\u00e9t\u00e9rinaires entament leur deuxi\u00e8me semaine de gr\u00e8ve\"},{\"@type\":\"BreadcrumbList\",\"@id\":\"https:\\\/\\\/www.info-algerie.com\\\/actualites\\\/les-veterinaires-entament-leur-deuxieme-semaine-de-greve\\\/#breadcrumb\",\"itemListElement\":[{\"@type\":\"ListItem\",\"position\":1,\"name\":\"Accueil\",\"item\":\"https:\\\/\\\/www.info-algerie.com\\\/actualites\\\/\"},{\"@type\":\"ListItem\",\"position\":2,\"name\":\"Les v\u00e9t\u00e9rinaires entament leur deuxi\u00e8me semaine de gr\u00e8ve\"}]},{\"@type\":\"WebSite\",\"@id\":\"https:\\\/\\\/www.info-algerie.com\\\/actualites\\\/#website\",\"url\":\"https:\\\/\\\/www.info-algerie.com\\\/actualites\\\/\",\"name\":\"info algerie\",\"description\":\"Toutes les actualit\u00e9s\",\"publisher\":{\"@id\":\"https:\\\/\\\/www.info-algerie.com\\\/actualites\\\/#organization\"},\"potentialAction\":[{\"@type\":\"SearchAction\",\"target\":{\"@type\":\"EntryPoint\",\"urlTemplate\":\"https:\\\/\\\/www.info-algerie.com\\\/actualites\\\/?s={search_term_string}\"},\"query-input\":{\"@type\":\"PropertyValueSpecification\",\"valueRequired\":true,\"valueName\":\"search_term_string\"}}],\"inLanguage\":\"fr-FR\"},{\"@type\":\"Organization\",\"@id\":\"https:\\\/\\\/www.info-algerie.com\\\/actualites\\\/#organization\",\"name\":\"info algerie\",\"url\":\"https:\\\/\\\/www.info-algerie.com\\\/actualites\\\/\",\"logo\":{\"@type\":\"ImageObject\",\"inLanguage\":\"fr-FR\",\"@id\":\"https:\\\/\\\/www.info-algerie.com\\\/actualites\\\/#\\\/schema\\\/logo\\\/image\\\/\",\"url\":\"https:\\\/\\\/www.info-algerie.com\\\/actualites\\\/wp-content\\\/uploads\\\/2022\\\/07\\\/logo-ia-120.png\",\"contentUrl\":\"https:\\\/\\\/www.info-algerie.com\\\/actualites\\\/wp-content\\\/uploads\\\/2022\\\/07\\\/logo-ia-120.png\",\"width\":120,\"height\":43,\"caption\":\"info algerie\"},\"image\":{\"@id\":\"https:\\\/\\\/www.info-algerie.com\\\/actualites\\\/#\\\/schema\\\/logo\\\/image\\\/\"},\"sameAs\":[\"https:\\\/\\\/www.facebook.com\\\/infoalgerieactu\",\"https:\\\/\\\/x.com\\\/infoalgerie1\"]},{\"@type\":\"Person\",\"@id\":\"https:\\\/\\\/www.info-algerie.com\\\/actualites\\\/#\\\/schema\\\/person\\\/847aaec44920825b843a08f30ec6aa1e\",\"name\":\"La r\u00e9daction\",\"image\":{\"@type\":\"ImageObject\",\"inLanguage\":\"fr-FR\",\"@id\":\"https:\\\/\\\/secure.gravatar.com\\\/avatar\\\/769db425c6f465158149f1ffd6cf61ce7a8a879d11dfbef8288af36dfddd418c?s=96&d=mm&r=g\",\"url\":\"https:\\\/\\\/secure.gravatar.com\\\/avatar\\\/769db425c6f465158149f1ffd6cf61ce7a8a879d11dfbef8288af36dfddd418c?s=96&d=mm&r=g\",\"contentUrl\":\"https:\\\/\\\/secure.gravatar.com\\\/avatar\\\/769db425c6f465158149f1ffd6cf61ce7a8a879d11dfbef8288af36dfddd418c?s=96&d=mm&r=g\",\"caption\":\"La r\u00e9daction\"},\"sameAs\":[\"http:\\\/\\\/www.lkeria.com\\\/\"],\"url\":\"https:\\\/\\\/www.info-algerie.com\\\/actualites\\\/author\\\/chakib32\\\/\"}]}<\/script>\n<!-- \/ Yoast SEO plugin. -->","yoast_head_json":{"title":"Les v\u00e9t\u00e9rinaires entament leur deuxi\u00e8me semaine de gr\u00e8ve - info algerie","description":"Observ\u00e9e depuis 16 du mois en cours la gr\u00e8ve illimit\u00e9e des affili\u00e9s au Syndicat national des v\u00e9t\u00e9rinaires fonctionnaires de l'administration","robots":{"index":"index","follow":"follow","max-snippet":"max-snippet:-1","max-image-preview":"max-image-preview:large","max-video-preview":"max-video-preview:-1"},"canonical":"https:\/\/www.info-algerie.com\/actualites\/les-veterinaires-entament-leur-deuxieme-semaine-de-greve\/","og_locale":"fr_FR","og_type":"article","og_title":"Les v\u00e9t\u00e9rinaires entament leur deuxi\u00e8me semaine de gr\u00e8ve - info algerie","og_description":"Observ\u00e9e depuis 16 du mois en cours la gr\u00e8ve illimit\u00e9e des affili\u00e9s au Syndicat national des v\u00e9t\u00e9rinaires fonctionnaires de l'administration","og_url":"https:\/\/www.info-algerie.com\/actualites\/les-veterinaires-entament-leur-deuxieme-semaine-de-greve\/","og_site_name":"info algerie","article_publisher":"https:\/\/www.facebook.com\/infoalgerieactu","article_published_time":"2022-02-27T11:00:00+00:00","article_modified_time":"2022-02-28T17:45:21+00:00","og_image":[{"width":620,"height":413,"url":"https:\/\/www.info-algerie.com\/actualites\/wp-content\/uploads\/2022\/02\/veterinaires-en-greve.jpg","type":"image\/jpeg"}],"author":"La r\u00e9daction","twitter_misc":{"\u00c9crit par":"La r\u00e9daction","Dur\u00e9e de lecture estim\u00e9e":"3 minutes"},"schema":{"@context":"https:\/\/schema.org","@graph":[{"@type":"Article","@id":"https:\/\/www.info-algerie.com\/actualites\/les-veterinaires-entament-leur-deuxieme-semaine-de-greve\/#article","isPartOf":{"@id":"https:\/\/www.info-algerie.com\/actualites\/les-veterinaires-entament-leur-deuxieme-semaine-de-greve\/"},"author":{"name":"La r\u00e9daction","@id":"https:\/\/www.info-algerie.com\/actualites\/#\/schema\/person\/847aaec44920825b843a08f30ec6aa1e"},"headline":"Les v\u00e9t\u00e9rinaires entament leur deuxi\u00e8me semaine de gr\u00e8ve","datePublished":"2022-02-27T11:00:00+00:00","dateModified":"2022-02-28T17:45:21+00:00","mainEntityOfPage":{"@id":"https:\/\/www.info-algerie.com\/actualites\/les-veterinaires-entament-leur-deuxieme-semaine-de-greve\/"},"wordCount":511,"commentCount":0,"publisher":{"@id":"https:\/\/www.info-algerie.com\/actualites\/#organization"},"image":{"@id":"https:\/\/www.info-algerie.com\/actualites\/les-veterinaires-entament-leur-deuxieme-semaine-de-greve\/#primaryimage"},"thumbnailUrl":"https:\/\/www.info-algerie.com\/actualites\/wp-content\/uploads\/2022\/02\/veterinaires-en-greve.jpg","keywords":["gr\u00e8ve","v\u00e9t\u00e9rinaires"],"articleSection":["infos"],"inLanguage":"fr-FR","potentialAction":[{"@type":"CommentAction","name":"Comment","target":["https:\/\/www.info-algerie.com\/actualites\/les-veterinaires-entament-leur-deuxieme-semaine-de-greve\/#respond"]}]},{"@type":"WebPage","@id":"https:\/\/www.info-algerie.com\/actualites\/les-veterinaires-entament-leur-deuxieme-semaine-de-greve\/","url":"https:\/\/www.info-algerie.com\/actualites\/les-veterinaires-entament-leur-deuxieme-semaine-de-greve\/","name":"Les v\u00e9t\u00e9rinaires entament leur deuxi\u00e8me semaine de gr\u00e8ve - info algerie","isPartOf":{"@id":"https:\/\/www.info-algerie.com\/actualites\/#website"},"primaryImageOfPage":{"@id":"https:\/\/www.info-algerie.com\/actualites\/les-veterinaires-entament-leur-deuxieme-semaine-de-greve\/#primaryimage"},"image":{"@id":"https:\/\/www.info-algerie.com\/actualites\/les-veterinaires-entament-leur-deuxieme-semaine-de-greve\/#primaryimage"},"thumbnailUrl":"https:\/\/www.info-algerie.com\/actualites\/wp-content\/uploads\/2022\/02\/veterinaires-en-greve.jpg","datePublished":"2022-02-27T11:00:00+00:00","dateModified":"2022-02-28T17:45:21+00:00","description":"Observ\u00e9e depuis 16 du mois en cours la gr\u00e8ve illimit\u00e9e des affili\u00e9s au Syndicat national des v\u00e9t\u00e9rinaires fonctionnaires de l'administration","breadcrumb":{"@id":"https:\/\/www.info-algerie.com\/actualites\/les-veterinaires-entament-leur-deuxieme-semaine-de-greve\/#breadcrumb"},"inLanguage":"fr-FR","potentialAction":[{"@type":"ReadAction","target":["https:\/\/www.info-algerie.com\/actualites\/les-veterinaires-entament-leur-deuxieme-semaine-de-greve\/"]}]},{"@type":"ImageObject","inLanguage":"fr-FR","@id":"https:\/\/www.info-algerie.com\/actualites\/les-veterinaires-entament-leur-deuxieme-semaine-de-greve\/#primaryimage","url":"https:\/\/www.info-algerie.com\/actualites\/wp-content\/uploads\/2022\/02\/veterinaires-en-greve.jpg","contentUrl":"https:\/\/www.info-algerie.com\/actualites\/wp-content\/uploads\/2022\/02\/veterinaires-en-greve.jpg","width":620,"height":413,"caption":"Les v\u00e9t\u00e9rinaires entament leur deuxi\u00e8me semaine de gr\u00e8ve"},{"@type":"BreadcrumbList","@id":"https:\/\/www.info-algerie.com\/actualites\/les-veterinaires-entament-leur-deuxieme-semaine-de-greve\/#breadcrumb","itemListElement":[{"@type":"ListItem","position":1,"name":"Accueil","item":"https:\/\/www.info-algerie.com\/actualites\/"},{"@type":"ListItem","position":2,"name":"Les v\u00e9t\u00e9rinaires entament leur deuxi\u00e8me semaine de gr\u00e8ve"}]},{"@type":"WebSite","@id":"https:\/\/www.info-algerie.com\/actualites\/#website","url":"https:\/\/www.info-algerie.com\/actualites\/","name":"info algerie","description":"Toutes les actualit\u00e9s","publisher":{"@id":"https:\/\/www.info-algerie.com\/actualites\/#organization"},"potentialAction":[{"@type":"SearchAction","target":{"@type":"EntryPoint","urlTemplate":"https:\/\/www.info-algerie.com\/actualites\/?s={search_term_string}"},"query-input":{"@type":"PropertyValueSpecification","valueRequired":true,"valueName":"search_term_string"}}],"inLanguage":"fr-FR"},{"@type":"Organization","@id":"https:\/\/www.info-algerie.com\/actualites\/#organization","name":"info algerie","url":"https:\/\/www.info-algerie.com\/actualites\/","logo":{"@type":"ImageObject","inLanguage":"fr-FR","@id":"https:\/\/www.info-algerie.com\/actualites\/#\/schema\/logo\/image\/","url":"https:\/\/www.info-algerie.com\/actualites\/wp-content\/uploads\/2022\/07\/logo-ia-120.png","contentUrl":"https:\/\/www.info-algerie.com\/actualites\/wp-content\/uploads\/2022\/07\/logo-ia-120.png","width":120,"height":43,"caption":"info algerie"},"image":{"@id":"https:\/\/www.info-algerie.com\/actualites\/#\/schema\/logo\/image\/"},"sameAs":["https:\/\/www.facebook.com\/infoalgerieactu","https:\/\/x.com\/infoalgerie1"]},{"@type":"Person","@id":"https:\/\/www.info-algerie.com\/actualites\/#\/schema\/person\/847aaec44920825b843a08f30ec6aa1e","name":"La r\u00e9daction","image":{"@type":"ImageObject","inLanguage":"fr-FR","@id":"https:\/\/secure.gravatar.com\/avatar\/769db425c6f465158149f1ffd6cf61ce7a8a879d11dfbef8288af36dfddd418c?s=96&d=mm&r=g","url":"https:\/\/secure.gravatar.com\/avatar\/769db425c6f465158149f1ffd6cf61ce7a8a879d11dfbef8288af36dfddd418c?s=96&d=mm&r=g","contentUrl":"https:\/\/secure.gravatar.com\/avatar\/769db425c6f465158149f1ffd6cf61ce7a8a879d11dfbef8288af36dfddd418c?s=96&d=mm&r=g","caption":"La r\u00e9daction"},"sameAs":["http:\/\/www.lkeria.com\/"],"url":"https:\/\/www.info-algerie.com\/actualites\/author\/chakib32\/"}]}},"_links":{"self":[{"href":"https:\/\/www.info-algerie.com\/actualites\/wp-json\/wp\/v2\/posts\/26995","targetHints":{"allow":["GET"]}}],"collection":[{"href":"https:\/\/www.info-algerie.com\/actualites\/wp-json\/wp\/v2\/posts"}],"about":[{"href":"https:\/\/www.info-algerie.com\/actualites\/wp-json\/wp\/v2\/types\/post"}],"author":[{"embeddable":true,"href":"https:\/\/www.info-algerie.com\/actualites\/wp-json\/wp\/v2\/users\/6"}],"replies":[{"embeddable":true,"href":"https:\/\/www.info-algerie.com\/actualites\/wp-json\/wp\/v2\/comments?post=26995"}],"version-history":[{"count":2,"href":"https:\/\/www.info-algerie.com\/actualites\/wp-json\/wp\/v2\/posts\/26995\/revisions"}],"predecessor-version":[{"id":27026,"href":"https:\/\/www.info-algerie.com\/actualites\/wp-json\/wp\/v2\/posts\/26995\/revisions\/27026"}],"wp:featuredmedia":[{"embeddable":true,"href":"https:\/\/www.info-algerie.com\/actualites\/wp-json\/wp\/v2\/media\/27025"}],"wp:attachment":[{"href":"https:\/\/www.info-algerie.com\/actualites\/wp-json\/wp\/v2\/media?parent=26995"}],"wp:term":[{"taxonomy":"category","embeddable":true,"href":"https:\/\/www.info-algerie.com\/actualites\/wp-json\/wp\/v2\/categories?post=26995"},{"taxonomy":"post_tag","embeddable":true,"href":"https:\/\/www.info-algerie.com\/actualites\/wp-json\/wp\/v2\/tags?post=26995"}],"curies":[{"name":"wp","href":"https:\/\/api.w.org\/{rel}","templated":true}]}}