{"id":26997,"date":"2022-02-27T18:30:00","date_gmt":"2022-02-27T17:30:00","guid":{"rendered":"https:\/\/www.info-algerie.com\/actualites\/es-setif-separation-a-lamiable-avec-lentraineur-tunisien-nabil-kouki\/"},"modified":"2022-02-28T18:29:59","modified_gmt":"2022-02-28T17:29:59","slug":"es-setif-separation-a-lamiable-avec-lentraineur-tunisien-nabil-kouki","status":"publish","type":"post","link":"https:\/\/www.info-algerie.com\/actualites\/es-setif-separation-a-lamiable-avec-lentraineur-tunisien-nabil-kouki\/","title":{"rendered":"ES S\u00e9tif : s\u00e9paration \u00e0 l&rsquo;amiable avec l&rsquo;entra\u00eeneur tunisien, Nabil Kouki"},"content":{"rendered":"\n<p>L&rsquo;Entente Sportive de S\u00e9tif (ESS), a annonc\u00e9 dimanche, sur sa page\u00a0sur Faceboock, s&rsquo;\u00eatre\u00a0<em>\u00ab\u00a0s\u00e9par\u00e9 \u00e0 l&rsquo;amiable\u00a0\u00bb<\/em>\u00a0avec son entra\u00eeneur, le Tunisien Nabil Kouki.\u00a0<\/p>\n\n\n\n<p><em>\u00ab\u00a0Le pr\u00e9sident du Conseil d&rsquo;administration, Abdelhakim Serrar s&rsquo;est r\u00e9uni\u00a0avec le staff technique de l&rsquo;ES S\u00e9tif ;<\/em> <em>d\u00e8s son retour d&rsquo;Afrique du Sud, pour\u00a0d\u00e9battre de la situation du club et des r\u00e9sultats obtenus derni\u00e8rement <\/em>;<em>\u00a0particuli\u00e8rement en Ligue des champions. Une rencontre qui s&rsquo;est conclue\u00a0par une d\u00e9cision de se s\u00e9parer \u00e0 l&rsquo;amiable\u00a0\u00bb<\/em> ; a indiqu\u00e9 la direction de\u00a0l&rsquo;Aigle noir dans un communiqu\u00e9.\u00a0<\/p>\n\n\n\n<p><em>\u00ab\u00a0Il a \u00e9t\u00e9 d\u00e9cid\u00e9 par la m\u00eame occasion de r\u00e9silier les contrats des autres\u00a0\u00a0<br>membres du staff technique\u00a0\u00bb<\/em>\u00a0a ajout\u00e9 la direction du club. Cette s\u00e9paration survient apr\u00e8s la d\u00e9faite\u00a0conc\u00e9d\u00e9e, vendredi pass\u00e9, chez les Sud-africains;  du FC AmaZulu (1-0), pour le\u00a0compte de la troisi\u00e8me journ\u00e9e de la phase de poules de la Ligue des\u00a0champions<\/p>\n\n\n\n<p><br>Source: <a href=\"https:\/\/www.liberte-algerie.com\/sports\/es-setif-separation-a-lamiable-avec-lentraineur-tunisien-nabil-kouki-374030\" target=\"_blank\" rel=\"noopener\">ES S\u00e9tif: s\u00e9paration \u00ab\u00a0\u00e0 l&rsquo;amiable\u00a0\u00bb avec l&rsquo;entra\u00eeneur tunisien, Nabil Kouki<\/a><\/p>\n<!--CusAds0-->\n<div style=\"font-size: 0px; height: 0px; line-height: 0px; margin: 0; padding: 0; clear: both;\"><\/div>","protected":false},"excerpt":{"rendered":"<p>L&rsquo;Entente Sportive de S\u00e9tif (ESS), a annonc\u00e9 dimanche, sur sa page\u00a0sur Faceboock, s&rsquo;\u00eatre\u00a0\u00ab\u00a0s\u00e9par\u00e9 \u00e0 l&rsquo;amiable\u00a0\u00bb\u00a0avec son entra\u00eeneur, le Tunisien Nabil Kouki.\u00a0 \u00ab\u00a0Le pr\u00e9sident du Conseil d&rsquo;administration, Abdelhakim Serrar s&rsquo;est r\u00e9uni\u00a0avec le staff technique de l&rsquo;ES S\u00e9tif ; d\u00e8s son retour d&rsquo;Afrique du Sud, pour\u00a0d\u00e9battre de la situation du club et des r\u00e9sultats obtenus derni\u00e8rement ;\u00a0particuli\u00e8rement<\/p>\n","protected":false},"author":6,"featured_media":27018,"comment_status":"open","ping_status":"open","sticky":false,"template":"","format":"standard","meta":{"footnotes":""},"categories":[6],"tags":[210,211],"class_list":["post-26997","post","type-post","status-publish","format-standard","has-post-thumbnail","hentry","category-sport","tag-es-setif","tag-nabil-kouki"],"yoast_head":"<!-- This site is optimized with the Yoast SEO plugin v27.5 - https:\/\/yoast.com\/product\/yoast-seo-wordpress\/ -->\n<title>ES S\u00e9tif : s\u00e9paration \u00e0 l&#039;amiable avec l&#039;entra\u00eeneur tunisien, Nabil Kouki - info algerie<\/title>\n<meta name=\"description\" content=\"L&#039;Entente Sportive de S\u00e9tif ES S\u00e9tif a annonc\u00e9 sur Faceboock, s&#039;\u00eatre &quot;s\u00e9par\u00e9 \u00e0 l&#039;amiable&quot; avec son entra\u00eeneur, le Tunisien Nabil Kouki.\" \/>\n<meta name=\"robots\" content=\"index, follow, max-snippet:-1, max-image-preview:large, max-video-preview:-1\" \/>\n<link rel=\"canonical\" href=\"https:\/\/www.info-algerie.com\/actualites\/es-setif-separation-a-lamiable-avec-lentraineur-tunisien-nabil-kouki\/\" \/>\n<meta property=\"og:locale\" content=\"fr_FR\" \/>\n<meta property=\"og:type\" content=\"article\" \/>\n<meta property=\"og:title\" content=\"ES S\u00e9tif : s\u00e9paration \u00e0 l&#039;amiable avec l&#039;entra\u00eeneur tunisien, Nabil Kouki - info algerie\" \/>\n<meta property=\"og:description\" content=\"L&#039;Entente Sportive de S\u00e9tif ES S\u00e9tif a annonc\u00e9 sur Faceboock, s&#039;\u00eatre &quot;s\u00e9par\u00e9 \u00e0 l&#039;amiable&quot; avec son entra\u00eeneur, le Tunisien Nabil Kouki.\" \/>\n<meta property=\"og:url\" content=\"https:\/\/www.info-algerie.com\/actualites\/es-setif-separation-a-lamiable-avec-lentraineur-tunisien-nabil-kouki\/\" \/>\n<meta property=\"og:site_name\" content=\"info algerie\" \/>\n<meta property=\"article:publisher\" content=\"https:\/\/www.facebook.com\/infoalgerieactu\" \/>\n<meta property=\"article:published_time\" content=\"2022-02-27T17:30:00+00:00\" \/>\n<meta property=\"article:modified_time\" content=\"2022-02-28T17:29:59+00:00\" \/>\n<meta property=\"og:image\" content=\"https:\/\/www.info-algerie.com\/actualites\/wp-content\/uploads\/2022\/02\/es-setif-separation-a-lamiable-avec-lentraineur-tunisien-nabil-kouki.jpg\" \/>\n\t<meta property=\"og:image:width\" content=\"620\" \/>\n\t<meta property=\"og:image:height\" content=\"410\" \/>\n\t<meta property=\"og:image:type\" content=\"image\/jpeg\" \/>\n<meta name=\"author\" content=\"La r\u00e9daction\" \/>\n<meta name=\"twitter:label1\" content=\"\u00c9crit par\" \/>\n\t<meta name=\"twitter:data1\" content=\"La r\u00e9daction\" \/>\n\t<meta name=\"twitter:label2\" content=\"Dur\u00e9e de lecture estim\u00e9e\" \/>\n\t<meta name=\"twitter:data2\" content=\"1 minute\" \/>\n<script type=\"application\/ld+json\" class=\"yoast-schema-graph\">{\"@context\":\"https:\\\/\\\/schema.org\",\"@graph\":[{\"@type\":\"Article\",\"@id\":\"https:\\\/\\\/www.info-algerie.com\\\/actualites\\\/es-setif-separation-a-lamiable-avec-lentraineur-tunisien-nabil-kouki\\\/#article\",\"isPartOf\":{\"@id\":\"https:\\\/\\\/www.info-algerie.com\\\/actualites\\\/es-setif-separation-a-lamiable-avec-lentraineur-tunisien-nabil-kouki\\\/\"},\"author\":{\"name\":\"La r\u00e9daction\",\"@id\":\"https:\\\/\\\/www.info-algerie.com\\\/actualites\\\/#\\\/schema\\\/person\\\/847aaec44920825b843a08f30ec6aa1e\"},\"headline\":\"ES S\u00e9tif : s\u00e9paration \u00e0 l&rsquo;amiable avec l&rsquo;entra\u00eeneur tunisien, Nabil Kouki\",\"datePublished\":\"2022-02-27T17:30:00+00:00\",\"dateModified\":\"2022-02-28T17:29:59+00:00\",\"mainEntityOfPage\":{\"@id\":\"https:\\\/\\\/www.info-algerie.com\\\/actualites\\\/es-setif-separation-a-lamiable-avec-lentraineur-tunisien-nabil-kouki\\\/\"},\"wordCount\":203,\"commentCount\":0,\"publisher\":{\"@id\":\"https:\\\/\\\/www.info-algerie.com\\\/actualites\\\/#organization\"},\"image\":{\"@id\":\"https:\\\/\\\/www.info-algerie.com\\\/actualites\\\/es-setif-separation-a-lamiable-avec-lentraineur-tunisien-nabil-kouki\\\/#primaryimage\"},\"thumbnailUrl\":\"https:\\\/\\\/www.info-algerie.com\\\/actualites\\\/wp-content\\\/uploads\\\/2022\\\/02\\\/es-setif-separation-a-lamiable-avec-lentraineur-tunisien-nabil-kouki.jpg\",\"keywords\":[\"ES S\u00e9tif\",\"Nabil Kouki\"],\"articleSection\":[\"sport\"],\"inLanguage\":\"fr-FR\",\"potentialAction\":[{\"@type\":\"CommentAction\",\"name\":\"Comment\",\"target\":[\"https:\\\/\\\/www.info-algerie.com\\\/actualites\\\/es-setif-separation-a-lamiable-avec-lentraineur-tunisien-nabil-kouki\\\/#respond\"]}]},{\"@type\":\"WebPage\",\"@id\":\"https:\\\/\\\/www.info-algerie.com\\\/actualites\\\/es-setif-separation-a-lamiable-avec-lentraineur-tunisien-nabil-kouki\\\/\",\"url\":\"https:\\\/\\\/www.info-algerie.com\\\/actualites\\\/es-setif-separation-a-lamiable-avec-lentraineur-tunisien-nabil-kouki\\\/\",\"name\":\"ES S\u00e9tif : s\u00e9paration \u00e0 l'amiable avec l'entra\u00eeneur tunisien, Nabil Kouki - info algerie\",\"isPartOf\":{\"@id\":\"https:\\\/\\\/www.info-algerie.com\\\/actualites\\\/#website\"},\"primaryImageOfPage\":{\"@id\":\"https:\\\/\\\/www.info-algerie.com\\\/actualites\\\/es-setif-separation-a-lamiable-avec-lentraineur-tunisien-nabil-kouki\\\/#primaryimage\"},\"image\":{\"@id\":\"https:\\\/\\\/www.info-algerie.com\\\/actualites\\\/es-setif-separation-a-lamiable-avec-lentraineur-tunisien-nabil-kouki\\\/#primaryimage\"},\"thumbnailUrl\":\"https:\\\/\\\/www.info-algerie.com\\\/actualites\\\/wp-content\\\/uploads\\\/2022\\\/02\\\/es-setif-separation-a-lamiable-avec-lentraineur-tunisien-nabil-kouki.jpg\",\"datePublished\":\"2022-02-27T17:30:00+00:00\",\"dateModified\":\"2022-02-28T17:29:59+00:00\",\"description\":\"L'Entente Sportive de S\u00e9tif ES S\u00e9tif a annonc\u00e9 sur Faceboock, s'\u00eatre \\\"s\u00e9par\u00e9 \u00e0 l'amiable\\\" avec son entra\u00eeneur, le Tunisien Nabil Kouki.\",\"breadcrumb\":{\"@id\":\"https:\\\/\\\/www.info-algerie.com\\\/actualites\\\/es-setif-separation-a-lamiable-avec-lentraineur-tunisien-nabil-kouki\\\/#breadcrumb\"},\"inLanguage\":\"fr-FR\",\"potentialAction\":[{\"@type\":\"ReadAction\",\"target\":[\"https:\\\/\\\/www.info-algerie.com\\\/actualites\\\/es-setif-separation-a-lamiable-avec-lentraineur-tunisien-nabil-kouki\\\/\"]}]},{\"@type\":\"ImageObject\",\"inLanguage\":\"fr-FR\",\"@id\":\"https:\\\/\\\/www.info-algerie.com\\\/actualites\\\/es-setif-separation-a-lamiable-avec-lentraineur-tunisien-nabil-kouki\\\/#primaryimage\",\"url\":\"https:\\\/\\\/www.info-algerie.com\\\/actualites\\\/wp-content\\\/uploads\\\/2022\\\/02\\\/es-setif-separation-a-lamiable-avec-lentraineur-tunisien-nabil-kouki.jpg\",\"contentUrl\":\"https:\\\/\\\/www.info-algerie.com\\\/actualites\\\/wp-content\\\/uploads\\\/2022\\\/02\\\/es-setif-separation-a-lamiable-avec-lentraineur-tunisien-nabil-kouki.jpg\",\"width\":620,\"height\":410,\"caption\":\"Nabil Kouki\"},{\"@type\":\"BreadcrumbList\",\"@id\":\"https:\\\/\\\/www.info-algerie.com\\\/actualites\\\/es-setif-separation-a-lamiable-avec-lentraineur-tunisien-nabil-kouki\\\/#breadcrumb\",\"itemListElement\":[{\"@type\":\"ListItem\",\"position\":1,\"name\":\"Accueil\",\"item\":\"https:\\\/\\\/www.info-algerie.com\\\/actualites\\\/\"},{\"@type\":\"ListItem\",\"position\":2,\"name\":\"ES S\u00e9tif : s\u00e9paration \u00e0 l&rsquo;amiable avec l&rsquo;entra\u00eeneur tunisien, Nabil Kouki\"}]},{\"@type\":\"WebSite\",\"@id\":\"https:\\\/\\\/www.info-algerie.com\\\/actualites\\\/#website\",\"url\":\"https:\\\/\\\/www.info-algerie.com\\\/actualites\\\/\",\"name\":\"info algerie\",\"description\":\"Toutes les actualit\u00e9s\",\"publisher\":{\"@id\":\"https:\\\/\\\/www.info-algerie.com\\\/actualites\\\/#organization\"},\"potentialAction\":[{\"@type\":\"SearchAction\",\"target\":{\"@type\":\"EntryPoint\",\"urlTemplate\":\"https:\\\/\\\/www.info-algerie.com\\\/actualites\\\/?s={search_term_string}\"},\"query-input\":{\"@type\":\"PropertyValueSpecification\",\"valueRequired\":true,\"valueName\":\"search_term_string\"}}],\"inLanguage\":\"fr-FR\"},{\"@type\":\"Organization\",\"@id\":\"https:\\\/\\\/www.info-algerie.com\\\/actualites\\\/#organization\",\"name\":\"info algerie\",\"url\":\"https:\\\/\\\/www.info-algerie.com\\\/actualites\\\/\",\"logo\":{\"@type\":\"ImageObject\",\"inLanguage\":\"fr-FR\",\"@id\":\"https:\\\/\\\/www.info-algerie.com\\\/actualites\\\/#\\\/schema\\\/logo\\\/image\\\/\",\"url\":\"https:\\\/\\\/www.info-algerie.com\\\/actualites\\\/wp-content\\\/uploads\\\/2022\\\/07\\\/logo-ia-120.png\",\"contentUrl\":\"https:\\\/\\\/www.info-algerie.com\\\/actualites\\\/wp-content\\\/uploads\\\/2022\\\/07\\\/logo-ia-120.png\",\"width\":120,\"height\":43,\"caption\":\"info algerie\"},\"image\":{\"@id\":\"https:\\\/\\\/www.info-algerie.com\\\/actualites\\\/#\\\/schema\\\/logo\\\/image\\\/\"},\"sameAs\":[\"https:\\\/\\\/www.facebook.com\\\/infoalgerieactu\",\"https:\\\/\\\/x.com\\\/infoalgerie1\"]},{\"@type\":\"Person\",\"@id\":\"https:\\\/\\\/www.info-algerie.com\\\/actualites\\\/#\\\/schema\\\/person\\\/847aaec44920825b843a08f30ec6aa1e\",\"name\":\"La r\u00e9daction\",\"image\":{\"@type\":\"ImageObject\",\"inLanguage\":\"fr-FR\",\"@id\":\"https:\\\/\\\/secure.gravatar.com\\\/avatar\\\/769db425c6f465158149f1ffd6cf61ce7a8a879d11dfbef8288af36dfddd418c?s=96&d=mm&r=g\",\"url\":\"https:\\\/\\\/secure.gravatar.com\\\/avatar\\\/769db425c6f465158149f1ffd6cf61ce7a8a879d11dfbef8288af36dfddd418c?s=96&d=mm&r=g\",\"contentUrl\":\"https:\\\/\\\/secure.gravatar.com\\\/avatar\\\/769db425c6f465158149f1ffd6cf61ce7a8a879d11dfbef8288af36dfddd418c?s=96&d=mm&r=g\",\"caption\":\"La r\u00e9daction\"},\"sameAs\":[\"http:\\\/\\\/www.lkeria.com\\\/\"],\"url\":\"https:\\\/\\\/www.info-algerie.com\\\/actualites\\\/author\\\/chakib32\\\/\"}]}<\/script>\n<!-- \/ Yoast SEO plugin. -->","yoast_head_json":{"title":"ES S\u00e9tif : s\u00e9paration \u00e0 l'amiable avec l'entra\u00eeneur tunisien, Nabil Kouki - info algerie","description":"L'Entente Sportive de S\u00e9tif ES S\u00e9tif a annonc\u00e9 sur Faceboock, s'\u00eatre \"s\u00e9par\u00e9 \u00e0 l'amiable\" avec son entra\u00eeneur, le Tunisien Nabil Kouki.","robots":{"index":"index","follow":"follow","max-snippet":"max-snippet:-1","max-image-preview":"max-image-preview:large","max-video-preview":"max-video-preview:-1"},"canonical":"https:\/\/www.info-algerie.com\/actualites\/es-setif-separation-a-lamiable-avec-lentraineur-tunisien-nabil-kouki\/","og_locale":"fr_FR","og_type":"article","og_title":"ES S\u00e9tif : s\u00e9paration \u00e0 l'amiable avec l'entra\u00eeneur tunisien, Nabil Kouki - info algerie","og_description":"L'Entente Sportive de S\u00e9tif ES S\u00e9tif a annonc\u00e9 sur Faceboock, s'\u00eatre \"s\u00e9par\u00e9 \u00e0 l'amiable\" avec son entra\u00eeneur, le Tunisien Nabil Kouki.","og_url":"https:\/\/www.info-algerie.com\/actualites\/es-setif-separation-a-lamiable-avec-lentraineur-tunisien-nabil-kouki\/","og_site_name":"info algerie","article_publisher":"https:\/\/www.facebook.com\/infoalgerieactu","article_published_time":"2022-02-27T17:30:00+00:00","article_modified_time":"2022-02-28T17:29:59+00:00","og_image":[{"width":620,"height":410,"url":"https:\/\/www.info-algerie.com\/actualites\/wp-content\/uploads\/2022\/02\/es-setif-separation-a-lamiable-avec-lentraineur-tunisien-nabil-kouki.jpg","type":"image\/jpeg"}],"author":"La r\u00e9daction","twitter_misc":{"\u00c9crit par":"La r\u00e9daction","Dur\u00e9e de lecture estim\u00e9e":"1 minute"},"schema":{"@context":"https:\/\/schema.org","@graph":[{"@type":"Article","@id":"https:\/\/www.info-algerie.com\/actualites\/es-setif-separation-a-lamiable-avec-lentraineur-tunisien-nabil-kouki\/#article","isPartOf":{"@id":"https:\/\/www.info-algerie.com\/actualites\/es-setif-separation-a-lamiable-avec-lentraineur-tunisien-nabil-kouki\/"},"author":{"name":"La r\u00e9daction","@id":"https:\/\/www.info-algerie.com\/actualites\/#\/schema\/person\/847aaec44920825b843a08f30ec6aa1e"},"headline":"ES S\u00e9tif : s\u00e9paration \u00e0 l&rsquo;amiable avec l&rsquo;entra\u00eeneur tunisien, Nabil Kouki","datePublished":"2022-02-27T17:30:00+00:00","dateModified":"2022-02-28T17:29:59+00:00","mainEntityOfPage":{"@id":"https:\/\/www.info-algerie.com\/actualites\/es-setif-separation-a-lamiable-avec-lentraineur-tunisien-nabil-kouki\/"},"wordCount":203,"commentCount":0,"publisher":{"@id":"https:\/\/www.info-algerie.com\/actualites\/#organization"},"image":{"@id":"https:\/\/www.info-algerie.com\/actualites\/es-setif-separation-a-lamiable-avec-lentraineur-tunisien-nabil-kouki\/#primaryimage"},"thumbnailUrl":"https:\/\/www.info-algerie.com\/actualites\/wp-content\/uploads\/2022\/02\/es-setif-separation-a-lamiable-avec-lentraineur-tunisien-nabil-kouki.jpg","keywords":["ES S\u00e9tif","Nabil Kouki"],"articleSection":["sport"],"inLanguage":"fr-FR","potentialAction":[{"@type":"CommentAction","name":"Comment","target":["https:\/\/www.info-algerie.com\/actualites\/es-setif-separation-a-lamiable-avec-lentraineur-tunisien-nabil-kouki\/#respond"]}]},{"@type":"WebPage","@id":"https:\/\/www.info-algerie.com\/actualites\/es-setif-separation-a-lamiable-avec-lentraineur-tunisien-nabil-kouki\/","url":"https:\/\/www.info-algerie.com\/actualites\/es-setif-separation-a-lamiable-avec-lentraineur-tunisien-nabil-kouki\/","name":"ES S\u00e9tif : s\u00e9paration \u00e0 l'amiable avec l'entra\u00eeneur tunisien, Nabil Kouki - info algerie","isPartOf":{"@id":"https:\/\/www.info-algerie.com\/actualites\/#website"},"primaryImageOfPage":{"@id":"https:\/\/www.info-algerie.com\/actualites\/es-setif-separation-a-lamiable-avec-lentraineur-tunisien-nabil-kouki\/#primaryimage"},"image":{"@id":"https:\/\/www.info-algerie.com\/actualites\/es-setif-separation-a-lamiable-avec-lentraineur-tunisien-nabil-kouki\/#primaryimage"},"thumbnailUrl":"https:\/\/www.info-algerie.com\/actualites\/wp-content\/uploads\/2022\/02\/es-setif-separation-a-lamiable-avec-lentraineur-tunisien-nabil-kouki.jpg","datePublished":"2022-02-27T17:30:00+00:00","dateModified":"2022-02-28T17:29:59+00:00","description":"L'Entente Sportive de S\u00e9tif ES S\u00e9tif a annonc\u00e9 sur Faceboock, s'\u00eatre \"s\u00e9par\u00e9 \u00e0 l'amiable\" avec son entra\u00eeneur, le Tunisien Nabil Kouki.","breadcrumb":{"@id":"https:\/\/www.info-algerie.com\/actualites\/es-setif-separation-a-lamiable-avec-lentraineur-tunisien-nabil-kouki\/#breadcrumb"},"inLanguage":"fr-FR","potentialAction":[{"@type":"ReadAction","target":["https:\/\/www.info-algerie.com\/actualites\/es-setif-separation-a-lamiable-avec-lentraineur-tunisien-nabil-kouki\/"]}]},{"@type":"ImageObject","inLanguage":"fr-FR","@id":"https:\/\/www.info-algerie.com\/actualites\/es-setif-separation-a-lamiable-avec-lentraineur-tunisien-nabil-kouki\/#primaryimage","url":"https:\/\/www.info-algerie.com\/actualites\/wp-content\/uploads\/2022\/02\/es-setif-separation-a-lamiable-avec-lentraineur-tunisien-nabil-kouki.jpg","contentUrl":"https:\/\/www.info-algerie.com\/actualites\/wp-content\/uploads\/2022\/02\/es-setif-separation-a-lamiable-avec-lentraineur-tunisien-nabil-kouki.jpg","width":620,"height":410,"caption":"Nabil Kouki"},{"@type":"BreadcrumbList","@id":"https:\/\/www.info-algerie.com\/actualites\/es-setif-separation-a-lamiable-avec-lentraineur-tunisien-nabil-kouki\/#breadcrumb","itemListElement":[{"@type":"ListItem","position":1,"name":"Accueil","item":"https:\/\/www.info-algerie.com\/actualites\/"},{"@type":"ListItem","position":2,"name":"ES S\u00e9tif : s\u00e9paration \u00e0 l&rsquo;amiable avec l&rsquo;entra\u00eeneur tunisien, Nabil Kouki"}]},{"@type":"WebSite","@id":"https:\/\/www.info-algerie.com\/actualites\/#website","url":"https:\/\/www.info-algerie.com\/actualites\/","name":"info algerie","description":"Toutes les actualit\u00e9s","publisher":{"@id":"https:\/\/www.info-algerie.com\/actualites\/#organization"},"potentialAction":[{"@type":"SearchAction","target":{"@type":"EntryPoint","urlTemplate":"https:\/\/www.info-algerie.com\/actualites\/?s={search_term_string}"},"query-input":{"@type":"PropertyValueSpecification","valueRequired":true,"valueName":"search_term_string"}}],"inLanguage":"fr-FR"},{"@type":"Organization","@id":"https:\/\/www.info-algerie.com\/actualites\/#organization","name":"info algerie","url":"https:\/\/www.info-algerie.com\/actualites\/","logo":{"@type":"ImageObject","inLanguage":"fr-FR","@id":"https:\/\/www.info-algerie.com\/actualites\/#\/schema\/logo\/image\/","url":"https:\/\/www.info-algerie.com\/actualites\/wp-content\/uploads\/2022\/07\/logo-ia-120.png","contentUrl":"https:\/\/www.info-algerie.com\/actualites\/wp-content\/uploads\/2022\/07\/logo-ia-120.png","width":120,"height":43,"caption":"info algerie"},"image":{"@id":"https:\/\/www.info-algerie.com\/actualites\/#\/schema\/logo\/image\/"},"sameAs":["https:\/\/www.facebook.com\/infoalgerieactu","https:\/\/x.com\/infoalgerie1"]},{"@type":"Person","@id":"https:\/\/www.info-algerie.com\/actualites\/#\/schema\/person\/847aaec44920825b843a08f30ec6aa1e","name":"La r\u00e9daction","image":{"@type":"ImageObject","inLanguage":"fr-FR","@id":"https:\/\/secure.gravatar.com\/avatar\/769db425c6f465158149f1ffd6cf61ce7a8a879d11dfbef8288af36dfddd418c?s=96&d=mm&r=g","url":"https:\/\/secure.gravatar.com\/avatar\/769db425c6f465158149f1ffd6cf61ce7a8a879d11dfbef8288af36dfddd418c?s=96&d=mm&r=g","contentUrl":"https:\/\/secure.gravatar.com\/avatar\/769db425c6f465158149f1ffd6cf61ce7a8a879d11dfbef8288af36dfddd418c?s=96&d=mm&r=g","caption":"La r\u00e9daction"},"sameAs":["http:\/\/www.lkeria.com\/"],"url":"https:\/\/www.info-algerie.com\/actualites\/author\/chakib32\/"}]}},"_links":{"self":[{"href":"https:\/\/www.info-algerie.com\/actualites\/wp-json\/wp\/v2\/posts\/26997","targetHints":{"allow":["GET"]}}],"collection":[{"href":"https:\/\/www.info-algerie.com\/actualites\/wp-json\/wp\/v2\/posts"}],"about":[{"href":"https:\/\/www.info-algerie.com\/actualites\/wp-json\/wp\/v2\/types\/post"}],"author":[{"embeddable":true,"href":"https:\/\/www.info-algerie.com\/actualites\/wp-json\/wp\/v2\/users\/6"}],"replies":[{"embeddable":true,"href":"https:\/\/www.info-algerie.com\/actualites\/wp-json\/wp\/v2\/comments?post=26997"}],"version-history":[{"count":2,"href":"https:\/\/www.info-algerie.com\/actualites\/wp-json\/wp\/v2\/posts\/26997\/revisions"}],"predecessor-version":[{"id":27020,"href":"https:\/\/www.info-algerie.com\/actualites\/wp-json\/wp\/v2\/posts\/26997\/revisions\/27020"}],"wp:featuredmedia":[{"embeddable":true,"href":"https:\/\/www.info-algerie.com\/actualites\/wp-json\/wp\/v2\/media\/27018"}],"wp:attachment":[{"href":"https:\/\/www.info-algerie.com\/actualites\/wp-json\/wp\/v2\/media?parent=26997"}],"wp:term":[{"taxonomy":"category","embeddable":true,"href":"https:\/\/www.info-algerie.com\/actualites\/wp-json\/wp\/v2\/categories?post=26997"},{"taxonomy":"post_tag","embeddable":true,"href":"https:\/\/www.info-algerie.com\/actualites\/wp-json\/wp\/v2\/tags?post=26997"}],"curies":[{"name":"wp","href":"https:\/\/api.w.org\/{rel}","templated":true}]}}