{"id":26999,"date":"2022-02-28T12:02:00","date_gmt":"2022-02-28T11:02:00","guid":{"rendered":"https:\/\/www.info-algerie.com\/actualites\/tayeb-louh-accuse-belkacem-zeghmati\/"},"modified":"2022-02-28T17:45:31","modified_gmt":"2022-02-28T16:45:31","slug":"tayeb-louh-accuse-belkacem-zeghmati","status":"publish","type":"post","link":"https:\/\/www.info-algerie.com\/actualites\/tayeb-louh-accuse-belkacem-zeghmati\/","title":{"rendered":"Tayeb Louh accuse Belkacem Zeghmati"},"content":{"rendered":"\n<p>L&rsquo;ancien ministre de la Justice\u00a0<em>Tayeb Louh<\/em>\u00a0a accus\u00e9\u00a0<em>Belkacem Zeghmati<\/em>\u00a0d&rsquo;avoir orchestr\u00e9 contre lui un \u00ab\u00a0<em>proc\u00e8s politique<\/em>\u00ab\u00a0.\u00a0<em>\u00ab\u00a0Je suis victime d&rsquo;un r\u00e8glement compte politique\u00a0\u00bb,<\/em>\u00a0a-t-il accus\u00e9, ce lundi\u00a0matin, lors de <a href=\"https:\/\/www.info-algerie.com\/actualites\/10-annees-requises-a-lencontre-de-tayeb-louh\/\">son proc\u00e8s<\/a> pour ; \u00ab\u00a0<em>obstruction du travail de la justice<\/em>\u00a0\u00bb qui se d\u00e9roulait au Tribunal de<em>\u00a0Sidi M&rsquo;hamed<\/em>\u00a0\u00e0\u00a0<em>Alger<\/em>.<\/p>\n\n\n\n<p>L&rsquo;ancien Garde des Sceaux s&rsquo;est dit ainsi \u00ab\u00a0<em>innocent<\/em>\u00a0\u00bb de toute interf\u00e9rence dans le travail des juges, lui qui est accus\u00e9 d&rsquo;avoir demand\u00e9 \u00e0 des magistrats de Mostaganem de disculper T<em>arek-Noah Kouninef,<\/em>\u00a0 poursuivi en 2016 dans des affaires li\u00e9es \u00e0 des infractions au code des changes.<\/p>\n\n\n\n<p>Plus que cela,\u00a0il a accus\u00e9 l&rsquo;ancien pouvoir d&rsquo;avoir nomm\u00e9\u00a0<em>Zeghmati<\/em>\u00a0en\u00a0<em>\u00ab\u00a0violation de la Constitution<\/em>\u00ab\u00a0. Pis, il a accus\u00e9 la justice de\u00a0<em>\u00ab\u00a0mettre des innocents en prison\u00a0\u00bb<\/em>\u00a0alors que \u00ab\u00a0<em>le r\u00f4le de la justice est de prot\u00e9ger la libert\u00e9 des citoyens\u00a0\u00bb<\/em>.<em>\u00a0\u00ab\u00a0Je suis bless\u00e9\u00a0\u00bb<\/em>, a-t-il ajout\u00e9 tout en rappelant son pass\u00e9 de syndicaliste.\u00a0<em>\u00ab\u00a0Je ne suis pas un corrompu\u00a0\u00bb<\/em>, a-t-il insist\u00e9. Il a \u00e9galement sensibilis\u00e9 la pr\u00e9sence que<em>\u00a0\u00ab\u00a0ce qui se passe actuellement dans la justice\u00a0\u00bb<\/em>\u00a0porte atteinte\u00a0<em>\u00ab\u00a0\u00e0 l&rsquo;image de l&rsquo;Alg\u00e9rie\u00a0\u00bb<\/em>\u00a0\u00e0 l&rsquo;\u00e9tranger.\u00a0<em>\u00a0\u00bb Nous serons interpell\u00e9s par le Conseil des Droits de l&rsquo;homme de Gen\u00e8ve\u00a0\u00bb.<\/em><\/p>\n\n\n\n<p><em>Tayeb Louh<\/em>&nbsp;a \u00e9galement accus\u00e9 l&rsquo;ancien Chef d&rsquo;Etat major de l&rsquo;avoir accus\u00e9 de chercher des dossiers contre ses fils.&nbsp;<\/p>\n\n\n\n<p>Source: <a href=\"https:\/\/www.liberte-algerie.com\/actualite\/tayeb-louh-accuse-belkacem-zeghmati-374091\" target=\"_blank\" rel=\"noopener\">Tayeb Louh accuse Belkacem Zeghmati<\/a><\/p>\n<!--CusAds0-->\n<div style=\"font-size: 0px; height: 0px; line-height: 0px; margin: 0; padding: 0; clear: both;\"><\/div>","protected":false},"excerpt":{"rendered":"<p>L&rsquo;ancien ministre de la Justice\u00a0Tayeb Louh\u00a0a accus\u00e9\u00a0Belkacem Zeghmati\u00a0d&rsquo;avoir orchestr\u00e9 contre lui un \u00ab\u00a0proc\u00e8s politique\u00ab\u00a0.\u00a0\u00ab\u00a0Je suis victime d&rsquo;un r\u00e8glement compte politique\u00a0\u00bb,\u00a0a-t-il accus\u00e9, ce lundi\u00a0matin, lors de son proc\u00e8s pour ; \u00ab\u00a0obstruction du travail de la justice\u00a0\u00bb qui se d\u00e9roulait au Tribunal de\u00a0Sidi M&rsquo;hamed\u00a0\u00e0\u00a0Alger. L&rsquo;ancien Garde des Sceaux s&rsquo;est dit ainsi \u00ab\u00a0innocent\u00a0\u00bb de toute interf\u00e9rence dans le<\/p>\n","protected":false},"author":6,"featured_media":27012,"comment_status":"open","ping_status":"open","sticky":false,"template":"","format":"standard","meta":{"footnotes":""},"categories":[7],"tags":[207,208],"class_list":["post-26999","post","type-post","status-publish","format-standard","has-post-thumbnail","hentry","category-politique","tag-belkacem-zeghmati","tag-une"],"yoast_head":"<!-- This site is optimized with the Yoast SEO plugin v27.5 - https:\/\/yoast.com\/product\/yoast-seo-wordpress\/ -->\n<title>Tayeb Louh accuse Belkacem Zeghmati - info algerie<\/title>\n<meta name=\"description\" content=\"L&#039;ancien ministre de la Justice\u00a0Tayeb Louh\u00a0a accus\u00e9\u00a0Belkacem Zeghmati\u00a0d&#039;avoir orchestr\u00e9 contre lui un proc\u00e8s politique.\u00a0Je suis victime ....\" \/>\n<meta name=\"robots\" content=\"index, follow, max-snippet:-1, max-image-preview:large, max-video-preview:-1\" \/>\n<link rel=\"canonical\" href=\"https:\/\/www.info-algerie.com\/actualites\/tayeb-louh-accuse-belkacem-zeghmati\/\" \/>\n<meta property=\"og:locale\" content=\"fr_FR\" \/>\n<meta property=\"og:type\" content=\"article\" \/>\n<meta property=\"og:title\" content=\"Tayeb Louh accuse Belkacem Zeghmati - info algerie\" \/>\n<meta property=\"og:description\" content=\"L&#039;ancien ministre de la Justice\u00a0Tayeb Louh\u00a0a accus\u00e9\u00a0Belkacem Zeghmati\u00a0d&#039;avoir orchestr\u00e9 contre lui un proc\u00e8s politique.\u00a0Je suis victime ....\" \/>\n<meta property=\"og:url\" content=\"https:\/\/www.info-algerie.com\/actualites\/tayeb-louh-accuse-belkacem-zeghmati\/\" \/>\n<meta property=\"og:site_name\" content=\"info algerie\" \/>\n<meta property=\"article:publisher\" content=\"https:\/\/www.facebook.com\/infoalgerieactu\" \/>\n<meta property=\"article:published_time\" content=\"2022-02-28T11:02:00+00:00\" \/>\n<meta property=\"article:modified_time\" content=\"2022-02-28T16:45:31+00:00\" \/>\n<meta property=\"og:image\" content=\"https:\/\/www.info-algerie.com\/actualites\/wp-content\/uploads\/2022\/02\/tayeb-louh-accuse-belkacem-zeghmati.jpg\" \/>\n\t<meta property=\"og:image:width\" content=\"620\" \/>\n\t<meta property=\"og:image:height\" content=\"410\" \/>\n\t<meta property=\"og:image:type\" content=\"image\/jpeg\" \/>\n<meta name=\"author\" content=\"La r\u00e9daction\" \/>\n<meta name=\"twitter:label1\" content=\"\u00c9crit par\" \/>\n\t<meta name=\"twitter:data1\" content=\"La r\u00e9daction\" \/>\n\t<meta name=\"twitter:label2\" content=\"Dur\u00e9e de lecture estim\u00e9e\" \/>\n\t<meta name=\"twitter:data2\" content=\"2 minutes\" \/>\n<script type=\"application\/ld+json\" class=\"yoast-schema-graph\">{\"@context\":\"https:\\\/\\\/schema.org\",\"@graph\":[{\"@type\":\"Article\",\"@id\":\"https:\\\/\\\/www.info-algerie.com\\\/actualites\\\/tayeb-louh-accuse-belkacem-zeghmati\\\/#article\",\"isPartOf\":{\"@id\":\"https:\\\/\\\/www.info-algerie.com\\\/actualites\\\/tayeb-louh-accuse-belkacem-zeghmati\\\/\"},\"author\":{\"name\":\"La r\u00e9daction\",\"@id\":\"https:\\\/\\\/www.info-algerie.com\\\/actualites\\\/#\\\/schema\\\/person\\\/847aaec44920825b843a08f30ec6aa1e\"},\"headline\":\"Tayeb Louh accuse Belkacem Zeghmati\",\"datePublished\":\"2022-02-28T11:02:00+00:00\",\"dateModified\":\"2022-02-28T16:45:31+00:00\",\"mainEntityOfPage\":{\"@id\":\"https:\\\/\\\/www.info-algerie.com\\\/actualites\\\/tayeb-louh-accuse-belkacem-zeghmati\\\/\"},\"wordCount\":247,\"commentCount\":0,\"publisher\":{\"@id\":\"https:\\\/\\\/www.info-algerie.com\\\/actualites\\\/#organization\"},\"image\":{\"@id\":\"https:\\\/\\\/www.info-algerie.com\\\/actualites\\\/tayeb-louh-accuse-belkacem-zeghmati\\\/#primaryimage\"},\"thumbnailUrl\":\"https:\\\/\\\/www.info-algerie.com\\\/actualites\\\/wp-content\\\/uploads\\\/2022\\\/02\\\/tayeb-louh-accuse-belkacem-zeghmati.jpg\",\"keywords\":[\"Belkacem Zeghmati\",\"une\"],\"articleSection\":[\"Politique\"],\"inLanguage\":\"fr-FR\",\"potentialAction\":[{\"@type\":\"CommentAction\",\"name\":\"Comment\",\"target\":[\"https:\\\/\\\/www.info-algerie.com\\\/actualites\\\/tayeb-louh-accuse-belkacem-zeghmati\\\/#respond\"]}]},{\"@type\":\"WebPage\",\"@id\":\"https:\\\/\\\/www.info-algerie.com\\\/actualites\\\/tayeb-louh-accuse-belkacem-zeghmati\\\/\",\"url\":\"https:\\\/\\\/www.info-algerie.com\\\/actualites\\\/tayeb-louh-accuse-belkacem-zeghmati\\\/\",\"name\":\"Tayeb Louh accuse Belkacem Zeghmati - info algerie\",\"isPartOf\":{\"@id\":\"https:\\\/\\\/www.info-algerie.com\\\/actualites\\\/#website\"},\"primaryImageOfPage\":{\"@id\":\"https:\\\/\\\/www.info-algerie.com\\\/actualites\\\/tayeb-louh-accuse-belkacem-zeghmati\\\/#primaryimage\"},\"image\":{\"@id\":\"https:\\\/\\\/www.info-algerie.com\\\/actualites\\\/tayeb-louh-accuse-belkacem-zeghmati\\\/#primaryimage\"},\"thumbnailUrl\":\"https:\\\/\\\/www.info-algerie.com\\\/actualites\\\/wp-content\\\/uploads\\\/2022\\\/02\\\/tayeb-louh-accuse-belkacem-zeghmati.jpg\",\"datePublished\":\"2022-02-28T11:02:00+00:00\",\"dateModified\":\"2022-02-28T16:45:31+00:00\",\"description\":\"L'ancien ministre de la Justice\u00a0Tayeb Louh\u00a0a accus\u00e9\u00a0Belkacem Zeghmati\u00a0d'avoir orchestr\u00e9 contre lui un proc\u00e8s politique.\u00a0Je suis victime ....\",\"breadcrumb\":{\"@id\":\"https:\\\/\\\/www.info-algerie.com\\\/actualites\\\/tayeb-louh-accuse-belkacem-zeghmati\\\/#breadcrumb\"},\"inLanguage\":\"fr-FR\",\"potentialAction\":[{\"@type\":\"ReadAction\",\"target\":[\"https:\\\/\\\/www.info-algerie.com\\\/actualites\\\/tayeb-louh-accuse-belkacem-zeghmati\\\/\"]}]},{\"@type\":\"ImageObject\",\"inLanguage\":\"fr-FR\",\"@id\":\"https:\\\/\\\/www.info-algerie.com\\\/actualites\\\/tayeb-louh-accuse-belkacem-zeghmati\\\/#primaryimage\",\"url\":\"https:\\\/\\\/www.info-algerie.com\\\/actualites\\\/wp-content\\\/uploads\\\/2022\\\/02\\\/tayeb-louh-accuse-belkacem-zeghmati.jpg\",\"contentUrl\":\"https:\\\/\\\/www.info-algerie.com\\\/actualites\\\/wp-content\\\/uploads\\\/2022\\\/02\\\/tayeb-louh-accuse-belkacem-zeghmati.jpg\",\"width\":620,\"height\":410,\"caption\":\"Tayeb Louh accuse Belkacem Zeghmati\"},{\"@type\":\"BreadcrumbList\",\"@id\":\"https:\\\/\\\/www.info-algerie.com\\\/actualites\\\/tayeb-louh-accuse-belkacem-zeghmati\\\/#breadcrumb\",\"itemListElement\":[{\"@type\":\"ListItem\",\"position\":1,\"name\":\"Accueil\",\"item\":\"https:\\\/\\\/www.info-algerie.com\\\/actualites\\\/\"},{\"@type\":\"ListItem\",\"position\":2,\"name\":\"Tayeb Louh accuse Belkacem Zeghmati\"}]},{\"@type\":\"WebSite\",\"@id\":\"https:\\\/\\\/www.info-algerie.com\\\/actualites\\\/#website\",\"url\":\"https:\\\/\\\/www.info-algerie.com\\\/actualites\\\/\",\"name\":\"info algerie\",\"description\":\"Toutes les actualit\u00e9s\",\"publisher\":{\"@id\":\"https:\\\/\\\/www.info-algerie.com\\\/actualites\\\/#organization\"},\"potentialAction\":[{\"@type\":\"SearchAction\",\"target\":{\"@type\":\"EntryPoint\",\"urlTemplate\":\"https:\\\/\\\/www.info-algerie.com\\\/actualites\\\/?s={search_term_string}\"},\"query-input\":{\"@type\":\"PropertyValueSpecification\",\"valueRequired\":true,\"valueName\":\"search_term_string\"}}],\"inLanguage\":\"fr-FR\"},{\"@type\":\"Organization\",\"@id\":\"https:\\\/\\\/www.info-algerie.com\\\/actualites\\\/#organization\",\"name\":\"info algerie\",\"url\":\"https:\\\/\\\/www.info-algerie.com\\\/actualites\\\/\",\"logo\":{\"@type\":\"ImageObject\",\"inLanguage\":\"fr-FR\",\"@id\":\"https:\\\/\\\/www.info-algerie.com\\\/actualites\\\/#\\\/schema\\\/logo\\\/image\\\/\",\"url\":\"https:\\\/\\\/www.info-algerie.com\\\/actualites\\\/wp-content\\\/uploads\\\/2022\\\/07\\\/logo-ia-120.png\",\"contentUrl\":\"https:\\\/\\\/www.info-algerie.com\\\/actualites\\\/wp-content\\\/uploads\\\/2022\\\/07\\\/logo-ia-120.png\",\"width\":120,\"height\":43,\"caption\":\"info algerie\"},\"image\":{\"@id\":\"https:\\\/\\\/www.info-algerie.com\\\/actualites\\\/#\\\/schema\\\/logo\\\/image\\\/\"},\"sameAs\":[\"https:\\\/\\\/www.facebook.com\\\/infoalgerieactu\",\"https:\\\/\\\/x.com\\\/infoalgerie1\"]},{\"@type\":\"Person\",\"@id\":\"https:\\\/\\\/www.info-algerie.com\\\/actualites\\\/#\\\/schema\\\/person\\\/847aaec44920825b843a08f30ec6aa1e\",\"name\":\"La r\u00e9daction\",\"image\":{\"@type\":\"ImageObject\",\"inLanguage\":\"fr-FR\",\"@id\":\"https:\\\/\\\/secure.gravatar.com\\\/avatar\\\/769db425c6f465158149f1ffd6cf61ce7a8a879d11dfbef8288af36dfddd418c?s=96&d=mm&r=g\",\"url\":\"https:\\\/\\\/secure.gravatar.com\\\/avatar\\\/769db425c6f465158149f1ffd6cf61ce7a8a879d11dfbef8288af36dfddd418c?s=96&d=mm&r=g\",\"contentUrl\":\"https:\\\/\\\/secure.gravatar.com\\\/avatar\\\/769db425c6f465158149f1ffd6cf61ce7a8a879d11dfbef8288af36dfddd418c?s=96&d=mm&r=g\",\"caption\":\"La r\u00e9daction\"},\"sameAs\":[\"http:\\\/\\\/www.lkeria.com\\\/\"],\"url\":\"https:\\\/\\\/www.info-algerie.com\\\/actualites\\\/author\\\/chakib32\\\/\"}]}<\/script>\n<!-- \/ Yoast SEO plugin. -->","yoast_head_json":{"title":"Tayeb Louh accuse Belkacem Zeghmati - info algerie","description":"L'ancien ministre de la Justice\u00a0Tayeb Louh\u00a0a accus\u00e9\u00a0Belkacem Zeghmati\u00a0d'avoir orchestr\u00e9 contre lui un proc\u00e8s politique.\u00a0Je suis victime ....","robots":{"index":"index","follow":"follow","max-snippet":"max-snippet:-1","max-image-preview":"max-image-preview:large","max-video-preview":"max-video-preview:-1"},"canonical":"https:\/\/www.info-algerie.com\/actualites\/tayeb-louh-accuse-belkacem-zeghmati\/","og_locale":"fr_FR","og_type":"article","og_title":"Tayeb Louh accuse Belkacem Zeghmati - info algerie","og_description":"L'ancien ministre de la Justice\u00a0Tayeb Louh\u00a0a accus\u00e9\u00a0Belkacem Zeghmati\u00a0d'avoir orchestr\u00e9 contre lui un proc\u00e8s politique.\u00a0Je suis victime ....","og_url":"https:\/\/www.info-algerie.com\/actualites\/tayeb-louh-accuse-belkacem-zeghmati\/","og_site_name":"info algerie","article_publisher":"https:\/\/www.facebook.com\/infoalgerieactu","article_published_time":"2022-02-28T11:02:00+00:00","article_modified_time":"2022-02-28T16:45:31+00:00","og_image":[{"width":620,"height":410,"url":"https:\/\/www.info-algerie.com\/actualites\/wp-content\/uploads\/2022\/02\/tayeb-louh-accuse-belkacem-zeghmati.jpg","type":"image\/jpeg"}],"author":"La r\u00e9daction","twitter_misc":{"\u00c9crit par":"La r\u00e9daction","Dur\u00e9e de lecture estim\u00e9e":"2 minutes"},"schema":{"@context":"https:\/\/schema.org","@graph":[{"@type":"Article","@id":"https:\/\/www.info-algerie.com\/actualites\/tayeb-louh-accuse-belkacem-zeghmati\/#article","isPartOf":{"@id":"https:\/\/www.info-algerie.com\/actualites\/tayeb-louh-accuse-belkacem-zeghmati\/"},"author":{"name":"La r\u00e9daction","@id":"https:\/\/www.info-algerie.com\/actualites\/#\/schema\/person\/847aaec44920825b843a08f30ec6aa1e"},"headline":"Tayeb Louh accuse Belkacem Zeghmati","datePublished":"2022-02-28T11:02:00+00:00","dateModified":"2022-02-28T16:45:31+00:00","mainEntityOfPage":{"@id":"https:\/\/www.info-algerie.com\/actualites\/tayeb-louh-accuse-belkacem-zeghmati\/"},"wordCount":247,"commentCount":0,"publisher":{"@id":"https:\/\/www.info-algerie.com\/actualites\/#organization"},"image":{"@id":"https:\/\/www.info-algerie.com\/actualites\/tayeb-louh-accuse-belkacem-zeghmati\/#primaryimage"},"thumbnailUrl":"https:\/\/www.info-algerie.com\/actualites\/wp-content\/uploads\/2022\/02\/tayeb-louh-accuse-belkacem-zeghmati.jpg","keywords":["Belkacem Zeghmati","une"],"articleSection":["Politique"],"inLanguage":"fr-FR","potentialAction":[{"@type":"CommentAction","name":"Comment","target":["https:\/\/www.info-algerie.com\/actualites\/tayeb-louh-accuse-belkacem-zeghmati\/#respond"]}]},{"@type":"WebPage","@id":"https:\/\/www.info-algerie.com\/actualites\/tayeb-louh-accuse-belkacem-zeghmati\/","url":"https:\/\/www.info-algerie.com\/actualites\/tayeb-louh-accuse-belkacem-zeghmati\/","name":"Tayeb Louh accuse Belkacem Zeghmati - info algerie","isPartOf":{"@id":"https:\/\/www.info-algerie.com\/actualites\/#website"},"primaryImageOfPage":{"@id":"https:\/\/www.info-algerie.com\/actualites\/tayeb-louh-accuse-belkacem-zeghmati\/#primaryimage"},"image":{"@id":"https:\/\/www.info-algerie.com\/actualites\/tayeb-louh-accuse-belkacem-zeghmati\/#primaryimage"},"thumbnailUrl":"https:\/\/www.info-algerie.com\/actualites\/wp-content\/uploads\/2022\/02\/tayeb-louh-accuse-belkacem-zeghmati.jpg","datePublished":"2022-02-28T11:02:00+00:00","dateModified":"2022-02-28T16:45:31+00:00","description":"L'ancien ministre de la Justice\u00a0Tayeb Louh\u00a0a accus\u00e9\u00a0Belkacem Zeghmati\u00a0d'avoir orchestr\u00e9 contre lui un proc\u00e8s politique.\u00a0Je suis victime ....","breadcrumb":{"@id":"https:\/\/www.info-algerie.com\/actualites\/tayeb-louh-accuse-belkacem-zeghmati\/#breadcrumb"},"inLanguage":"fr-FR","potentialAction":[{"@type":"ReadAction","target":["https:\/\/www.info-algerie.com\/actualites\/tayeb-louh-accuse-belkacem-zeghmati\/"]}]},{"@type":"ImageObject","inLanguage":"fr-FR","@id":"https:\/\/www.info-algerie.com\/actualites\/tayeb-louh-accuse-belkacem-zeghmati\/#primaryimage","url":"https:\/\/www.info-algerie.com\/actualites\/wp-content\/uploads\/2022\/02\/tayeb-louh-accuse-belkacem-zeghmati.jpg","contentUrl":"https:\/\/www.info-algerie.com\/actualites\/wp-content\/uploads\/2022\/02\/tayeb-louh-accuse-belkacem-zeghmati.jpg","width":620,"height":410,"caption":"Tayeb Louh accuse Belkacem Zeghmati"},{"@type":"BreadcrumbList","@id":"https:\/\/www.info-algerie.com\/actualites\/tayeb-louh-accuse-belkacem-zeghmati\/#breadcrumb","itemListElement":[{"@type":"ListItem","position":1,"name":"Accueil","item":"https:\/\/www.info-algerie.com\/actualites\/"},{"@type":"ListItem","position":2,"name":"Tayeb Louh accuse Belkacem Zeghmati"}]},{"@type":"WebSite","@id":"https:\/\/www.info-algerie.com\/actualites\/#website","url":"https:\/\/www.info-algerie.com\/actualites\/","name":"info algerie","description":"Toutes les actualit\u00e9s","publisher":{"@id":"https:\/\/www.info-algerie.com\/actualites\/#organization"},"potentialAction":[{"@type":"SearchAction","target":{"@type":"EntryPoint","urlTemplate":"https:\/\/www.info-algerie.com\/actualites\/?s={search_term_string}"},"query-input":{"@type":"PropertyValueSpecification","valueRequired":true,"valueName":"search_term_string"}}],"inLanguage":"fr-FR"},{"@type":"Organization","@id":"https:\/\/www.info-algerie.com\/actualites\/#organization","name":"info algerie","url":"https:\/\/www.info-algerie.com\/actualites\/","logo":{"@type":"ImageObject","inLanguage":"fr-FR","@id":"https:\/\/www.info-algerie.com\/actualites\/#\/schema\/logo\/image\/","url":"https:\/\/www.info-algerie.com\/actualites\/wp-content\/uploads\/2022\/07\/logo-ia-120.png","contentUrl":"https:\/\/www.info-algerie.com\/actualites\/wp-content\/uploads\/2022\/07\/logo-ia-120.png","width":120,"height":43,"caption":"info algerie"},"image":{"@id":"https:\/\/www.info-algerie.com\/actualites\/#\/schema\/logo\/image\/"},"sameAs":["https:\/\/www.facebook.com\/infoalgerieactu","https:\/\/x.com\/infoalgerie1"]},{"@type":"Person","@id":"https:\/\/www.info-algerie.com\/actualites\/#\/schema\/person\/847aaec44920825b843a08f30ec6aa1e","name":"La r\u00e9daction","image":{"@type":"ImageObject","inLanguage":"fr-FR","@id":"https:\/\/secure.gravatar.com\/avatar\/769db425c6f465158149f1ffd6cf61ce7a8a879d11dfbef8288af36dfddd418c?s=96&d=mm&r=g","url":"https:\/\/secure.gravatar.com\/avatar\/769db425c6f465158149f1ffd6cf61ce7a8a879d11dfbef8288af36dfddd418c?s=96&d=mm&r=g","contentUrl":"https:\/\/secure.gravatar.com\/avatar\/769db425c6f465158149f1ffd6cf61ce7a8a879d11dfbef8288af36dfddd418c?s=96&d=mm&r=g","caption":"La r\u00e9daction"},"sameAs":["http:\/\/www.lkeria.com\/"],"url":"https:\/\/www.info-algerie.com\/actualites\/author\/chakib32\/"}]}},"_links":{"self":[{"href":"https:\/\/www.info-algerie.com\/actualites\/wp-json\/wp\/v2\/posts\/26999","targetHints":{"allow":["GET"]}}],"collection":[{"href":"https:\/\/www.info-algerie.com\/actualites\/wp-json\/wp\/v2\/posts"}],"about":[{"href":"https:\/\/www.info-algerie.com\/actualites\/wp-json\/wp\/v2\/types\/post"}],"author":[{"embeddable":true,"href":"https:\/\/www.info-algerie.com\/actualites\/wp-json\/wp\/v2\/users\/6"}],"replies":[{"embeddable":true,"href":"https:\/\/www.info-algerie.com\/actualites\/wp-json\/wp\/v2\/comments?post=26999"}],"version-history":[{"count":2,"href":"https:\/\/www.info-algerie.com\/actualites\/wp-json\/wp\/v2\/posts\/26999\/revisions"}],"predecessor-version":[{"id":27015,"href":"https:\/\/www.info-algerie.com\/actualites\/wp-json\/wp\/v2\/posts\/26999\/revisions\/27015"}],"wp:featuredmedia":[{"embeddable":true,"href":"https:\/\/www.info-algerie.com\/actualites\/wp-json\/wp\/v2\/media\/27012"}],"wp:attachment":[{"href":"https:\/\/www.info-algerie.com\/actualites\/wp-json\/wp\/v2\/media?parent=26999"}],"wp:term":[{"taxonomy":"category","embeddable":true,"href":"https:\/\/www.info-algerie.com\/actualites\/wp-json\/wp\/v2\/categories?post=26999"},{"taxonomy":"post_tag","embeddable":true,"href":"https:\/\/www.info-algerie.com\/actualites\/wp-json\/wp\/v2\/tags?post=26999"}],"curies":[{"name":"wp","href":"https:\/\/api.w.org\/{rel}","templated":true}]}}