{"id":271,"date":"2015-08-27T10:00:00","date_gmt":"2015-08-27T09:00:00","guid":{"rendered":"http:\/\/www.info-algerie.com\/actualites\/la-rentree-scolaire-sera-calme-benghebrit-a-le-quitus-des-syndicats\/"},"modified":"2015-08-28T11:41:36","modified_gmt":"2015-08-28T10:41:36","slug":"la-rentree-scolaire-sera-calme-benghebrit-a-le-quitus-des-syndicats","status":"publish","type":"post","link":"https:\/\/www.info-algerie.com\/actualites\/la-rentree-scolaire-sera-calme-benghebrit-a-le-quitus-des-syndicats\/","title":{"rendered":"la rentr\u00e9e scolaire sera calme : Benghebrit a le quitus des syndicats"},"content":{"rendered":"<p class=\"article_abstract\" style=\"text-align: justify;\"><a href=\"https:\/\/www.info-algerie.com\/actualites\/wp-content\/uploads\/2015\/08\/la-rentr\u00e9e-scolaire-sera-calme.jpg\"><img loading=\"lazy\" decoding=\"async\" class=\" wp-image-340 alignleft\" src=\"https:\/\/www.info-algerie.com\/actualites\/wp-content\/uploads\/2015\/08\/la-rentr\u00e9e-scolaire-sera-calme-300x160.jpg\" alt=\"la rentr\u00e9e scolaire sera calme\" width=\"201\" height=\"107\" srcset=\"https:\/\/www.info-algerie.com\/actualites\/wp-content\/uploads\/2015\/08\/la-rentr\u00e9e-scolaire-sera-calme-300x160.jpg 300w, https:\/\/www.info-algerie.com\/actualites\/wp-content\/uploads\/2015\/08\/la-rentr\u00e9e-scolaire-sera-calme-310x165.jpg 310w, https:\/\/www.info-algerie.com\/actualites\/wp-content\/uploads\/2015\/08\/la-rentr\u00e9e-scolaire-sera-calme.jpg 620w\" sizes=\"auto, (max-width: 201px) 100vw, 201px\" \/><\/a>La ministre de l&rsquo;Education nationale qui a pass\u00e9 un \u00e9t\u00e9 des plus chauds a r\u00e9ussi \u00e0 gagner la confiance des syndicats.<\/p>\n<p style=\"text-align: justify;\">Apr\u00e8s avoir \u00e9t\u00e9 critiqu\u00e9e tout l&rsquo;\u00e9t\u00e9 par les conservateurs, la ministre de l&rsquo;Education nationale semble avoir trouv\u00e9 le moyen d&rsquo;assurer une rentr\u00e9e tout en douceur. Nouria Benghebrit a gagn\u00e9 la confiance des syndicats et r\u00e9ussi \u00e0 \u00abd\u00e9crocher\u00bb leur parole pour une rentr\u00e9e calme. En effet, lors d&rsquo;une rencontre tenue mardi dernier avec la ministre, les syndicats de l&rsquo;\u00e9ducation ont donn\u00e9 la promesse de garantir une rentr\u00e9e scolaire dans le \u00abcalme\u00bb.<\/p>\n<p style=\"text-align: justify;\">A l&rsquo;issue de leur rencontre avec la ministre de l&rsquo;Education qui a eu lieu au si\u00e8ge du minist\u00e8re et qui a dur\u00e9 plus de trois heures, les repr\u00e9sentants des syndicats de l&rsquo;\u00e9ducation sont sortis le sourire aux l\u00e8vres.<\/p>\n<p style=\"text-align: justify;\">A l&rsquo;unanimit\u00e9, ils ont affich\u00e9 leur satisfaction de cette r\u00e9union qui, disent-ils, a \u00e9t\u00e9 tr\u00e8s fructueuse vu que les principales revendications contenues dans les proc\u00e8s-verbaux des syndicats, qui ont \u00e9t\u00e9 sign\u00e9s en mois de mars dernier ont \u00e9t\u00e9 satisfaites.<\/p>\n<p style=\"text-align: justify;\">\u00abC&rsquo;\u00e9tait une rencontre d&rsquo;information, o\u00f9 la ministre de l&rsquo;Education a pr\u00e9sent\u00e9 un nombre de mesures pour la prochaine rentr\u00e9e scolaire et a demand\u00e9 en contrepartie de garantir le calme, en s&rsquo;engageant \u00e0 satisfaire plusieurs revendications\u00bb,a r\u00e9v\u00e9l\u00e9 le coordinateur du Conseil national autonome du personnel enseignant du secteur ternaire de l&rsquo;\u00e9ducation (Cnapeste), M.Nouar Larbi.<\/p>\n<p style=\"text-align: justify;\">Ce dernier r\u00e9v\u00e8le que parmi les revendications que le minist\u00e8re s&rsquo;est engag\u00e9 \u00e0 satisfaire figure l&rsquo;organisation d&rsquo;un concours lors de la rentr\u00e9e scolaire pour la promotion de 45.000 enseignants dans les trois cycles de l&rsquo;\u00e9ducation (primaire, moyen et secondaire) et la promotion \u00absyst\u00e9matique\u00bb aux nouveaux grades pour garantir la promotion aux enseignants concern\u00e9s.<\/p>\n<p style=\"text-align: justify;\">\u00abLes points qui n&rsquo;ont pas \u00e9t\u00e9 \u00e9voqu\u00e9s, la ministre a fix\u00e9 la date du 15 octobre prochain pour les \u00e9valuer\u00bb, a soulign\u00e9 M.Nouar. Selon le m\u00eame responsable syndical, d&rsquo;autres rencontres syndicat-minist\u00e8re seront organis\u00e9es \u00e0 partir du 15 octobre prochain. \u00abLes principales revendications sont ajourn\u00e9es\u00bb, a affirm\u00e9 le secr\u00e9taire g\u00e9n\u00e9ral de la F\u00e9d\u00e9ration nationale des travailleurs de l&rsquo;\u00e9ducation (Fnte) Ferhat Chabekh, qui a indiqu\u00e9 que le gouvernement a approuv\u00e9 la revendication relative \u00e0 la prime des intendants et \u00e9conomes qui est diff\u00e9rente de celle des fonctions p\u00e9dagogiques.<\/p>\n<p style=\"text-align: justify;\">Concernant la prime d&rsquo;encadrement, M.Chabekh a affirm\u00e9 que le syndicat attend toujours le r\u00e8glement de cette derni\u00e8re par le gouvernement.<\/p>\n<p style=\"text-align: justify;\">Certains points p\u00e9dagogiques ont \u00e9t\u00e9 \u00e9galement \u00e9voqu\u00e9s, selon ce responsable syndical qui a soulign\u00e9 que la ministre a affirm\u00e9 que \u00abla langue principale est l&rsquo;arabe\u00bb, en insistant sur l&rsquo;am\u00e9lioration du niveau des \u00e9l\u00e8ves du Sud notamment en ce qui concerne les langues \u00e9trang\u00e8res.<\/p>\n<p style=\"text-align: justify;\">\u00abLe boycott de la rentr\u00e9e scolaire n&rsquo;est pas acceptable\u00bb, a affirm\u00e9 de son c\u00f4t\u00e9 le secr\u00e9taire g\u00e9n\u00e9ral du Syndicat national des travailleurs de l&rsquo;\u00e9ducation (Snte), Boualem Amoura, ajoutant que cela fait partie des principes du syndicat. Avec le dialogue et la patience, Benghebrit semble donc avoir gagn\u00e9 la confiance des syndicats au grand bonheur des \u00e9l\u00e8ves.<\/p>\n<p style=\"text-align: justify;\">Car cette rencontre des plus importantes \u00e0 quelques jours de la rentr\u00e9e ressemble \u00e0 un \u00abpacte\u00bb de paix o\u00f9 l&rsquo;int\u00e9r\u00eat des \u00e9l\u00e8ves primera, et leur \u00e9vitera ainsi les cauchemars des ann\u00e9es pr\u00e9c\u00e9dentes o\u00f9 les gr\u00e8ves ont failli avoir raison de leur scolarit\u00e9.<\/p>\n<p style=\"text-align: justify;\">On est donc en droit d&rsquo;esp\u00e9rer une ann\u00e9e scolaire normale&#8230;Enfin, si certains conservateurs ne la prennent pas en otage pour r\u00e9gler leurs comptes avec la ministre&#8230;!<\/p>\n<p>Source: <a href=\"http:\/\/www.lexpressiondz.com\/actualite\/223864-benghebrit-a-le-quitus-des-syndicats.html\" target=\"_blank\">LA RENTR\u00c9E SCOLAIRE SERA CALME : Benghebrit a le quitus des syndicats<\/a><\/p>\n<!--CusAds0-->\n<div style=\"font-size: 0px; height: 0px; line-height: 0px; margin: 0; padding: 0; clear: both;\"><\/div>","protected":false},"excerpt":{"rendered":"<p>La ministre de l&rsquo;Education nationale qui a pass\u00e9 un \u00e9t\u00e9 des plus chauds a r\u00e9ussi \u00e0 gagner la confiance des syndicats. Apr\u00e8s avoir \u00e9t\u00e9 critiqu\u00e9e tout l&rsquo;\u00e9t\u00e9 par les conservateurs, la ministre de l&rsquo;Education nationale semble avoir trouv\u00e9 le moyen d&rsquo;assurer une rentr\u00e9e tout en douceur. Nouria Benghebrit a gagn\u00e9 la confiance des syndicats et<\/p>\n","protected":false},"author":6,"featured_media":340,"comment_status":"open","ping_status":"open","sticky":false,"template":"","format":"standard","meta":{"footnotes":""},"categories":[22],"tags":[54],"class_list":["post-271","post","type-post","status-publish","format-standard","has-post-thumbnail","hentry","category-infos","tag-rentree-scolaire"],"yoast_head":"<!-- This site is optimized with the Yoast SEO plugin v27.5 - https:\/\/yoast.com\/product\/yoast-seo-wordpress\/ -->\n<title>la rentr\u00e9e scolaire sera calme : le quitus des syndicats<\/title>\n<meta name=\"description\" content=\"la rentr\u00e9e scolaire sera calme : Benghebrit a le quitus des syndicats\" \/>\n<meta name=\"robots\" content=\"index, follow, max-snippet:-1, max-image-preview:large, max-video-preview:-1\" \/>\n<link rel=\"canonical\" href=\"https:\/\/www.info-algerie.com\/actualites\/la-rentree-scolaire-sera-calme-benghebrit-a-le-quitus-des-syndicats\/\" \/>\n<meta property=\"og:locale\" content=\"fr_FR\" \/>\n<meta property=\"og:type\" content=\"article\" \/>\n<meta property=\"og:title\" content=\"la rentr\u00e9e scolaire sera calme : le quitus des syndicats\" \/>\n<meta property=\"og:description\" content=\"la rentr\u00e9e scolaire sera calme : Benghebrit a le quitus des syndicats\" \/>\n<meta property=\"og:url\" content=\"https:\/\/www.info-algerie.com\/actualites\/la-rentree-scolaire-sera-calme-benghebrit-a-le-quitus-des-syndicats\/\" \/>\n<meta property=\"og:site_name\" content=\"info algerie\" \/>\n<meta property=\"article:publisher\" content=\"https:\/\/www.facebook.com\/infoalgerieactu\" \/>\n<meta property=\"article:published_time\" content=\"2015-08-27T09:00:00+00:00\" \/>\n<meta property=\"article:modified_time\" content=\"2015-08-28T10:41:36+00:00\" \/>\n<meta property=\"og:image\" content=\"https:\/\/www.info-algerie.com\/actualites\/wp-content\/uploads\/2015\/08\/la-rentr\u00e9e-scolaire-sera-calme.jpg\" \/>\n\t<meta property=\"og:image:width\" content=\"620\" \/>\n\t<meta property=\"og:image:height\" content=\"330\" \/>\n\t<meta property=\"og:image:type\" content=\"image\/jpeg\" \/>\n<meta name=\"author\" content=\"La r\u00e9daction\" \/>\n<meta name=\"twitter:label1\" content=\"\u00c9crit par\" \/>\n\t<meta name=\"twitter:data1\" content=\"La r\u00e9daction\" \/>\n\t<meta name=\"twitter:label2\" content=\"Dur\u00e9e de lecture estim\u00e9e\" \/>\n\t<meta name=\"twitter:data2\" content=\"3 minutes\" \/>\n<script type=\"application\/ld+json\" class=\"yoast-schema-graph\">{\"@context\":\"https:\\\/\\\/schema.org\",\"@graph\":[{\"@type\":\"Article\",\"@id\":\"https:\\\/\\\/www.info-algerie.com\\\/actualites\\\/la-rentree-scolaire-sera-calme-benghebrit-a-le-quitus-des-syndicats\\\/#article\",\"isPartOf\":{\"@id\":\"https:\\\/\\\/www.info-algerie.com\\\/actualites\\\/la-rentree-scolaire-sera-calme-benghebrit-a-le-quitus-des-syndicats\\\/\"},\"author\":{\"name\":\"La r\u00e9daction\",\"@id\":\"https:\\\/\\\/www.info-algerie.com\\\/actualites\\\/#\\\/schema\\\/person\\\/847aaec44920825b843a08f30ec6aa1e\"},\"headline\":\"la rentr\u00e9e scolaire sera calme : Benghebrit a le quitus des syndicats\",\"datePublished\":\"2015-08-27T09:00:00+00:00\",\"dateModified\":\"2015-08-28T10:41:36+00:00\",\"mainEntityOfPage\":{\"@id\":\"https:\\\/\\\/www.info-algerie.com\\\/actualites\\\/la-rentree-scolaire-sera-calme-benghebrit-a-le-quitus-des-syndicats\\\/\"},\"wordCount\":657,\"commentCount\":0,\"publisher\":{\"@id\":\"https:\\\/\\\/www.info-algerie.com\\\/actualites\\\/#organization\"},\"image\":{\"@id\":\"https:\\\/\\\/www.info-algerie.com\\\/actualites\\\/la-rentree-scolaire-sera-calme-benghebrit-a-le-quitus-des-syndicats\\\/#primaryimage\"},\"thumbnailUrl\":\"https:\\\/\\\/www.info-algerie.com\\\/actualites\\\/wp-content\\\/uploads\\\/2015\\\/08\\\/la-rentr\u00e9e-scolaire-sera-calme.jpg\",\"keywords\":[\"rentr\u00e9e scolaire\"],\"articleSection\":[\"infos\"],\"inLanguage\":\"fr-FR\",\"potentialAction\":[{\"@type\":\"CommentAction\",\"name\":\"Comment\",\"target\":[\"https:\\\/\\\/www.info-algerie.com\\\/actualites\\\/la-rentree-scolaire-sera-calme-benghebrit-a-le-quitus-des-syndicats\\\/#respond\"]}]},{\"@type\":\"WebPage\",\"@id\":\"https:\\\/\\\/www.info-algerie.com\\\/actualites\\\/la-rentree-scolaire-sera-calme-benghebrit-a-le-quitus-des-syndicats\\\/\",\"url\":\"https:\\\/\\\/www.info-algerie.com\\\/actualites\\\/la-rentree-scolaire-sera-calme-benghebrit-a-le-quitus-des-syndicats\\\/\",\"name\":\"la rentr\u00e9e scolaire sera calme : le quitus des syndicats\",\"isPartOf\":{\"@id\":\"https:\\\/\\\/www.info-algerie.com\\\/actualites\\\/#website\"},\"primaryImageOfPage\":{\"@id\":\"https:\\\/\\\/www.info-algerie.com\\\/actualites\\\/la-rentree-scolaire-sera-calme-benghebrit-a-le-quitus-des-syndicats\\\/#primaryimage\"},\"image\":{\"@id\":\"https:\\\/\\\/www.info-algerie.com\\\/actualites\\\/la-rentree-scolaire-sera-calme-benghebrit-a-le-quitus-des-syndicats\\\/#primaryimage\"},\"thumbnailUrl\":\"https:\\\/\\\/www.info-algerie.com\\\/actualites\\\/wp-content\\\/uploads\\\/2015\\\/08\\\/la-rentr\u00e9e-scolaire-sera-calme.jpg\",\"datePublished\":\"2015-08-27T09:00:00+00:00\",\"dateModified\":\"2015-08-28T10:41:36+00:00\",\"description\":\"la rentr\u00e9e scolaire sera calme : Benghebrit a le quitus des syndicats\",\"breadcrumb\":{\"@id\":\"https:\\\/\\\/www.info-algerie.com\\\/actualites\\\/la-rentree-scolaire-sera-calme-benghebrit-a-le-quitus-des-syndicats\\\/#breadcrumb\"},\"inLanguage\":\"fr-FR\",\"potentialAction\":[{\"@type\":\"ReadAction\",\"target\":[\"https:\\\/\\\/www.info-algerie.com\\\/actualites\\\/la-rentree-scolaire-sera-calme-benghebrit-a-le-quitus-des-syndicats\\\/\"]}]},{\"@type\":\"ImageObject\",\"inLanguage\":\"fr-FR\",\"@id\":\"https:\\\/\\\/www.info-algerie.com\\\/actualites\\\/la-rentree-scolaire-sera-calme-benghebrit-a-le-quitus-des-syndicats\\\/#primaryimage\",\"url\":\"https:\\\/\\\/www.info-algerie.com\\\/actualites\\\/wp-content\\\/uploads\\\/2015\\\/08\\\/la-rentr\u00e9e-scolaire-sera-calme.jpg\",\"contentUrl\":\"https:\\\/\\\/www.info-algerie.com\\\/actualites\\\/wp-content\\\/uploads\\\/2015\\\/08\\\/la-rentr\u00e9e-scolaire-sera-calme.jpg\",\"width\":620,\"height\":330,\"caption\":\"la rentr\u00e9e scolaire sera calme\"},{\"@type\":\"BreadcrumbList\",\"@id\":\"https:\\\/\\\/www.info-algerie.com\\\/actualites\\\/la-rentree-scolaire-sera-calme-benghebrit-a-le-quitus-des-syndicats\\\/#breadcrumb\",\"itemListElement\":[{\"@type\":\"ListItem\",\"position\":1,\"name\":\"Accueil\",\"item\":\"https:\\\/\\\/www.info-algerie.com\\\/actualites\\\/\"},{\"@type\":\"ListItem\",\"position\":2,\"name\":\"la rentr\u00e9e scolaire sera calme : Benghebrit a le quitus des syndicats\"}]},{\"@type\":\"WebSite\",\"@id\":\"https:\\\/\\\/www.info-algerie.com\\\/actualites\\\/#website\",\"url\":\"https:\\\/\\\/www.info-algerie.com\\\/actualites\\\/\",\"name\":\"info algerie\",\"description\":\"Toutes les actualit\u00e9s\",\"publisher\":{\"@id\":\"https:\\\/\\\/www.info-algerie.com\\\/actualites\\\/#organization\"},\"potentialAction\":[{\"@type\":\"SearchAction\",\"target\":{\"@type\":\"EntryPoint\",\"urlTemplate\":\"https:\\\/\\\/www.info-algerie.com\\\/actualites\\\/?s={search_term_string}\"},\"query-input\":{\"@type\":\"PropertyValueSpecification\",\"valueRequired\":true,\"valueName\":\"search_term_string\"}}],\"inLanguage\":\"fr-FR\"},{\"@type\":\"Organization\",\"@id\":\"https:\\\/\\\/www.info-algerie.com\\\/actualites\\\/#organization\",\"name\":\"info algerie\",\"url\":\"https:\\\/\\\/www.info-algerie.com\\\/actualites\\\/\",\"logo\":{\"@type\":\"ImageObject\",\"inLanguage\":\"fr-FR\",\"@id\":\"https:\\\/\\\/www.info-algerie.com\\\/actualites\\\/#\\\/schema\\\/logo\\\/image\\\/\",\"url\":\"https:\\\/\\\/www.info-algerie.com\\\/actualites\\\/wp-content\\\/uploads\\\/2022\\\/07\\\/logo-ia-120.png\",\"contentUrl\":\"https:\\\/\\\/www.info-algerie.com\\\/actualites\\\/wp-content\\\/uploads\\\/2022\\\/07\\\/logo-ia-120.png\",\"width\":120,\"height\":43,\"caption\":\"info algerie\"},\"image\":{\"@id\":\"https:\\\/\\\/www.info-algerie.com\\\/actualites\\\/#\\\/schema\\\/logo\\\/image\\\/\"},\"sameAs\":[\"https:\\\/\\\/www.facebook.com\\\/infoalgerieactu\",\"https:\\\/\\\/x.com\\\/infoalgerie1\"]},{\"@type\":\"Person\",\"@id\":\"https:\\\/\\\/www.info-algerie.com\\\/actualites\\\/#\\\/schema\\\/person\\\/847aaec44920825b843a08f30ec6aa1e\",\"name\":\"La r\u00e9daction\",\"image\":{\"@type\":\"ImageObject\",\"inLanguage\":\"fr-FR\",\"@id\":\"https:\\\/\\\/secure.gravatar.com\\\/avatar\\\/769db425c6f465158149f1ffd6cf61ce7a8a879d11dfbef8288af36dfddd418c?s=96&d=mm&r=g\",\"url\":\"https:\\\/\\\/secure.gravatar.com\\\/avatar\\\/769db425c6f465158149f1ffd6cf61ce7a8a879d11dfbef8288af36dfddd418c?s=96&d=mm&r=g\",\"contentUrl\":\"https:\\\/\\\/secure.gravatar.com\\\/avatar\\\/769db425c6f465158149f1ffd6cf61ce7a8a879d11dfbef8288af36dfddd418c?s=96&d=mm&r=g\",\"caption\":\"La r\u00e9daction\"},\"sameAs\":[\"http:\\\/\\\/www.lkeria.com\\\/\"],\"url\":\"https:\\\/\\\/www.info-algerie.com\\\/actualites\\\/author\\\/chakib32\\\/\"}]}<\/script>\n<!-- \/ Yoast SEO plugin. -->","yoast_head_json":{"title":"la rentr\u00e9e scolaire sera calme : le quitus des syndicats","description":"la rentr\u00e9e scolaire sera calme : Benghebrit a le quitus des syndicats","robots":{"index":"index","follow":"follow","max-snippet":"max-snippet:-1","max-image-preview":"max-image-preview:large","max-video-preview":"max-video-preview:-1"},"canonical":"https:\/\/www.info-algerie.com\/actualites\/la-rentree-scolaire-sera-calme-benghebrit-a-le-quitus-des-syndicats\/","og_locale":"fr_FR","og_type":"article","og_title":"la rentr\u00e9e scolaire sera calme : le quitus des syndicats","og_description":"la rentr\u00e9e scolaire sera calme : Benghebrit a le quitus des syndicats","og_url":"https:\/\/www.info-algerie.com\/actualites\/la-rentree-scolaire-sera-calme-benghebrit-a-le-quitus-des-syndicats\/","og_site_name":"info algerie","article_publisher":"https:\/\/www.facebook.com\/infoalgerieactu","article_published_time":"2015-08-27T09:00:00+00:00","article_modified_time":"2015-08-28T10:41:36+00:00","og_image":[{"width":620,"height":330,"url":"https:\/\/www.info-algerie.com\/actualites\/wp-content\/uploads\/2015\/08\/la-rentr\u00e9e-scolaire-sera-calme.jpg","type":"image\/jpeg"}],"author":"La r\u00e9daction","twitter_misc":{"\u00c9crit par":"La r\u00e9daction","Dur\u00e9e de lecture estim\u00e9e":"3 minutes"},"schema":{"@context":"https:\/\/schema.org","@graph":[{"@type":"Article","@id":"https:\/\/www.info-algerie.com\/actualites\/la-rentree-scolaire-sera-calme-benghebrit-a-le-quitus-des-syndicats\/#article","isPartOf":{"@id":"https:\/\/www.info-algerie.com\/actualites\/la-rentree-scolaire-sera-calme-benghebrit-a-le-quitus-des-syndicats\/"},"author":{"name":"La r\u00e9daction","@id":"https:\/\/www.info-algerie.com\/actualites\/#\/schema\/person\/847aaec44920825b843a08f30ec6aa1e"},"headline":"la rentr\u00e9e scolaire sera calme : Benghebrit a le quitus des syndicats","datePublished":"2015-08-27T09:00:00+00:00","dateModified":"2015-08-28T10:41:36+00:00","mainEntityOfPage":{"@id":"https:\/\/www.info-algerie.com\/actualites\/la-rentree-scolaire-sera-calme-benghebrit-a-le-quitus-des-syndicats\/"},"wordCount":657,"commentCount":0,"publisher":{"@id":"https:\/\/www.info-algerie.com\/actualites\/#organization"},"image":{"@id":"https:\/\/www.info-algerie.com\/actualites\/la-rentree-scolaire-sera-calme-benghebrit-a-le-quitus-des-syndicats\/#primaryimage"},"thumbnailUrl":"https:\/\/www.info-algerie.com\/actualites\/wp-content\/uploads\/2015\/08\/la-rentr\u00e9e-scolaire-sera-calme.jpg","keywords":["rentr\u00e9e scolaire"],"articleSection":["infos"],"inLanguage":"fr-FR","potentialAction":[{"@type":"CommentAction","name":"Comment","target":["https:\/\/www.info-algerie.com\/actualites\/la-rentree-scolaire-sera-calme-benghebrit-a-le-quitus-des-syndicats\/#respond"]}]},{"@type":"WebPage","@id":"https:\/\/www.info-algerie.com\/actualites\/la-rentree-scolaire-sera-calme-benghebrit-a-le-quitus-des-syndicats\/","url":"https:\/\/www.info-algerie.com\/actualites\/la-rentree-scolaire-sera-calme-benghebrit-a-le-quitus-des-syndicats\/","name":"la rentr\u00e9e scolaire sera calme : le quitus des syndicats","isPartOf":{"@id":"https:\/\/www.info-algerie.com\/actualites\/#website"},"primaryImageOfPage":{"@id":"https:\/\/www.info-algerie.com\/actualites\/la-rentree-scolaire-sera-calme-benghebrit-a-le-quitus-des-syndicats\/#primaryimage"},"image":{"@id":"https:\/\/www.info-algerie.com\/actualites\/la-rentree-scolaire-sera-calme-benghebrit-a-le-quitus-des-syndicats\/#primaryimage"},"thumbnailUrl":"https:\/\/www.info-algerie.com\/actualites\/wp-content\/uploads\/2015\/08\/la-rentr\u00e9e-scolaire-sera-calme.jpg","datePublished":"2015-08-27T09:00:00+00:00","dateModified":"2015-08-28T10:41:36+00:00","description":"la rentr\u00e9e scolaire sera calme : Benghebrit a le quitus des syndicats","breadcrumb":{"@id":"https:\/\/www.info-algerie.com\/actualites\/la-rentree-scolaire-sera-calme-benghebrit-a-le-quitus-des-syndicats\/#breadcrumb"},"inLanguage":"fr-FR","potentialAction":[{"@type":"ReadAction","target":["https:\/\/www.info-algerie.com\/actualites\/la-rentree-scolaire-sera-calme-benghebrit-a-le-quitus-des-syndicats\/"]}]},{"@type":"ImageObject","inLanguage":"fr-FR","@id":"https:\/\/www.info-algerie.com\/actualites\/la-rentree-scolaire-sera-calme-benghebrit-a-le-quitus-des-syndicats\/#primaryimage","url":"https:\/\/www.info-algerie.com\/actualites\/wp-content\/uploads\/2015\/08\/la-rentr\u00e9e-scolaire-sera-calme.jpg","contentUrl":"https:\/\/www.info-algerie.com\/actualites\/wp-content\/uploads\/2015\/08\/la-rentr\u00e9e-scolaire-sera-calme.jpg","width":620,"height":330,"caption":"la rentr\u00e9e scolaire sera calme"},{"@type":"BreadcrumbList","@id":"https:\/\/www.info-algerie.com\/actualites\/la-rentree-scolaire-sera-calme-benghebrit-a-le-quitus-des-syndicats\/#breadcrumb","itemListElement":[{"@type":"ListItem","position":1,"name":"Accueil","item":"https:\/\/www.info-algerie.com\/actualites\/"},{"@type":"ListItem","position":2,"name":"la rentr\u00e9e scolaire sera calme : Benghebrit a le quitus des syndicats"}]},{"@type":"WebSite","@id":"https:\/\/www.info-algerie.com\/actualites\/#website","url":"https:\/\/www.info-algerie.com\/actualites\/","name":"info algerie","description":"Toutes les actualit\u00e9s","publisher":{"@id":"https:\/\/www.info-algerie.com\/actualites\/#organization"},"potentialAction":[{"@type":"SearchAction","target":{"@type":"EntryPoint","urlTemplate":"https:\/\/www.info-algerie.com\/actualites\/?s={search_term_string}"},"query-input":{"@type":"PropertyValueSpecification","valueRequired":true,"valueName":"search_term_string"}}],"inLanguage":"fr-FR"},{"@type":"Organization","@id":"https:\/\/www.info-algerie.com\/actualites\/#organization","name":"info algerie","url":"https:\/\/www.info-algerie.com\/actualites\/","logo":{"@type":"ImageObject","inLanguage":"fr-FR","@id":"https:\/\/www.info-algerie.com\/actualites\/#\/schema\/logo\/image\/","url":"https:\/\/www.info-algerie.com\/actualites\/wp-content\/uploads\/2022\/07\/logo-ia-120.png","contentUrl":"https:\/\/www.info-algerie.com\/actualites\/wp-content\/uploads\/2022\/07\/logo-ia-120.png","width":120,"height":43,"caption":"info algerie"},"image":{"@id":"https:\/\/www.info-algerie.com\/actualites\/#\/schema\/logo\/image\/"},"sameAs":["https:\/\/www.facebook.com\/infoalgerieactu","https:\/\/x.com\/infoalgerie1"]},{"@type":"Person","@id":"https:\/\/www.info-algerie.com\/actualites\/#\/schema\/person\/847aaec44920825b843a08f30ec6aa1e","name":"La r\u00e9daction","image":{"@type":"ImageObject","inLanguage":"fr-FR","@id":"https:\/\/secure.gravatar.com\/avatar\/769db425c6f465158149f1ffd6cf61ce7a8a879d11dfbef8288af36dfddd418c?s=96&d=mm&r=g","url":"https:\/\/secure.gravatar.com\/avatar\/769db425c6f465158149f1ffd6cf61ce7a8a879d11dfbef8288af36dfddd418c?s=96&d=mm&r=g","contentUrl":"https:\/\/secure.gravatar.com\/avatar\/769db425c6f465158149f1ffd6cf61ce7a8a879d11dfbef8288af36dfddd418c?s=96&d=mm&r=g","caption":"La r\u00e9daction"},"sameAs":["http:\/\/www.lkeria.com\/"],"url":"https:\/\/www.info-algerie.com\/actualites\/author\/chakib32\/"}]}},"_links":{"self":[{"href":"https:\/\/www.info-algerie.com\/actualites\/wp-json\/wp\/v2\/posts\/271","targetHints":{"allow":["GET"]}}],"collection":[{"href":"https:\/\/www.info-algerie.com\/actualites\/wp-json\/wp\/v2\/posts"}],"about":[{"href":"https:\/\/www.info-algerie.com\/actualites\/wp-json\/wp\/v2\/types\/post"}],"author":[{"embeddable":true,"href":"https:\/\/www.info-algerie.com\/actualites\/wp-json\/wp\/v2\/users\/6"}],"replies":[{"embeddable":true,"href":"https:\/\/www.info-algerie.com\/actualites\/wp-json\/wp\/v2\/comments?post=271"}],"version-history":[{"count":3,"href":"https:\/\/www.info-algerie.com\/actualites\/wp-json\/wp\/v2\/posts\/271\/revisions"}],"predecessor-version":[{"id":345,"href":"https:\/\/www.info-algerie.com\/actualites\/wp-json\/wp\/v2\/posts\/271\/revisions\/345"}],"wp:featuredmedia":[{"embeddable":true,"href":"https:\/\/www.info-algerie.com\/actualites\/wp-json\/wp\/v2\/media\/340"}],"wp:attachment":[{"href":"https:\/\/www.info-algerie.com\/actualites\/wp-json\/wp\/v2\/media?parent=271"}],"wp:term":[{"taxonomy":"category","embeddable":true,"href":"https:\/\/www.info-algerie.com\/actualites\/wp-json\/wp\/v2\/categories?post=271"},{"taxonomy":"post_tag","embeddable":true,"href":"https:\/\/www.info-algerie.com\/actualites\/wp-json\/wp\/v2\/tags?post=271"}],"curies":[{"name":"wp","href":"https:\/\/api.w.org\/{rel}","templated":true}]}}