{"id":27108,"date":"2022-03-03T17:19:00","date_gmt":"2022-03-03T16:19:00","guid":{"rendered":"https:\/\/www.info-algerie.com\/actualites\/reprise-des-vols-a-destination-de-dakar-et-de-nouakchott\/"},"modified":"2022-03-05T08:35:07","modified_gmt":"2022-03-05T07:35:07","slug":"reprise-des-vols-a-destination-de-dakar-et-de-nouakchott","status":"publish","type":"post","link":"https:\/\/www.info-algerie.com\/actualites\/reprise-des-vols-a-destination-de-dakar-et-de-nouakchott\/","title":{"rendered":"Reprise des vols \u00e0 destination de Dakar et de Nouakchott"},"content":{"rendered":"\n<p>Le minist\u00e8re des Transports a annonc\u00e9, jeudi\u00a0dans un communiqu\u00e9, la reprise des vols d&rsquo;Air Alg\u00e9rie \u00e0 destination du\u00a0S\u00e9n\u00e9gal (Dakar) et de Mauritanie (Nouakchott), \u00e0 compter du dimanche 27\u00a0mars 2022.<\/p>\n\n\n\n<p><em>\u00ab\u00a0Sur instruction du pr\u00e9sident de la R\u00e9publique, et dans le cadre des\u00a0efforts du gouvernement visant \u00e0 renforcer le programme des vols d&rsquo;Air\u00a0d&rsquo;Alg\u00e9rie vers diff\u00e9rentes destinations internationales, le minist\u00e8re des\u00a0Transports annonce la reprise des vols r\u00e9guliers vers le S\u00e9n\u00e9gal (Dakar) et\u00a0la Mauritanie (Nouakchott) \u00e0 compter du dimanche 27 mars 2022\u00a0\u00bb<\/em>, a pr\u00e9cis\u00e9\u00a0le communiqu\u00e9.\u00a0<\/p>\n\n\n\n<p>La reprise de ces vols est pr\u00e9vue selon un programme pr\u00e9d\u00e9fini, \u00e0 savoir:\u00a0un vol hebdomadaire \u00ab\u00a0Alger-Nouakchott\u00a0\u00bb (mercredi) et un vol hebdomadaire\u00a0\u00ab\u00a0Nouakchott-Alger\u00a0\u00bb (jeudi).\u00a0Concernant le programme de vols vers le S\u00e9n\u00e9gal, le programme pr\u00e9voit un\u00a0vol hebdomadaire \u00ab\u00a0Alger-Dakar\u00a0\u00bb (dimanche)\u00a0 et un vol hebdomadaire\u00a0\u00ab\u00a0Dakar-Alger\u00a0\u00bb (lundi).\u00a0<em>\u00ab\u00a0Air Alg\u00e9rie mettra en place un programme sp\u00e9cial pour les vols de et vers\u00a0Dakar, qui soit adapt\u00e9 au vol Laghouat-Alger pour relier directement les\u00a0deux vols\u00a0\u00bb,<\/em>\u00a0a ajout\u00e9 le communiqu\u00e9.<\/p>\n\n\n\n<p>Source: <a href=\"https:\/\/www.liberte-algerie.com\/actualite\/reprise-des-vols-a-destination-de-dakar-et-de-nouakchott-374285\" target=\"_blank\" rel=\"noopener\">Reprise des vols \u00e0 destination de Dakar et de Nouakchott<\/a><\/p>\n<!--CusAds0-->\n<div style=\"font-size: 0px; height: 0px; line-height: 0px; margin: 0; padding: 0; clear: both;\"><\/div>","protected":false},"excerpt":{"rendered":"<p>Le minist\u00e8re des Transports a annonc\u00e9, jeudi\u00a0dans un communiqu\u00e9, la reprise des vols d&rsquo;Air Alg\u00e9rie \u00e0 destination du\u00a0S\u00e9n\u00e9gal (Dakar) et de Mauritanie (Nouakchott), \u00e0 compter du dimanche 27\u00a0mars 2022. \u00ab\u00a0Sur instruction du pr\u00e9sident de la R\u00e9publique, et dans le cadre des\u00a0efforts du gouvernement visant \u00e0 renforcer le programme des vols d&rsquo;Air\u00a0d&rsquo;Alg\u00e9rie vers diff\u00e9rentes destinations internationales,<\/p>\n","protected":false},"author":6,"featured_media":27125,"comment_status":"open","ping_status":"open","sticky":false,"template":"","format":"standard","meta":{"footnotes":""},"categories":[22],"tags":[250,249,251,248],"class_list":["post-27108","post","type-post","status-publish","format-standard","has-post-thumbnail","hentry","category-infos","tag-air-algerie","tag-dakar","tag-nouakchott","tag-reprise-des-vols"],"yoast_head":"<!-- This site is optimized with the Yoast SEO plugin v27.5 - https:\/\/yoast.com\/product\/yoast-seo-wordpress\/ -->\n<title>Reprise des vols \u00e0 destination de Dakar et de Nouakchott - info algerie<\/title>\n<meta name=\"description\" content=\"Le minist\u00e8re des Transports a annonc\u00e9 la reprise des vols d&#039;Air Alg\u00e9rie \u00e0 destination du S\u00e9n\u00e9gal (Dakar) et de Mauritanie (Nouakchott)\" \/>\n<meta name=\"robots\" content=\"index, follow, max-snippet:-1, max-image-preview:large, max-video-preview:-1\" \/>\n<link rel=\"canonical\" href=\"https:\/\/www.info-algerie.com\/actualites\/reprise-des-vols-a-destination-de-dakar-et-de-nouakchott\/\" \/>\n<meta property=\"og:locale\" content=\"fr_FR\" \/>\n<meta property=\"og:type\" content=\"article\" \/>\n<meta property=\"og:title\" content=\"Reprise des vols \u00e0 destination de Dakar et de Nouakchott - info algerie\" \/>\n<meta property=\"og:description\" content=\"Le minist\u00e8re des Transports a annonc\u00e9 la reprise des vols d&#039;Air Alg\u00e9rie \u00e0 destination du S\u00e9n\u00e9gal (Dakar) et de Mauritanie (Nouakchott)\" \/>\n<meta property=\"og:url\" content=\"https:\/\/www.info-algerie.com\/actualites\/reprise-des-vols-a-destination-de-dakar-et-de-nouakchott\/\" \/>\n<meta property=\"og:site_name\" content=\"info algerie\" \/>\n<meta property=\"article:publisher\" content=\"https:\/\/www.facebook.com\/infoalgerieactu\" \/>\n<meta property=\"article:published_time\" content=\"2022-03-03T16:19:00+00:00\" \/>\n<meta property=\"article:modified_time\" content=\"2022-03-05T07:35:07+00:00\" \/>\n<meta property=\"og:image\" content=\"https:\/\/www.info-algerie.com\/actualites\/wp-content\/uploads\/2022\/03\/reprise-des-vols-a-destination-de-dakar-et-de-nouakchott.jpg\" \/>\n\t<meta property=\"og:image:width\" content=\"620\" \/>\n\t<meta property=\"og:image:height\" content=\"410\" \/>\n\t<meta property=\"og:image:type\" content=\"image\/jpeg\" \/>\n<meta name=\"author\" content=\"La r\u00e9daction\" \/>\n<meta name=\"twitter:label1\" content=\"\u00c9crit par\" \/>\n\t<meta name=\"twitter:data1\" content=\"La r\u00e9daction\" \/>\n\t<meta name=\"twitter:label2\" content=\"Dur\u00e9e de lecture estim\u00e9e\" \/>\n\t<meta name=\"twitter:data2\" content=\"1 minute\" \/>\n<script type=\"application\/ld+json\" class=\"yoast-schema-graph\">{\"@context\":\"https:\\\/\\\/schema.org\",\"@graph\":[{\"@type\":\"Article\",\"@id\":\"https:\\\/\\\/www.info-algerie.com\\\/actualites\\\/reprise-des-vols-a-destination-de-dakar-et-de-nouakchott\\\/#article\",\"isPartOf\":{\"@id\":\"https:\\\/\\\/www.info-algerie.com\\\/actualites\\\/reprise-des-vols-a-destination-de-dakar-et-de-nouakchott\\\/\"},\"author\":{\"name\":\"La r\u00e9daction\",\"@id\":\"https:\\\/\\\/www.info-algerie.com\\\/actualites\\\/#\\\/schema\\\/person\\\/847aaec44920825b843a08f30ec6aa1e\"},\"headline\":\"Reprise des vols \u00e0 destination de Dakar et de Nouakchott\",\"datePublished\":\"2022-03-03T16:19:00+00:00\",\"dateModified\":\"2022-03-05T07:35:07+00:00\",\"mainEntityOfPage\":{\"@id\":\"https:\\\/\\\/www.info-algerie.com\\\/actualites\\\/reprise-des-vols-a-destination-de-dakar-et-de-nouakchott\\\/\"},\"wordCount\":200,\"commentCount\":0,\"publisher\":{\"@id\":\"https:\\\/\\\/www.info-algerie.com\\\/actualites\\\/#organization\"},\"image\":{\"@id\":\"https:\\\/\\\/www.info-algerie.com\\\/actualites\\\/reprise-des-vols-a-destination-de-dakar-et-de-nouakchott\\\/#primaryimage\"},\"thumbnailUrl\":\"https:\\\/\\\/www.info-algerie.com\\\/actualites\\\/wp-content\\\/uploads\\\/2022\\\/03\\\/reprise-des-vols-a-destination-de-dakar-et-de-nouakchott.jpg\",\"keywords\":[\"air algerie\",\"dakar\",\"nouakchott\",\"Reprise des vols\"],\"articleSection\":[\"infos\"],\"inLanguage\":\"fr-FR\",\"potentialAction\":[{\"@type\":\"CommentAction\",\"name\":\"Comment\",\"target\":[\"https:\\\/\\\/www.info-algerie.com\\\/actualites\\\/reprise-des-vols-a-destination-de-dakar-et-de-nouakchott\\\/#respond\"]}]},{\"@type\":\"WebPage\",\"@id\":\"https:\\\/\\\/www.info-algerie.com\\\/actualites\\\/reprise-des-vols-a-destination-de-dakar-et-de-nouakchott\\\/\",\"url\":\"https:\\\/\\\/www.info-algerie.com\\\/actualites\\\/reprise-des-vols-a-destination-de-dakar-et-de-nouakchott\\\/\",\"name\":\"Reprise des vols \u00e0 destination de Dakar et de Nouakchott - info algerie\",\"isPartOf\":{\"@id\":\"https:\\\/\\\/www.info-algerie.com\\\/actualites\\\/#website\"},\"primaryImageOfPage\":{\"@id\":\"https:\\\/\\\/www.info-algerie.com\\\/actualites\\\/reprise-des-vols-a-destination-de-dakar-et-de-nouakchott\\\/#primaryimage\"},\"image\":{\"@id\":\"https:\\\/\\\/www.info-algerie.com\\\/actualites\\\/reprise-des-vols-a-destination-de-dakar-et-de-nouakchott\\\/#primaryimage\"},\"thumbnailUrl\":\"https:\\\/\\\/www.info-algerie.com\\\/actualites\\\/wp-content\\\/uploads\\\/2022\\\/03\\\/reprise-des-vols-a-destination-de-dakar-et-de-nouakchott.jpg\",\"datePublished\":\"2022-03-03T16:19:00+00:00\",\"dateModified\":\"2022-03-05T07:35:07+00:00\",\"description\":\"Le minist\u00e8re des Transports a annonc\u00e9 la reprise des vols d'Air Alg\u00e9rie \u00e0 destination du S\u00e9n\u00e9gal (Dakar) et de Mauritanie (Nouakchott)\",\"breadcrumb\":{\"@id\":\"https:\\\/\\\/www.info-algerie.com\\\/actualites\\\/reprise-des-vols-a-destination-de-dakar-et-de-nouakchott\\\/#breadcrumb\"},\"inLanguage\":\"fr-FR\",\"potentialAction\":[{\"@type\":\"ReadAction\",\"target\":[\"https:\\\/\\\/www.info-algerie.com\\\/actualites\\\/reprise-des-vols-a-destination-de-dakar-et-de-nouakchott\\\/\"]}]},{\"@type\":\"ImageObject\",\"inLanguage\":\"fr-FR\",\"@id\":\"https:\\\/\\\/www.info-algerie.com\\\/actualites\\\/reprise-des-vols-a-destination-de-dakar-et-de-nouakchott\\\/#primaryimage\",\"url\":\"https:\\\/\\\/www.info-algerie.com\\\/actualites\\\/wp-content\\\/uploads\\\/2022\\\/03\\\/reprise-des-vols-a-destination-de-dakar-et-de-nouakchott.jpg\",\"contentUrl\":\"https:\\\/\\\/www.info-algerie.com\\\/actualites\\\/wp-content\\\/uploads\\\/2022\\\/03\\\/reprise-des-vols-a-destination-de-dakar-et-de-nouakchott.jpg\",\"width\":620,\"height\":410,\"caption\":\"Reprise des vols\"},{\"@type\":\"BreadcrumbList\",\"@id\":\"https:\\\/\\\/www.info-algerie.com\\\/actualites\\\/reprise-des-vols-a-destination-de-dakar-et-de-nouakchott\\\/#breadcrumb\",\"itemListElement\":[{\"@type\":\"ListItem\",\"position\":1,\"name\":\"Accueil\",\"item\":\"https:\\\/\\\/www.info-algerie.com\\\/actualites\\\/\"},{\"@type\":\"ListItem\",\"position\":2,\"name\":\"Reprise des vols \u00e0 destination de Dakar et de Nouakchott\"}]},{\"@type\":\"WebSite\",\"@id\":\"https:\\\/\\\/www.info-algerie.com\\\/actualites\\\/#website\",\"url\":\"https:\\\/\\\/www.info-algerie.com\\\/actualites\\\/\",\"name\":\"info algerie\",\"description\":\"Toutes les actualit\u00e9s\",\"publisher\":{\"@id\":\"https:\\\/\\\/www.info-algerie.com\\\/actualites\\\/#organization\"},\"potentialAction\":[{\"@type\":\"SearchAction\",\"target\":{\"@type\":\"EntryPoint\",\"urlTemplate\":\"https:\\\/\\\/www.info-algerie.com\\\/actualites\\\/?s={search_term_string}\"},\"query-input\":{\"@type\":\"PropertyValueSpecification\",\"valueRequired\":true,\"valueName\":\"search_term_string\"}}],\"inLanguage\":\"fr-FR\"},{\"@type\":\"Organization\",\"@id\":\"https:\\\/\\\/www.info-algerie.com\\\/actualites\\\/#organization\",\"name\":\"info algerie\",\"url\":\"https:\\\/\\\/www.info-algerie.com\\\/actualites\\\/\",\"logo\":{\"@type\":\"ImageObject\",\"inLanguage\":\"fr-FR\",\"@id\":\"https:\\\/\\\/www.info-algerie.com\\\/actualites\\\/#\\\/schema\\\/logo\\\/image\\\/\",\"url\":\"https:\\\/\\\/www.info-algerie.com\\\/actualites\\\/wp-content\\\/uploads\\\/2022\\\/07\\\/logo-ia-120.png\",\"contentUrl\":\"https:\\\/\\\/www.info-algerie.com\\\/actualites\\\/wp-content\\\/uploads\\\/2022\\\/07\\\/logo-ia-120.png\",\"width\":120,\"height\":43,\"caption\":\"info algerie\"},\"image\":{\"@id\":\"https:\\\/\\\/www.info-algerie.com\\\/actualites\\\/#\\\/schema\\\/logo\\\/image\\\/\"},\"sameAs\":[\"https:\\\/\\\/www.facebook.com\\\/infoalgerieactu\",\"https:\\\/\\\/x.com\\\/infoalgerie1\"]},{\"@type\":\"Person\",\"@id\":\"https:\\\/\\\/www.info-algerie.com\\\/actualites\\\/#\\\/schema\\\/person\\\/847aaec44920825b843a08f30ec6aa1e\",\"name\":\"La r\u00e9daction\",\"image\":{\"@type\":\"ImageObject\",\"inLanguage\":\"fr-FR\",\"@id\":\"https:\\\/\\\/secure.gravatar.com\\\/avatar\\\/769db425c6f465158149f1ffd6cf61ce7a8a879d11dfbef8288af36dfddd418c?s=96&d=mm&r=g\",\"url\":\"https:\\\/\\\/secure.gravatar.com\\\/avatar\\\/769db425c6f465158149f1ffd6cf61ce7a8a879d11dfbef8288af36dfddd418c?s=96&d=mm&r=g\",\"contentUrl\":\"https:\\\/\\\/secure.gravatar.com\\\/avatar\\\/769db425c6f465158149f1ffd6cf61ce7a8a879d11dfbef8288af36dfddd418c?s=96&d=mm&r=g\",\"caption\":\"La r\u00e9daction\"},\"sameAs\":[\"http:\\\/\\\/www.lkeria.com\\\/\"],\"url\":\"https:\\\/\\\/www.info-algerie.com\\\/actualites\\\/author\\\/chakib32\\\/\"}]}<\/script>\n<!-- \/ Yoast SEO plugin. -->","yoast_head_json":{"title":"Reprise des vols \u00e0 destination de Dakar et de Nouakchott - info algerie","description":"Le minist\u00e8re des Transports a annonc\u00e9 la reprise des vols d'Air Alg\u00e9rie \u00e0 destination du S\u00e9n\u00e9gal (Dakar) et de Mauritanie (Nouakchott)","robots":{"index":"index","follow":"follow","max-snippet":"max-snippet:-1","max-image-preview":"max-image-preview:large","max-video-preview":"max-video-preview:-1"},"canonical":"https:\/\/www.info-algerie.com\/actualites\/reprise-des-vols-a-destination-de-dakar-et-de-nouakchott\/","og_locale":"fr_FR","og_type":"article","og_title":"Reprise des vols \u00e0 destination de Dakar et de Nouakchott - info algerie","og_description":"Le minist\u00e8re des Transports a annonc\u00e9 la reprise des vols d'Air Alg\u00e9rie \u00e0 destination du S\u00e9n\u00e9gal (Dakar) et de Mauritanie (Nouakchott)","og_url":"https:\/\/www.info-algerie.com\/actualites\/reprise-des-vols-a-destination-de-dakar-et-de-nouakchott\/","og_site_name":"info algerie","article_publisher":"https:\/\/www.facebook.com\/infoalgerieactu","article_published_time":"2022-03-03T16:19:00+00:00","article_modified_time":"2022-03-05T07:35:07+00:00","og_image":[{"width":620,"height":410,"url":"https:\/\/www.info-algerie.com\/actualites\/wp-content\/uploads\/2022\/03\/reprise-des-vols-a-destination-de-dakar-et-de-nouakchott.jpg","type":"image\/jpeg"}],"author":"La r\u00e9daction","twitter_misc":{"\u00c9crit par":"La r\u00e9daction","Dur\u00e9e de lecture estim\u00e9e":"1 minute"},"schema":{"@context":"https:\/\/schema.org","@graph":[{"@type":"Article","@id":"https:\/\/www.info-algerie.com\/actualites\/reprise-des-vols-a-destination-de-dakar-et-de-nouakchott\/#article","isPartOf":{"@id":"https:\/\/www.info-algerie.com\/actualites\/reprise-des-vols-a-destination-de-dakar-et-de-nouakchott\/"},"author":{"name":"La r\u00e9daction","@id":"https:\/\/www.info-algerie.com\/actualites\/#\/schema\/person\/847aaec44920825b843a08f30ec6aa1e"},"headline":"Reprise des vols \u00e0 destination de Dakar et de Nouakchott","datePublished":"2022-03-03T16:19:00+00:00","dateModified":"2022-03-05T07:35:07+00:00","mainEntityOfPage":{"@id":"https:\/\/www.info-algerie.com\/actualites\/reprise-des-vols-a-destination-de-dakar-et-de-nouakchott\/"},"wordCount":200,"commentCount":0,"publisher":{"@id":"https:\/\/www.info-algerie.com\/actualites\/#organization"},"image":{"@id":"https:\/\/www.info-algerie.com\/actualites\/reprise-des-vols-a-destination-de-dakar-et-de-nouakchott\/#primaryimage"},"thumbnailUrl":"https:\/\/www.info-algerie.com\/actualites\/wp-content\/uploads\/2022\/03\/reprise-des-vols-a-destination-de-dakar-et-de-nouakchott.jpg","keywords":["air algerie","dakar","nouakchott","Reprise des vols"],"articleSection":["infos"],"inLanguage":"fr-FR","potentialAction":[{"@type":"CommentAction","name":"Comment","target":["https:\/\/www.info-algerie.com\/actualites\/reprise-des-vols-a-destination-de-dakar-et-de-nouakchott\/#respond"]}]},{"@type":"WebPage","@id":"https:\/\/www.info-algerie.com\/actualites\/reprise-des-vols-a-destination-de-dakar-et-de-nouakchott\/","url":"https:\/\/www.info-algerie.com\/actualites\/reprise-des-vols-a-destination-de-dakar-et-de-nouakchott\/","name":"Reprise des vols \u00e0 destination de Dakar et de Nouakchott - info algerie","isPartOf":{"@id":"https:\/\/www.info-algerie.com\/actualites\/#website"},"primaryImageOfPage":{"@id":"https:\/\/www.info-algerie.com\/actualites\/reprise-des-vols-a-destination-de-dakar-et-de-nouakchott\/#primaryimage"},"image":{"@id":"https:\/\/www.info-algerie.com\/actualites\/reprise-des-vols-a-destination-de-dakar-et-de-nouakchott\/#primaryimage"},"thumbnailUrl":"https:\/\/www.info-algerie.com\/actualites\/wp-content\/uploads\/2022\/03\/reprise-des-vols-a-destination-de-dakar-et-de-nouakchott.jpg","datePublished":"2022-03-03T16:19:00+00:00","dateModified":"2022-03-05T07:35:07+00:00","description":"Le minist\u00e8re des Transports a annonc\u00e9 la reprise des vols d'Air Alg\u00e9rie \u00e0 destination du S\u00e9n\u00e9gal (Dakar) et de Mauritanie (Nouakchott)","breadcrumb":{"@id":"https:\/\/www.info-algerie.com\/actualites\/reprise-des-vols-a-destination-de-dakar-et-de-nouakchott\/#breadcrumb"},"inLanguage":"fr-FR","potentialAction":[{"@type":"ReadAction","target":["https:\/\/www.info-algerie.com\/actualites\/reprise-des-vols-a-destination-de-dakar-et-de-nouakchott\/"]}]},{"@type":"ImageObject","inLanguage":"fr-FR","@id":"https:\/\/www.info-algerie.com\/actualites\/reprise-des-vols-a-destination-de-dakar-et-de-nouakchott\/#primaryimage","url":"https:\/\/www.info-algerie.com\/actualites\/wp-content\/uploads\/2022\/03\/reprise-des-vols-a-destination-de-dakar-et-de-nouakchott.jpg","contentUrl":"https:\/\/www.info-algerie.com\/actualites\/wp-content\/uploads\/2022\/03\/reprise-des-vols-a-destination-de-dakar-et-de-nouakchott.jpg","width":620,"height":410,"caption":"Reprise des vols"},{"@type":"BreadcrumbList","@id":"https:\/\/www.info-algerie.com\/actualites\/reprise-des-vols-a-destination-de-dakar-et-de-nouakchott\/#breadcrumb","itemListElement":[{"@type":"ListItem","position":1,"name":"Accueil","item":"https:\/\/www.info-algerie.com\/actualites\/"},{"@type":"ListItem","position":2,"name":"Reprise des vols \u00e0 destination de Dakar et de Nouakchott"}]},{"@type":"WebSite","@id":"https:\/\/www.info-algerie.com\/actualites\/#website","url":"https:\/\/www.info-algerie.com\/actualites\/","name":"info algerie","description":"Toutes les actualit\u00e9s","publisher":{"@id":"https:\/\/www.info-algerie.com\/actualites\/#organization"},"potentialAction":[{"@type":"SearchAction","target":{"@type":"EntryPoint","urlTemplate":"https:\/\/www.info-algerie.com\/actualites\/?s={search_term_string}"},"query-input":{"@type":"PropertyValueSpecification","valueRequired":true,"valueName":"search_term_string"}}],"inLanguage":"fr-FR"},{"@type":"Organization","@id":"https:\/\/www.info-algerie.com\/actualites\/#organization","name":"info algerie","url":"https:\/\/www.info-algerie.com\/actualites\/","logo":{"@type":"ImageObject","inLanguage":"fr-FR","@id":"https:\/\/www.info-algerie.com\/actualites\/#\/schema\/logo\/image\/","url":"https:\/\/www.info-algerie.com\/actualites\/wp-content\/uploads\/2022\/07\/logo-ia-120.png","contentUrl":"https:\/\/www.info-algerie.com\/actualites\/wp-content\/uploads\/2022\/07\/logo-ia-120.png","width":120,"height":43,"caption":"info algerie"},"image":{"@id":"https:\/\/www.info-algerie.com\/actualites\/#\/schema\/logo\/image\/"},"sameAs":["https:\/\/www.facebook.com\/infoalgerieactu","https:\/\/x.com\/infoalgerie1"]},{"@type":"Person","@id":"https:\/\/www.info-algerie.com\/actualites\/#\/schema\/person\/847aaec44920825b843a08f30ec6aa1e","name":"La r\u00e9daction","image":{"@type":"ImageObject","inLanguage":"fr-FR","@id":"https:\/\/secure.gravatar.com\/avatar\/769db425c6f465158149f1ffd6cf61ce7a8a879d11dfbef8288af36dfddd418c?s=96&d=mm&r=g","url":"https:\/\/secure.gravatar.com\/avatar\/769db425c6f465158149f1ffd6cf61ce7a8a879d11dfbef8288af36dfddd418c?s=96&d=mm&r=g","contentUrl":"https:\/\/secure.gravatar.com\/avatar\/769db425c6f465158149f1ffd6cf61ce7a8a879d11dfbef8288af36dfddd418c?s=96&d=mm&r=g","caption":"La r\u00e9daction"},"sameAs":["http:\/\/www.lkeria.com\/"],"url":"https:\/\/www.info-algerie.com\/actualites\/author\/chakib32\/"}]}},"_links":{"self":[{"href":"https:\/\/www.info-algerie.com\/actualites\/wp-json\/wp\/v2\/posts\/27108","targetHints":{"allow":["GET"]}}],"collection":[{"href":"https:\/\/www.info-algerie.com\/actualites\/wp-json\/wp\/v2\/posts"}],"about":[{"href":"https:\/\/www.info-algerie.com\/actualites\/wp-json\/wp\/v2\/types\/post"}],"author":[{"embeddable":true,"href":"https:\/\/www.info-algerie.com\/actualites\/wp-json\/wp\/v2\/users\/6"}],"replies":[{"embeddable":true,"href":"https:\/\/www.info-algerie.com\/actualites\/wp-json\/wp\/v2\/comments?post=27108"}],"version-history":[{"count":2,"href":"https:\/\/www.info-algerie.com\/actualites\/wp-json\/wp\/v2\/posts\/27108\/revisions"}],"predecessor-version":[{"id":27126,"href":"https:\/\/www.info-algerie.com\/actualites\/wp-json\/wp\/v2\/posts\/27108\/revisions\/27126"}],"wp:featuredmedia":[{"embeddable":true,"href":"https:\/\/www.info-algerie.com\/actualites\/wp-json\/wp\/v2\/media\/27125"}],"wp:attachment":[{"href":"https:\/\/www.info-algerie.com\/actualites\/wp-json\/wp\/v2\/media?parent=27108"}],"wp:term":[{"taxonomy":"category","embeddable":true,"href":"https:\/\/www.info-algerie.com\/actualites\/wp-json\/wp\/v2\/categories?post=27108"},{"taxonomy":"post_tag","embeddable":true,"href":"https:\/\/www.info-algerie.com\/actualites\/wp-json\/wp\/v2\/tags?post=27108"}],"curies":[{"name":"wp","href":"https:\/\/api.w.org\/{rel}","templated":true}]}}