{"id":27130,"date":"2022-03-07T10:04:00","date_gmt":"2022-03-07T09:04:00","guid":{"rendered":"https:\/\/www.info-algerie.com\/actualites\/tayeb-louh-condamne-a-3-ans-de-prison-ferme\/"},"modified":"2022-03-15T12:03:13","modified_gmt":"2022-03-15T11:03:13","slug":"tayeb-louh-condamne-a-3-ans-de-prison-ferme","status":"publish","type":"post","link":"https:\/\/www.info-algerie.com\/actualites\/tayeb-louh-condamne-a-3-ans-de-prison-ferme\/","title":{"rendered":"Tayeb Louh condamn\u00e9 \u00e0 3 ans de prison ferme"},"content":{"rendered":"\n<p>L&rsquo;ancien ministre de la Justice Tayeb Louh a \u00e9t\u00e9 condamn\u00e9, ce lundi ma Ton, par le juge du tribunal de Sidi M&rsquo;hamed \u00e0 une peine de 3 ans de prison ferme assortie d&rsquo;une amende de 200 000 Da. <\/p>\n\n\n\n<p>Noah Tarek Kouninef a \u00e9cop\u00e9 de 4 ans assortie d&rsquo;une amende de 1 million de dinars, tandis que l&rsquo;ancien inspecteur g\u00e9n\u00e9ral du minist\u00e8re de la Justice, Tayeb Benhachem a \u00e9t\u00e9 condamn\u00e9 \u00e0 2 ans de prison ferme. Les trois sont accus\u00e9s de mauvaise exploitation de la fonction et trafic d&rsquo;influence.<\/p>\n\n\n\n<p>Source: <a href=\"https:\/\/www.liberte-algerie.com\/actualite\/tayeb-louh-condamne-a-3-ans-de-prison-ferme-374474\" target=\"_blank\" rel=\"noopener\">Tayeb Louh condamn\u00e9 \u00e0 3 ans de prison ferme<\/a><\/p>\n<!--CusAds0-->\n<div style=\"font-size: 0px; height: 0px; line-height: 0px; margin: 0; padding: 0; clear: both;\"><\/div>","protected":false},"excerpt":{"rendered":"<p>L&rsquo;ancien ministre de la Justice Tayeb Louh a \u00e9t\u00e9 condamn\u00e9, ce lundi ma Ton, par le juge du tribunal de Sidi M&rsquo;hamed \u00e0 une peine de 3 ans de prison ferme assortie d&rsquo;une amende de 200 000 Da. Noah Tarek Kouninef a \u00e9cop\u00e9 de 4 ans assortie d&rsquo;une amende de 1 million de dinars, tandis<\/p>\n","protected":false},"author":6,"featured_media":27140,"comment_status":"open","ping_status":"open","sticky":false,"template":"","format":"standard","meta":{"footnotes":""},"categories":[22],"tags":[206],"class_list":["post-27130","post","type-post","status-publish","format-standard","has-post-thumbnail","hentry","category-infos","tag-tayeb-louh"],"yoast_head":"<!-- This site is optimized with the Yoast SEO plugin v27.5 - https:\/\/yoast.com\/product\/yoast-seo-wordpress\/ -->\n<title>Tayeb Louh condamn\u00e9 \u00e0 3 ans de prison ferme<\/title>\n<meta name=\"description\" content=\"L&#039;ancien ministre de la Justice Tayeb Louh a \u00e9t\u00e9 condamn\u00e9, ce lundi ma Ton, par le juge du tribunal de Sidi M&#039;hamed \u00e0 3 ans de prison ferme\" \/>\n<meta name=\"robots\" content=\"index, follow, max-snippet:-1, max-image-preview:large, max-video-preview:-1\" \/>\n<link rel=\"canonical\" href=\"https:\/\/www.info-algerie.com\/actualites\/tayeb-louh-condamne-a-3-ans-de-prison-ferme\/\" \/>\n<meta property=\"og:locale\" content=\"fr_FR\" \/>\n<meta property=\"og:type\" content=\"article\" \/>\n<meta property=\"og:title\" content=\"Tayeb Louh condamn\u00e9 \u00e0 3 ans de prison ferme\" \/>\n<meta property=\"og:description\" content=\"L&#039;ancien ministre de la Justice Tayeb Louh a \u00e9t\u00e9 condamn\u00e9, ce lundi ma Ton, par le juge du tribunal de Sidi M&#039;hamed \u00e0 3 ans de prison ferme\" \/>\n<meta property=\"og:url\" content=\"https:\/\/www.info-algerie.com\/actualites\/tayeb-louh-condamne-a-3-ans-de-prison-ferme\/\" \/>\n<meta property=\"og:site_name\" content=\"info algerie\" \/>\n<meta property=\"article:publisher\" content=\"https:\/\/www.facebook.com\/infoalgerieactu\" \/>\n<meta property=\"article:published_time\" content=\"2022-03-07T09:04:00+00:00\" \/>\n<meta property=\"article:modified_time\" content=\"2022-03-15T11:03:13+00:00\" \/>\n<meta property=\"og:image\" content=\"https:\/\/www.info-algerie.com\/actualites\/wp-content\/uploads\/2022\/03\/tayeb-louh-condamne-a-3-ans-de-prison-ferme.jpg\" \/>\n\t<meta property=\"og:image:width\" content=\"620\" \/>\n\t<meta property=\"og:image:height\" content=\"410\" \/>\n\t<meta property=\"og:image:type\" content=\"image\/jpeg\" \/>\n<meta name=\"author\" content=\"La r\u00e9daction\" \/>\n<meta name=\"twitter:label1\" content=\"\u00c9crit par\" \/>\n\t<meta name=\"twitter:data1\" content=\"La r\u00e9daction\" \/>\n\t<meta name=\"twitter:label2\" content=\"Dur\u00e9e de lecture estim\u00e9e\" \/>\n\t<meta name=\"twitter:data2\" content=\"1 minute\" \/>\n<script type=\"application\/ld+json\" class=\"yoast-schema-graph\">{\"@context\":\"https:\\\/\\\/schema.org\",\"@graph\":[{\"@type\":\"Article\",\"@id\":\"https:\\\/\\\/www.info-algerie.com\\\/actualites\\\/tayeb-louh-condamne-a-3-ans-de-prison-ferme\\\/#article\",\"isPartOf\":{\"@id\":\"https:\\\/\\\/www.info-algerie.com\\\/actualites\\\/tayeb-louh-condamne-a-3-ans-de-prison-ferme\\\/\"},\"author\":{\"name\":\"La r\u00e9daction\",\"@id\":\"https:\\\/\\\/www.info-algerie.com\\\/actualites\\\/#\\\/schema\\\/person\\\/847aaec44920825b843a08f30ec6aa1e\"},\"headline\":\"Tayeb Louh condamn\u00e9 \u00e0 3 ans de prison ferme\",\"datePublished\":\"2022-03-07T09:04:00+00:00\",\"dateModified\":\"2022-03-15T11:03:13+00:00\",\"mainEntityOfPage\":{\"@id\":\"https:\\\/\\\/www.info-algerie.com\\\/actualites\\\/tayeb-louh-condamne-a-3-ans-de-prison-ferme\\\/\"},\"wordCount\":105,\"commentCount\":0,\"publisher\":{\"@id\":\"https:\\\/\\\/www.info-algerie.com\\\/actualites\\\/#organization\"},\"image\":{\"@id\":\"https:\\\/\\\/www.info-algerie.com\\\/actualites\\\/tayeb-louh-condamne-a-3-ans-de-prison-ferme\\\/#primaryimage\"},\"thumbnailUrl\":\"https:\\\/\\\/www.info-algerie.com\\\/actualites\\\/wp-content\\\/uploads\\\/2022\\\/03\\\/tayeb-louh-condamne-a-3-ans-de-prison-ferme.jpg\",\"keywords\":[\"Tayeb Louh\"],\"articleSection\":[\"infos\"],\"inLanguage\":\"fr-FR\",\"potentialAction\":[{\"@type\":\"CommentAction\",\"name\":\"Comment\",\"target\":[\"https:\\\/\\\/www.info-algerie.com\\\/actualites\\\/tayeb-louh-condamne-a-3-ans-de-prison-ferme\\\/#respond\"]}]},{\"@type\":\"WebPage\",\"@id\":\"https:\\\/\\\/www.info-algerie.com\\\/actualites\\\/tayeb-louh-condamne-a-3-ans-de-prison-ferme\\\/\",\"url\":\"https:\\\/\\\/www.info-algerie.com\\\/actualites\\\/tayeb-louh-condamne-a-3-ans-de-prison-ferme\\\/\",\"name\":\"Tayeb Louh condamn\u00e9 \u00e0 3 ans de prison ferme\",\"isPartOf\":{\"@id\":\"https:\\\/\\\/www.info-algerie.com\\\/actualites\\\/#website\"},\"primaryImageOfPage\":{\"@id\":\"https:\\\/\\\/www.info-algerie.com\\\/actualites\\\/tayeb-louh-condamne-a-3-ans-de-prison-ferme\\\/#primaryimage\"},\"image\":{\"@id\":\"https:\\\/\\\/www.info-algerie.com\\\/actualites\\\/tayeb-louh-condamne-a-3-ans-de-prison-ferme\\\/#primaryimage\"},\"thumbnailUrl\":\"https:\\\/\\\/www.info-algerie.com\\\/actualites\\\/wp-content\\\/uploads\\\/2022\\\/03\\\/tayeb-louh-condamne-a-3-ans-de-prison-ferme.jpg\",\"datePublished\":\"2022-03-07T09:04:00+00:00\",\"dateModified\":\"2022-03-15T11:03:13+00:00\",\"description\":\"L'ancien ministre de la Justice Tayeb Louh a \u00e9t\u00e9 condamn\u00e9, ce lundi ma Ton, par le juge du tribunal de Sidi M'hamed \u00e0 3 ans de prison ferme\",\"breadcrumb\":{\"@id\":\"https:\\\/\\\/www.info-algerie.com\\\/actualites\\\/tayeb-louh-condamne-a-3-ans-de-prison-ferme\\\/#breadcrumb\"},\"inLanguage\":\"fr-FR\",\"potentialAction\":[{\"@type\":\"ReadAction\",\"target\":[\"https:\\\/\\\/www.info-algerie.com\\\/actualites\\\/tayeb-louh-condamne-a-3-ans-de-prison-ferme\\\/\"]}]},{\"@type\":\"ImageObject\",\"inLanguage\":\"fr-FR\",\"@id\":\"https:\\\/\\\/www.info-algerie.com\\\/actualites\\\/tayeb-louh-condamne-a-3-ans-de-prison-ferme\\\/#primaryimage\",\"url\":\"https:\\\/\\\/www.info-algerie.com\\\/actualites\\\/wp-content\\\/uploads\\\/2022\\\/03\\\/tayeb-louh-condamne-a-3-ans-de-prison-ferme.jpg\",\"contentUrl\":\"https:\\\/\\\/www.info-algerie.com\\\/actualites\\\/wp-content\\\/uploads\\\/2022\\\/03\\\/tayeb-louh-condamne-a-3-ans-de-prison-ferme.jpg\",\"width\":620,\"height\":410,\"caption\":\"Tayeb Louh\"},{\"@type\":\"BreadcrumbList\",\"@id\":\"https:\\\/\\\/www.info-algerie.com\\\/actualites\\\/tayeb-louh-condamne-a-3-ans-de-prison-ferme\\\/#breadcrumb\",\"itemListElement\":[{\"@type\":\"ListItem\",\"position\":1,\"name\":\"Accueil\",\"item\":\"https:\\\/\\\/www.info-algerie.com\\\/actualites\\\/\"},{\"@type\":\"ListItem\",\"position\":2,\"name\":\"Tayeb Louh condamn\u00e9 \u00e0 3 ans de prison ferme\"}]},{\"@type\":\"WebSite\",\"@id\":\"https:\\\/\\\/www.info-algerie.com\\\/actualites\\\/#website\",\"url\":\"https:\\\/\\\/www.info-algerie.com\\\/actualites\\\/\",\"name\":\"info algerie\",\"description\":\"Toutes les actualit\u00e9s\",\"publisher\":{\"@id\":\"https:\\\/\\\/www.info-algerie.com\\\/actualites\\\/#organization\"},\"potentialAction\":[{\"@type\":\"SearchAction\",\"target\":{\"@type\":\"EntryPoint\",\"urlTemplate\":\"https:\\\/\\\/www.info-algerie.com\\\/actualites\\\/?s={search_term_string}\"},\"query-input\":{\"@type\":\"PropertyValueSpecification\",\"valueRequired\":true,\"valueName\":\"search_term_string\"}}],\"inLanguage\":\"fr-FR\"},{\"@type\":\"Organization\",\"@id\":\"https:\\\/\\\/www.info-algerie.com\\\/actualites\\\/#organization\",\"name\":\"info algerie\",\"url\":\"https:\\\/\\\/www.info-algerie.com\\\/actualites\\\/\",\"logo\":{\"@type\":\"ImageObject\",\"inLanguage\":\"fr-FR\",\"@id\":\"https:\\\/\\\/www.info-algerie.com\\\/actualites\\\/#\\\/schema\\\/logo\\\/image\\\/\",\"url\":\"https:\\\/\\\/www.info-algerie.com\\\/actualites\\\/wp-content\\\/uploads\\\/2022\\\/07\\\/logo-ia-120.png\",\"contentUrl\":\"https:\\\/\\\/www.info-algerie.com\\\/actualites\\\/wp-content\\\/uploads\\\/2022\\\/07\\\/logo-ia-120.png\",\"width\":120,\"height\":43,\"caption\":\"info algerie\"},\"image\":{\"@id\":\"https:\\\/\\\/www.info-algerie.com\\\/actualites\\\/#\\\/schema\\\/logo\\\/image\\\/\"},\"sameAs\":[\"https:\\\/\\\/www.facebook.com\\\/infoalgerieactu\",\"https:\\\/\\\/x.com\\\/infoalgerie1\"]},{\"@type\":\"Person\",\"@id\":\"https:\\\/\\\/www.info-algerie.com\\\/actualites\\\/#\\\/schema\\\/person\\\/847aaec44920825b843a08f30ec6aa1e\",\"name\":\"La r\u00e9daction\",\"image\":{\"@type\":\"ImageObject\",\"inLanguage\":\"fr-FR\",\"@id\":\"https:\\\/\\\/secure.gravatar.com\\\/avatar\\\/769db425c6f465158149f1ffd6cf61ce7a8a879d11dfbef8288af36dfddd418c?s=96&d=mm&r=g\",\"url\":\"https:\\\/\\\/secure.gravatar.com\\\/avatar\\\/769db425c6f465158149f1ffd6cf61ce7a8a879d11dfbef8288af36dfddd418c?s=96&d=mm&r=g\",\"contentUrl\":\"https:\\\/\\\/secure.gravatar.com\\\/avatar\\\/769db425c6f465158149f1ffd6cf61ce7a8a879d11dfbef8288af36dfddd418c?s=96&d=mm&r=g\",\"caption\":\"La r\u00e9daction\"},\"sameAs\":[\"http:\\\/\\\/www.lkeria.com\\\/\"],\"url\":\"https:\\\/\\\/www.info-algerie.com\\\/actualites\\\/author\\\/chakib32\\\/\"}]}<\/script>\n<!-- \/ Yoast SEO plugin. -->","yoast_head_json":{"title":"Tayeb Louh condamn\u00e9 \u00e0 3 ans de prison ferme","description":"L'ancien ministre de la Justice Tayeb Louh a \u00e9t\u00e9 condamn\u00e9, ce lundi ma Ton, par le juge du tribunal de Sidi M'hamed \u00e0 3 ans de prison ferme","robots":{"index":"index","follow":"follow","max-snippet":"max-snippet:-1","max-image-preview":"max-image-preview:large","max-video-preview":"max-video-preview:-1"},"canonical":"https:\/\/www.info-algerie.com\/actualites\/tayeb-louh-condamne-a-3-ans-de-prison-ferme\/","og_locale":"fr_FR","og_type":"article","og_title":"Tayeb Louh condamn\u00e9 \u00e0 3 ans de prison ferme","og_description":"L'ancien ministre de la Justice Tayeb Louh a \u00e9t\u00e9 condamn\u00e9, ce lundi ma Ton, par le juge du tribunal de Sidi M'hamed \u00e0 3 ans de prison ferme","og_url":"https:\/\/www.info-algerie.com\/actualites\/tayeb-louh-condamne-a-3-ans-de-prison-ferme\/","og_site_name":"info algerie","article_publisher":"https:\/\/www.facebook.com\/infoalgerieactu","article_published_time":"2022-03-07T09:04:00+00:00","article_modified_time":"2022-03-15T11:03:13+00:00","og_image":[{"width":620,"height":410,"url":"https:\/\/www.info-algerie.com\/actualites\/wp-content\/uploads\/2022\/03\/tayeb-louh-condamne-a-3-ans-de-prison-ferme.jpg","type":"image\/jpeg"}],"author":"La r\u00e9daction","twitter_misc":{"\u00c9crit par":"La r\u00e9daction","Dur\u00e9e de lecture estim\u00e9e":"1 minute"},"schema":{"@context":"https:\/\/schema.org","@graph":[{"@type":"Article","@id":"https:\/\/www.info-algerie.com\/actualites\/tayeb-louh-condamne-a-3-ans-de-prison-ferme\/#article","isPartOf":{"@id":"https:\/\/www.info-algerie.com\/actualites\/tayeb-louh-condamne-a-3-ans-de-prison-ferme\/"},"author":{"name":"La r\u00e9daction","@id":"https:\/\/www.info-algerie.com\/actualites\/#\/schema\/person\/847aaec44920825b843a08f30ec6aa1e"},"headline":"Tayeb Louh condamn\u00e9 \u00e0 3 ans de prison ferme","datePublished":"2022-03-07T09:04:00+00:00","dateModified":"2022-03-15T11:03:13+00:00","mainEntityOfPage":{"@id":"https:\/\/www.info-algerie.com\/actualites\/tayeb-louh-condamne-a-3-ans-de-prison-ferme\/"},"wordCount":105,"commentCount":0,"publisher":{"@id":"https:\/\/www.info-algerie.com\/actualites\/#organization"},"image":{"@id":"https:\/\/www.info-algerie.com\/actualites\/tayeb-louh-condamne-a-3-ans-de-prison-ferme\/#primaryimage"},"thumbnailUrl":"https:\/\/www.info-algerie.com\/actualites\/wp-content\/uploads\/2022\/03\/tayeb-louh-condamne-a-3-ans-de-prison-ferme.jpg","keywords":["Tayeb Louh"],"articleSection":["infos"],"inLanguage":"fr-FR","potentialAction":[{"@type":"CommentAction","name":"Comment","target":["https:\/\/www.info-algerie.com\/actualites\/tayeb-louh-condamne-a-3-ans-de-prison-ferme\/#respond"]}]},{"@type":"WebPage","@id":"https:\/\/www.info-algerie.com\/actualites\/tayeb-louh-condamne-a-3-ans-de-prison-ferme\/","url":"https:\/\/www.info-algerie.com\/actualites\/tayeb-louh-condamne-a-3-ans-de-prison-ferme\/","name":"Tayeb Louh condamn\u00e9 \u00e0 3 ans de prison ferme","isPartOf":{"@id":"https:\/\/www.info-algerie.com\/actualites\/#website"},"primaryImageOfPage":{"@id":"https:\/\/www.info-algerie.com\/actualites\/tayeb-louh-condamne-a-3-ans-de-prison-ferme\/#primaryimage"},"image":{"@id":"https:\/\/www.info-algerie.com\/actualites\/tayeb-louh-condamne-a-3-ans-de-prison-ferme\/#primaryimage"},"thumbnailUrl":"https:\/\/www.info-algerie.com\/actualites\/wp-content\/uploads\/2022\/03\/tayeb-louh-condamne-a-3-ans-de-prison-ferme.jpg","datePublished":"2022-03-07T09:04:00+00:00","dateModified":"2022-03-15T11:03:13+00:00","description":"L'ancien ministre de la Justice Tayeb Louh a \u00e9t\u00e9 condamn\u00e9, ce lundi ma Ton, par le juge du tribunal de Sidi M'hamed \u00e0 3 ans de prison ferme","breadcrumb":{"@id":"https:\/\/www.info-algerie.com\/actualites\/tayeb-louh-condamne-a-3-ans-de-prison-ferme\/#breadcrumb"},"inLanguage":"fr-FR","potentialAction":[{"@type":"ReadAction","target":["https:\/\/www.info-algerie.com\/actualites\/tayeb-louh-condamne-a-3-ans-de-prison-ferme\/"]}]},{"@type":"ImageObject","inLanguage":"fr-FR","@id":"https:\/\/www.info-algerie.com\/actualites\/tayeb-louh-condamne-a-3-ans-de-prison-ferme\/#primaryimage","url":"https:\/\/www.info-algerie.com\/actualites\/wp-content\/uploads\/2022\/03\/tayeb-louh-condamne-a-3-ans-de-prison-ferme.jpg","contentUrl":"https:\/\/www.info-algerie.com\/actualites\/wp-content\/uploads\/2022\/03\/tayeb-louh-condamne-a-3-ans-de-prison-ferme.jpg","width":620,"height":410,"caption":"Tayeb Louh"},{"@type":"BreadcrumbList","@id":"https:\/\/www.info-algerie.com\/actualites\/tayeb-louh-condamne-a-3-ans-de-prison-ferme\/#breadcrumb","itemListElement":[{"@type":"ListItem","position":1,"name":"Accueil","item":"https:\/\/www.info-algerie.com\/actualites\/"},{"@type":"ListItem","position":2,"name":"Tayeb Louh condamn\u00e9 \u00e0 3 ans de prison ferme"}]},{"@type":"WebSite","@id":"https:\/\/www.info-algerie.com\/actualites\/#website","url":"https:\/\/www.info-algerie.com\/actualites\/","name":"info algerie","description":"Toutes les actualit\u00e9s","publisher":{"@id":"https:\/\/www.info-algerie.com\/actualites\/#organization"},"potentialAction":[{"@type":"SearchAction","target":{"@type":"EntryPoint","urlTemplate":"https:\/\/www.info-algerie.com\/actualites\/?s={search_term_string}"},"query-input":{"@type":"PropertyValueSpecification","valueRequired":true,"valueName":"search_term_string"}}],"inLanguage":"fr-FR"},{"@type":"Organization","@id":"https:\/\/www.info-algerie.com\/actualites\/#organization","name":"info algerie","url":"https:\/\/www.info-algerie.com\/actualites\/","logo":{"@type":"ImageObject","inLanguage":"fr-FR","@id":"https:\/\/www.info-algerie.com\/actualites\/#\/schema\/logo\/image\/","url":"https:\/\/www.info-algerie.com\/actualites\/wp-content\/uploads\/2022\/07\/logo-ia-120.png","contentUrl":"https:\/\/www.info-algerie.com\/actualites\/wp-content\/uploads\/2022\/07\/logo-ia-120.png","width":120,"height":43,"caption":"info algerie"},"image":{"@id":"https:\/\/www.info-algerie.com\/actualites\/#\/schema\/logo\/image\/"},"sameAs":["https:\/\/www.facebook.com\/infoalgerieactu","https:\/\/x.com\/infoalgerie1"]},{"@type":"Person","@id":"https:\/\/www.info-algerie.com\/actualites\/#\/schema\/person\/847aaec44920825b843a08f30ec6aa1e","name":"La r\u00e9daction","image":{"@type":"ImageObject","inLanguage":"fr-FR","@id":"https:\/\/secure.gravatar.com\/avatar\/769db425c6f465158149f1ffd6cf61ce7a8a879d11dfbef8288af36dfddd418c?s=96&d=mm&r=g","url":"https:\/\/secure.gravatar.com\/avatar\/769db425c6f465158149f1ffd6cf61ce7a8a879d11dfbef8288af36dfddd418c?s=96&d=mm&r=g","contentUrl":"https:\/\/secure.gravatar.com\/avatar\/769db425c6f465158149f1ffd6cf61ce7a8a879d11dfbef8288af36dfddd418c?s=96&d=mm&r=g","caption":"La r\u00e9daction"},"sameAs":["http:\/\/www.lkeria.com\/"],"url":"https:\/\/www.info-algerie.com\/actualites\/author\/chakib32\/"}]}},"_links":{"self":[{"href":"https:\/\/www.info-algerie.com\/actualites\/wp-json\/wp\/v2\/posts\/27130","targetHints":{"allow":["GET"]}}],"collection":[{"href":"https:\/\/www.info-algerie.com\/actualites\/wp-json\/wp\/v2\/posts"}],"about":[{"href":"https:\/\/www.info-algerie.com\/actualites\/wp-json\/wp\/v2\/types\/post"}],"author":[{"embeddable":true,"href":"https:\/\/www.info-algerie.com\/actualites\/wp-json\/wp\/v2\/users\/6"}],"replies":[{"embeddable":true,"href":"https:\/\/www.info-algerie.com\/actualites\/wp-json\/wp\/v2\/comments?post=27130"}],"version-history":[{"count":2,"href":"https:\/\/www.info-algerie.com\/actualites\/wp-json\/wp\/v2\/posts\/27130\/revisions"}],"predecessor-version":[{"id":27233,"href":"https:\/\/www.info-algerie.com\/actualites\/wp-json\/wp\/v2\/posts\/27130\/revisions\/27233"}],"wp:featuredmedia":[{"embeddable":true,"href":"https:\/\/www.info-algerie.com\/actualites\/wp-json\/wp\/v2\/media\/27140"}],"wp:attachment":[{"href":"https:\/\/www.info-algerie.com\/actualites\/wp-json\/wp\/v2\/media?parent=27130"}],"wp:term":[{"taxonomy":"category","embeddable":true,"href":"https:\/\/www.info-algerie.com\/actualites\/wp-json\/wp\/v2\/categories?post=27130"},{"taxonomy":"post_tag","embeddable":true,"href":"https:\/\/www.info-algerie.com\/actualites\/wp-json\/wp\/v2\/tags?post=27130"}],"curies":[{"name":"wp","href":"https:\/\/api.w.org\/{rel}","templated":true}]}}