{"id":27149,"date":"2022-03-10T11:30:00","date_gmt":"2022-03-10T10:30:00","guid":{"rendered":"https:\/\/www.info-algerie.com\/actualites\/tebboune-limoge-le-ministre-des-transports-pour-faute-grave\/"},"modified":"2022-03-13T12:12:41","modified_gmt":"2022-03-13T11:12:41","slug":"tebboune-limoge-le-ministre-des-transports-pour-faute-grave","status":"publish","type":"post","link":"https:\/\/www.info-algerie.com\/actualites\/tebboune-limoge-le-ministre-des-transports-pour-faute-grave\/","title":{"rendered":"Tebboune limoge le ministre des transports pour \u00ab\u00a0faute grave\u00a0\u00bb"},"content":{"rendered":"\n<p>Le pr\u00e9sident de la R\u00e9publique, Abdelmadjid\u00a0Tebboune a mis fin, jeudi, aux fonctions du ministre des Transports, Aissa\u00a0Bekkai (en poste depuis juillet 2021), indique un communiqu\u00e9 de la Pr\u00e9sidence de la R\u00e9publique.\u00a0<\/p>\n\n\n\n<p><em>\u00ab\u00a0Apr\u00e8s consultation du Premier ministre, M. A\u00efmene Benabderrahmane, le\u00a0pr\u00e9sident de la R\u00e9publique, M. Abdelmadjid Tebboune a mis fin, ce jour, aux\u00a0fonctions du ministre des Transports, Aissa Bekkai pour avoir commis une\u00a0faute grave lors de l&rsquo;accomplissement de ses missions\u00a0\u00bb,<\/em>\u00a0lit-on dans le\u00a0communiqu\u00e9. Aucun d\u00e9tail n&rsquo;a \u00e9t\u00e9 donn\u00e9 sur la\u00a0<em>\u00ab\u00a0faute grave\u00a0\u00bb\u00a0<\/em>\u00e9voqu\u00e9.\u00a0<\/p>\n\n\n\n<p>Le Pr\u00e9sident Tebboune a \u00ab\u00a0<em>charg\u00e9 le ministre des Travaux publics, Kamel\u00a0\u00a0Nasri d&rsquo;assurer l&rsquo;int\u00e9rim du minist\u00e8re des Transports<\/em>\u00ab\u00a0.<\/p>\n\n\n\n<p>Pour rappel,&nbsp;le pr\u00e9d\u00e9cesseur de Aissa Bekkai au minist\u00e8re des Transports, Lazhar Hani, avait \u00e9t\u00e9 \u00e9galement limog\u00e9 pour avoir approuv\u00e9 des importations interdites<\/p>\n\n\n\n<p>Source: <a href=\"https:\/\/www.liberte-algerie.com\/actualite\/tebboune-limoge-le-ministre-des-transports-pour-faute-grave-374657\" target=\"_blank\" rel=\"noopener\">Tebboune limoge le ministre des transports pour \u00a0\u00bb faute grave\u00a0\u00bb<\/a><\/p>\n<!--CusAds0-->\n<div style=\"font-size: 0px; height: 0px; line-height: 0px; margin: 0; padding: 0; clear: both;\"><\/div>","protected":false},"excerpt":{"rendered":"<p>Le pr\u00e9sident de la R\u00e9publique, Abdelmadjid\u00a0Tebboune a mis fin, jeudi, aux fonctions du ministre des Transports, Aissa\u00a0Bekkai (en poste depuis juillet 2021), indique un communiqu\u00e9 de la Pr\u00e9sidence de la R\u00e9publique.\u00a0 \u00ab\u00a0Apr\u00e8s consultation du Premier ministre, M. A\u00efmene Benabderrahmane, le\u00a0pr\u00e9sident de la R\u00e9publique, M. Abdelmadjid Tebboune a mis fin, ce jour, aux\u00a0fonctions du ministre des<\/p>\n","protected":false},"author":6,"featured_media":27176,"comment_status":"open","ping_status":"open","sticky":false,"template":"","format":"standard","meta":{"footnotes":""},"categories":[7],"tags":[270,269],"class_list":["post-27149","post","type-post","status-publish","format-standard","has-post-thumbnail","hentry","category-politique","tag-bekai-lomge","tag-ministre-des-transports"],"yoast_head":"<!-- This site is optimized with the Yoast SEO plugin v27.5 - https:\/\/yoast.com\/product\/yoast-seo-wordpress\/ -->\n<title>Tebboune limoge le ministre des transports pour &quot;faute grave&quot; - info algerie<\/title>\n<meta name=\"description\" content=\"Abdelmadjid\u00a0Tebboune a mis fin aux fonctions du ministre des Transports Aissa\u00a0Bekkai (en poste depuis juillet 2021), indique un communiqu\u00e9\" \/>\n<meta name=\"robots\" content=\"index, follow, max-snippet:-1, max-image-preview:large, max-video-preview:-1\" \/>\n<link rel=\"canonical\" href=\"https:\/\/www.info-algerie.com\/actualites\/tebboune-limoge-le-ministre-des-transports-pour-faute-grave\/\" \/>\n<meta property=\"og:locale\" content=\"fr_FR\" \/>\n<meta property=\"og:type\" content=\"article\" \/>\n<meta property=\"og:title\" content=\"Tebboune limoge le ministre des transports pour &quot;faute grave&quot; - info algerie\" \/>\n<meta property=\"og:description\" content=\"Abdelmadjid\u00a0Tebboune a mis fin aux fonctions du ministre des Transports Aissa\u00a0Bekkai (en poste depuis juillet 2021), indique un communiqu\u00e9\" \/>\n<meta property=\"og:url\" content=\"https:\/\/www.info-algerie.com\/actualites\/tebboune-limoge-le-ministre-des-transports-pour-faute-grave\/\" \/>\n<meta property=\"og:site_name\" content=\"info algerie\" \/>\n<meta property=\"article:publisher\" content=\"https:\/\/www.facebook.com\/infoalgerieactu\" \/>\n<meta property=\"article:published_time\" content=\"2022-03-10T10:30:00+00:00\" \/>\n<meta property=\"article:modified_time\" content=\"2022-03-13T11:12:41+00:00\" \/>\n<meta property=\"og:image\" content=\"https:\/\/www.info-algerie.com\/actualites\/wp-content\/uploads\/2022\/03\/tebboune-limoge-le-ministre-des-transports.jpg\" \/>\n\t<meta property=\"og:image:width\" content=\"620\" \/>\n\t<meta property=\"og:image:height\" content=\"410\" \/>\n\t<meta property=\"og:image:type\" content=\"image\/jpeg\" \/>\n<meta name=\"author\" content=\"La r\u00e9daction\" \/>\n<meta name=\"twitter:label1\" content=\"\u00c9crit par\" \/>\n\t<meta name=\"twitter:data1\" content=\"La r\u00e9daction\" \/>\n\t<meta name=\"twitter:label2\" content=\"Dur\u00e9e de lecture estim\u00e9e\" \/>\n\t<meta name=\"twitter:data2\" content=\"1 minute\" \/>\n<script type=\"application\/ld+json\" class=\"yoast-schema-graph\">{\"@context\":\"https:\\\/\\\/schema.org\",\"@graph\":[{\"@type\":\"Article\",\"@id\":\"https:\\\/\\\/www.info-algerie.com\\\/actualites\\\/tebboune-limoge-le-ministre-des-transports-pour-faute-grave\\\/#article\",\"isPartOf\":{\"@id\":\"https:\\\/\\\/www.info-algerie.com\\\/actualites\\\/tebboune-limoge-le-ministre-des-transports-pour-faute-grave\\\/\"},\"author\":{\"name\":\"La r\u00e9daction\",\"@id\":\"https:\\\/\\\/www.info-algerie.com\\\/actualites\\\/#\\\/schema\\\/person\\\/847aaec44920825b843a08f30ec6aa1e\"},\"headline\":\"Tebboune limoge le ministre des transports pour \u00ab\u00a0faute grave\u00a0\u00bb\",\"datePublished\":\"2022-03-10T10:30:00+00:00\",\"dateModified\":\"2022-03-13T11:12:41+00:00\",\"mainEntityOfPage\":{\"@id\":\"https:\\\/\\\/www.info-algerie.com\\\/actualites\\\/tebboune-limoge-le-ministre-des-transports-pour-faute-grave\\\/\"},\"wordCount\":167,\"commentCount\":0,\"publisher\":{\"@id\":\"https:\\\/\\\/www.info-algerie.com\\\/actualites\\\/#organization\"},\"image\":{\"@id\":\"https:\\\/\\\/www.info-algerie.com\\\/actualites\\\/tebboune-limoge-le-ministre-des-transports-pour-faute-grave\\\/#primaryimage\"},\"thumbnailUrl\":\"https:\\\/\\\/www.info-algerie.com\\\/actualites\\\/wp-content\\\/uploads\\\/2022\\\/03\\\/tebboune-limoge-le-ministre-des-transports.jpg\",\"keywords\":[\"bekai lomg\u00e9\",\"ministre des transports\"],\"articleSection\":[\"Politique\"],\"inLanguage\":\"fr-FR\",\"potentialAction\":[{\"@type\":\"CommentAction\",\"name\":\"Comment\",\"target\":[\"https:\\\/\\\/www.info-algerie.com\\\/actualites\\\/tebboune-limoge-le-ministre-des-transports-pour-faute-grave\\\/#respond\"]}]},{\"@type\":\"WebPage\",\"@id\":\"https:\\\/\\\/www.info-algerie.com\\\/actualites\\\/tebboune-limoge-le-ministre-des-transports-pour-faute-grave\\\/\",\"url\":\"https:\\\/\\\/www.info-algerie.com\\\/actualites\\\/tebboune-limoge-le-ministre-des-transports-pour-faute-grave\\\/\",\"name\":\"Tebboune limoge le ministre des transports pour \\\"faute grave\\\" - info algerie\",\"isPartOf\":{\"@id\":\"https:\\\/\\\/www.info-algerie.com\\\/actualites\\\/#website\"},\"primaryImageOfPage\":{\"@id\":\"https:\\\/\\\/www.info-algerie.com\\\/actualites\\\/tebboune-limoge-le-ministre-des-transports-pour-faute-grave\\\/#primaryimage\"},\"image\":{\"@id\":\"https:\\\/\\\/www.info-algerie.com\\\/actualites\\\/tebboune-limoge-le-ministre-des-transports-pour-faute-grave\\\/#primaryimage\"},\"thumbnailUrl\":\"https:\\\/\\\/www.info-algerie.com\\\/actualites\\\/wp-content\\\/uploads\\\/2022\\\/03\\\/tebboune-limoge-le-ministre-des-transports.jpg\",\"datePublished\":\"2022-03-10T10:30:00+00:00\",\"dateModified\":\"2022-03-13T11:12:41+00:00\",\"description\":\"Abdelmadjid\u00a0Tebboune a mis fin aux fonctions du ministre des Transports Aissa\u00a0Bekkai (en poste depuis juillet 2021), indique un communiqu\u00e9\",\"breadcrumb\":{\"@id\":\"https:\\\/\\\/www.info-algerie.com\\\/actualites\\\/tebboune-limoge-le-ministre-des-transports-pour-faute-grave\\\/#breadcrumb\"},\"inLanguage\":\"fr-FR\",\"potentialAction\":[{\"@type\":\"ReadAction\",\"target\":[\"https:\\\/\\\/www.info-algerie.com\\\/actualites\\\/tebboune-limoge-le-ministre-des-transports-pour-faute-grave\\\/\"]}]},{\"@type\":\"ImageObject\",\"inLanguage\":\"fr-FR\",\"@id\":\"https:\\\/\\\/www.info-algerie.com\\\/actualites\\\/tebboune-limoge-le-ministre-des-transports-pour-faute-grave\\\/#primaryimage\",\"url\":\"https:\\\/\\\/www.info-algerie.com\\\/actualites\\\/wp-content\\\/uploads\\\/2022\\\/03\\\/tebboune-limoge-le-ministre-des-transports.jpg\",\"contentUrl\":\"https:\\\/\\\/www.info-algerie.com\\\/actualites\\\/wp-content\\\/uploads\\\/2022\\\/03\\\/tebboune-limoge-le-ministre-des-transports.jpg\",\"width\":620,\"height\":410,\"caption\":\"ministre des transports bekai\"},{\"@type\":\"BreadcrumbList\",\"@id\":\"https:\\\/\\\/www.info-algerie.com\\\/actualites\\\/tebboune-limoge-le-ministre-des-transports-pour-faute-grave\\\/#breadcrumb\",\"itemListElement\":[{\"@type\":\"ListItem\",\"position\":1,\"name\":\"Accueil\",\"item\":\"https:\\\/\\\/www.info-algerie.com\\\/actualites\\\/\"},{\"@type\":\"ListItem\",\"position\":2,\"name\":\"Tebboune limoge le ministre des transports pour \u00ab\u00a0faute grave\u00a0\u00bb\"}]},{\"@type\":\"WebSite\",\"@id\":\"https:\\\/\\\/www.info-algerie.com\\\/actualites\\\/#website\",\"url\":\"https:\\\/\\\/www.info-algerie.com\\\/actualites\\\/\",\"name\":\"info algerie\",\"description\":\"Toutes les actualit\u00e9s\",\"publisher\":{\"@id\":\"https:\\\/\\\/www.info-algerie.com\\\/actualites\\\/#organization\"},\"potentialAction\":[{\"@type\":\"SearchAction\",\"target\":{\"@type\":\"EntryPoint\",\"urlTemplate\":\"https:\\\/\\\/www.info-algerie.com\\\/actualites\\\/?s={search_term_string}\"},\"query-input\":{\"@type\":\"PropertyValueSpecification\",\"valueRequired\":true,\"valueName\":\"search_term_string\"}}],\"inLanguage\":\"fr-FR\"},{\"@type\":\"Organization\",\"@id\":\"https:\\\/\\\/www.info-algerie.com\\\/actualites\\\/#organization\",\"name\":\"info algerie\",\"url\":\"https:\\\/\\\/www.info-algerie.com\\\/actualites\\\/\",\"logo\":{\"@type\":\"ImageObject\",\"inLanguage\":\"fr-FR\",\"@id\":\"https:\\\/\\\/www.info-algerie.com\\\/actualites\\\/#\\\/schema\\\/logo\\\/image\\\/\",\"url\":\"https:\\\/\\\/www.info-algerie.com\\\/actualites\\\/wp-content\\\/uploads\\\/2022\\\/07\\\/logo-ia-120.png\",\"contentUrl\":\"https:\\\/\\\/www.info-algerie.com\\\/actualites\\\/wp-content\\\/uploads\\\/2022\\\/07\\\/logo-ia-120.png\",\"width\":120,\"height\":43,\"caption\":\"info algerie\"},\"image\":{\"@id\":\"https:\\\/\\\/www.info-algerie.com\\\/actualites\\\/#\\\/schema\\\/logo\\\/image\\\/\"},\"sameAs\":[\"https:\\\/\\\/www.facebook.com\\\/infoalgerieactu\",\"https:\\\/\\\/x.com\\\/infoalgerie1\"]},{\"@type\":\"Person\",\"@id\":\"https:\\\/\\\/www.info-algerie.com\\\/actualites\\\/#\\\/schema\\\/person\\\/847aaec44920825b843a08f30ec6aa1e\",\"name\":\"La r\u00e9daction\",\"image\":{\"@type\":\"ImageObject\",\"inLanguage\":\"fr-FR\",\"@id\":\"https:\\\/\\\/secure.gravatar.com\\\/avatar\\\/769db425c6f465158149f1ffd6cf61ce7a8a879d11dfbef8288af36dfddd418c?s=96&d=mm&r=g\",\"url\":\"https:\\\/\\\/secure.gravatar.com\\\/avatar\\\/769db425c6f465158149f1ffd6cf61ce7a8a879d11dfbef8288af36dfddd418c?s=96&d=mm&r=g\",\"contentUrl\":\"https:\\\/\\\/secure.gravatar.com\\\/avatar\\\/769db425c6f465158149f1ffd6cf61ce7a8a879d11dfbef8288af36dfddd418c?s=96&d=mm&r=g\",\"caption\":\"La r\u00e9daction\"},\"sameAs\":[\"http:\\\/\\\/www.lkeria.com\\\/\"],\"url\":\"https:\\\/\\\/www.info-algerie.com\\\/actualites\\\/author\\\/chakib32\\\/\"}]}<\/script>\n<!-- \/ Yoast SEO plugin. -->","yoast_head_json":{"title":"Tebboune limoge le ministre des transports pour \"faute grave\" - info algerie","description":"Abdelmadjid\u00a0Tebboune a mis fin aux fonctions du ministre des Transports Aissa\u00a0Bekkai (en poste depuis juillet 2021), indique un communiqu\u00e9","robots":{"index":"index","follow":"follow","max-snippet":"max-snippet:-1","max-image-preview":"max-image-preview:large","max-video-preview":"max-video-preview:-1"},"canonical":"https:\/\/www.info-algerie.com\/actualites\/tebboune-limoge-le-ministre-des-transports-pour-faute-grave\/","og_locale":"fr_FR","og_type":"article","og_title":"Tebboune limoge le ministre des transports pour \"faute grave\" - info algerie","og_description":"Abdelmadjid\u00a0Tebboune a mis fin aux fonctions du ministre des Transports Aissa\u00a0Bekkai (en poste depuis juillet 2021), indique un communiqu\u00e9","og_url":"https:\/\/www.info-algerie.com\/actualites\/tebboune-limoge-le-ministre-des-transports-pour-faute-grave\/","og_site_name":"info algerie","article_publisher":"https:\/\/www.facebook.com\/infoalgerieactu","article_published_time":"2022-03-10T10:30:00+00:00","article_modified_time":"2022-03-13T11:12:41+00:00","og_image":[{"width":620,"height":410,"url":"https:\/\/www.info-algerie.com\/actualites\/wp-content\/uploads\/2022\/03\/tebboune-limoge-le-ministre-des-transports.jpg","type":"image\/jpeg"}],"author":"La r\u00e9daction","twitter_misc":{"\u00c9crit par":"La r\u00e9daction","Dur\u00e9e de lecture estim\u00e9e":"1 minute"},"schema":{"@context":"https:\/\/schema.org","@graph":[{"@type":"Article","@id":"https:\/\/www.info-algerie.com\/actualites\/tebboune-limoge-le-ministre-des-transports-pour-faute-grave\/#article","isPartOf":{"@id":"https:\/\/www.info-algerie.com\/actualites\/tebboune-limoge-le-ministre-des-transports-pour-faute-grave\/"},"author":{"name":"La r\u00e9daction","@id":"https:\/\/www.info-algerie.com\/actualites\/#\/schema\/person\/847aaec44920825b843a08f30ec6aa1e"},"headline":"Tebboune limoge le ministre des transports pour \u00ab\u00a0faute grave\u00a0\u00bb","datePublished":"2022-03-10T10:30:00+00:00","dateModified":"2022-03-13T11:12:41+00:00","mainEntityOfPage":{"@id":"https:\/\/www.info-algerie.com\/actualites\/tebboune-limoge-le-ministre-des-transports-pour-faute-grave\/"},"wordCount":167,"commentCount":0,"publisher":{"@id":"https:\/\/www.info-algerie.com\/actualites\/#organization"},"image":{"@id":"https:\/\/www.info-algerie.com\/actualites\/tebboune-limoge-le-ministre-des-transports-pour-faute-grave\/#primaryimage"},"thumbnailUrl":"https:\/\/www.info-algerie.com\/actualites\/wp-content\/uploads\/2022\/03\/tebboune-limoge-le-ministre-des-transports.jpg","keywords":["bekai lomg\u00e9","ministre des transports"],"articleSection":["Politique"],"inLanguage":"fr-FR","potentialAction":[{"@type":"CommentAction","name":"Comment","target":["https:\/\/www.info-algerie.com\/actualites\/tebboune-limoge-le-ministre-des-transports-pour-faute-grave\/#respond"]}]},{"@type":"WebPage","@id":"https:\/\/www.info-algerie.com\/actualites\/tebboune-limoge-le-ministre-des-transports-pour-faute-grave\/","url":"https:\/\/www.info-algerie.com\/actualites\/tebboune-limoge-le-ministre-des-transports-pour-faute-grave\/","name":"Tebboune limoge le ministre des transports pour \"faute grave\" - info algerie","isPartOf":{"@id":"https:\/\/www.info-algerie.com\/actualites\/#website"},"primaryImageOfPage":{"@id":"https:\/\/www.info-algerie.com\/actualites\/tebboune-limoge-le-ministre-des-transports-pour-faute-grave\/#primaryimage"},"image":{"@id":"https:\/\/www.info-algerie.com\/actualites\/tebboune-limoge-le-ministre-des-transports-pour-faute-grave\/#primaryimage"},"thumbnailUrl":"https:\/\/www.info-algerie.com\/actualites\/wp-content\/uploads\/2022\/03\/tebboune-limoge-le-ministre-des-transports.jpg","datePublished":"2022-03-10T10:30:00+00:00","dateModified":"2022-03-13T11:12:41+00:00","description":"Abdelmadjid\u00a0Tebboune a mis fin aux fonctions du ministre des Transports Aissa\u00a0Bekkai (en poste depuis juillet 2021), indique un communiqu\u00e9","breadcrumb":{"@id":"https:\/\/www.info-algerie.com\/actualites\/tebboune-limoge-le-ministre-des-transports-pour-faute-grave\/#breadcrumb"},"inLanguage":"fr-FR","potentialAction":[{"@type":"ReadAction","target":["https:\/\/www.info-algerie.com\/actualites\/tebboune-limoge-le-ministre-des-transports-pour-faute-grave\/"]}]},{"@type":"ImageObject","inLanguage":"fr-FR","@id":"https:\/\/www.info-algerie.com\/actualites\/tebboune-limoge-le-ministre-des-transports-pour-faute-grave\/#primaryimage","url":"https:\/\/www.info-algerie.com\/actualites\/wp-content\/uploads\/2022\/03\/tebboune-limoge-le-ministre-des-transports.jpg","contentUrl":"https:\/\/www.info-algerie.com\/actualites\/wp-content\/uploads\/2022\/03\/tebboune-limoge-le-ministre-des-transports.jpg","width":620,"height":410,"caption":"ministre des transports bekai"},{"@type":"BreadcrumbList","@id":"https:\/\/www.info-algerie.com\/actualites\/tebboune-limoge-le-ministre-des-transports-pour-faute-grave\/#breadcrumb","itemListElement":[{"@type":"ListItem","position":1,"name":"Accueil","item":"https:\/\/www.info-algerie.com\/actualites\/"},{"@type":"ListItem","position":2,"name":"Tebboune limoge le ministre des transports pour \u00ab\u00a0faute grave\u00a0\u00bb"}]},{"@type":"WebSite","@id":"https:\/\/www.info-algerie.com\/actualites\/#website","url":"https:\/\/www.info-algerie.com\/actualites\/","name":"info algerie","description":"Toutes les actualit\u00e9s","publisher":{"@id":"https:\/\/www.info-algerie.com\/actualites\/#organization"},"potentialAction":[{"@type":"SearchAction","target":{"@type":"EntryPoint","urlTemplate":"https:\/\/www.info-algerie.com\/actualites\/?s={search_term_string}"},"query-input":{"@type":"PropertyValueSpecification","valueRequired":true,"valueName":"search_term_string"}}],"inLanguage":"fr-FR"},{"@type":"Organization","@id":"https:\/\/www.info-algerie.com\/actualites\/#organization","name":"info algerie","url":"https:\/\/www.info-algerie.com\/actualites\/","logo":{"@type":"ImageObject","inLanguage":"fr-FR","@id":"https:\/\/www.info-algerie.com\/actualites\/#\/schema\/logo\/image\/","url":"https:\/\/www.info-algerie.com\/actualites\/wp-content\/uploads\/2022\/07\/logo-ia-120.png","contentUrl":"https:\/\/www.info-algerie.com\/actualites\/wp-content\/uploads\/2022\/07\/logo-ia-120.png","width":120,"height":43,"caption":"info algerie"},"image":{"@id":"https:\/\/www.info-algerie.com\/actualites\/#\/schema\/logo\/image\/"},"sameAs":["https:\/\/www.facebook.com\/infoalgerieactu","https:\/\/x.com\/infoalgerie1"]},{"@type":"Person","@id":"https:\/\/www.info-algerie.com\/actualites\/#\/schema\/person\/847aaec44920825b843a08f30ec6aa1e","name":"La r\u00e9daction","image":{"@type":"ImageObject","inLanguage":"fr-FR","@id":"https:\/\/secure.gravatar.com\/avatar\/769db425c6f465158149f1ffd6cf61ce7a8a879d11dfbef8288af36dfddd418c?s=96&d=mm&r=g","url":"https:\/\/secure.gravatar.com\/avatar\/769db425c6f465158149f1ffd6cf61ce7a8a879d11dfbef8288af36dfddd418c?s=96&d=mm&r=g","contentUrl":"https:\/\/secure.gravatar.com\/avatar\/769db425c6f465158149f1ffd6cf61ce7a8a879d11dfbef8288af36dfddd418c?s=96&d=mm&r=g","caption":"La r\u00e9daction"},"sameAs":["http:\/\/www.lkeria.com\/"],"url":"https:\/\/www.info-algerie.com\/actualites\/author\/chakib32\/"}]}},"_links":{"self":[{"href":"https:\/\/www.info-algerie.com\/actualites\/wp-json\/wp\/v2\/posts\/27149","targetHints":{"allow":["GET"]}}],"collection":[{"href":"https:\/\/www.info-algerie.com\/actualites\/wp-json\/wp\/v2\/posts"}],"about":[{"href":"https:\/\/www.info-algerie.com\/actualites\/wp-json\/wp\/v2\/types\/post"}],"author":[{"embeddable":true,"href":"https:\/\/www.info-algerie.com\/actualites\/wp-json\/wp\/v2\/users\/6"}],"replies":[{"embeddable":true,"href":"https:\/\/www.info-algerie.com\/actualites\/wp-json\/wp\/v2\/comments?post=27149"}],"version-history":[{"count":1,"href":"https:\/\/www.info-algerie.com\/actualites\/wp-json\/wp\/v2\/posts\/27149\/revisions"}],"predecessor-version":[{"id":27177,"href":"https:\/\/www.info-algerie.com\/actualites\/wp-json\/wp\/v2\/posts\/27149\/revisions\/27177"}],"wp:featuredmedia":[{"embeddable":true,"href":"https:\/\/www.info-algerie.com\/actualites\/wp-json\/wp\/v2\/media\/27176"}],"wp:attachment":[{"href":"https:\/\/www.info-algerie.com\/actualites\/wp-json\/wp\/v2\/media?parent=27149"}],"wp:term":[{"taxonomy":"category","embeddable":true,"href":"https:\/\/www.info-algerie.com\/actualites\/wp-json\/wp\/v2\/categories?post=27149"},{"taxonomy":"post_tag","embeddable":true,"href":"https:\/\/www.info-algerie.com\/actualites\/wp-json\/wp\/v2\/tags?post=27149"}],"curies":[{"name":"wp","href":"https:\/\/api.w.org\/{rel}","templated":true}]}}