{"id":27151,"date":"2022-03-10T13:28:00","date_gmt":"2022-03-10T12:28:00","guid":{"rendered":"https:\/\/www.info-algerie.com\/actualites\/propos-xenophobes-envers-belaili-sanction-tres-legere-contre-reims\/"},"modified":"2022-03-13T12:14:00","modified_gmt":"2022-03-13T11:14:00","slug":"propos-xenophobes-envers-belaili-sanction-tres-legere-contre-reims","status":"publish","type":"post","link":"https:\/\/www.info-algerie.com\/actualites\/propos-xenophobes-envers-belaili-sanction-tres-legere-contre-reims\/","title":{"rendered":"Propos x\u00e9nophobes envers Belaili : sanction l\u00e9g\u00e8re contre Reims"},"content":{"rendered":"\n<p>Le stade du club de Ligue 1 fran\u00e7aise,\u00a0Reims, a \u00e9t\u00e9\u00a0sanctionn\u00e9 d&rsquo;une fermeture avec sursis, pour un match, d&rsquo;une petite partie\u00a0de sa tribune, suite aux propos x\u00e9nophobes dont a fait l&rsquo;objet l&rsquo;ailier\u00a0international alg\u00e9rien du Stade Brestois Youcef Bela\u00efli, lors du match en\u00a0d\u00e9placement face au Stade de Reims (1-1), le 20 f\u00e9vrier dernier, comptant\u00a0pour la 25e journ\u00e9e de la Ligue 1, a annonc\u00e9 la Ligue fran\u00e7aise de football\u00a0professionnelle (LFP) mercredi soir sur son site officiel.\u00a0<\/p>\n\n\n\n<p><em>\u00ab\u00a0Apr\u00e8s lecture du rapport d&rsquo;instruction en pr\u00e9sence des deux clubs, la\u00a0Commission prononce une fermeture pour un match avec sursis du bloc 14 de\u00a0la tribune Meano du stade Auguste Delaune\u00a0\u00bb<\/em>, indique un communiqu\u00e9 de la\u00a0Commission de discipline de la LFP.<\/p>\n\n\n\n<p>Source: <a href=\"https:\/\/www.liberte-algerie.com\/sports\/propos-xenophobes-envers-belaili-sanction-tres-legere-contre-reims-374660\" target=\"_blank\" rel=\"noopener\">Propos x\u00e9nophobes envers Belaili: sanction tr\u00e8s l\u00e9g\u00e8re contre Reims<\/a><\/p>\n<!--CusAds0-->\n<div style=\"font-size: 0px; height: 0px; line-height: 0px; margin: 0; padding: 0; clear: both;\"><\/div>","protected":false},"excerpt":{"rendered":"<p>Le stade du club de Ligue 1 fran\u00e7aise,\u00a0Reims, a \u00e9t\u00e9\u00a0sanctionn\u00e9 d&rsquo;une fermeture avec sursis, pour un match, d&rsquo;une petite partie\u00a0de sa tribune, suite aux propos x\u00e9nophobes dont a fait l&rsquo;objet l&rsquo;ailier\u00a0international alg\u00e9rien du Stade Brestois Youcef Bela\u00efli, lors du match en\u00a0d\u00e9placement face au Stade de Reims (1-1), le 20 f\u00e9vrier dernier, comptant\u00a0pour la 25e journ\u00e9e<\/p>\n","protected":false},"author":6,"featured_media":27178,"comment_status":"open","ping_status":"open","sticky":false,"template":"","format":"standard","meta":{"footnotes":""},"categories":[6],"tags":[267,266,268],"class_list":["post-27151","post","type-post","status-publish","format-standard","has-post-thumbnail","hentry","category-sport","tag-belaili","tag-propos-xenophobes","tag-reims"],"yoast_head":"<!-- This site is optimized with the Yoast SEO plugin v27.5 - https:\/\/yoast.com\/product\/yoast-seo-wordpress\/ -->\n<title>Propos x\u00e9nophobes envers Belaili : sanction l\u00e9g\u00e8re contre Reims - info algerie<\/title>\n<meta name=\"description\" content=\"Le stade du club de Ligue 1 fran\u00e7aise, Reims, a \u00e9t\u00e9 sanctionn\u00e9 suite aux propos x\u00e9nophobes dont a fait l&#039;objet Youcef Belaili\" \/>\n<meta name=\"robots\" content=\"index, follow, max-snippet:-1, max-image-preview:large, max-video-preview:-1\" \/>\n<link rel=\"canonical\" href=\"https:\/\/www.info-algerie.com\/actualites\/propos-xenophobes-envers-belaili-sanction-tres-legere-contre-reims\/\" \/>\n<meta property=\"og:locale\" content=\"fr_FR\" \/>\n<meta property=\"og:type\" content=\"article\" \/>\n<meta property=\"og:title\" content=\"Propos x\u00e9nophobes envers Belaili : sanction l\u00e9g\u00e8re contre Reims - info algerie\" \/>\n<meta property=\"og:description\" content=\"Le stade du club de Ligue 1 fran\u00e7aise, Reims, a \u00e9t\u00e9 sanctionn\u00e9 suite aux propos x\u00e9nophobes dont a fait l&#039;objet Youcef Belaili\" \/>\n<meta property=\"og:url\" content=\"https:\/\/www.info-algerie.com\/actualites\/propos-xenophobes-envers-belaili-sanction-tres-legere-contre-reims\/\" \/>\n<meta property=\"og:site_name\" content=\"info algerie\" \/>\n<meta property=\"article:publisher\" content=\"https:\/\/www.facebook.com\/infoalgerieactu\" \/>\n<meta property=\"article:published_time\" content=\"2022-03-10T12:28:00+00:00\" \/>\n<meta property=\"article:modified_time\" content=\"2022-03-13T11:14:00+00:00\" \/>\n<meta property=\"og:image\" content=\"https:\/\/www.info-algerie.com\/actualites\/wp-content\/uploads\/2022\/03\/propos-xenophobes-envers-belaili.jpg\" \/>\n\t<meta property=\"og:image:width\" content=\"620\" \/>\n\t<meta property=\"og:image:height\" content=\"410\" \/>\n\t<meta property=\"og:image:type\" content=\"image\/jpeg\" \/>\n<meta name=\"author\" content=\"La r\u00e9daction\" \/>\n<meta name=\"twitter:label1\" content=\"\u00c9crit par\" \/>\n\t<meta name=\"twitter:data1\" content=\"La r\u00e9daction\" \/>\n\t<meta name=\"twitter:label2\" content=\"Dur\u00e9e de lecture estim\u00e9e\" \/>\n\t<meta name=\"twitter:data2\" content=\"1 minute\" \/>\n<script type=\"application\/ld+json\" class=\"yoast-schema-graph\">{\"@context\":\"https:\\\/\\\/schema.org\",\"@graph\":[{\"@type\":\"Article\",\"@id\":\"https:\\\/\\\/www.info-algerie.com\\\/actualites\\\/propos-xenophobes-envers-belaili-sanction-tres-legere-contre-reims\\\/#article\",\"isPartOf\":{\"@id\":\"https:\\\/\\\/www.info-algerie.com\\\/actualites\\\/propos-xenophobes-envers-belaili-sanction-tres-legere-contre-reims\\\/\"},\"author\":{\"name\":\"La r\u00e9daction\",\"@id\":\"https:\\\/\\\/www.info-algerie.com\\\/actualites\\\/#\\\/schema\\\/person\\\/847aaec44920825b843a08f30ec6aa1e\"},\"headline\":\"Propos x\u00e9nophobes envers Belaili : sanction l\u00e9g\u00e8re contre Reims\",\"datePublished\":\"2022-03-10T12:28:00+00:00\",\"dateModified\":\"2022-03-13T11:14:00+00:00\",\"mainEntityOfPage\":{\"@id\":\"https:\\\/\\\/www.info-algerie.com\\\/actualites\\\/propos-xenophobes-envers-belaili-sanction-tres-legere-contre-reims\\\/\"},\"wordCount\":158,\"commentCount\":0,\"publisher\":{\"@id\":\"https:\\\/\\\/www.info-algerie.com\\\/actualites\\\/#organization\"},\"image\":{\"@id\":\"https:\\\/\\\/www.info-algerie.com\\\/actualites\\\/propos-xenophobes-envers-belaili-sanction-tres-legere-contre-reims\\\/#primaryimage\"},\"thumbnailUrl\":\"https:\\\/\\\/www.info-algerie.com\\\/actualites\\\/wp-content\\\/uploads\\\/2022\\\/03\\\/propos-xenophobes-envers-belaili.jpg\",\"keywords\":[\"belaili\",\"propos x\u00e9nophobes\",\"reims\"],\"articleSection\":[\"sport\"],\"inLanguage\":\"fr-FR\",\"potentialAction\":[{\"@type\":\"CommentAction\",\"name\":\"Comment\",\"target\":[\"https:\\\/\\\/www.info-algerie.com\\\/actualites\\\/propos-xenophobes-envers-belaili-sanction-tres-legere-contre-reims\\\/#respond\"]}]},{\"@type\":\"WebPage\",\"@id\":\"https:\\\/\\\/www.info-algerie.com\\\/actualites\\\/propos-xenophobes-envers-belaili-sanction-tres-legere-contre-reims\\\/\",\"url\":\"https:\\\/\\\/www.info-algerie.com\\\/actualites\\\/propos-xenophobes-envers-belaili-sanction-tres-legere-contre-reims\\\/\",\"name\":\"Propos x\u00e9nophobes envers Belaili : sanction l\u00e9g\u00e8re contre Reims - info algerie\",\"isPartOf\":{\"@id\":\"https:\\\/\\\/www.info-algerie.com\\\/actualites\\\/#website\"},\"primaryImageOfPage\":{\"@id\":\"https:\\\/\\\/www.info-algerie.com\\\/actualites\\\/propos-xenophobes-envers-belaili-sanction-tres-legere-contre-reims\\\/#primaryimage\"},\"image\":{\"@id\":\"https:\\\/\\\/www.info-algerie.com\\\/actualites\\\/propos-xenophobes-envers-belaili-sanction-tres-legere-contre-reims\\\/#primaryimage\"},\"thumbnailUrl\":\"https:\\\/\\\/www.info-algerie.com\\\/actualites\\\/wp-content\\\/uploads\\\/2022\\\/03\\\/propos-xenophobes-envers-belaili.jpg\",\"datePublished\":\"2022-03-10T12:28:00+00:00\",\"dateModified\":\"2022-03-13T11:14:00+00:00\",\"description\":\"Le stade du club de Ligue 1 fran\u00e7aise, Reims, a \u00e9t\u00e9 sanctionn\u00e9 suite aux propos x\u00e9nophobes dont a fait l'objet Youcef Belaili\",\"breadcrumb\":{\"@id\":\"https:\\\/\\\/www.info-algerie.com\\\/actualites\\\/propos-xenophobes-envers-belaili-sanction-tres-legere-contre-reims\\\/#breadcrumb\"},\"inLanguage\":\"fr-FR\",\"potentialAction\":[{\"@type\":\"ReadAction\",\"target\":[\"https:\\\/\\\/www.info-algerie.com\\\/actualites\\\/propos-xenophobes-envers-belaili-sanction-tres-legere-contre-reims\\\/\"]}]},{\"@type\":\"ImageObject\",\"inLanguage\":\"fr-FR\",\"@id\":\"https:\\\/\\\/www.info-algerie.com\\\/actualites\\\/propos-xenophobes-envers-belaili-sanction-tres-legere-contre-reims\\\/#primaryimage\",\"url\":\"https:\\\/\\\/www.info-algerie.com\\\/actualites\\\/wp-content\\\/uploads\\\/2022\\\/03\\\/propos-xenophobes-envers-belaili.jpg\",\"contentUrl\":\"https:\\\/\\\/www.info-algerie.com\\\/actualites\\\/wp-content\\\/uploads\\\/2022\\\/03\\\/propos-xenophobes-envers-belaili.jpg\",\"width\":620,\"height\":410,\"caption\":\"Propos x\u00e9nophobes envers Belaili\"},{\"@type\":\"BreadcrumbList\",\"@id\":\"https:\\\/\\\/www.info-algerie.com\\\/actualites\\\/propos-xenophobes-envers-belaili-sanction-tres-legere-contre-reims\\\/#breadcrumb\",\"itemListElement\":[{\"@type\":\"ListItem\",\"position\":1,\"name\":\"Accueil\",\"item\":\"https:\\\/\\\/www.info-algerie.com\\\/actualites\\\/\"},{\"@type\":\"ListItem\",\"position\":2,\"name\":\"Propos x\u00e9nophobes envers Belaili : sanction l\u00e9g\u00e8re contre Reims\"}]},{\"@type\":\"WebSite\",\"@id\":\"https:\\\/\\\/www.info-algerie.com\\\/actualites\\\/#website\",\"url\":\"https:\\\/\\\/www.info-algerie.com\\\/actualites\\\/\",\"name\":\"info algerie\",\"description\":\"Toutes les actualit\u00e9s\",\"publisher\":{\"@id\":\"https:\\\/\\\/www.info-algerie.com\\\/actualites\\\/#organization\"},\"potentialAction\":[{\"@type\":\"SearchAction\",\"target\":{\"@type\":\"EntryPoint\",\"urlTemplate\":\"https:\\\/\\\/www.info-algerie.com\\\/actualites\\\/?s={search_term_string}\"},\"query-input\":{\"@type\":\"PropertyValueSpecification\",\"valueRequired\":true,\"valueName\":\"search_term_string\"}}],\"inLanguage\":\"fr-FR\"},{\"@type\":\"Organization\",\"@id\":\"https:\\\/\\\/www.info-algerie.com\\\/actualites\\\/#organization\",\"name\":\"info algerie\",\"url\":\"https:\\\/\\\/www.info-algerie.com\\\/actualites\\\/\",\"logo\":{\"@type\":\"ImageObject\",\"inLanguage\":\"fr-FR\",\"@id\":\"https:\\\/\\\/www.info-algerie.com\\\/actualites\\\/#\\\/schema\\\/logo\\\/image\\\/\",\"url\":\"https:\\\/\\\/www.info-algerie.com\\\/actualites\\\/wp-content\\\/uploads\\\/2022\\\/07\\\/logo-ia-120.png\",\"contentUrl\":\"https:\\\/\\\/www.info-algerie.com\\\/actualites\\\/wp-content\\\/uploads\\\/2022\\\/07\\\/logo-ia-120.png\",\"width\":120,\"height\":43,\"caption\":\"info algerie\"},\"image\":{\"@id\":\"https:\\\/\\\/www.info-algerie.com\\\/actualites\\\/#\\\/schema\\\/logo\\\/image\\\/\"},\"sameAs\":[\"https:\\\/\\\/www.facebook.com\\\/infoalgerieactu\",\"https:\\\/\\\/x.com\\\/infoalgerie1\"]},{\"@type\":\"Person\",\"@id\":\"https:\\\/\\\/www.info-algerie.com\\\/actualites\\\/#\\\/schema\\\/person\\\/847aaec44920825b843a08f30ec6aa1e\",\"name\":\"La r\u00e9daction\",\"image\":{\"@type\":\"ImageObject\",\"inLanguage\":\"fr-FR\",\"@id\":\"https:\\\/\\\/secure.gravatar.com\\\/avatar\\\/769db425c6f465158149f1ffd6cf61ce7a8a879d11dfbef8288af36dfddd418c?s=96&d=mm&r=g\",\"url\":\"https:\\\/\\\/secure.gravatar.com\\\/avatar\\\/769db425c6f465158149f1ffd6cf61ce7a8a879d11dfbef8288af36dfddd418c?s=96&d=mm&r=g\",\"contentUrl\":\"https:\\\/\\\/secure.gravatar.com\\\/avatar\\\/769db425c6f465158149f1ffd6cf61ce7a8a879d11dfbef8288af36dfddd418c?s=96&d=mm&r=g\",\"caption\":\"La r\u00e9daction\"},\"sameAs\":[\"http:\\\/\\\/www.lkeria.com\\\/\"],\"url\":\"https:\\\/\\\/www.info-algerie.com\\\/actualites\\\/author\\\/chakib32\\\/\"}]}<\/script>\n<!-- \/ Yoast SEO plugin. -->","yoast_head_json":{"title":"Propos x\u00e9nophobes envers Belaili : sanction l\u00e9g\u00e8re contre Reims - info algerie","description":"Le stade du club de Ligue 1 fran\u00e7aise, Reims, a \u00e9t\u00e9 sanctionn\u00e9 suite aux propos x\u00e9nophobes dont a fait l'objet Youcef Belaili","robots":{"index":"index","follow":"follow","max-snippet":"max-snippet:-1","max-image-preview":"max-image-preview:large","max-video-preview":"max-video-preview:-1"},"canonical":"https:\/\/www.info-algerie.com\/actualites\/propos-xenophobes-envers-belaili-sanction-tres-legere-contre-reims\/","og_locale":"fr_FR","og_type":"article","og_title":"Propos x\u00e9nophobes envers Belaili : sanction l\u00e9g\u00e8re contre Reims - info algerie","og_description":"Le stade du club de Ligue 1 fran\u00e7aise, Reims, a \u00e9t\u00e9 sanctionn\u00e9 suite aux propos x\u00e9nophobes dont a fait l'objet Youcef Belaili","og_url":"https:\/\/www.info-algerie.com\/actualites\/propos-xenophobes-envers-belaili-sanction-tres-legere-contre-reims\/","og_site_name":"info algerie","article_publisher":"https:\/\/www.facebook.com\/infoalgerieactu","article_published_time":"2022-03-10T12:28:00+00:00","article_modified_time":"2022-03-13T11:14:00+00:00","og_image":[{"width":620,"height":410,"url":"https:\/\/www.info-algerie.com\/actualites\/wp-content\/uploads\/2022\/03\/propos-xenophobes-envers-belaili.jpg","type":"image\/jpeg"}],"author":"La r\u00e9daction","twitter_misc":{"\u00c9crit par":"La r\u00e9daction","Dur\u00e9e de lecture estim\u00e9e":"1 minute"},"schema":{"@context":"https:\/\/schema.org","@graph":[{"@type":"Article","@id":"https:\/\/www.info-algerie.com\/actualites\/propos-xenophobes-envers-belaili-sanction-tres-legere-contre-reims\/#article","isPartOf":{"@id":"https:\/\/www.info-algerie.com\/actualites\/propos-xenophobes-envers-belaili-sanction-tres-legere-contre-reims\/"},"author":{"name":"La r\u00e9daction","@id":"https:\/\/www.info-algerie.com\/actualites\/#\/schema\/person\/847aaec44920825b843a08f30ec6aa1e"},"headline":"Propos x\u00e9nophobes envers Belaili : sanction l\u00e9g\u00e8re contre Reims","datePublished":"2022-03-10T12:28:00+00:00","dateModified":"2022-03-13T11:14:00+00:00","mainEntityOfPage":{"@id":"https:\/\/www.info-algerie.com\/actualites\/propos-xenophobes-envers-belaili-sanction-tres-legere-contre-reims\/"},"wordCount":158,"commentCount":0,"publisher":{"@id":"https:\/\/www.info-algerie.com\/actualites\/#organization"},"image":{"@id":"https:\/\/www.info-algerie.com\/actualites\/propos-xenophobes-envers-belaili-sanction-tres-legere-contre-reims\/#primaryimage"},"thumbnailUrl":"https:\/\/www.info-algerie.com\/actualites\/wp-content\/uploads\/2022\/03\/propos-xenophobes-envers-belaili.jpg","keywords":["belaili","propos x\u00e9nophobes","reims"],"articleSection":["sport"],"inLanguage":"fr-FR","potentialAction":[{"@type":"CommentAction","name":"Comment","target":["https:\/\/www.info-algerie.com\/actualites\/propos-xenophobes-envers-belaili-sanction-tres-legere-contre-reims\/#respond"]}]},{"@type":"WebPage","@id":"https:\/\/www.info-algerie.com\/actualites\/propos-xenophobes-envers-belaili-sanction-tres-legere-contre-reims\/","url":"https:\/\/www.info-algerie.com\/actualites\/propos-xenophobes-envers-belaili-sanction-tres-legere-contre-reims\/","name":"Propos x\u00e9nophobes envers Belaili : sanction l\u00e9g\u00e8re contre Reims - info algerie","isPartOf":{"@id":"https:\/\/www.info-algerie.com\/actualites\/#website"},"primaryImageOfPage":{"@id":"https:\/\/www.info-algerie.com\/actualites\/propos-xenophobes-envers-belaili-sanction-tres-legere-contre-reims\/#primaryimage"},"image":{"@id":"https:\/\/www.info-algerie.com\/actualites\/propos-xenophobes-envers-belaili-sanction-tres-legere-contre-reims\/#primaryimage"},"thumbnailUrl":"https:\/\/www.info-algerie.com\/actualites\/wp-content\/uploads\/2022\/03\/propos-xenophobes-envers-belaili.jpg","datePublished":"2022-03-10T12:28:00+00:00","dateModified":"2022-03-13T11:14:00+00:00","description":"Le stade du club de Ligue 1 fran\u00e7aise, Reims, a \u00e9t\u00e9 sanctionn\u00e9 suite aux propos x\u00e9nophobes dont a fait l'objet Youcef Belaili","breadcrumb":{"@id":"https:\/\/www.info-algerie.com\/actualites\/propos-xenophobes-envers-belaili-sanction-tres-legere-contre-reims\/#breadcrumb"},"inLanguage":"fr-FR","potentialAction":[{"@type":"ReadAction","target":["https:\/\/www.info-algerie.com\/actualites\/propos-xenophobes-envers-belaili-sanction-tres-legere-contre-reims\/"]}]},{"@type":"ImageObject","inLanguage":"fr-FR","@id":"https:\/\/www.info-algerie.com\/actualites\/propos-xenophobes-envers-belaili-sanction-tres-legere-contre-reims\/#primaryimage","url":"https:\/\/www.info-algerie.com\/actualites\/wp-content\/uploads\/2022\/03\/propos-xenophobes-envers-belaili.jpg","contentUrl":"https:\/\/www.info-algerie.com\/actualites\/wp-content\/uploads\/2022\/03\/propos-xenophobes-envers-belaili.jpg","width":620,"height":410,"caption":"Propos x\u00e9nophobes envers Belaili"},{"@type":"BreadcrumbList","@id":"https:\/\/www.info-algerie.com\/actualites\/propos-xenophobes-envers-belaili-sanction-tres-legere-contre-reims\/#breadcrumb","itemListElement":[{"@type":"ListItem","position":1,"name":"Accueil","item":"https:\/\/www.info-algerie.com\/actualites\/"},{"@type":"ListItem","position":2,"name":"Propos x\u00e9nophobes envers Belaili : sanction l\u00e9g\u00e8re contre Reims"}]},{"@type":"WebSite","@id":"https:\/\/www.info-algerie.com\/actualites\/#website","url":"https:\/\/www.info-algerie.com\/actualites\/","name":"info algerie","description":"Toutes les actualit\u00e9s","publisher":{"@id":"https:\/\/www.info-algerie.com\/actualites\/#organization"},"potentialAction":[{"@type":"SearchAction","target":{"@type":"EntryPoint","urlTemplate":"https:\/\/www.info-algerie.com\/actualites\/?s={search_term_string}"},"query-input":{"@type":"PropertyValueSpecification","valueRequired":true,"valueName":"search_term_string"}}],"inLanguage":"fr-FR"},{"@type":"Organization","@id":"https:\/\/www.info-algerie.com\/actualites\/#organization","name":"info algerie","url":"https:\/\/www.info-algerie.com\/actualites\/","logo":{"@type":"ImageObject","inLanguage":"fr-FR","@id":"https:\/\/www.info-algerie.com\/actualites\/#\/schema\/logo\/image\/","url":"https:\/\/www.info-algerie.com\/actualites\/wp-content\/uploads\/2022\/07\/logo-ia-120.png","contentUrl":"https:\/\/www.info-algerie.com\/actualites\/wp-content\/uploads\/2022\/07\/logo-ia-120.png","width":120,"height":43,"caption":"info algerie"},"image":{"@id":"https:\/\/www.info-algerie.com\/actualites\/#\/schema\/logo\/image\/"},"sameAs":["https:\/\/www.facebook.com\/infoalgerieactu","https:\/\/x.com\/infoalgerie1"]},{"@type":"Person","@id":"https:\/\/www.info-algerie.com\/actualites\/#\/schema\/person\/847aaec44920825b843a08f30ec6aa1e","name":"La r\u00e9daction","image":{"@type":"ImageObject","inLanguage":"fr-FR","@id":"https:\/\/secure.gravatar.com\/avatar\/769db425c6f465158149f1ffd6cf61ce7a8a879d11dfbef8288af36dfddd418c?s=96&d=mm&r=g","url":"https:\/\/secure.gravatar.com\/avatar\/769db425c6f465158149f1ffd6cf61ce7a8a879d11dfbef8288af36dfddd418c?s=96&d=mm&r=g","contentUrl":"https:\/\/secure.gravatar.com\/avatar\/769db425c6f465158149f1ffd6cf61ce7a8a879d11dfbef8288af36dfddd418c?s=96&d=mm&r=g","caption":"La r\u00e9daction"},"sameAs":["http:\/\/www.lkeria.com\/"],"url":"https:\/\/www.info-algerie.com\/actualites\/author\/chakib32\/"}]}},"_links":{"self":[{"href":"https:\/\/www.info-algerie.com\/actualites\/wp-json\/wp\/v2\/posts\/27151","targetHints":{"allow":["GET"]}}],"collection":[{"href":"https:\/\/www.info-algerie.com\/actualites\/wp-json\/wp\/v2\/posts"}],"about":[{"href":"https:\/\/www.info-algerie.com\/actualites\/wp-json\/wp\/v2\/types\/post"}],"author":[{"embeddable":true,"href":"https:\/\/www.info-algerie.com\/actualites\/wp-json\/wp\/v2\/users\/6"}],"replies":[{"embeddable":true,"href":"https:\/\/www.info-algerie.com\/actualites\/wp-json\/wp\/v2\/comments?post=27151"}],"version-history":[{"count":1,"href":"https:\/\/www.info-algerie.com\/actualites\/wp-json\/wp\/v2\/posts\/27151\/revisions"}],"predecessor-version":[{"id":27179,"href":"https:\/\/www.info-algerie.com\/actualites\/wp-json\/wp\/v2\/posts\/27151\/revisions\/27179"}],"wp:featuredmedia":[{"embeddable":true,"href":"https:\/\/www.info-algerie.com\/actualites\/wp-json\/wp\/v2\/media\/27178"}],"wp:attachment":[{"href":"https:\/\/www.info-algerie.com\/actualites\/wp-json\/wp\/v2\/media?parent=27151"}],"wp:term":[{"taxonomy":"category","embeddable":true,"href":"https:\/\/www.info-algerie.com\/actualites\/wp-json\/wp\/v2\/categories?post=27151"},{"taxonomy":"post_tag","embeddable":true,"href":"https:\/\/www.info-algerie.com\/actualites\/wp-json\/wp\/v2\/tags?post=27151"}],"curies":[{"name":"wp","href":"https:\/\/api.w.org\/{rel}","templated":true}]}}