{"id":27152,"date":"2022-03-10T17:00:00","date_gmt":"2022-03-10T16:00:00","guid":{"rendered":"https:\/\/www.info-algerie.com\/actualites\/mohamed-al-kacimi-al-hoceini-nomme-recteur-de-djamaa-el-djazair\/"},"modified":"2022-03-13T12:16:25","modified_gmt":"2022-03-13T11:16:25","slug":"mohamed-al-kacimi-al-hoceini-nomme-recteur-de-djamaa-el-djazair","status":"publish","type":"post","link":"https:\/\/www.info-algerie.com\/actualites\/mohamed-al-kacimi-al-hoceini-nomme-recteur-de-djamaa-el-djazair\/","title":{"rendered":"Mohamed Al Kacimi Al Hoceini nomm\u00e9 recteur de Djama\u00e2 El-Djaza\u00efr"},"content":{"rendered":"\n<p>Mohamed Ma\u00e2moun Al Kacimi Al Hoceini a \u00e9t\u00e9 nomm\u00e9, ce jeudi, par le pr\u00e9sident Abdelmadjid Tebboune, en tant que recteur de\u00a0Djama\u00e2 El-Djaza\u00efr avec rang de ministre, indique un communiqu\u00e9 de la\u00a0pr\u00e9sidence de la R\u00e9publique.\u00a0<br><em>\u00ab\u00a0Apr\u00e8s consultation du Premier ministre, M. A\u00efmen Benabderrahmane, le\u00a0\u00a0pr\u00e9sident de la R\u00e9publique, M. Abdelmadjid Tebboune, a nomm\u00e9, aujourd&rsquo;hui,\u00a0\u00a0M. Mohamed Ma\u00e2moun Al Kacimi Al Hoceini, recteur de Djama\u00e2 El-Djaza\u00efr avec\u00a0rang de ministre\u00a0\u00bb<\/em>, pr\u00e9cise la m\u00eame source.<\/p>\n\n\n\n<p>Source: <a href=\"https:\/\/www.liberte-algerie.com\/actualite\/mohamed-al-kacimi-al-hoceini-nomme-recteur-de-djamaa-el-djazair-374661\" target=\"_blank\" rel=\"noopener\">Mohamed Al Kacimi Al Hoceini nomm\u00e9 recteur de Djama\u00e2 El-Djaza\u00efr<\/a><\/p>\n<!--CusAds0-->\n<div style=\"font-size: 0px; height: 0px; line-height: 0px; margin: 0; padding: 0; clear: both;\"><\/div>","protected":false},"excerpt":{"rendered":"<p>Mohamed Ma\u00e2moun Al Kacimi Al Hoceini a \u00e9t\u00e9 nomm\u00e9, ce jeudi, par le pr\u00e9sident Abdelmadjid Tebboune, en tant que recteur de\u00a0Djama\u00e2 El-Djaza\u00efr avec rang de ministre, indique un communiqu\u00e9 de la\u00a0pr\u00e9sidence de la R\u00e9publique.\u00a0\u00ab\u00a0Apr\u00e8s consultation du Premier ministre, M. A\u00efmen Benabderrahmane, le\u00a0\u00a0pr\u00e9sident de la R\u00e9publique, M. Abdelmadjid Tebboune, a nomm\u00e9, aujourd&rsquo;hui,\u00a0\u00a0M. Mohamed Ma\u00e2moun Al Kacimi<\/p>\n","protected":false},"author":6,"featured_media":27180,"comment_status":"open","ping_status":"open","sticky":false,"template":"","format":"standard","meta":{"footnotes":""},"categories":[22],"tags":[264,265],"class_list":["post-27152","post","type-post","status-publish","format-standard","has-post-thumbnail","hentry","category-infos","tag-djamaa-el-djazair","tag-recteur"],"yoast_head":"<!-- This site is optimized with the Yoast SEO plugin v27.5 - https:\/\/yoast.com\/product\/yoast-seo-wordpress\/ -->\n<title>Mohamed Al Kacimi Al Hoceini nomm\u00e9 recteur de Djama\u00e2 El-Djaza\u00efr - info algerie<\/title>\n<meta name=\"description\" content=\"Mohamed Ma\u00e2moun Al Kacimi Al Hoceini a \u00e9t\u00e9 nomm\u00e9, ce jeudi, par le pr\u00e9sident Abdelmadjid Tebboune, en tant que recteur de Djama\u00e2 El-Djaza\u00efr\" \/>\n<meta name=\"robots\" content=\"index, follow, max-snippet:-1, max-image-preview:large, max-video-preview:-1\" \/>\n<link rel=\"canonical\" href=\"https:\/\/www.info-algerie.com\/actualites\/mohamed-al-kacimi-al-hoceini-nomme-recteur-de-djamaa-el-djazair\/\" \/>\n<meta property=\"og:locale\" content=\"fr_FR\" \/>\n<meta property=\"og:type\" content=\"article\" \/>\n<meta property=\"og:title\" content=\"Mohamed Al Kacimi Al Hoceini nomm\u00e9 recteur de Djama\u00e2 El-Djaza\u00efr - info algerie\" \/>\n<meta property=\"og:description\" content=\"Mohamed Ma\u00e2moun Al Kacimi Al Hoceini a \u00e9t\u00e9 nomm\u00e9, ce jeudi, par le pr\u00e9sident Abdelmadjid Tebboune, en tant que recteur de Djama\u00e2 El-Djaza\u00efr\" \/>\n<meta property=\"og:url\" content=\"https:\/\/www.info-algerie.com\/actualites\/mohamed-al-kacimi-al-hoceini-nomme-recteur-de-djamaa-el-djazair\/\" \/>\n<meta property=\"og:site_name\" content=\"info algerie\" \/>\n<meta property=\"article:publisher\" content=\"https:\/\/www.facebook.com\/infoalgerieactu\" \/>\n<meta property=\"article:published_time\" content=\"2022-03-10T16:00:00+00:00\" \/>\n<meta property=\"article:modified_time\" content=\"2022-03-13T11:16:25+00:00\" \/>\n<meta property=\"og:image\" content=\"https:\/\/www.info-algerie.com\/actualites\/wp-content\/uploads\/2022\/03\/mohamed-al-kacimi-al-hoceini-recteur-de-djamaa-el-djazair.jpg\" \/>\n\t<meta property=\"og:image:width\" content=\"620\" \/>\n\t<meta property=\"og:image:height\" content=\"412\" \/>\n\t<meta property=\"og:image:type\" content=\"image\/jpeg\" \/>\n<meta name=\"author\" content=\"La r\u00e9daction\" \/>\n<meta name=\"twitter:label1\" content=\"\u00c9crit par\" \/>\n\t<meta name=\"twitter:data1\" content=\"La r\u00e9daction\" \/>\n\t<meta name=\"twitter:label2\" content=\"Dur\u00e9e de lecture estim\u00e9e\" \/>\n\t<meta name=\"twitter:data2\" content=\"1 minute\" \/>\n<script type=\"application\/ld+json\" class=\"yoast-schema-graph\">{\"@context\":\"https:\\\/\\\/schema.org\",\"@graph\":[{\"@type\":\"Article\",\"@id\":\"https:\\\/\\\/www.info-algerie.com\\\/actualites\\\/mohamed-al-kacimi-al-hoceini-nomme-recteur-de-djamaa-el-djazair\\\/#article\",\"isPartOf\":{\"@id\":\"https:\\\/\\\/www.info-algerie.com\\\/actualites\\\/mohamed-al-kacimi-al-hoceini-nomme-recteur-de-djamaa-el-djazair\\\/\"},\"author\":{\"name\":\"La r\u00e9daction\",\"@id\":\"https:\\\/\\\/www.info-algerie.com\\\/actualites\\\/#\\\/schema\\\/person\\\/847aaec44920825b843a08f30ec6aa1e\"},\"headline\":\"Mohamed Al Kacimi Al Hoceini nomm\u00e9 recteur de Djama\u00e2 El-Djaza\u00efr\",\"datePublished\":\"2022-03-10T16:00:00+00:00\",\"dateModified\":\"2022-03-13T11:16:25+00:00\",\"mainEntityOfPage\":{\"@id\":\"https:\\\/\\\/www.info-algerie.com\\\/actualites\\\/mohamed-al-kacimi-al-hoceini-nomme-recteur-de-djamaa-el-djazair\\\/\"},\"wordCount\":111,\"commentCount\":0,\"publisher\":{\"@id\":\"https:\\\/\\\/www.info-algerie.com\\\/actualites\\\/#organization\"},\"image\":{\"@id\":\"https:\\\/\\\/www.info-algerie.com\\\/actualites\\\/mohamed-al-kacimi-al-hoceini-nomme-recteur-de-djamaa-el-djazair\\\/#primaryimage\"},\"thumbnailUrl\":\"https:\\\/\\\/www.info-algerie.com\\\/actualites\\\/wp-content\\\/uploads\\\/2022\\\/03\\\/mohamed-al-kacimi-al-hoceini-recteur-de-djamaa-el-djazair.jpg\",\"keywords\":[\"Djama\u00e2 El-Djaza\u00efr\",\"recteur\"],\"articleSection\":[\"infos\"],\"inLanguage\":\"fr-FR\",\"potentialAction\":[{\"@type\":\"CommentAction\",\"name\":\"Comment\",\"target\":[\"https:\\\/\\\/www.info-algerie.com\\\/actualites\\\/mohamed-al-kacimi-al-hoceini-nomme-recteur-de-djamaa-el-djazair\\\/#respond\"]}]},{\"@type\":\"WebPage\",\"@id\":\"https:\\\/\\\/www.info-algerie.com\\\/actualites\\\/mohamed-al-kacimi-al-hoceini-nomme-recteur-de-djamaa-el-djazair\\\/\",\"url\":\"https:\\\/\\\/www.info-algerie.com\\\/actualites\\\/mohamed-al-kacimi-al-hoceini-nomme-recteur-de-djamaa-el-djazair\\\/\",\"name\":\"Mohamed Al Kacimi Al Hoceini nomm\u00e9 recteur de Djama\u00e2 El-Djaza\u00efr - info algerie\",\"isPartOf\":{\"@id\":\"https:\\\/\\\/www.info-algerie.com\\\/actualites\\\/#website\"},\"primaryImageOfPage\":{\"@id\":\"https:\\\/\\\/www.info-algerie.com\\\/actualites\\\/mohamed-al-kacimi-al-hoceini-nomme-recteur-de-djamaa-el-djazair\\\/#primaryimage\"},\"image\":{\"@id\":\"https:\\\/\\\/www.info-algerie.com\\\/actualites\\\/mohamed-al-kacimi-al-hoceini-nomme-recteur-de-djamaa-el-djazair\\\/#primaryimage\"},\"thumbnailUrl\":\"https:\\\/\\\/www.info-algerie.com\\\/actualites\\\/wp-content\\\/uploads\\\/2022\\\/03\\\/mohamed-al-kacimi-al-hoceini-recteur-de-djamaa-el-djazair.jpg\",\"datePublished\":\"2022-03-10T16:00:00+00:00\",\"dateModified\":\"2022-03-13T11:16:25+00:00\",\"description\":\"Mohamed Ma\u00e2moun Al Kacimi Al Hoceini a \u00e9t\u00e9 nomm\u00e9, ce jeudi, par le pr\u00e9sident Abdelmadjid Tebboune, en tant que recteur de Djama\u00e2 El-Djaza\u00efr\",\"breadcrumb\":{\"@id\":\"https:\\\/\\\/www.info-algerie.com\\\/actualites\\\/mohamed-al-kacimi-al-hoceini-nomme-recteur-de-djamaa-el-djazair\\\/#breadcrumb\"},\"inLanguage\":\"fr-FR\",\"potentialAction\":[{\"@type\":\"ReadAction\",\"target\":[\"https:\\\/\\\/www.info-algerie.com\\\/actualites\\\/mohamed-al-kacimi-al-hoceini-nomme-recteur-de-djamaa-el-djazair\\\/\"]}]},{\"@type\":\"ImageObject\",\"inLanguage\":\"fr-FR\",\"@id\":\"https:\\\/\\\/www.info-algerie.com\\\/actualites\\\/mohamed-al-kacimi-al-hoceini-nomme-recteur-de-djamaa-el-djazair\\\/#primaryimage\",\"url\":\"https:\\\/\\\/www.info-algerie.com\\\/actualites\\\/wp-content\\\/uploads\\\/2022\\\/03\\\/mohamed-al-kacimi-al-hoceini-recteur-de-djamaa-el-djazair.jpg\",\"contentUrl\":\"https:\\\/\\\/www.info-algerie.com\\\/actualites\\\/wp-content\\\/uploads\\\/2022\\\/03\\\/mohamed-al-kacimi-al-hoceini-recteur-de-djamaa-el-djazair.jpg\",\"width\":620,\"height\":412,\"caption\":\"recteur de Djama\u00e2 El-Djaza\u00efr\"},{\"@type\":\"BreadcrumbList\",\"@id\":\"https:\\\/\\\/www.info-algerie.com\\\/actualites\\\/mohamed-al-kacimi-al-hoceini-nomme-recteur-de-djamaa-el-djazair\\\/#breadcrumb\",\"itemListElement\":[{\"@type\":\"ListItem\",\"position\":1,\"name\":\"Accueil\",\"item\":\"https:\\\/\\\/www.info-algerie.com\\\/actualites\\\/\"},{\"@type\":\"ListItem\",\"position\":2,\"name\":\"Mohamed Al Kacimi Al Hoceini nomm\u00e9 recteur de Djama\u00e2 El-Djaza\u00efr\"}]},{\"@type\":\"WebSite\",\"@id\":\"https:\\\/\\\/www.info-algerie.com\\\/actualites\\\/#website\",\"url\":\"https:\\\/\\\/www.info-algerie.com\\\/actualites\\\/\",\"name\":\"info algerie\",\"description\":\"Toutes les actualit\u00e9s\",\"publisher\":{\"@id\":\"https:\\\/\\\/www.info-algerie.com\\\/actualites\\\/#organization\"},\"potentialAction\":[{\"@type\":\"SearchAction\",\"target\":{\"@type\":\"EntryPoint\",\"urlTemplate\":\"https:\\\/\\\/www.info-algerie.com\\\/actualites\\\/?s={search_term_string}\"},\"query-input\":{\"@type\":\"PropertyValueSpecification\",\"valueRequired\":true,\"valueName\":\"search_term_string\"}}],\"inLanguage\":\"fr-FR\"},{\"@type\":\"Organization\",\"@id\":\"https:\\\/\\\/www.info-algerie.com\\\/actualites\\\/#organization\",\"name\":\"info algerie\",\"url\":\"https:\\\/\\\/www.info-algerie.com\\\/actualites\\\/\",\"logo\":{\"@type\":\"ImageObject\",\"inLanguage\":\"fr-FR\",\"@id\":\"https:\\\/\\\/www.info-algerie.com\\\/actualites\\\/#\\\/schema\\\/logo\\\/image\\\/\",\"url\":\"https:\\\/\\\/www.info-algerie.com\\\/actualites\\\/wp-content\\\/uploads\\\/2022\\\/07\\\/logo-ia-120.png\",\"contentUrl\":\"https:\\\/\\\/www.info-algerie.com\\\/actualites\\\/wp-content\\\/uploads\\\/2022\\\/07\\\/logo-ia-120.png\",\"width\":120,\"height\":43,\"caption\":\"info algerie\"},\"image\":{\"@id\":\"https:\\\/\\\/www.info-algerie.com\\\/actualites\\\/#\\\/schema\\\/logo\\\/image\\\/\"},\"sameAs\":[\"https:\\\/\\\/www.facebook.com\\\/infoalgerieactu\",\"https:\\\/\\\/x.com\\\/infoalgerie1\"]},{\"@type\":\"Person\",\"@id\":\"https:\\\/\\\/www.info-algerie.com\\\/actualites\\\/#\\\/schema\\\/person\\\/847aaec44920825b843a08f30ec6aa1e\",\"name\":\"La r\u00e9daction\",\"image\":{\"@type\":\"ImageObject\",\"inLanguage\":\"fr-FR\",\"@id\":\"https:\\\/\\\/secure.gravatar.com\\\/avatar\\\/769db425c6f465158149f1ffd6cf61ce7a8a879d11dfbef8288af36dfddd418c?s=96&d=mm&r=g\",\"url\":\"https:\\\/\\\/secure.gravatar.com\\\/avatar\\\/769db425c6f465158149f1ffd6cf61ce7a8a879d11dfbef8288af36dfddd418c?s=96&d=mm&r=g\",\"contentUrl\":\"https:\\\/\\\/secure.gravatar.com\\\/avatar\\\/769db425c6f465158149f1ffd6cf61ce7a8a879d11dfbef8288af36dfddd418c?s=96&d=mm&r=g\",\"caption\":\"La r\u00e9daction\"},\"sameAs\":[\"http:\\\/\\\/www.lkeria.com\\\/\"],\"url\":\"https:\\\/\\\/www.info-algerie.com\\\/actualites\\\/author\\\/chakib32\\\/\"}]}<\/script>\n<!-- \/ Yoast SEO plugin. -->","yoast_head_json":{"title":"Mohamed Al Kacimi Al Hoceini nomm\u00e9 recteur de Djama\u00e2 El-Djaza\u00efr - info algerie","description":"Mohamed Ma\u00e2moun Al Kacimi Al Hoceini a \u00e9t\u00e9 nomm\u00e9, ce jeudi, par le pr\u00e9sident Abdelmadjid Tebboune, en tant que recteur de Djama\u00e2 El-Djaza\u00efr","robots":{"index":"index","follow":"follow","max-snippet":"max-snippet:-1","max-image-preview":"max-image-preview:large","max-video-preview":"max-video-preview:-1"},"canonical":"https:\/\/www.info-algerie.com\/actualites\/mohamed-al-kacimi-al-hoceini-nomme-recteur-de-djamaa-el-djazair\/","og_locale":"fr_FR","og_type":"article","og_title":"Mohamed Al Kacimi Al Hoceini nomm\u00e9 recteur de Djama\u00e2 El-Djaza\u00efr - info algerie","og_description":"Mohamed Ma\u00e2moun Al Kacimi Al Hoceini a \u00e9t\u00e9 nomm\u00e9, ce jeudi, par le pr\u00e9sident Abdelmadjid Tebboune, en tant que recteur de Djama\u00e2 El-Djaza\u00efr","og_url":"https:\/\/www.info-algerie.com\/actualites\/mohamed-al-kacimi-al-hoceini-nomme-recteur-de-djamaa-el-djazair\/","og_site_name":"info algerie","article_publisher":"https:\/\/www.facebook.com\/infoalgerieactu","article_published_time":"2022-03-10T16:00:00+00:00","article_modified_time":"2022-03-13T11:16:25+00:00","og_image":[{"width":620,"height":412,"url":"https:\/\/www.info-algerie.com\/actualites\/wp-content\/uploads\/2022\/03\/mohamed-al-kacimi-al-hoceini-recteur-de-djamaa-el-djazair.jpg","type":"image\/jpeg"}],"author":"La r\u00e9daction","twitter_misc":{"\u00c9crit par":"La r\u00e9daction","Dur\u00e9e de lecture estim\u00e9e":"1 minute"},"schema":{"@context":"https:\/\/schema.org","@graph":[{"@type":"Article","@id":"https:\/\/www.info-algerie.com\/actualites\/mohamed-al-kacimi-al-hoceini-nomme-recteur-de-djamaa-el-djazair\/#article","isPartOf":{"@id":"https:\/\/www.info-algerie.com\/actualites\/mohamed-al-kacimi-al-hoceini-nomme-recteur-de-djamaa-el-djazair\/"},"author":{"name":"La r\u00e9daction","@id":"https:\/\/www.info-algerie.com\/actualites\/#\/schema\/person\/847aaec44920825b843a08f30ec6aa1e"},"headline":"Mohamed Al Kacimi Al Hoceini nomm\u00e9 recteur de Djama\u00e2 El-Djaza\u00efr","datePublished":"2022-03-10T16:00:00+00:00","dateModified":"2022-03-13T11:16:25+00:00","mainEntityOfPage":{"@id":"https:\/\/www.info-algerie.com\/actualites\/mohamed-al-kacimi-al-hoceini-nomme-recteur-de-djamaa-el-djazair\/"},"wordCount":111,"commentCount":0,"publisher":{"@id":"https:\/\/www.info-algerie.com\/actualites\/#organization"},"image":{"@id":"https:\/\/www.info-algerie.com\/actualites\/mohamed-al-kacimi-al-hoceini-nomme-recteur-de-djamaa-el-djazair\/#primaryimage"},"thumbnailUrl":"https:\/\/www.info-algerie.com\/actualites\/wp-content\/uploads\/2022\/03\/mohamed-al-kacimi-al-hoceini-recteur-de-djamaa-el-djazair.jpg","keywords":["Djama\u00e2 El-Djaza\u00efr","recteur"],"articleSection":["infos"],"inLanguage":"fr-FR","potentialAction":[{"@type":"CommentAction","name":"Comment","target":["https:\/\/www.info-algerie.com\/actualites\/mohamed-al-kacimi-al-hoceini-nomme-recteur-de-djamaa-el-djazair\/#respond"]}]},{"@type":"WebPage","@id":"https:\/\/www.info-algerie.com\/actualites\/mohamed-al-kacimi-al-hoceini-nomme-recteur-de-djamaa-el-djazair\/","url":"https:\/\/www.info-algerie.com\/actualites\/mohamed-al-kacimi-al-hoceini-nomme-recteur-de-djamaa-el-djazair\/","name":"Mohamed Al Kacimi Al Hoceini nomm\u00e9 recteur de Djama\u00e2 El-Djaza\u00efr - info algerie","isPartOf":{"@id":"https:\/\/www.info-algerie.com\/actualites\/#website"},"primaryImageOfPage":{"@id":"https:\/\/www.info-algerie.com\/actualites\/mohamed-al-kacimi-al-hoceini-nomme-recteur-de-djamaa-el-djazair\/#primaryimage"},"image":{"@id":"https:\/\/www.info-algerie.com\/actualites\/mohamed-al-kacimi-al-hoceini-nomme-recteur-de-djamaa-el-djazair\/#primaryimage"},"thumbnailUrl":"https:\/\/www.info-algerie.com\/actualites\/wp-content\/uploads\/2022\/03\/mohamed-al-kacimi-al-hoceini-recteur-de-djamaa-el-djazair.jpg","datePublished":"2022-03-10T16:00:00+00:00","dateModified":"2022-03-13T11:16:25+00:00","description":"Mohamed Ma\u00e2moun Al Kacimi Al Hoceini a \u00e9t\u00e9 nomm\u00e9, ce jeudi, par le pr\u00e9sident Abdelmadjid Tebboune, en tant que recteur de Djama\u00e2 El-Djaza\u00efr","breadcrumb":{"@id":"https:\/\/www.info-algerie.com\/actualites\/mohamed-al-kacimi-al-hoceini-nomme-recteur-de-djamaa-el-djazair\/#breadcrumb"},"inLanguage":"fr-FR","potentialAction":[{"@type":"ReadAction","target":["https:\/\/www.info-algerie.com\/actualites\/mohamed-al-kacimi-al-hoceini-nomme-recteur-de-djamaa-el-djazair\/"]}]},{"@type":"ImageObject","inLanguage":"fr-FR","@id":"https:\/\/www.info-algerie.com\/actualites\/mohamed-al-kacimi-al-hoceini-nomme-recteur-de-djamaa-el-djazair\/#primaryimage","url":"https:\/\/www.info-algerie.com\/actualites\/wp-content\/uploads\/2022\/03\/mohamed-al-kacimi-al-hoceini-recteur-de-djamaa-el-djazair.jpg","contentUrl":"https:\/\/www.info-algerie.com\/actualites\/wp-content\/uploads\/2022\/03\/mohamed-al-kacimi-al-hoceini-recteur-de-djamaa-el-djazair.jpg","width":620,"height":412,"caption":"recteur de Djama\u00e2 El-Djaza\u00efr"},{"@type":"BreadcrumbList","@id":"https:\/\/www.info-algerie.com\/actualites\/mohamed-al-kacimi-al-hoceini-nomme-recteur-de-djamaa-el-djazair\/#breadcrumb","itemListElement":[{"@type":"ListItem","position":1,"name":"Accueil","item":"https:\/\/www.info-algerie.com\/actualites\/"},{"@type":"ListItem","position":2,"name":"Mohamed Al Kacimi Al Hoceini nomm\u00e9 recteur de Djama\u00e2 El-Djaza\u00efr"}]},{"@type":"WebSite","@id":"https:\/\/www.info-algerie.com\/actualites\/#website","url":"https:\/\/www.info-algerie.com\/actualites\/","name":"info algerie","description":"Toutes les actualit\u00e9s","publisher":{"@id":"https:\/\/www.info-algerie.com\/actualites\/#organization"},"potentialAction":[{"@type":"SearchAction","target":{"@type":"EntryPoint","urlTemplate":"https:\/\/www.info-algerie.com\/actualites\/?s={search_term_string}"},"query-input":{"@type":"PropertyValueSpecification","valueRequired":true,"valueName":"search_term_string"}}],"inLanguage":"fr-FR"},{"@type":"Organization","@id":"https:\/\/www.info-algerie.com\/actualites\/#organization","name":"info algerie","url":"https:\/\/www.info-algerie.com\/actualites\/","logo":{"@type":"ImageObject","inLanguage":"fr-FR","@id":"https:\/\/www.info-algerie.com\/actualites\/#\/schema\/logo\/image\/","url":"https:\/\/www.info-algerie.com\/actualites\/wp-content\/uploads\/2022\/07\/logo-ia-120.png","contentUrl":"https:\/\/www.info-algerie.com\/actualites\/wp-content\/uploads\/2022\/07\/logo-ia-120.png","width":120,"height":43,"caption":"info algerie"},"image":{"@id":"https:\/\/www.info-algerie.com\/actualites\/#\/schema\/logo\/image\/"},"sameAs":["https:\/\/www.facebook.com\/infoalgerieactu","https:\/\/x.com\/infoalgerie1"]},{"@type":"Person","@id":"https:\/\/www.info-algerie.com\/actualites\/#\/schema\/person\/847aaec44920825b843a08f30ec6aa1e","name":"La r\u00e9daction","image":{"@type":"ImageObject","inLanguage":"fr-FR","@id":"https:\/\/secure.gravatar.com\/avatar\/769db425c6f465158149f1ffd6cf61ce7a8a879d11dfbef8288af36dfddd418c?s=96&d=mm&r=g","url":"https:\/\/secure.gravatar.com\/avatar\/769db425c6f465158149f1ffd6cf61ce7a8a879d11dfbef8288af36dfddd418c?s=96&d=mm&r=g","contentUrl":"https:\/\/secure.gravatar.com\/avatar\/769db425c6f465158149f1ffd6cf61ce7a8a879d11dfbef8288af36dfddd418c?s=96&d=mm&r=g","caption":"La r\u00e9daction"},"sameAs":["http:\/\/www.lkeria.com\/"],"url":"https:\/\/www.info-algerie.com\/actualites\/author\/chakib32\/"}]}},"_links":{"self":[{"href":"https:\/\/www.info-algerie.com\/actualites\/wp-json\/wp\/v2\/posts\/27152","targetHints":{"allow":["GET"]}}],"collection":[{"href":"https:\/\/www.info-algerie.com\/actualites\/wp-json\/wp\/v2\/posts"}],"about":[{"href":"https:\/\/www.info-algerie.com\/actualites\/wp-json\/wp\/v2\/types\/post"}],"author":[{"embeddable":true,"href":"https:\/\/www.info-algerie.com\/actualites\/wp-json\/wp\/v2\/users\/6"}],"replies":[{"embeddable":true,"href":"https:\/\/www.info-algerie.com\/actualites\/wp-json\/wp\/v2\/comments?post=27152"}],"version-history":[{"count":1,"href":"https:\/\/www.info-algerie.com\/actualites\/wp-json\/wp\/v2\/posts\/27152\/revisions"}],"predecessor-version":[{"id":27181,"href":"https:\/\/www.info-algerie.com\/actualites\/wp-json\/wp\/v2\/posts\/27152\/revisions\/27181"}],"wp:featuredmedia":[{"embeddable":true,"href":"https:\/\/www.info-algerie.com\/actualites\/wp-json\/wp\/v2\/media\/27180"}],"wp:attachment":[{"href":"https:\/\/www.info-algerie.com\/actualites\/wp-json\/wp\/v2\/media?parent=27152"}],"wp:term":[{"taxonomy":"category","embeddable":true,"href":"https:\/\/www.info-algerie.com\/actualites\/wp-json\/wp\/v2\/categories?post=27152"},{"taxonomy":"post_tag","embeddable":true,"href":"https:\/\/www.info-algerie.com\/actualites\/wp-json\/wp\/v2\/tags?post=27152"}],"curies":[{"name":"wp","href":"https:\/\/api.w.org\/{rel}","templated":true}]}}