{"id":27237,"date":"2022-03-15T12:00:00","date_gmt":"2022-03-15T11:00:00","guid":{"rendered":"https:\/\/www.info-algerie.com\/actualites\/des-independantistes-reclament-un-nouveau-referendum\/"},"modified":"2022-03-16T15:00:45","modified_gmt":"2022-03-16T14:00:45","slug":"des-independantistes-reclament-un-nouveau-referendum","status":"publish","type":"post","link":"https:\/\/www.info-algerie.com\/actualites\/des-independantistes-reclament-un-nouveau-referendum\/","title":{"rendered":"Nouvelle-Cal\u00e9donie : des ind\u00e9pendantistes r\u00e9clament un nouveau r\u00e9f\u00e9rendum"},"content":{"rendered":"\n<p>Des ind\u00e9pendantistes r\u00e9clament un nouveau r\u00e9f\u00e9rendum d\u2019autod\u00e9termination en Nouvelle-Cal\u00e9donie d\u2019ici \u00e0 2024, ne reconnaissant pas la validit\u00e9 de celui du 12 d\u00e9cembre qu\u2019ils avaient boycott\u00e9 dans l\u2019archipel fran\u00e7ais de l\u2019oc\u00e9an Pacifique. \u201cOn n\u2019a pas valid\u00e9 le r\u00e9f\u00e9rendum (du 12 d\u00e9cembre 2021) qui n\u2019a pas de fondement dans le cadre d\u2019un processus de d\u00e9colonisation puisque le peuple kanak, peuple colonis\u00e9, n\u2019y a pas particip\u00e9\u201d, a d\u00e9clar\u00e9 \u00e0 l\u2019AFP Charles Washetine, porte-parole du Palika, l\u2019une des principales composantes du Front de lib\u00e9ration nationale kanak et socialiste (FLNKS), r\u00e9unie en congr\u00e8s samedi et dimanche.&nbsp;<\/p>\n\n\n\n<p>\u201cNous souhaitons d\u00e9sormais faire aboutir le processus de l\u2019accord de Noum\u00e9a (1998) au cours de cette mandature avec l\u2019organisation d\u2019ici \u00e0 2024 d\u2019un autre r\u00e9f\u00e9rendum d\u2019autod\u00e9termination\u201d, a ajout\u00e9 M. Washetine, appelant \u00e0 l\u2019ouverture de n\u00e9gociations avec l\u2019\u00c9tat fran\u00e7ais \u201cd\u00e8s le mois prochain\u201d. Le Palika entend placer le scrutin sous la supervision des Nations unies. Les Cal\u00e9doniens sont engag\u00e9s dans ce processus depuis les ann\u00e9es 1980, quand leur territoire, colonis\u00e9 par la France au XIXe si\u00e8cle, a connu une p\u00e9riode de troubles qui a culmin\u00e9 avec la prise d\u2019otages et l\u2019assaut de la grotte d\u2019Ouv\u00e9a en mai 1988, au cours desquels 19 militants kanaks et six militaires ont \u00e9t\u00e9 tu\u00e9s.&nbsp;<\/p>\n\n\n\n<p>Moins de deux mois apr\u00e8s ce drame, ind\u00e9pendantistes et loyalistes arrivaient \u00e0 conclure les accords de Matignon qui revoyaient la r\u00e9partition des pouvoirs en Nouvelle-Cal\u00e9donie et scellaient la r\u00e9conciliation entre les Kanaks, premiers habitants de Nouvelle-Cal\u00e9donie, et les Caldoches, descendants des colons blancs, apr\u00e8s des ann\u00e9es de tensions et de violences. Dix ans plus tard, la signature de l\u2019accord de Noum\u00e9a instaurait un processus de d\u00e9colonisation sur vingt ans.&nbsp;<\/p>\n\n\n\n<p>Cet accord pr\u00e9voyait une succession de trois r\u00e9f\u00e9rendums pour demander aux habitants s\u2019ils voulaient que l\u2019\u00eele \u201cacc\u00e8de \u00e0 la pleine souverainet\u00e9 et devienne ind\u00e9pendante\u201d. Il s\u2019agissait du premier congr\u00e8s ind\u00e9pendantiste depuis le troisi\u00e8me r\u00e9f\u00e9rendum sur l\u2019ind\u00e9pendance de d\u00e9cembre, auquel les ind\u00e9pendantistes n\u2019ont pas voulu prendre part car ils en demandaient le report, en raison de l\u2019\u00e9pid\u00e9mie de Covid-19.&nbsp;<\/p>\n\n\n\n<p>Les loyalistes ont remport\u00e9 une victoire \u00e9crasante (96,5%) mais le scrutin a \u00e9t\u00e9 marqu\u00e9 par une faible participation (43,9%). L\u2019Union cal\u00e9donienne, l\u2019autre locomotive de la coalition ind\u00e9pendantiste, tient pour sa part un congr\u00e8s mi-avril avant un congr\u00e8s d\u00e9but mai du FLNKS, qui arr\u00eatera \u201cla strat\u00e9gie de n\u00e9gociations avec l\u2019\u00c9tat\u201d.<\/p>\n\n\n\n<p>Source: <a href=\"https:\/\/www.liberte-algerie.com\/international\/des-independantistes-reclament-un-nouveau-referendum-374872\" target=\"_blank\" rel=\"noopener\">Des ind\u00e9pendantistes r\u00e9clament un nouveau r\u00e9f\u00e9rendum<\/a><\/p>\n<!--CusAds0-->\n<div style=\"font-size: 0px; height: 0px; line-height: 0px; margin: 0; padding: 0; clear: both;\"><\/div>","protected":false},"excerpt":{"rendered":"<p>Des ind\u00e9pendantistes r\u00e9clament un nouveau r\u00e9f\u00e9rendum d\u2019autod\u00e9termination en Nouvelle-Cal\u00e9donie d\u2019ici \u00e0 2024, ne reconnaissant pas la validit\u00e9 de celui du 12 d\u00e9cembre qu\u2019ils avaient boycott\u00e9 dans l\u2019archipel fran\u00e7ais de l\u2019oc\u00e9an Pacifique. \u201cOn n\u2019a pas valid\u00e9 le r\u00e9f\u00e9rendum (du 12 d\u00e9cembre 2021) qui n\u2019a pas de fondement dans le cadre d\u2019un processus de d\u00e9colonisation puisque le<\/p>\n","protected":false},"author":6,"featured_media":27248,"comment_status":"open","ping_status":"open","sticky":false,"template":"","format":"standard","meta":{"footnotes":""},"categories":[11],"tags":[289],"class_list":["post-27237","post","type-post","status-publish","format-standard","has-post-thumbnail","hentry","category-monde","tag-nouvelle-caledonie"],"yoast_head":"<!-- This site is optimized with the Yoast SEO plugin v27.5 - https:\/\/yoast.com\/product\/yoast-seo-wordpress\/ -->\n<title>Nouvelle-Cal\u00e9donie : des ind\u00e9pendantistes r\u00e9clament un nouveau r\u00e9f\u00e9rendum - info algerie<\/title>\n<meta name=\"robots\" content=\"index, follow, max-snippet:-1, max-image-preview:large, max-video-preview:-1\" \/>\n<link rel=\"canonical\" href=\"https:\/\/www.info-algerie.com\/actualites\/des-independantistes-reclament-un-nouveau-referendum\/\" \/>\n<meta property=\"og:locale\" content=\"fr_FR\" \/>\n<meta property=\"og:type\" content=\"article\" \/>\n<meta property=\"og:title\" content=\"Nouvelle-Cal\u00e9donie : des ind\u00e9pendantistes r\u00e9clament un nouveau r\u00e9f\u00e9rendum - info algerie\" \/>\n<meta property=\"og:description\" content=\"Des ind\u00e9pendantistes r\u00e9clament un nouveau r\u00e9f\u00e9rendum d\u2019autod\u00e9termination en Nouvelle-Cal\u00e9donie d\u2019ici \u00e0 2024, ne reconnaissant pas la validit\u00e9 de celui du 12 d\u00e9cembre qu\u2019ils avaient boycott\u00e9 dans l\u2019archipel fran\u00e7ais de l\u2019oc\u00e9an Pacifique. \u201cOn n\u2019a pas valid\u00e9 le r\u00e9f\u00e9rendum (du 12 d\u00e9cembre 2021) qui n\u2019a pas de fondement dans le cadre d\u2019un processus de d\u00e9colonisation puisque le\" \/>\n<meta property=\"og:url\" content=\"https:\/\/www.info-algerie.com\/actualites\/des-independantistes-reclament-un-nouveau-referendum\/\" \/>\n<meta property=\"og:site_name\" content=\"info algerie\" \/>\n<meta property=\"article:publisher\" content=\"https:\/\/www.facebook.com\/infoalgerieactu\" \/>\n<meta property=\"article:published_time\" content=\"2022-03-15T11:00:00+00:00\" \/>\n<meta property=\"article:modified_time\" content=\"2022-03-16T14:00:45+00:00\" \/>\n<meta property=\"og:image\" content=\"https:\/\/www.info-algerie.com\/actualites\/wp-content\/uploads\/2022\/03\/nouvelle-caledonie-referundum.webp\" \/>\n\t<meta property=\"og:image:width\" content=\"740\" \/>\n\t<meta property=\"og:image:height\" content=\"431\" \/>\n\t<meta property=\"og:image:type\" content=\"image\/webp\" \/>\n<meta name=\"author\" content=\"La r\u00e9daction\" \/>\n<meta name=\"twitter:label1\" content=\"\u00c9crit par\" \/>\n\t<meta name=\"twitter:data1\" content=\"La r\u00e9daction\" \/>\n\t<meta name=\"twitter:label2\" content=\"Dur\u00e9e de lecture estim\u00e9e\" \/>\n\t<meta name=\"twitter:data2\" content=\"2 minutes\" \/>\n<script type=\"application\/ld+json\" class=\"yoast-schema-graph\">{\"@context\":\"https:\\\/\\\/schema.org\",\"@graph\":[{\"@type\":\"Article\",\"@id\":\"https:\\\/\\\/www.info-algerie.com\\\/actualites\\\/des-independantistes-reclament-un-nouveau-referendum\\\/#article\",\"isPartOf\":{\"@id\":\"https:\\\/\\\/www.info-algerie.com\\\/actualites\\\/des-independantistes-reclament-un-nouveau-referendum\\\/\"},\"author\":{\"name\":\"La r\u00e9daction\",\"@id\":\"https:\\\/\\\/www.info-algerie.com\\\/actualites\\\/#\\\/schema\\\/person\\\/847aaec44920825b843a08f30ec6aa1e\"},\"headline\":\"Nouvelle-Cal\u00e9donie : des ind\u00e9pendantistes r\u00e9clament un nouveau r\u00e9f\u00e9rendum\",\"datePublished\":\"2022-03-15T11:00:00+00:00\",\"dateModified\":\"2022-03-16T14:00:45+00:00\",\"mainEntityOfPage\":{\"@id\":\"https:\\\/\\\/www.info-algerie.com\\\/actualites\\\/des-independantistes-reclament-un-nouveau-referendum\\\/\"},\"wordCount\":481,\"commentCount\":0,\"publisher\":{\"@id\":\"https:\\\/\\\/www.info-algerie.com\\\/actualites\\\/#organization\"},\"image\":{\"@id\":\"https:\\\/\\\/www.info-algerie.com\\\/actualites\\\/des-independantistes-reclament-un-nouveau-referendum\\\/#primaryimage\"},\"thumbnailUrl\":\"https:\\\/\\\/www.info-algerie.com\\\/actualites\\\/wp-content\\\/uploads\\\/2022\\\/03\\\/nouvelle-caledonie-referundum.webp\",\"keywords\":[\"Nouvelle-Cal\u00e9donie\"],\"articleSection\":[\"Monde\"],\"inLanguage\":\"fr-FR\",\"potentialAction\":[{\"@type\":\"CommentAction\",\"name\":\"Comment\",\"target\":[\"https:\\\/\\\/www.info-algerie.com\\\/actualites\\\/des-independantistes-reclament-un-nouveau-referendum\\\/#respond\"]}]},{\"@type\":\"WebPage\",\"@id\":\"https:\\\/\\\/www.info-algerie.com\\\/actualites\\\/des-independantistes-reclament-un-nouveau-referendum\\\/\",\"url\":\"https:\\\/\\\/www.info-algerie.com\\\/actualites\\\/des-independantistes-reclament-un-nouveau-referendum\\\/\",\"name\":\"Nouvelle-Cal\u00e9donie : des ind\u00e9pendantistes r\u00e9clament un nouveau r\u00e9f\u00e9rendum - info algerie\",\"isPartOf\":{\"@id\":\"https:\\\/\\\/www.info-algerie.com\\\/actualites\\\/#website\"},\"primaryImageOfPage\":{\"@id\":\"https:\\\/\\\/www.info-algerie.com\\\/actualites\\\/des-independantistes-reclament-un-nouveau-referendum\\\/#primaryimage\"},\"image\":{\"@id\":\"https:\\\/\\\/www.info-algerie.com\\\/actualites\\\/des-independantistes-reclament-un-nouveau-referendum\\\/#primaryimage\"},\"thumbnailUrl\":\"https:\\\/\\\/www.info-algerie.com\\\/actualites\\\/wp-content\\\/uploads\\\/2022\\\/03\\\/nouvelle-caledonie-referundum.webp\",\"datePublished\":\"2022-03-15T11:00:00+00:00\",\"dateModified\":\"2022-03-16T14:00:45+00:00\",\"breadcrumb\":{\"@id\":\"https:\\\/\\\/www.info-algerie.com\\\/actualites\\\/des-independantistes-reclament-un-nouveau-referendum\\\/#breadcrumb\"},\"inLanguage\":\"fr-FR\",\"potentialAction\":[{\"@type\":\"ReadAction\",\"target\":[\"https:\\\/\\\/www.info-algerie.com\\\/actualites\\\/des-independantistes-reclament-un-nouveau-referendum\\\/\"]}]},{\"@type\":\"ImageObject\",\"inLanguage\":\"fr-FR\",\"@id\":\"https:\\\/\\\/www.info-algerie.com\\\/actualites\\\/des-independantistes-reclament-un-nouveau-referendum\\\/#primaryimage\",\"url\":\"https:\\\/\\\/www.info-algerie.com\\\/actualites\\\/wp-content\\\/uploads\\\/2022\\\/03\\\/nouvelle-caledonie-referundum.webp\",\"contentUrl\":\"https:\\\/\\\/www.info-algerie.com\\\/actualites\\\/wp-content\\\/uploads\\\/2022\\\/03\\\/nouvelle-caledonie-referundum.webp\",\"width\":740,\"height\":431},{\"@type\":\"BreadcrumbList\",\"@id\":\"https:\\\/\\\/www.info-algerie.com\\\/actualites\\\/des-independantistes-reclament-un-nouveau-referendum\\\/#breadcrumb\",\"itemListElement\":[{\"@type\":\"ListItem\",\"position\":1,\"name\":\"Accueil\",\"item\":\"https:\\\/\\\/www.info-algerie.com\\\/actualites\\\/\"},{\"@type\":\"ListItem\",\"position\":2,\"name\":\"Nouvelle-Cal\u00e9donie : des ind\u00e9pendantistes r\u00e9clament un nouveau r\u00e9f\u00e9rendum\"}]},{\"@type\":\"WebSite\",\"@id\":\"https:\\\/\\\/www.info-algerie.com\\\/actualites\\\/#website\",\"url\":\"https:\\\/\\\/www.info-algerie.com\\\/actualites\\\/\",\"name\":\"info algerie\",\"description\":\"Toutes les actualit\u00e9s\",\"publisher\":{\"@id\":\"https:\\\/\\\/www.info-algerie.com\\\/actualites\\\/#organization\"},\"potentialAction\":[{\"@type\":\"SearchAction\",\"target\":{\"@type\":\"EntryPoint\",\"urlTemplate\":\"https:\\\/\\\/www.info-algerie.com\\\/actualites\\\/?s={search_term_string}\"},\"query-input\":{\"@type\":\"PropertyValueSpecification\",\"valueRequired\":true,\"valueName\":\"search_term_string\"}}],\"inLanguage\":\"fr-FR\"},{\"@type\":\"Organization\",\"@id\":\"https:\\\/\\\/www.info-algerie.com\\\/actualites\\\/#organization\",\"name\":\"info algerie\",\"url\":\"https:\\\/\\\/www.info-algerie.com\\\/actualites\\\/\",\"logo\":{\"@type\":\"ImageObject\",\"inLanguage\":\"fr-FR\",\"@id\":\"https:\\\/\\\/www.info-algerie.com\\\/actualites\\\/#\\\/schema\\\/logo\\\/image\\\/\",\"url\":\"https:\\\/\\\/www.info-algerie.com\\\/actualites\\\/wp-content\\\/uploads\\\/2022\\\/07\\\/logo-ia-120.png\",\"contentUrl\":\"https:\\\/\\\/www.info-algerie.com\\\/actualites\\\/wp-content\\\/uploads\\\/2022\\\/07\\\/logo-ia-120.png\",\"width\":120,\"height\":43,\"caption\":\"info algerie\"},\"image\":{\"@id\":\"https:\\\/\\\/www.info-algerie.com\\\/actualites\\\/#\\\/schema\\\/logo\\\/image\\\/\"},\"sameAs\":[\"https:\\\/\\\/www.facebook.com\\\/infoalgerieactu\",\"https:\\\/\\\/x.com\\\/infoalgerie1\"]},{\"@type\":\"Person\",\"@id\":\"https:\\\/\\\/www.info-algerie.com\\\/actualites\\\/#\\\/schema\\\/person\\\/847aaec44920825b843a08f30ec6aa1e\",\"name\":\"La r\u00e9daction\",\"image\":{\"@type\":\"ImageObject\",\"inLanguage\":\"fr-FR\",\"@id\":\"https:\\\/\\\/secure.gravatar.com\\\/avatar\\\/769db425c6f465158149f1ffd6cf61ce7a8a879d11dfbef8288af36dfddd418c?s=96&d=mm&r=g\",\"url\":\"https:\\\/\\\/secure.gravatar.com\\\/avatar\\\/769db425c6f465158149f1ffd6cf61ce7a8a879d11dfbef8288af36dfddd418c?s=96&d=mm&r=g\",\"contentUrl\":\"https:\\\/\\\/secure.gravatar.com\\\/avatar\\\/769db425c6f465158149f1ffd6cf61ce7a8a879d11dfbef8288af36dfddd418c?s=96&d=mm&r=g\",\"caption\":\"La r\u00e9daction\"},\"sameAs\":[\"http:\\\/\\\/www.lkeria.com\\\/\"],\"url\":\"https:\\\/\\\/www.info-algerie.com\\\/actualites\\\/author\\\/chakib32\\\/\"}]}<\/script>\n<!-- \/ Yoast SEO plugin. -->","yoast_head_json":{"title":"Nouvelle-Cal\u00e9donie : des ind\u00e9pendantistes r\u00e9clament un nouveau r\u00e9f\u00e9rendum - info algerie","robots":{"index":"index","follow":"follow","max-snippet":"max-snippet:-1","max-image-preview":"max-image-preview:large","max-video-preview":"max-video-preview:-1"},"canonical":"https:\/\/www.info-algerie.com\/actualites\/des-independantistes-reclament-un-nouveau-referendum\/","og_locale":"fr_FR","og_type":"article","og_title":"Nouvelle-Cal\u00e9donie : des ind\u00e9pendantistes r\u00e9clament un nouveau r\u00e9f\u00e9rendum - info algerie","og_description":"Des ind\u00e9pendantistes r\u00e9clament un nouveau r\u00e9f\u00e9rendum d\u2019autod\u00e9termination en Nouvelle-Cal\u00e9donie d\u2019ici \u00e0 2024, ne reconnaissant pas la validit\u00e9 de celui du 12 d\u00e9cembre qu\u2019ils avaient boycott\u00e9 dans l\u2019archipel fran\u00e7ais de l\u2019oc\u00e9an Pacifique. \u201cOn n\u2019a pas valid\u00e9 le r\u00e9f\u00e9rendum (du 12 d\u00e9cembre 2021) qui n\u2019a pas de fondement dans le cadre d\u2019un processus de d\u00e9colonisation puisque le","og_url":"https:\/\/www.info-algerie.com\/actualites\/des-independantistes-reclament-un-nouveau-referendum\/","og_site_name":"info algerie","article_publisher":"https:\/\/www.facebook.com\/infoalgerieactu","article_published_time":"2022-03-15T11:00:00+00:00","article_modified_time":"2022-03-16T14:00:45+00:00","og_image":[{"width":740,"height":431,"url":"https:\/\/www.info-algerie.com\/actualites\/wp-content\/uploads\/2022\/03\/nouvelle-caledonie-referundum.webp","type":"image\/webp"}],"author":"La r\u00e9daction","twitter_misc":{"\u00c9crit par":"La r\u00e9daction","Dur\u00e9e de lecture estim\u00e9e":"2 minutes"},"schema":{"@context":"https:\/\/schema.org","@graph":[{"@type":"Article","@id":"https:\/\/www.info-algerie.com\/actualites\/des-independantistes-reclament-un-nouveau-referendum\/#article","isPartOf":{"@id":"https:\/\/www.info-algerie.com\/actualites\/des-independantistes-reclament-un-nouveau-referendum\/"},"author":{"name":"La r\u00e9daction","@id":"https:\/\/www.info-algerie.com\/actualites\/#\/schema\/person\/847aaec44920825b843a08f30ec6aa1e"},"headline":"Nouvelle-Cal\u00e9donie : des ind\u00e9pendantistes r\u00e9clament un nouveau r\u00e9f\u00e9rendum","datePublished":"2022-03-15T11:00:00+00:00","dateModified":"2022-03-16T14:00:45+00:00","mainEntityOfPage":{"@id":"https:\/\/www.info-algerie.com\/actualites\/des-independantistes-reclament-un-nouveau-referendum\/"},"wordCount":481,"commentCount":0,"publisher":{"@id":"https:\/\/www.info-algerie.com\/actualites\/#organization"},"image":{"@id":"https:\/\/www.info-algerie.com\/actualites\/des-independantistes-reclament-un-nouveau-referendum\/#primaryimage"},"thumbnailUrl":"https:\/\/www.info-algerie.com\/actualites\/wp-content\/uploads\/2022\/03\/nouvelle-caledonie-referundum.webp","keywords":["Nouvelle-Cal\u00e9donie"],"articleSection":["Monde"],"inLanguage":"fr-FR","potentialAction":[{"@type":"CommentAction","name":"Comment","target":["https:\/\/www.info-algerie.com\/actualites\/des-independantistes-reclament-un-nouveau-referendum\/#respond"]}]},{"@type":"WebPage","@id":"https:\/\/www.info-algerie.com\/actualites\/des-independantistes-reclament-un-nouveau-referendum\/","url":"https:\/\/www.info-algerie.com\/actualites\/des-independantistes-reclament-un-nouveau-referendum\/","name":"Nouvelle-Cal\u00e9donie : des ind\u00e9pendantistes r\u00e9clament un nouveau r\u00e9f\u00e9rendum - info algerie","isPartOf":{"@id":"https:\/\/www.info-algerie.com\/actualites\/#website"},"primaryImageOfPage":{"@id":"https:\/\/www.info-algerie.com\/actualites\/des-independantistes-reclament-un-nouveau-referendum\/#primaryimage"},"image":{"@id":"https:\/\/www.info-algerie.com\/actualites\/des-independantistes-reclament-un-nouveau-referendum\/#primaryimage"},"thumbnailUrl":"https:\/\/www.info-algerie.com\/actualites\/wp-content\/uploads\/2022\/03\/nouvelle-caledonie-referundum.webp","datePublished":"2022-03-15T11:00:00+00:00","dateModified":"2022-03-16T14:00:45+00:00","breadcrumb":{"@id":"https:\/\/www.info-algerie.com\/actualites\/des-independantistes-reclament-un-nouveau-referendum\/#breadcrumb"},"inLanguage":"fr-FR","potentialAction":[{"@type":"ReadAction","target":["https:\/\/www.info-algerie.com\/actualites\/des-independantistes-reclament-un-nouveau-referendum\/"]}]},{"@type":"ImageObject","inLanguage":"fr-FR","@id":"https:\/\/www.info-algerie.com\/actualites\/des-independantistes-reclament-un-nouveau-referendum\/#primaryimage","url":"https:\/\/www.info-algerie.com\/actualites\/wp-content\/uploads\/2022\/03\/nouvelle-caledonie-referundum.webp","contentUrl":"https:\/\/www.info-algerie.com\/actualites\/wp-content\/uploads\/2022\/03\/nouvelle-caledonie-referundum.webp","width":740,"height":431},{"@type":"BreadcrumbList","@id":"https:\/\/www.info-algerie.com\/actualites\/des-independantistes-reclament-un-nouveau-referendum\/#breadcrumb","itemListElement":[{"@type":"ListItem","position":1,"name":"Accueil","item":"https:\/\/www.info-algerie.com\/actualites\/"},{"@type":"ListItem","position":2,"name":"Nouvelle-Cal\u00e9donie : des ind\u00e9pendantistes r\u00e9clament un nouveau r\u00e9f\u00e9rendum"}]},{"@type":"WebSite","@id":"https:\/\/www.info-algerie.com\/actualites\/#website","url":"https:\/\/www.info-algerie.com\/actualites\/","name":"info algerie","description":"Toutes les actualit\u00e9s","publisher":{"@id":"https:\/\/www.info-algerie.com\/actualites\/#organization"},"potentialAction":[{"@type":"SearchAction","target":{"@type":"EntryPoint","urlTemplate":"https:\/\/www.info-algerie.com\/actualites\/?s={search_term_string}"},"query-input":{"@type":"PropertyValueSpecification","valueRequired":true,"valueName":"search_term_string"}}],"inLanguage":"fr-FR"},{"@type":"Organization","@id":"https:\/\/www.info-algerie.com\/actualites\/#organization","name":"info algerie","url":"https:\/\/www.info-algerie.com\/actualites\/","logo":{"@type":"ImageObject","inLanguage":"fr-FR","@id":"https:\/\/www.info-algerie.com\/actualites\/#\/schema\/logo\/image\/","url":"https:\/\/www.info-algerie.com\/actualites\/wp-content\/uploads\/2022\/07\/logo-ia-120.png","contentUrl":"https:\/\/www.info-algerie.com\/actualites\/wp-content\/uploads\/2022\/07\/logo-ia-120.png","width":120,"height":43,"caption":"info algerie"},"image":{"@id":"https:\/\/www.info-algerie.com\/actualites\/#\/schema\/logo\/image\/"},"sameAs":["https:\/\/www.facebook.com\/infoalgerieactu","https:\/\/x.com\/infoalgerie1"]},{"@type":"Person","@id":"https:\/\/www.info-algerie.com\/actualites\/#\/schema\/person\/847aaec44920825b843a08f30ec6aa1e","name":"La r\u00e9daction","image":{"@type":"ImageObject","inLanguage":"fr-FR","@id":"https:\/\/secure.gravatar.com\/avatar\/769db425c6f465158149f1ffd6cf61ce7a8a879d11dfbef8288af36dfddd418c?s=96&d=mm&r=g","url":"https:\/\/secure.gravatar.com\/avatar\/769db425c6f465158149f1ffd6cf61ce7a8a879d11dfbef8288af36dfddd418c?s=96&d=mm&r=g","contentUrl":"https:\/\/secure.gravatar.com\/avatar\/769db425c6f465158149f1ffd6cf61ce7a8a879d11dfbef8288af36dfddd418c?s=96&d=mm&r=g","caption":"La r\u00e9daction"},"sameAs":["http:\/\/www.lkeria.com\/"],"url":"https:\/\/www.info-algerie.com\/actualites\/author\/chakib32\/"}]}},"_links":{"self":[{"href":"https:\/\/www.info-algerie.com\/actualites\/wp-json\/wp\/v2\/posts\/27237","targetHints":{"allow":["GET"]}}],"collection":[{"href":"https:\/\/www.info-algerie.com\/actualites\/wp-json\/wp\/v2\/posts"}],"about":[{"href":"https:\/\/www.info-algerie.com\/actualites\/wp-json\/wp\/v2\/types\/post"}],"author":[{"embeddable":true,"href":"https:\/\/www.info-algerie.com\/actualites\/wp-json\/wp\/v2\/users\/6"}],"replies":[{"embeddable":true,"href":"https:\/\/www.info-algerie.com\/actualites\/wp-json\/wp\/v2\/comments?post=27237"}],"version-history":[{"count":1,"href":"https:\/\/www.info-algerie.com\/actualites\/wp-json\/wp\/v2\/posts\/27237\/revisions"}],"predecessor-version":[{"id":27247,"href":"https:\/\/www.info-algerie.com\/actualites\/wp-json\/wp\/v2\/posts\/27237\/revisions\/27247"}],"wp:featuredmedia":[{"embeddable":true,"href":"https:\/\/www.info-algerie.com\/actualites\/wp-json\/wp\/v2\/media\/27248"}],"wp:attachment":[{"href":"https:\/\/www.info-algerie.com\/actualites\/wp-json\/wp\/v2\/media?parent=27237"}],"wp:term":[{"taxonomy":"category","embeddable":true,"href":"https:\/\/www.info-algerie.com\/actualites\/wp-json\/wp\/v2\/categories?post=27237"},{"taxonomy":"post_tag","embeddable":true,"href":"https:\/\/www.info-algerie.com\/actualites\/wp-json\/wp\/v2\/tags?post=27237"}],"curies":[{"name":"wp","href":"https:\/\/api.w.org\/{rel}","templated":true}]}}