{"id":27238,"date":"2022-03-15T14:00:00","date_gmt":"2022-03-15T13:00:00","guid":{"rendered":"https:\/\/www.info-algerie.com\/actualites\/air-algerie-perturbations-dans-le-programme-des-vols\/"},"modified":"2022-03-16T14:57:18","modified_gmt":"2022-03-16T13:57:18","slug":"air-algerie-perturbations-dans-le-programme-des-vols","status":"publish","type":"post","link":"https:\/\/www.info-algerie.com\/actualites\/air-algerie-perturbations-dans-le-programme-des-vols\/","title":{"rendered":"Air Alg\u00e9rie : perturbations dans le programme des vols"},"content":{"rendered":"\n<p>La compagnie a\u00e9rienne nationale Air Alg\u00e9rie a\u00a0annonc\u00e9 mardi des perturbations sur les vols en provenance et \u00e0 destination\u00a0des a\u00e9roports du Sud et dans les r\u00e9gions Ouest du pays, en raison des\u00a0conditions m\u00e9t\u00e9orologiques d\u00e9favorables.\u00a0\u00a0<br><em>\u00ab\u00a0En raison des mauvaises conditions m\u00e9t\u00e9orologiques d\u00e9favorables sur les\u00a0a\u00e9roports du Sud et dans les r\u00e9gions ouest du pays (des vents forts,\u00a0accompagn\u00e9s de sable r\u00e9duisant fortement la visibilit\u00e9) Air Alg\u00e9rie annonce\u00a0des perturbations dans son programme de et vers ces r\u00e9gions\u00a0\u00bb<\/em>, a indiqu\u00e9 la\u00a0compagnie dans un communiqu\u00e9 publi\u00e9 sur les r\u00e9seaux sociaux.\u00a0<\/p>\n\n\n\n<p>Air Alg\u00e9rie a pr\u00e9cis\u00e9 que cette alerte\u00a0<em>\u00ab\u00a0demeure en vigueur jusqu&rsquo;\u00e0\u00a0l&rsquo;am\u00e9lioration des conditions climatiques\u00a0\u00bb.<\/em><\/p>\n\n\n\n<figure class=\"wp-block-image\"><img decoding=\"async\" src=\"https:\/\/www.liberte-algerie.com\/data\/upload\/AirAlgerieFB.jpg\" alt=\"\"\/><\/figure>\n\n\n\n<p>Source: <a href=\"https:\/\/www.liberte-algerie.com\/actualite\/air-algerie-perturbations-dans-le-programme-des-vols-374917\" target=\"_blank\" rel=\"noopener\">Air Alg\u00e9rie: perturbations dans le programme des vols<\/a><\/p>\n<!--CusAds0-->\n<div style=\"font-size: 0px; height: 0px; line-height: 0px; margin: 0; padding: 0; clear: both;\"><\/div>","protected":false},"excerpt":{"rendered":"<p>La compagnie a\u00e9rienne nationale Air Alg\u00e9rie a\u00a0annonc\u00e9 mardi des perturbations sur les vols en provenance et \u00e0 destination\u00a0des a\u00e9roports du Sud et dans les r\u00e9gions Ouest du pays, en raison des\u00a0conditions m\u00e9t\u00e9orologiques d\u00e9favorables.\u00a0\u00a0\u00ab\u00a0En raison des mauvaises conditions m\u00e9t\u00e9orologiques d\u00e9favorables sur les\u00a0a\u00e9roports du Sud et dans les r\u00e9gions ouest du pays (des vents forts,\u00a0accompagn\u00e9s de sable<\/p>\n","protected":false},"author":6,"featured_media":27244,"comment_status":"open","ping_status":"open","sticky":false,"template":"","format":"standard","meta":{"footnotes":""},"categories":[22],"tags":[250,288],"class_list":["post-27238","post","type-post","status-publish","format-standard","has-post-thumbnail","hentry","category-infos","tag-air-algerie","tag-programme-des-vols"],"yoast_head":"<!-- This site is optimized with the Yoast SEO plugin v27.5 - https:\/\/yoast.com\/product\/yoast-seo-wordpress\/ -->\n<title>Air Alg\u00e9rie : perturbations dans le programme des vols<\/title>\n<meta name=\"description\" content=\"Air Alg\u00e9rie a annonc\u00e9 des perturbations sur les vols en provenance et \u00e0 destination des a\u00e9roports du Sud et dans les r\u00e9gions Ouest du pays\" \/>\n<meta name=\"robots\" content=\"index, follow, max-snippet:-1, max-image-preview:large, max-video-preview:-1\" \/>\n<link rel=\"canonical\" href=\"https:\/\/www.info-algerie.com\/actualites\/air-algerie-perturbations-dans-le-programme-des-vols\/\" \/>\n<meta property=\"og:locale\" content=\"fr_FR\" \/>\n<meta property=\"og:type\" content=\"article\" \/>\n<meta property=\"og:title\" content=\"Air Alg\u00e9rie : perturbations dans le programme des vols\" \/>\n<meta property=\"og:description\" content=\"Air Alg\u00e9rie a annonc\u00e9 des perturbations sur les vols en provenance et \u00e0 destination des a\u00e9roports du Sud et dans les r\u00e9gions Ouest du pays\" \/>\n<meta property=\"og:url\" content=\"https:\/\/www.info-algerie.com\/actualites\/air-algerie-perturbations-dans-le-programme-des-vols\/\" \/>\n<meta property=\"og:site_name\" content=\"info algerie\" \/>\n<meta property=\"article:publisher\" content=\"https:\/\/www.facebook.com\/infoalgerieactu\" \/>\n<meta property=\"article:published_time\" content=\"2022-03-15T13:00:00+00:00\" \/>\n<meta property=\"article:modified_time\" content=\"2022-03-16T13:57:18+00:00\" \/>\n<meta property=\"og:image\" content=\"https:\/\/www.info-algerie.com\/actualites\/wp-content\/uploads\/2022\/03\/air-algerie-perturbations-dans-le-programme-des-vols.jpg\" \/>\n\t<meta property=\"og:image:width\" content=\"620\" \/>\n\t<meta property=\"og:image:height\" content=\"410\" \/>\n\t<meta property=\"og:image:type\" content=\"image\/jpeg\" \/>\n<meta name=\"author\" content=\"La r\u00e9daction\" \/>\n<meta name=\"twitter:label1\" content=\"\u00c9crit par\" \/>\n\t<meta name=\"twitter:data1\" content=\"La r\u00e9daction\" \/>\n\t<meta name=\"twitter:label2\" content=\"Dur\u00e9e de lecture estim\u00e9e\" \/>\n\t<meta name=\"twitter:data2\" content=\"1 minute\" \/>\n<script type=\"application\/ld+json\" class=\"yoast-schema-graph\">{\"@context\":\"https:\\\/\\\/schema.org\",\"@graph\":[{\"@type\":\"Article\",\"@id\":\"https:\\\/\\\/www.info-algerie.com\\\/actualites\\\/air-algerie-perturbations-dans-le-programme-des-vols\\\/#article\",\"isPartOf\":{\"@id\":\"https:\\\/\\\/www.info-algerie.com\\\/actualites\\\/air-algerie-perturbations-dans-le-programme-des-vols\\\/\"},\"author\":{\"name\":\"La r\u00e9daction\",\"@id\":\"https:\\\/\\\/www.info-algerie.com\\\/actualites\\\/#\\\/schema\\\/person\\\/847aaec44920825b843a08f30ec6aa1e\"},\"headline\":\"Air Alg\u00e9rie : perturbations dans le programme des vols\",\"datePublished\":\"2022-03-15T13:00:00+00:00\",\"dateModified\":\"2022-03-16T13:57:18+00:00\",\"mainEntityOfPage\":{\"@id\":\"https:\\\/\\\/www.info-algerie.com\\\/actualites\\\/air-algerie-perturbations-dans-le-programme-des-vols\\\/\"},\"wordCount\":144,\"commentCount\":0,\"publisher\":{\"@id\":\"https:\\\/\\\/www.info-algerie.com\\\/actualites\\\/#organization\"},\"image\":{\"@id\":\"https:\\\/\\\/www.info-algerie.com\\\/actualites\\\/air-algerie-perturbations-dans-le-programme-des-vols\\\/#primaryimage\"},\"thumbnailUrl\":\"https:\\\/\\\/www.info-algerie.com\\\/actualites\\\/wp-content\\\/uploads\\\/2022\\\/03\\\/air-algerie-perturbations-dans-le-programme-des-vols.jpg\",\"keywords\":[\"air algerie\",\"programme des vols\"],\"articleSection\":[\"infos\"],\"inLanguage\":\"fr-FR\",\"potentialAction\":[{\"@type\":\"CommentAction\",\"name\":\"Comment\",\"target\":[\"https:\\\/\\\/www.info-algerie.com\\\/actualites\\\/air-algerie-perturbations-dans-le-programme-des-vols\\\/#respond\"]}]},{\"@type\":\"WebPage\",\"@id\":\"https:\\\/\\\/www.info-algerie.com\\\/actualites\\\/air-algerie-perturbations-dans-le-programme-des-vols\\\/\",\"url\":\"https:\\\/\\\/www.info-algerie.com\\\/actualites\\\/air-algerie-perturbations-dans-le-programme-des-vols\\\/\",\"name\":\"Air Alg\u00e9rie : perturbations dans le programme des vols\",\"isPartOf\":{\"@id\":\"https:\\\/\\\/www.info-algerie.com\\\/actualites\\\/#website\"},\"primaryImageOfPage\":{\"@id\":\"https:\\\/\\\/www.info-algerie.com\\\/actualites\\\/air-algerie-perturbations-dans-le-programme-des-vols\\\/#primaryimage\"},\"image\":{\"@id\":\"https:\\\/\\\/www.info-algerie.com\\\/actualites\\\/air-algerie-perturbations-dans-le-programme-des-vols\\\/#primaryimage\"},\"thumbnailUrl\":\"https:\\\/\\\/www.info-algerie.com\\\/actualites\\\/wp-content\\\/uploads\\\/2022\\\/03\\\/air-algerie-perturbations-dans-le-programme-des-vols.jpg\",\"datePublished\":\"2022-03-15T13:00:00+00:00\",\"dateModified\":\"2022-03-16T13:57:18+00:00\",\"description\":\"Air Alg\u00e9rie a annonc\u00e9 des perturbations sur les vols en provenance et \u00e0 destination des a\u00e9roports du Sud et dans les r\u00e9gions Ouest du pays\",\"breadcrumb\":{\"@id\":\"https:\\\/\\\/www.info-algerie.com\\\/actualites\\\/air-algerie-perturbations-dans-le-programme-des-vols\\\/#breadcrumb\"},\"inLanguage\":\"fr-FR\",\"potentialAction\":[{\"@type\":\"ReadAction\",\"target\":[\"https:\\\/\\\/www.info-algerie.com\\\/actualites\\\/air-algerie-perturbations-dans-le-programme-des-vols\\\/\"]}]},{\"@type\":\"ImageObject\",\"inLanguage\":\"fr-FR\",\"@id\":\"https:\\\/\\\/www.info-algerie.com\\\/actualites\\\/air-algerie-perturbations-dans-le-programme-des-vols\\\/#primaryimage\",\"url\":\"https:\\\/\\\/www.info-algerie.com\\\/actualites\\\/wp-content\\\/uploads\\\/2022\\\/03\\\/air-algerie-perturbations-dans-le-programme-des-vols.jpg\",\"contentUrl\":\"https:\\\/\\\/www.info-algerie.com\\\/actualites\\\/wp-content\\\/uploads\\\/2022\\\/03\\\/air-algerie-perturbations-dans-le-programme-des-vols.jpg\",\"width\":620,\"height\":410,\"caption\":\"programme des vols\"},{\"@type\":\"BreadcrumbList\",\"@id\":\"https:\\\/\\\/www.info-algerie.com\\\/actualites\\\/air-algerie-perturbations-dans-le-programme-des-vols\\\/#breadcrumb\",\"itemListElement\":[{\"@type\":\"ListItem\",\"position\":1,\"name\":\"Accueil\",\"item\":\"https:\\\/\\\/www.info-algerie.com\\\/actualites\\\/\"},{\"@type\":\"ListItem\",\"position\":2,\"name\":\"Air Alg\u00e9rie : perturbations dans le programme des vols\"}]},{\"@type\":\"WebSite\",\"@id\":\"https:\\\/\\\/www.info-algerie.com\\\/actualites\\\/#website\",\"url\":\"https:\\\/\\\/www.info-algerie.com\\\/actualites\\\/\",\"name\":\"info algerie\",\"description\":\"Toutes les actualit\u00e9s\",\"publisher\":{\"@id\":\"https:\\\/\\\/www.info-algerie.com\\\/actualites\\\/#organization\"},\"potentialAction\":[{\"@type\":\"SearchAction\",\"target\":{\"@type\":\"EntryPoint\",\"urlTemplate\":\"https:\\\/\\\/www.info-algerie.com\\\/actualites\\\/?s={search_term_string}\"},\"query-input\":{\"@type\":\"PropertyValueSpecification\",\"valueRequired\":true,\"valueName\":\"search_term_string\"}}],\"inLanguage\":\"fr-FR\"},{\"@type\":\"Organization\",\"@id\":\"https:\\\/\\\/www.info-algerie.com\\\/actualites\\\/#organization\",\"name\":\"info algerie\",\"url\":\"https:\\\/\\\/www.info-algerie.com\\\/actualites\\\/\",\"logo\":{\"@type\":\"ImageObject\",\"inLanguage\":\"fr-FR\",\"@id\":\"https:\\\/\\\/www.info-algerie.com\\\/actualites\\\/#\\\/schema\\\/logo\\\/image\\\/\",\"url\":\"https:\\\/\\\/www.info-algerie.com\\\/actualites\\\/wp-content\\\/uploads\\\/2022\\\/07\\\/logo-ia-120.png\",\"contentUrl\":\"https:\\\/\\\/www.info-algerie.com\\\/actualites\\\/wp-content\\\/uploads\\\/2022\\\/07\\\/logo-ia-120.png\",\"width\":120,\"height\":43,\"caption\":\"info algerie\"},\"image\":{\"@id\":\"https:\\\/\\\/www.info-algerie.com\\\/actualites\\\/#\\\/schema\\\/logo\\\/image\\\/\"},\"sameAs\":[\"https:\\\/\\\/www.facebook.com\\\/infoalgerieactu\",\"https:\\\/\\\/x.com\\\/infoalgerie1\"]},{\"@type\":\"Person\",\"@id\":\"https:\\\/\\\/www.info-algerie.com\\\/actualites\\\/#\\\/schema\\\/person\\\/847aaec44920825b843a08f30ec6aa1e\",\"name\":\"La r\u00e9daction\",\"image\":{\"@type\":\"ImageObject\",\"inLanguage\":\"fr-FR\",\"@id\":\"https:\\\/\\\/secure.gravatar.com\\\/avatar\\\/769db425c6f465158149f1ffd6cf61ce7a8a879d11dfbef8288af36dfddd418c?s=96&d=mm&r=g\",\"url\":\"https:\\\/\\\/secure.gravatar.com\\\/avatar\\\/769db425c6f465158149f1ffd6cf61ce7a8a879d11dfbef8288af36dfddd418c?s=96&d=mm&r=g\",\"contentUrl\":\"https:\\\/\\\/secure.gravatar.com\\\/avatar\\\/769db425c6f465158149f1ffd6cf61ce7a8a879d11dfbef8288af36dfddd418c?s=96&d=mm&r=g\",\"caption\":\"La r\u00e9daction\"},\"sameAs\":[\"http:\\\/\\\/www.lkeria.com\\\/\"],\"url\":\"https:\\\/\\\/www.info-algerie.com\\\/actualites\\\/author\\\/chakib32\\\/\"}]}<\/script>\n<!-- \/ Yoast SEO plugin. -->","yoast_head_json":{"title":"Air Alg\u00e9rie : perturbations dans le programme des vols","description":"Air Alg\u00e9rie a annonc\u00e9 des perturbations sur les vols en provenance et \u00e0 destination des a\u00e9roports du Sud et dans les r\u00e9gions Ouest du pays","robots":{"index":"index","follow":"follow","max-snippet":"max-snippet:-1","max-image-preview":"max-image-preview:large","max-video-preview":"max-video-preview:-1"},"canonical":"https:\/\/www.info-algerie.com\/actualites\/air-algerie-perturbations-dans-le-programme-des-vols\/","og_locale":"fr_FR","og_type":"article","og_title":"Air Alg\u00e9rie : perturbations dans le programme des vols","og_description":"Air Alg\u00e9rie a annonc\u00e9 des perturbations sur les vols en provenance et \u00e0 destination des a\u00e9roports du Sud et dans les r\u00e9gions Ouest du pays","og_url":"https:\/\/www.info-algerie.com\/actualites\/air-algerie-perturbations-dans-le-programme-des-vols\/","og_site_name":"info algerie","article_publisher":"https:\/\/www.facebook.com\/infoalgerieactu","article_published_time":"2022-03-15T13:00:00+00:00","article_modified_time":"2022-03-16T13:57:18+00:00","og_image":[{"width":620,"height":410,"url":"https:\/\/www.info-algerie.com\/actualites\/wp-content\/uploads\/2022\/03\/air-algerie-perturbations-dans-le-programme-des-vols.jpg","type":"image\/jpeg"}],"author":"La r\u00e9daction","twitter_misc":{"\u00c9crit par":"La r\u00e9daction","Dur\u00e9e de lecture estim\u00e9e":"1 minute"},"schema":{"@context":"https:\/\/schema.org","@graph":[{"@type":"Article","@id":"https:\/\/www.info-algerie.com\/actualites\/air-algerie-perturbations-dans-le-programme-des-vols\/#article","isPartOf":{"@id":"https:\/\/www.info-algerie.com\/actualites\/air-algerie-perturbations-dans-le-programme-des-vols\/"},"author":{"name":"La r\u00e9daction","@id":"https:\/\/www.info-algerie.com\/actualites\/#\/schema\/person\/847aaec44920825b843a08f30ec6aa1e"},"headline":"Air Alg\u00e9rie : perturbations dans le programme des vols","datePublished":"2022-03-15T13:00:00+00:00","dateModified":"2022-03-16T13:57:18+00:00","mainEntityOfPage":{"@id":"https:\/\/www.info-algerie.com\/actualites\/air-algerie-perturbations-dans-le-programme-des-vols\/"},"wordCount":144,"commentCount":0,"publisher":{"@id":"https:\/\/www.info-algerie.com\/actualites\/#organization"},"image":{"@id":"https:\/\/www.info-algerie.com\/actualites\/air-algerie-perturbations-dans-le-programme-des-vols\/#primaryimage"},"thumbnailUrl":"https:\/\/www.info-algerie.com\/actualites\/wp-content\/uploads\/2022\/03\/air-algerie-perturbations-dans-le-programme-des-vols.jpg","keywords":["air algerie","programme des vols"],"articleSection":["infos"],"inLanguage":"fr-FR","potentialAction":[{"@type":"CommentAction","name":"Comment","target":["https:\/\/www.info-algerie.com\/actualites\/air-algerie-perturbations-dans-le-programme-des-vols\/#respond"]}]},{"@type":"WebPage","@id":"https:\/\/www.info-algerie.com\/actualites\/air-algerie-perturbations-dans-le-programme-des-vols\/","url":"https:\/\/www.info-algerie.com\/actualites\/air-algerie-perturbations-dans-le-programme-des-vols\/","name":"Air Alg\u00e9rie : perturbations dans le programme des vols","isPartOf":{"@id":"https:\/\/www.info-algerie.com\/actualites\/#website"},"primaryImageOfPage":{"@id":"https:\/\/www.info-algerie.com\/actualites\/air-algerie-perturbations-dans-le-programme-des-vols\/#primaryimage"},"image":{"@id":"https:\/\/www.info-algerie.com\/actualites\/air-algerie-perturbations-dans-le-programme-des-vols\/#primaryimage"},"thumbnailUrl":"https:\/\/www.info-algerie.com\/actualites\/wp-content\/uploads\/2022\/03\/air-algerie-perturbations-dans-le-programme-des-vols.jpg","datePublished":"2022-03-15T13:00:00+00:00","dateModified":"2022-03-16T13:57:18+00:00","description":"Air Alg\u00e9rie a annonc\u00e9 des perturbations sur les vols en provenance et \u00e0 destination des a\u00e9roports du Sud et dans les r\u00e9gions Ouest du pays","breadcrumb":{"@id":"https:\/\/www.info-algerie.com\/actualites\/air-algerie-perturbations-dans-le-programme-des-vols\/#breadcrumb"},"inLanguage":"fr-FR","potentialAction":[{"@type":"ReadAction","target":["https:\/\/www.info-algerie.com\/actualites\/air-algerie-perturbations-dans-le-programme-des-vols\/"]}]},{"@type":"ImageObject","inLanguage":"fr-FR","@id":"https:\/\/www.info-algerie.com\/actualites\/air-algerie-perturbations-dans-le-programme-des-vols\/#primaryimage","url":"https:\/\/www.info-algerie.com\/actualites\/wp-content\/uploads\/2022\/03\/air-algerie-perturbations-dans-le-programme-des-vols.jpg","contentUrl":"https:\/\/www.info-algerie.com\/actualites\/wp-content\/uploads\/2022\/03\/air-algerie-perturbations-dans-le-programme-des-vols.jpg","width":620,"height":410,"caption":"programme des vols"},{"@type":"BreadcrumbList","@id":"https:\/\/www.info-algerie.com\/actualites\/air-algerie-perturbations-dans-le-programme-des-vols\/#breadcrumb","itemListElement":[{"@type":"ListItem","position":1,"name":"Accueil","item":"https:\/\/www.info-algerie.com\/actualites\/"},{"@type":"ListItem","position":2,"name":"Air Alg\u00e9rie : perturbations dans le programme des vols"}]},{"@type":"WebSite","@id":"https:\/\/www.info-algerie.com\/actualites\/#website","url":"https:\/\/www.info-algerie.com\/actualites\/","name":"info algerie","description":"Toutes les actualit\u00e9s","publisher":{"@id":"https:\/\/www.info-algerie.com\/actualites\/#organization"},"potentialAction":[{"@type":"SearchAction","target":{"@type":"EntryPoint","urlTemplate":"https:\/\/www.info-algerie.com\/actualites\/?s={search_term_string}"},"query-input":{"@type":"PropertyValueSpecification","valueRequired":true,"valueName":"search_term_string"}}],"inLanguage":"fr-FR"},{"@type":"Organization","@id":"https:\/\/www.info-algerie.com\/actualites\/#organization","name":"info algerie","url":"https:\/\/www.info-algerie.com\/actualites\/","logo":{"@type":"ImageObject","inLanguage":"fr-FR","@id":"https:\/\/www.info-algerie.com\/actualites\/#\/schema\/logo\/image\/","url":"https:\/\/www.info-algerie.com\/actualites\/wp-content\/uploads\/2022\/07\/logo-ia-120.png","contentUrl":"https:\/\/www.info-algerie.com\/actualites\/wp-content\/uploads\/2022\/07\/logo-ia-120.png","width":120,"height":43,"caption":"info algerie"},"image":{"@id":"https:\/\/www.info-algerie.com\/actualites\/#\/schema\/logo\/image\/"},"sameAs":["https:\/\/www.facebook.com\/infoalgerieactu","https:\/\/x.com\/infoalgerie1"]},{"@type":"Person","@id":"https:\/\/www.info-algerie.com\/actualites\/#\/schema\/person\/847aaec44920825b843a08f30ec6aa1e","name":"La r\u00e9daction","image":{"@type":"ImageObject","inLanguage":"fr-FR","@id":"https:\/\/secure.gravatar.com\/avatar\/769db425c6f465158149f1ffd6cf61ce7a8a879d11dfbef8288af36dfddd418c?s=96&d=mm&r=g","url":"https:\/\/secure.gravatar.com\/avatar\/769db425c6f465158149f1ffd6cf61ce7a8a879d11dfbef8288af36dfddd418c?s=96&d=mm&r=g","contentUrl":"https:\/\/secure.gravatar.com\/avatar\/769db425c6f465158149f1ffd6cf61ce7a8a879d11dfbef8288af36dfddd418c?s=96&d=mm&r=g","caption":"La r\u00e9daction"},"sameAs":["http:\/\/www.lkeria.com\/"],"url":"https:\/\/www.info-algerie.com\/actualites\/author\/chakib32\/"}]}},"_links":{"self":[{"href":"https:\/\/www.info-algerie.com\/actualites\/wp-json\/wp\/v2\/posts\/27238","targetHints":{"allow":["GET"]}}],"collection":[{"href":"https:\/\/www.info-algerie.com\/actualites\/wp-json\/wp\/v2\/posts"}],"about":[{"href":"https:\/\/www.info-algerie.com\/actualites\/wp-json\/wp\/v2\/types\/post"}],"author":[{"embeddable":true,"href":"https:\/\/www.info-algerie.com\/actualites\/wp-json\/wp\/v2\/users\/6"}],"replies":[{"embeddable":true,"href":"https:\/\/www.info-algerie.com\/actualites\/wp-json\/wp\/v2\/comments?post=27238"}],"version-history":[{"count":1,"href":"https:\/\/www.info-algerie.com\/actualites\/wp-json\/wp\/v2\/posts\/27238\/revisions"}],"predecessor-version":[{"id":27246,"href":"https:\/\/www.info-algerie.com\/actualites\/wp-json\/wp\/v2\/posts\/27238\/revisions\/27246"}],"wp:featuredmedia":[{"embeddable":true,"href":"https:\/\/www.info-algerie.com\/actualites\/wp-json\/wp\/v2\/media\/27244"}],"wp:attachment":[{"href":"https:\/\/www.info-algerie.com\/actualites\/wp-json\/wp\/v2\/media?parent=27238"}],"wp:term":[{"taxonomy":"category","embeddable":true,"href":"https:\/\/www.info-algerie.com\/actualites\/wp-json\/wp\/v2\/categories?post=27238"},{"taxonomy":"post_tag","embeddable":true,"href":"https:\/\/www.info-algerie.com\/actualites\/wp-json\/wp\/v2\/tags?post=27238"}],"curies":[{"name":"wp","href":"https:\/\/api.w.org\/{rel}","templated":true}]}}