{"id":27264,"date":"2022-03-17T15:00:00","date_gmt":"2022-03-17T14:00:00","guid":{"rendered":"https:\/\/www.info-algerie.com\/actualites\/mali-procedure-engagee-pour-suspendre-la-diffusion-de-rfi-et-france-24\/"},"modified":"2022-03-18T20:31:19","modified_gmt":"2022-03-18T19:31:19","slug":"mali-procedure-engagee-pour-suspendre-la-diffusion-de-rfi-et-france-24","status":"publish","type":"post","link":"https:\/\/www.info-algerie.com\/actualites\/mali-procedure-engagee-pour-suspendre-la-diffusion-de-rfi-et-france-24\/","title":{"rendered":"Mali: proc\u00e9dure engag\u00e9e pour suspendre la diffusion de RFI et France 24"},"content":{"rendered":"\n<p>Les autorit\u00e9s de transition au Mali ont\u00a0engag\u00e9, dans la nuit de mercredi \u00e0 jeudi, une proc\u00e9dure pour suspendre la\u00a0diffusion de RFI et France 24 en raison de \u00ab\u00a0<em>fausses all\u00e9gations d&rsquo;exactions\u00a0commises par l&rsquo;arm\u00e9e malienne et rapport\u00e9es par les deux m\u00e9dias fran\u00e7ais\u00a0\u00bb<\/em>,\u00a0a indiqu\u00e9 le gouvernement.\u00a0<br>Dans un communiqu\u00e9, les autorit\u00e9s de transition ont fait \u00e9tat de leur\u00a0<em>\u00ab\u00a0profonde consternation\u00a0\u00bb<\/em>\u00a0face aux \u00ab\u00a0fausses all\u00e9gations faisant \u00e9tat\u00a0d&rsquo;exactions commises par les Forces arm\u00e9es maliennes\u00a0\u00bb (FAMa) diffus\u00e9es par\u00a0les deux cha\u00eenes.\u00a0<br>Le gouvernement malien\u00a0<em>\u00ab\u00a0rejette cat\u00e9goriquement ces fausses all\u00e9gations\u00a0contre les vaillantes FAMa\u00a0\u00bb et \u00ab\u00a0engage une proc\u00e9dure (&#8230;) pour suspendre\u00a0jusqu&rsquo;\u00e0 nouvel ordre la diffusion de RFI (&#8230;) et France 24\u00a0\u00bb<\/em>, pr\u00e9cise le\u00a0communiqu\u00e9 sign\u00e9 du colonel Abdoulaye Maiga, porte-parole du gouvernement.\u00a0<br>Le gouvernement malien estime que\u00a0<em>\u00ab\u00a0ces fausses all\u00e9gations\u00a0\u00bb<\/em>\u00a0ont \u00e9t\u00e9\u00a0rapport\u00e9es notamment dans un reportage des 14 et 15 mars, dans lequel RFI a\u00a0donn\u00e9 la parole \u00e0 des victimes pr\u00e9sum\u00e9es d&rsquo;exactions. Les deux cha\u00eenes ont\u00a0aussi relay\u00e9 une d\u00e9claration de la Haute commissaire des Nations unies aux\u00a0droits de l&rsquo;homme, Michelle Bachelet, ainsi qu&rsquo;un rapport de Human Rights\u00a0Watch \u00e0 ce sujet.\u00a0<br>Le communiqu\u00e9\u00a0<em>\u00ab\u00a0interdit \u00e0 toutes les radios et t\u00e9l\u00e9visions nationales,\u00a0ainsi qu&rsquo;aux sites d&rsquo;information et journaux maliens, la rediffusion et\/ou\u00a0la publication des \u00e9missions et articles de presse de RFI et de France 24\u00a0\u00bb.<\/em>\u00a0<br><em>\u00ab\u00a0En consid\u00e9rant la synchronisation de ce matraquage m\u00e9diatique, le\u00a0gouvernement en d\u00e9duit une strat\u00e9gie savamment pr\u00e9m\u00e9dit\u00e9e visant \u00e0\u00a0\u00a0<br>d\u00e9stabiliser la transition, d\u00e9moraliser le peuple malien et discr\u00e9diter les\u00a0vaillantes FAMa\u00a0\u00bb<\/em>.\u00a0<br><em>\u00ab\u00a0Pire, certaines all\u00e9gations, en particulier celles avanc\u00e9es par RFI,\u00a0n&rsquo;ont d&rsquo;autres objectifs que de semer la haine en ethnicisant l&rsquo;ins\u00e9curit\u00e9\u00a0au Mali et d\u00e9voilent l&rsquo;intention criminelle de journalistes dont certains\u00a0n&rsquo;ont pas s\u00e9journ\u00e9 au Mali, il y a plus d&rsquo;un an\u00a0\u00bb,<\/em>\u00a0a ajout\u00e9 le communiqu\u00e9.\u00a0<br>Le colonel Maiga estime en outre que\u00a0<em>\u00ab\u00a0les agissements de RFI et France 24\u00a0ressemblent, dans un pass\u00e9 r\u00e9cent, aux pratiques et au r\u00f4le tristement\u00a0c\u00e9l\u00e8bre de la radio +Mille Collines+\u00a0\u00bb,<\/em>\u00a0qui avait encourag\u00e9 le g\u00e9nocide au\u00a0Rwanda en 1994.\u00a0<\/p>\n\n\n\n<p>Source: <a href=\"https:\/\/www.liberte-algerie.com\/international\/mali-procedure-engagee-pour-suspendre-la-diffusion-de-rfi-et-france-24-375051\" target=\"_blank\" rel=\"noopener\">Mali: proc\u00e9dure engag\u00e9e pour suspendre la diffusion de RFI et France 24<\/a><\/p>\n<!--CusAds0-->\n<div style=\"font-size: 0px; height: 0px; line-height: 0px; margin: 0; padding: 0; clear: both;\"><\/div>","protected":false},"excerpt":{"rendered":"<p>Les autorit\u00e9s de transition au Mali ont\u00a0engag\u00e9, dans la nuit de mercredi \u00e0 jeudi, une proc\u00e9dure pour suspendre la\u00a0diffusion de RFI et France 24 en raison de \u00ab\u00a0fausses all\u00e9gations d&rsquo;exactions\u00a0commises par l&rsquo;arm\u00e9e malienne et rapport\u00e9es par les deux m\u00e9dias fran\u00e7ais\u00a0\u00bb,\u00a0a indiqu\u00e9 le gouvernement.\u00a0Dans un communiqu\u00e9, les autorit\u00e9s de transition ont fait \u00e9tat de leur\u00a0\u00ab\u00a0profonde consternation\u00a0\u00bb\u00a0face<\/p>\n","protected":false},"author":6,"featured_media":27269,"comment_status":"open","ping_status":"open","sticky":false,"template":"","format":"standard","meta":{"footnotes":""},"categories":[11],"tags":[279,291],"class_list":["post-27264","post","type-post","status-publish","format-standard","has-post-thumbnail","hentry","category-monde","tag-mali","tag-rfi-et-france-24"],"yoast_head":"<!-- This site is optimized with the Yoast SEO plugin v27.5 - https:\/\/yoast.com\/product\/yoast-seo-wordpress\/ -->\n<title>Mali: proc\u00e9dure engag\u00e9e pour suspendre la diffusion de RFI et France 24 - info algerie<\/title>\n<meta name=\"description\" content=\"Les autorit\u00e9s au Mali ont engag\u00e9 une proc\u00e9dure pour suspendre la diffusion de RFI et France 24 en raison de &quot;fausses all\u00e9gations\" \/>\n<meta name=\"robots\" content=\"index, follow, max-snippet:-1, max-image-preview:large, max-video-preview:-1\" \/>\n<link rel=\"canonical\" href=\"https:\/\/www.info-algerie.com\/actualites\/mali-procedure-engagee-pour-suspendre-la-diffusion-de-rfi-et-france-24\/\" \/>\n<meta property=\"og:locale\" content=\"fr_FR\" \/>\n<meta property=\"og:type\" content=\"article\" \/>\n<meta property=\"og:title\" content=\"Mali: proc\u00e9dure engag\u00e9e pour suspendre la diffusion de RFI et France 24 - info algerie\" \/>\n<meta property=\"og:description\" content=\"Les autorit\u00e9s au Mali ont engag\u00e9 une proc\u00e9dure pour suspendre la diffusion de RFI et France 24 en raison de &quot;fausses all\u00e9gations\" \/>\n<meta property=\"og:url\" content=\"https:\/\/www.info-algerie.com\/actualites\/mali-procedure-engagee-pour-suspendre-la-diffusion-de-rfi-et-france-24\/\" \/>\n<meta property=\"og:site_name\" content=\"info algerie\" \/>\n<meta property=\"article:publisher\" content=\"https:\/\/www.facebook.com\/infoalgerieactu\" \/>\n<meta property=\"article:published_time\" content=\"2022-03-17T14:00:00+00:00\" \/>\n<meta property=\"article:modified_time\" content=\"2022-03-18T19:31:19+00:00\" \/>\n<meta property=\"og:image\" content=\"https:\/\/www.info-algerie.com\/actualites\/wp-content\/uploads\/2022\/03\/rfi-et-france-24.jpg\" \/>\n\t<meta property=\"og:image:width\" content=\"620\" \/>\n\t<meta property=\"og:image:height\" content=\"410\" \/>\n\t<meta property=\"og:image:type\" content=\"image\/jpeg\" \/>\n<meta name=\"author\" content=\"La r\u00e9daction\" \/>\n<meta name=\"twitter:label1\" content=\"\u00c9crit par\" \/>\n\t<meta name=\"twitter:data1\" content=\"La r\u00e9daction\" \/>\n\t<meta name=\"twitter:label2\" content=\"Dur\u00e9e de lecture estim\u00e9e\" \/>\n\t<meta name=\"twitter:data2\" content=\"2 minutes\" \/>\n<script type=\"application\/ld+json\" class=\"yoast-schema-graph\">{\"@context\":\"https:\\\/\\\/schema.org\",\"@graph\":[{\"@type\":\"Article\",\"@id\":\"https:\\\/\\\/www.info-algerie.com\\\/actualites\\\/mali-procedure-engagee-pour-suspendre-la-diffusion-de-rfi-et-france-24\\\/#article\",\"isPartOf\":{\"@id\":\"https:\\\/\\\/www.info-algerie.com\\\/actualites\\\/mali-procedure-engagee-pour-suspendre-la-diffusion-de-rfi-et-france-24\\\/\"},\"author\":{\"name\":\"La r\u00e9daction\",\"@id\":\"https:\\\/\\\/www.info-algerie.com\\\/actualites\\\/#\\\/schema\\\/person\\\/847aaec44920825b843a08f30ec6aa1e\"},\"headline\":\"Mali: proc\u00e9dure engag\u00e9e pour suspendre la diffusion de RFI et France 24\",\"datePublished\":\"2022-03-17T14:00:00+00:00\",\"dateModified\":\"2022-03-18T19:31:19+00:00\",\"mainEntityOfPage\":{\"@id\":\"https:\\\/\\\/www.info-algerie.com\\\/actualites\\\/mali-procedure-engagee-pour-suspendre-la-diffusion-de-rfi-et-france-24\\\/\"},\"wordCount\":405,\"commentCount\":0,\"publisher\":{\"@id\":\"https:\\\/\\\/www.info-algerie.com\\\/actualites\\\/#organization\"},\"image\":{\"@id\":\"https:\\\/\\\/www.info-algerie.com\\\/actualites\\\/mali-procedure-engagee-pour-suspendre-la-diffusion-de-rfi-et-france-24\\\/#primaryimage\"},\"thumbnailUrl\":\"https:\\\/\\\/www.info-algerie.com\\\/actualites\\\/wp-content\\\/uploads\\\/2022\\\/03\\\/rfi-et-france-24.jpg\",\"keywords\":[\"mali\",\"RFI et France 24\"],\"articleSection\":[\"Monde\"],\"inLanguage\":\"fr-FR\",\"potentialAction\":[{\"@type\":\"CommentAction\",\"name\":\"Comment\",\"target\":[\"https:\\\/\\\/www.info-algerie.com\\\/actualites\\\/mali-procedure-engagee-pour-suspendre-la-diffusion-de-rfi-et-france-24\\\/#respond\"]}]},{\"@type\":\"WebPage\",\"@id\":\"https:\\\/\\\/www.info-algerie.com\\\/actualites\\\/mali-procedure-engagee-pour-suspendre-la-diffusion-de-rfi-et-france-24\\\/\",\"url\":\"https:\\\/\\\/www.info-algerie.com\\\/actualites\\\/mali-procedure-engagee-pour-suspendre-la-diffusion-de-rfi-et-france-24\\\/\",\"name\":\"Mali: proc\u00e9dure engag\u00e9e pour suspendre la diffusion de RFI et France 24 - info algerie\",\"isPartOf\":{\"@id\":\"https:\\\/\\\/www.info-algerie.com\\\/actualites\\\/#website\"},\"primaryImageOfPage\":{\"@id\":\"https:\\\/\\\/www.info-algerie.com\\\/actualites\\\/mali-procedure-engagee-pour-suspendre-la-diffusion-de-rfi-et-france-24\\\/#primaryimage\"},\"image\":{\"@id\":\"https:\\\/\\\/www.info-algerie.com\\\/actualites\\\/mali-procedure-engagee-pour-suspendre-la-diffusion-de-rfi-et-france-24\\\/#primaryimage\"},\"thumbnailUrl\":\"https:\\\/\\\/www.info-algerie.com\\\/actualites\\\/wp-content\\\/uploads\\\/2022\\\/03\\\/rfi-et-france-24.jpg\",\"datePublished\":\"2022-03-17T14:00:00+00:00\",\"dateModified\":\"2022-03-18T19:31:19+00:00\",\"description\":\"Les autorit\u00e9s au Mali ont engag\u00e9 une proc\u00e9dure pour suspendre la diffusion de RFI et France 24 en raison de \\\"fausses all\u00e9gations\",\"breadcrumb\":{\"@id\":\"https:\\\/\\\/www.info-algerie.com\\\/actualites\\\/mali-procedure-engagee-pour-suspendre-la-diffusion-de-rfi-et-france-24\\\/#breadcrumb\"},\"inLanguage\":\"fr-FR\",\"potentialAction\":[{\"@type\":\"ReadAction\",\"target\":[\"https:\\\/\\\/www.info-algerie.com\\\/actualites\\\/mali-procedure-engagee-pour-suspendre-la-diffusion-de-rfi-et-france-24\\\/\"]}]},{\"@type\":\"ImageObject\",\"inLanguage\":\"fr-FR\",\"@id\":\"https:\\\/\\\/www.info-algerie.com\\\/actualites\\\/mali-procedure-engagee-pour-suspendre-la-diffusion-de-rfi-et-france-24\\\/#primaryimage\",\"url\":\"https:\\\/\\\/www.info-algerie.com\\\/actualites\\\/wp-content\\\/uploads\\\/2022\\\/03\\\/rfi-et-france-24.jpg\",\"contentUrl\":\"https:\\\/\\\/www.info-algerie.com\\\/actualites\\\/wp-content\\\/uploads\\\/2022\\\/03\\\/rfi-et-france-24.jpg\",\"width\":620,\"height\":410,\"caption\":\"RFI et France 24\"},{\"@type\":\"BreadcrumbList\",\"@id\":\"https:\\\/\\\/www.info-algerie.com\\\/actualites\\\/mali-procedure-engagee-pour-suspendre-la-diffusion-de-rfi-et-france-24\\\/#breadcrumb\",\"itemListElement\":[{\"@type\":\"ListItem\",\"position\":1,\"name\":\"Accueil\",\"item\":\"https:\\\/\\\/www.info-algerie.com\\\/actualites\\\/\"},{\"@type\":\"ListItem\",\"position\":2,\"name\":\"Mali: proc\u00e9dure engag\u00e9e pour suspendre la diffusion de RFI et France 24\"}]},{\"@type\":\"WebSite\",\"@id\":\"https:\\\/\\\/www.info-algerie.com\\\/actualites\\\/#website\",\"url\":\"https:\\\/\\\/www.info-algerie.com\\\/actualites\\\/\",\"name\":\"info algerie\",\"description\":\"Toutes les actualit\u00e9s\",\"publisher\":{\"@id\":\"https:\\\/\\\/www.info-algerie.com\\\/actualites\\\/#organization\"},\"potentialAction\":[{\"@type\":\"SearchAction\",\"target\":{\"@type\":\"EntryPoint\",\"urlTemplate\":\"https:\\\/\\\/www.info-algerie.com\\\/actualites\\\/?s={search_term_string}\"},\"query-input\":{\"@type\":\"PropertyValueSpecification\",\"valueRequired\":true,\"valueName\":\"search_term_string\"}}],\"inLanguage\":\"fr-FR\"},{\"@type\":\"Organization\",\"@id\":\"https:\\\/\\\/www.info-algerie.com\\\/actualites\\\/#organization\",\"name\":\"info algerie\",\"url\":\"https:\\\/\\\/www.info-algerie.com\\\/actualites\\\/\",\"logo\":{\"@type\":\"ImageObject\",\"inLanguage\":\"fr-FR\",\"@id\":\"https:\\\/\\\/www.info-algerie.com\\\/actualites\\\/#\\\/schema\\\/logo\\\/image\\\/\",\"url\":\"https:\\\/\\\/www.info-algerie.com\\\/actualites\\\/wp-content\\\/uploads\\\/2022\\\/07\\\/logo-ia-120.png\",\"contentUrl\":\"https:\\\/\\\/www.info-algerie.com\\\/actualites\\\/wp-content\\\/uploads\\\/2022\\\/07\\\/logo-ia-120.png\",\"width\":120,\"height\":43,\"caption\":\"info algerie\"},\"image\":{\"@id\":\"https:\\\/\\\/www.info-algerie.com\\\/actualites\\\/#\\\/schema\\\/logo\\\/image\\\/\"},\"sameAs\":[\"https:\\\/\\\/www.facebook.com\\\/infoalgerieactu\",\"https:\\\/\\\/x.com\\\/infoalgerie1\"]},{\"@type\":\"Person\",\"@id\":\"https:\\\/\\\/www.info-algerie.com\\\/actualites\\\/#\\\/schema\\\/person\\\/847aaec44920825b843a08f30ec6aa1e\",\"name\":\"La r\u00e9daction\",\"image\":{\"@type\":\"ImageObject\",\"inLanguage\":\"fr-FR\",\"@id\":\"https:\\\/\\\/secure.gravatar.com\\\/avatar\\\/769db425c6f465158149f1ffd6cf61ce7a8a879d11dfbef8288af36dfddd418c?s=96&d=mm&r=g\",\"url\":\"https:\\\/\\\/secure.gravatar.com\\\/avatar\\\/769db425c6f465158149f1ffd6cf61ce7a8a879d11dfbef8288af36dfddd418c?s=96&d=mm&r=g\",\"contentUrl\":\"https:\\\/\\\/secure.gravatar.com\\\/avatar\\\/769db425c6f465158149f1ffd6cf61ce7a8a879d11dfbef8288af36dfddd418c?s=96&d=mm&r=g\",\"caption\":\"La r\u00e9daction\"},\"sameAs\":[\"http:\\\/\\\/www.lkeria.com\\\/\"],\"url\":\"https:\\\/\\\/www.info-algerie.com\\\/actualites\\\/author\\\/chakib32\\\/\"}]}<\/script>\n<!-- \/ Yoast SEO plugin. -->","yoast_head_json":{"title":"Mali: proc\u00e9dure engag\u00e9e pour suspendre la diffusion de RFI et France 24 - info algerie","description":"Les autorit\u00e9s au Mali ont engag\u00e9 une proc\u00e9dure pour suspendre la diffusion de RFI et France 24 en raison de \"fausses all\u00e9gations","robots":{"index":"index","follow":"follow","max-snippet":"max-snippet:-1","max-image-preview":"max-image-preview:large","max-video-preview":"max-video-preview:-1"},"canonical":"https:\/\/www.info-algerie.com\/actualites\/mali-procedure-engagee-pour-suspendre-la-diffusion-de-rfi-et-france-24\/","og_locale":"fr_FR","og_type":"article","og_title":"Mali: proc\u00e9dure engag\u00e9e pour suspendre la diffusion de RFI et France 24 - info algerie","og_description":"Les autorit\u00e9s au Mali ont engag\u00e9 une proc\u00e9dure pour suspendre la diffusion de RFI et France 24 en raison de \"fausses all\u00e9gations","og_url":"https:\/\/www.info-algerie.com\/actualites\/mali-procedure-engagee-pour-suspendre-la-diffusion-de-rfi-et-france-24\/","og_site_name":"info algerie","article_publisher":"https:\/\/www.facebook.com\/infoalgerieactu","article_published_time":"2022-03-17T14:00:00+00:00","article_modified_time":"2022-03-18T19:31:19+00:00","og_image":[{"width":620,"height":410,"url":"https:\/\/www.info-algerie.com\/actualites\/wp-content\/uploads\/2022\/03\/rfi-et-france-24.jpg","type":"image\/jpeg"}],"author":"La r\u00e9daction","twitter_misc":{"\u00c9crit par":"La r\u00e9daction","Dur\u00e9e de lecture estim\u00e9e":"2 minutes"},"schema":{"@context":"https:\/\/schema.org","@graph":[{"@type":"Article","@id":"https:\/\/www.info-algerie.com\/actualites\/mali-procedure-engagee-pour-suspendre-la-diffusion-de-rfi-et-france-24\/#article","isPartOf":{"@id":"https:\/\/www.info-algerie.com\/actualites\/mali-procedure-engagee-pour-suspendre-la-diffusion-de-rfi-et-france-24\/"},"author":{"name":"La r\u00e9daction","@id":"https:\/\/www.info-algerie.com\/actualites\/#\/schema\/person\/847aaec44920825b843a08f30ec6aa1e"},"headline":"Mali: proc\u00e9dure engag\u00e9e pour suspendre la diffusion de RFI et France 24","datePublished":"2022-03-17T14:00:00+00:00","dateModified":"2022-03-18T19:31:19+00:00","mainEntityOfPage":{"@id":"https:\/\/www.info-algerie.com\/actualites\/mali-procedure-engagee-pour-suspendre-la-diffusion-de-rfi-et-france-24\/"},"wordCount":405,"commentCount":0,"publisher":{"@id":"https:\/\/www.info-algerie.com\/actualites\/#organization"},"image":{"@id":"https:\/\/www.info-algerie.com\/actualites\/mali-procedure-engagee-pour-suspendre-la-diffusion-de-rfi-et-france-24\/#primaryimage"},"thumbnailUrl":"https:\/\/www.info-algerie.com\/actualites\/wp-content\/uploads\/2022\/03\/rfi-et-france-24.jpg","keywords":["mali","RFI et France 24"],"articleSection":["Monde"],"inLanguage":"fr-FR","potentialAction":[{"@type":"CommentAction","name":"Comment","target":["https:\/\/www.info-algerie.com\/actualites\/mali-procedure-engagee-pour-suspendre-la-diffusion-de-rfi-et-france-24\/#respond"]}]},{"@type":"WebPage","@id":"https:\/\/www.info-algerie.com\/actualites\/mali-procedure-engagee-pour-suspendre-la-diffusion-de-rfi-et-france-24\/","url":"https:\/\/www.info-algerie.com\/actualites\/mali-procedure-engagee-pour-suspendre-la-diffusion-de-rfi-et-france-24\/","name":"Mali: proc\u00e9dure engag\u00e9e pour suspendre la diffusion de RFI et France 24 - info algerie","isPartOf":{"@id":"https:\/\/www.info-algerie.com\/actualites\/#website"},"primaryImageOfPage":{"@id":"https:\/\/www.info-algerie.com\/actualites\/mali-procedure-engagee-pour-suspendre-la-diffusion-de-rfi-et-france-24\/#primaryimage"},"image":{"@id":"https:\/\/www.info-algerie.com\/actualites\/mali-procedure-engagee-pour-suspendre-la-diffusion-de-rfi-et-france-24\/#primaryimage"},"thumbnailUrl":"https:\/\/www.info-algerie.com\/actualites\/wp-content\/uploads\/2022\/03\/rfi-et-france-24.jpg","datePublished":"2022-03-17T14:00:00+00:00","dateModified":"2022-03-18T19:31:19+00:00","description":"Les autorit\u00e9s au Mali ont engag\u00e9 une proc\u00e9dure pour suspendre la diffusion de RFI et France 24 en raison de \"fausses all\u00e9gations","breadcrumb":{"@id":"https:\/\/www.info-algerie.com\/actualites\/mali-procedure-engagee-pour-suspendre-la-diffusion-de-rfi-et-france-24\/#breadcrumb"},"inLanguage":"fr-FR","potentialAction":[{"@type":"ReadAction","target":["https:\/\/www.info-algerie.com\/actualites\/mali-procedure-engagee-pour-suspendre-la-diffusion-de-rfi-et-france-24\/"]}]},{"@type":"ImageObject","inLanguage":"fr-FR","@id":"https:\/\/www.info-algerie.com\/actualites\/mali-procedure-engagee-pour-suspendre-la-diffusion-de-rfi-et-france-24\/#primaryimage","url":"https:\/\/www.info-algerie.com\/actualites\/wp-content\/uploads\/2022\/03\/rfi-et-france-24.jpg","contentUrl":"https:\/\/www.info-algerie.com\/actualites\/wp-content\/uploads\/2022\/03\/rfi-et-france-24.jpg","width":620,"height":410,"caption":"RFI et France 24"},{"@type":"BreadcrumbList","@id":"https:\/\/www.info-algerie.com\/actualites\/mali-procedure-engagee-pour-suspendre-la-diffusion-de-rfi-et-france-24\/#breadcrumb","itemListElement":[{"@type":"ListItem","position":1,"name":"Accueil","item":"https:\/\/www.info-algerie.com\/actualites\/"},{"@type":"ListItem","position":2,"name":"Mali: proc\u00e9dure engag\u00e9e pour suspendre la diffusion de RFI et France 24"}]},{"@type":"WebSite","@id":"https:\/\/www.info-algerie.com\/actualites\/#website","url":"https:\/\/www.info-algerie.com\/actualites\/","name":"info algerie","description":"Toutes les actualit\u00e9s","publisher":{"@id":"https:\/\/www.info-algerie.com\/actualites\/#organization"},"potentialAction":[{"@type":"SearchAction","target":{"@type":"EntryPoint","urlTemplate":"https:\/\/www.info-algerie.com\/actualites\/?s={search_term_string}"},"query-input":{"@type":"PropertyValueSpecification","valueRequired":true,"valueName":"search_term_string"}}],"inLanguage":"fr-FR"},{"@type":"Organization","@id":"https:\/\/www.info-algerie.com\/actualites\/#organization","name":"info algerie","url":"https:\/\/www.info-algerie.com\/actualites\/","logo":{"@type":"ImageObject","inLanguage":"fr-FR","@id":"https:\/\/www.info-algerie.com\/actualites\/#\/schema\/logo\/image\/","url":"https:\/\/www.info-algerie.com\/actualites\/wp-content\/uploads\/2022\/07\/logo-ia-120.png","contentUrl":"https:\/\/www.info-algerie.com\/actualites\/wp-content\/uploads\/2022\/07\/logo-ia-120.png","width":120,"height":43,"caption":"info algerie"},"image":{"@id":"https:\/\/www.info-algerie.com\/actualites\/#\/schema\/logo\/image\/"},"sameAs":["https:\/\/www.facebook.com\/infoalgerieactu","https:\/\/x.com\/infoalgerie1"]},{"@type":"Person","@id":"https:\/\/www.info-algerie.com\/actualites\/#\/schema\/person\/847aaec44920825b843a08f30ec6aa1e","name":"La r\u00e9daction","image":{"@type":"ImageObject","inLanguage":"fr-FR","@id":"https:\/\/secure.gravatar.com\/avatar\/769db425c6f465158149f1ffd6cf61ce7a8a879d11dfbef8288af36dfddd418c?s=96&d=mm&r=g","url":"https:\/\/secure.gravatar.com\/avatar\/769db425c6f465158149f1ffd6cf61ce7a8a879d11dfbef8288af36dfddd418c?s=96&d=mm&r=g","contentUrl":"https:\/\/secure.gravatar.com\/avatar\/769db425c6f465158149f1ffd6cf61ce7a8a879d11dfbef8288af36dfddd418c?s=96&d=mm&r=g","caption":"La r\u00e9daction"},"sameAs":["http:\/\/www.lkeria.com\/"],"url":"https:\/\/www.info-algerie.com\/actualites\/author\/chakib32\/"}]}},"_links":{"self":[{"href":"https:\/\/www.info-algerie.com\/actualites\/wp-json\/wp\/v2\/posts\/27264","targetHints":{"allow":["GET"]}}],"collection":[{"href":"https:\/\/www.info-algerie.com\/actualites\/wp-json\/wp\/v2\/posts"}],"about":[{"href":"https:\/\/www.info-algerie.com\/actualites\/wp-json\/wp\/v2\/types\/post"}],"author":[{"embeddable":true,"href":"https:\/\/www.info-algerie.com\/actualites\/wp-json\/wp\/v2\/users\/6"}],"replies":[{"embeddable":true,"href":"https:\/\/www.info-algerie.com\/actualites\/wp-json\/wp\/v2\/comments?post=27264"}],"version-history":[{"count":1,"href":"https:\/\/www.info-algerie.com\/actualites\/wp-json\/wp\/v2\/posts\/27264\/revisions"}],"predecessor-version":[{"id":27270,"href":"https:\/\/www.info-algerie.com\/actualites\/wp-json\/wp\/v2\/posts\/27264\/revisions\/27270"}],"wp:featuredmedia":[{"embeddable":true,"href":"https:\/\/www.info-algerie.com\/actualites\/wp-json\/wp\/v2\/media\/27269"}],"wp:attachment":[{"href":"https:\/\/www.info-algerie.com\/actualites\/wp-json\/wp\/v2\/media?parent=27264"}],"wp:term":[{"taxonomy":"category","embeddable":true,"href":"https:\/\/www.info-algerie.com\/actualites\/wp-json\/wp\/v2\/categories?post=27264"},{"taxonomy":"post_tag","embeddable":true,"href":"https:\/\/www.info-algerie.com\/actualites\/wp-json\/wp\/v2\/tags?post=27264"}],"curies":[{"name":"wp","href":"https:\/\/api.w.org\/{rel}","templated":true}]}}