{"id":27289,"date":"2022-03-21T12:00:00","date_gmt":"2022-03-21T11:00:00","guid":{"rendered":"https:\/\/www.info-algerie.com\/actualites\/participation-record-de-1-250-editeurs-nationaux-et-etrangers\/"},"modified":"2022-03-28T12:18:55","modified_gmt":"2022-03-28T11:18:55","slug":"participation-record-de-1-250-editeurs-nationaux-et-etrangers","status":"publish","type":"post","link":"https:\/\/www.info-algerie.com\/actualites\/participation-record-de-1-250-editeurs-nationaux-et-etrangers\/","title":{"rendered":"Participation record de 1 250 \u00e9diteurs nationaux et \u00e9trangers"},"content":{"rendered":"\n<p>Le commissaire du Sila, Mohamed Iguerb, a anim\u00e9, hier, une conf\u00e9rence de presse sur la programmation et les moments forts de cette 25e \u00e9dition inscrite sous le slogan \u201cLe livre, passerelle de m\u00e9moire\u201d, dont l\u2019Italie est le pays invit\u00e9 d\u2019honneur. <\/p>\n\n\n\n<p>e compte \u00e0 rebours&nbsp; a commenc\u00e9.&nbsp; Nous sommes \u00e0 J-5 de l\u2019\u00e9v\u00e8nement phare de la sc\u00e8ne culturelle alg\u00e9rienne, \u00e0 savoir le salon international du livre d\u2019Alger, qui revient apr\u00e8s deux ans, de report \u00e0 cause de la pand\u00e9mie du coronavirus.<\/p>\n\n\n\n<p>\u00c0 cette occasion, le commissaire du Sila, Mohamed Iguerb, a anim\u00e9 hier \u00e0 la Biblioth\u00e8que nationale d\u2019El-Hamma, une conf\u00e9rence de presse pour donner les grandes lignes de cette \u00e9dition qui se d\u00e9roulera du 25 mars au 1er avril au Palais des expositions des Pins maritimes (Safex).<\/p>\n\n\n\n<p>Inscrite sous le slogan \u201cLe livre passerelle de m\u00e9moire\u201d, cette \u00e9dition, dont le pays invit\u00e9 d\u2019honneur est l\u2019Italie, sera \u00e9galement marqu\u00e9e par la c\u00e9l\u00e9bration du 60e anniversaire de la f\u00eate de la Victoire.<\/p>\n\n\n\n<p>\u201cIl s\u2019agit de la manifestation populaire sans doute la plus importante du pays puisqu\u2019elle a assez vite gagn\u00e9 la faveur des publics avec une fr\u00e9quentation non seulement \u00e9lev\u00e9e, qui a largement d\u00e9pass\u00e9 lors de ses derni\u00e8res \u00e9ditions le million de visites\u201d, souligne M. Iguerb.<\/p>\n\n\n\n<p>Et d\u2019ajouter que cette manifestation \u201cs\u2019enracine\u201d dans le temps et le Sila a r\u00e9ussi ainsi \u00e0 s\u2019\u201cimposer\u201d et \u201cil ne s\u2019est pas content\u00e9 de durer mais il l\u2019a fait avec le souci de s\u2019am\u00e9liorer sans cesse, ce qu\u2019il faut aussi reconna\u00eetre \u00e0 l\u2019ensemble de ceux, institutions et individus, qui en ont eu pr\u00e9c\u00e9demment la charge ou y ont particip\u00e9 \u00e0 quelque titre que ce soit\u201d.<\/p>\n\n\n\n<p>\u00c0 ce propos, M. Iguerb a rappel\u00e9 le r\u00f4le important des auteurs, romanciers, nouvellistes, po\u00e8tes et essayistes\u2026 D\u2019ailleurs, il estime que cette 25e \u00e9dition devrait \u201cpermettre de reprendre l\u2019annualit\u00e9 du Salon qui n\u2019avait jamais \u00e9t\u00e9 interrompue auparavant et d\u2019injecter de l\u2019espoir dans le secteur du livre qui a notoirement souffert de cette calamit\u00e9 mondiale\u201d.&nbsp;<\/p>\n\n\n\n<p>Concernant la participation des \u00e9diteurs, cette ann\u00e9e enregistre un record de 1 250 maisons d\u2019\u00e9dition nationales et \u00e9trang\u00e8res venues de 36 pays, qui proposeront 300 000 ouvrages de genre diff\u00e9rents.&nbsp;<\/p>\n\n\n\n<p>Lors de la derni\u00e8re \u00e9dition de 2019, le nombre d\u2019exposants \u00e9tait de 1031, soit une augmentation de 17% pour ce Sila. Pour ce qui est des livres interdits, ils atteignent un total de 185 ouvrages, qui font l\u2019apologie de la violence ou qui portent atteinte \u00e0 la religion.<\/p>\n\n\n\n<p>Au sujet de la programmation italienne, Antonia Grande, directrice de l\u2019Institut culturel italien \u00e0 Alger, a rappel\u00e9, aux c\u00f4t\u00e9s de Mohamed Iguerb, l\u2019importance de la relation bilat\u00e9rale entre son pays et l\u2019Alg\u00e9rie, qu\u2019elle soit \u00e9conomique ou culturelle.<\/p>\n\n\n\n<p>Afin de c\u00e9l\u00e9brer cet \u00e9v\u00e8nement qui se veut&nbsp; une \u201cf\u00eate\u201d, Mme Grande a inform\u00e9 que l\u2019ambassade d\u2019Italie en Alg\u00e9rie ainsi que l\u2019Institut ont concoct\u00e9 un programme riche et vari\u00e9 pour qu\u2019il soit \u00e0 la \u201chauteur de l\u2019invitation\u201d.<\/p>\n\n\n\n<p>Ainsi, outre le stand de 200 m\u00e8tres carr\u00e9s o\u00f9 seront disponibles les ouvrages, plusieurs conf\u00e9rences inscrites sous diverses th\u00e9matiques seront propos\u00e9es, \u00e0 l\u2019instar de \u201cLe roman historique\u201d avec l\u2019autrice et \u00e9ditrice Stefania Auci ; une table ronde sur la \u201cGuerre d\u2019ind\u00e9pendance, la solidarit\u00e9 du peuple italien envers la cause alg\u00e9rienne\u201d ; une autre sur \u201cFemmes et m\u00e9moire\u201d qui sera pr\u00e9sent\u00e9e par Jolanda Guardi, sp\u00e9cialiste en litt\u00e9rature alg\u00e9rienne\u2026 ainsi que nombre de rendez-vous avec des universitaires, des historiens et des romanciers italiens.<\/p>\n\n\n\n<p>Concernant le programme du commissariat du Sila, le public aura l\u2019occasion d\u2019assister aux traditionnelles estrades qui accueilleront des \u00e9crivains tels que Mustapha Benfodil, El-Habib Selmi (Tunisie), Jalal Barjes (Jordanie) ou encore Amal Bouchareb. Comme 2022 marque \u00e9galement le 60e de l\u2019A\u00efd Ennasr, plusieurs conf\u00e9rences seront d\u00e9di\u00e9es \u00e0 l\u2019histoire, \u00e0 l\u2019exemple de \u201cC\u2019\u00e9tait le 19 Mars\u201d.<\/p>\n\n\n\n<p>Les visiteurs auront \u00e9galement l\u2019opportunit\u00e9 de se faire signer leurs ouvrages lors des ventes-d\u00e9dicaces, de d\u00e9couvrir la litt\u00e9rature africaine au stand panafricain, o\u00f9 seront organis\u00e9es des conf\u00e9rences autour de \u201cFemme en Afrique : Histoire et odyss\u00e9e\u201d ou encore \u201cRestitution d\u2019\u0153uvres d\u2019art &#8211; Nouveaux moyens culturels\u201d.<\/p>\n\n\n\n<p>\u00c0 noter \u00e9galement que le Sila vient de lancer une plateforme num\u00e9rique pour \u201cpermettre aux amoureux du livre d&rsquo;effectuer des visites virtuelles et de commander des livres sur&nbsp;internet\u201d.&nbsp;<\/p>\n\n\n\n<p><br>Source: <a href=\"https:\/\/www.liberte-algerie.com\/culture\/participation-record-de-1-250-editeurs-nationaux-et-etrangers-375208\" target=\"_blank\" rel=\"noopener\">Participation record de 1 250 \u00e9diteurs nationaux et \u00e9trangers<\/a><\/p>\n<!--CusAds0-->\n<div style=\"font-size: 0px; height: 0px; line-height: 0px; margin: 0; padding: 0; clear: both;\"><\/div>","protected":false},"excerpt":{"rendered":"<p>Le commissaire du Sila, Mohamed Iguerb, a anim\u00e9, hier, une conf\u00e9rence de presse sur la programmation et les moments forts de cette 25e \u00e9dition inscrite sous le slogan \u201cLe livre, passerelle de m\u00e9moire\u201d, dont l\u2019Italie est le pays invit\u00e9 d\u2019honneur. e compte \u00e0 rebours&nbsp; a commenc\u00e9.&nbsp; Nous sommes \u00e0 J-5 de l\u2019\u00e9v\u00e8nement phare de la<\/p>\n","protected":false},"author":6,"featured_media":27347,"comment_status":"open","ping_status":"open","sticky":false,"template":"","format":"standard","meta":{"footnotes":""},"categories":[9],"tags":[295],"class_list":["post-27289","post","type-post","status-publish","format-standard","has-post-thumbnail","hentry","category-culture-sante","tag-sila"],"yoast_head":"<!-- This site is optimized with the Yoast SEO plugin v27.5 - https:\/\/yoast.com\/product\/yoast-seo-wordpress\/ -->\n<title>Participation record de 1 250 \u00e9diteurs nationaux et \u00e9trangers - info algerie<\/title>\n<meta name=\"description\" content=\"Le commissaire du Sila, Mohamed Iguerb, a anim\u00e9 une conf\u00e9rence de presse sur la programmation et les moments forts de cette 25e \u00e9dition\" \/>\n<meta name=\"robots\" content=\"index, follow, max-snippet:-1, max-image-preview:large, max-video-preview:-1\" \/>\n<link rel=\"canonical\" href=\"https:\/\/www.info-algerie.com\/actualites\/participation-record-de-1-250-editeurs-nationaux-et-etrangers\/\" \/>\n<meta property=\"og:locale\" content=\"fr_FR\" \/>\n<meta property=\"og:type\" content=\"article\" \/>\n<meta property=\"og:title\" content=\"Participation record de 1 250 \u00e9diteurs nationaux et \u00e9trangers - info algerie\" \/>\n<meta property=\"og:description\" content=\"Le commissaire du Sila, Mohamed Iguerb, a anim\u00e9 une conf\u00e9rence de presse sur la programmation et les moments forts de cette 25e \u00e9dition\" \/>\n<meta property=\"og:url\" content=\"https:\/\/www.info-algerie.com\/actualites\/participation-record-de-1-250-editeurs-nationaux-et-etrangers\/\" \/>\n<meta property=\"og:site_name\" content=\"info algerie\" \/>\n<meta property=\"article:publisher\" content=\"https:\/\/www.facebook.com\/infoalgerieactu\" \/>\n<meta property=\"article:published_time\" content=\"2022-03-21T11:00:00+00:00\" \/>\n<meta property=\"article:modified_time\" content=\"2022-03-28T11:18:55+00:00\" \/>\n<meta property=\"og:image\" content=\"https:\/\/www.info-algerie.com\/actualites\/wp-content\/uploads\/2022\/03\/participation-record-de-1-250-editeurs-nationaux-et-etrangers.jpg\" \/>\n\t<meta property=\"og:image:width\" content=\"620\" \/>\n\t<meta property=\"og:image:height\" content=\"385\" \/>\n\t<meta property=\"og:image:type\" content=\"image\/jpeg\" \/>\n<meta name=\"author\" content=\"La r\u00e9daction\" \/>\n<meta name=\"twitter:label1\" content=\"\u00c9crit par\" \/>\n\t<meta name=\"twitter:data1\" content=\"La r\u00e9daction\" \/>\n\t<meta name=\"twitter:label2\" content=\"Dur\u00e9e de lecture estim\u00e9e\" \/>\n\t<meta name=\"twitter:data2\" content=\"4 minutes\" \/>\n<script type=\"application\/ld+json\" class=\"yoast-schema-graph\">{\"@context\":\"https:\\\/\\\/schema.org\",\"@graph\":[{\"@type\":\"Article\",\"@id\":\"https:\\\/\\\/www.info-algerie.com\\\/actualites\\\/participation-record-de-1-250-editeurs-nationaux-et-etrangers\\\/#article\",\"isPartOf\":{\"@id\":\"https:\\\/\\\/www.info-algerie.com\\\/actualites\\\/participation-record-de-1-250-editeurs-nationaux-et-etrangers\\\/\"},\"author\":{\"name\":\"La r\u00e9daction\",\"@id\":\"https:\\\/\\\/www.info-algerie.com\\\/actualites\\\/#\\\/schema\\\/person\\\/847aaec44920825b843a08f30ec6aa1e\"},\"headline\":\"Participation record de 1 250 \u00e9diteurs nationaux et \u00e9trangers\",\"datePublished\":\"2022-03-21T11:00:00+00:00\",\"dateModified\":\"2022-03-28T11:18:55+00:00\",\"mainEntityOfPage\":{\"@id\":\"https:\\\/\\\/www.info-algerie.com\\\/actualites\\\/participation-record-de-1-250-editeurs-nationaux-et-etrangers\\\/\"},\"wordCount\":783,\"commentCount\":0,\"publisher\":{\"@id\":\"https:\\\/\\\/www.info-algerie.com\\\/actualites\\\/#organization\"},\"image\":{\"@id\":\"https:\\\/\\\/www.info-algerie.com\\\/actualites\\\/participation-record-de-1-250-editeurs-nationaux-et-etrangers\\\/#primaryimage\"},\"thumbnailUrl\":\"https:\\\/\\\/www.info-algerie.com\\\/actualites\\\/wp-content\\\/uploads\\\/2022\\\/03\\\/participation-record-de-1-250-editeurs-nationaux-et-etrangers.jpg\",\"keywords\":[\"SILA\"],\"articleSection\":[\"culture sant\u00e9\"],\"inLanguage\":\"fr-FR\",\"potentialAction\":[{\"@type\":\"CommentAction\",\"name\":\"Comment\",\"target\":[\"https:\\\/\\\/www.info-algerie.com\\\/actualites\\\/participation-record-de-1-250-editeurs-nationaux-et-etrangers\\\/#respond\"]}]},{\"@type\":\"WebPage\",\"@id\":\"https:\\\/\\\/www.info-algerie.com\\\/actualites\\\/participation-record-de-1-250-editeurs-nationaux-et-etrangers\\\/\",\"url\":\"https:\\\/\\\/www.info-algerie.com\\\/actualites\\\/participation-record-de-1-250-editeurs-nationaux-et-etrangers\\\/\",\"name\":\"Participation record de 1 250 \u00e9diteurs nationaux et \u00e9trangers - info algerie\",\"isPartOf\":{\"@id\":\"https:\\\/\\\/www.info-algerie.com\\\/actualites\\\/#website\"},\"primaryImageOfPage\":{\"@id\":\"https:\\\/\\\/www.info-algerie.com\\\/actualites\\\/participation-record-de-1-250-editeurs-nationaux-et-etrangers\\\/#primaryimage\"},\"image\":{\"@id\":\"https:\\\/\\\/www.info-algerie.com\\\/actualites\\\/participation-record-de-1-250-editeurs-nationaux-et-etrangers\\\/#primaryimage\"},\"thumbnailUrl\":\"https:\\\/\\\/www.info-algerie.com\\\/actualites\\\/wp-content\\\/uploads\\\/2022\\\/03\\\/participation-record-de-1-250-editeurs-nationaux-et-etrangers.jpg\",\"datePublished\":\"2022-03-21T11:00:00+00:00\",\"dateModified\":\"2022-03-28T11:18:55+00:00\",\"description\":\"Le commissaire du Sila, Mohamed Iguerb, a anim\u00e9 une conf\u00e9rence de presse sur la programmation et les moments forts de cette 25e \u00e9dition\",\"breadcrumb\":{\"@id\":\"https:\\\/\\\/www.info-algerie.com\\\/actualites\\\/participation-record-de-1-250-editeurs-nationaux-et-etrangers\\\/#breadcrumb\"},\"inLanguage\":\"fr-FR\",\"potentialAction\":[{\"@type\":\"ReadAction\",\"target\":[\"https:\\\/\\\/www.info-algerie.com\\\/actualites\\\/participation-record-de-1-250-editeurs-nationaux-et-etrangers\\\/\"]}]},{\"@type\":\"ImageObject\",\"inLanguage\":\"fr-FR\",\"@id\":\"https:\\\/\\\/www.info-algerie.com\\\/actualites\\\/participation-record-de-1-250-editeurs-nationaux-et-etrangers\\\/#primaryimage\",\"url\":\"https:\\\/\\\/www.info-algerie.com\\\/actualites\\\/wp-content\\\/uploads\\\/2022\\\/03\\\/participation-record-de-1-250-editeurs-nationaux-et-etrangers.jpg\",\"contentUrl\":\"https:\\\/\\\/www.info-algerie.com\\\/actualites\\\/wp-content\\\/uploads\\\/2022\\\/03\\\/participation-record-de-1-250-editeurs-nationaux-et-etrangers.jpg\",\"width\":620,\"height\":385,\"caption\":\"Participation record de 1 250 \u00e9diteurs nationaux et \u00e9trangers\"},{\"@type\":\"BreadcrumbList\",\"@id\":\"https:\\\/\\\/www.info-algerie.com\\\/actualites\\\/participation-record-de-1-250-editeurs-nationaux-et-etrangers\\\/#breadcrumb\",\"itemListElement\":[{\"@type\":\"ListItem\",\"position\":1,\"name\":\"Accueil\",\"item\":\"https:\\\/\\\/www.info-algerie.com\\\/actualites\\\/\"},{\"@type\":\"ListItem\",\"position\":2,\"name\":\"Participation record de 1 250 \u00e9diteurs nationaux et \u00e9trangers\"}]},{\"@type\":\"WebSite\",\"@id\":\"https:\\\/\\\/www.info-algerie.com\\\/actualites\\\/#website\",\"url\":\"https:\\\/\\\/www.info-algerie.com\\\/actualites\\\/\",\"name\":\"info algerie\",\"description\":\"Toutes les actualit\u00e9s\",\"publisher\":{\"@id\":\"https:\\\/\\\/www.info-algerie.com\\\/actualites\\\/#organization\"},\"potentialAction\":[{\"@type\":\"SearchAction\",\"target\":{\"@type\":\"EntryPoint\",\"urlTemplate\":\"https:\\\/\\\/www.info-algerie.com\\\/actualites\\\/?s={search_term_string}\"},\"query-input\":{\"@type\":\"PropertyValueSpecification\",\"valueRequired\":true,\"valueName\":\"search_term_string\"}}],\"inLanguage\":\"fr-FR\"},{\"@type\":\"Organization\",\"@id\":\"https:\\\/\\\/www.info-algerie.com\\\/actualites\\\/#organization\",\"name\":\"info algerie\",\"url\":\"https:\\\/\\\/www.info-algerie.com\\\/actualites\\\/\",\"logo\":{\"@type\":\"ImageObject\",\"inLanguage\":\"fr-FR\",\"@id\":\"https:\\\/\\\/www.info-algerie.com\\\/actualites\\\/#\\\/schema\\\/logo\\\/image\\\/\",\"url\":\"https:\\\/\\\/www.info-algerie.com\\\/actualites\\\/wp-content\\\/uploads\\\/2022\\\/07\\\/logo-ia-120.png\",\"contentUrl\":\"https:\\\/\\\/www.info-algerie.com\\\/actualites\\\/wp-content\\\/uploads\\\/2022\\\/07\\\/logo-ia-120.png\",\"width\":120,\"height\":43,\"caption\":\"info algerie\"},\"image\":{\"@id\":\"https:\\\/\\\/www.info-algerie.com\\\/actualites\\\/#\\\/schema\\\/logo\\\/image\\\/\"},\"sameAs\":[\"https:\\\/\\\/www.facebook.com\\\/infoalgerieactu\",\"https:\\\/\\\/x.com\\\/infoalgerie1\"]},{\"@type\":\"Person\",\"@id\":\"https:\\\/\\\/www.info-algerie.com\\\/actualites\\\/#\\\/schema\\\/person\\\/847aaec44920825b843a08f30ec6aa1e\",\"name\":\"La r\u00e9daction\",\"image\":{\"@type\":\"ImageObject\",\"inLanguage\":\"fr-FR\",\"@id\":\"https:\\\/\\\/secure.gravatar.com\\\/avatar\\\/769db425c6f465158149f1ffd6cf61ce7a8a879d11dfbef8288af36dfddd418c?s=96&d=mm&r=g\",\"url\":\"https:\\\/\\\/secure.gravatar.com\\\/avatar\\\/769db425c6f465158149f1ffd6cf61ce7a8a879d11dfbef8288af36dfddd418c?s=96&d=mm&r=g\",\"contentUrl\":\"https:\\\/\\\/secure.gravatar.com\\\/avatar\\\/769db425c6f465158149f1ffd6cf61ce7a8a879d11dfbef8288af36dfddd418c?s=96&d=mm&r=g\",\"caption\":\"La r\u00e9daction\"},\"sameAs\":[\"http:\\\/\\\/www.lkeria.com\\\/\"],\"url\":\"https:\\\/\\\/www.info-algerie.com\\\/actualites\\\/author\\\/chakib32\\\/\"}]}<\/script>\n<!-- \/ Yoast SEO plugin. -->","yoast_head_json":{"title":"Participation record de 1 250 \u00e9diteurs nationaux et \u00e9trangers - info algerie","description":"Le commissaire du Sila, Mohamed Iguerb, a anim\u00e9 une conf\u00e9rence de presse sur la programmation et les moments forts de cette 25e \u00e9dition","robots":{"index":"index","follow":"follow","max-snippet":"max-snippet:-1","max-image-preview":"max-image-preview:large","max-video-preview":"max-video-preview:-1"},"canonical":"https:\/\/www.info-algerie.com\/actualites\/participation-record-de-1-250-editeurs-nationaux-et-etrangers\/","og_locale":"fr_FR","og_type":"article","og_title":"Participation record de 1 250 \u00e9diteurs nationaux et \u00e9trangers - info algerie","og_description":"Le commissaire du Sila, Mohamed Iguerb, a anim\u00e9 une conf\u00e9rence de presse sur la programmation et les moments forts de cette 25e \u00e9dition","og_url":"https:\/\/www.info-algerie.com\/actualites\/participation-record-de-1-250-editeurs-nationaux-et-etrangers\/","og_site_name":"info algerie","article_publisher":"https:\/\/www.facebook.com\/infoalgerieactu","article_published_time":"2022-03-21T11:00:00+00:00","article_modified_time":"2022-03-28T11:18:55+00:00","og_image":[{"width":620,"height":385,"url":"https:\/\/www.info-algerie.com\/actualites\/wp-content\/uploads\/2022\/03\/participation-record-de-1-250-editeurs-nationaux-et-etrangers.jpg","type":"image\/jpeg"}],"author":"La r\u00e9daction","twitter_misc":{"\u00c9crit par":"La r\u00e9daction","Dur\u00e9e de lecture estim\u00e9e":"4 minutes"},"schema":{"@context":"https:\/\/schema.org","@graph":[{"@type":"Article","@id":"https:\/\/www.info-algerie.com\/actualites\/participation-record-de-1-250-editeurs-nationaux-et-etrangers\/#article","isPartOf":{"@id":"https:\/\/www.info-algerie.com\/actualites\/participation-record-de-1-250-editeurs-nationaux-et-etrangers\/"},"author":{"name":"La r\u00e9daction","@id":"https:\/\/www.info-algerie.com\/actualites\/#\/schema\/person\/847aaec44920825b843a08f30ec6aa1e"},"headline":"Participation record de 1 250 \u00e9diteurs nationaux et \u00e9trangers","datePublished":"2022-03-21T11:00:00+00:00","dateModified":"2022-03-28T11:18:55+00:00","mainEntityOfPage":{"@id":"https:\/\/www.info-algerie.com\/actualites\/participation-record-de-1-250-editeurs-nationaux-et-etrangers\/"},"wordCount":783,"commentCount":0,"publisher":{"@id":"https:\/\/www.info-algerie.com\/actualites\/#organization"},"image":{"@id":"https:\/\/www.info-algerie.com\/actualites\/participation-record-de-1-250-editeurs-nationaux-et-etrangers\/#primaryimage"},"thumbnailUrl":"https:\/\/www.info-algerie.com\/actualites\/wp-content\/uploads\/2022\/03\/participation-record-de-1-250-editeurs-nationaux-et-etrangers.jpg","keywords":["SILA"],"articleSection":["culture sant\u00e9"],"inLanguage":"fr-FR","potentialAction":[{"@type":"CommentAction","name":"Comment","target":["https:\/\/www.info-algerie.com\/actualites\/participation-record-de-1-250-editeurs-nationaux-et-etrangers\/#respond"]}]},{"@type":"WebPage","@id":"https:\/\/www.info-algerie.com\/actualites\/participation-record-de-1-250-editeurs-nationaux-et-etrangers\/","url":"https:\/\/www.info-algerie.com\/actualites\/participation-record-de-1-250-editeurs-nationaux-et-etrangers\/","name":"Participation record de 1 250 \u00e9diteurs nationaux et \u00e9trangers - info algerie","isPartOf":{"@id":"https:\/\/www.info-algerie.com\/actualites\/#website"},"primaryImageOfPage":{"@id":"https:\/\/www.info-algerie.com\/actualites\/participation-record-de-1-250-editeurs-nationaux-et-etrangers\/#primaryimage"},"image":{"@id":"https:\/\/www.info-algerie.com\/actualites\/participation-record-de-1-250-editeurs-nationaux-et-etrangers\/#primaryimage"},"thumbnailUrl":"https:\/\/www.info-algerie.com\/actualites\/wp-content\/uploads\/2022\/03\/participation-record-de-1-250-editeurs-nationaux-et-etrangers.jpg","datePublished":"2022-03-21T11:00:00+00:00","dateModified":"2022-03-28T11:18:55+00:00","description":"Le commissaire du Sila, Mohamed Iguerb, a anim\u00e9 une conf\u00e9rence de presse sur la programmation et les moments forts de cette 25e \u00e9dition","breadcrumb":{"@id":"https:\/\/www.info-algerie.com\/actualites\/participation-record-de-1-250-editeurs-nationaux-et-etrangers\/#breadcrumb"},"inLanguage":"fr-FR","potentialAction":[{"@type":"ReadAction","target":["https:\/\/www.info-algerie.com\/actualites\/participation-record-de-1-250-editeurs-nationaux-et-etrangers\/"]}]},{"@type":"ImageObject","inLanguage":"fr-FR","@id":"https:\/\/www.info-algerie.com\/actualites\/participation-record-de-1-250-editeurs-nationaux-et-etrangers\/#primaryimage","url":"https:\/\/www.info-algerie.com\/actualites\/wp-content\/uploads\/2022\/03\/participation-record-de-1-250-editeurs-nationaux-et-etrangers.jpg","contentUrl":"https:\/\/www.info-algerie.com\/actualites\/wp-content\/uploads\/2022\/03\/participation-record-de-1-250-editeurs-nationaux-et-etrangers.jpg","width":620,"height":385,"caption":"Participation record de 1 250 \u00e9diteurs nationaux et \u00e9trangers"},{"@type":"BreadcrumbList","@id":"https:\/\/www.info-algerie.com\/actualites\/participation-record-de-1-250-editeurs-nationaux-et-etrangers\/#breadcrumb","itemListElement":[{"@type":"ListItem","position":1,"name":"Accueil","item":"https:\/\/www.info-algerie.com\/actualites\/"},{"@type":"ListItem","position":2,"name":"Participation record de 1 250 \u00e9diteurs nationaux et \u00e9trangers"}]},{"@type":"WebSite","@id":"https:\/\/www.info-algerie.com\/actualites\/#website","url":"https:\/\/www.info-algerie.com\/actualites\/","name":"info algerie","description":"Toutes les actualit\u00e9s","publisher":{"@id":"https:\/\/www.info-algerie.com\/actualites\/#organization"},"potentialAction":[{"@type":"SearchAction","target":{"@type":"EntryPoint","urlTemplate":"https:\/\/www.info-algerie.com\/actualites\/?s={search_term_string}"},"query-input":{"@type":"PropertyValueSpecification","valueRequired":true,"valueName":"search_term_string"}}],"inLanguage":"fr-FR"},{"@type":"Organization","@id":"https:\/\/www.info-algerie.com\/actualites\/#organization","name":"info algerie","url":"https:\/\/www.info-algerie.com\/actualites\/","logo":{"@type":"ImageObject","inLanguage":"fr-FR","@id":"https:\/\/www.info-algerie.com\/actualites\/#\/schema\/logo\/image\/","url":"https:\/\/www.info-algerie.com\/actualites\/wp-content\/uploads\/2022\/07\/logo-ia-120.png","contentUrl":"https:\/\/www.info-algerie.com\/actualites\/wp-content\/uploads\/2022\/07\/logo-ia-120.png","width":120,"height":43,"caption":"info algerie"},"image":{"@id":"https:\/\/www.info-algerie.com\/actualites\/#\/schema\/logo\/image\/"},"sameAs":["https:\/\/www.facebook.com\/infoalgerieactu","https:\/\/x.com\/infoalgerie1"]},{"@type":"Person","@id":"https:\/\/www.info-algerie.com\/actualites\/#\/schema\/person\/847aaec44920825b843a08f30ec6aa1e","name":"La r\u00e9daction","image":{"@type":"ImageObject","inLanguage":"fr-FR","@id":"https:\/\/secure.gravatar.com\/avatar\/769db425c6f465158149f1ffd6cf61ce7a8a879d11dfbef8288af36dfddd418c?s=96&d=mm&r=g","url":"https:\/\/secure.gravatar.com\/avatar\/769db425c6f465158149f1ffd6cf61ce7a8a879d11dfbef8288af36dfddd418c?s=96&d=mm&r=g","contentUrl":"https:\/\/secure.gravatar.com\/avatar\/769db425c6f465158149f1ffd6cf61ce7a8a879d11dfbef8288af36dfddd418c?s=96&d=mm&r=g","caption":"La r\u00e9daction"},"sameAs":["http:\/\/www.lkeria.com\/"],"url":"https:\/\/www.info-algerie.com\/actualites\/author\/chakib32\/"}]}},"_links":{"self":[{"href":"https:\/\/www.info-algerie.com\/actualites\/wp-json\/wp\/v2\/posts\/27289","targetHints":{"allow":["GET"]}}],"collection":[{"href":"https:\/\/www.info-algerie.com\/actualites\/wp-json\/wp\/v2\/posts"}],"about":[{"href":"https:\/\/www.info-algerie.com\/actualites\/wp-json\/wp\/v2\/types\/post"}],"author":[{"embeddable":true,"href":"https:\/\/www.info-algerie.com\/actualites\/wp-json\/wp\/v2\/users\/6"}],"replies":[{"embeddable":true,"href":"https:\/\/www.info-algerie.com\/actualites\/wp-json\/wp\/v2\/comments?post=27289"}],"version-history":[{"count":1,"href":"https:\/\/www.info-algerie.com\/actualites\/wp-json\/wp\/v2\/posts\/27289\/revisions"}],"predecessor-version":[{"id":27348,"href":"https:\/\/www.info-algerie.com\/actualites\/wp-json\/wp\/v2\/posts\/27289\/revisions\/27348"}],"wp:featuredmedia":[{"embeddable":true,"href":"https:\/\/www.info-algerie.com\/actualites\/wp-json\/wp\/v2\/media\/27347"}],"wp:attachment":[{"href":"https:\/\/www.info-algerie.com\/actualites\/wp-json\/wp\/v2\/media?parent=27289"}],"wp:term":[{"taxonomy":"category","embeddable":true,"href":"https:\/\/www.info-algerie.com\/actualites\/wp-json\/wp\/v2\/categories?post=27289"},{"taxonomy":"post_tag","embeddable":true,"href":"https:\/\/www.info-algerie.com\/actualites\/wp-json\/wp\/v2\/tags?post=27289"}],"curies":[{"name":"wp","href":"https:\/\/api.w.org\/{rel}","templated":true}]}}