{"id":27295,"date":"2022-03-23T12:00:00","date_gmt":"2022-03-23T11:00:00","guid":{"rendered":"https:\/\/www.info-algerie.com\/actualites\/hommage-aux-poetes-ahcene-benramdane-et-lakhdar-essaihi\/"},"modified":"2022-03-27T18:27:03","modified_gmt":"2022-03-27T17:27:03","slug":"hommage-aux-poetes-ahcene-benramdane-et-lakhdar-essaihi","status":"publish","type":"post","link":"https:\/\/www.info-algerie.com\/actualites\/hommage-aux-poetes-ahcene-benramdane-et-lakhdar-essaihi\/","title":{"rendered":"Journ\u00e9e de la po\u00e9sie arabe de m\u00e9d\u00e9a : hommage aux po\u00e8tes Ahc\u00e8ne Benramdane et Lakhdar Essa\u00efhi"},"content":{"rendered":"\n<p><strong>Cette \u00e9dition, inscrite sous le slogan \u201cLa po\u00e9sie, ambassadrice de la m\u00e9moire\u201d, a rendu hommage \u00e0 ces deux figures embl\u00e9matiques de la culture&nbsp; &nbsp;alg\u00e9rienne,&nbsp; qui&nbsp;&nbsp;se&nbsp; sont&nbsp; illustr\u00e9es&nbsp; sur&nbsp; la&nbsp; sc\u00e8ne&nbsp; locale&nbsp; et internationale.<\/strong><\/p>\n\n\n\n<p><strong>L<\/strong>a Journ\u00e9e de la po\u00e9sie arabe, qui a lieu le 21 mars, a \u00e9t\u00e9 marqu\u00e9e cette ann\u00e9e par l\u2019organisation d\u2019une rencontre po\u00e9tique en hommage \u00e0 deux po\u00e8tes disparus, \u00e0 savoir Mohamed Lakhdar Essa\u00efhi et Ahc\u00e8ne Benramdane, figures embl\u00e9matiques de la culture alg\u00e9rienne.&nbsp;<\/p>\n\n\n\n<p>Ayant eu lieu sous le slogan \u201cLa po\u00e9sie, ambassadrice de la m\u00e9moire\u201d retenu par les initiateurs de la journ\u00e9e, en l\u2019occurrence la maison de la culture Hassan-El-Hassani, en collaboration avec le bureau de la Maison de la po\u00e9sie alg\u00e9rienne de M\u00e9d\u00e9a, par la lecture de po\u00e8mes et des hommages aux deux po\u00e8tes qui s\u2019\u00e9taient illustr\u00e9s sur la sc\u00e8ne locale et internationale.<\/p>\n\n\n\n<p>Pour avoir \u00e9t\u00e9 une figure de proue de la po\u00e9sie alg\u00e9rienne, le nom du po\u00e8te Mohamed Lakhdar Essa\u00efhi a \u00e9t\u00e9 retenu cette ann\u00e9e par l\u2019Alesco (Organisation arabe pour l\u2019\u00e9ducation, les sciences et la culture) en tant que personnalit\u00e9 de l\u2019ann\u00e9e pour l\u2019ensemble de son \u0153uvre en faveur de la po\u00e9sie arabe.&nbsp;<\/p>\n\n\n\n<p>Le regrett\u00e9 po\u00e8te alg\u00e9rien Mohamed Lakhdar Essa\u00efhi a eu les faveurs de l\u2019Alesco pour \u00eatre honor\u00e9, en compagnie de deux autres po\u00e8tes arabes, et ce, pour \u201cavoir port\u00e9 la voix de l\u2019Alg\u00e9rie dans le concert des nations\u201d, suite \u00e0 la proposition formul\u00e9e par le minist\u00e8re de la Culture et des Arts.<\/p>\n\n\n\n<p>Po\u00e8te natif de M\u00e9d\u00e9a, Ahc\u00e8ne Benramdane a recueilli de nombreux hommages de po\u00e8tes venus de diff\u00e9rentes wilayas, d\u2019universitaires qui l\u2019ont connu, c\u00f4toy\u00e9 ou qui ont simplement la barde \u00e0 travers ses po\u00e8mes publi\u00e9s dans les revues ou lus \u00e0 travers les ondes des radios.&nbsp;<\/p>\n\n\n\n<p>Le pr\u00e9sident du bureau de la Maison de la po\u00e9sie alg\u00e9rienne de M\u00e9d\u00e9a, Mahfoud Bakhouche, a esquiss\u00e9 un portrait du po\u00e8te qui, dira-t-il, avait cette particularit\u00e9 de poss\u00e9der plusieurs cordes \u00e0 son arc puisqu\u2019\u00e0 la verve des mots, le po\u00e8te a d\u2019abord \u00e9t\u00e9 enseignant avant de devenir calligraphe et enfin restaurateur de vieux livres et manuscrits.&nbsp;<\/p>\n\n\n\n<p>Il se d\u00e9couvre tr\u00e8s jeune un go\u00fbt pour la po\u00e9sie dans un long chemin qu\u2019il a partag\u00e9 avec son ami d\u2019enfance et po\u00e8te talentueux feu Djamel Ettahiri, qui, en compagnie d\u2019un autre po\u00e8te, en l\u2019occurrence Mohamed Kadik, fond\u00e8rent une revue destin\u00e9e aux enfants, selon M. Belhadjar, enseignant \u00e0 l\u2019universit\u00e9 Yahia-Far\u00e8s de M\u00e9d\u00e9a et son ancien voisin de quartier.<\/p>\n\n\n\n<p>\u201cHomme d\u2019une grande rectitude, sa po\u00e9sie est une r\u00e9flexion d\u00e9livrant des messages invitant au respect de l\u2019int\u00e9grit\u00e9 de l\u2019\u00eatre humain\u201d, a-t-il conclu.<\/p>\n\n\n\n<p>M. Nihalia, professeur de lettres \u00e0 l\u2019universit\u00e9 de M\u00e9d\u00e9a, parlera d\u2019un Diwan publi\u00e9 par le d\u00e9funt po\u00e8te et de quelques po\u00e8mes de jeunesse dans la revue Thaqafa en 1977, dont un po\u00e8me pr\u00e9monitoire des \u00e9v\u00e9nements qui ont suivi la p\u00e9riode d\u2019\u00e9bullition culturelle des ann\u00e9es 1970, intitul\u00e9 Ya Djirahi (\u00d4, mes blessures).<\/p>\n\n\n\n<p>\u201cSes po\u00e8mes expriment dans leur majorit\u00e9 son ressenti sur les d\u00e9poss\u00e9d\u00e9s de ce monde, les faibles et les profiteurs qui sont la proie des profiteurs de tous bords.\u201d&nbsp;<\/p>\n\n\n\n<p>Le po\u00e8te a laiss\u00e9 plus d\u2019une dizaine de cahiers de po\u00e9sie qui attendent d\u2019\u00eatre \u00e9dit\u00e9s et qui sont le seul h\u00e9ritage laiss\u00e9 \u00e0 ses enfants, pr\u00e9sents \u00e0 la Journ\u00e9e de la po\u00e9sie, qui ont re\u00e7u une m\u00e9daille symbolique \u00e0 l\u2019effigie du d\u00e9funt, d\u00e9c\u00e9d\u00e9 le 27 f\u00e9vrier 2022.<\/p>\n\n\n\n<p><br>Source: <a href=\"https:\/\/www.liberte-algerie.com\/culture\/hommage-aux-poetes-ahcene-benramdane-et-lakhdar-essaihi-375336\" target=\"_blank\" rel=\"noopener\">Hommage aux po\u00e8tes Ahc\u00e8ne Benramdane et Lakhdar Essa\u00efhi<\/a><\/p>\n<!--CusAds0-->\n<div style=\"font-size: 0px; height: 0px; line-height: 0px; margin: 0; padding: 0; clear: both;\"><\/div>","protected":false},"excerpt":{"rendered":"<p>Cette \u00e9dition, inscrite sous le slogan \u201cLa po\u00e9sie, ambassadrice de la m\u00e9moire\u201d, a rendu hommage \u00e0 ces deux figures embl\u00e9matiques de la culture&nbsp; &nbsp;alg\u00e9rienne,&nbsp; qui&nbsp;&nbsp;se&nbsp; sont&nbsp; illustr\u00e9es&nbsp; sur&nbsp; la&nbsp; sc\u00e8ne&nbsp; locale&nbsp; et internationale. La Journ\u00e9e de la po\u00e9sie arabe, qui a lieu le 21 mars, a \u00e9t\u00e9 marqu\u00e9e cette ann\u00e9e par l\u2019organisation d\u2019une rencontre po\u00e9tique<\/p>\n","protected":false},"author":6,"featured_media":27329,"comment_status":"open","ping_status":"open","sticky":false,"template":"","format":"standard","meta":{"footnotes":""},"categories":[9],"tags":[300],"class_list":["post-27295","post","type-post","status-publish","format-standard","has-post-thumbnail","hentry","category-culture-sante","tag-lakhdar-essaihi"],"yoast_head":"<!-- This site is optimized with the Yoast SEO plugin v27.5 - https:\/\/yoast.com\/product\/yoast-seo-wordpress\/ -->\n<title>Journ\u00e9e de la po\u00e9sie arabe de m\u00e9d\u00e9a : hommage aux po\u00e8tes Ahc\u00e8ne Benramdane et Lakhdar Essa\u00efhi<\/title>\n<meta name=\"description\" content=\"Cette \u00e9dition, inscrite sous le slogan La po\u00e9sie, ambassadrice de la m\u00e9moire a rendu hommage \u00e0 ces deux figures embl\u00e9matiques de la culture\" \/>\n<meta name=\"robots\" content=\"index, follow, max-snippet:-1, max-image-preview:large, max-video-preview:-1\" \/>\n<link rel=\"canonical\" href=\"https:\/\/www.info-algerie.com\/actualites\/hommage-aux-poetes-ahcene-benramdane-et-lakhdar-essaihi\/\" \/>\n<meta property=\"og:locale\" content=\"fr_FR\" \/>\n<meta property=\"og:type\" content=\"article\" \/>\n<meta property=\"og:title\" content=\"Journ\u00e9e de la po\u00e9sie arabe de m\u00e9d\u00e9a : hommage aux po\u00e8tes Ahc\u00e8ne Benramdane et Lakhdar Essa\u00efhi\" \/>\n<meta property=\"og:description\" content=\"Cette \u00e9dition, inscrite sous le slogan La po\u00e9sie, ambassadrice de la m\u00e9moire a rendu hommage \u00e0 ces deux figures embl\u00e9matiques de la culture\" \/>\n<meta property=\"og:url\" content=\"https:\/\/www.info-algerie.com\/actualites\/hommage-aux-poetes-ahcene-benramdane-et-lakhdar-essaihi\/\" \/>\n<meta property=\"og:site_name\" content=\"info algerie\" \/>\n<meta property=\"article:publisher\" content=\"https:\/\/www.facebook.com\/infoalgerieactu\" \/>\n<meta property=\"article:published_time\" content=\"2022-03-23T11:00:00+00:00\" \/>\n<meta property=\"article:modified_time\" content=\"2022-03-27T17:27:03+00:00\" \/>\n<meta property=\"og:image\" content=\"https:\/\/www.info-algerie.com\/actualites\/wp-content\/uploads\/2022\/03\/hommage-aux-poetes-ahcene-benramdane-et-lakhdar-essaihi.jpg\" \/>\n\t<meta property=\"og:image:width\" content=\"620\" \/>\n\t<meta property=\"og:image:height\" content=\"413\" \/>\n\t<meta property=\"og:image:type\" content=\"image\/jpeg\" \/>\n<meta name=\"author\" content=\"La r\u00e9daction\" \/>\n<meta name=\"twitter:label1\" content=\"\u00c9crit par\" \/>\n\t<meta name=\"twitter:data1\" content=\"La r\u00e9daction\" \/>\n\t<meta name=\"twitter:label2\" content=\"Dur\u00e9e de lecture estim\u00e9e\" \/>\n\t<meta name=\"twitter:data2\" content=\"3 minutes\" \/>\n<script type=\"application\/ld+json\" class=\"yoast-schema-graph\">{\"@context\":\"https:\\\/\\\/schema.org\",\"@graph\":[{\"@type\":\"Article\",\"@id\":\"https:\\\/\\\/www.info-algerie.com\\\/actualites\\\/hommage-aux-poetes-ahcene-benramdane-et-lakhdar-essaihi\\\/#article\",\"isPartOf\":{\"@id\":\"https:\\\/\\\/www.info-algerie.com\\\/actualites\\\/hommage-aux-poetes-ahcene-benramdane-et-lakhdar-essaihi\\\/\"},\"author\":{\"name\":\"La r\u00e9daction\",\"@id\":\"https:\\\/\\\/www.info-algerie.com\\\/actualites\\\/#\\\/schema\\\/person\\\/847aaec44920825b843a08f30ec6aa1e\"},\"headline\":\"Journ\u00e9e de la po\u00e9sie arabe de m\u00e9d\u00e9a : hommage aux po\u00e8tes Ahc\u00e8ne Benramdane et Lakhdar Essa\u00efhi\",\"datePublished\":\"2022-03-23T11:00:00+00:00\",\"dateModified\":\"2022-03-27T17:27:03+00:00\",\"mainEntityOfPage\":{\"@id\":\"https:\\\/\\\/www.info-algerie.com\\\/actualites\\\/hommage-aux-poetes-ahcene-benramdane-et-lakhdar-essaihi\\\/\"},\"wordCount\":705,\"commentCount\":0,\"publisher\":{\"@id\":\"https:\\\/\\\/www.info-algerie.com\\\/actualites\\\/#organization\"},\"image\":{\"@id\":\"https:\\\/\\\/www.info-algerie.com\\\/actualites\\\/hommage-aux-poetes-ahcene-benramdane-et-lakhdar-essaihi\\\/#primaryimage\"},\"thumbnailUrl\":\"https:\\\/\\\/www.info-algerie.com\\\/actualites\\\/wp-content\\\/uploads\\\/2022\\\/03\\\/hommage-aux-poetes-ahcene-benramdane-et-lakhdar-essaihi.jpg\",\"keywords\":[\"Lakhdar Essa\u00efhi\"],\"articleSection\":[\"culture sant\u00e9\"],\"inLanguage\":\"fr-FR\",\"potentialAction\":[{\"@type\":\"CommentAction\",\"name\":\"Comment\",\"target\":[\"https:\\\/\\\/www.info-algerie.com\\\/actualites\\\/hommage-aux-poetes-ahcene-benramdane-et-lakhdar-essaihi\\\/#respond\"]}]},{\"@type\":\"WebPage\",\"@id\":\"https:\\\/\\\/www.info-algerie.com\\\/actualites\\\/hommage-aux-poetes-ahcene-benramdane-et-lakhdar-essaihi\\\/\",\"url\":\"https:\\\/\\\/www.info-algerie.com\\\/actualites\\\/hommage-aux-poetes-ahcene-benramdane-et-lakhdar-essaihi\\\/\",\"name\":\"Journ\u00e9e de la po\u00e9sie arabe de m\u00e9d\u00e9a : hommage aux po\u00e8tes Ahc\u00e8ne Benramdane et Lakhdar Essa\u00efhi\",\"isPartOf\":{\"@id\":\"https:\\\/\\\/www.info-algerie.com\\\/actualites\\\/#website\"},\"primaryImageOfPage\":{\"@id\":\"https:\\\/\\\/www.info-algerie.com\\\/actualites\\\/hommage-aux-poetes-ahcene-benramdane-et-lakhdar-essaihi\\\/#primaryimage\"},\"image\":{\"@id\":\"https:\\\/\\\/www.info-algerie.com\\\/actualites\\\/hommage-aux-poetes-ahcene-benramdane-et-lakhdar-essaihi\\\/#primaryimage\"},\"thumbnailUrl\":\"https:\\\/\\\/www.info-algerie.com\\\/actualites\\\/wp-content\\\/uploads\\\/2022\\\/03\\\/hommage-aux-poetes-ahcene-benramdane-et-lakhdar-essaihi.jpg\",\"datePublished\":\"2022-03-23T11:00:00+00:00\",\"dateModified\":\"2022-03-27T17:27:03+00:00\",\"description\":\"Cette \u00e9dition, inscrite sous le slogan La po\u00e9sie, ambassadrice de la m\u00e9moire a rendu hommage \u00e0 ces deux figures embl\u00e9matiques de la culture\",\"breadcrumb\":{\"@id\":\"https:\\\/\\\/www.info-algerie.com\\\/actualites\\\/hommage-aux-poetes-ahcene-benramdane-et-lakhdar-essaihi\\\/#breadcrumb\"},\"inLanguage\":\"fr-FR\",\"potentialAction\":[{\"@type\":\"ReadAction\",\"target\":[\"https:\\\/\\\/www.info-algerie.com\\\/actualites\\\/hommage-aux-poetes-ahcene-benramdane-et-lakhdar-essaihi\\\/\"]}]},{\"@type\":\"ImageObject\",\"inLanguage\":\"fr-FR\",\"@id\":\"https:\\\/\\\/www.info-algerie.com\\\/actualites\\\/hommage-aux-poetes-ahcene-benramdane-et-lakhdar-essaihi\\\/#primaryimage\",\"url\":\"https:\\\/\\\/www.info-algerie.com\\\/actualites\\\/wp-content\\\/uploads\\\/2022\\\/03\\\/hommage-aux-poetes-ahcene-benramdane-et-lakhdar-essaihi.jpg\",\"contentUrl\":\"https:\\\/\\\/www.info-algerie.com\\\/actualites\\\/wp-content\\\/uploads\\\/2022\\\/03\\\/hommage-aux-poetes-ahcene-benramdane-et-lakhdar-essaihi.jpg\",\"width\":620,\"height\":413,\"caption\":\"Lakhdar Essa\u00efhi\"},{\"@type\":\"BreadcrumbList\",\"@id\":\"https:\\\/\\\/www.info-algerie.com\\\/actualites\\\/hommage-aux-poetes-ahcene-benramdane-et-lakhdar-essaihi\\\/#breadcrumb\",\"itemListElement\":[{\"@type\":\"ListItem\",\"position\":1,\"name\":\"Accueil\",\"item\":\"https:\\\/\\\/www.info-algerie.com\\\/actualites\\\/\"},{\"@type\":\"ListItem\",\"position\":2,\"name\":\"Journ\u00e9e de la po\u00e9sie arabe de m\u00e9d\u00e9a : hommage aux po\u00e8tes Ahc\u00e8ne Benramdane et Lakhdar Essa\u00efhi\"}]},{\"@type\":\"WebSite\",\"@id\":\"https:\\\/\\\/www.info-algerie.com\\\/actualites\\\/#website\",\"url\":\"https:\\\/\\\/www.info-algerie.com\\\/actualites\\\/\",\"name\":\"info algerie\",\"description\":\"Toutes les actualit\u00e9s\",\"publisher\":{\"@id\":\"https:\\\/\\\/www.info-algerie.com\\\/actualites\\\/#organization\"},\"potentialAction\":[{\"@type\":\"SearchAction\",\"target\":{\"@type\":\"EntryPoint\",\"urlTemplate\":\"https:\\\/\\\/www.info-algerie.com\\\/actualites\\\/?s={search_term_string}\"},\"query-input\":{\"@type\":\"PropertyValueSpecification\",\"valueRequired\":true,\"valueName\":\"search_term_string\"}}],\"inLanguage\":\"fr-FR\"},{\"@type\":\"Organization\",\"@id\":\"https:\\\/\\\/www.info-algerie.com\\\/actualites\\\/#organization\",\"name\":\"info algerie\",\"url\":\"https:\\\/\\\/www.info-algerie.com\\\/actualites\\\/\",\"logo\":{\"@type\":\"ImageObject\",\"inLanguage\":\"fr-FR\",\"@id\":\"https:\\\/\\\/www.info-algerie.com\\\/actualites\\\/#\\\/schema\\\/logo\\\/image\\\/\",\"url\":\"https:\\\/\\\/www.info-algerie.com\\\/actualites\\\/wp-content\\\/uploads\\\/2022\\\/07\\\/logo-ia-120.png\",\"contentUrl\":\"https:\\\/\\\/www.info-algerie.com\\\/actualites\\\/wp-content\\\/uploads\\\/2022\\\/07\\\/logo-ia-120.png\",\"width\":120,\"height\":43,\"caption\":\"info algerie\"},\"image\":{\"@id\":\"https:\\\/\\\/www.info-algerie.com\\\/actualites\\\/#\\\/schema\\\/logo\\\/image\\\/\"},\"sameAs\":[\"https:\\\/\\\/www.facebook.com\\\/infoalgerieactu\",\"https:\\\/\\\/x.com\\\/infoalgerie1\"]},{\"@type\":\"Person\",\"@id\":\"https:\\\/\\\/www.info-algerie.com\\\/actualites\\\/#\\\/schema\\\/person\\\/847aaec44920825b843a08f30ec6aa1e\",\"name\":\"La r\u00e9daction\",\"image\":{\"@type\":\"ImageObject\",\"inLanguage\":\"fr-FR\",\"@id\":\"https:\\\/\\\/secure.gravatar.com\\\/avatar\\\/769db425c6f465158149f1ffd6cf61ce7a8a879d11dfbef8288af36dfddd418c?s=96&d=mm&r=g\",\"url\":\"https:\\\/\\\/secure.gravatar.com\\\/avatar\\\/769db425c6f465158149f1ffd6cf61ce7a8a879d11dfbef8288af36dfddd418c?s=96&d=mm&r=g\",\"contentUrl\":\"https:\\\/\\\/secure.gravatar.com\\\/avatar\\\/769db425c6f465158149f1ffd6cf61ce7a8a879d11dfbef8288af36dfddd418c?s=96&d=mm&r=g\",\"caption\":\"La r\u00e9daction\"},\"sameAs\":[\"http:\\\/\\\/www.lkeria.com\\\/\"],\"url\":\"https:\\\/\\\/www.info-algerie.com\\\/actualites\\\/author\\\/chakib32\\\/\"}]}<\/script>\n<!-- \/ Yoast SEO plugin. -->","yoast_head_json":{"title":"Journ\u00e9e de la po\u00e9sie arabe de m\u00e9d\u00e9a : hommage aux po\u00e8tes Ahc\u00e8ne Benramdane et Lakhdar Essa\u00efhi","description":"Cette \u00e9dition, inscrite sous le slogan La po\u00e9sie, ambassadrice de la m\u00e9moire a rendu hommage \u00e0 ces deux figures embl\u00e9matiques de la culture","robots":{"index":"index","follow":"follow","max-snippet":"max-snippet:-1","max-image-preview":"max-image-preview:large","max-video-preview":"max-video-preview:-1"},"canonical":"https:\/\/www.info-algerie.com\/actualites\/hommage-aux-poetes-ahcene-benramdane-et-lakhdar-essaihi\/","og_locale":"fr_FR","og_type":"article","og_title":"Journ\u00e9e de la po\u00e9sie arabe de m\u00e9d\u00e9a : hommage aux po\u00e8tes Ahc\u00e8ne Benramdane et Lakhdar Essa\u00efhi","og_description":"Cette \u00e9dition, inscrite sous le slogan La po\u00e9sie, ambassadrice de la m\u00e9moire a rendu hommage \u00e0 ces deux figures embl\u00e9matiques de la culture","og_url":"https:\/\/www.info-algerie.com\/actualites\/hommage-aux-poetes-ahcene-benramdane-et-lakhdar-essaihi\/","og_site_name":"info algerie","article_publisher":"https:\/\/www.facebook.com\/infoalgerieactu","article_published_time":"2022-03-23T11:00:00+00:00","article_modified_time":"2022-03-27T17:27:03+00:00","og_image":[{"width":620,"height":413,"url":"https:\/\/www.info-algerie.com\/actualites\/wp-content\/uploads\/2022\/03\/hommage-aux-poetes-ahcene-benramdane-et-lakhdar-essaihi.jpg","type":"image\/jpeg"}],"author":"La r\u00e9daction","twitter_misc":{"\u00c9crit par":"La r\u00e9daction","Dur\u00e9e de lecture estim\u00e9e":"3 minutes"},"schema":{"@context":"https:\/\/schema.org","@graph":[{"@type":"Article","@id":"https:\/\/www.info-algerie.com\/actualites\/hommage-aux-poetes-ahcene-benramdane-et-lakhdar-essaihi\/#article","isPartOf":{"@id":"https:\/\/www.info-algerie.com\/actualites\/hommage-aux-poetes-ahcene-benramdane-et-lakhdar-essaihi\/"},"author":{"name":"La r\u00e9daction","@id":"https:\/\/www.info-algerie.com\/actualites\/#\/schema\/person\/847aaec44920825b843a08f30ec6aa1e"},"headline":"Journ\u00e9e de la po\u00e9sie arabe de m\u00e9d\u00e9a : hommage aux po\u00e8tes Ahc\u00e8ne Benramdane et Lakhdar Essa\u00efhi","datePublished":"2022-03-23T11:00:00+00:00","dateModified":"2022-03-27T17:27:03+00:00","mainEntityOfPage":{"@id":"https:\/\/www.info-algerie.com\/actualites\/hommage-aux-poetes-ahcene-benramdane-et-lakhdar-essaihi\/"},"wordCount":705,"commentCount":0,"publisher":{"@id":"https:\/\/www.info-algerie.com\/actualites\/#organization"},"image":{"@id":"https:\/\/www.info-algerie.com\/actualites\/hommage-aux-poetes-ahcene-benramdane-et-lakhdar-essaihi\/#primaryimage"},"thumbnailUrl":"https:\/\/www.info-algerie.com\/actualites\/wp-content\/uploads\/2022\/03\/hommage-aux-poetes-ahcene-benramdane-et-lakhdar-essaihi.jpg","keywords":["Lakhdar Essa\u00efhi"],"articleSection":["culture sant\u00e9"],"inLanguage":"fr-FR","potentialAction":[{"@type":"CommentAction","name":"Comment","target":["https:\/\/www.info-algerie.com\/actualites\/hommage-aux-poetes-ahcene-benramdane-et-lakhdar-essaihi\/#respond"]}]},{"@type":"WebPage","@id":"https:\/\/www.info-algerie.com\/actualites\/hommage-aux-poetes-ahcene-benramdane-et-lakhdar-essaihi\/","url":"https:\/\/www.info-algerie.com\/actualites\/hommage-aux-poetes-ahcene-benramdane-et-lakhdar-essaihi\/","name":"Journ\u00e9e de la po\u00e9sie arabe de m\u00e9d\u00e9a : hommage aux po\u00e8tes Ahc\u00e8ne Benramdane et Lakhdar Essa\u00efhi","isPartOf":{"@id":"https:\/\/www.info-algerie.com\/actualites\/#website"},"primaryImageOfPage":{"@id":"https:\/\/www.info-algerie.com\/actualites\/hommage-aux-poetes-ahcene-benramdane-et-lakhdar-essaihi\/#primaryimage"},"image":{"@id":"https:\/\/www.info-algerie.com\/actualites\/hommage-aux-poetes-ahcene-benramdane-et-lakhdar-essaihi\/#primaryimage"},"thumbnailUrl":"https:\/\/www.info-algerie.com\/actualites\/wp-content\/uploads\/2022\/03\/hommage-aux-poetes-ahcene-benramdane-et-lakhdar-essaihi.jpg","datePublished":"2022-03-23T11:00:00+00:00","dateModified":"2022-03-27T17:27:03+00:00","description":"Cette \u00e9dition, inscrite sous le slogan La po\u00e9sie, ambassadrice de la m\u00e9moire a rendu hommage \u00e0 ces deux figures embl\u00e9matiques de la culture","breadcrumb":{"@id":"https:\/\/www.info-algerie.com\/actualites\/hommage-aux-poetes-ahcene-benramdane-et-lakhdar-essaihi\/#breadcrumb"},"inLanguage":"fr-FR","potentialAction":[{"@type":"ReadAction","target":["https:\/\/www.info-algerie.com\/actualites\/hommage-aux-poetes-ahcene-benramdane-et-lakhdar-essaihi\/"]}]},{"@type":"ImageObject","inLanguage":"fr-FR","@id":"https:\/\/www.info-algerie.com\/actualites\/hommage-aux-poetes-ahcene-benramdane-et-lakhdar-essaihi\/#primaryimage","url":"https:\/\/www.info-algerie.com\/actualites\/wp-content\/uploads\/2022\/03\/hommage-aux-poetes-ahcene-benramdane-et-lakhdar-essaihi.jpg","contentUrl":"https:\/\/www.info-algerie.com\/actualites\/wp-content\/uploads\/2022\/03\/hommage-aux-poetes-ahcene-benramdane-et-lakhdar-essaihi.jpg","width":620,"height":413,"caption":"Lakhdar Essa\u00efhi"},{"@type":"BreadcrumbList","@id":"https:\/\/www.info-algerie.com\/actualites\/hommage-aux-poetes-ahcene-benramdane-et-lakhdar-essaihi\/#breadcrumb","itemListElement":[{"@type":"ListItem","position":1,"name":"Accueil","item":"https:\/\/www.info-algerie.com\/actualites\/"},{"@type":"ListItem","position":2,"name":"Journ\u00e9e de la po\u00e9sie arabe de m\u00e9d\u00e9a : hommage aux po\u00e8tes Ahc\u00e8ne Benramdane et Lakhdar Essa\u00efhi"}]},{"@type":"WebSite","@id":"https:\/\/www.info-algerie.com\/actualites\/#website","url":"https:\/\/www.info-algerie.com\/actualites\/","name":"info algerie","description":"Toutes les actualit\u00e9s","publisher":{"@id":"https:\/\/www.info-algerie.com\/actualites\/#organization"},"potentialAction":[{"@type":"SearchAction","target":{"@type":"EntryPoint","urlTemplate":"https:\/\/www.info-algerie.com\/actualites\/?s={search_term_string}"},"query-input":{"@type":"PropertyValueSpecification","valueRequired":true,"valueName":"search_term_string"}}],"inLanguage":"fr-FR"},{"@type":"Organization","@id":"https:\/\/www.info-algerie.com\/actualites\/#organization","name":"info algerie","url":"https:\/\/www.info-algerie.com\/actualites\/","logo":{"@type":"ImageObject","inLanguage":"fr-FR","@id":"https:\/\/www.info-algerie.com\/actualites\/#\/schema\/logo\/image\/","url":"https:\/\/www.info-algerie.com\/actualites\/wp-content\/uploads\/2022\/07\/logo-ia-120.png","contentUrl":"https:\/\/www.info-algerie.com\/actualites\/wp-content\/uploads\/2022\/07\/logo-ia-120.png","width":120,"height":43,"caption":"info algerie"},"image":{"@id":"https:\/\/www.info-algerie.com\/actualites\/#\/schema\/logo\/image\/"},"sameAs":["https:\/\/www.facebook.com\/infoalgerieactu","https:\/\/x.com\/infoalgerie1"]},{"@type":"Person","@id":"https:\/\/www.info-algerie.com\/actualites\/#\/schema\/person\/847aaec44920825b843a08f30ec6aa1e","name":"La r\u00e9daction","image":{"@type":"ImageObject","inLanguage":"fr-FR","@id":"https:\/\/secure.gravatar.com\/avatar\/769db425c6f465158149f1ffd6cf61ce7a8a879d11dfbef8288af36dfddd418c?s=96&d=mm&r=g","url":"https:\/\/secure.gravatar.com\/avatar\/769db425c6f465158149f1ffd6cf61ce7a8a879d11dfbef8288af36dfddd418c?s=96&d=mm&r=g","contentUrl":"https:\/\/secure.gravatar.com\/avatar\/769db425c6f465158149f1ffd6cf61ce7a8a879d11dfbef8288af36dfddd418c?s=96&d=mm&r=g","caption":"La r\u00e9daction"},"sameAs":["http:\/\/www.lkeria.com\/"],"url":"https:\/\/www.info-algerie.com\/actualites\/author\/chakib32\/"}]}},"_links":{"self":[{"href":"https:\/\/www.info-algerie.com\/actualites\/wp-json\/wp\/v2\/posts\/27295","targetHints":{"allow":["GET"]}}],"collection":[{"href":"https:\/\/www.info-algerie.com\/actualites\/wp-json\/wp\/v2\/posts"}],"about":[{"href":"https:\/\/www.info-algerie.com\/actualites\/wp-json\/wp\/v2\/types\/post"}],"author":[{"embeddable":true,"href":"https:\/\/www.info-algerie.com\/actualites\/wp-json\/wp\/v2\/users\/6"}],"replies":[{"embeddable":true,"href":"https:\/\/www.info-algerie.com\/actualites\/wp-json\/wp\/v2\/comments?post=27295"}],"version-history":[{"count":1,"href":"https:\/\/www.info-algerie.com\/actualites\/wp-json\/wp\/v2\/posts\/27295\/revisions"}],"predecessor-version":[{"id":27330,"href":"https:\/\/www.info-algerie.com\/actualites\/wp-json\/wp\/v2\/posts\/27295\/revisions\/27330"}],"wp:featuredmedia":[{"embeddable":true,"href":"https:\/\/www.info-algerie.com\/actualites\/wp-json\/wp\/v2\/media\/27329"}],"wp:attachment":[{"href":"https:\/\/www.info-algerie.com\/actualites\/wp-json\/wp\/v2\/media?parent=27295"}],"wp:term":[{"taxonomy":"category","embeddable":true,"href":"https:\/\/www.info-algerie.com\/actualites\/wp-json\/wp\/v2\/categories?post=27295"},{"taxonomy":"post_tag","embeddable":true,"href":"https:\/\/www.info-algerie.com\/actualites\/wp-json\/wp\/v2\/tags?post=27295"}],"curies":[{"name":"wp","href":"https:\/\/api.w.org\/{rel}","templated":true}]}}