{"id":27299,"date":"2022-03-24T12:00:00","date_gmt":"2022-03-24T11:00:00","guid":{"rendered":"https:\/\/www.info-algerie.com\/actualites\/douze-familles-a-bout-de-souffle\/"},"modified":"2022-03-27T18:12:36","modified_gmt":"2022-03-27T17:12:36","slug":"douze-familles-a-bout-de-souffle","status":"publish","type":"post","link":"https:\/\/www.info-algerie.com\/actualites\/douze-familles-a-bout-de-souffle\/","title":{"rendered":"Douze familles \u00e0 bout de souffle"},"content":{"rendered":"\n<p>La situation des douze\u00a0 familles recas\u00e9es\u00a0 dans les locaux commerciaux, situ\u00e9s au contrebas de l\u2019h\u00f4pital Krim-Belkacem, \u00e0 Dra\u00e2 El-Mizan, au sud-ouest de Tizi Ouzou, ne cesse d\u2019empirer de jour en jour.En effet, en plus des conditions lamentables dans lesquelles elles vivotent, elles ont \u00e9t\u00e9 plong\u00e9es dans le noir le week-end dernier. Selon les occupants de ces locaux, cela est d\u00fb au compteur \u00e9lectrique qui a grill\u00e9 \u00e0 cause de la surcharge.<\/p>\n\n\n\n<p>\u201cC\u2019est un compteur \u00e9lectrique collectif. Puisque nous n\u2019avons pas de gaz, nous nous chauffons \u00e0 l\u2019aide d\u2019appareils \u00e9lectriques. C\u2019est pourquoi le compteur est hors d\u2019usage. En plus de l\u2019ins\u00e9curit\u00e9 qui r\u00e8gne dans cet endroit, nous \u00e9tions plong\u00e9s dans le noir. Nous n\u2019avions m\u00eame pas de bougies. Nos enfants avaient \u00e9norm\u00e9ment peur qu\u2019ils n\u2019arrivaient plus \u00e0 dormir\u201d, nous confie Nacer en compagnie d\u2019hommes, de femmes et d\u2019enfants rencontr\u00e9s, avant-hier, devant le si\u00e8ge de l\u2019APC venus s\u2019adresser au maire et \u00e0 son ex\u00e9cutif.<\/p>\n\n\n\n<p>\u201cNous menons une vie difficile dans ces locaux de mis\u00e8re. Toutes les vitres ont vol\u00e9 en \u00e9clats quand ces locaux \u00e9taient \u00e0 l\u2019abandon. Il fallait fermer toutes les ouvertures par des b\u00e2ches en plastique. Nous avons une seule toilette commune. Descendre du deuxi\u00e8me \u00e9tage jusqu\u2019aux toilettes dans le noir est un risque. En tout cas, nous ne pouvons garder aucune intimit\u00e9. La vie dans ces garages rel\u00e8ve d\u2019un autre \u00e2ge. Nous sommes au bout du souffle. Nos enfants sont tous malades et nous n&rsquo;avons pas de moyens pour les soigner\u201d, dit-il, lui qui est \u00e0 sa cinqui\u00e8me ann\u00e9e dans cet endroit d\u00e9pourvu de toutes les commodit\u00e9s n\u00e9cessaires \u00e0 une vie normale. Notre interlocuteur affirme que tous les walis qui ont succ\u00e9d\u00e9 \u00e0 la t\u00eate de la wilaya de Tizi Ouzou ont \u00e9t\u00e9 inform\u00e9s de ce probl\u00e8me.<\/p>\n\n\n\n<p>\u201cPresque chaque mois, nous avons un d\u00e9placement \u00e0 la wilaya. Nous avons \u00e9t\u00e9 re\u00e7us \u00e0 plusieurs reprises. Que des promesses ! Nous ne demandons pas la lune, sauf un toit d\u00e9cent\u201d, s\u2019exclame une dame devant le maire venu recevoir les familles.<\/p>\n\n\n\n<p>Puis, tous ces habitants ont commenc\u00e9 \u00e0 \u00e9grener les mis\u00e8res qu\u2019ils endurent dans cet immeuble de locaux commerciaux destin\u00e9s initialement aux ch\u00f4meurs. Finalement, une solution au probl\u00e8me de l\u2019\u00e9lectricit\u00e9 a \u00e9t\u00e9 trouv\u00e9e.<\/p>\n\n\n\n<p>Le maire et son ex\u00e9cutif ont r\u00e9gl\u00e9 la somme de 40 millions de centimes pour que le courant \u00e9lectrique soit r\u00e9tabli dans ces locaux. En fin de journ\u00e9e, les \u00e9quipes de la Sonelgaz se sont d\u00e9plac\u00e9es sur le lieu pour placer les compteurs \u00e9lectriques.<\/p>\n\n\n\n<p>\u201cS\u2019il est vrai que le nouveau maire nous a \u00e9cout\u00e9s, l\u2019assembl\u00e9e sortante nous a d\u00e9laiss\u00e9s. Nous esp\u00e9rons que nos noms figureront sur la liste de logements attendus dans les prochains jours. C\u2019est notre derni\u00e8re chance, parce qu\u2019il y a encore 280 logements non encore attribu\u00e9s au p\u00f4le urbain de 1000 logements sociaux\u201d, souhaite, pour sa part, Far\u00e8s, un autre recas\u00e9 dans ce site qui se demande \u00e0 quand alors la fin du calvaire de ces familles.<\/p>\n\n\n\n<p>En tout cas, la pression sur le logement social est telle que le souhait de ces familles risque de ne pas \u00eatre exauc\u00e9 quand on sait que plus de 4000 demandes sont en attente de satisfaction dans cette localit\u00e9.<\/p>\n\n\n\n<p> <br>Source: <a href=\"https:\/\/www.liberte-algerie.com\/centre\/douze-familles-a-bout-de-souffle-375396\" target=\"_blank\" rel=\"noopener\">Douze familles \u00e0 bout de souffle<\/a><\/p>\n<!--CusAds0-->\n<div style=\"font-size: 0px; height: 0px; line-height: 0px; margin: 0; padding: 0; clear: both;\"><\/div>","protected":false},"excerpt":{"rendered":"<p>La situation des douze\u00a0 familles recas\u00e9es\u00a0 dans les locaux commerciaux, situ\u00e9s au contrebas de l\u2019h\u00f4pital Krim-Belkacem, \u00e0 Dra\u00e2 El-Mizan, au sud-ouest de Tizi Ouzou, ne cesse d\u2019empirer de jour en jour.En effet, en plus des conditions lamentables dans lesquelles elles vivotent, elles ont \u00e9t\u00e9 plong\u00e9es dans le noir le week-end dernier. Selon les occupants de<\/p>\n","protected":false},"author":6,"featured_media":27325,"comment_status":"open","ping_status":"open","sticky":false,"template":"","format":"standard","meta":{"footnotes":""},"categories":[22],"tags":[121],"class_list":["post-27299","post","type-post","status-publish","format-standard","has-post-thumbnail","hentry","category-infos","tag-logement"],"yoast_head":"<!-- This site is optimized with the Yoast SEO plugin v27.5 - https:\/\/yoast.com\/product\/yoast-seo-wordpress\/ -->\n<title>Douze familles \u00e0 bout de souffle<\/title>\n<meta name=\"description\" content=\"La situation des douze familles recas\u00e9es dans les locaux commerciaux, situ\u00e9s au contrebas de l\u2019h\u00f4pital Krim-Belkacem, \u00e0 Dra\u00e2 El-Mizan\" \/>\n<meta name=\"robots\" content=\"index, follow, max-snippet:-1, max-image-preview:large, max-video-preview:-1\" \/>\n<link rel=\"canonical\" href=\"https:\/\/www.info-algerie.com\/actualites\/douze-familles-a-bout-de-souffle\/\" \/>\n<meta property=\"og:locale\" content=\"fr_FR\" \/>\n<meta property=\"og:type\" content=\"article\" \/>\n<meta property=\"og:title\" content=\"Douze familles \u00e0 bout de souffle\" \/>\n<meta property=\"og:description\" content=\"La situation des douze familles recas\u00e9es dans les locaux commerciaux, situ\u00e9s au contrebas de l\u2019h\u00f4pital Krim-Belkacem, \u00e0 Dra\u00e2 El-Mizan\" \/>\n<meta property=\"og:url\" content=\"https:\/\/www.info-algerie.com\/actualites\/douze-familles-a-bout-de-souffle\/\" \/>\n<meta property=\"og:site_name\" content=\"info algerie\" \/>\n<meta property=\"article:publisher\" content=\"https:\/\/www.facebook.com\/infoalgerieactu\" \/>\n<meta property=\"article:published_time\" content=\"2022-03-24T11:00:00+00:00\" \/>\n<meta property=\"article:modified_time\" content=\"2022-03-27T17:12:36+00:00\" \/>\n<meta property=\"og:image\" content=\"https:\/\/www.info-algerie.com\/actualites\/wp-content\/uploads\/2022\/03\/douze-familles.jpg\" \/>\n\t<meta property=\"og:image:width\" content=\"620\" \/>\n\t<meta property=\"og:image:height\" content=\"410\" \/>\n\t<meta property=\"og:image:type\" content=\"image\/jpeg\" \/>\n<meta name=\"author\" content=\"La r\u00e9daction\" \/>\n<meta name=\"twitter:label1\" content=\"\u00c9crit par\" \/>\n\t<meta name=\"twitter:data1\" content=\"La r\u00e9daction\" \/>\n\t<meta name=\"twitter:label2\" content=\"Dur\u00e9e de lecture estim\u00e9e\" \/>\n\t<meta name=\"twitter:data2\" content=\"3 minutes\" \/>\n<script type=\"application\/ld+json\" class=\"yoast-schema-graph\">{\"@context\":\"https:\\\/\\\/schema.org\",\"@graph\":[{\"@type\":\"Article\",\"@id\":\"https:\\\/\\\/www.info-algerie.com\\\/actualites\\\/douze-familles-a-bout-de-souffle\\\/#article\",\"isPartOf\":{\"@id\":\"https:\\\/\\\/www.info-algerie.com\\\/actualites\\\/douze-familles-a-bout-de-souffle\\\/\"},\"author\":{\"name\":\"La r\u00e9daction\",\"@id\":\"https:\\\/\\\/www.info-algerie.com\\\/actualites\\\/#\\\/schema\\\/person\\\/847aaec44920825b843a08f30ec6aa1e\"},\"headline\":\"Douze familles \u00e0 bout de souffle\",\"datePublished\":\"2022-03-24T11:00:00+00:00\",\"dateModified\":\"2022-03-27T17:12:36+00:00\",\"mainEntityOfPage\":{\"@id\":\"https:\\\/\\\/www.info-algerie.com\\\/actualites\\\/douze-familles-a-bout-de-souffle\\\/\"},\"wordCount\":589,\"commentCount\":0,\"publisher\":{\"@id\":\"https:\\\/\\\/www.info-algerie.com\\\/actualites\\\/#organization\"},\"image\":{\"@id\":\"https:\\\/\\\/www.info-algerie.com\\\/actualites\\\/douze-familles-a-bout-de-souffle\\\/#primaryimage\"},\"thumbnailUrl\":\"https:\\\/\\\/www.info-algerie.com\\\/actualites\\\/wp-content\\\/uploads\\\/2022\\\/03\\\/douze-familles.jpg\",\"keywords\":[\"logement\"],\"articleSection\":[\"infos\"],\"inLanguage\":\"fr-FR\",\"potentialAction\":[{\"@type\":\"CommentAction\",\"name\":\"Comment\",\"target\":[\"https:\\\/\\\/www.info-algerie.com\\\/actualites\\\/douze-familles-a-bout-de-souffle\\\/#respond\"]}]},{\"@type\":\"WebPage\",\"@id\":\"https:\\\/\\\/www.info-algerie.com\\\/actualites\\\/douze-familles-a-bout-de-souffle\\\/\",\"url\":\"https:\\\/\\\/www.info-algerie.com\\\/actualites\\\/douze-familles-a-bout-de-souffle\\\/\",\"name\":\"Douze familles \u00e0 bout de souffle\",\"isPartOf\":{\"@id\":\"https:\\\/\\\/www.info-algerie.com\\\/actualites\\\/#website\"},\"primaryImageOfPage\":{\"@id\":\"https:\\\/\\\/www.info-algerie.com\\\/actualites\\\/douze-familles-a-bout-de-souffle\\\/#primaryimage\"},\"image\":{\"@id\":\"https:\\\/\\\/www.info-algerie.com\\\/actualites\\\/douze-familles-a-bout-de-souffle\\\/#primaryimage\"},\"thumbnailUrl\":\"https:\\\/\\\/www.info-algerie.com\\\/actualites\\\/wp-content\\\/uploads\\\/2022\\\/03\\\/douze-familles.jpg\",\"datePublished\":\"2022-03-24T11:00:00+00:00\",\"dateModified\":\"2022-03-27T17:12:36+00:00\",\"description\":\"La situation des douze familles recas\u00e9es dans les locaux commerciaux, situ\u00e9s au contrebas de l\u2019h\u00f4pital Krim-Belkacem, \u00e0 Dra\u00e2 El-Mizan\",\"breadcrumb\":{\"@id\":\"https:\\\/\\\/www.info-algerie.com\\\/actualites\\\/douze-familles-a-bout-de-souffle\\\/#breadcrumb\"},\"inLanguage\":\"fr-FR\",\"potentialAction\":[{\"@type\":\"ReadAction\",\"target\":[\"https:\\\/\\\/www.info-algerie.com\\\/actualites\\\/douze-familles-a-bout-de-souffle\\\/\"]}]},{\"@type\":\"ImageObject\",\"inLanguage\":\"fr-FR\",\"@id\":\"https:\\\/\\\/www.info-algerie.com\\\/actualites\\\/douze-familles-a-bout-de-souffle\\\/#primaryimage\",\"url\":\"https:\\\/\\\/www.info-algerie.com\\\/actualites\\\/wp-content\\\/uploads\\\/2022\\\/03\\\/douze-familles.jpg\",\"contentUrl\":\"https:\\\/\\\/www.info-algerie.com\\\/actualites\\\/wp-content\\\/uploads\\\/2022\\\/03\\\/douze-familles.jpg\",\"width\":620,\"height\":410,\"caption\":\"douze\u00a0 familles recas\u00e9es\"},{\"@type\":\"BreadcrumbList\",\"@id\":\"https:\\\/\\\/www.info-algerie.com\\\/actualites\\\/douze-familles-a-bout-de-souffle\\\/#breadcrumb\",\"itemListElement\":[{\"@type\":\"ListItem\",\"position\":1,\"name\":\"Accueil\",\"item\":\"https:\\\/\\\/www.info-algerie.com\\\/actualites\\\/\"},{\"@type\":\"ListItem\",\"position\":2,\"name\":\"Douze familles \u00e0 bout de souffle\"}]},{\"@type\":\"WebSite\",\"@id\":\"https:\\\/\\\/www.info-algerie.com\\\/actualites\\\/#website\",\"url\":\"https:\\\/\\\/www.info-algerie.com\\\/actualites\\\/\",\"name\":\"info algerie\",\"description\":\"Toutes les actualit\u00e9s\",\"publisher\":{\"@id\":\"https:\\\/\\\/www.info-algerie.com\\\/actualites\\\/#organization\"},\"potentialAction\":[{\"@type\":\"SearchAction\",\"target\":{\"@type\":\"EntryPoint\",\"urlTemplate\":\"https:\\\/\\\/www.info-algerie.com\\\/actualites\\\/?s={search_term_string}\"},\"query-input\":{\"@type\":\"PropertyValueSpecification\",\"valueRequired\":true,\"valueName\":\"search_term_string\"}}],\"inLanguage\":\"fr-FR\"},{\"@type\":\"Organization\",\"@id\":\"https:\\\/\\\/www.info-algerie.com\\\/actualites\\\/#organization\",\"name\":\"info algerie\",\"url\":\"https:\\\/\\\/www.info-algerie.com\\\/actualites\\\/\",\"logo\":{\"@type\":\"ImageObject\",\"inLanguage\":\"fr-FR\",\"@id\":\"https:\\\/\\\/www.info-algerie.com\\\/actualites\\\/#\\\/schema\\\/logo\\\/image\\\/\",\"url\":\"https:\\\/\\\/www.info-algerie.com\\\/actualites\\\/wp-content\\\/uploads\\\/2022\\\/07\\\/logo-ia-120.png\",\"contentUrl\":\"https:\\\/\\\/www.info-algerie.com\\\/actualites\\\/wp-content\\\/uploads\\\/2022\\\/07\\\/logo-ia-120.png\",\"width\":120,\"height\":43,\"caption\":\"info algerie\"},\"image\":{\"@id\":\"https:\\\/\\\/www.info-algerie.com\\\/actualites\\\/#\\\/schema\\\/logo\\\/image\\\/\"},\"sameAs\":[\"https:\\\/\\\/www.facebook.com\\\/infoalgerieactu\",\"https:\\\/\\\/x.com\\\/infoalgerie1\"]},{\"@type\":\"Person\",\"@id\":\"https:\\\/\\\/www.info-algerie.com\\\/actualites\\\/#\\\/schema\\\/person\\\/847aaec44920825b843a08f30ec6aa1e\",\"name\":\"La r\u00e9daction\",\"image\":{\"@type\":\"ImageObject\",\"inLanguage\":\"fr-FR\",\"@id\":\"https:\\\/\\\/secure.gravatar.com\\\/avatar\\\/769db425c6f465158149f1ffd6cf61ce7a8a879d11dfbef8288af36dfddd418c?s=96&d=mm&r=g\",\"url\":\"https:\\\/\\\/secure.gravatar.com\\\/avatar\\\/769db425c6f465158149f1ffd6cf61ce7a8a879d11dfbef8288af36dfddd418c?s=96&d=mm&r=g\",\"contentUrl\":\"https:\\\/\\\/secure.gravatar.com\\\/avatar\\\/769db425c6f465158149f1ffd6cf61ce7a8a879d11dfbef8288af36dfddd418c?s=96&d=mm&r=g\",\"caption\":\"La r\u00e9daction\"},\"sameAs\":[\"http:\\\/\\\/www.lkeria.com\\\/\"],\"url\":\"https:\\\/\\\/www.info-algerie.com\\\/actualites\\\/author\\\/chakib32\\\/\"}]}<\/script>\n<!-- \/ Yoast SEO plugin. -->","yoast_head_json":{"title":"Douze familles \u00e0 bout de souffle","description":"La situation des douze familles recas\u00e9es dans les locaux commerciaux, situ\u00e9s au contrebas de l\u2019h\u00f4pital Krim-Belkacem, \u00e0 Dra\u00e2 El-Mizan","robots":{"index":"index","follow":"follow","max-snippet":"max-snippet:-1","max-image-preview":"max-image-preview:large","max-video-preview":"max-video-preview:-1"},"canonical":"https:\/\/www.info-algerie.com\/actualites\/douze-familles-a-bout-de-souffle\/","og_locale":"fr_FR","og_type":"article","og_title":"Douze familles \u00e0 bout de souffle","og_description":"La situation des douze familles recas\u00e9es dans les locaux commerciaux, situ\u00e9s au contrebas de l\u2019h\u00f4pital Krim-Belkacem, \u00e0 Dra\u00e2 El-Mizan","og_url":"https:\/\/www.info-algerie.com\/actualites\/douze-familles-a-bout-de-souffle\/","og_site_name":"info algerie","article_publisher":"https:\/\/www.facebook.com\/infoalgerieactu","article_published_time":"2022-03-24T11:00:00+00:00","article_modified_time":"2022-03-27T17:12:36+00:00","og_image":[{"width":620,"height":410,"url":"https:\/\/www.info-algerie.com\/actualites\/wp-content\/uploads\/2022\/03\/douze-familles.jpg","type":"image\/jpeg"}],"author":"La r\u00e9daction","twitter_misc":{"\u00c9crit par":"La r\u00e9daction","Dur\u00e9e de lecture estim\u00e9e":"3 minutes"},"schema":{"@context":"https:\/\/schema.org","@graph":[{"@type":"Article","@id":"https:\/\/www.info-algerie.com\/actualites\/douze-familles-a-bout-de-souffle\/#article","isPartOf":{"@id":"https:\/\/www.info-algerie.com\/actualites\/douze-familles-a-bout-de-souffle\/"},"author":{"name":"La r\u00e9daction","@id":"https:\/\/www.info-algerie.com\/actualites\/#\/schema\/person\/847aaec44920825b843a08f30ec6aa1e"},"headline":"Douze familles \u00e0 bout de souffle","datePublished":"2022-03-24T11:00:00+00:00","dateModified":"2022-03-27T17:12:36+00:00","mainEntityOfPage":{"@id":"https:\/\/www.info-algerie.com\/actualites\/douze-familles-a-bout-de-souffle\/"},"wordCount":589,"commentCount":0,"publisher":{"@id":"https:\/\/www.info-algerie.com\/actualites\/#organization"},"image":{"@id":"https:\/\/www.info-algerie.com\/actualites\/douze-familles-a-bout-de-souffle\/#primaryimage"},"thumbnailUrl":"https:\/\/www.info-algerie.com\/actualites\/wp-content\/uploads\/2022\/03\/douze-familles.jpg","keywords":["logement"],"articleSection":["infos"],"inLanguage":"fr-FR","potentialAction":[{"@type":"CommentAction","name":"Comment","target":["https:\/\/www.info-algerie.com\/actualites\/douze-familles-a-bout-de-souffle\/#respond"]}]},{"@type":"WebPage","@id":"https:\/\/www.info-algerie.com\/actualites\/douze-familles-a-bout-de-souffle\/","url":"https:\/\/www.info-algerie.com\/actualites\/douze-familles-a-bout-de-souffle\/","name":"Douze familles \u00e0 bout de souffle","isPartOf":{"@id":"https:\/\/www.info-algerie.com\/actualites\/#website"},"primaryImageOfPage":{"@id":"https:\/\/www.info-algerie.com\/actualites\/douze-familles-a-bout-de-souffle\/#primaryimage"},"image":{"@id":"https:\/\/www.info-algerie.com\/actualites\/douze-familles-a-bout-de-souffle\/#primaryimage"},"thumbnailUrl":"https:\/\/www.info-algerie.com\/actualites\/wp-content\/uploads\/2022\/03\/douze-familles.jpg","datePublished":"2022-03-24T11:00:00+00:00","dateModified":"2022-03-27T17:12:36+00:00","description":"La situation des douze familles recas\u00e9es dans les locaux commerciaux, situ\u00e9s au contrebas de l\u2019h\u00f4pital Krim-Belkacem, \u00e0 Dra\u00e2 El-Mizan","breadcrumb":{"@id":"https:\/\/www.info-algerie.com\/actualites\/douze-familles-a-bout-de-souffle\/#breadcrumb"},"inLanguage":"fr-FR","potentialAction":[{"@type":"ReadAction","target":["https:\/\/www.info-algerie.com\/actualites\/douze-familles-a-bout-de-souffle\/"]}]},{"@type":"ImageObject","inLanguage":"fr-FR","@id":"https:\/\/www.info-algerie.com\/actualites\/douze-familles-a-bout-de-souffle\/#primaryimage","url":"https:\/\/www.info-algerie.com\/actualites\/wp-content\/uploads\/2022\/03\/douze-familles.jpg","contentUrl":"https:\/\/www.info-algerie.com\/actualites\/wp-content\/uploads\/2022\/03\/douze-familles.jpg","width":620,"height":410,"caption":"douze\u00a0 familles recas\u00e9es"},{"@type":"BreadcrumbList","@id":"https:\/\/www.info-algerie.com\/actualites\/douze-familles-a-bout-de-souffle\/#breadcrumb","itemListElement":[{"@type":"ListItem","position":1,"name":"Accueil","item":"https:\/\/www.info-algerie.com\/actualites\/"},{"@type":"ListItem","position":2,"name":"Douze familles \u00e0 bout de souffle"}]},{"@type":"WebSite","@id":"https:\/\/www.info-algerie.com\/actualites\/#website","url":"https:\/\/www.info-algerie.com\/actualites\/","name":"info algerie","description":"Toutes les actualit\u00e9s","publisher":{"@id":"https:\/\/www.info-algerie.com\/actualites\/#organization"},"potentialAction":[{"@type":"SearchAction","target":{"@type":"EntryPoint","urlTemplate":"https:\/\/www.info-algerie.com\/actualites\/?s={search_term_string}"},"query-input":{"@type":"PropertyValueSpecification","valueRequired":true,"valueName":"search_term_string"}}],"inLanguage":"fr-FR"},{"@type":"Organization","@id":"https:\/\/www.info-algerie.com\/actualites\/#organization","name":"info algerie","url":"https:\/\/www.info-algerie.com\/actualites\/","logo":{"@type":"ImageObject","inLanguage":"fr-FR","@id":"https:\/\/www.info-algerie.com\/actualites\/#\/schema\/logo\/image\/","url":"https:\/\/www.info-algerie.com\/actualites\/wp-content\/uploads\/2022\/07\/logo-ia-120.png","contentUrl":"https:\/\/www.info-algerie.com\/actualites\/wp-content\/uploads\/2022\/07\/logo-ia-120.png","width":120,"height":43,"caption":"info algerie"},"image":{"@id":"https:\/\/www.info-algerie.com\/actualites\/#\/schema\/logo\/image\/"},"sameAs":["https:\/\/www.facebook.com\/infoalgerieactu","https:\/\/x.com\/infoalgerie1"]},{"@type":"Person","@id":"https:\/\/www.info-algerie.com\/actualites\/#\/schema\/person\/847aaec44920825b843a08f30ec6aa1e","name":"La r\u00e9daction","image":{"@type":"ImageObject","inLanguage":"fr-FR","@id":"https:\/\/secure.gravatar.com\/avatar\/769db425c6f465158149f1ffd6cf61ce7a8a879d11dfbef8288af36dfddd418c?s=96&d=mm&r=g","url":"https:\/\/secure.gravatar.com\/avatar\/769db425c6f465158149f1ffd6cf61ce7a8a879d11dfbef8288af36dfddd418c?s=96&d=mm&r=g","contentUrl":"https:\/\/secure.gravatar.com\/avatar\/769db425c6f465158149f1ffd6cf61ce7a8a879d11dfbef8288af36dfddd418c?s=96&d=mm&r=g","caption":"La r\u00e9daction"},"sameAs":["http:\/\/www.lkeria.com\/"],"url":"https:\/\/www.info-algerie.com\/actualites\/author\/chakib32\/"}]}},"_links":{"self":[{"href":"https:\/\/www.info-algerie.com\/actualites\/wp-json\/wp\/v2\/posts\/27299","targetHints":{"allow":["GET"]}}],"collection":[{"href":"https:\/\/www.info-algerie.com\/actualites\/wp-json\/wp\/v2\/posts"}],"about":[{"href":"https:\/\/www.info-algerie.com\/actualites\/wp-json\/wp\/v2\/types\/post"}],"author":[{"embeddable":true,"href":"https:\/\/www.info-algerie.com\/actualites\/wp-json\/wp\/v2\/users\/6"}],"replies":[{"embeddable":true,"href":"https:\/\/www.info-algerie.com\/actualites\/wp-json\/wp\/v2\/comments?post=27299"}],"version-history":[{"count":1,"href":"https:\/\/www.info-algerie.com\/actualites\/wp-json\/wp\/v2\/posts\/27299\/revisions"}],"predecessor-version":[{"id":27326,"href":"https:\/\/www.info-algerie.com\/actualites\/wp-json\/wp\/v2\/posts\/27299\/revisions\/27326"}],"wp:featuredmedia":[{"embeddable":true,"href":"https:\/\/www.info-algerie.com\/actualites\/wp-json\/wp\/v2\/media\/27325"}],"wp:attachment":[{"href":"https:\/\/www.info-algerie.com\/actualites\/wp-json\/wp\/v2\/media?parent=27299"}],"wp:term":[{"taxonomy":"category","embeddable":true,"href":"https:\/\/www.info-algerie.com\/actualites\/wp-json\/wp\/v2\/categories?post=27299"},{"taxonomy":"post_tag","embeddable":true,"href":"https:\/\/www.info-algerie.com\/actualites\/wp-json\/wp\/v2\/tags?post=27299"}],"curies":[{"name":"wp","href":"https:\/\/api.w.org\/{rel}","templated":true}]}}