{"id":273,"date":"2015-08-27T10:00:00","date_gmt":"2015-08-27T09:00:00","guid":{"rendered":"http:\/\/www.info-algerie.com\/actualites\/le-patronat-a-la-rencontre-de-lalgerie-profonde-le-fce-simplante-a-medea\/"},"modified":"2015-08-28T11:45:58","modified_gmt":"2015-08-28T10:45:58","slug":"le-patronat-a-la-rencontre-de-lalgerie-profonde-le-fce-simplante-a-medea","status":"publish","type":"post","link":"https:\/\/www.info-algerie.com\/actualites\/le-patronat-a-la-rencontre-de-lalgerie-profonde-le-fce-simplante-a-medea\/","title":{"rendered":"le patronat \u00e0 la rencontre de l&rsquo;Alg\u00e9rie profonde : le FCE s&rsquo;implante \u00e0 M\u00e9d\u00e9a"},"content":{"rendered":"<p style=\"text-align: justify;\">Si le FCE a d\u00e9cid\u00e9 d&rsquo;ouvrir son bureau \u00e0 M\u00e9d\u00e9a, ce n&rsquo;est certainement pas pour uniquement les besoins de la vitrine. La r\u00e9gion \u00e0 vocation agricole et dont les moyens sont av\u00e9r\u00e9s doit faire certainement partie du vaste plan de restructuration de l&rsquo;\u00e9conomie nationale.<\/p>\n<p style=\"text-align: justify;\">Et comme les 48 wilayas qui constituent le territoire national sont in\u00e9galement dot\u00e9es des ressources ou de richesses naturelles, cette action doit certainement en appeler d&rsquo;autres pour corriger ces dons du ciel et mieux les r\u00e9partir afin d&rsquo;aboutir \u00e0 une certaine justice sociale sur laquelle s&rsquo;appuie l&rsquo;action du gouvernement que ce soit sur le plan de l&rsquo;habitat, de l&rsquo;\u00e9ducation nationale, de la distribution d&rsquo;eau potable, de gaz, d&rsquo;\u00e9lectricit\u00e9 ou de r\u00e9seaux routiers.<\/p>\n<p style=\"text-align: justify;\">Des secteurs portant des projets auxquels sont \u00e9troitement associ\u00e9s les entrepreneurs nationaux.<\/p>\n<p style=\"text-align: justify;\">La conjoncture actuelle est cependant particuli\u00e8re et nul n&rsquo;ignore que la d\u00e9gringolade des prix du p\u00e9trole a s\u00e9rieusement impact\u00e9 l&rsquo;\u00e9conomie alg\u00e9rienne qui repose essentiellement sur ses exportations d&rsquo;hydrocarbures qui repr\u00e9sentent quelque 95% de ses recettes en devises. Une source en voie de se tarir. Cela annonce des lendemains difficiles.<\/p>\n<p style=\"text-align: justify;\">Le chef de l&rsquo;Etat a appel\u00e9 \u00e0 une rationalisation des d\u00e9penses. L&rsquo;heure est donc \u00e0 la diversification de l&rsquo;\u00e9conomie nationale dont certains secteurs tr\u00e8s prometteurs tra\u00eenent paradoxalement la patte ou sont carr\u00e9ment en jach\u00e8re.<\/p>\n<p style=\"text-align: justify;\">Le patronat n&rsquo;est pas en reste de ce sempiternel d\u00e9fi qu&rsquo;aucun gouvernement n&rsquo;a r\u00e9ussi \u00e0 relever depuis l&rsquo;accession du pays \u00e0 l&rsquo;ind\u00e9pendance. Tr\u00e8s en verve ces derniers temps pour faire la promotion des potentialit\u00e9s du pays hors de nos fronti\u00e8res, il redouble de propositions pour faire la promotion des potentialit\u00e9s que rec\u00e8le l&rsquo;Alg\u00e9rie.<\/p>\n<p style=\"text-align: justify;\">Le pr\u00e9sident du FCE, Ali Haddad, qui a rencontr\u00e9 plusieurs ambassadeurs dont celui d&rsquo;Allemagne, premi\u00e8re \u00e9conomie d&rsquo;Europe, s&rsquo;est dit \u00abpr\u00eat \u00e0 jouer le r\u00f4le d&rsquo;interm\u00e9diaire et oeuvre \u00e0 intensifier la coop\u00e9ration \u00e9conomique entre les deux pays\u00bb.<\/p>\n<p style=\"text-align: justify;\">Une opportunit\u00e9 dont pourrait profiter la capitale du Titteri ainsi que l&rsquo;ensemble de son territoire (qui rec\u00e8le d&rsquo;importantes sources thermales ainsi qu&rsquo;un patrimoine arch\u00e9ologique attest\u00e9) o\u00f9 est d\u00e9j\u00e0 implant\u00e9e une des plus grandes unit\u00e9s de production pharmaceutique (Saidal-Antibiotical), des fabriques de chaussures, de vestes en cuir&#8230;<\/p>\n<p style=\"text-align: justify;\">Des potentialit\u00e9s recens\u00e9es sans aucun doute par le FCE qui a d\u00e9cid\u00e9 d&rsquo;ouvrir son bureau \u00e0 M\u00e9d\u00e9a. Cette initiative pr\u00e9c\u00e8de la r\u00e9union walis-gouvernement pr\u00e9vue samedi prochain ainsi que la prochaine tripartite qui doit se tenir en principe au mois d&rsquo;octobre \u00e0 Biskra.<\/p>\n<p style=\"text-align: justify;\">La rencontre qui se tiendra sous l&rsquo;\u00e9gide du Premier ministre, Abdelmalek Sellal, aura pour objectif de dresser les contours de la strat\u00e9gie \u00e0 mettre en place pour booster le secteur hors hydrocarbures afin de faire face \u00e0 l&rsquo;effondrement des cours de l&rsquo;or noir.<br \/>\nLes walis auront tr\u00e8s probablement pour mission de recenser les atouts et les richesses que rec\u00e8lent les territoires sous leur autorit\u00e9 pour en faire des fers de lance du d\u00e9veloppement local avant de se lancer \u00e0 la conqu\u00eate du march\u00e9 international. Un vaste projet.<\/p>\n<p>Source: <a href=\"http:\/\/www.lexpressiondz.com\/actualite\/223834-le-fce-s-implante-a-medea.html\" target=\"_blank\">LE PATRONAT \u00c0 LA RENCONTRE DE L&rsquo;ALG\u00c9RIE PROFONDE : Le FCE s&rsquo;implante \u00e0 M\u00e9d\u00e9a<\/a><\/p>\n<!--CusAds0-->\n<div style=\"font-size: 0px; height: 0px; line-height: 0px; margin: 0; padding: 0; clear: both;\"><\/div>","protected":false},"excerpt":{"rendered":"<p>Si le FCE a d\u00e9cid\u00e9 d&rsquo;ouvrir son bureau \u00e0 M\u00e9d\u00e9a, ce n&rsquo;est certainement pas pour uniquement les besoins de la vitrine. La r\u00e9gion \u00e0 vocation agricole et dont les moyens sont av\u00e9r\u00e9s doit faire certainement partie du vaste plan de restructuration de l&rsquo;\u00e9conomie nationale. Et comme les 48 wilayas qui constituent le territoire national sont<\/p>\n","protected":false},"author":6,"featured_media":346,"comment_status":"open","ping_status":"open","sticky":false,"template":"","format":"standard","meta":{"footnotes":""},"categories":[5],"tags":[55],"class_list":["post-273","post","type-post","status-publish","format-standard","has-post-thumbnail","hentry","category-economie","tag-fce"],"yoast_head":"<!-- This site is optimized with the Yoast SEO plugin v27.5 - https:\/\/yoast.com\/product\/yoast-seo-wordpress\/ -->\n<title>le patronat \u00e0 la rencontre de l&#039;Alg\u00e9rie profonde<\/title>\n<meta name=\"description\" content=\"le patronat \u00e0 la rencontre de l&#039;Alg\u00e9rie profonde : le FCE s&#039;implante \u00e0 M\u00e9d\u00e9a\" \/>\n<meta name=\"robots\" content=\"index, follow, max-snippet:-1, max-image-preview:large, max-video-preview:-1\" \/>\n<link rel=\"canonical\" href=\"https:\/\/www.info-algerie.com\/actualites\/le-patronat-a-la-rencontre-de-lalgerie-profonde-le-fce-simplante-a-medea\/\" \/>\n<meta property=\"og:locale\" content=\"fr_FR\" \/>\n<meta property=\"og:type\" content=\"article\" \/>\n<meta property=\"og:title\" content=\"le patronat \u00e0 la rencontre de l&#039;Alg\u00e9rie profonde\" \/>\n<meta property=\"og:description\" content=\"le patronat \u00e0 la rencontre de l&#039;Alg\u00e9rie profonde : le FCE s&#039;implante \u00e0 M\u00e9d\u00e9a\" \/>\n<meta property=\"og:url\" content=\"https:\/\/www.info-algerie.com\/actualites\/le-patronat-a-la-rencontre-de-lalgerie-profonde-le-fce-simplante-a-medea\/\" \/>\n<meta property=\"og:site_name\" content=\"info algerie\" \/>\n<meta property=\"article:publisher\" content=\"https:\/\/www.facebook.com\/infoalgerieactu\" \/>\n<meta property=\"article:published_time\" content=\"2015-08-27T09:00:00+00:00\" \/>\n<meta property=\"article:modified_time\" content=\"2015-08-28T10:45:58+00:00\" \/>\n<meta property=\"og:image\" content=\"https:\/\/www.info-algerie.com\/actualites\/wp-content\/uploads\/2015\/08\/le-patronat-\u00e0-la-rencontre-de-lAlg\u00e9rie-profonde-.jpg\" \/>\n\t<meta property=\"og:image:width\" content=\"500\" \/>\n\t<meta property=\"og:image:height\" content=\"331\" \/>\n\t<meta property=\"og:image:type\" content=\"image\/jpeg\" \/>\n<meta name=\"author\" content=\"La r\u00e9daction\" \/>\n<meta name=\"twitter:label1\" content=\"\u00c9crit par\" \/>\n\t<meta name=\"twitter:data1\" content=\"La r\u00e9daction\" \/>\n\t<meta name=\"twitter:label2\" content=\"Dur\u00e9e de lecture estim\u00e9e\" \/>\n\t<meta name=\"twitter:data2\" content=\"3 minutes\" \/>\n<script type=\"application\/ld+json\" class=\"yoast-schema-graph\">{\"@context\":\"https:\\\/\\\/schema.org\",\"@graph\":[{\"@type\":\"Article\",\"@id\":\"https:\\\/\\\/www.info-algerie.com\\\/actualites\\\/le-patronat-a-la-rencontre-de-lalgerie-profonde-le-fce-simplante-a-medea\\\/#article\",\"isPartOf\":{\"@id\":\"https:\\\/\\\/www.info-algerie.com\\\/actualites\\\/le-patronat-a-la-rencontre-de-lalgerie-profonde-le-fce-simplante-a-medea\\\/\"},\"author\":{\"name\":\"La r\u00e9daction\",\"@id\":\"https:\\\/\\\/www.info-algerie.com\\\/actualites\\\/#\\\/schema\\\/person\\\/847aaec44920825b843a08f30ec6aa1e\"},\"headline\":\"le patronat \u00e0 la rencontre de l&rsquo;Alg\u00e9rie profonde : le FCE s&rsquo;implante \u00e0 M\u00e9d\u00e9a\",\"datePublished\":\"2015-08-27T09:00:00+00:00\",\"dateModified\":\"2015-08-28T10:45:58+00:00\",\"mainEntityOfPage\":{\"@id\":\"https:\\\/\\\/www.info-algerie.com\\\/actualites\\\/le-patronat-a-la-rencontre-de-lalgerie-profonde-le-fce-simplante-a-medea\\\/\"},\"wordCount\":583,\"commentCount\":0,\"publisher\":{\"@id\":\"https:\\\/\\\/www.info-algerie.com\\\/actualites\\\/#organization\"},\"image\":{\"@id\":\"https:\\\/\\\/www.info-algerie.com\\\/actualites\\\/le-patronat-a-la-rencontre-de-lalgerie-profonde-le-fce-simplante-a-medea\\\/#primaryimage\"},\"thumbnailUrl\":\"https:\\\/\\\/www.info-algerie.com\\\/actualites\\\/wp-content\\\/uploads\\\/2015\\\/08\\\/le-patronat-\u00e0-la-rencontre-de-lAlg\u00e9rie-profonde-.jpg\",\"keywords\":[\"FCE\"],\"articleSection\":[\"\u00e9conomie\"],\"inLanguage\":\"fr-FR\",\"potentialAction\":[{\"@type\":\"CommentAction\",\"name\":\"Comment\",\"target\":[\"https:\\\/\\\/www.info-algerie.com\\\/actualites\\\/le-patronat-a-la-rencontre-de-lalgerie-profonde-le-fce-simplante-a-medea\\\/#respond\"]}]},{\"@type\":\"WebPage\",\"@id\":\"https:\\\/\\\/www.info-algerie.com\\\/actualites\\\/le-patronat-a-la-rencontre-de-lalgerie-profonde-le-fce-simplante-a-medea\\\/\",\"url\":\"https:\\\/\\\/www.info-algerie.com\\\/actualites\\\/le-patronat-a-la-rencontre-de-lalgerie-profonde-le-fce-simplante-a-medea\\\/\",\"name\":\"le patronat \u00e0 la rencontre de l'Alg\u00e9rie profonde\",\"isPartOf\":{\"@id\":\"https:\\\/\\\/www.info-algerie.com\\\/actualites\\\/#website\"},\"primaryImageOfPage\":{\"@id\":\"https:\\\/\\\/www.info-algerie.com\\\/actualites\\\/le-patronat-a-la-rencontre-de-lalgerie-profonde-le-fce-simplante-a-medea\\\/#primaryimage\"},\"image\":{\"@id\":\"https:\\\/\\\/www.info-algerie.com\\\/actualites\\\/le-patronat-a-la-rencontre-de-lalgerie-profonde-le-fce-simplante-a-medea\\\/#primaryimage\"},\"thumbnailUrl\":\"https:\\\/\\\/www.info-algerie.com\\\/actualites\\\/wp-content\\\/uploads\\\/2015\\\/08\\\/le-patronat-\u00e0-la-rencontre-de-lAlg\u00e9rie-profonde-.jpg\",\"datePublished\":\"2015-08-27T09:00:00+00:00\",\"dateModified\":\"2015-08-28T10:45:58+00:00\",\"description\":\"le patronat \u00e0 la rencontre de l'Alg\u00e9rie profonde : le FCE s'implante \u00e0 M\u00e9d\u00e9a\",\"breadcrumb\":{\"@id\":\"https:\\\/\\\/www.info-algerie.com\\\/actualites\\\/le-patronat-a-la-rencontre-de-lalgerie-profonde-le-fce-simplante-a-medea\\\/#breadcrumb\"},\"inLanguage\":\"fr-FR\",\"potentialAction\":[{\"@type\":\"ReadAction\",\"target\":[\"https:\\\/\\\/www.info-algerie.com\\\/actualites\\\/le-patronat-a-la-rencontre-de-lalgerie-profonde-le-fce-simplante-a-medea\\\/\"]}]},{\"@type\":\"ImageObject\",\"inLanguage\":\"fr-FR\",\"@id\":\"https:\\\/\\\/www.info-algerie.com\\\/actualites\\\/le-patronat-a-la-rencontre-de-lalgerie-profonde-le-fce-simplante-a-medea\\\/#primaryimage\",\"url\":\"https:\\\/\\\/www.info-algerie.com\\\/actualites\\\/wp-content\\\/uploads\\\/2015\\\/08\\\/le-patronat-\u00e0-la-rencontre-de-lAlg\u00e9rie-profonde-.jpg\",\"contentUrl\":\"https:\\\/\\\/www.info-algerie.com\\\/actualites\\\/wp-content\\\/uploads\\\/2015\\\/08\\\/le-patronat-\u00e0-la-rencontre-de-lAlg\u00e9rie-profonde-.jpg\",\"width\":500,\"height\":331,\"caption\":\"le patronat \u00e0 la rencontre de l'Alg\u00e9rie profonde\"},{\"@type\":\"BreadcrumbList\",\"@id\":\"https:\\\/\\\/www.info-algerie.com\\\/actualites\\\/le-patronat-a-la-rencontre-de-lalgerie-profonde-le-fce-simplante-a-medea\\\/#breadcrumb\",\"itemListElement\":[{\"@type\":\"ListItem\",\"position\":1,\"name\":\"Accueil\",\"item\":\"https:\\\/\\\/www.info-algerie.com\\\/actualites\\\/\"},{\"@type\":\"ListItem\",\"position\":2,\"name\":\"le patronat \u00e0 la rencontre de l&rsquo;Alg\u00e9rie profonde : le FCE s&rsquo;implante \u00e0 M\u00e9d\u00e9a\"}]},{\"@type\":\"WebSite\",\"@id\":\"https:\\\/\\\/www.info-algerie.com\\\/actualites\\\/#website\",\"url\":\"https:\\\/\\\/www.info-algerie.com\\\/actualites\\\/\",\"name\":\"info algerie\",\"description\":\"Toutes les actualit\u00e9s\",\"publisher\":{\"@id\":\"https:\\\/\\\/www.info-algerie.com\\\/actualites\\\/#organization\"},\"potentialAction\":[{\"@type\":\"SearchAction\",\"target\":{\"@type\":\"EntryPoint\",\"urlTemplate\":\"https:\\\/\\\/www.info-algerie.com\\\/actualites\\\/?s={search_term_string}\"},\"query-input\":{\"@type\":\"PropertyValueSpecification\",\"valueRequired\":true,\"valueName\":\"search_term_string\"}}],\"inLanguage\":\"fr-FR\"},{\"@type\":\"Organization\",\"@id\":\"https:\\\/\\\/www.info-algerie.com\\\/actualites\\\/#organization\",\"name\":\"info algerie\",\"url\":\"https:\\\/\\\/www.info-algerie.com\\\/actualites\\\/\",\"logo\":{\"@type\":\"ImageObject\",\"inLanguage\":\"fr-FR\",\"@id\":\"https:\\\/\\\/www.info-algerie.com\\\/actualites\\\/#\\\/schema\\\/logo\\\/image\\\/\",\"url\":\"https:\\\/\\\/www.info-algerie.com\\\/actualites\\\/wp-content\\\/uploads\\\/2022\\\/07\\\/logo-ia-120.png\",\"contentUrl\":\"https:\\\/\\\/www.info-algerie.com\\\/actualites\\\/wp-content\\\/uploads\\\/2022\\\/07\\\/logo-ia-120.png\",\"width\":120,\"height\":43,\"caption\":\"info algerie\"},\"image\":{\"@id\":\"https:\\\/\\\/www.info-algerie.com\\\/actualites\\\/#\\\/schema\\\/logo\\\/image\\\/\"},\"sameAs\":[\"https:\\\/\\\/www.facebook.com\\\/infoalgerieactu\",\"https:\\\/\\\/x.com\\\/infoalgerie1\"]},{\"@type\":\"Person\",\"@id\":\"https:\\\/\\\/www.info-algerie.com\\\/actualites\\\/#\\\/schema\\\/person\\\/847aaec44920825b843a08f30ec6aa1e\",\"name\":\"La r\u00e9daction\",\"image\":{\"@type\":\"ImageObject\",\"inLanguage\":\"fr-FR\",\"@id\":\"https:\\\/\\\/secure.gravatar.com\\\/avatar\\\/769db425c6f465158149f1ffd6cf61ce7a8a879d11dfbef8288af36dfddd418c?s=96&d=mm&r=g\",\"url\":\"https:\\\/\\\/secure.gravatar.com\\\/avatar\\\/769db425c6f465158149f1ffd6cf61ce7a8a879d11dfbef8288af36dfddd418c?s=96&d=mm&r=g\",\"contentUrl\":\"https:\\\/\\\/secure.gravatar.com\\\/avatar\\\/769db425c6f465158149f1ffd6cf61ce7a8a879d11dfbef8288af36dfddd418c?s=96&d=mm&r=g\",\"caption\":\"La r\u00e9daction\"},\"sameAs\":[\"http:\\\/\\\/www.lkeria.com\\\/\"],\"url\":\"https:\\\/\\\/www.info-algerie.com\\\/actualites\\\/author\\\/chakib32\\\/\"}]}<\/script>\n<!-- \/ Yoast SEO plugin. -->","yoast_head_json":{"title":"le patronat \u00e0 la rencontre de l'Alg\u00e9rie profonde","description":"le patronat \u00e0 la rencontre de l'Alg\u00e9rie profonde : le FCE s'implante \u00e0 M\u00e9d\u00e9a","robots":{"index":"index","follow":"follow","max-snippet":"max-snippet:-1","max-image-preview":"max-image-preview:large","max-video-preview":"max-video-preview:-1"},"canonical":"https:\/\/www.info-algerie.com\/actualites\/le-patronat-a-la-rencontre-de-lalgerie-profonde-le-fce-simplante-a-medea\/","og_locale":"fr_FR","og_type":"article","og_title":"le patronat \u00e0 la rencontre de l'Alg\u00e9rie profonde","og_description":"le patronat \u00e0 la rencontre de l'Alg\u00e9rie profonde : le FCE s'implante \u00e0 M\u00e9d\u00e9a","og_url":"https:\/\/www.info-algerie.com\/actualites\/le-patronat-a-la-rencontre-de-lalgerie-profonde-le-fce-simplante-a-medea\/","og_site_name":"info algerie","article_publisher":"https:\/\/www.facebook.com\/infoalgerieactu","article_published_time":"2015-08-27T09:00:00+00:00","article_modified_time":"2015-08-28T10:45:58+00:00","og_image":[{"width":500,"height":331,"url":"https:\/\/www.info-algerie.com\/actualites\/wp-content\/uploads\/2015\/08\/le-patronat-\u00e0-la-rencontre-de-lAlg\u00e9rie-profonde-.jpg","type":"image\/jpeg"}],"author":"La r\u00e9daction","twitter_misc":{"\u00c9crit par":"La r\u00e9daction","Dur\u00e9e de lecture estim\u00e9e":"3 minutes"},"schema":{"@context":"https:\/\/schema.org","@graph":[{"@type":"Article","@id":"https:\/\/www.info-algerie.com\/actualites\/le-patronat-a-la-rencontre-de-lalgerie-profonde-le-fce-simplante-a-medea\/#article","isPartOf":{"@id":"https:\/\/www.info-algerie.com\/actualites\/le-patronat-a-la-rencontre-de-lalgerie-profonde-le-fce-simplante-a-medea\/"},"author":{"name":"La r\u00e9daction","@id":"https:\/\/www.info-algerie.com\/actualites\/#\/schema\/person\/847aaec44920825b843a08f30ec6aa1e"},"headline":"le patronat \u00e0 la rencontre de l&rsquo;Alg\u00e9rie profonde : le FCE s&rsquo;implante \u00e0 M\u00e9d\u00e9a","datePublished":"2015-08-27T09:00:00+00:00","dateModified":"2015-08-28T10:45:58+00:00","mainEntityOfPage":{"@id":"https:\/\/www.info-algerie.com\/actualites\/le-patronat-a-la-rencontre-de-lalgerie-profonde-le-fce-simplante-a-medea\/"},"wordCount":583,"commentCount":0,"publisher":{"@id":"https:\/\/www.info-algerie.com\/actualites\/#organization"},"image":{"@id":"https:\/\/www.info-algerie.com\/actualites\/le-patronat-a-la-rencontre-de-lalgerie-profonde-le-fce-simplante-a-medea\/#primaryimage"},"thumbnailUrl":"https:\/\/www.info-algerie.com\/actualites\/wp-content\/uploads\/2015\/08\/le-patronat-\u00e0-la-rencontre-de-lAlg\u00e9rie-profonde-.jpg","keywords":["FCE"],"articleSection":["\u00e9conomie"],"inLanguage":"fr-FR","potentialAction":[{"@type":"CommentAction","name":"Comment","target":["https:\/\/www.info-algerie.com\/actualites\/le-patronat-a-la-rencontre-de-lalgerie-profonde-le-fce-simplante-a-medea\/#respond"]}]},{"@type":"WebPage","@id":"https:\/\/www.info-algerie.com\/actualites\/le-patronat-a-la-rencontre-de-lalgerie-profonde-le-fce-simplante-a-medea\/","url":"https:\/\/www.info-algerie.com\/actualites\/le-patronat-a-la-rencontre-de-lalgerie-profonde-le-fce-simplante-a-medea\/","name":"le patronat \u00e0 la rencontre de l'Alg\u00e9rie profonde","isPartOf":{"@id":"https:\/\/www.info-algerie.com\/actualites\/#website"},"primaryImageOfPage":{"@id":"https:\/\/www.info-algerie.com\/actualites\/le-patronat-a-la-rencontre-de-lalgerie-profonde-le-fce-simplante-a-medea\/#primaryimage"},"image":{"@id":"https:\/\/www.info-algerie.com\/actualites\/le-patronat-a-la-rencontre-de-lalgerie-profonde-le-fce-simplante-a-medea\/#primaryimage"},"thumbnailUrl":"https:\/\/www.info-algerie.com\/actualites\/wp-content\/uploads\/2015\/08\/le-patronat-\u00e0-la-rencontre-de-lAlg\u00e9rie-profonde-.jpg","datePublished":"2015-08-27T09:00:00+00:00","dateModified":"2015-08-28T10:45:58+00:00","description":"le patronat \u00e0 la rencontre de l'Alg\u00e9rie profonde : le FCE s'implante \u00e0 M\u00e9d\u00e9a","breadcrumb":{"@id":"https:\/\/www.info-algerie.com\/actualites\/le-patronat-a-la-rencontre-de-lalgerie-profonde-le-fce-simplante-a-medea\/#breadcrumb"},"inLanguage":"fr-FR","potentialAction":[{"@type":"ReadAction","target":["https:\/\/www.info-algerie.com\/actualites\/le-patronat-a-la-rencontre-de-lalgerie-profonde-le-fce-simplante-a-medea\/"]}]},{"@type":"ImageObject","inLanguage":"fr-FR","@id":"https:\/\/www.info-algerie.com\/actualites\/le-patronat-a-la-rencontre-de-lalgerie-profonde-le-fce-simplante-a-medea\/#primaryimage","url":"https:\/\/www.info-algerie.com\/actualites\/wp-content\/uploads\/2015\/08\/le-patronat-\u00e0-la-rencontre-de-lAlg\u00e9rie-profonde-.jpg","contentUrl":"https:\/\/www.info-algerie.com\/actualites\/wp-content\/uploads\/2015\/08\/le-patronat-\u00e0-la-rencontre-de-lAlg\u00e9rie-profonde-.jpg","width":500,"height":331,"caption":"le patronat \u00e0 la rencontre de l'Alg\u00e9rie profonde"},{"@type":"BreadcrumbList","@id":"https:\/\/www.info-algerie.com\/actualites\/le-patronat-a-la-rencontre-de-lalgerie-profonde-le-fce-simplante-a-medea\/#breadcrumb","itemListElement":[{"@type":"ListItem","position":1,"name":"Accueil","item":"https:\/\/www.info-algerie.com\/actualites\/"},{"@type":"ListItem","position":2,"name":"le patronat \u00e0 la rencontre de l&rsquo;Alg\u00e9rie profonde : le FCE s&rsquo;implante \u00e0 M\u00e9d\u00e9a"}]},{"@type":"WebSite","@id":"https:\/\/www.info-algerie.com\/actualites\/#website","url":"https:\/\/www.info-algerie.com\/actualites\/","name":"info algerie","description":"Toutes les actualit\u00e9s","publisher":{"@id":"https:\/\/www.info-algerie.com\/actualites\/#organization"},"potentialAction":[{"@type":"SearchAction","target":{"@type":"EntryPoint","urlTemplate":"https:\/\/www.info-algerie.com\/actualites\/?s={search_term_string}"},"query-input":{"@type":"PropertyValueSpecification","valueRequired":true,"valueName":"search_term_string"}}],"inLanguage":"fr-FR"},{"@type":"Organization","@id":"https:\/\/www.info-algerie.com\/actualites\/#organization","name":"info algerie","url":"https:\/\/www.info-algerie.com\/actualites\/","logo":{"@type":"ImageObject","inLanguage":"fr-FR","@id":"https:\/\/www.info-algerie.com\/actualites\/#\/schema\/logo\/image\/","url":"https:\/\/www.info-algerie.com\/actualites\/wp-content\/uploads\/2022\/07\/logo-ia-120.png","contentUrl":"https:\/\/www.info-algerie.com\/actualites\/wp-content\/uploads\/2022\/07\/logo-ia-120.png","width":120,"height":43,"caption":"info algerie"},"image":{"@id":"https:\/\/www.info-algerie.com\/actualites\/#\/schema\/logo\/image\/"},"sameAs":["https:\/\/www.facebook.com\/infoalgerieactu","https:\/\/x.com\/infoalgerie1"]},{"@type":"Person","@id":"https:\/\/www.info-algerie.com\/actualites\/#\/schema\/person\/847aaec44920825b843a08f30ec6aa1e","name":"La r\u00e9daction","image":{"@type":"ImageObject","inLanguage":"fr-FR","@id":"https:\/\/secure.gravatar.com\/avatar\/769db425c6f465158149f1ffd6cf61ce7a8a879d11dfbef8288af36dfddd418c?s=96&d=mm&r=g","url":"https:\/\/secure.gravatar.com\/avatar\/769db425c6f465158149f1ffd6cf61ce7a8a879d11dfbef8288af36dfddd418c?s=96&d=mm&r=g","contentUrl":"https:\/\/secure.gravatar.com\/avatar\/769db425c6f465158149f1ffd6cf61ce7a8a879d11dfbef8288af36dfddd418c?s=96&d=mm&r=g","caption":"La r\u00e9daction"},"sameAs":["http:\/\/www.lkeria.com\/"],"url":"https:\/\/www.info-algerie.com\/actualites\/author\/chakib32\/"}]}},"_links":{"self":[{"href":"https:\/\/www.info-algerie.com\/actualites\/wp-json\/wp\/v2\/posts\/273","targetHints":{"allow":["GET"]}}],"collection":[{"href":"https:\/\/www.info-algerie.com\/actualites\/wp-json\/wp\/v2\/posts"}],"about":[{"href":"https:\/\/www.info-algerie.com\/actualites\/wp-json\/wp\/v2\/types\/post"}],"author":[{"embeddable":true,"href":"https:\/\/www.info-algerie.com\/actualites\/wp-json\/wp\/v2\/users\/6"}],"replies":[{"embeddable":true,"href":"https:\/\/www.info-algerie.com\/actualites\/wp-json\/wp\/v2\/comments?post=273"}],"version-history":[{"count":2,"href":"https:\/\/www.info-algerie.com\/actualites\/wp-json\/wp\/v2\/posts\/273\/revisions"}],"predecessor-version":[{"id":347,"href":"https:\/\/www.info-algerie.com\/actualites\/wp-json\/wp\/v2\/posts\/273\/revisions\/347"}],"wp:featuredmedia":[{"embeddable":true,"href":"https:\/\/www.info-algerie.com\/actualites\/wp-json\/wp\/v2\/media\/346"}],"wp:attachment":[{"href":"https:\/\/www.info-algerie.com\/actualites\/wp-json\/wp\/v2\/media?parent=273"}],"wp:term":[{"taxonomy":"category","embeddable":true,"href":"https:\/\/www.info-algerie.com\/actualites\/wp-json\/wp\/v2\/categories?post=273"},{"taxonomy":"post_tag","embeddable":true,"href":"https:\/\/www.info-algerie.com\/actualites\/wp-json\/wp\/v2\/tags?post=273"}],"curies":[{"name":"wp","href":"https:\/\/api.w.org\/{rel}","templated":true}]}}