{"id":27352,"date":"2022-03-28T13:00:00","date_gmt":"2022-03-28T12:00:00","guid":{"rendered":"https:\/\/www.info-algerie.com\/actualites\/said-benrahma-rejoint-les-verts-a-sidi-moussa\/"},"modified":"2022-03-29T09:43:03","modified_gmt":"2022-03-29T08:43:03","slug":"said-benrahma-rejoint-les-verts-a-sidi-moussa","status":"publish","type":"post","link":"https:\/\/www.info-algerie.com\/actualites\/said-benrahma-rejoint-les-verts-a-sidi-moussa\/","title":{"rendered":"Sa\u00efd Benrahma rejoint les Verts \u00e0 Sidi Moussa"},"content":{"rendered":"\n<p>Le s\u00e9lectionneur national, Djamel Belmadi, a\u00a0fait appel \u00e0 l&rsquo;attaquant de West Ham, Sa\u00efd Benrahma, en pr\u00e9vision du match\u00a0face au Cameroun, en barrage retour des \u00e9liminatoires de la Coupe du monde\u00a02022 au Qatar, pr\u00e9vu mardi (20h30) au stade Mustapha Tchaker de Blida,\u00a0indique lundi la F\u00e9d\u00e9ration alg\u00e9rienne de football (FAF).\u00a0\u00a0<\/p>\n\n\n\n<p>Benrahma est arriv\u00e9 en fin de matin\u00e9e au Centre technique national (CTN)\u00a0de Sidi Moussa (Alger) et sera pr\u00e9sent lors de la s\u00e9ance d&rsquo;entra\u00eenement,\u00a0pr\u00e9vue \u00e0 18h00 au stade du Chahid Mustapha Tchaker de Blida, pr\u00e9cise la\u00a0m\u00eame source.\u00a0<\/p>\n\n\n\n<p>Source: <a href=\"https:\/\/www.liberte-algerie.com\/sports\/said-benrahma-rejoint-les-verts-a-sidi-moussa-375615\" target=\"_blank\" rel=\"noopener\">Sa\u00efd Benrahma rejoint les Verts \u00e0 Sidi Moussa<\/a><\/p>\n<!--CusAds0-->\n<div style=\"font-size: 0px; height: 0px; line-height: 0px; margin: 0; padding: 0; clear: both;\"><\/div>","protected":false},"excerpt":{"rendered":"<p>Le s\u00e9lectionneur national, Djamel Belmadi, a\u00a0fait appel \u00e0 l&rsquo;attaquant de West Ham, Sa\u00efd Benrahma, en pr\u00e9vision du match\u00a0face au Cameroun, en barrage retour des \u00e9liminatoires de la Coupe du monde\u00a02022 au Qatar, pr\u00e9vu mardi (20h30) au stade Mustapha Tchaker de Blida,\u00a0indique lundi la F\u00e9d\u00e9ration alg\u00e9rienne de football (FAF).\u00a0\u00a0 Benrahma est arriv\u00e9 en fin de matin\u00e9e<\/p>\n","protected":false},"author":6,"featured_media":27365,"comment_status":"open","ping_status":"open","sticky":false,"template":"","format":"standard","meta":{"footnotes":""},"categories":[6],"tags":[297,306],"class_list":["post-27352","post","type-post","status-publish","format-standard","has-post-thumbnail","hentry","category-sport","tag-foot","tag-said-benrahma"],"yoast_head":"<!-- This site is optimized with the Yoast SEO plugin v27.5 - https:\/\/yoast.com\/product\/yoast-seo-wordpress\/ -->\n<title>Sa\u00efd Benrahma rejoint les Verts \u00e0 Sidi Moussa<\/title>\n<meta name=\"description\" content=\"Le s\u00e9lectionneur national, Djamel Belmadi, a\u00a0fait appel \u00e0 l&#039;attaquant de West Ham, Sa\u00efd Benrahma, en pr\u00e9vision du match\u00a0face au Cameroun\" \/>\n<meta name=\"robots\" content=\"index, follow, max-snippet:-1, max-image-preview:large, max-video-preview:-1\" \/>\n<link rel=\"canonical\" href=\"https:\/\/www.info-algerie.com\/actualites\/said-benrahma-rejoint-les-verts-a-sidi-moussa\/\" \/>\n<meta property=\"og:locale\" content=\"fr_FR\" \/>\n<meta property=\"og:type\" content=\"article\" \/>\n<meta property=\"og:title\" content=\"Sa\u00efd Benrahma rejoint les Verts \u00e0 Sidi Moussa\" \/>\n<meta property=\"og:description\" content=\"Le s\u00e9lectionneur national, Djamel Belmadi, a\u00a0fait appel \u00e0 l&#039;attaquant de West Ham, Sa\u00efd Benrahma, en pr\u00e9vision du match\u00a0face au Cameroun\" \/>\n<meta property=\"og:url\" content=\"https:\/\/www.info-algerie.com\/actualites\/said-benrahma-rejoint-les-verts-a-sidi-moussa\/\" \/>\n<meta property=\"og:site_name\" content=\"info algerie\" \/>\n<meta property=\"article:publisher\" content=\"https:\/\/www.facebook.com\/infoalgerieactu\" \/>\n<meta property=\"article:published_time\" content=\"2022-03-28T12:00:00+00:00\" \/>\n<meta property=\"article:modified_time\" content=\"2022-03-29T08:43:03+00:00\" \/>\n<meta property=\"og:image\" content=\"https:\/\/www.info-algerie.com\/actualites\/wp-content\/uploads\/2022\/03\/said-benrahma-rejoint-les-verts.jpg\" \/>\n\t<meta property=\"og:image:width\" content=\"620\" \/>\n\t<meta property=\"og:image:height\" content=\"410\" \/>\n\t<meta property=\"og:image:type\" content=\"image\/jpeg\" \/>\n<meta name=\"author\" content=\"La r\u00e9daction\" \/>\n<meta name=\"twitter:label1\" content=\"\u00c9crit par\" \/>\n\t<meta name=\"twitter:data1\" content=\"La r\u00e9daction\" \/>\n\t<meta name=\"twitter:label2\" content=\"Dur\u00e9e de lecture estim\u00e9e\" \/>\n\t<meta name=\"twitter:data2\" content=\"1 minute\" \/>\n<script type=\"application\/ld+json\" class=\"yoast-schema-graph\">{\"@context\":\"https:\\\/\\\/schema.org\",\"@graph\":[{\"@type\":\"Article\",\"@id\":\"https:\\\/\\\/www.info-algerie.com\\\/actualites\\\/said-benrahma-rejoint-les-verts-a-sidi-moussa\\\/#article\",\"isPartOf\":{\"@id\":\"https:\\\/\\\/www.info-algerie.com\\\/actualites\\\/said-benrahma-rejoint-les-verts-a-sidi-moussa\\\/\"},\"author\":{\"name\":\"La r\u00e9daction\",\"@id\":\"https:\\\/\\\/www.info-algerie.com\\\/actualites\\\/#\\\/schema\\\/person\\\/847aaec44920825b843a08f30ec6aa1e\"},\"headline\":\"Sa\u00efd Benrahma rejoint les Verts \u00e0 Sidi Moussa\",\"datePublished\":\"2022-03-28T12:00:00+00:00\",\"dateModified\":\"2022-03-29T08:43:03+00:00\",\"mainEntityOfPage\":{\"@id\":\"https:\\\/\\\/www.info-algerie.com\\\/actualites\\\/said-benrahma-rejoint-les-verts-a-sidi-moussa\\\/\"},\"wordCount\":121,\"commentCount\":0,\"publisher\":{\"@id\":\"https:\\\/\\\/www.info-algerie.com\\\/actualites\\\/#organization\"},\"image\":{\"@id\":\"https:\\\/\\\/www.info-algerie.com\\\/actualites\\\/said-benrahma-rejoint-les-verts-a-sidi-moussa\\\/#primaryimage\"},\"thumbnailUrl\":\"https:\\\/\\\/www.info-algerie.com\\\/actualites\\\/wp-content\\\/uploads\\\/2022\\\/03\\\/said-benrahma-rejoint-les-verts.jpg\",\"keywords\":[\"foot\",\"Sa\u00efd Benrahma\"],\"articleSection\":[\"sport\"],\"inLanguage\":\"fr-FR\",\"potentialAction\":[{\"@type\":\"CommentAction\",\"name\":\"Comment\",\"target\":[\"https:\\\/\\\/www.info-algerie.com\\\/actualites\\\/said-benrahma-rejoint-les-verts-a-sidi-moussa\\\/#respond\"]}]},{\"@type\":\"WebPage\",\"@id\":\"https:\\\/\\\/www.info-algerie.com\\\/actualites\\\/said-benrahma-rejoint-les-verts-a-sidi-moussa\\\/\",\"url\":\"https:\\\/\\\/www.info-algerie.com\\\/actualites\\\/said-benrahma-rejoint-les-verts-a-sidi-moussa\\\/\",\"name\":\"Sa\u00efd Benrahma rejoint les Verts \u00e0 Sidi Moussa\",\"isPartOf\":{\"@id\":\"https:\\\/\\\/www.info-algerie.com\\\/actualites\\\/#website\"},\"primaryImageOfPage\":{\"@id\":\"https:\\\/\\\/www.info-algerie.com\\\/actualites\\\/said-benrahma-rejoint-les-verts-a-sidi-moussa\\\/#primaryimage\"},\"image\":{\"@id\":\"https:\\\/\\\/www.info-algerie.com\\\/actualites\\\/said-benrahma-rejoint-les-verts-a-sidi-moussa\\\/#primaryimage\"},\"thumbnailUrl\":\"https:\\\/\\\/www.info-algerie.com\\\/actualites\\\/wp-content\\\/uploads\\\/2022\\\/03\\\/said-benrahma-rejoint-les-verts.jpg\",\"datePublished\":\"2022-03-28T12:00:00+00:00\",\"dateModified\":\"2022-03-29T08:43:03+00:00\",\"description\":\"Le s\u00e9lectionneur national, Djamel Belmadi, a\u00a0fait appel \u00e0 l'attaquant de West Ham, Sa\u00efd Benrahma, en pr\u00e9vision du match\u00a0face au Cameroun\",\"breadcrumb\":{\"@id\":\"https:\\\/\\\/www.info-algerie.com\\\/actualites\\\/said-benrahma-rejoint-les-verts-a-sidi-moussa\\\/#breadcrumb\"},\"inLanguage\":\"fr-FR\",\"potentialAction\":[{\"@type\":\"ReadAction\",\"target\":[\"https:\\\/\\\/www.info-algerie.com\\\/actualites\\\/said-benrahma-rejoint-les-verts-a-sidi-moussa\\\/\"]}]},{\"@type\":\"ImageObject\",\"inLanguage\":\"fr-FR\",\"@id\":\"https:\\\/\\\/www.info-algerie.com\\\/actualites\\\/said-benrahma-rejoint-les-verts-a-sidi-moussa\\\/#primaryimage\",\"url\":\"https:\\\/\\\/www.info-algerie.com\\\/actualites\\\/wp-content\\\/uploads\\\/2022\\\/03\\\/said-benrahma-rejoint-les-verts.jpg\",\"contentUrl\":\"https:\\\/\\\/www.info-algerie.com\\\/actualites\\\/wp-content\\\/uploads\\\/2022\\\/03\\\/said-benrahma-rejoint-les-verts.jpg\",\"width\":620,\"height\":410,\"caption\":\"Sa\u00efd Benrahma\"},{\"@type\":\"BreadcrumbList\",\"@id\":\"https:\\\/\\\/www.info-algerie.com\\\/actualites\\\/said-benrahma-rejoint-les-verts-a-sidi-moussa\\\/#breadcrumb\",\"itemListElement\":[{\"@type\":\"ListItem\",\"position\":1,\"name\":\"Accueil\",\"item\":\"https:\\\/\\\/www.info-algerie.com\\\/actualites\\\/\"},{\"@type\":\"ListItem\",\"position\":2,\"name\":\"Sa\u00efd Benrahma rejoint les Verts \u00e0 Sidi Moussa\"}]},{\"@type\":\"WebSite\",\"@id\":\"https:\\\/\\\/www.info-algerie.com\\\/actualites\\\/#website\",\"url\":\"https:\\\/\\\/www.info-algerie.com\\\/actualites\\\/\",\"name\":\"info algerie\",\"description\":\"Toutes les actualit\u00e9s\",\"publisher\":{\"@id\":\"https:\\\/\\\/www.info-algerie.com\\\/actualites\\\/#organization\"},\"potentialAction\":[{\"@type\":\"SearchAction\",\"target\":{\"@type\":\"EntryPoint\",\"urlTemplate\":\"https:\\\/\\\/www.info-algerie.com\\\/actualites\\\/?s={search_term_string}\"},\"query-input\":{\"@type\":\"PropertyValueSpecification\",\"valueRequired\":true,\"valueName\":\"search_term_string\"}}],\"inLanguage\":\"fr-FR\"},{\"@type\":\"Organization\",\"@id\":\"https:\\\/\\\/www.info-algerie.com\\\/actualites\\\/#organization\",\"name\":\"info algerie\",\"url\":\"https:\\\/\\\/www.info-algerie.com\\\/actualites\\\/\",\"logo\":{\"@type\":\"ImageObject\",\"inLanguage\":\"fr-FR\",\"@id\":\"https:\\\/\\\/www.info-algerie.com\\\/actualites\\\/#\\\/schema\\\/logo\\\/image\\\/\",\"url\":\"https:\\\/\\\/www.info-algerie.com\\\/actualites\\\/wp-content\\\/uploads\\\/2022\\\/07\\\/logo-ia-120.png\",\"contentUrl\":\"https:\\\/\\\/www.info-algerie.com\\\/actualites\\\/wp-content\\\/uploads\\\/2022\\\/07\\\/logo-ia-120.png\",\"width\":120,\"height\":43,\"caption\":\"info algerie\"},\"image\":{\"@id\":\"https:\\\/\\\/www.info-algerie.com\\\/actualites\\\/#\\\/schema\\\/logo\\\/image\\\/\"},\"sameAs\":[\"https:\\\/\\\/www.facebook.com\\\/infoalgerieactu\",\"https:\\\/\\\/x.com\\\/infoalgerie1\"]},{\"@type\":\"Person\",\"@id\":\"https:\\\/\\\/www.info-algerie.com\\\/actualites\\\/#\\\/schema\\\/person\\\/847aaec44920825b843a08f30ec6aa1e\",\"name\":\"La r\u00e9daction\",\"image\":{\"@type\":\"ImageObject\",\"inLanguage\":\"fr-FR\",\"@id\":\"https:\\\/\\\/secure.gravatar.com\\\/avatar\\\/769db425c6f465158149f1ffd6cf61ce7a8a879d11dfbef8288af36dfddd418c?s=96&d=mm&r=g\",\"url\":\"https:\\\/\\\/secure.gravatar.com\\\/avatar\\\/769db425c6f465158149f1ffd6cf61ce7a8a879d11dfbef8288af36dfddd418c?s=96&d=mm&r=g\",\"contentUrl\":\"https:\\\/\\\/secure.gravatar.com\\\/avatar\\\/769db425c6f465158149f1ffd6cf61ce7a8a879d11dfbef8288af36dfddd418c?s=96&d=mm&r=g\",\"caption\":\"La r\u00e9daction\"},\"sameAs\":[\"http:\\\/\\\/www.lkeria.com\\\/\"],\"url\":\"https:\\\/\\\/www.info-algerie.com\\\/actualites\\\/author\\\/chakib32\\\/\"}]}<\/script>\n<!-- \/ Yoast SEO plugin. -->","yoast_head_json":{"title":"Sa\u00efd Benrahma rejoint les Verts \u00e0 Sidi Moussa","description":"Le s\u00e9lectionneur national, Djamel Belmadi, a\u00a0fait appel \u00e0 l'attaquant de West Ham, Sa\u00efd Benrahma, en pr\u00e9vision du match\u00a0face au Cameroun","robots":{"index":"index","follow":"follow","max-snippet":"max-snippet:-1","max-image-preview":"max-image-preview:large","max-video-preview":"max-video-preview:-1"},"canonical":"https:\/\/www.info-algerie.com\/actualites\/said-benrahma-rejoint-les-verts-a-sidi-moussa\/","og_locale":"fr_FR","og_type":"article","og_title":"Sa\u00efd Benrahma rejoint les Verts \u00e0 Sidi Moussa","og_description":"Le s\u00e9lectionneur national, Djamel Belmadi, a\u00a0fait appel \u00e0 l'attaquant de West Ham, Sa\u00efd Benrahma, en pr\u00e9vision du match\u00a0face au Cameroun","og_url":"https:\/\/www.info-algerie.com\/actualites\/said-benrahma-rejoint-les-verts-a-sidi-moussa\/","og_site_name":"info algerie","article_publisher":"https:\/\/www.facebook.com\/infoalgerieactu","article_published_time":"2022-03-28T12:00:00+00:00","article_modified_time":"2022-03-29T08:43:03+00:00","og_image":[{"width":620,"height":410,"url":"https:\/\/www.info-algerie.com\/actualites\/wp-content\/uploads\/2022\/03\/said-benrahma-rejoint-les-verts.jpg","type":"image\/jpeg"}],"author":"La r\u00e9daction","twitter_misc":{"\u00c9crit par":"La r\u00e9daction","Dur\u00e9e de lecture estim\u00e9e":"1 minute"},"schema":{"@context":"https:\/\/schema.org","@graph":[{"@type":"Article","@id":"https:\/\/www.info-algerie.com\/actualites\/said-benrahma-rejoint-les-verts-a-sidi-moussa\/#article","isPartOf":{"@id":"https:\/\/www.info-algerie.com\/actualites\/said-benrahma-rejoint-les-verts-a-sidi-moussa\/"},"author":{"name":"La r\u00e9daction","@id":"https:\/\/www.info-algerie.com\/actualites\/#\/schema\/person\/847aaec44920825b843a08f30ec6aa1e"},"headline":"Sa\u00efd Benrahma rejoint les Verts \u00e0 Sidi Moussa","datePublished":"2022-03-28T12:00:00+00:00","dateModified":"2022-03-29T08:43:03+00:00","mainEntityOfPage":{"@id":"https:\/\/www.info-algerie.com\/actualites\/said-benrahma-rejoint-les-verts-a-sidi-moussa\/"},"wordCount":121,"commentCount":0,"publisher":{"@id":"https:\/\/www.info-algerie.com\/actualites\/#organization"},"image":{"@id":"https:\/\/www.info-algerie.com\/actualites\/said-benrahma-rejoint-les-verts-a-sidi-moussa\/#primaryimage"},"thumbnailUrl":"https:\/\/www.info-algerie.com\/actualites\/wp-content\/uploads\/2022\/03\/said-benrahma-rejoint-les-verts.jpg","keywords":["foot","Sa\u00efd Benrahma"],"articleSection":["sport"],"inLanguage":"fr-FR","potentialAction":[{"@type":"CommentAction","name":"Comment","target":["https:\/\/www.info-algerie.com\/actualites\/said-benrahma-rejoint-les-verts-a-sidi-moussa\/#respond"]}]},{"@type":"WebPage","@id":"https:\/\/www.info-algerie.com\/actualites\/said-benrahma-rejoint-les-verts-a-sidi-moussa\/","url":"https:\/\/www.info-algerie.com\/actualites\/said-benrahma-rejoint-les-verts-a-sidi-moussa\/","name":"Sa\u00efd Benrahma rejoint les Verts \u00e0 Sidi Moussa","isPartOf":{"@id":"https:\/\/www.info-algerie.com\/actualites\/#website"},"primaryImageOfPage":{"@id":"https:\/\/www.info-algerie.com\/actualites\/said-benrahma-rejoint-les-verts-a-sidi-moussa\/#primaryimage"},"image":{"@id":"https:\/\/www.info-algerie.com\/actualites\/said-benrahma-rejoint-les-verts-a-sidi-moussa\/#primaryimage"},"thumbnailUrl":"https:\/\/www.info-algerie.com\/actualites\/wp-content\/uploads\/2022\/03\/said-benrahma-rejoint-les-verts.jpg","datePublished":"2022-03-28T12:00:00+00:00","dateModified":"2022-03-29T08:43:03+00:00","description":"Le s\u00e9lectionneur national, Djamel Belmadi, a\u00a0fait appel \u00e0 l'attaquant de West Ham, Sa\u00efd Benrahma, en pr\u00e9vision du match\u00a0face au Cameroun","breadcrumb":{"@id":"https:\/\/www.info-algerie.com\/actualites\/said-benrahma-rejoint-les-verts-a-sidi-moussa\/#breadcrumb"},"inLanguage":"fr-FR","potentialAction":[{"@type":"ReadAction","target":["https:\/\/www.info-algerie.com\/actualites\/said-benrahma-rejoint-les-verts-a-sidi-moussa\/"]}]},{"@type":"ImageObject","inLanguage":"fr-FR","@id":"https:\/\/www.info-algerie.com\/actualites\/said-benrahma-rejoint-les-verts-a-sidi-moussa\/#primaryimage","url":"https:\/\/www.info-algerie.com\/actualites\/wp-content\/uploads\/2022\/03\/said-benrahma-rejoint-les-verts.jpg","contentUrl":"https:\/\/www.info-algerie.com\/actualites\/wp-content\/uploads\/2022\/03\/said-benrahma-rejoint-les-verts.jpg","width":620,"height":410,"caption":"Sa\u00efd Benrahma"},{"@type":"BreadcrumbList","@id":"https:\/\/www.info-algerie.com\/actualites\/said-benrahma-rejoint-les-verts-a-sidi-moussa\/#breadcrumb","itemListElement":[{"@type":"ListItem","position":1,"name":"Accueil","item":"https:\/\/www.info-algerie.com\/actualites\/"},{"@type":"ListItem","position":2,"name":"Sa\u00efd Benrahma rejoint les Verts \u00e0 Sidi Moussa"}]},{"@type":"WebSite","@id":"https:\/\/www.info-algerie.com\/actualites\/#website","url":"https:\/\/www.info-algerie.com\/actualites\/","name":"info algerie","description":"Toutes les actualit\u00e9s","publisher":{"@id":"https:\/\/www.info-algerie.com\/actualites\/#organization"},"potentialAction":[{"@type":"SearchAction","target":{"@type":"EntryPoint","urlTemplate":"https:\/\/www.info-algerie.com\/actualites\/?s={search_term_string}"},"query-input":{"@type":"PropertyValueSpecification","valueRequired":true,"valueName":"search_term_string"}}],"inLanguage":"fr-FR"},{"@type":"Organization","@id":"https:\/\/www.info-algerie.com\/actualites\/#organization","name":"info algerie","url":"https:\/\/www.info-algerie.com\/actualites\/","logo":{"@type":"ImageObject","inLanguage":"fr-FR","@id":"https:\/\/www.info-algerie.com\/actualites\/#\/schema\/logo\/image\/","url":"https:\/\/www.info-algerie.com\/actualites\/wp-content\/uploads\/2022\/07\/logo-ia-120.png","contentUrl":"https:\/\/www.info-algerie.com\/actualites\/wp-content\/uploads\/2022\/07\/logo-ia-120.png","width":120,"height":43,"caption":"info algerie"},"image":{"@id":"https:\/\/www.info-algerie.com\/actualites\/#\/schema\/logo\/image\/"},"sameAs":["https:\/\/www.facebook.com\/infoalgerieactu","https:\/\/x.com\/infoalgerie1"]},{"@type":"Person","@id":"https:\/\/www.info-algerie.com\/actualites\/#\/schema\/person\/847aaec44920825b843a08f30ec6aa1e","name":"La r\u00e9daction","image":{"@type":"ImageObject","inLanguage":"fr-FR","@id":"https:\/\/secure.gravatar.com\/avatar\/769db425c6f465158149f1ffd6cf61ce7a8a879d11dfbef8288af36dfddd418c?s=96&d=mm&r=g","url":"https:\/\/secure.gravatar.com\/avatar\/769db425c6f465158149f1ffd6cf61ce7a8a879d11dfbef8288af36dfddd418c?s=96&d=mm&r=g","contentUrl":"https:\/\/secure.gravatar.com\/avatar\/769db425c6f465158149f1ffd6cf61ce7a8a879d11dfbef8288af36dfddd418c?s=96&d=mm&r=g","caption":"La r\u00e9daction"},"sameAs":["http:\/\/www.lkeria.com\/"],"url":"https:\/\/www.info-algerie.com\/actualites\/author\/chakib32\/"}]}},"_links":{"self":[{"href":"https:\/\/www.info-algerie.com\/actualites\/wp-json\/wp\/v2\/posts\/27352","targetHints":{"allow":["GET"]}}],"collection":[{"href":"https:\/\/www.info-algerie.com\/actualites\/wp-json\/wp\/v2\/posts"}],"about":[{"href":"https:\/\/www.info-algerie.com\/actualites\/wp-json\/wp\/v2\/types\/post"}],"author":[{"embeddable":true,"href":"https:\/\/www.info-algerie.com\/actualites\/wp-json\/wp\/v2\/users\/6"}],"replies":[{"embeddable":true,"href":"https:\/\/www.info-algerie.com\/actualites\/wp-json\/wp\/v2\/comments?post=27352"}],"version-history":[{"count":1,"href":"https:\/\/www.info-algerie.com\/actualites\/wp-json\/wp\/v2\/posts\/27352\/revisions"}],"predecessor-version":[{"id":27366,"href":"https:\/\/www.info-algerie.com\/actualites\/wp-json\/wp\/v2\/posts\/27352\/revisions\/27366"}],"wp:featuredmedia":[{"embeddable":true,"href":"https:\/\/www.info-algerie.com\/actualites\/wp-json\/wp\/v2\/media\/27365"}],"wp:attachment":[{"href":"https:\/\/www.info-algerie.com\/actualites\/wp-json\/wp\/v2\/media?parent=27352"}],"wp:term":[{"taxonomy":"category","embeddable":true,"href":"https:\/\/www.info-algerie.com\/actualites\/wp-json\/wp\/v2\/categories?post=27352"},{"taxonomy":"post_tag","embeddable":true,"href":"https:\/\/www.info-algerie.com\/actualites\/wp-json\/wp\/v2\/tags?post=27352"}],"curies":[{"name":"wp","href":"https:\/\/api.w.org\/{rel}","templated":true}]}}