{"id":27377,"date":"2022-03-29T16:00:00","date_gmt":"2022-03-29T15:00:00","guid":{"rendered":"https:\/\/www.info-algerie.com\/actualites\/hand-le-maroc-et-lalgerie-prives-de-lorganisation-de-la-can\/"},"modified":"2022-03-29T19:19:57","modified_gmt":"2022-03-29T18:19:57","slug":"hand-le-maroc-et-lalgerie-prives-de-lorganisation-de-la-can","status":"publish","type":"post","link":"https:\/\/www.info-algerie.com\/actualites\/hand-le-maroc-et-lalgerie-prives-de-lorganisation-de-la-can\/","title":{"rendered":"Hand-ball : le Maroc et l&rsquo;Alg\u00e9rie priv\u00e9s de l\u2019organisation de la CAN"},"content":{"rendered":"\n<p>La Conf\u00e9d\u00e9ration africaine de hand-ball (CAHB) a annonc\u00e9, ce mardi, dans un communiqu\u00e9 publi\u00e9 sur son site web, de priver le Maroc et l&rsquo;Alg\u00e9rie de l&rsquo;organisation des deux prochaines \u00e9ditions (2022 et 2024) de la coupe d&rsquo;Afrique des nations pr\u00e9vues respectivement dans les deux pays. <\/p>\n\n\n\n<p>Une d\u00e9cision prise \u00e0 la suite\u00a0d&rsquo;une session extraordinaire du Conseil de la CAHB tenue par visioconf\u00e9rence le 28 mars 2022, le Conseil de la CAHB. <\/p>\n\n\n\n<p>Dane le communiqu\u00e9, il est indiqu\u00e9 qu&rsquo;\u00a0<em>\u00ab\u00a0en appr\u00e9ciant le rapport du Comit\u00e9 Ex\u00e9cutif, le Conseil constate que les divergences extra\u2013sportives ont profond\u00e9ment entach\u00e9 les relations entre la F\u00e9d\u00e9ration Royale Marocaine de Handball (FRMHB) et la F\u00e9d\u00e9ration Alg\u00e9rienne de Handball (FAHB)\u00a0\u00bb.<\/em>\u00a0<\/p>\n\n\n\n<p>La m\u00eame source ajoute:\u00a0<em>\u00ab\u00a0Il en d\u00e9coule que malgr\u00e9 les efforts d\u00e9ploy\u00e9s pour \u00e9viter le boycott par certaines s\u00e9lections participantes, le Conseil note avec un profond regret que des divergences persistent encore et sont de nature \u00e0 mettre en p\u00e9ril le bon d\u00e9roulement de ces \u00e9v\u00e9nements\u00a0\u00bb.\u00a0<\/em>Et c&rsquo;est \u00ab\u00a0e<em>n cons\u00e9quence, le Conseil, apr\u00e8s \u00e9valuation de cette situation et, conform\u00e9ment au principe de n\u2019autoriser \u00e0 faire participer les membres concern\u00e9s par les questions en d\u00e9bats\u00a0\u00bb\u00a0\u00a0<\/em>que les deux d\u00e9cisions suivantes ont \u00e9t\u00e9 prises<em>:<\/em><\/p>\n\n\n\n<p>-Retrait de l\u2019organisation de la 25e \u00e9dition de la Coupe d\u2019Afrique des Nations Seniors Hommes (2022) \u00e0 la F\u00e9d\u00e9ration Royale Marocaine de Handball.<\/p>\n\n\n\n<p>-Retrait de l\u2019organisation de la 26\u00e8me \u00e9dition de la Coupe d\u2019Afrique des Nations Seniors Hommes (2024) \u00e0 la F\u00e9d\u00e9ration Alg\u00e9rienne de Handball.<\/p>\n\n\n\n<p>Source: <a href=\"https:\/\/www.liberte-algerie.com\/sports\/hand-le-maroc-et-lalgerie-prives-de-lorganisation-de-la-can-375683\" target=\"_blank\" rel=\"noopener\">Hand: le Maroc et l&rsquo;Alg\u00e9rie priv\u00e9s de l\u2019organisation de la CAN<\/a><\/p>\n<!--CusAds0-->\n<div style=\"font-size: 0px; height: 0px; line-height: 0px; margin: 0; padding: 0; clear: both;\"><\/div>","protected":false},"excerpt":{"rendered":"<p>La Conf\u00e9d\u00e9ration africaine de hand-ball (CAHB) a annonc\u00e9, ce mardi, dans un communiqu\u00e9 publi\u00e9 sur son site web, de priver le Maroc et l&rsquo;Alg\u00e9rie de l&rsquo;organisation des deux prochaines \u00e9ditions (2022 et 2024) de la coupe d&rsquo;Afrique des nations pr\u00e9vues respectivement dans les deux pays. Une d\u00e9cision prise \u00e0 la suite\u00a0d&rsquo;une session extraordinaire du Conseil<\/p>\n","protected":false},"author":6,"featured_media":27379,"comment_status":"open","ping_status":"open","sticky":false,"template":"","format":"standard","meta":{"footnotes":""},"categories":[6],"tags":[308],"class_list":["post-27377","post","type-post","status-publish","format-standard","has-post-thumbnail","hentry","category-sport","tag-hand-ball"],"yoast_head":"<!-- This site is optimized with the Yoast SEO plugin v27.5 - https:\/\/yoast.com\/product\/yoast-seo-wordpress\/ -->\n<title>Hand-ball : le Maroc et l&#039;Alg\u00e9rie priv\u00e9s de l\u2019organisation de la CAN<\/title>\n<meta name=\"description\" content=\"La Conf\u00e9d\u00e9ration africaine de hand-ball a annonc\u00e9 de priver le Maroc et l&#039;Alg\u00e9rie de l&#039;organisation des \u00e9ditions de la coupe d&#039;Afrique\" \/>\n<meta name=\"robots\" content=\"index, follow, max-snippet:-1, max-image-preview:large, max-video-preview:-1\" \/>\n<link rel=\"canonical\" href=\"https:\/\/www.info-algerie.com\/actualites\/hand-le-maroc-et-lalgerie-prives-de-lorganisation-de-la-can\/\" \/>\n<meta property=\"og:locale\" content=\"fr_FR\" \/>\n<meta property=\"og:type\" content=\"article\" \/>\n<meta property=\"og:title\" content=\"Hand-ball : le Maroc et l&#039;Alg\u00e9rie priv\u00e9s de l\u2019organisation de la CAN\" \/>\n<meta property=\"og:description\" content=\"La Conf\u00e9d\u00e9ration africaine de hand-ball a annonc\u00e9 de priver le Maroc et l&#039;Alg\u00e9rie de l&#039;organisation des \u00e9ditions de la coupe d&#039;Afrique\" \/>\n<meta property=\"og:url\" content=\"https:\/\/www.info-algerie.com\/actualites\/hand-le-maroc-et-lalgerie-prives-de-lorganisation-de-la-can\/\" \/>\n<meta property=\"og:site_name\" content=\"info algerie\" \/>\n<meta property=\"article:publisher\" content=\"https:\/\/www.facebook.com\/infoalgerieactu\" \/>\n<meta property=\"article:published_time\" content=\"2022-03-29T15:00:00+00:00\" \/>\n<meta property=\"article:modified_time\" content=\"2022-03-29T18:19:57+00:00\" \/>\n<meta property=\"og:image\" content=\"https:\/\/www.info-algerie.com\/actualites\/wp-content\/uploads\/2022\/03\/hand-ball-le-maroc-et-lalgerie-prives-de-lorganisation-de-la-can.jpg\" \/>\n\t<meta property=\"og:image:width\" content=\"620\" \/>\n\t<meta property=\"og:image:height\" content=\"410\" \/>\n\t<meta property=\"og:image:type\" content=\"image\/jpeg\" \/>\n<meta name=\"author\" content=\"La r\u00e9daction\" \/>\n<meta name=\"twitter:label1\" content=\"\u00c9crit par\" \/>\n\t<meta name=\"twitter:data1\" content=\"La r\u00e9daction\" \/>\n\t<meta name=\"twitter:label2\" content=\"Dur\u00e9e de lecture estim\u00e9e\" \/>\n\t<meta name=\"twitter:data2\" content=\"2 minutes\" \/>\n<script type=\"application\/ld+json\" class=\"yoast-schema-graph\">{\"@context\":\"https:\\\/\\\/schema.org\",\"@graph\":[{\"@type\":\"Article\",\"@id\":\"https:\\\/\\\/www.info-algerie.com\\\/actualites\\\/hand-le-maroc-et-lalgerie-prives-de-lorganisation-de-la-can\\\/#article\",\"isPartOf\":{\"@id\":\"https:\\\/\\\/www.info-algerie.com\\\/actualites\\\/hand-le-maroc-et-lalgerie-prives-de-lorganisation-de-la-can\\\/\"},\"author\":{\"name\":\"La r\u00e9daction\",\"@id\":\"https:\\\/\\\/www.info-algerie.com\\\/actualites\\\/#\\\/schema\\\/person\\\/847aaec44920825b843a08f30ec6aa1e\"},\"headline\":\"Hand-ball : le Maroc et l&rsquo;Alg\u00e9rie priv\u00e9s de l\u2019organisation de la CAN\",\"datePublished\":\"2022-03-29T15:00:00+00:00\",\"dateModified\":\"2022-03-29T18:19:57+00:00\",\"mainEntityOfPage\":{\"@id\":\"https:\\\/\\\/www.info-algerie.com\\\/actualites\\\/hand-le-maroc-et-lalgerie-prives-de-lorganisation-de-la-can\\\/\"},\"wordCount\":303,\"commentCount\":0,\"publisher\":{\"@id\":\"https:\\\/\\\/www.info-algerie.com\\\/actualites\\\/#organization\"},\"image\":{\"@id\":\"https:\\\/\\\/www.info-algerie.com\\\/actualites\\\/hand-le-maroc-et-lalgerie-prives-de-lorganisation-de-la-can\\\/#primaryimage\"},\"thumbnailUrl\":\"https:\\\/\\\/www.info-algerie.com\\\/actualites\\\/wp-content\\\/uploads\\\/2022\\\/03\\\/hand-ball-le-maroc-et-lalgerie-prives-de-lorganisation-de-la-can.jpg\",\"keywords\":[\"hand-ball\"],\"articleSection\":[\"sport\"],\"inLanguage\":\"fr-FR\",\"potentialAction\":[{\"@type\":\"CommentAction\",\"name\":\"Comment\",\"target\":[\"https:\\\/\\\/www.info-algerie.com\\\/actualites\\\/hand-le-maroc-et-lalgerie-prives-de-lorganisation-de-la-can\\\/#respond\"]}]},{\"@type\":\"WebPage\",\"@id\":\"https:\\\/\\\/www.info-algerie.com\\\/actualites\\\/hand-le-maroc-et-lalgerie-prives-de-lorganisation-de-la-can\\\/\",\"url\":\"https:\\\/\\\/www.info-algerie.com\\\/actualites\\\/hand-le-maroc-et-lalgerie-prives-de-lorganisation-de-la-can\\\/\",\"name\":\"Hand-ball : le Maroc et l'Alg\u00e9rie priv\u00e9s de l\u2019organisation de la CAN\",\"isPartOf\":{\"@id\":\"https:\\\/\\\/www.info-algerie.com\\\/actualites\\\/#website\"},\"primaryImageOfPage\":{\"@id\":\"https:\\\/\\\/www.info-algerie.com\\\/actualites\\\/hand-le-maroc-et-lalgerie-prives-de-lorganisation-de-la-can\\\/#primaryimage\"},\"image\":{\"@id\":\"https:\\\/\\\/www.info-algerie.com\\\/actualites\\\/hand-le-maroc-et-lalgerie-prives-de-lorganisation-de-la-can\\\/#primaryimage\"},\"thumbnailUrl\":\"https:\\\/\\\/www.info-algerie.com\\\/actualites\\\/wp-content\\\/uploads\\\/2022\\\/03\\\/hand-ball-le-maroc-et-lalgerie-prives-de-lorganisation-de-la-can.jpg\",\"datePublished\":\"2022-03-29T15:00:00+00:00\",\"dateModified\":\"2022-03-29T18:19:57+00:00\",\"description\":\"La Conf\u00e9d\u00e9ration africaine de hand-ball a annonc\u00e9 de priver le Maroc et l'Alg\u00e9rie de l'organisation des \u00e9ditions de la coupe d'Afrique\",\"breadcrumb\":{\"@id\":\"https:\\\/\\\/www.info-algerie.com\\\/actualites\\\/hand-le-maroc-et-lalgerie-prives-de-lorganisation-de-la-can\\\/#breadcrumb\"},\"inLanguage\":\"fr-FR\",\"potentialAction\":[{\"@type\":\"ReadAction\",\"target\":[\"https:\\\/\\\/www.info-algerie.com\\\/actualites\\\/hand-le-maroc-et-lalgerie-prives-de-lorganisation-de-la-can\\\/\"]}]},{\"@type\":\"ImageObject\",\"inLanguage\":\"fr-FR\",\"@id\":\"https:\\\/\\\/www.info-algerie.com\\\/actualites\\\/hand-le-maroc-et-lalgerie-prives-de-lorganisation-de-la-can\\\/#primaryimage\",\"url\":\"https:\\\/\\\/www.info-algerie.com\\\/actualites\\\/wp-content\\\/uploads\\\/2022\\\/03\\\/hand-ball-le-maroc-et-lalgerie-prives-de-lorganisation-de-la-can.jpg\",\"contentUrl\":\"https:\\\/\\\/www.info-algerie.com\\\/actualites\\\/wp-content\\\/uploads\\\/2022\\\/03\\\/hand-ball-le-maroc-et-lalgerie-prives-de-lorganisation-de-la-can.jpg\",\"width\":620,\"height\":410,\"caption\":\"Conf\u00e9d\u00e9ration africaine de hand-ball\"},{\"@type\":\"BreadcrumbList\",\"@id\":\"https:\\\/\\\/www.info-algerie.com\\\/actualites\\\/hand-le-maroc-et-lalgerie-prives-de-lorganisation-de-la-can\\\/#breadcrumb\",\"itemListElement\":[{\"@type\":\"ListItem\",\"position\":1,\"name\":\"Accueil\",\"item\":\"https:\\\/\\\/www.info-algerie.com\\\/actualites\\\/\"},{\"@type\":\"ListItem\",\"position\":2,\"name\":\"Hand-ball : le Maroc et l&rsquo;Alg\u00e9rie priv\u00e9s de l\u2019organisation de la CAN\"}]},{\"@type\":\"WebSite\",\"@id\":\"https:\\\/\\\/www.info-algerie.com\\\/actualites\\\/#website\",\"url\":\"https:\\\/\\\/www.info-algerie.com\\\/actualites\\\/\",\"name\":\"info algerie\",\"description\":\"Toutes les actualit\u00e9s\",\"publisher\":{\"@id\":\"https:\\\/\\\/www.info-algerie.com\\\/actualites\\\/#organization\"},\"potentialAction\":[{\"@type\":\"SearchAction\",\"target\":{\"@type\":\"EntryPoint\",\"urlTemplate\":\"https:\\\/\\\/www.info-algerie.com\\\/actualites\\\/?s={search_term_string}\"},\"query-input\":{\"@type\":\"PropertyValueSpecification\",\"valueRequired\":true,\"valueName\":\"search_term_string\"}}],\"inLanguage\":\"fr-FR\"},{\"@type\":\"Organization\",\"@id\":\"https:\\\/\\\/www.info-algerie.com\\\/actualites\\\/#organization\",\"name\":\"info algerie\",\"url\":\"https:\\\/\\\/www.info-algerie.com\\\/actualites\\\/\",\"logo\":{\"@type\":\"ImageObject\",\"inLanguage\":\"fr-FR\",\"@id\":\"https:\\\/\\\/www.info-algerie.com\\\/actualites\\\/#\\\/schema\\\/logo\\\/image\\\/\",\"url\":\"https:\\\/\\\/www.info-algerie.com\\\/actualites\\\/wp-content\\\/uploads\\\/2022\\\/07\\\/logo-ia-120.png\",\"contentUrl\":\"https:\\\/\\\/www.info-algerie.com\\\/actualites\\\/wp-content\\\/uploads\\\/2022\\\/07\\\/logo-ia-120.png\",\"width\":120,\"height\":43,\"caption\":\"info algerie\"},\"image\":{\"@id\":\"https:\\\/\\\/www.info-algerie.com\\\/actualites\\\/#\\\/schema\\\/logo\\\/image\\\/\"},\"sameAs\":[\"https:\\\/\\\/www.facebook.com\\\/infoalgerieactu\",\"https:\\\/\\\/x.com\\\/infoalgerie1\"]},{\"@type\":\"Person\",\"@id\":\"https:\\\/\\\/www.info-algerie.com\\\/actualites\\\/#\\\/schema\\\/person\\\/847aaec44920825b843a08f30ec6aa1e\",\"name\":\"La r\u00e9daction\",\"image\":{\"@type\":\"ImageObject\",\"inLanguage\":\"fr-FR\",\"@id\":\"https:\\\/\\\/secure.gravatar.com\\\/avatar\\\/769db425c6f465158149f1ffd6cf61ce7a8a879d11dfbef8288af36dfddd418c?s=96&d=mm&r=g\",\"url\":\"https:\\\/\\\/secure.gravatar.com\\\/avatar\\\/769db425c6f465158149f1ffd6cf61ce7a8a879d11dfbef8288af36dfddd418c?s=96&d=mm&r=g\",\"contentUrl\":\"https:\\\/\\\/secure.gravatar.com\\\/avatar\\\/769db425c6f465158149f1ffd6cf61ce7a8a879d11dfbef8288af36dfddd418c?s=96&d=mm&r=g\",\"caption\":\"La r\u00e9daction\"},\"sameAs\":[\"http:\\\/\\\/www.lkeria.com\\\/\"],\"url\":\"https:\\\/\\\/www.info-algerie.com\\\/actualites\\\/author\\\/chakib32\\\/\"}]}<\/script>\n<!-- \/ Yoast SEO plugin. -->","yoast_head_json":{"title":"Hand-ball : le Maroc et l'Alg\u00e9rie priv\u00e9s de l\u2019organisation de la CAN","description":"La Conf\u00e9d\u00e9ration africaine de hand-ball a annonc\u00e9 de priver le Maroc et l'Alg\u00e9rie de l'organisation des \u00e9ditions de la coupe d'Afrique","robots":{"index":"index","follow":"follow","max-snippet":"max-snippet:-1","max-image-preview":"max-image-preview:large","max-video-preview":"max-video-preview:-1"},"canonical":"https:\/\/www.info-algerie.com\/actualites\/hand-le-maroc-et-lalgerie-prives-de-lorganisation-de-la-can\/","og_locale":"fr_FR","og_type":"article","og_title":"Hand-ball : le Maroc et l'Alg\u00e9rie priv\u00e9s de l\u2019organisation de la CAN","og_description":"La Conf\u00e9d\u00e9ration africaine de hand-ball a annonc\u00e9 de priver le Maroc et l'Alg\u00e9rie de l'organisation des \u00e9ditions de la coupe d'Afrique","og_url":"https:\/\/www.info-algerie.com\/actualites\/hand-le-maroc-et-lalgerie-prives-de-lorganisation-de-la-can\/","og_site_name":"info algerie","article_publisher":"https:\/\/www.facebook.com\/infoalgerieactu","article_published_time":"2022-03-29T15:00:00+00:00","article_modified_time":"2022-03-29T18:19:57+00:00","og_image":[{"width":620,"height":410,"url":"https:\/\/www.info-algerie.com\/actualites\/wp-content\/uploads\/2022\/03\/hand-ball-le-maroc-et-lalgerie-prives-de-lorganisation-de-la-can.jpg","type":"image\/jpeg"}],"author":"La r\u00e9daction","twitter_misc":{"\u00c9crit par":"La r\u00e9daction","Dur\u00e9e de lecture estim\u00e9e":"2 minutes"},"schema":{"@context":"https:\/\/schema.org","@graph":[{"@type":"Article","@id":"https:\/\/www.info-algerie.com\/actualites\/hand-le-maroc-et-lalgerie-prives-de-lorganisation-de-la-can\/#article","isPartOf":{"@id":"https:\/\/www.info-algerie.com\/actualites\/hand-le-maroc-et-lalgerie-prives-de-lorganisation-de-la-can\/"},"author":{"name":"La r\u00e9daction","@id":"https:\/\/www.info-algerie.com\/actualites\/#\/schema\/person\/847aaec44920825b843a08f30ec6aa1e"},"headline":"Hand-ball : le Maroc et l&rsquo;Alg\u00e9rie priv\u00e9s de l\u2019organisation de la CAN","datePublished":"2022-03-29T15:00:00+00:00","dateModified":"2022-03-29T18:19:57+00:00","mainEntityOfPage":{"@id":"https:\/\/www.info-algerie.com\/actualites\/hand-le-maroc-et-lalgerie-prives-de-lorganisation-de-la-can\/"},"wordCount":303,"commentCount":0,"publisher":{"@id":"https:\/\/www.info-algerie.com\/actualites\/#organization"},"image":{"@id":"https:\/\/www.info-algerie.com\/actualites\/hand-le-maroc-et-lalgerie-prives-de-lorganisation-de-la-can\/#primaryimage"},"thumbnailUrl":"https:\/\/www.info-algerie.com\/actualites\/wp-content\/uploads\/2022\/03\/hand-ball-le-maroc-et-lalgerie-prives-de-lorganisation-de-la-can.jpg","keywords":["hand-ball"],"articleSection":["sport"],"inLanguage":"fr-FR","potentialAction":[{"@type":"CommentAction","name":"Comment","target":["https:\/\/www.info-algerie.com\/actualites\/hand-le-maroc-et-lalgerie-prives-de-lorganisation-de-la-can\/#respond"]}]},{"@type":"WebPage","@id":"https:\/\/www.info-algerie.com\/actualites\/hand-le-maroc-et-lalgerie-prives-de-lorganisation-de-la-can\/","url":"https:\/\/www.info-algerie.com\/actualites\/hand-le-maroc-et-lalgerie-prives-de-lorganisation-de-la-can\/","name":"Hand-ball : le Maroc et l'Alg\u00e9rie priv\u00e9s de l\u2019organisation de la CAN","isPartOf":{"@id":"https:\/\/www.info-algerie.com\/actualites\/#website"},"primaryImageOfPage":{"@id":"https:\/\/www.info-algerie.com\/actualites\/hand-le-maroc-et-lalgerie-prives-de-lorganisation-de-la-can\/#primaryimage"},"image":{"@id":"https:\/\/www.info-algerie.com\/actualites\/hand-le-maroc-et-lalgerie-prives-de-lorganisation-de-la-can\/#primaryimage"},"thumbnailUrl":"https:\/\/www.info-algerie.com\/actualites\/wp-content\/uploads\/2022\/03\/hand-ball-le-maroc-et-lalgerie-prives-de-lorganisation-de-la-can.jpg","datePublished":"2022-03-29T15:00:00+00:00","dateModified":"2022-03-29T18:19:57+00:00","description":"La Conf\u00e9d\u00e9ration africaine de hand-ball a annonc\u00e9 de priver le Maroc et l'Alg\u00e9rie de l'organisation des \u00e9ditions de la coupe d'Afrique","breadcrumb":{"@id":"https:\/\/www.info-algerie.com\/actualites\/hand-le-maroc-et-lalgerie-prives-de-lorganisation-de-la-can\/#breadcrumb"},"inLanguage":"fr-FR","potentialAction":[{"@type":"ReadAction","target":["https:\/\/www.info-algerie.com\/actualites\/hand-le-maroc-et-lalgerie-prives-de-lorganisation-de-la-can\/"]}]},{"@type":"ImageObject","inLanguage":"fr-FR","@id":"https:\/\/www.info-algerie.com\/actualites\/hand-le-maroc-et-lalgerie-prives-de-lorganisation-de-la-can\/#primaryimage","url":"https:\/\/www.info-algerie.com\/actualites\/wp-content\/uploads\/2022\/03\/hand-ball-le-maroc-et-lalgerie-prives-de-lorganisation-de-la-can.jpg","contentUrl":"https:\/\/www.info-algerie.com\/actualites\/wp-content\/uploads\/2022\/03\/hand-ball-le-maroc-et-lalgerie-prives-de-lorganisation-de-la-can.jpg","width":620,"height":410,"caption":"Conf\u00e9d\u00e9ration africaine de hand-ball"},{"@type":"BreadcrumbList","@id":"https:\/\/www.info-algerie.com\/actualites\/hand-le-maroc-et-lalgerie-prives-de-lorganisation-de-la-can\/#breadcrumb","itemListElement":[{"@type":"ListItem","position":1,"name":"Accueil","item":"https:\/\/www.info-algerie.com\/actualites\/"},{"@type":"ListItem","position":2,"name":"Hand-ball : le Maroc et l&rsquo;Alg\u00e9rie priv\u00e9s de l\u2019organisation de la CAN"}]},{"@type":"WebSite","@id":"https:\/\/www.info-algerie.com\/actualites\/#website","url":"https:\/\/www.info-algerie.com\/actualites\/","name":"info algerie","description":"Toutes les actualit\u00e9s","publisher":{"@id":"https:\/\/www.info-algerie.com\/actualites\/#organization"},"potentialAction":[{"@type":"SearchAction","target":{"@type":"EntryPoint","urlTemplate":"https:\/\/www.info-algerie.com\/actualites\/?s={search_term_string}"},"query-input":{"@type":"PropertyValueSpecification","valueRequired":true,"valueName":"search_term_string"}}],"inLanguage":"fr-FR"},{"@type":"Organization","@id":"https:\/\/www.info-algerie.com\/actualites\/#organization","name":"info algerie","url":"https:\/\/www.info-algerie.com\/actualites\/","logo":{"@type":"ImageObject","inLanguage":"fr-FR","@id":"https:\/\/www.info-algerie.com\/actualites\/#\/schema\/logo\/image\/","url":"https:\/\/www.info-algerie.com\/actualites\/wp-content\/uploads\/2022\/07\/logo-ia-120.png","contentUrl":"https:\/\/www.info-algerie.com\/actualites\/wp-content\/uploads\/2022\/07\/logo-ia-120.png","width":120,"height":43,"caption":"info algerie"},"image":{"@id":"https:\/\/www.info-algerie.com\/actualites\/#\/schema\/logo\/image\/"},"sameAs":["https:\/\/www.facebook.com\/infoalgerieactu","https:\/\/x.com\/infoalgerie1"]},{"@type":"Person","@id":"https:\/\/www.info-algerie.com\/actualites\/#\/schema\/person\/847aaec44920825b843a08f30ec6aa1e","name":"La r\u00e9daction","image":{"@type":"ImageObject","inLanguage":"fr-FR","@id":"https:\/\/secure.gravatar.com\/avatar\/769db425c6f465158149f1ffd6cf61ce7a8a879d11dfbef8288af36dfddd418c?s=96&d=mm&r=g","url":"https:\/\/secure.gravatar.com\/avatar\/769db425c6f465158149f1ffd6cf61ce7a8a879d11dfbef8288af36dfddd418c?s=96&d=mm&r=g","contentUrl":"https:\/\/secure.gravatar.com\/avatar\/769db425c6f465158149f1ffd6cf61ce7a8a879d11dfbef8288af36dfddd418c?s=96&d=mm&r=g","caption":"La r\u00e9daction"},"sameAs":["http:\/\/www.lkeria.com\/"],"url":"https:\/\/www.info-algerie.com\/actualites\/author\/chakib32\/"}]}},"_links":{"self":[{"href":"https:\/\/www.info-algerie.com\/actualites\/wp-json\/wp\/v2\/posts\/27377","targetHints":{"allow":["GET"]}}],"collection":[{"href":"https:\/\/www.info-algerie.com\/actualites\/wp-json\/wp\/v2\/posts"}],"about":[{"href":"https:\/\/www.info-algerie.com\/actualites\/wp-json\/wp\/v2\/types\/post"}],"author":[{"embeddable":true,"href":"https:\/\/www.info-algerie.com\/actualites\/wp-json\/wp\/v2\/users\/6"}],"replies":[{"embeddable":true,"href":"https:\/\/www.info-algerie.com\/actualites\/wp-json\/wp\/v2\/comments?post=27377"}],"version-history":[{"count":2,"href":"https:\/\/www.info-algerie.com\/actualites\/wp-json\/wp\/v2\/posts\/27377\/revisions"}],"predecessor-version":[{"id":27381,"href":"https:\/\/www.info-algerie.com\/actualites\/wp-json\/wp\/v2\/posts\/27377\/revisions\/27381"}],"wp:featuredmedia":[{"embeddable":true,"href":"https:\/\/www.info-algerie.com\/actualites\/wp-json\/wp\/v2\/media\/27379"}],"wp:attachment":[{"href":"https:\/\/www.info-algerie.com\/actualites\/wp-json\/wp\/v2\/media?parent=27377"}],"wp:term":[{"taxonomy":"category","embeddable":true,"href":"https:\/\/www.info-algerie.com\/actualites\/wp-json\/wp\/v2\/categories?post=27377"},{"taxonomy":"post_tag","embeddable":true,"href":"https:\/\/www.info-algerie.com\/actualites\/wp-json\/wp\/v2\/tags?post=27377"}],"curies":[{"name":"wp","href":"https:\/\/api.w.org\/{rel}","templated":true}]}}