{"id":27382,"date":"2022-03-30T12:00:00","date_gmt":"2022-03-30T11:00:00","guid":{"rendered":"https:\/\/www.info-algerie.com\/actualites\/amnesty-international-epingle-la-france\/"},"modified":"2022-03-31T11:09:59","modified_gmt":"2022-03-31T10:09:59","slug":"amnesty-international-epingle-la-france","status":"publish","type":"post","link":"https:\/\/www.info-algerie.com\/actualites\/amnesty-international-epingle-la-france\/","title":{"rendered":"Amnesty International \u00e9pingle la France"},"content":{"rendered":"\n<p>La France est \u201ctr\u00e8s loin de l\u2019exemplarit\u00e9 qu\u2019on pourrait attendre d\u2019elle\u201d en mati\u00e8re de respect des libert\u00e9s publiques et des droits humains, d\u00e9nonce Amnesty International dans son rapport 2021 publi\u00e9 hier, critiquant notamment la politique d\u2019accueil des migrants, diff\u00e9rente selon les nationalit\u00e9s.<\/p>\n\n\n\n<p> \u201cCe qu\u2019on a vu depuis quelques semaines tranche singuli\u00e8rement avec la mani\u00e8re dont, l\u2019ann\u00e9e derni\u00e8re, les pouvoirs publics ont parl\u00e9 de l\u2019accueil des Afghans\u201d fuyant leur pays apr\u00e8s la reprise du pouvoir des talibans mi-ao\u00fbt, a soulign\u00e9 devant la presse Nathalie Godard, directrice de l\u2019Action \u00e0 Amnesty International France, \u00e9voquant l\u2019accueil des Ukrainiens. L\u2019\u00c9tat a mis sur pied un sch\u00e9ma d\u2019accueil et d\u2019h\u00e9bergement proposant \u201cau moins 100 000 places\u201d, selon Jean Castex, pour les r\u00e9fugi\u00e9s fuyant la guerre en Ukraine.\u00a0<\/p>\n\n\n\n<p>Le 16 ao\u00fbt, dans son intervention sur l\u2019Afghanistan, Emmanuel Macron avait appel\u00e9 \u00e0 \u201canticiper et (se) prot\u00e9ger contre des flux migratoires irr\u00e9guliers importants\u201d, grince Amnesty International. Nathalie Godard souligne que la protection temporaire accord\u00e9e par les pays de l\u2019Union europ\u00e9enne aux r\u00e9fugi\u00e9s d\u2019Ukraine avait \u201caussi \u00e9t\u00e9 demand\u00e9e pour les Afghans, sans succ\u00e8s\u201d. \u201cC\u2019est une illustration du \u00ab\u00a0deux poids, deux mesures\u00a0\u00bb aujourd\u2019hui tr\u00e8s d\u00e9nonc\u00e9e\u201d, a-t-elle ajout\u00e9.&nbsp;<\/p>\n\n\n\n<p>La protection temporaire permettra aux r\u00e9fugi\u00e9s ukrainiens de s\u00e9journer jusqu\u2019\u00e0 trois ans dans l\u2019Union europ\u00e9enne, d\u2019y travailler, d\u2019acc\u00e9der au syst\u00e8me scolaire et d\u2019y recevoir des soins m\u00e9dicaux. Amnesty International stigmatise \u00e9galement les \u201ctraitements d\u00e9gradants\u201d subis par les exil\u00e9s, notamment \u00e0 Calais, ville du nord de la France d\u2019o\u00f9 les migrants tentent de rejoindre le Royaume-Uni : \u201cLa police et les autorit\u00e9s locales ont limit\u00e9 leur acc\u00e8s \u00e0 l\u2019aide humanitaire et les ont soumis \u00e0 des man\u0153uvres de&nbsp;harc\u00e8lement.\u201d Les critiques sur le sort des migrants \u00e0 Calais et \u00e0 Grande-Synthe, \u00e0 une quarantaine de kilom\u00e8tres de Calais, ont \u00e9t\u00e9 relanc\u00e9es apr\u00e8s le naufrage fatal \u00e0 27 d\u2019entre eux qui tentaient de traverser la Manche le 24 novembre, des ONG d\u00e9non\u00e7ant notamment des lac\u00e9rations de tentes lors des \u00e9vacuations, avec l\u2019aval des autorit\u00e9s. Ces derni\u00e8res ont r\u00e9cus\u00e9 ces accusations. Dans son rapport annuel, Amnesty International estime en outre que la France \u201cfait partie\u201d des 67 pays au monde qui ont \u201cadopt\u00e9 en 2021 des lois qui restreignent la libert\u00e9 d\u2019expression, d\u2019association et de r\u00e9union\u201d.<\/p>\n\n\n\n<p>L\u2019ONG cite la promulgation fin juillet 2021 de la loi sur la pr\u00e9vention du terrorisme qui ent\u00e9rine notamment des mesures individuelles de contr\u00f4le administratif et de surveillance (Micas). La loi sur la responsabilit\u00e9 p\u00e9nale et la s\u00e9curit\u00e9 int\u00e9rieure du 24 janvier 2022, autorisant les captations d\u2019images de manifestations par les drones, constitue, elle, selon Amnesty, \u201cun pas de plus vers la surveillance de masse\u201d.&nbsp;Enfin, la loi dite \u201cs\u00e9paratismes\u201d du 24 ao\u00fbt \u201crisque d\u2019ouvrir la voie \u00e0 des pratiques discriminatoires\u201d sous le couvert de la lutte contre l\u2019islamisme radical, estime l\u2019organisation.&nbsp;<\/p>\n\n\n\n<p> <br>Source: <a href=\"https:\/\/www.liberte-algerie.com\/international\/amnesty-international-epingle-la-france-375699\" target=\"_blank\" rel=\"noopener\">Amnesty International \u00e9pingle la France<\/a><\/p>\n<!--CusAds0-->\n<div style=\"font-size: 0px; height: 0px; line-height: 0px; margin: 0; padding: 0; clear: both;\"><\/div>","protected":false},"excerpt":{"rendered":"<p>La France est \u201ctr\u00e8s loin de l\u2019exemplarit\u00e9 qu\u2019on pourrait attendre d\u2019elle\u201d en mati\u00e8re de respect des libert\u00e9s publiques et des droits humains, d\u00e9nonce Amnesty International dans son rapport 2021 publi\u00e9 hier, critiquant notamment la politique d\u2019accueil des migrants, diff\u00e9rente selon les nationalit\u00e9s. \u201cCe qu\u2019on a vu depuis quelques semaines tranche singuli\u00e8rement avec la mani\u00e8re dont,<\/p>\n","protected":false},"author":6,"featured_media":27384,"comment_status":"open","ping_status":"open","sticky":false,"template":"","format":"standard","meta":{"footnotes":""},"categories":[11],"tags":[309,278],"class_list":["post-27382","post","type-post","status-publish","format-standard","has-post-thumbnail","hentry","category-monde","tag-amnesty-international","tag-france"],"yoast_head":"<!-- This site is optimized with the Yoast SEO plugin v27.5 - https:\/\/yoast.com\/product\/yoast-seo-wordpress\/ -->\n<title>Amnesty International \u00e9pingle la France<\/title>\n<meta name=\"description\" content=\"La France est loin de l\u2019exemplarit\u00e9 qu\u2019on pourrait attendre d\u2019elle en mati\u00e8re de respect des libert\u00e9s publiques d\u00e9nonce Amnesty International\" \/>\n<meta name=\"robots\" content=\"index, follow, max-snippet:-1, max-image-preview:large, max-video-preview:-1\" \/>\n<link rel=\"canonical\" href=\"https:\/\/www.info-algerie.com\/actualites\/amnesty-international-epingle-la-france\/\" \/>\n<meta property=\"og:locale\" content=\"fr_FR\" \/>\n<meta property=\"og:type\" content=\"article\" \/>\n<meta property=\"og:title\" content=\"Amnesty International \u00e9pingle la France\" \/>\n<meta property=\"og:description\" content=\"La France est loin de l\u2019exemplarit\u00e9 qu\u2019on pourrait attendre d\u2019elle en mati\u00e8re de respect des libert\u00e9s publiques d\u00e9nonce Amnesty International\" \/>\n<meta property=\"og:url\" content=\"https:\/\/www.info-algerie.com\/actualites\/amnesty-international-epingle-la-france\/\" \/>\n<meta property=\"og:site_name\" content=\"info algerie\" \/>\n<meta property=\"article:publisher\" content=\"https:\/\/www.facebook.com\/infoalgerieactu\" \/>\n<meta property=\"article:published_time\" content=\"2022-03-30T11:00:00+00:00\" \/>\n<meta property=\"article:modified_time\" content=\"2022-03-31T10:09:59+00:00\" \/>\n<meta property=\"og:image\" content=\"https:\/\/www.info-algerie.com\/actualites\/wp-content\/uploads\/2022\/03\/amnesty-international-epingle-la-france.jpg\" \/>\n\t<meta property=\"og:image:width\" content=\"620\" \/>\n\t<meta property=\"og:image:height\" content=\"413\" \/>\n\t<meta property=\"og:image:type\" content=\"image\/jpeg\" \/>\n<meta name=\"author\" content=\"La r\u00e9daction\" \/>\n<meta name=\"twitter:label1\" content=\"\u00c9crit par\" \/>\n\t<meta name=\"twitter:data1\" content=\"La r\u00e9daction\" \/>\n\t<meta name=\"twitter:label2\" content=\"Dur\u00e9e de lecture estim\u00e9e\" \/>\n\t<meta name=\"twitter:data2\" content=\"3 minutes\" \/>\n<script type=\"application\/ld+json\" class=\"yoast-schema-graph\">{\"@context\":\"https:\\\/\\\/schema.org\",\"@graph\":[{\"@type\":\"Article\",\"@id\":\"https:\\\/\\\/www.info-algerie.com\\\/actualites\\\/amnesty-international-epingle-la-france\\\/#article\",\"isPartOf\":{\"@id\":\"https:\\\/\\\/www.info-algerie.com\\\/actualites\\\/amnesty-international-epingle-la-france\\\/\"},\"author\":{\"name\":\"La r\u00e9daction\",\"@id\":\"https:\\\/\\\/www.info-algerie.com\\\/actualites\\\/#\\\/schema\\\/person\\\/847aaec44920825b843a08f30ec6aa1e\"},\"headline\":\"Amnesty International \u00e9pingle la France\",\"datePublished\":\"2022-03-30T11:00:00+00:00\",\"dateModified\":\"2022-03-31T10:09:59+00:00\",\"mainEntityOfPage\":{\"@id\":\"https:\\\/\\\/www.info-algerie.com\\\/actualites\\\/amnesty-international-epingle-la-france\\\/\"},\"wordCount\":534,\"commentCount\":0,\"publisher\":{\"@id\":\"https:\\\/\\\/www.info-algerie.com\\\/actualites\\\/#organization\"},\"image\":{\"@id\":\"https:\\\/\\\/www.info-algerie.com\\\/actualites\\\/amnesty-international-epingle-la-france\\\/#primaryimage\"},\"thumbnailUrl\":\"https:\\\/\\\/www.info-algerie.com\\\/actualites\\\/wp-content\\\/uploads\\\/2022\\\/03\\\/amnesty-international-epingle-la-france.jpg\",\"keywords\":[\"Amnesty International\",\"france\"],\"articleSection\":[\"Monde\"],\"inLanguage\":\"fr-FR\",\"potentialAction\":[{\"@type\":\"CommentAction\",\"name\":\"Comment\",\"target\":[\"https:\\\/\\\/www.info-algerie.com\\\/actualites\\\/amnesty-international-epingle-la-france\\\/#respond\"]}]},{\"@type\":\"WebPage\",\"@id\":\"https:\\\/\\\/www.info-algerie.com\\\/actualites\\\/amnesty-international-epingle-la-france\\\/\",\"url\":\"https:\\\/\\\/www.info-algerie.com\\\/actualites\\\/amnesty-international-epingle-la-france\\\/\",\"name\":\"Amnesty International \u00e9pingle la France\",\"isPartOf\":{\"@id\":\"https:\\\/\\\/www.info-algerie.com\\\/actualites\\\/#website\"},\"primaryImageOfPage\":{\"@id\":\"https:\\\/\\\/www.info-algerie.com\\\/actualites\\\/amnesty-international-epingle-la-france\\\/#primaryimage\"},\"image\":{\"@id\":\"https:\\\/\\\/www.info-algerie.com\\\/actualites\\\/amnesty-international-epingle-la-france\\\/#primaryimage\"},\"thumbnailUrl\":\"https:\\\/\\\/www.info-algerie.com\\\/actualites\\\/wp-content\\\/uploads\\\/2022\\\/03\\\/amnesty-international-epingle-la-france.jpg\",\"datePublished\":\"2022-03-30T11:00:00+00:00\",\"dateModified\":\"2022-03-31T10:09:59+00:00\",\"description\":\"La France est loin de l\u2019exemplarit\u00e9 qu\u2019on pourrait attendre d\u2019elle en mati\u00e8re de respect des libert\u00e9s publiques d\u00e9nonce Amnesty International\",\"breadcrumb\":{\"@id\":\"https:\\\/\\\/www.info-algerie.com\\\/actualites\\\/amnesty-international-epingle-la-france\\\/#breadcrumb\"},\"inLanguage\":\"fr-FR\",\"potentialAction\":[{\"@type\":\"ReadAction\",\"target\":[\"https:\\\/\\\/www.info-algerie.com\\\/actualites\\\/amnesty-international-epingle-la-france\\\/\"]}]},{\"@type\":\"ImageObject\",\"inLanguage\":\"fr-FR\",\"@id\":\"https:\\\/\\\/www.info-algerie.com\\\/actualites\\\/amnesty-international-epingle-la-france\\\/#primaryimage\",\"url\":\"https:\\\/\\\/www.info-algerie.com\\\/actualites\\\/wp-content\\\/uploads\\\/2022\\\/03\\\/amnesty-international-epingle-la-france.jpg\",\"contentUrl\":\"https:\\\/\\\/www.info-algerie.com\\\/actualites\\\/wp-content\\\/uploads\\\/2022\\\/03\\\/amnesty-international-epingle-la-france.jpg\",\"width\":620,\"height\":413,\"caption\":\"Amnesty International\"},{\"@type\":\"BreadcrumbList\",\"@id\":\"https:\\\/\\\/www.info-algerie.com\\\/actualites\\\/amnesty-international-epingle-la-france\\\/#breadcrumb\",\"itemListElement\":[{\"@type\":\"ListItem\",\"position\":1,\"name\":\"Accueil\",\"item\":\"https:\\\/\\\/www.info-algerie.com\\\/actualites\\\/\"},{\"@type\":\"ListItem\",\"position\":2,\"name\":\"Amnesty International \u00e9pingle la France\"}]},{\"@type\":\"WebSite\",\"@id\":\"https:\\\/\\\/www.info-algerie.com\\\/actualites\\\/#website\",\"url\":\"https:\\\/\\\/www.info-algerie.com\\\/actualites\\\/\",\"name\":\"info algerie\",\"description\":\"Toutes les actualit\u00e9s\",\"publisher\":{\"@id\":\"https:\\\/\\\/www.info-algerie.com\\\/actualites\\\/#organization\"},\"potentialAction\":[{\"@type\":\"SearchAction\",\"target\":{\"@type\":\"EntryPoint\",\"urlTemplate\":\"https:\\\/\\\/www.info-algerie.com\\\/actualites\\\/?s={search_term_string}\"},\"query-input\":{\"@type\":\"PropertyValueSpecification\",\"valueRequired\":true,\"valueName\":\"search_term_string\"}}],\"inLanguage\":\"fr-FR\"},{\"@type\":\"Organization\",\"@id\":\"https:\\\/\\\/www.info-algerie.com\\\/actualites\\\/#organization\",\"name\":\"info algerie\",\"url\":\"https:\\\/\\\/www.info-algerie.com\\\/actualites\\\/\",\"logo\":{\"@type\":\"ImageObject\",\"inLanguage\":\"fr-FR\",\"@id\":\"https:\\\/\\\/www.info-algerie.com\\\/actualites\\\/#\\\/schema\\\/logo\\\/image\\\/\",\"url\":\"https:\\\/\\\/www.info-algerie.com\\\/actualites\\\/wp-content\\\/uploads\\\/2022\\\/07\\\/logo-ia-120.png\",\"contentUrl\":\"https:\\\/\\\/www.info-algerie.com\\\/actualites\\\/wp-content\\\/uploads\\\/2022\\\/07\\\/logo-ia-120.png\",\"width\":120,\"height\":43,\"caption\":\"info algerie\"},\"image\":{\"@id\":\"https:\\\/\\\/www.info-algerie.com\\\/actualites\\\/#\\\/schema\\\/logo\\\/image\\\/\"},\"sameAs\":[\"https:\\\/\\\/www.facebook.com\\\/infoalgerieactu\",\"https:\\\/\\\/x.com\\\/infoalgerie1\"]},{\"@type\":\"Person\",\"@id\":\"https:\\\/\\\/www.info-algerie.com\\\/actualites\\\/#\\\/schema\\\/person\\\/847aaec44920825b843a08f30ec6aa1e\",\"name\":\"La r\u00e9daction\",\"image\":{\"@type\":\"ImageObject\",\"inLanguage\":\"fr-FR\",\"@id\":\"https:\\\/\\\/secure.gravatar.com\\\/avatar\\\/769db425c6f465158149f1ffd6cf61ce7a8a879d11dfbef8288af36dfddd418c?s=96&d=mm&r=g\",\"url\":\"https:\\\/\\\/secure.gravatar.com\\\/avatar\\\/769db425c6f465158149f1ffd6cf61ce7a8a879d11dfbef8288af36dfddd418c?s=96&d=mm&r=g\",\"contentUrl\":\"https:\\\/\\\/secure.gravatar.com\\\/avatar\\\/769db425c6f465158149f1ffd6cf61ce7a8a879d11dfbef8288af36dfddd418c?s=96&d=mm&r=g\",\"caption\":\"La r\u00e9daction\"},\"sameAs\":[\"http:\\\/\\\/www.lkeria.com\\\/\"],\"url\":\"https:\\\/\\\/www.info-algerie.com\\\/actualites\\\/author\\\/chakib32\\\/\"}]}<\/script>\n<!-- \/ Yoast SEO plugin. -->","yoast_head_json":{"title":"Amnesty International \u00e9pingle la France","description":"La France est loin de l\u2019exemplarit\u00e9 qu\u2019on pourrait attendre d\u2019elle en mati\u00e8re de respect des libert\u00e9s publiques d\u00e9nonce Amnesty International","robots":{"index":"index","follow":"follow","max-snippet":"max-snippet:-1","max-image-preview":"max-image-preview:large","max-video-preview":"max-video-preview:-1"},"canonical":"https:\/\/www.info-algerie.com\/actualites\/amnesty-international-epingle-la-france\/","og_locale":"fr_FR","og_type":"article","og_title":"Amnesty International \u00e9pingle la France","og_description":"La France est loin de l\u2019exemplarit\u00e9 qu\u2019on pourrait attendre d\u2019elle en mati\u00e8re de respect des libert\u00e9s publiques d\u00e9nonce Amnesty International","og_url":"https:\/\/www.info-algerie.com\/actualites\/amnesty-international-epingle-la-france\/","og_site_name":"info algerie","article_publisher":"https:\/\/www.facebook.com\/infoalgerieactu","article_published_time":"2022-03-30T11:00:00+00:00","article_modified_time":"2022-03-31T10:09:59+00:00","og_image":[{"width":620,"height":413,"url":"https:\/\/www.info-algerie.com\/actualites\/wp-content\/uploads\/2022\/03\/amnesty-international-epingle-la-france.jpg","type":"image\/jpeg"}],"author":"La r\u00e9daction","twitter_misc":{"\u00c9crit par":"La r\u00e9daction","Dur\u00e9e de lecture estim\u00e9e":"3 minutes"},"schema":{"@context":"https:\/\/schema.org","@graph":[{"@type":"Article","@id":"https:\/\/www.info-algerie.com\/actualites\/amnesty-international-epingle-la-france\/#article","isPartOf":{"@id":"https:\/\/www.info-algerie.com\/actualites\/amnesty-international-epingle-la-france\/"},"author":{"name":"La r\u00e9daction","@id":"https:\/\/www.info-algerie.com\/actualites\/#\/schema\/person\/847aaec44920825b843a08f30ec6aa1e"},"headline":"Amnesty International \u00e9pingle la France","datePublished":"2022-03-30T11:00:00+00:00","dateModified":"2022-03-31T10:09:59+00:00","mainEntityOfPage":{"@id":"https:\/\/www.info-algerie.com\/actualites\/amnesty-international-epingle-la-france\/"},"wordCount":534,"commentCount":0,"publisher":{"@id":"https:\/\/www.info-algerie.com\/actualites\/#organization"},"image":{"@id":"https:\/\/www.info-algerie.com\/actualites\/amnesty-international-epingle-la-france\/#primaryimage"},"thumbnailUrl":"https:\/\/www.info-algerie.com\/actualites\/wp-content\/uploads\/2022\/03\/amnesty-international-epingle-la-france.jpg","keywords":["Amnesty International","france"],"articleSection":["Monde"],"inLanguage":"fr-FR","potentialAction":[{"@type":"CommentAction","name":"Comment","target":["https:\/\/www.info-algerie.com\/actualites\/amnesty-international-epingle-la-france\/#respond"]}]},{"@type":"WebPage","@id":"https:\/\/www.info-algerie.com\/actualites\/amnesty-international-epingle-la-france\/","url":"https:\/\/www.info-algerie.com\/actualites\/amnesty-international-epingle-la-france\/","name":"Amnesty International \u00e9pingle la France","isPartOf":{"@id":"https:\/\/www.info-algerie.com\/actualites\/#website"},"primaryImageOfPage":{"@id":"https:\/\/www.info-algerie.com\/actualites\/amnesty-international-epingle-la-france\/#primaryimage"},"image":{"@id":"https:\/\/www.info-algerie.com\/actualites\/amnesty-international-epingle-la-france\/#primaryimage"},"thumbnailUrl":"https:\/\/www.info-algerie.com\/actualites\/wp-content\/uploads\/2022\/03\/amnesty-international-epingle-la-france.jpg","datePublished":"2022-03-30T11:00:00+00:00","dateModified":"2022-03-31T10:09:59+00:00","description":"La France est loin de l\u2019exemplarit\u00e9 qu\u2019on pourrait attendre d\u2019elle en mati\u00e8re de respect des libert\u00e9s publiques d\u00e9nonce Amnesty International","breadcrumb":{"@id":"https:\/\/www.info-algerie.com\/actualites\/amnesty-international-epingle-la-france\/#breadcrumb"},"inLanguage":"fr-FR","potentialAction":[{"@type":"ReadAction","target":["https:\/\/www.info-algerie.com\/actualites\/amnesty-international-epingle-la-france\/"]}]},{"@type":"ImageObject","inLanguage":"fr-FR","@id":"https:\/\/www.info-algerie.com\/actualites\/amnesty-international-epingle-la-france\/#primaryimage","url":"https:\/\/www.info-algerie.com\/actualites\/wp-content\/uploads\/2022\/03\/amnesty-international-epingle-la-france.jpg","contentUrl":"https:\/\/www.info-algerie.com\/actualites\/wp-content\/uploads\/2022\/03\/amnesty-international-epingle-la-france.jpg","width":620,"height":413,"caption":"Amnesty International"},{"@type":"BreadcrumbList","@id":"https:\/\/www.info-algerie.com\/actualites\/amnesty-international-epingle-la-france\/#breadcrumb","itemListElement":[{"@type":"ListItem","position":1,"name":"Accueil","item":"https:\/\/www.info-algerie.com\/actualites\/"},{"@type":"ListItem","position":2,"name":"Amnesty International \u00e9pingle la France"}]},{"@type":"WebSite","@id":"https:\/\/www.info-algerie.com\/actualites\/#website","url":"https:\/\/www.info-algerie.com\/actualites\/","name":"info algerie","description":"Toutes les actualit\u00e9s","publisher":{"@id":"https:\/\/www.info-algerie.com\/actualites\/#organization"},"potentialAction":[{"@type":"SearchAction","target":{"@type":"EntryPoint","urlTemplate":"https:\/\/www.info-algerie.com\/actualites\/?s={search_term_string}"},"query-input":{"@type":"PropertyValueSpecification","valueRequired":true,"valueName":"search_term_string"}}],"inLanguage":"fr-FR"},{"@type":"Organization","@id":"https:\/\/www.info-algerie.com\/actualites\/#organization","name":"info algerie","url":"https:\/\/www.info-algerie.com\/actualites\/","logo":{"@type":"ImageObject","inLanguage":"fr-FR","@id":"https:\/\/www.info-algerie.com\/actualites\/#\/schema\/logo\/image\/","url":"https:\/\/www.info-algerie.com\/actualites\/wp-content\/uploads\/2022\/07\/logo-ia-120.png","contentUrl":"https:\/\/www.info-algerie.com\/actualites\/wp-content\/uploads\/2022\/07\/logo-ia-120.png","width":120,"height":43,"caption":"info algerie"},"image":{"@id":"https:\/\/www.info-algerie.com\/actualites\/#\/schema\/logo\/image\/"},"sameAs":["https:\/\/www.facebook.com\/infoalgerieactu","https:\/\/x.com\/infoalgerie1"]},{"@type":"Person","@id":"https:\/\/www.info-algerie.com\/actualites\/#\/schema\/person\/847aaec44920825b843a08f30ec6aa1e","name":"La r\u00e9daction","image":{"@type":"ImageObject","inLanguage":"fr-FR","@id":"https:\/\/secure.gravatar.com\/avatar\/769db425c6f465158149f1ffd6cf61ce7a8a879d11dfbef8288af36dfddd418c?s=96&d=mm&r=g","url":"https:\/\/secure.gravatar.com\/avatar\/769db425c6f465158149f1ffd6cf61ce7a8a879d11dfbef8288af36dfddd418c?s=96&d=mm&r=g","contentUrl":"https:\/\/secure.gravatar.com\/avatar\/769db425c6f465158149f1ffd6cf61ce7a8a879d11dfbef8288af36dfddd418c?s=96&d=mm&r=g","caption":"La r\u00e9daction"},"sameAs":["http:\/\/www.lkeria.com\/"],"url":"https:\/\/www.info-algerie.com\/actualites\/author\/chakib32\/"}]}},"_links":{"self":[{"href":"https:\/\/www.info-algerie.com\/actualites\/wp-json\/wp\/v2\/posts\/27382","targetHints":{"allow":["GET"]}}],"collection":[{"href":"https:\/\/www.info-algerie.com\/actualites\/wp-json\/wp\/v2\/posts"}],"about":[{"href":"https:\/\/www.info-algerie.com\/actualites\/wp-json\/wp\/v2\/types\/post"}],"author":[{"embeddable":true,"href":"https:\/\/www.info-algerie.com\/actualites\/wp-json\/wp\/v2\/users\/6"}],"replies":[{"embeddable":true,"href":"https:\/\/www.info-algerie.com\/actualites\/wp-json\/wp\/v2\/comments?post=27382"}],"version-history":[{"count":1,"href":"https:\/\/www.info-algerie.com\/actualites\/wp-json\/wp\/v2\/posts\/27382\/revisions"}],"predecessor-version":[{"id":27385,"href":"https:\/\/www.info-algerie.com\/actualites\/wp-json\/wp\/v2\/posts\/27382\/revisions\/27385"}],"wp:featuredmedia":[{"embeddable":true,"href":"https:\/\/www.info-algerie.com\/actualites\/wp-json\/wp\/v2\/media\/27384"}],"wp:attachment":[{"href":"https:\/\/www.info-algerie.com\/actualites\/wp-json\/wp\/v2\/media?parent=27382"}],"wp:term":[{"taxonomy":"category","embeddable":true,"href":"https:\/\/www.info-algerie.com\/actualites\/wp-json\/wp\/v2\/categories?post=27382"},{"taxonomy":"post_tag","embeddable":true,"href":"https:\/\/www.info-algerie.com\/actualites\/wp-json\/wp\/v2\/tags?post=27382"}],"curies":[{"name":"wp","href":"https:\/\/api.w.org\/{rel}","templated":true}]}}