{"id":27386,"date":"2022-03-31T12:00:00","date_gmt":"2022-03-31T11:00:00","guid":{"rendered":"https:\/\/www.info-algerie.com\/actualites\/les-arbitres-ne-respectent-ni-la-faf-ni-notre-pays\/"},"modified":"2022-04-02T22:50:57","modified_gmt":"2022-04-02T21:50:57","slug":"les-arbitres-ne-respectent-ni-la-faf-ni-notre-pays","status":"publish","type":"post","link":"https:\/\/www.info-algerie.com\/actualites\/les-arbitres-ne-respectent-ni-la-faf-ni-notre-pays\/","title":{"rendered":"Belmadi : \u201cles arbitres ne respectent ni la FAF ni notre pays\u201d"},"content":{"rendered":"\n<p>Le s\u00e9lectionneur national Djamel Belmadi a estim\u00e9 hier que l\u2019\u00e9limination de la Coupe du monde est un \u00e9chec cuisant pour la s\u00e9lection nationale. \u201cC\u2019est comme un ch\u00e2teau de cartes qui s\u2019effondre\u201d, a-t-il l\u00e2ch\u00e9 en conf\u00e9rence de presse, avant de s\u2019attaquer ouvertement \u00e0 l\u2019arbitrage. D\u2019ailleurs, Belmadi n\u2019a pas m\u00e2ch\u00e9 ses mots pour rappeler tout ce qu\u2019il a endur\u00e9 avec l\u2019arbitrage depuis qu\u2019il est \u00e0 la t\u00eate de la s\u00e9lection alg\u00e9rienne : \u201cCela fait longtemps, tr\u00e8s longtemps, que nous subissons la loi des arbitres. Cela fait tr\u00e8s longtemps qu\u2019ils ne respectent&nbsp; non pas notre f\u00e9d\u00e9ration, mais maintenant, je n\u2019ai pas peur de le dire, ils ne respectent pas notre pays. Ils viennent ici, et \u00e7a ne les emp\u00eache pas de t\u2019\u00e9craser. Aucune consid\u00e9ration. M\u00eame avec les bons r\u00e9sultats que nous avons r\u00e9alis\u00e9s, ils ne nous ont jamais respect\u00e9s.<\/p>\n\n\n\n<p>Nous le sentions partout et \u00e0 chaque fois que je parle de cela, on nous dit que ce sont des excuses de complotistes\u2026 Tous ceux qui ont dit cela sont des Alg\u00e9riens qui sont peut-\u00eatre ici, s\u2019ils ont le c\u0153ur malade, il faut qu&rsquo;ils se soignent. Il y en a partout sur les plateaux de t\u00e9l\u00e9 et aujourd\u2019hui, ils vont faire la f\u00eate.\u201d \u201cVous voyez tous l&rsquo;attitude de ces arbitres, avant m\u00eame de parler de d\u00e9cision, il y a cette agressivit\u00e9 l\u00e0 o\u00f9 nous allons. Je n\u2019ai jamais vu un arbitre sur les trois derni\u00e8res ann\u00e9es qui ne vient pas t\u2019agresser \u00e0 chaque fois que tu dis un mot ou que tu cherches \u00e0 savoir, sans parler des d\u00e9cisions, c\u2019est devenu monnaie courante chez nous. Je dirais m\u00eame que c&rsquo;est un fait\u201d, constate le driver national.<\/p>\n\n\n\n<h2 class=\"wp-block-heading\"><strong>\u201cNous sommes effondr\u00e9s\u201d<\/strong><\/h2>\n\n\n\n<p>\u201cTout le monde \u00e9tait concentr\u00e9 pour aller au Mondial. Les joueurs ne pensaient m\u00eame pas qu\u2019ils ne pouvaient pas y aller. Je ne sais pas si on appelle cela une d\u00e9faite mentale, nous \u00e9tions \u00e0 dix secondes du Mondial, donc c\u2019est forc\u00e9ment un probl\u00e8me de concentration. Une non-action qui finit en but alors que nous tenions notre qualification. Je ne sais pas si nous avons failli mentalement, mais je dirais que c\u2019est un manque de concentration ou de lucidit\u00e9 qui nous co\u00fbte cette \u00e9limination\u201d, explique Belmadi, qui pr\u00e9cise : \u201cL\u2019\u00e9quilibre \u00e9tait l\u00e0, les situations de but aussi. Nous avons cr\u00e9\u00e9 des situations de but tr\u00e8s nettes. L\u2019adversaire pas grand-chose, hormis sa r\u00e9ussite sur une balle arr\u00eat\u00e9e et ce fameux centre en fin de match. Le Cameroun a eu, \u00e9galement, une occasion en seconde mi-temps qui a but\u00e9 sur une bonne intervention de M\u2019bolhi. Nous avons cr\u00e9\u00e9 beaucoup de situations offensives, malheureusement, cela ne s\u2019est pas concr\u00e9tis\u00e9.<\/p>\n\n\n\n<p>Ce n\u2019est pas une affaire de syst\u00e8me de jeu dans cette rencontre, sinon j\u2019aurais largement accept\u00e9 l\u2019id\u00e9e de changer de syst\u00e8me si justement, nous n\u2019avions pas eu toutes ces occasions. Nous avons eu cette opportunit\u00e9 de marquer plus de deux buts, mais nous ne l\u2019avons pas fait.\u201d Le s\u00e9lectionneur national est revenu \u00e9galement sur l\u2019\u00e9volution et notamment la baisse de forme et de performance de son \u00e9quipe depuis la derni\u00e8re CAN au Cameroun : \u201cNous avons essay\u00e9 de faire \u00e9voluer cette \u00e9quipe, nous adapter parfois \u00e0 des matches particuliers. Parfois \u00e7a marche, parfois pas. Chaque match a sa v\u00e9rit\u00e9. \u00c0 un moment donn\u00e9, j\u2019\u00e9tais sur un syst\u00e8me et on m\u2019a dit pourquoi vous attacher \u00e0 ce syst\u00e8me-l\u00e0. D\u2019autres fois, je changeais et on me disait pourquoi changer de syst\u00e8me de jeu. Aujourd\u2019hui, nous sommes \u00e9limin\u00e9s du Mondial et vous avez la possibilit\u00e9 de tout dire, de tout remettre en question si vous le voulez. C\u2019est facile dans une situation pareille de tout remettre en question.\u201d \u201cNous avons tout fait pour ce peuple. C\u2019\u00e9tait le plus important pour nous. Nous sommes tout simplement effondr\u00e9s parce que nous estimons que nous avons tout fait, tout essay\u00e9. Tout ce que nous avons fait. Nous l\u2019avons fait avec le c\u0153ur. Je me demande ce que nous pouvions faire de plus. Nous \u00e9tions impliqu\u00e9s 24h sur 24. Sur ce match barrage, nous avons travaill\u00e9 avec beaucoup de professionnalisme et beaucoup de confiance ces deux derniers mois. Nous avons mis notre vie entre parenth\u00e8ses pour ce succ\u00e8s, avant tout pour notre pays. Il n\u2019y avait que cela qui me motivait plus m\u00eame qu\u2019une d\u00e9ception personnelle de ne pas jouer le Mondial car la seconde situation \u00e9tait vraiment secondaire pour moi.\u201d<\/p>\n\n\n\n<h2 class=\"wp-block-heading\"><strong>\u201cNe comptez pas sur moi pour tirer sur mes joueurs\u201d<\/strong><\/h2>\n\n\n\n<p>\u201cC\u2019est plus qu\u2019une d\u00e9ception ce mauvais sc\u00e9nario, il faut se remettre dans des situations comme \u00e7a. Perdre un Mondial sur une longue balle dans la surface, c\u2019est vraiment difficile \u00e0 avaler, c\u2019est tout simplement cruel, surtout que nous avions la possibilit\u00e9 de contr\u00f4ler ce match, nous n\u2019\u00e9tions pas en difficult\u00e9, m\u00eame si avec le syst\u00e8me que nous avons mis en place avec trois d\u00e9fenseurs centraux et avoir des pistons haut, cela ne veut pas dire que nous avons jou\u00e9 d\u00e9fensivement, comme Zerrouki et Bennacer qui se projetaient \u00e0 chaque fois vers l\u2019avant. Avec un 3-5-2, cela ne veut pas dire que nous \u00e9tions d\u00e9fensifs car le syst\u00e8me peut changer en situation tr\u00e8s offensive\u201d, explique-t-il. Et d\u2019ajouter : \u201cIl y avait un \u00e9quilibre, il y avait une \u00e9quipe du Cameroun en face de nous, solide forte et vous connaissez l\u2019histoire entre les deux nations. Depuis 2017, ils ont r\u00e9ussi \u00e0 gagner la CAN. De notre c\u00f4t\u00e9, pour cette confrontation, j&rsquo;estime que nous avons fait le match qu\u2019il fallait, il manquait peut-\u00eatre le dernier geste, la derni\u00e8re passe ou celle d\u2019avant.<\/p>\n\n\n\n<p>Pour un entra\u00eeneur dans un match o\u00f9 on n\u2019est pas mis en danger, on aspire \u00e0 quoi de mieux si ce n\u2019est de voir le ballon au fond des filets, de voir des buts, mais il n\u2019y en avait pas, et pourtant, nous \u00e9tions qualifi\u00e9s \u00e0 10 secondes de la fin, c\u2019est parfois la beaut\u00e9 du football, mais aussi une cruaut\u00e9. J\u2019oserais m\u00eame dire que ce n\u2019est pas l\u2019\u00e9quipe la plus m\u00e9ritante qui s\u2019est qualifi\u00e9e.\u201d Revenant sur le rendement et la prestation de certains joueurs, notamment Ryad Mahrez qui n\u2019a pas \u00e9t\u00e9 \u00e0 la hauteur de son statut, Belmadi a pris la d\u00e9fense de tous les joueurs. \u201cNe comptez pas sur moi pour tirer sur mes joueurs. M&rsquo;bolhi a su faire ce qu&rsquo;il avait \u00e0 faire. Pour le premier but, ce type d\u2019erreur peut arriver. Il a fait une double parade importante en seconde mi-temps. (&#8230;) Ma tristesse va d\u2019abord \u00e0 mes joueurs\u201d, conclut-il.<\/p>\n\n\n\n<p>Source: <a href=\"https:\/\/www.liberte-algerie.com\/sports\/les-arbitres-ne-respectent-ni-la-faf-ni-notre-pays-375758\" target=\"_blank\" rel=\"noopener\">\u201cLes arbitres ne respectent ni la FAF ni notre pays\u201d<\/a><\/p>\n<!--CusAds0-->\n<div style=\"font-size: 0px; height: 0px; line-height: 0px; margin: 0; padding: 0; clear: both;\"><\/div>","protected":false},"excerpt":{"rendered":"<p>Le s\u00e9lectionneur national Djamel Belmadi a estim\u00e9 hier que l\u2019\u00e9limination de la Coupe du monde est un \u00e9chec cuisant pour la s\u00e9lection nationale. \u201cC\u2019est comme un ch\u00e2teau de cartes qui s\u2019effondre\u201d, a-t-il l\u00e2ch\u00e9 en conf\u00e9rence de presse, avant de s\u2019attaquer ouvertement \u00e0 l\u2019arbitrage. D\u2019ailleurs, Belmadi n\u2019a pas m\u00e2ch\u00e9 ses mots pour rappeler tout ce qu\u2019il<\/p>\n","protected":false},"author":6,"featured_media":27399,"comment_status":"open","ping_status":"open","sticky":false,"template":"","format":"standard","meta":{"footnotes":""},"categories":[6],"tags":[313,310,297],"class_list":["post-27386","post","type-post","status-publish","format-standard","has-post-thumbnail","hentry","category-sport","tag-belmadi","tag-faf","tag-foot"],"yoast_head":"<!-- This site is optimized with the Yoast SEO plugin v27.5 - https:\/\/yoast.com\/product\/yoast-seo-wordpress\/ -->\n<title>Belmadi : \u201cles arbitres ne respectent ni la FAF ni notre pays\u201d<\/title>\n<meta name=\"description\" content=\"Le s\u00e9lectionneur national Djamel Belmadi a estim\u00e9 que l\u2019\u00e9limination de la Coupe du monde est un \u00e9chec cuisant pour la s\u00e9lection nationale\" \/>\n<meta name=\"robots\" content=\"index, follow, max-snippet:-1, max-image-preview:large, max-video-preview:-1\" \/>\n<link rel=\"canonical\" href=\"https:\/\/www.info-algerie.com\/actualites\/les-arbitres-ne-respectent-ni-la-faf-ni-notre-pays\/\" \/>\n<meta property=\"og:locale\" content=\"fr_FR\" \/>\n<meta property=\"og:type\" content=\"article\" \/>\n<meta property=\"og:title\" content=\"Belmadi : \u201cles arbitres ne respectent ni la FAF ni notre pays\u201d\" \/>\n<meta property=\"og:description\" content=\"Le s\u00e9lectionneur national Djamel Belmadi a estim\u00e9 que l\u2019\u00e9limination de la Coupe du monde est un \u00e9chec cuisant pour la s\u00e9lection nationale\" \/>\n<meta property=\"og:url\" content=\"https:\/\/www.info-algerie.com\/actualites\/les-arbitres-ne-respectent-ni-la-faf-ni-notre-pays\/\" \/>\n<meta property=\"og:site_name\" content=\"info algerie\" \/>\n<meta property=\"article:publisher\" content=\"https:\/\/www.facebook.com\/infoalgerieactu\" \/>\n<meta property=\"article:published_time\" content=\"2022-03-31T11:00:00+00:00\" \/>\n<meta property=\"article:modified_time\" content=\"2022-04-02T21:50:57+00:00\" \/>\n<meta property=\"og:image\" content=\"https:\/\/www.info-algerie.com\/actualites\/wp-content\/uploads\/2022\/03\/djamel-belmadi.jpg\" \/>\n\t<meta property=\"og:image:width\" content=\"1200\" \/>\n\t<meta property=\"og:image:height\" content=\"640\" \/>\n\t<meta property=\"og:image:type\" content=\"image\/jpeg\" \/>\n<meta name=\"author\" content=\"La r\u00e9daction\" \/>\n<meta name=\"twitter:label1\" content=\"\u00c9crit par\" \/>\n\t<meta name=\"twitter:data1\" content=\"La r\u00e9daction\" \/>\n\t<meta name=\"twitter:label2\" content=\"Dur\u00e9e de lecture estim\u00e9e\" \/>\n\t<meta name=\"twitter:data2\" content=\"6 minutes\" \/>\n<script type=\"application\/ld+json\" class=\"yoast-schema-graph\">{\"@context\":\"https:\\\/\\\/schema.org\",\"@graph\":[{\"@type\":\"Article\",\"@id\":\"https:\\\/\\\/www.info-algerie.com\\\/actualites\\\/les-arbitres-ne-respectent-ni-la-faf-ni-notre-pays\\\/#article\",\"isPartOf\":{\"@id\":\"https:\\\/\\\/www.info-algerie.com\\\/actualites\\\/les-arbitres-ne-respectent-ni-la-faf-ni-notre-pays\\\/\"},\"author\":{\"name\":\"La r\u00e9daction\",\"@id\":\"https:\\\/\\\/www.info-algerie.com\\\/actualites\\\/#\\\/schema\\\/person\\\/847aaec44920825b843a08f30ec6aa1e\"},\"headline\":\"Belmadi : \u201cles arbitres ne respectent ni la FAF ni notre pays\u201d\",\"datePublished\":\"2022-03-31T11:00:00+00:00\",\"dateModified\":\"2022-04-02T21:50:57+00:00\",\"mainEntityOfPage\":{\"@id\":\"https:\\\/\\\/www.info-algerie.com\\\/actualites\\\/les-arbitres-ne-respectent-ni-la-faf-ni-notre-pays\\\/\"},\"wordCount\":1204,\"commentCount\":0,\"publisher\":{\"@id\":\"https:\\\/\\\/www.info-algerie.com\\\/actualites\\\/#organization\"},\"image\":{\"@id\":\"https:\\\/\\\/www.info-algerie.com\\\/actualites\\\/les-arbitres-ne-respectent-ni-la-faf-ni-notre-pays\\\/#primaryimage\"},\"thumbnailUrl\":\"https:\\\/\\\/www.info-algerie.com\\\/actualites\\\/wp-content\\\/uploads\\\/2022\\\/03\\\/djamel-belmadi.jpg\",\"keywords\":[\"belmadi\",\"FAF\",\"foot\"],\"articleSection\":[\"sport\"],\"inLanguage\":\"fr-FR\",\"potentialAction\":[{\"@type\":\"CommentAction\",\"name\":\"Comment\",\"target\":[\"https:\\\/\\\/www.info-algerie.com\\\/actualites\\\/les-arbitres-ne-respectent-ni-la-faf-ni-notre-pays\\\/#respond\"]}]},{\"@type\":\"WebPage\",\"@id\":\"https:\\\/\\\/www.info-algerie.com\\\/actualites\\\/les-arbitres-ne-respectent-ni-la-faf-ni-notre-pays\\\/\",\"url\":\"https:\\\/\\\/www.info-algerie.com\\\/actualites\\\/les-arbitres-ne-respectent-ni-la-faf-ni-notre-pays\\\/\",\"name\":\"Belmadi : \u201cles arbitres ne respectent ni la FAF ni notre pays\u201d\",\"isPartOf\":{\"@id\":\"https:\\\/\\\/www.info-algerie.com\\\/actualites\\\/#website\"},\"primaryImageOfPage\":{\"@id\":\"https:\\\/\\\/www.info-algerie.com\\\/actualites\\\/les-arbitres-ne-respectent-ni-la-faf-ni-notre-pays\\\/#primaryimage\"},\"image\":{\"@id\":\"https:\\\/\\\/www.info-algerie.com\\\/actualites\\\/les-arbitres-ne-respectent-ni-la-faf-ni-notre-pays\\\/#primaryimage\"},\"thumbnailUrl\":\"https:\\\/\\\/www.info-algerie.com\\\/actualites\\\/wp-content\\\/uploads\\\/2022\\\/03\\\/djamel-belmadi.jpg\",\"datePublished\":\"2022-03-31T11:00:00+00:00\",\"dateModified\":\"2022-04-02T21:50:57+00:00\",\"description\":\"Le s\u00e9lectionneur national Djamel Belmadi a estim\u00e9 que l\u2019\u00e9limination de la Coupe du monde est un \u00e9chec cuisant pour la s\u00e9lection nationale\",\"breadcrumb\":{\"@id\":\"https:\\\/\\\/www.info-algerie.com\\\/actualites\\\/les-arbitres-ne-respectent-ni-la-faf-ni-notre-pays\\\/#breadcrumb\"},\"inLanguage\":\"fr-FR\",\"potentialAction\":[{\"@type\":\"ReadAction\",\"target\":[\"https:\\\/\\\/www.info-algerie.com\\\/actualites\\\/les-arbitres-ne-respectent-ni-la-faf-ni-notre-pays\\\/\"]}]},{\"@type\":\"ImageObject\",\"inLanguage\":\"fr-FR\",\"@id\":\"https:\\\/\\\/www.info-algerie.com\\\/actualites\\\/les-arbitres-ne-respectent-ni-la-faf-ni-notre-pays\\\/#primaryimage\",\"url\":\"https:\\\/\\\/www.info-algerie.com\\\/actualites\\\/wp-content\\\/uploads\\\/2022\\\/03\\\/djamel-belmadi.jpg\",\"contentUrl\":\"https:\\\/\\\/www.info-algerie.com\\\/actualites\\\/wp-content\\\/uploads\\\/2022\\\/03\\\/djamel-belmadi.jpg\",\"width\":1200,\"height\":640,\"caption\":\"Belmadi\"},{\"@type\":\"BreadcrumbList\",\"@id\":\"https:\\\/\\\/www.info-algerie.com\\\/actualites\\\/les-arbitres-ne-respectent-ni-la-faf-ni-notre-pays\\\/#breadcrumb\",\"itemListElement\":[{\"@type\":\"ListItem\",\"position\":1,\"name\":\"Accueil\",\"item\":\"https:\\\/\\\/www.info-algerie.com\\\/actualites\\\/\"},{\"@type\":\"ListItem\",\"position\":2,\"name\":\"Belmadi : \u201cles arbitres ne respectent ni la FAF ni notre pays\u201d\"}]},{\"@type\":\"WebSite\",\"@id\":\"https:\\\/\\\/www.info-algerie.com\\\/actualites\\\/#website\",\"url\":\"https:\\\/\\\/www.info-algerie.com\\\/actualites\\\/\",\"name\":\"info algerie\",\"description\":\"Toutes les actualit\u00e9s\",\"publisher\":{\"@id\":\"https:\\\/\\\/www.info-algerie.com\\\/actualites\\\/#organization\"},\"potentialAction\":[{\"@type\":\"SearchAction\",\"target\":{\"@type\":\"EntryPoint\",\"urlTemplate\":\"https:\\\/\\\/www.info-algerie.com\\\/actualites\\\/?s={search_term_string}\"},\"query-input\":{\"@type\":\"PropertyValueSpecification\",\"valueRequired\":true,\"valueName\":\"search_term_string\"}}],\"inLanguage\":\"fr-FR\"},{\"@type\":\"Organization\",\"@id\":\"https:\\\/\\\/www.info-algerie.com\\\/actualites\\\/#organization\",\"name\":\"info algerie\",\"url\":\"https:\\\/\\\/www.info-algerie.com\\\/actualites\\\/\",\"logo\":{\"@type\":\"ImageObject\",\"inLanguage\":\"fr-FR\",\"@id\":\"https:\\\/\\\/www.info-algerie.com\\\/actualites\\\/#\\\/schema\\\/logo\\\/image\\\/\",\"url\":\"https:\\\/\\\/www.info-algerie.com\\\/actualites\\\/wp-content\\\/uploads\\\/2022\\\/07\\\/logo-ia-120.png\",\"contentUrl\":\"https:\\\/\\\/www.info-algerie.com\\\/actualites\\\/wp-content\\\/uploads\\\/2022\\\/07\\\/logo-ia-120.png\",\"width\":120,\"height\":43,\"caption\":\"info algerie\"},\"image\":{\"@id\":\"https:\\\/\\\/www.info-algerie.com\\\/actualites\\\/#\\\/schema\\\/logo\\\/image\\\/\"},\"sameAs\":[\"https:\\\/\\\/www.facebook.com\\\/infoalgerieactu\",\"https:\\\/\\\/x.com\\\/infoalgerie1\"]},{\"@type\":\"Person\",\"@id\":\"https:\\\/\\\/www.info-algerie.com\\\/actualites\\\/#\\\/schema\\\/person\\\/847aaec44920825b843a08f30ec6aa1e\",\"name\":\"La r\u00e9daction\",\"image\":{\"@type\":\"ImageObject\",\"inLanguage\":\"fr-FR\",\"@id\":\"https:\\\/\\\/secure.gravatar.com\\\/avatar\\\/769db425c6f465158149f1ffd6cf61ce7a8a879d11dfbef8288af36dfddd418c?s=96&d=mm&r=g\",\"url\":\"https:\\\/\\\/secure.gravatar.com\\\/avatar\\\/769db425c6f465158149f1ffd6cf61ce7a8a879d11dfbef8288af36dfddd418c?s=96&d=mm&r=g\",\"contentUrl\":\"https:\\\/\\\/secure.gravatar.com\\\/avatar\\\/769db425c6f465158149f1ffd6cf61ce7a8a879d11dfbef8288af36dfddd418c?s=96&d=mm&r=g\",\"caption\":\"La r\u00e9daction\"},\"sameAs\":[\"http:\\\/\\\/www.lkeria.com\\\/\"],\"url\":\"https:\\\/\\\/www.info-algerie.com\\\/actualites\\\/author\\\/chakib32\\\/\"}]}<\/script>\n<!-- \/ Yoast SEO plugin. -->","yoast_head_json":{"title":"Belmadi : \u201cles arbitres ne respectent ni la FAF ni notre pays\u201d","description":"Le s\u00e9lectionneur national Djamel Belmadi a estim\u00e9 que l\u2019\u00e9limination de la Coupe du monde est un \u00e9chec cuisant pour la s\u00e9lection nationale","robots":{"index":"index","follow":"follow","max-snippet":"max-snippet:-1","max-image-preview":"max-image-preview:large","max-video-preview":"max-video-preview:-1"},"canonical":"https:\/\/www.info-algerie.com\/actualites\/les-arbitres-ne-respectent-ni-la-faf-ni-notre-pays\/","og_locale":"fr_FR","og_type":"article","og_title":"Belmadi : \u201cles arbitres ne respectent ni la FAF ni notre pays\u201d","og_description":"Le s\u00e9lectionneur national Djamel Belmadi a estim\u00e9 que l\u2019\u00e9limination de la Coupe du monde est un \u00e9chec cuisant pour la s\u00e9lection nationale","og_url":"https:\/\/www.info-algerie.com\/actualites\/les-arbitres-ne-respectent-ni-la-faf-ni-notre-pays\/","og_site_name":"info algerie","article_publisher":"https:\/\/www.facebook.com\/infoalgerieactu","article_published_time":"2022-03-31T11:00:00+00:00","article_modified_time":"2022-04-02T21:50:57+00:00","og_image":[{"width":1200,"height":640,"url":"https:\/\/www.info-algerie.com\/actualites\/wp-content\/uploads\/2022\/03\/djamel-belmadi.jpg","type":"image\/jpeg"}],"author":"La r\u00e9daction","twitter_misc":{"\u00c9crit par":"La r\u00e9daction","Dur\u00e9e de lecture estim\u00e9e":"6 minutes"},"schema":{"@context":"https:\/\/schema.org","@graph":[{"@type":"Article","@id":"https:\/\/www.info-algerie.com\/actualites\/les-arbitres-ne-respectent-ni-la-faf-ni-notre-pays\/#article","isPartOf":{"@id":"https:\/\/www.info-algerie.com\/actualites\/les-arbitres-ne-respectent-ni-la-faf-ni-notre-pays\/"},"author":{"name":"La r\u00e9daction","@id":"https:\/\/www.info-algerie.com\/actualites\/#\/schema\/person\/847aaec44920825b843a08f30ec6aa1e"},"headline":"Belmadi : \u201cles arbitres ne respectent ni la FAF ni notre pays\u201d","datePublished":"2022-03-31T11:00:00+00:00","dateModified":"2022-04-02T21:50:57+00:00","mainEntityOfPage":{"@id":"https:\/\/www.info-algerie.com\/actualites\/les-arbitres-ne-respectent-ni-la-faf-ni-notre-pays\/"},"wordCount":1204,"commentCount":0,"publisher":{"@id":"https:\/\/www.info-algerie.com\/actualites\/#organization"},"image":{"@id":"https:\/\/www.info-algerie.com\/actualites\/les-arbitres-ne-respectent-ni-la-faf-ni-notre-pays\/#primaryimage"},"thumbnailUrl":"https:\/\/www.info-algerie.com\/actualites\/wp-content\/uploads\/2022\/03\/djamel-belmadi.jpg","keywords":["belmadi","FAF","foot"],"articleSection":["sport"],"inLanguage":"fr-FR","potentialAction":[{"@type":"CommentAction","name":"Comment","target":["https:\/\/www.info-algerie.com\/actualites\/les-arbitres-ne-respectent-ni-la-faf-ni-notre-pays\/#respond"]}]},{"@type":"WebPage","@id":"https:\/\/www.info-algerie.com\/actualites\/les-arbitres-ne-respectent-ni-la-faf-ni-notre-pays\/","url":"https:\/\/www.info-algerie.com\/actualites\/les-arbitres-ne-respectent-ni-la-faf-ni-notre-pays\/","name":"Belmadi : \u201cles arbitres ne respectent ni la FAF ni notre pays\u201d","isPartOf":{"@id":"https:\/\/www.info-algerie.com\/actualites\/#website"},"primaryImageOfPage":{"@id":"https:\/\/www.info-algerie.com\/actualites\/les-arbitres-ne-respectent-ni-la-faf-ni-notre-pays\/#primaryimage"},"image":{"@id":"https:\/\/www.info-algerie.com\/actualites\/les-arbitres-ne-respectent-ni-la-faf-ni-notre-pays\/#primaryimage"},"thumbnailUrl":"https:\/\/www.info-algerie.com\/actualites\/wp-content\/uploads\/2022\/03\/djamel-belmadi.jpg","datePublished":"2022-03-31T11:00:00+00:00","dateModified":"2022-04-02T21:50:57+00:00","description":"Le s\u00e9lectionneur national Djamel Belmadi a estim\u00e9 que l\u2019\u00e9limination de la Coupe du monde est un \u00e9chec cuisant pour la s\u00e9lection nationale","breadcrumb":{"@id":"https:\/\/www.info-algerie.com\/actualites\/les-arbitres-ne-respectent-ni-la-faf-ni-notre-pays\/#breadcrumb"},"inLanguage":"fr-FR","potentialAction":[{"@type":"ReadAction","target":["https:\/\/www.info-algerie.com\/actualites\/les-arbitres-ne-respectent-ni-la-faf-ni-notre-pays\/"]}]},{"@type":"ImageObject","inLanguage":"fr-FR","@id":"https:\/\/www.info-algerie.com\/actualites\/les-arbitres-ne-respectent-ni-la-faf-ni-notre-pays\/#primaryimage","url":"https:\/\/www.info-algerie.com\/actualites\/wp-content\/uploads\/2022\/03\/djamel-belmadi.jpg","contentUrl":"https:\/\/www.info-algerie.com\/actualites\/wp-content\/uploads\/2022\/03\/djamel-belmadi.jpg","width":1200,"height":640,"caption":"Belmadi"},{"@type":"BreadcrumbList","@id":"https:\/\/www.info-algerie.com\/actualites\/les-arbitres-ne-respectent-ni-la-faf-ni-notre-pays\/#breadcrumb","itemListElement":[{"@type":"ListItem","position":1,"name":"Accueil","item":"https:\/\/www.info-algerie.com\/actualites\/"},{"@type":"ListItem","position":2,"name":"Belmadi : \u201cles arbitres ne respectent ni la FAF ni notre pays\u201d"}]},{"@type":"WebSite","@id":"https:\/\/www.info-algerie.com\/actualites\/#website","url":"https:\/\/www.info-algerie.com\/actualites\/","name":"info algerie","description":"Toutes les actualit\u00e9s","publisher":{"@id":"https:\/\/www.info-algerie.com\/actualites\/#organization"},"potentialAction":[{"@type":"SearchAction","target":{"@type":"EntryPoint","urlTemplate":"https:\/\/www.info-algerie.com\/actualites\/?s={search_term_string}"},"query-input":{"@type":"PropertyValueSpecification","valueRequired":true,"valueName":"search_term_string"}}],"inLanguage":"fr-FR"},{"@type":"Organization","@id":"https:\/\/www.info-algerie.com\/actualites\/#organization","name":"info algerie","url":"https:\/\/www.info-algerie.com\/actualites\/","logo":{"@type":"ImageObject","inLanguage":"fr-FR","@id":"https:\/\/www.info-algerie.com\/actualites\/#\/schema\/logo\/image\/","url":"https:\/\/www.info-algerie.com\/actualites\/wp-content\/uploads\/2022\/07\/logo-ia-120.png","contentUrl":"https:\/\/www.info-algerie.com\/actualites\/wp-content\/uploads\/2022\/07\/logo-ia-120.png","width":120,"height":43,"caption":"info algerie"},"image":{"@id":"https:\/\/www.info-algerie.com\/actualites\/#\/schema\/logo\/image\/"},"sameAs":["https:\/\/www.facebook.com\/infoalgerieactu","https:\/\/x.com\/infoalgerie1"]},{"@type":"Person","@id":"https:\/\/www.info-algerie.com\/actualites\/#\/schema\/person\/847aaec44920825b843a08f30ec6aa1e","name":"La r\u00e9daction","image":{"@type":"ImageObject","inLanguage":"fr-FR","@id":"https:\/\/secure.gravatar.com\/avatar\/769db425c6f465158149f1ffd6cf61ce7a8a879d11dfbef8288af36dfddd418c?s=96&d=mm&r=g","url":"https:\/\/secure.gravatar.com\/avatar\/769db425c6f465158149f1ffd6cf61ce7a8a879d11dfbef8288af36dfddd418c?s=96&d=mm&r=g","contentUrl":"https:\/\/secure.gravatar.com\/avatar\/769db425c6f465158149f1ffd6cf61ce7a8a879d11dfbef8288af36dfddd418c?s=96&d=mm&r=g","caption":"La r\u00e9daction"},"sameAs":["http:\/\/www.lkeria.com\/"],"url":"https:\/\/www.info-algerie.com\/actualites\/author\/chakib32\/"}]}},"_links":{"self":[{"href":"https:\/\/www.info-algerie.com\/actualites\/wp-json\/wp\/v2\/posts\/27386","targetHints":{"allow":["GET"]}}],"collection":[{"href":"https:\/\/www.info-algerie.com\/actualites\/wp-json\/wp\/v2\/posts"}],"about":[{"href":"https:\/\/www.info-algerie.com\/actualites\/wp-json\/wp\/v2\/types\/post"}],"author":[{"embeddable":true,"href":"https:\/\/www.info-algerie.com\/actualites\/wp-json\/wp\/v2\/users\/6"}],"replies":[{"embeddable":true,"href":"https:\/\/www.info-algerie.com\/actualites\/wp-json\/wp\/v2\/comments?post=27386"}],"version-history":[{"count":2,"href":"https:\/\/www.info-algerie.com\/actualites\/wp-json\/wp\/v2\/posts\/27386\/revisions"}],"predecessor-version":[{"id":27400,"href":"https:\/\/www.info-algerie.com\/actualites\/wp-json\/wp\/v2\/posts\/27386\/revisions\/27400"}],"wp:featuredmedia":[{"embeddable":true,"href":"https:\/\/www.info-algerie.com\/actualites\/wp-json\/wp\/v2\/media\/27399"}],"wp:attachment":[{"href":"https:\/\/www.info-algerie.com\/actualites\/wp-json\/wp\/v2\/media?parent=27386"}],"wp:term":[{"taxonomy":"category","embeddable":true,"href":"https:\/\/www.info-algerie.com\/actualites\/wp-json\/wp\/v2\/categories?post=27386"},{"taxonomy":"post_tag","embeddable":true,"href":"https:\/\/www.info-algerie.com\/actualites\/wp-json\/wp\/v2\/tags?post=27386"}],"curies":[{"name":"wp","href":"https:\/\/api.w.org\/{rel}","templated":true}]}}