{"id":27469,"date":"2022-07-13T15:18:07","date_gmt":"2022-07-13T14:18:07","guid":{"rendered":"https:\/\/www.info-algerie.com\/actualites\/cloture-jeudi-de-la-session-parlementaire-ordinaire-2021-2022\/"},"modified":"2022-07-13T15:18:07","modified_gmt":"2022-07-13T14:18:07","slug":"cloture-jeudi-de-la-session-parlementaire-ordinaire-2021-2022","status":"publish","type":"post","link":"https:\/\/www.info-algerie.com\/actualites\/cloture-jeudi-de-la-session-parlementaire-ordinaire-2021-2022\/","title":{"rendered":"Cl\u00f4ture jeudi de la session parlementaire ordinaire 2021-2022"},"content":{"rendered":"<div class=\"K2FeedImage\"><img decoding=\"async\" src=\"https:\/\/www.info-algerie.com\/actualites\/wp-content\/uploads\/2022\/07\/2d2a134b757eace1c7f512bfc0529428_S.jpg\" alt=\"Cl&#xF4;ture jeudi de la session parlementaire ordinaire 2021-2022\" \/><\/div>\n<div class=\"K2FeedIntroText\">\n<p><strong>ALGER- La session parlementaire ordinaire 2021-2022 sera cl\u00f4tur\u00e9e jeudi, a indiqu\u00e9 mercredi un communiqu\u00e9 du Conseil de la nation.<\/strong><\/p>\n<p>&#013;\n<\/p><\/div>\n<div class=\"K2FeedFullText\">&#013;<\/p>\n<p>\u00ab\u00a0En application des dispositions de l&rsquo;article 138 de la Constitution, et en vertu de la loi organique N 16-12 fixant l&rsquo;organisation et le fonctionnement de l&rsquo;Assembl\u00e9e populaire nationale (APN) et du Conseil de la nation ainsi que les relations fonctionnelles entre les deux chambres du Parlement et le Gouvernement, notamment dans son article 5, en coordination avec les bureaux des deux chambres du parlement et en concertation avec le Premier ministre, la s\u00e9ance de cl\u00f4ture de la session ordinaire 2021-2022, se tiendra jeudi 14 juillet 2022 \u00e0 8:00h\u00a0\u00bb, lit-on dans le communiqu\u00e9.<\/p>\n<\/div>\n<p>&#013;<br \/>\nSource: <a href=\"http:\/\/www.aps.dz\/algerie\/142795-cloture-jeudi-de-la-session-parlementaire-ordinaire-2021-2022\" target=\"_blank\" rel=\"noopener\">Cl\u00f4ture jeudi de la session parlementaire ordinaire 2021-2022<\/a><\/p>\n<!--CusAds0-->\n<div style=\"font-size: 0px; height: 0px; line-height: 0px; margin: 0; padding: 0; clear: both;\"><\/div>","protected":false},"excerpt":{"rendered":"<p>ALGER- La session parlementaire ordinaire 2021-2022 sera cl\u00f4tur\u00e9e jeudi, a indiqu\u00e9 mercredi un communiqu\u00e9 du Conseil de la nation. &#013; &#013; \u00ab\u00a0En application des dispositions de l&rsquo;article 138 de la Constitution, et en vertu de la loi organique N 16-12 fixant l&rsquo;organisation et le fonctionnement de l&rsquo;Assembl\u00e9e populaire nationale (APN) et du Conseil de la<\/p>\n","protected":false},"author":6,"featured_media":27470,"comment_status":"open","ping_status":"open","sticky":false,"template":"","format":"standard","meta":{"footnotes":""},"categories":[22],"tags":[93],"class_list":["post-27469","post","type-post","status-publish","format-standard","has-post-thumbnail","hentry","category-infos","tag-onu"],"yoast_head":"<!-- This site is optimized with the Yoast SEO plugin v27.5 - https:\/\/yoast.com\/product\/yoast-seo-wordpress\/ -->\n<title>Cl\u00f4ture jeudi de la session parlementaire ordinaire 2021-2022 - info algerie<\/title>\n<meta name=\"robots\" content=\"index, follow, max-snippet:-1, max-image-preview:large, max-video-preview:-1\" \/>\n<link rel=\"canonical\" href=\"https:\/\/www.info-algerie.com\/actualites\/cloture-jeudi-de-la-session-parlementaire-ordinaire-2021-2022\/\" \/>\n<meta property=\"og:locale\" content=\"fr_FR\" \/>\n<meta property=\"og:type\" content=\"article\" \/>\n<meta property=\"og:title\" content=\"Cl\u00f4ture jeudi de la session parlementaire ordinaire 2021-2022 - info algerie\" \/>\n<meta property=\"og:description\" content=\"ALGER- La session parlementaire ordinaire 2021-2022 sera cl\u00f4tur\u00e9e jeudi, a indiqu\u00e9 mercredi un communiqu\u00e9 du Conseil de la nation. &#013; &#013; \u00ab\u00a0En application des dispositions de l&rsquo;article 138 de la Constitution, et en vertu de la loi organique N 16-12 fixant l&rsquo;organisation et le fonctionnement de l&rsquo;Assembl\u00e9e populaire nationale (APN) et du Conseil de la\" \/>\n<meta property=\"og:url\" content=\"https:\/\/www.info-algerie.com\/actualites\/cloture-jeudi-de-la-session-parlementaire-ordinaire-2021-2022\/\" \/>\n<meta property=\"og:site_name\" content=\"info algerie\" \/>\n<meta property=\"article:publisher\" content=\"https:\/\/www.facebook.com\/infoalgerieactu\" \/>\n<meta property=\"article:published_time\" content=\"2022-07-13T14:18:07+00:00\" \/>\n<meta property=\"og:image\" content=\"https:\/\/www.info-algerie.com\/actualites\/wp-content\/uploads\/2022\/07\/2d2a134b757eace1c7f512bfc0529428_S-1.jpg\" \/>\n\t<meta property=\"og:image:width\" content=\"280\" \/>\n\t<meta property=\"og:image:height\" content=\"169\" \/>\n\t<meta property=\"og:image:type\" content=\"image\/jpeg\" \/>\n<meta name=\"author\" content=\"La r\u00e9daction\" \/>\n<meta name=\"twitter:label1\" content=\"\u00c9crit par\" \/>\n\t<meta name=\"twitter:data1\" content=\"La r\u00e9daction\" \/>\n\t<meta name=\"twitter:label2\" content=\"Dur\u00e9e de lecture estim\u00e9e\" \/>\n\t<meta name=\"twitter:data2\" content=\"1 minute\" \/>\n<script type=\"application\/ld+json\" class=\"yoast-schema-graph\">{\"@context\":\"https:\\\/\\\/schema.org\",\"@graph\":[{\"@type\":\"Article\",\"@id\":\"https:\\\/\\\/www.info-algerie.com\\\/actualites\\\/cloture-jeudi-de-la-session-parlementaire-ordinaire-2021-2022\\\/#article\",\"isPartOf\":{\"@id\":\"https:\\\/\\\/www.info-algerie.com\\\/actualites\\\/cloture-jeudi-de-la-session-parlementaire-ordinaire-2021-2022\\\/\"},\"author\":{\"name\":\"La r\u00e9daction\",\"@id\":\"https:\\\/\\\/www.info-algerie.com\\\/actualites\\\/#\\\/schema\\\/person\\\/847aaec44920825b843a08f30ec6aa1e\"},\"headline\":\"Cl\u00f4ture jeudi de la session parlementaire ordinaire 2021-2022\",\"datePublished\":\"2022-07-13T14:18:07+00:00\",\"mainEntityOfPage\":{\"@id\":\"https:\\\/\\\/www.info-algerie.com\\\/actualites\\\/cloture-jeudi-de-la-session-parlementaire-ordinaire-2021-2022\\\/\"},\"wordCount\":133,\"commentCount\":0,\"publisher\":{\"@id\":\"https:\\\/\\\/www.info-algerie.com\\\/actualites\\\/#organization\"},\"image\":{\"@id\":\"https:\\\/\\\/www.info-algerie.com\\\/actualites\\\/cloture-jeudi-de-la-session-parlementaire-ordinaire-2021-2022\\\/#primaryimage\"},\"thumbnailUrl\":\"https:\\\/\\\/www.info-algerie.com\\\/actualites\\\/wp-content\\\/uploads\\\/2022\\\/07\\\/2d2a134b757eace1c7f512bfc0529428_S-1.jpg\",\"keywords\":[\"ONU\"],\"articleSection\":[\"infos\"],\"inLanguage\":\"fr-FR\",\"potentialAction\":[{\"@type\":\"CommentAction\",\"name\":\"Comment\",\"target\":[\"https:\\\/\\\/www.info-algerie.com\\\/actualites\\\/cloture-jeudi-de-la-session-parlementaire-ordinaire-2021-2022\\\/#respond\"]}]},{\"@type\":\"WebPage\",\"@id\":\"https:\\\/\\\/www.info-algerie.com\\\/actualites\\\/cloture-jeudi-de-la-session-parlementaire-ordinaire-2021-2022\\\/\",\"url\":\"https:\\\/\\\/www.info-algerie.com\\\/actualites\\\/cloture-jeudi-de-la-session-parlementaire-ordinaire-2021-2022\\\/\",\"name\":\"Cl\u00f4ture jeudi de la session parlementaire ordinaire 2021-2022 - info algerie\",\"isPartOf\":{\"@id\":\"https:\\\/\\\/www.info-algerie.com\\\/actualites\\\/#website\"},\"primaryImageOfPage\":{\"@id\":\"https:\\\/\\\/www.info-algerie.com\\\/actualites\\\/cloture-jeudi-de-la-session-parlementaire-ordinaire-2021-2022\\\/#primaryimage\"},\"image\":{\"@id\":\"https:\\\/\\\/www.info-algerie.com\\\/actualites\\\/cloture-jeudi-de-la-session-parlementaire-ordinaire-2021-2022\\\/#primaryimage\"},\"thumbnailUrl\":\"https:\\\/\\\/www.info-algerie.com\\\/actualites\\\/wp-content\\\/uploads\\\/2022\\\/07\\\/2d2a134b757eace1c7f512bfc0529428_S-1.jpg\",\"datePublished\":\"2022-07-13T14:18:07+00:00\",\"breadcrumb\":{\"@id\":\"https:\\\/\\\/www.info-algerie.com\\\/actualites\\\/cloture-jeudi-de-la-session-parlementaire-ordinaire-2021-2022\\\/#breadcrumb\"},\"inLanguage\":\"fr-FR\",\"potentialAction\":[{\"@type\":\"ReadAction\",\"target\":[\"https:\\\/\\\/www.info-algerie.com\\\/actualites\\\/cloture-jeudi-de-la-session-parlementaire-ordinaire-2021-2022\\\/\"]}]},{\"@type\":\"ImageObject\",\"inLanguage\":\"fr-FR\",\"@id\":\"https:\\\/\\\/www.info-algerie.com\\\/actualites\\\/cloture-jeudi-de-la-session-parlementaire-ordinaire-2021-2022\\\/#primaryimage\",\"url\":\"https:\\\/\\\/www.info-algerie.com\\\/actualites\\\/wp-content\\\/uploads\\\/2022\\\/07\\\/2d2a134b757eace1c7f512bfc0529428_S-1.jpg\",\"contentUrl\":\"https:\\\/\\\/www.info-algerie.com\\\/actualites\\\/wp-content\\\/uploads\\\/2022\\\/07\\\/2d2a134b757eace1c7f512bfc0529428_S-1.jpg\",\"width\":280,\"height\":169},{\"@type\":\"BreadcrumbList\",\"@id\":\"https:\\\/\\\/www.info-algerie.com\\\/actualites\\\/cloture-jeudi-de-la-session-parlementaire-ordinaire-2021-2022\\\/#breadcrumb\",\"itemListElement\":[{\"@type\":\"ListItem\",\"position\":1,\"name\":\"Accueil\",\"item\":\"https:\\\/\\\/www.info-algerie.com\\\/actualites\\\/\"},{\"@type\":\"ListItem\",\"position\":2,\"name\":\"Cl\u00f4ture jeudi de la session parlementaire ordinaire 2021-2022\"}]},{\"@type\":\"WebSite\",\"@id\":\"https:\\\/\\\/www.info-algerie.com\\\/actualites\\\/#website\",\"url\":\"https:\\\/\\\/www.info-algerie.com\\\/actualites\\\/\",\"name\":\"info algerie\",\"description\":\"Toutes les actualit\u00e9s\",\"publisher\":{\"@id\":\"https:\\\/\\\/www.info-algerie.com\\\/actualites\\\/#organization\"},\"potentialAction\":[{\"@type\":\"SearchAction\",\"target\":{\"@type\":\"EntryPoint\",\"urlTemplate\":\"https:\\\/\\\/www.info-algerie.com\\\/actualites\\\/?s={search_term_string}\"},\"query-input\":{\"@type\":\"PropertyValueSpecification\",\"valueRequired\":true,\"valueName\":\"search_term_string\"}}],\"inLanguage\":\"fr-FR\"},{\"@type\":\"Organization\",\"@id\":\"https:\\\/\\\/www.info-algerie.com\\\/actualites\\\/#organization\",\"name\":\"info algerie\",\"url\":\"https:\\\/\\\/www.info-algerie.com\\\/actualites\\\/\",\"logo\":{\"@type\":\"ImageObject\",\"inLanguage\":\"fr-FR\",\"@id\":\"https:\\\/\\\/www.info-algerie.com\\\/actualites\\\/#\\\/schema\\\/logo\\\/image\\\/\",\"url\":\"https:\\\/\\\/www.info-algerie.com\\\/actualites\\\/wp-content\\\/uploads\\\/2022\\\/07\\\/logo-ia-120.png\",\"contentUrl\":\"https:\\\/\\\/www.info-algerie.com\\\/actualites\\\/wp-content\\\/uploads\\\/2022\\\/07\\\/logo-ia-120.png\",\"width\":120,\"height\":43,\"caption\":\"info algerie\"},\"image\":{\"@id\":\"https:\\\/\\\/www.info-algerie.com\\\/actualites\\\/#\\\/schema\\\/logo\\\/image\\\/\"},\"sameAs\":[\"https:\\\/\\\/www.facebook.com\\\/infoalgerieactu\",\"https:\\\/\\\/x.com\\\/infoalgerie1\"]},{\"@type\":\"Person\",\"@id\":\"https:\\\/\\\/www.info-algerie.com\\\/actualites\\\/#\\\/schema\\\/person\\\/847aaec44920825b843a08f30ec6aa1e\",\"name\":\"La r\u00e9daction\",\"image\":{\"@type\":\"ImageObject\",\"inLanguage\":\"fr-FR\",\"@id\":\"https:\\\/\\\/secure.gravatar.com\\\/avatar\\\/769db425c6f465158149f1ffd6cf61ce7a8a879d11dfbef8288af36dfddd418c?s=96&d=mm&r=g\",\"url\":\"https:\\\/\\\/secure.gravatar.com\\\/avatar\\\/769db425c6f465158149f1ffd6cf61ce7a8a879d11dfbef8288af36dfddd418c?s=96&d=mm&r=g\",\"contentUrl\":\"https:\\\/\\\/secure.gravatar.com\\\/avatar\\\/769db425c6f465158149f1ffd6cf61ce7a8a879d11dfbef8288af36dfddd418c?s=96&d=mm&r=g\",\"caption\":\"La r\u00e9daction\"},\"sameAs\":[\"http:\\\/\\\/www.lkeria.com\\\/\"],\"url\":\"https:\\\/\\\/www.info-algerie.com\\\/actualites\\\/author\\\/chakib32\\\/\"}]}<\/script>\n<!-- \/ Yoast SEO plugin. -->","yoast_head_json":{"title":"Cl\u00f4ture jeudi de la session parlementaire ordinaire 2021-2022 - info algerie","robots":{"index":"index","follow":"follow","max-snippet":"max-snippet:-1","max-image-preview":"max-image-preview:large","max-video-preview":"max-video-preview:-1"},"canonical":"https:\/\/www.info-algerie.com\/actualites\/cloture-jeudi-de-la-session-parlementaire-ordinaire-2021-2022\/","og_locale":"fr_FR","og_type":"article","og_title":"Cl\u00f4ture jeudi de la session parlementaire ordinaire 2021-2022 - info algerie","og_description":"ALGER- La session parlementaire ordinaire 2021-2022 sera cl\u00f4tur\u00e9e jeudi, a indiqu\u00e9 mercredi un communiqu\u00e9 du Conseil de la nation. &#013; &#013; \u00ab\u00a0En application des dispositions de l&rsquo;article 138 de la Constitution, et en vertu de la loi organique N 16-12 fixant l&rsquo;organisation et le fonctionnement de l&rsquo;Assembl\u00e9e populaire nationale (APN) et du Conseil de la","og_url":"https:\/\/www.info-algerie.com\/actualites\/cloture-jeudi-de-la-session-parlementaire-ordinaire-2021-2022\/","og_site_name":"info algerie","article_publisher":"https:\/\/www.facebook.com\/infoalgerieactu","article_published_time":"2022-07-13T14:18:07+00:00","og_image":[{"width":280,"height":169,"url":"https:\/\/www.info-algerie.com\/actualites\/wp-content\/uploads\/2022\/07\/2d2a134b757eace1c7f512bfc0529428_S-1.jpg","type":"image\/jpeg"}],"author":"La r\u00e9daction","twitter_misc":{"\u00c9crit par":"La r\u00e9daction","Dur\u00e9e de lecture estim\u00e9e":"1 minute"},"schema":{"@context":"https:\/\/schema.org","@graph":[{"@type":"Article","@id":"https:\/\/www.info-algerie.com\/actualites\/cloture-jeudi-de-la-session-parlementaire-ordinaire-2021-2022\/#article","isPartOf":{"@id":"https:\/\/www.info-algerie.com\/actualites\/cloture-jeudi-de-la-session-parlementaire-ordinaire-2021-2022\/"},"author":{"name":"La r\u00e9daction","@id":"https:\/\/www.info-algerie.com\/actualites\/#\/schema\/person\/847aaec44920825b843a08f30ec6aa1e"},"headline":"Cl\u00f4ture jeudi de la session parlementaire ordinaire 2021-2022","datePublished":"2022-07-13T14:18:07+00:00","mainEntityOfPage":{"@id":"https:\/\/www.info-algerie.com\/actualites\/cloture-jeudi-de-la-session-parlementaire-ordinaire-2021-2022\/"},"wordCount":133,"commentCount":0,"publisher":{"@id":"https:\/\/www.info-algerie.com\/actualites\/#organization"},"image":{"@id":"https:\/\/www.info-algerie.com\/actualites\/cloture-jeudi-de-la-session-parlementaire-ordinaire-2021-2022\/#primaryimage"},"thumbnailUrl":"https:\/\/www.info-algerie.com\/actualites\/wp-content\/uploads\/2022\/07\/2d2a134b757eace1c7f512bfc0529428_S-1.jpg","keywords":["ONU"],"articleSection":["infos"],"inLanguage":"fr-FR","potentialAction":[{"@type":"CommentAction","name":"Comment","target":["https:\/\/www.info-algerie.com\/actualites\/cloture-jeudi-de-la-session-parlementaire-ordinaire-2021-2022\/#respond"]}]},{"@type":"WebPage","@id":"https:\/\/www.info-algerie.com\/actualites\/cloture-jeudi-de-la-session-parlementaire-ordinaire-2021-2022\/","url":"https:\/\/www.info-algerie.com\/actualites\/cloture-jeudi-de-la-session-parlementaire-ordinaire-2021-2022\/","name":"Cl\u00f4ture jeudi de la session parlementaire ordinaire 2021-2022 - info algerie","isPartOf":{"@id":"https:\/\/www.info-algerie.com\/actualites\/#website"},"primaryImageOfPage":{"@id":"https:\/\/www.info-algerie.com\/actualites\/cloture-jeudi-de-la-session-parlementaire-ordinaire-2021-2022\/#primaryimage"},"image":{"@id":"https:\/\/www.info-algerie.com\/actualites\/cloture-jeudi-de-la-session-parlementaire-ordinaire-2021-2022\/#primaryimage"},"thumbnailUrl":"https:\/\/www.info-algerie.com\/actualites\/wp-content\/uploads\/2022\/07\/2d2a134b757eace1c7f512bfc0529428_S-1.jpg","datePublished":"2022-07-13T14:18:07+00:00","breadcrumb":{"@id":"https:\/\/www.info-algerie.com\/actualites\/cloture-jeudi-de-la-session-parlementaire-ordinaire-2021-2022\/#breadcrumb"},"inLanguage":"fr-FR","potentialAction":[{"@type":"ReadAction","target":["https:\/\/www.info-algerie.com\/actualites\/cloture-jeudi-de-la-session-parlementaire-ordinaire-2021-2022\/"]}]},{"@type":"ImageObject","inLanguage":"fr-FR","@id":"https:\/\/www.info-algerie.com\/actualites\/cloture-jeudi-de-la-session-parlementaire-ordinaire-2021-2022\/#primaryimage","url":"https:\/\/www.info-algerie.com\/actualites\/wp-content\/uploads\/2022\/07\/2d2a134b757eace1c7f512bfc0529428_S-1.jpg","contentUrl":"https:\/\/www.info-algerie.com\/actualites\/wp-content\/uploads\/2022\/07\/2d2a134b757eace1c7f512bfc0529428_S-1.jpg","width":280,"height":169},{"@type":"BreadcrumbList","@id":"https:\/\/www.info-algerie.com\/actualites\/cloture-jeudi-de-la-session-parlementaire-ordinaire-2021-2022\/#breadcrumb","itemListElement":[{"@type":"ListItem","position":1,"name":"Accueil","item":"https:\/\/www.info-algerie.com\/actualites\/"},{"@type":"ListItem","position":2,"name":"Cl\u00f4ture jeudi de la session parlementaire ordinaire 2021-2022"}]},{"@type":"WebSite","@id":"https:\/\/www.info-algerie.com\/actualites\/#website","url":"https:\/\/www.info-algerie.com\/actualites\/","name":"info algerie","description":"Toutes les actualit\u00e9s","publisher":{"@id":"https:\/\/www.info-algerie.com\/actualites\/#organization"},"potentialAction":[{"@type":"SearchAction","target":{"@type":"EntryPoint","urlTemplate":"https:\/\/www.info-algerie.com\/actualites\/?s={search_term_string}"},"query-input":{"@type":"PropertyValueSpecification","valueRequired":true,"valueName":"search_term_string"}}],"inLanguage":"fr-FR"},{"@type":"Organization","@id":"https:\/\/www.info-algerie.com\/actualites\/#organization","name":"info algerie","url":"https:\/\/www.info-algerie.com\/actualites\/","logo":{"@type":"ImageObject","inLanguage":"fr-FR","@id":"https:\/\/www.info-algerie.com\/actualites\/#\/schema\/logo\/image\/","url":"https:\/\/www.info-algerie.com\/actualites\/wp-content\/uploads\/2022\/07\/logo-ia-120.png","contentUrl":"https:\/\/www.info-algerie.com\/actualites\/wp-content\/uploads\/2022\/07\/logo-ia-120.png","width":120,"height":43,"caption":"info algerie"},"image":{"@id":"https:\/\/www.info-algerie.com\/actualites\/#\/schema\/logo\/image\/"},"sameAs":["https:\/\/www.facebook.com\/infoalgerieactu","https:\/\/x.com\/infoalgerie1"]},{"@type":"Person","@id":"https:\/\/www.info-algerie.com\/actualites\/#\/schema\/person\/847aaec44920825b843a08f30ec6aa1e","name":"La r\u00e9daction","image":{"@type":"ImageObject","inLanguage":"fr-FR","@id":"https:\/\/secure.gravatar.com\/avatar\/769db425c6f465158149f1ffd6cf61ce7a8a879d11dfbef8288af36dfddd418c?s=96&d=mm&r=g","url":"https:\/\/secure.gravatar.com\/avatar\/769db425c6f465158149f1ffd6cf61ce7a8a879d11dfbef8288af36dfddd418c?s=96&d=mm&r=g","contentUrl":"https:\/\/secure.gravatar.com\/avatar\/769db425c6f465158149f1ffd6cf61ce7a8a879d11dfbef8288af36dfddd418c?s=96&d=mm&r=g","caption":"La r\u00e9daction"},"sameAs":["http:\/\/www.lkeria.com\/"],"url":"https:\/\/www.info-algerie.com\/actualites\/author\/chakib32\/"}]}},"_links":{"self":[{"href":"https:\/\/www.info-algerie.com\/actualites\/wp-json\/wp\/v2\/posts\/27469","targetHints":{"allow":["GET"]}}],"collection":[{"href":"https:\/\/www.info-algerie.com\/actualites\/wp-json\/wp\/v2\/posts"}],"about":[{"href":"https:\/\/www.info-algerie.com\/actualites\/wp-json\/wp\/v2\/types\/post"}],"author":[{"embeddable":true,"href":"https:\/\/www.info-algerie.com\/actualites\/wp-json\/wp\/v2\/users\/6"}],"replies":[{"embeddable":true,"href":"https:\/\/www.info-algerie.com\/actualites\/wp-json\/wp\/v2\/comments?post=27469"}],"version-history":[{"count":0,"href":"https:\/\/www.info-algerie.com\/actualites\/wp-json\/wp\/v2\/posts\/27469\/revisions"}],"wp:featuredmedia":[{"embeddable":true,"href":"https:\/\/www.info-algerie.com\/actualites\/wp-json\/wp\/v2\/media\/27470"}],"wp:attachment":[{"href":"https:\/\/www.info-algerie.com\/actualites\/wp-json\/wp\/v2\/media?parent=27469"}],"wp:term":[{"taxonomy":"category","embeddable":true,"href":"https:\/\/www.info-algerie.com\/actualites\/wp-json\/wp\/v2\/categories?post=27469"},{"taxonomy":"post_tag","embeddable":true,"href":"https:\/\/www.info-algerie.com\/actualites\/wp-json\/wp\/v2\/tags?post=27469"}],"curies":[{"name":"wp","href":"https:\/\/api.w.org\/{rel}","templated":true}]}}