{"id":27472,"date":"2022-07-13T14:46:16","date_gmt":"2022-07-13T13:46:16","guid":{"rendered":"https:\/\/www.info-algerie.com\/actualites\/projet-de-loi-sur-la-reserve-militaire-renforcer-les-rangs-de-lanp-face-aux-menaces-internes-et-externes\/"},"modified":"2022-07-13T14:46:16","modified_gmt":"2022-07-13T13:46:16","slug":"projet-de-loi-sur-la-reserve-militaire-renforcer-les-rangs-de-lanp-face-aux-menaces-internes-et-externes","status":"publish","type":"post","link":"https:\/\/www.info-algerie.com\/actualites\/projet-de-loi-sur-la-reserve-militaire-renforcer-les-rangs-de-lanp-face-aux-menaces-internes-et-externes\/","title":{"rendered":"Projet de loi sur la r\u00e9serve militaire: renforcer les rangs de l&#039;ANP face aux menaces internes et externes"},"content":{"rendered":"<div class=\"K2FeedImage\"><img decoding=\"async\" src=\"https:\/\/www.info-algerie.com\/actualites\/wp-content\/uploads\/2022\/07\/b65d54100f56e61f856927691ef2f675_S.jpg\" alt=\"Projet de loi sur la r&#xE9;serve militaire: renforcer les rangs de l'ANP face aux menaces internes et externes\" \/><\/div>\n<div class=\"K2FeedIntroText\">\n<p><strong>ALGER- La ministre des Relations avec le parlement, Basma Azouar, a affirm\u00e9 mercredi que le projet de loi sur la r\u00e9serve militaire tendait \u00e0 renforcer les rangs de l&rsquo;Arm\u00e9e nationale populaire (ANP) face aux menaces internes et externes.<\/strong><\/p>\n<p>&#013;\n<\/p><\/div>\n<div class=\"K2FeedFullText\">&#013;<\/p>\n<p>\u00ab\u00a0Le pr\u00e9sent texte de loi tend \u00e0 r\u00e9organiser et \u00e0 consolider la force de d\u00e9fense de la Nation, la r\u00e9serve militaire constituant une ressource humaine importante pour l&rsquo;ANP\u00a0\u00bb, a soulign\u00e9 Mme Azouar qui pr\u00e9sentait ledit projet de loi lors d&rsquo;une s\u00e9ance pl\u00e9ni\u00e8re au Conseil de la nation, pr\u00e9sid\u00e9e par Salah Goudjil, pr\u00e9sident du Conseil, en pr\u00e9sence de hauts cadres de l&rsquo;ANP.<\/p>\n<p>&#013;<\/p>\n<p>\u00ab\u00a0Les textes en vigueur et encadrant la r\u00e9serve militaire datent de 1976, d&rsquo;o\u00f9 leur n\u00e9cessaire r\u00e9vision, d&rsquo;autant que la plupart de leurs dispositions ne r\u00e9pondent plus \u00e0 la r\u00e9alit\u00e9 pratique\u00a0\u00bb, a soulign\u00e9 la ministre.<\/p>\n<p>&#013;<\/p>\n<p>La repr\u00e9sentante du Gouvernement a estim\u00e9 que le pr\u00e9sent projet de loi pr\u00e9voit \u00ab\u00a0la d\u00e9finition de la r\u00e9serve et sa mission, de m\u00eame qu&rsquo;il identifie les cat\u00e9gories inscrites \u00e0 la r\u00e9serve militaire, limit\u00e9es \u00e0 deux cat\u00e9gories: militaires d&rsquo;active et contractuels, tous grades confondus, dont il a \u00e9t\u00e9 mis fin d\u00e9finitivement \u00e0 leur service et qui ont \u00e9t\u00e9 remis \u00e0 la vie civile et les militaires du service national, tous grades confondus, qui ont accompli leurs devoirs vis-\u00e0-vis du service national et dont il a \u00e9t\u00e9 mis fin d\u00e9finitivement \u00e0 leur service et qui ont \u00e9t\u00e9 remis \u00e0 la vie civile\u00a0\u00bb.<\/p>\n<p>&#013;<\/p>\n<p>Mme Azouar a soulign\u00e9 que le projet de loi \u00ab\u00a0exclut les deux cat\u00e9gories suscit\u00e9es dont il a \u00e9t\u00e9 mis fin \u00e0 leur service d\u00e9finitivement dans les rangs de l&rsquo;ANP pour motif m\u00e9dical ou faisant l&rsquo;objet de radiation\u00a0\u00bb.<\/p>\n<p>&#013;<\/p>\n<p>Il a fix\u00e9 \u00ab\u00a0la dur\u00e9e de la r\u00e9serve des militaires issus du service national \u00e0 25 ans \u00e0 compter de la date de cessation d\u00e9finitive du service. Quant aux militaires en service et contractuels, la dur\u00e9e \u00e9tant \u00e0 partir de la date de cessation d\u00e9finitive du service dans les rangs de l&rsquo;ANP sans que cette dur\u00e9e d\u00e9passe 25 ans\u00a0\u00bb, a pr\u00e9cis\u00e9 la ministre dans sa pr\u00e9sentation.<\/p>\n<p>&#013;<\/p>\n<p>Le projet de loi a d\u00e9fini \u00ab\u00a0les droits et devoirs des militaires r\u00e9servistes, dont la non suspension de la relation de travail lors du rappel, le salaire, les primes, les r\u00e9mun\u00e9rations, le remboursement des frais, la promotion, la nomination, les m\u00e9dailles, les modalit\u00e9s de cessation d\u00e9finitive du service dans la r\u00e9serve et la radiation\u00a0\u00bb.<\/p>\n<p>&#013;<\/p>\n<p>Au terme de son expos\u00e9, Mme Azouar a affirm\u00e9 que \u00ab\u00a0le projet de loi devrait ajouter un nouveau jalon au syst\u00e8me l\u00e9gislatif r\u00e9gissant l&rsquo;ANP \u00e0 m\u00eame de garantir le bon d\u00e9roulement de ses diff\u00e9rentes unit\u00e9s et l&rsquo;accomplissement de ses missions constitutionnelles\u00a0\u00bb.<\/p>\n<\/div>\n<p>&#013;<br \/>\nSource: <a href=\"http:\/\/www.aps.dz\/algerie\/142792-projet-de-loi-sur-la-reserve-militaire-renforcer-les-rangs-de-l-anp-face-aux-menaces-internes-et-externes\" target=\"_blank\" rel=\"noopener\">Projet de loi sur la r\u00e9serve militaire: renforcer les rangs de l&rsquo;ANP face aux menaces internes et externes<\/a><\/p>\n<!--CusAds0-->\n<div style=\"font-size: 0px; height: 0px; line-height: 0px; margin: 0; padding: 0; clear: both;\"><\/div>","protected":false},"excerpt":{"rendered":"<p>ALGER- La ministre des Relations avec le parlement, Basma Azouar, a affirm\u00e9 mercredi que le projet de loi sur la r\u00e9serve militaire tendait \u00e0 renforcer les rangs de l&rsquo;Arm\u00e9e nationale populaire (ANP) face aux menaces internes et externes. &#013; &#013; \u00ab\u00a0Le pr\u00e9sent texte de loi tend \u00e0 r\u00e9organiser et \u00e0 consolider la force de d\u00e9fense<\/p>\n","protected":false},"author":6,"featured_media":27473,"comment_status":"open","ping_status":"open","sticky":false,"template":"","format":"standard","meta":{"footnotes":""},"categories":[22],"tags":[93],"class_list":["post-27472","post","type-post","status-publish","format-standard","has-post-thumbnail","hentry","category-infos","tag-onu"],"yoast_head":"<!-- This site is optimized with the Yoast SEO plugin v27.5 - https:\/\/yoast.com\/product\/yoast-seo-wordpress\/ -->\n<title>Projet de loi sur la r\u00e9serve militaire: renforcer les rangs de l&#039;ANP face aux menaces internes et externes - info algerie<\/title>\n<meta name=\"robots\" content=\"index, follow, max-snippet:-1, max-image-preview:large, max-video-preview:-1\" \/>\n<link rel=\"canonical\" href=\"https:\/\/www.info-algerie.com\/actualites\/projet-de-loi-sur-la-reserve-militaire-renforcer-les-rangs-de-lanp-face-aux-menaces-internes-et-externes\/\" \/>\n<meta property=\"og:locale\" content=\"fr_FR\" \/>\n<meta property=\"og:type\" content=\"article\" \/>\n<meta property=\"og:title\" content=\"Projet de loi sur la r\u00e9serve militaire: renforcer les rangs de l&#039;ANP face aux menaces internes et externes - info algerie\" \/>\n<meta property=\"og:description\" content=\"ALGER- La ministre des Relations avec le parlement, Basma Azouar, a affirm\u00e9 mercredi que le projet de loi sur la r\u00e9serve militaire tendait \u00e0 renforcer les rangs de l&rsquo;Arm\u00e9e nationale populaire (ANP) face aux menaces internes et externes. &#013; &#013; \u00ab\u00a0Le pr\u00e9sent texte de loi tend \u00e0 r\u00e9organiser et \u00e0 consolider la force de d\u00e9fense\" \/>\n<meta property=\"og:url\" content=\"https:\/\/www.info-algerie.com\/actualites\/projet-de-loi-sur-la-reserve-militaire-renforcer-les-rangs-de-lanp-face-aux-menaces-internes-et-externes\/\" \/>\n<meta property=\"og:site_name\" content=\"info algerie\" \/>\n<meta property=\"article:publisher\" content=\"https:\/\/www.facebook.com\/infoalgerieactu\" \/>\n<meta property=\"article:published_time\" content=\"2022-07-13T13:46:16+00:00\" \/>\n<meta property=\"og:image\" content=\"https:\/\/www.info-algerie.com\/actualites\/wp-content\/uploads\/2022\/07\/b65d54100f56e61f856927691ef2f675_S-1.jpg\" \/>\n\t<meta property=\"og:image:width\" content=\"280\" \/>\n\t<meta property=\"og:image:height\" content=\"169\" \/>\n\t<meta property=\"og:image:type\" content=\"image\/jpeg\" \/>\n<meta name=\"author\" content=\"La r\u00e9daction\" \/>\n<meta name=\"twitter:label1\" content=\"\u00c9crit par\" \/>\n\t<meta name=\"twitter:data1\" content=\"La r\u00e9daction\" \/>\n\t<meta name=\"twitter:label2\" content=\"Dur\u00e9e de lecture estim\u00e9e\" \/>\n\t<meta name=\"twitter:data2\" content=\"2 minutes\" \/>\n<script type=\"application\/ld+json\" class=\"yoast-schema-graph\">{\"@context\":\"https:\\\/\\\/schema.org\",\"@graph\":[{\"@type\":\"Article\",\"@id\":\"https:\\\/\\\/www.info-algerie.com\\\/actualites\\\/projet-de-loi-sur-la-reserve-militaire-renforcer-les-rangs-de-lanp-face-aux-menaces-internes-et-externes\\\/#article\",\"isPartOf\":{\"@id\":\"https:\\\/\\\/www.info-algerie.com\\\/actualites\\\/projet-de-loi-sur-la-reserve-militaire-renforcer-les-rangs-de-lanp-face-aux-menaces-internes-et-externes\\\/\"},\"author\":{\"name\":\"La r\u00e9daction\",\"@id\":\"https:\\\/\\\/www.info-algerie.com\\\/actualites\\\/#\\\/schema\\\/person\\\/847aaec44920825b843a08f30ec6aa1e\"},\"headline\":\"Projet de loi sur la r\u00e9serve militaire: renforcer les rangs de l&#039;ANP face aux menaces internes et externes\",\"datePublished\":\"2022-07-13T13:46:16+00:00\",\"mainEntityOfPage\":{\"@id\":\"https:\\\/\\\/www.info-algerie.com\\\/actualites\\\/projet-de-loi-sur-la-reserve-militaire-renforcer-les-rangs-de-lanp-face-aux-menaces-internes-et-externes\\\/\"},\"wordCount\":527,\"commentCount\":0,\"publisher\":{\"@id\":\"https:\\\/\\\/www.info-algerie.com\\\/actualites\\\/#organization\"},\"image\":{\"@id\":\"https:\\\/\\\/www.info-algerie.com\\\/actualites\\\/projet-de-loi-sur-la-reserve-militaire-renforcer-les-rangs-de-lanp-face-aux-menaces-internes-et-externes\\\/#primaryimage\"},\"thumbnailUrl\":\"https:\\\/\\\/www.info-algerie.com\\\/actualites\\\/wp-content\\\/uploads\\\/2022\\\/07\\\/b65d54100f56e61f856927691ef2f675_S-1.jpg\",\"keywords\":[\"ONU\"],\"articleSection\":[\"infos\"],\"inLanguage\":\"fr-FR\",\"potentialAction\":[{\"@type\":\"CommentAction\",\"name\":\"Comment\",\"target\":[\"https:\\\/\\\/www.info-algerie.com\\\/actualites\\\/projet-de-loi-sur-la-reserve-militaire-renforcer-les-rangs-de-lanp-face-aux-menaces-internes-et-externes\\\/#respond\"]}]},{\"@type\":\"WebPage\",\"@id\":\"https:\\\/\\\/www.info-algerie.com\\\/actualites\\\/projet-de-loi-sur-la-reserve-militaire-renforcer-les-rangs-de-lanp-face-aux-menaces-internes-et-externes\\\/\",\"url\":\"https:\\\/\\\/www.info-algerie.com\\\/actualites\\\/projet-de-loi-sur-la-reserve-militaire-renforcer-les-rangs-de-lanp-face-aux-menaces-internes-et-externes\\\/\",\"name\":\"Projet de loi sur la r\u00e9serve militaire: renforcer les rangs de l&#039;ANP face aux menaces internes et externes - info algerie\",\"isPartOf\":{\"@id\":\"https:\\\/\\\/www.info-algerie.com\\\/actualites\\\/#website\"},\"primaryImageOfPage\":{\"@id\":\"https:\\\/\\\/www.info-algerie.com\\\/actualites\\\/projet-de-loi-sur-la-reserve-militaire-renforcer-les-rangs-de-lanp-face-aux-menaces-internes-et-externes\\\/#primaryimage\"},\"image\":{\"@id\":\"https:\\\/\\\/www.info-algerie.com\\\/actualites\\\/projet-de-loi-sur-la-reserve-militaire-renforcer-les-rangs-de-lanp-face-aux-menaces-internes-et-externes\\\/#primaryimage\"},\"thumbnailUrl\":\"https:\\\/\\\/www.info-algerie.com\\\/actualites\\\/wp-content\\\/uploads\\\/2022\\\/07\\\/b65d54100f56e61f856927691ef2f675_S-1.jpg\",\"datePublished\":\"2022-07-13T13:46:16+00:00\",\"breadcrumb\":{\"@id\":\"https:\\\/\\\/www.info-algerie.com\\\/actualites\\\/projet-de-loi-sur-la-reserve-militaire-renforcer-les-rangs-de-lanp-face-aux-menaces-internes-et-externes\\\/#breadcrumb\"},\"inLanguage\":\"fr-FR\",\"potentialAction\":[{\"@type\":\"ReadAction\",\"target\":[\"https:\\\/\\\/www.info-algerie.com\\\/actualites\\\/projet-de-loi-sur-la-reserve-militaire-renforcer-les-rangs-de-lanp-face-aux-menaces-internes-et-externes\\\/\"]}]},{\"@type\":\"ImageObject\",\"inLanguage\":\"fr-FR\",\"@id\":\"https:\\\/\\\/www.info-algerie.com\\\/actualites\\\/projet-de-loi-sur-la-reserve-militaire-renforcer-les-rangs-de-lanp-face-aux-menaces-internes-et-externes\\\/#primaryimage\",\"url\":\"https:\\\/\\\/www.info-algerie.com\\\/actualites\\\/wp-content\\\/uploads\\\/2022\\\/07\\\/b65d54100f56e61f856927691ef2f675_S-1.jpg\",\"contentUrl\":\"https:\\\/\\\/www.info-algerie.com\\\/actualites\\\/wp-content\\\/uploads\\\/2022\\\/07\\\/b65d54100f56e61f856927691ef2f675_S-1.jpg\",\"width\":280,\"height\":169},{\"@type\":\"BreadcrumbList\",\"@id\":\"https:\\\/\\\/www.info-algerie.com\\\/actualites\\\/projet-de-loi-sur-la-reserve-militaire-renforcer-les-rangs-de-lanp-face-aux-menaces-internes-et-externes\\\/#breadcrumb\",\"itemListElement\":[{\"@type\":\"ListItem\",\"position\":1,\"name\":\"Accueil\",\"item\":\"https:\\\/\\\/www.info-algerie.com\\\/actualites\\\/\"},{\"@type\":\"ListItem\",\"position\":2,\"name\":\"Projet de loi sur la r\u00e9serve militaire: renforcer les rangs de l&#039;ANP face aux menaces internes et externes\"}]},{\"@type\":\"WebSite\",\"@id\":\"https:\\\/\\\/www.info-algerie.com\\\/actualites\\\/#website\",\"url\":\"https:\\\/\\\/www.info-algerie.com\\\/actualites\\\/\",\"name\":\"info algerie\",\"description\":\"Toutes les actualit\u00e9s\",\"publisher\":{\"@id\":\"https:\\\/\\\/www.info-algerie.com\\\/actualites\\\/#organization\"},\"potentialAction\":[{\"@type\":\"SearchAction\",\"target\":{\"@type\":\"EntryPoint\",\"urlTemplate\":\"https:\\\/\\\/www.info-algerie.com\\\/actualites\\\/?s={search_term_string}\"},\"query-input\":{\"@type\":\"PropertyValueSpecification\",\"valueRequired\":true,\"valueName\":\"search_term_string\"}}],\"inLanguage\":\"fr-FR\"},{\"@type\":\"Organization\",\"@id\":\"https:\\\/\\\/www.info-algerie.com\\\/actualites\\\/#organization\",\"name\":\"info algerie\",\"url\":\"https:\\\/\\\/www.info-algerie.com\\\/actualites\\\/\",\"logo\":{\"@type\":\"ImageObject\",\"inLanguage\":\"fr-FR\",\"@id\":\"https:\\\/\\\/www.info-algerie.com\\\/actualites\\\/#\\\/schema\\\/logo\\\/image\\\/\",\"url\":\"https:\\\/\\\/www.info-algerie.com\\\/actualites\\\/wp-content\\\/uploads\\\/2022\\\/07\\\/logo-ia-120.png\",\"contentUrl\":\"https:\\\/\\\/www.info-algerie.com\\\/actualites\\\/wp-content\\\/uploads\\\/2022\\\/07\\\/logo-ia-120.png\",\"width\":120,\"height\":43,\"caption\":\"info algerie\"},\"image\":{\"@id\":\"https:\\\/\\\/www.info-algerie.com\\\/actualites\\\/#\\\/schema\\\/logo\\\/image\\\/\"},\"sameAs\":[\"https:\\\/\\\/www.facebook.com\\\/infoalgerieactu\",\"https:\\\/\\\/x.com\\\/infoalgerie1\"]},{\"@type\":\"Person\",\"@id\":\"https:\\\/\\\/www.info-algerie.com\\\/actualites\\\/#\\\/schema\\\/person\\\/847aaec44920825b843a08f30ec6aa1e\",\"name\":\"La r\u00e9daction\",\"image\":{\"@type\":\"ImageObject\",\"inLanguage\":\"fr-FR\",\"@id\":\"https:\\\/\\\/secure.gravatar.com\\\/avatar\\\/769db425c6f465158149f1ffd6cf61ce7a8a879d11dfbef8288af36dfddd418c?s=96&d=mm&r=g\",\"url\":\"https:\\\/\\\/secure.gravatar.com\\\/avatar\\\/769db425c6f465158149f1ffd6cf61ce7a8a879d11dfbef8288af36dfddd418c?s=96&d=mm&r=g\",\"contentUrl\":\"https:\\\/\\\/secure.gravatar.com\\\/avatar\\\/769db425c6f465158149f1ffd6cf61ce7a8a879d11dfbef8288af36dfddd418c?s=96&d=mm&r=g\",\"caption\":\"La r\u00e9daction\"},\"sameAs\":[\"http:\\\/\\\/www.lkeria.com\\\/\"],\"url\":\"https:\\\/\\\/www.info-algerie.com\\\/actualites\\\/author\\\/chakib32\\\/\"}]}<\/script>\n<!-- \/ Yoast SEO plugin. -->","yoast_head_json":{"title":"Projet de loi sur la r\u00e9serve militaire: renforcer les rangs de l&#039;ANP face aux menaces internes et externes - info algerie","robots":{"index":"index","follow":"follow","max-snippet":"max-snippet:-1","max-image-preview":"max-image-preview:large","max-video-preview":"max-video-preview:-1"},"canonical":"https:\/\/www.info-algerie.com\/actualites\/projet-de-loi-sur-la-reserve-militaire-renforcer-les-rangs-de-lanp-face-aux-menaces-internes-et-externes\/","og_locale":"fr_FR","og_type":"article","og_title":"Projet de loi sur la r\u00e9serve militaire: renforcer les rangs de l&#039;ANP face aux menaces internes et externes - info algerie","og_description":"ALGER- La ministre des Relations avec le parlement, Basma Azouar, a affirm\u00e9 mercredi que le projet de loi sur la r\u00e9serve militaire tendait \u00e0 renforcer les rangs de l&rsquo;Arm\u00e9e nationale populaire (ANP) face aux menaces internes et externes. &#013; &#013; \u00ab\u00a0Le pr\u00e9sent texte de loi tend \u00e0 r\u00e9organiser et \u00e0 consolider la force de d\u00e9fense","og_url":"https:\/\/www.info-algerie.com\/actualites\/projet-de-loi-sur-la-reserve-militaire-renforcer-les-rangs-de-lanp-face-aux-menaces-internes-et-externes\/","og_site_name":"info algerie","article_publisher":"https:\/\/www.facebook.com\/infoalgerieactu","article_published_time":"2022-07-13T13:46:16+00:00","og_image":[{"width":280,"height":169,"url":"https:\/\/www.info-algerie.com\/actualites\/wp-content\/uploads\/2022\/07\/b65d54100f56e61f856927691ef2f675_S-1.jpg","type":"image\/jpeg"}],"author":"La r\u00e9daction","twitter_misc":{"\u00c9crit par":"La r\u00e9daction","Dur\u00e9e de lecture estim\u00e9e":"2 minutes"},"schema":{"@context":"https:\/\/schema.org","@graph":[{"@type":"Article","@id":"https:\/\/www.info-algerie.com\/actualites\/projet-de-loi-sur-la-reserve-militaire-renforcer-les-rangs-de-lanp-face-aux-menaces-internes-et-externes\/#article","isPartOf":{"@id":"https:\/\/www.info-algerie.com\/actualites\/projet-de-loi-sur-la-reserve-militaire-renforcer-les-rangs-de-lanp-face-aux-menaces-internes-et-externes\/"},"author":{"name":"La r\u00e9daction","@id":"https:\/\/www.info-algerie.com\/actualites\/#\/schema\/person\/847aaec44920825b843a08f30ec6aa1e"},"headline":"Projet de loi sur la r\u00e9serve militaire: renforcer les rangs de l&#039;ANP face aux menaces internes et externes","datePublished":"2022-07-13T13:46:16+00:00","mainEntityOfPage":{"@id":"https:\/\/www.info-algerie.com\/actualites\/projet-de-loi-sur-la-reserve-militaire-renforcer-les-rangs-de-lanp-face-aux-menaces-internes-et-externes\/"},"wordCount":527,"commentCount":0,"publisher":{"@id":"https:\/\/www.info-algerie.com\/actualites\/#organization"},"image":{"@id":"https:\/\/www.info-algerie.com\/actualites\/projet-de-loi-sur-la-reserve-militaire-renforcer-les-rangs-de-lanp-face-aux-menaces-internes-et-externes\/#primaryimage"},"thumbnailUrl":"https:\/\/www.info-algerie.com\/actualites\/wp-content\/uploads\/2022\/07\/b65d54100f56e61f856927691ef2f675_S-1.jpg","keywords":["ONU"],"articleSection":["infos"],"inLanguage":"fr-FR","potentialAction":[{"@type":"CommentAction","name":"Comment","target":["https:\/\/www.info-algerie.com\/actualites\/projet-de-loi-sur-la-reserve-militaire-renforcer-les-rangs-de-lanp-face-aux-menaces-internes-et-externes\/#respond"]}]},{"@type":"WebPage","@id":"https:\/\/www.info-algerie.com\/actualites\/projet-de-loi-sur-la-reserve-militaire-renforcer-les-rangs-de-lanp-face-aux-menaces-internes-et-externes\/","url":"https:\/\/www.info-algerie.com\/actualites\/projet-de-loi-sur-la-reserve-militaire-renforcer-les-rangs-de-lanp-face-aux-menaces-internes-et-externes\/","name":"Projet de loi sur la r\u00e9serve militaire: renforcer les rangs de l&#039;ANP face aux menaces internes et externes - info algerie","isPartOf":{"@id":"https:\/\/www.info-algerie.com\/actualites\/#website"},"primaryImageOfPage":{"@id":"https:\/\/www.info-algerie.com\/actualites\/projet-de-loi-sur-la-reserve-militaire-renforcer-les-rangs-de-lanp-face-aux-menaces-internes-et-externes\/#primaryimage"},"image":{"@id":"https:\/\/www.info-algerie.com\/actualites\/projet-de-loi-sur-la-reserve-militaire-renforcer-les-rangs-de-lanp-face-aux-menaces-internes-et-externes\/#primaryimage"},"thumbnailUrl":"https:\/\/www.info-algerie.com\/actualites\/wp-content\/uploads\/2022\/07\/b65d54100f56e61f856927691ef2f675_S-1.jpg","datePublished":"2022-07-13T13:46:16+00:00","breadcrumb":{"@id":"https:\/\/www.info-algerie.com\/actualites\/projet-de-loi-sur-la-reserve-militaire-renforcer-les-rangs-de-lanp-face-aux-menaces-internes-et-externes\/#breadcrumb"},"inLanguage":"fr-FR","potentialAction":[{"@type":"ReadAction","target":["https:\/\/www.info-algerie.com\/actualites\/projet-de-loi-sur-la-reserve-militaire-renforcer-les-rangs-de-lanp-face-aux-menaces-internes-et-externes\/"]}]},{"@type":"ImageObject","inLanguage":"fr-FR","@id":"https:\/\/www.info-algerie.com\/actualites\/projet-de-loi-sur-la-reserve-militaire-renforcer-les-rangs-de-lanp-face-aux-menaces-internes-et-externes\/#primaryimage","url":"https:\/\/www.info-algerie.com\/actualites\/wp-content\/uploads\/2022\/07\/b65d54100f56e61f856927691ef2f675_S-1.jpg","contentUrl":"https:\/\/www.info-algerie.com\/actualites\/wp-content\/uploads\/2022\/07\/b65d54100f56e61f856927691ef2f675_S-1.jpg","width":280,"height":169},{"@type":"BreadcrumbList","@id":"https:\/\/www.info-algerie.com\/actualites\/projet-de-loi-sur-la-reserve-militaire-renforcer-les-rangs-de-lanp-face-aux-menaces-internes-et-externes\/#breadcrumb","itemListElement":[{"@type":"ListItem","position":1,"name":"Accueil","item":"https:\/\/www.info-algerie.com\/actualites\/"},{"@type":"ListItem","position":2,"name":"Projet de loi sur la r\u00e9serve militaire: renforcer les rangs de l&#039;ANP face aux menaces internes et externes"}]},{"@type":"WebSite","@id":"https:\/\/www.info-algerie.com\/actualites\/#website","url":"https:\/\/www.info-algerie.com\/actualites\/","name":"info algerie","description":"Toutes les actualit\u00e9s","publisher":{"@id":"https:\/\/www.info-algerie.com\/actualites\/#organization"},"potentialAction":[{"@type":"SearchAction","target":{"@type":"EntryPoint","urlTemplate":"https:\/\/www.info-algerie.com\/actualites\/?s={search_term_string}"},"query-input":{"@type":"PropertyValueSpecification","valueRequired":true,"valueName":"search_term_string"}}],"inLanguage":"fr-FR"},{"@type":"Organization","@id":"https:\/\/www.info-algerie.com\/actualites\/#organization","name":"info algerie","url":"https:\/\/www.info-algerie.com\/actualites\/","logo":{"@type":"ImageObject","inLanguage":"fr-FR","@id":"https:\/\/www.info-algerie.com\/actualites\/#\/schema\/logo\/image\/","url":"https:\/\/www.info-algerie.com\/actualites\/wp-content\/uploads\/2022\/07\/logo-ia-120.png","contentUrl":"https:\/\/www.info-algerie.com\/actualites\/wp-content\/uploads\/2022\/07\/logo-ia-120.png","width":120,"height":43,"caption":"info algerie"},"image":{"@id":"https:\/\/www.info-algerie.com\/actualites\/#\/schema\/logo\/image\/"},"sameAs":["https:\/\/www.facebook.com\/infoalgerieactu","https:\/\/x.com\/infoalgerie1"]},{"@type":"Person","@id":"https:\/\/www.info-algerie.com\/actualites\/#\/schema\/person\/847aaec44920825b843a08f30ec6aa1e","name":"La r\u00e9daction","image":{"@type":"ImageObject","inLanguage":"fr-FR","@id":"https:\/\/secure.gravatar.com\/avatar\/769db425c6f465158149f1ffd6cf61ce7a8a879d11dfbef8288af36dfddd418c?s=96&d=mm&r=g","url":"https:\/\/secure.gravatar.com\/avatar\/769db425c6f465158149f1ffd6cf61ce7a8a879d11dfbef8288af36dfddd418c?s=96&d=mm&r=g","contentUrl":"https:\/\/secure.gravatar.com\/avatar\/769db425c6f465158149f1ffd6cf61ce7a8a879d11dfbef8288af36dfddd418c?s=96&d=mm&r=g","caption":"La r\u00e9daction"},"sameAs":["http:\/\/www.lkeria.com\/"],"url":"https:\/\/www.info-algerie.com\/actualites\/author\/chakib32\/"}]}},"_links":{"self":[{"href":"https:\/\/www.info-algerie.com\/actualites\/wp-json\/wp\/v2\/posts\/27472","targetHints":{"allow":["GET"]}}],"collection":[{"href":"https:\/\/www.info-algerie.com\/actualites\/wp-json\/wp\/v2\/posts"}],"about":[{"href":"https:\/\/www.info-algerie.com\/actualites\/wp-json\/wp\/v2\/types\/post"}],"author":[{"embeddable":true,"href":"https:\/\/www.info-algerie.com\/actualites\/wp-json\/wp\/v2\/users\/6"}],"replies":[{"embeddable":true,"href":"https:\/\/www.info-algerie.com\/actualites\/wp-json\/wp\/v2\/comments?post=27472"}],"version-history":[{"count":0,"href":"https:\/\/www.info-algerie.com\/actualites\/wp-json\/wp\/v2\/posts\/27472\/revisions"}],"wp:featuredmedia":[{"embeddable":true,"href":"https:\/\/www.info-algerie.com\/actualites\/wp-json\/wp\/v2\/media\/27473"}],"wp:attachment":[{"href":"https:\/\/www.info-algerie.com\/actualites\/wp-json\/wp\/v2\/media?parent=27472"}],"wp:term":[{"taxonomy":"category","embeddable":true,"href":"https:\/\/www.info-algerie.com\/actualites\/wp-json\/wp\/v2\/categories?post=27472"},{"taxonomy":"post_tag","embeddable":true,"href":"https:\/\/www.info-algerie.com\/actualites\/wp-json\/wp\/v2\/tags?post=27472"}],"curies":[{"name":"wp","href":"https:\/\/api.w.org\/{rel}","templated":true}]}}