{"id":27485,"date":"2022-07-13T19:54:16","date_gmt":"2022-07-13T18:54:16","guid":{"rendered":"https:\/\/www.info-algerie.com\/actualites\/lalgerie-a-toujours-ete-un-modele-a-mediter-pour-les-peuples-epris-de-liberte-diplomate-sud-africain\/"},"modified":"2022-07-13T19:54:16","modified_gmt":"2022-07-13T18:54:16","slug":"lalgerie-a-toujours-ete-un-modele-a-mediter-pour-les-peuples-epris-de-liberte-diplomate-sud-africain","status":"publish","type":"post","link":"https:\/\/www.info-algerie.com\/actualites\/lalgerie-a-toujours-ete-un-modele-a-mediter-pour-les-peuples-epris-de-liberte-diplomate-sud-africain\/","title":{"rendered":"L&#039;Alg\u00e9rie a toujours \u00e9t\u00e9 un mod\u00e8le \u00e0 m\u00e9diter pour les peuples \u00e9pris de libert\u00e9 (Diplomate sud-africain)"},"content":{"rendered":"<div class=\"K2FeedIntroText\">\n<p><strong>ALGER- Le Charg\u00e9 d&rsquo;affaires \u00e0 l&rsquo;ambassade d&rsquo;Afrique du Sud \u00e0 Alger, Sello Patrick Rankhumise, a affirm\u00e9 mercredi \u00e0 Alger, que \u00ab\u00a0l&rsquo;Alg\u00e9rie a toujours \u00e9t\u00e9 \u00e0 l&rsquo;avant-garde des Etats hostiles \u00e0 l&rsquo;occupation\u00a0\u00bb et qu&rsquo;elle \u00e9tait \u00ab\u00a0un mod\u00e8le \u00e0 m\u00e9diter en mati\u00e8re de lutte contre le colonialisme, pour les peuples \u00e9pris de libert\u00e9 \u00ab\u00a0.<\/strong><\/p>\n<p>&#013;\n<\/p><\/div>\n<div class=\"K2FeedFullText\">&#013;<\/p>\n<p>Lors du forum de la M\u00e9moire organis\u00e9 par l`association \u00ab\u00a0Macha\u00e2l Ech-Chahid\u00a0\u00bb et le journal El-Moudjahid \u00e0 Alger, autour de \u00ab\u00a0Nelson Mandela et la Guerre de lib\u00e9ration nationale\u00a0\u00bb, dans le cadre de la c\u00e9l\u00e9bration du 60e anniversaire du recouvrement de la souverainet\u00e9 nationale et \u00e0 l&rsquo;occasion de la Journ\u00e9e internationale Nelson Mandela qui co\u00efncide avec le 18 juillet de chaque ann\u00e9e, l&rsquo;intervenant a soulign\u00e9 que \u00ab\u00a0la Guerre de lib\u00e9ration alg\u00e9rienne men\u00e9e contre l&rsquo;occupant fran\u00e7ais est un mod\u00e8le qui inspire, \u00e0 ce jour, les peuples africains\u00a0\u00bb.<\/p>\n<p>&#013;<\/p>\n<p>Dans ce contexte, le diplomate sud-africain a salu\u00e9 la position ferme de l&rsquo;Alg\u00e9rie dans le soutien aux mouvements de lib\u00e9ration en Afrique, ce qui l&rsquo;\u00e9rige en \u00ab\u00a0mod\u00e8le \u00e0 m\u00e9diter pour les peuples \u00e9pris de libert\u00e9\u00a0\u00bb.<\/p>\n<p>&#013;<\/p>\n<p>Evoquant l&rsquo;ic\u00f4ne de la lutte en Afrique et dans le monde, Nelson Mandela, le diplomate sud-africain a pass\u00e9 en revue les \u00e9tapes de sa lutte, y compris \u00ab\u00a0son s\u00e9jour en Alg\u00e9rie pour s&rsquo;impr\u00e9gner de la Guerre de lib\u00e9ration nationale\u00a0\u00bb.<\/p>\n<p>&#013;<\/p>\n<p>Dans ce contexte, il a appel\u00e9 \u00e0 s&rsquo;inspirer de la \u00ab\u00a0lutte de Nelson Mandela contre le racisme et les in\u00e9galit\u00e9s et en faveur du droit des peuples \u00e0 la libert\u00e9 et \u00e0 l&rsquo;autod\u00e9termination\u00a0\u00bb.<\/p>\n<p>&#013;<\/p>\n<p>Evoquant la question sahraouie, derni\u00e8re colonie en Afrique, il a d\u00e9plor\u00e9 la persistance de l&rsquo;occupation marocaine des territoires sahraouis, affirmant que \u00ab\u00a0le moment est venu de permettre au peuple sahraoui de jouir de son droit \u00e0 l&rsquo;autod\u00e9termination et \u00e0 l&rsquo;ind\u00e9pendance conform\u00e9ment \u00e0 la l\u00e9galit\u00e9 internationale\u00a0\u00bb.<\/p>\n<p>&#013;<\/p>\n<p>Le diplomate africain a, par ailleurs, \u00e9voqu\u00e9 la trag\u00e9die des migrants africains et le meurtre de dizaines d&rsquo;entre eux par les forces de s\u00e9curit\u00e9 marocaines alors qu&rsquo;ils tentaient d&rsquo;entrer dans l&rsquo;enclave espagnole de Melilla depuis la ville marocaine de Nador, appelant \u00e0 \u00ab\u00a0l&rsquo;ouverture d&rsquo;une enqu\u00eate sur cette trag\u00e9die\u00a0\u00bb.<\/p>\n<p>&#013;<\/p>\n<p>Nelson Mandela (1918-2013) compte parmi les grands symboles r\u00e9volutionnaires du XXe si\u00e8cle dans le monde, \u00e0 travers sa lutte contre l&rsquo;apartheid en Afrique du Sud.<\/p>\n<p>&#013;<\/p>\n<p>Il s&rsquo;est inspir\u00e9 de la R\u00e9volution alg\u00e9rienne qu&rsquo;il consid\u00e9rait comme le\u00a0 \u00ab\u00a0mod\u00e8le le plus proche\u00a0\u00bb de la lutte anti-apartheid men\u00e9e par son peuple.<\/p>\n<\/div>\n<p>&#013;<br \/>\nSource: <a href=\"http:\/\/www.aps.dz\/algerie\/142820-l-algerie-a-toujours-ete-un-modele-a-mediter-pour-les-peuples-epris-de-liberte-diplomate-sud-africain\" target=\"_blank\" rel=\"noopener\">L&rsquo;Alg\u00e9rie a toujours \u00e9t\u00e9 un mod\u00e8le \u00e0 m\u00e9diter pour les peuples \u00e9pris de libert\u00e9 (Diplomate sud-africain)<\/a><\/p>\n<!--CusAds0-->\n<div style=\"font-size: 0px; height: 0px; line-height: 0px; margin: 0; padding: 0; clear: both;\"><\/div>","protected":false},"excerpt":{"rendered":"<p>ALGER- Le Charg\u00e9 d&rsquo;affaires \u00e0 l&rsquo;ambassade d&rsquo;Afrique du Sud \u00e0 Alger, Sello Patrick Rankhumise, a affirm\u00e9 mercredi \u00e0 Alger, que \u00ab\u00a0l&rsquo;Alg\u00e9rie a toujours \u00e9t\u00e9 \u00e0 l&rsquo;avant-garde des Etats hostiles \u00e0 l&rsquo;occupation\u00a0\u00bb et qu&rsquo;elle \u00e9tait \u00ab\u00a0un mod\u00e8le \u00e0 m\u00e9diter en mati\u00e8re de lutte contre le colonialisme, pour les peuples \u00e9pris de libert\u00e9 \u00ab\u00a0. &#013; &#013; Lors<\/p>\n","protected":false},"author":6,"featured_media":0,"comment_status":"open","ping_status":"open","sticky":false,"template":"","format":"standard","meta":{"footnotes":""},"categories":[22],"tags":[93],"class_list":["post-27485","post","type-post","status-publish","format-standard","hentry","category-infos","tag-onu"],"yoast_head":"<!-- This site is optimized with the Yoast SEO plugin v27.5 - https:\/\/yoast.com\/product\/yoast-seo-wordpress\/ -->\n<title>L&#039;Alg\u00e9rie a toujours \u00e9t\u00e9 un mod\u00e8le \u00e0 m\u00e9diter pour les peuples \u00e9pris de libert\u00e9 (Diplomate sud-africain) - info algerie<\/title>\n<meta name=\"robots\" content=\"index, follow, max-snippet:-1, max-image-preview:large, max-video-preview:-1\" \/>\n<link rel=\"canonical\" href=\"https:\/\/www.info-algerie.com\/actualites\/lalgerie-a-toujours-ete-un-modele-a-mediter-pour-les-peuples-epris-de-liberte-diplomate-sud-africain\/\" \/>\n<meta property=\"og:locale\" content=\"fr_FR\" \/>\n<meta property=\"og:type\" content=\"article\" \/>\n<meta property=\"og:title\" content=\"L&#039;Alg\u00e9rie a toujours \u00e9t\u00e9 un mod\u00e8le \u00e0 m\u00e9diter pour les peuples \u00e9pris de libert\u00e9 (Diplomate sud-africain) - info algerie\" \/>\n<meta property=\"og:description\" content=\"ALGER- Le Charg\u00e9 d&rsquo;affaires \u00e0 l&rsquo;ambassade d&rsquo;Afrique du Sud \u00e0 Alger, Sello Patrick Rankhumise, a affirm\u00e9 mercredi \u00e0 Alger, que \u00ab\u00a0l&rsquo;Alg\u00e9rie a toujours \u00e9t\u00e9 \u00e0 l&rsquo;avant-garde des Etats hostiles \u00e0 l&rsquo;occupation\u00a0\u00bb et qu&rsquo;elle \u00e9tait \u00ab\u00a0un mod\u00e8le \u00e0 m\u00e9diter en mati\u00e8re de lutte contre le colonialisme, pour les peuples \u00e9pris de libert\u00e9 \u00ab\u00a0. &#013; &#013; Lors\" \/>\n<meta property=\"og:url\" content=\"https:\/\/www.info-algerie.com\/actualites\/lalgerie-a-toujours-ete-un-modele-a-mediter-pour-les-peuples-epris-de-liberte-diplomate-sud-africain\/\" \/>\n<meta property=\"og:site_name\" content=\"info algerie\" \/>\n<meta property=\"article:publisher\" content=\"https:\/\/www.facebook.com\/infoalgerieactu\" \/>\n<meta property=\"article:published_time\" content=\"2022-07-13T18:54:16+00:00\" \/>\n<meta name=\"author\" content=\"La r\u00e9daction\" \/>\n<meta name=\"twitter:label1\" content=\"\u00c9crit par\" \/>\n\t<meta name=\"twitter:data1\" content=\"La r\u00e9daction\" \/>\n\t<meta name=\"twitter:label2\" content=\"Dur\u00e9e de lecture estim\u00e9e\" \/>\n\t<meta name=\"twitter:data2\" content=\"2 minutes\" \/>\n<script type=\"application\/ld+json\" class=\"yoast-schema-graph\">{\"@context\":\"https:\\\/\\\/schema.org\",\"@graph\":[{\"@type\":\"Article\",\"@id\":\"https:\\\/\\\/www.info-algerie.com\\\/actualites\\\/lalgerie-a-toujours-ete-un-modele-a-mediter-pour-les-peuples-epris-de-liberte-diplomate-sud-africain\\\/#article\",\"isPartOf\":{\"@id\":\"https:\\\/\\\/www.info-algerie.com\\\/actualites\\\/lalgerie-a-toujours-ete-un-modele-a-mediter-pour-les-peuples-epris-de-liberte-diplomate-sud-africain\\\/\"},\"author\":{\"name\":\"La r\u00e9daction\",\"@id\":\"https:\\\/\\\/www.info-algerie.com\\\/actualites\\\/#\\\/schema\\\/person\\\/847aaec44920825b843a08f30ec6aa1e\"},\"headline\":\"L&#039;Alg\u00e9rie a toujours \u00e9t\u00e9 un mod\u00e8le \u00e0 m\u00e9diter pour les peuples \u00e9pris de libert\u00e9 (Diplomate sud-africain)\",\"datePublished\":\"2022-07-13T18:54:16+00:00\",\"mainEntityOfPage\":{\"@id\":\"https:\\\/\\\/www.info-algerie.com\\\/actualites\\\/lalgerie-a-toujours-ete-un-modele-a-mediter-pour-les-peuples-epris-de-liberte-diplomate-sud-africain\\\/\"},\"wordCount\":478,\"commentCount\":0,\"publisher\":{\"@id\":\"https:\\\/\\\/www.info-algerie.com\\\/actualites\\\/#organization\"},\"keywords\":[\"ONU\"],\"articleSection\":[\"infos\"],\"inLanguage\":\"fr-FR\",\"potentialAction\":[{\"@type\":\"CommentAction\",\"name\":\"Comment\",\"target\":[\"https:\\\/\\\/www.info-algerie.com\\\/actualites\\\/lalgerie-a-toujours-ete-un-modele-a-mediter-pour-les-peuples-epris-de-liberte-diplomate-sud-africain\\\/#respond\"]}]},{\"@type\":\"WebPage\",\"@id\":\"https:\\\/\\\/www.info-algerie.com\\\/actualites\\\/lalgerie-a-toujours-ete-un-modele-a-mediter-pour-les-peuples-epris-de-liberte-diplomate-sud-africain\\\/\",\"url\":\"https:\\\/\\\/www.info-algerie.com\\\/actualites\\\/lalgerie-a-toujours-ete-un-modele-a-mediter-pour-les-peuples-epris-de-liberte-diplomate-sud-africain\\\/\",\"name\":\"L&#039;Alg\u00e9rie a toujours \u00e9t\u00e9 un mod\u00e8le \u00e0 m\u00e9diter pour les peuples \u00e9pris de libert\u00e9 (Diplomate sud-africain) - info algerie\",\"isPartOf\":{\"@id\":\"https:\\\/\\\/www.info-algerie.com\\\/actualites\\\/#website\"},\"datePublished\":\"2022-07-13T18:54:16+00:00\",\"breadcrumb\":{\"@id\":\"https:\\\/\\\/www.info-algerie.com\\\/actualites\\\/lalgerie-a-toujours-ete-un-modele-a-mediter-pour-les-peuples-epris-de-liberte-diplomate-sud-africain\\\/#breadcrumb\"},\"inLanguage\":\"fr-FR\",\"potentialAction\":[{\"@type\":\"ReadAction\",\"target\":[\"https:\\\/\\\/www.info-algerie.com\\\/actualites\\\/lalgerie-a-toujours-ete-un-modele-a-mediter-pour-les-peuples-epris-de-liberte-diplomate-sud-africain\\\/\"]}]},{\"@type\":\"BreadcrumbList\",\"@id\":\"https:\\\/\\\/www.info-algerie.com\\\/actualites\\\/lalgerie-a-toujours-ete-un-modele-a-mediter-pour-les-peuples-epris-de-liberte-diplomate-sud-africain\\\/#breadcrumb\",\"itemListElement\":[{\"@type\":\"ListItem\",\"position\":1,\"name\":\"Accueil\",\"item\":\"https:\\\/\\\/www.info-algerie.com\\\/actualites\\\/\"},{\"@type\":\"ListItem\",\"position\":2,\"name\":\"L&#039;Alg\u00e9rie a toujours \u00e9t\u00e9 un mod\u00e8le \u00e0 m\u00e9diter pour les peuples \u00e9pris de libert\u00e9 (Diplomate sud-africain)\"}]},{\"@type\":\"WebSite\",\"@id\":\"https:\\\/\\\/www.info-algerie.com\\\/actualites\\\/#website\",\"url\":\"https:\\\/\\\/www.info-algerie.com\\\/actualites\\\/\",\"name\":\"info algerie\",\"description\":\"Toutes les actualit\u00e9s\",\"publisher\":{\"@id\":\"https:\\\/\\\/www.info-algerie.com\\\/actualites\\\/#organization\"},\"potentialAction\":[{\"@type\":\"SearchAction\",\"target\":{\"@type\":\"EntryPoint\",\"urlTemplate\":\"https:\\\/\\\/www.info-algerie.com\\\/actualites\\\/?s={search_term_string}\"},\"query-input\":{\"@type\":\"PropertyValueSpecification\",\"valueRequired\":true,\"valueName\":\"search_term_string\"}}],\"inLanguage\":\"fr-FR\"},{\"@type\":\"Organization\",\"@id\":\"https:\\\/\\\/www.info-algerie.com\\\/actualites\\\/#organization\",\"name\":\"info algerie\",\"url\":\"https:\\\/\\\/www.info-algerie.com\\\/actualites\\\/\",\"logo\":{\"@type\":\"ImageObject\",\"inLanguage\":\"fr-FR\",\"@id\":\"https:\\\/\\\/www.info-algerie.com\\\/actualites\\\/#\\\/schema\\\/logo\\\/image\\\/\",\"url\":\"https:\\\/\\\/www.info-algerie.com\\\/actualites\\\/wp-content\\\/uploads\\\/2022\\\/07\\\/logo-ia-120.png\",\"contentUrl\":\"https:\\\/\\\/www.info-algerie.com\\\/actualites\\\/wp-content\\\/uploads\\\/2022\\\/07\\\/logo-ia-120.png\",\"width\":120,\"height\":43,\"caption\":\"info algerie\"},\"image\":{\"@id\":\"https:\\\/\\\/www.info-algerie.com\\\/actualites\\\/#\\\/schema\\\/logo\\\/image\\\/\"},\"sameAs\":[\"https:\\\/\\\/www.facebook.com\\\/infoalgerieactu\",\"https:\\\/\\\/x.com\\\/infoalgerie1\"]},{\"@type\":\"Person\",\"@id\":\"https:\\\/\\\/www.info-algerie.com\\\/actualites\\\/#\\\/schema\\\/person\\\/847aaec44920825b843a08f30ec6aa1e\",\"name\":\"La r\u00e9daction\",\"image\":{\"@type\":\"ImageObject\",\"inLanguage\":\"fr-FR\",\"@id\":\"https:\\\/\\\/secure.gravatar.com\\\/avatar\\\/769db425c6f465158149f1ffd6cf61ce7a8a879d11dfbef8288af36dfddd418c?s=96&d=mm&r=g\",\"url\":\"https:\\\/\\\/secure.gravatar.com\\\/avatar\\\/769db425c6f465158149f1ffd6cf61ce7a8a879d11dfbef8288af36dfddd418c?s=96&d=mm&r=g\",\"contentUrl\":\"https:\\\/\\\/secure.gravatar.com\\\/avatar\\\/769db425c6f465158149f1ffd6cf61ce7a8a879d11dfbef8288af36dfddd418c?s=96&d=mm&r=g\",\"caption\":\"La r\u00e9daction\"},\"sameAs\":[\"http:\\\/\\\/www.lkeria.com\\\/\"],\"url\":\"https:\\\/\\\/www.info-algerie.com\\\/actualites\\\/author\\\/chakib32\\\/\"}]}<\/script>\n<!-- \/ Yoast SEO plugin. -->","yoast_head_json":{"title":"L&#039;Alg\u00e9rie a toujours \u00e9t\u00e9 un mod\u00e8le \u00e0 m\u00e9diter pour les peuples \u00e9pris de libert\u00e9 (Diplomate sud-africain) - info algerie","robots":{"index":"index","follow":"follow","max-snippet":"max-snippet:-1","max-image-preview":"max-image-preview:large","max-video-preview":"max-video-preview:-1"},"canonical":"https:\/\/www.info-algerie.com\/actualites\/lalgerie-a-toujours-ete-un-modele-a-mediter-pour-les-peuples-epris-de-liberte-diplomate-sud-africain\/","og_locale":"fr_FR","og_type":"article","og_title":"L&#039;Alg\u00e9rie a toujours \u00e9t\u00e9 un mod\u00e8le \u00e0 m\u00e9diter pour les peuples \u00e9pris de libert\u00e9 (Diplomate sud-africain) - info algerie","og_description":"ALGER- Le Charg\u00e9 d&rsquo;affaires \u00e0 l&rsquo;ambassade d&rsquo;Afrique du Sud \u00e0 Alger, Sello Patrick Rankhumise, a affirm\u00e9 mercredi \u00e0 Alger, que \u00ab\u00a0l&rsquo;Alg\u00e9rie a toujours \u00e9t\u00e9 \u00e0 l&rsquo;avant-garde des Etats hostiles \u00e0 l&rsquo;occupation\u00a0\u00bb et qu&rsquo;elle \u00e9tait \u00ab\u00a0un mod\u00e8le \u00e0 m\u00e9diter en mati\u00e8re de lutte contre le colonialisme, pour les peuples \u00e9pris de libert\u00e9 \u00ab\u00a0. &#013; &#013; Lors","og_url":"https:\/\/www.info-algerie.com\/actualites\/lalgerie-a-toujours-ete-un-modele-a-mediter-pour-les-peuples-epris-de-liberte-diplomate-sud-africain\/","og_site_name":"info algerie","article_publisher":"https:\/\/www.facebook.com\/infoalgerieactu","article_published_time":"2022-07-13T18:54:16+00:00","author":"La r\u00e9daction","twitter_misc":{"\u00c9crit par":"La r\u00e9daction","Dur\u00e9e de lecture estim\u00e9e":"2 minutes"},"schema":{"@context":"https:\/\/schema.org","@graph":[{"@type":"Article","@id":"https:\/\/www.info-algerie.com\/actualites\/lalgerie-a-toujours-ete-un-modele-a-mediter-pour-les-peuples-epris-de-liberte-diplomate-sud-africain\/#article","isPartOf":{"@id":"https:\/\/www.info-algerie.com\/actualites\/lalgerie-a-toujours-ete-un-modele-a-mediter-pour-les-peuples-epris-de-liberte-diplomate-sud-africain\/"},"author":{"name":"La r\u00e9daction","@id":"https:\/\/www.info-algerie.com\/actualites\/#\/schema\/person\/847aaec44920825b843a08f30ec6aa1e"},"headline":"L&#039;Alg\u00e9rie a toujours \u00e9t\u00e9 un mod\u00e8le \u00e0 m\u00e9diter pour les peuples \u00e9pris de libert\u00e9 (Diplomate sud-africain)","datePublished":"2022-07-13T18:54:16+00:00","mainEntityOfPage":{"@id":"https:\/\/www.info-algerie.com\/actualites\/lalgerie-a-toujours-ete-un-modele-a-mediter-pour-les-peuples-epris-de-liberte-diplomate-sud-africain\/"},"wordCount":478,"commentCount":0,"publisher":{"@id":"https:\/\/www.info-algerie.com\/actualites\/#organization"},"keywords":["ONU"],"articleSection":["infos"],"inLanguage":"fr-FR","potentialAction":[{"@type":"CommentAction","name":"Comment","target":["https:\/\/www.info-algerie.com\/actualites\/lalgerie-a-toujours-ete-un-modele-a-mediter-pour-les-peuples-epris-de-liberte-diplomate-sud-africain\/#respond"]}]},{"@type":"WebPage","@id":"https:\/\/www.info-algerie.com\/actualites\/lalgerie-a-toujours-ete-un-modele-a-mediter-pour-les-peuples-epris-de-liberte-diplomate-sud-africain\/","url":"https:\/\/www.info-algerie.com\/actualites\/lalgerie-a-toujours-ete-un-modele-a-mediter-pour-les-peuples-epris-de-liberte-diplomate-sud-africain\/","name":"L&#039;Alg\u00e9rie a toujours \u00e9t\u00e9 un mod\u00e8le \u00e0 m\u00e9diter pour les peuples \u00e9pris de libert\u00e9 (Diplomate sud-africain) - info algerie","isPartOf":{"@id":"https:\/\/www.info-algerie.com\/actualites\/#website"},"datePublished":"2022-07-13T18:54:16+00:00","breadcrumb":{"@id":"https:\/\/www.info-algerie.com\/actualites\/lalgerie-a-toujours-ete-un-modele-a-mediter-pour-les-peuples-epris-de-liberte-diplomate-sud-africain\/#breadcrumb"},"inLanguage":"fr-FR","potentialAction":[{"@type":"ReadAction","target":["https:\/\/www.info-algerie.com\/actualites\/lalgerie-a-toujours-ete-un-modele-a-mediter-pour-les-peuples-epris-de-liberte-diplomate-sud-africain\/"]}]},{"@type":"BreadcrumbList","@id":"https:\/\/www.info-algerie.com\/actualites\/lalgerie-a-toujours-ete-un-modele-a-mediter-pour-les-peuples-epris-de-liberte-diplomate-sud-africain\/#breadcrumb","itemListElement":[{"@type":"ListItem","position":1,"name":"Accueil","item":"https:\/\/www.info-algerie.com\/actualites\/"},{"@type":"ListItem","position":2,"name":"L&#039;Alg\u00e9rie a toujours \u00e9t\u00e9 un mod\u00e8le \u00e0 m\u00e9diter pour les peuples \u00e9pris de libert\u00e9 (Diplomate sud-africain)"}]},{"@type":"WebSite","@id":"https:\/\/www.info-algerie.com\/actualites\/#website","url":"https:\/\/www.info-algerie.com\/actualites\/","name":"info algerie","description":"Toutes les actualit\u00e9s","publisher":{"@id":"https:\/\/www.info-algerie.com\/actualites\/#organization"},"potentialAction":[{"@type":"SearchAction","target":{"@type":"EntryPoint","urlTemplate":"https:\/\/www.info-algerie.com\/actualites\/?s={search_term_string}"},"query-input":{"@type":"PropertyValueSpecification","valueRequired":true,"valueName":"search_term_string"}}],"inLanguage":"fr-FR"},{"@type":"Organization","@id":"https:\/\/www.info-algerie.com\/actualites\/#organization","name":"info algerie","url":"https:\/\/www.info-algerie.com\/actualites\/","logo":{"@type":"ImageObject","inLanguage":"fr-FR","@id":"https:\/\/www.info-algerie.com\/actualites\/#\/schema\/logo\/image\/","url":"https:\/\/www.info-algerie.com\/actualites\/wp-content\/uploads\/2022\/07\/logo-ia-120.png","contentUrl":"https:\/\/www.info-algerie.com\/actualites\/wp-content\/uploads\/2022\/07\/logo-ia-120.png","width":120,"height":43,"caption":"info algerie"},"image":{"@id":"https:\/\/www.info-algerie.com\/actualites\/#\/schema\/logo\/image\/"},"sameAs":["https:\/\/www.facebook.com\/infoalgerieactu","https:\/\/x.com\/infoalgerie1"]},{"@type":"Person","@id":"https:\/\/www.info-algerie.com\/actualites\/#\/schema\/person\/847aaec44920825b843a08f30ec6aa1e","name":"La r\u00e9daction","image":{"@type":"ImageObject","inLanguage":"fr-FR","@id":"https:\/\/secure.gravatar.com\/avatar\/769db425c6f465158149f1ffd6cf61ce7a8a879d11dfbef8288af36dfddd418c?s=96&d=mm&r=g","url":"https:\/\/secure.gravatar.com\/avatar\/769db425c6f465158149f1ffd6cf61ce7a8a879d11dfbef8288af36dfddd418c?s=96&d=mm&r=g","contentUrl":"https:\/\/secure.gravatar.com\/avatar\/769db425c6f465158149f1ffd6cf61ce7a8a879d11dfbef8288af36dfddd418c?s=96&d=mm&r=g","caption":"La r\u00e9daction"},"sameAs":["http:\/\/www.lkeria.com\/"],"url":"https:\/\/www.info-algerie.com\/actualites\/author\/chakib32\/"}]}},"_links":{"self":[{"href":"https:\/\/www.info-algerie.com\/actualites\/wp-json\/wp\/v2\/posts\/27485","targetHints":{"allow":["GET"]}}],"collection":[{"href":"https:\/\/www.info-algerie.com\/actualites\/wp-json\/wp\/v2\/posts"}],"about":[{"href":"https:\/\/www.info-algerie.com\/actualites\/wp-json\/wp\/v2\/types\/post"}],"author":[{"embeddable":true,"href":"https:\/\/www.info-algerie.com\/actualites\/wp-json\/wp\/v2\/users\/6"}],"replies":[{"embeddable":true,"href":"https:\/\/www.info-algerie.com\/actualites\/wp-json\/wp\/v2\/comments?post=27485"}],"version-history":[{"count":0,"href":"https:\/\/www.info-algerie.com\/actualites\/wp-json\/wp\/v2\/posts\/27485\/revisions"}],"wp:attachment":[{"href":"https:\/\/www.info-algerie.com\/actualites\/wp-json\/wp\/v2\/media?parent=27485"}],"wp:term":[{"taxonomy":"category","embeddable":true,"href":"https:\/\/www.info-algerie.com\/actualites\/wp-json\/wp\/v2\/categories?post=27485"},{"taxonomy":"post_tag","embeddable":true,"href":"https:\/\/www.info-algerie.com\/actualites\/wp-json\/wp\/v2\/tags?post=27485"}],"curies":[{"name":"wp","href":"https:\/\/api.w.org\/{rel}","templated":true}]}}