{"id":27487,"date":"2022-07-13T19:46:30","date_gmt":"2022-07-13T18:46:30","guid":{"rendered":"https:\/\/www.info-algerie.com\/actualites\/la-revolution-algerienne-source-dinspiration-pour-nelson-mandela\/"},"modified":"2022-07-13T19:46:30","modified_gmt":"2022-07-13T18:46:30","slug":"la-revolution-algerienne-source-dinspiration-pour-nelson-mandela","status":"publish","type":"post","link":"https:\/\/www.info-algerie.com\/actualites\/la-revolution-algerienne-source-dinspiration-pour-nelson-mandela\/","title":{"rendered":"La R\u00e9volution alg\u00e9rienne, source d&#039;inspiration pour Nelson Mandela"},"content":{"rendered":"<div class=\"K2FeedImage\"><img decoding=\"async\" src=\"https:\/\/www.info-algerie.com\/actualites\/wp-content\/uploads\/2022\/07\/2cc7ec70119496df10a3c918dfcacc45_S.jpg\" alt=\"La R&#xE9;volution alg&#xE9;rienne, source d'inspiration pour Nelson Mandela\" \/><\/div>\n<div class=\"K2FeedIntroText\">\n<p><strong>ALGER- La R\u00e9volution alg\u00e9rienne a, grandement, inspir\u00e9 le d\u00e9funt leader sud-africain, Nelson Mandela dans son combat pour la libert\u00e9, ont affirm\u00e9 mercredi \u00e0 Alger les participants au \u00ab\u00a0Forum de la m\u00e9moire\u00a0\u00bb sur \u00ab\u00a0Nelson Mandela et la Guerre de lib\u00e9ration nationale\u00a0\u00bb.<\/strong><\/p>\n<p>&#013;\n<\/p><\/div>\n<div class=\"K2FeedFullText\">&#013;<\/p>\n<p>Organis\u00e9 par l&rsquo;Association \u00ab\u00a0Mechaal Echahid\u00a0\u00bb et le quotidien El-Moudjahid dans le cadre des festivit\u00e9s du 60e anniversaire du recouvrement de la souverainet\u00e9 nationale et \u00e0 l&rsquo;occasion de la Journ\u00e9e internationale \u00ab\u00a0Nelson Mandela\u00a0\u00bb, c\u00e9l\u00e9br\u00e9e le 18 juillet de chaque ann\u00e9e, le Forum a \u00e9t\u00e9 anim\u00e9 par le moudjahid et diplomate Noureddine Djoudi, ancien ambassadeur en Afrique du Sud ayant c\u00f4toy\u00e9 le leader sud-africain durant la guerre de lib\u00e9ration.<\/p>\n<p>&#013;<\/p>\n<p>Ont assist\u00e9 au Forum, des diplomates alg\u00e9riens et africains en t\u00eate desquels le charg\u00e9 d&rsquo;affaires de l&rsquo;ambassade de la r\u00e9publique d&rsquo;Afrique du Sud \u00e0 Alger, Sello Patrick Rankhumise, outre des moudjahidine et des repr\u00e9sentants des minist\u00e8res des Affaires \u00e9trang\u00e8res, des Moudjahidine et de la D\u00e9fense nationale.<\/p>\n<p>&#013;<\/p>\n<blockquote><p>&#013;<\/p>\n<p><strong><em>Les conf\u00e9renciers ont unanimement affirm\u00e9 que le d\u00e9funt leader, Connu \u00e9galement sous le nom de \u00ab\u00a0Madiba\u00a0\u00bb (1918-2013) s&rsquo;est inspir\u00e9 de la R\u00e9volution alg\u00e9rienne dans son combat pour la libert\u00e9, mettant en exergue le r\u00f4le de l&rsquo;Alg\u00e9rie en termes de soutien aux mouvements de lib\u00e9rations et sa prise de position en faveur des peuples opprim\u00e9s, notamment les causes sahraouie et palestinienne.<\/em><\/strong><\/p>\n<p>&#013;\n<\/p><\/blockquote>\n<p>&#013;<\/p>\n<p>Intervenant \u00e0 l&rsquo;occasion, l&rsquo;ancien ambassadeur et moudjahid, Noureddine Djoudi a racont\u00e9 l&rsquo;appui apport\u00e9 par la R\u00e9volution alg\u00e9rienne au leader africain qui \u00ab\u00a0a re\u00e7u une instruction militaire en Alg\u00e9rie\u00a0\u00bb, retra\u00e7ant, par la m\u00eame, les \u00e9tapes phares de son s\u00e9jour en Alg\u00e9rie.<\/p>\n<p>&#013;<\/p>\n<p>Apr\u00e8s avoir achev\u00e9 sa formation militaire, feu Mandela a repris la lutte anti-apartheid avant qu&rsquo;il ne soit arr\u00eat\u00e9 en 1964 et condamn\u00e9 \u00e0 la perp\u00e9tuit\u00e9, raconte M. Djoudi.<\/p>\n<p>&#013;<\/p>\n<p>Et d&rsquo;ajouter que \u00ab\u00a0Mandela a \u00e9t\u00e9 impressionn\u00e9 par la R\u00e9volution alg\u00e9rienne et \u00e9tait venu en Alg\u00e9rie pour s&rsquo;en impr\u00e9gner\u00a0\u00bb, eu \u00e9gard aux similarit\u00e9s entre les deux pays, telles que la discrimination raciale dont souffraient les Sud-africains et les Alg\u00e9riens\u00a0\u00bb.<\/p>\n<p>&#013;<\/p>\n<p>Pour Mandela, l&rsquo;Alg\u00e9rie \u00e9tait une source d&rsquo;inspiration tant sur le plan militaire que diplomatique. Il s&rsquo;en \u00e9tait impr\u00e9gn\u00e9 dans sa lutte anti-apartheid.<\/p>\n<p>&#013;<\/p>\n<p>Par ailleurs, le diplomate alg\u00e9rien a \u00e9voqu\u00e9 la question sahraouie, derni\u00e8re colonie en Afrique, d\u00e9plorant le fait que le peuple sahraoui demeure toujours sous l&rsquo;occupation d&rsquo;un pays africain.<\/p>\n<p>&#013;<\/p>\n<blockquote><p>&#013;<\/p>\n<p><strong><em>\u00ab\u00a0Quelles que soient les circonstances, la libert\u00e9 et l&rsquo;ind\u00e9pendance seront le sort des Sahraouis\u00a0\u00bb, et l&rsquo;Alg\u00e9rie ne cessera jamais de soutenir le peuple sahraoui dans son combat pour exercer son droit \u00e0 l&rsquo;autod\u00e9termination, a-t-il poursuivi, rappelant que le soutien aux mouvements de lib\u00e9ration \u00e9tait un des principes constants de la guerre et de la diplomatie alg\u00e9riennes.<\/em><\/strong><\/p>\n<p>&#013;\n<\/p><\/blockquote>\n<p>&#013;<\/p>\n<p><strong>\u00a0<\/strong><\/p>\n<p>&#013;<\/p>\n<p><strong>Le g\u00e9nie de la r\u00e9volution alg\u00e9rienne mis en avant \u00e0 travers Nelson Mandela <\/strong><\/p>\n<p>&#013;<\/p>\n<p>\u00a0<\/p>\n<p>&#013;<\/p>\n<p>Dans un autre contexte, l&rsquo;histoire Lahc\u00e8ne Zeghidi a indiqu\u00e9, dans une d\u00e9claration \u00e0 l&rsquo;APS, qu&rsquo;\u00e0 travers le d\u00e9funt Nelson Mandela, \u00ab\u00a0l&rsquo;universalit\u00e9 et le g\u00e9nie de la r\u00e9volution alg\u00e9rienne ont \u00e9t\u00e9 mis en valeur, en ce sens que la Guerre de lib\u00e9ration constituait une source d&rsquo;inspiration\u00a0\u00bb.<\/p>\n<p>&#013;<\/p>\n<blockquote><p>&#013;<\/p>\n<p><strong><em>Et de rappeler la d\u00e9claration de Nelson Mandela qui disait que \u00ab\u00a0C&rsquo;est l&rsquo;Alg\u00e9rie qui a fait de moi un homme\u00a0\u00bb.<\/em><\/strong><\/p>\n<p>&#013;\n<\/p><\/blockquote>\n<p>&#013;<\/p>\n<p>De son c\u00f4t\u00e9, le militant des droits de l&rsquo;homme, Mahrez Lamari a affirm\u00e9 que \u00ab\u00a0la R\u00e9volution alg\u00e9rienne n&rsquo;a pas, seulement, lib\u00e9r\u00e9 notre pays, elle a eu une dimension africaine, en ce sens qu&rsquo;elle avait tiss\u00e9 des liens distingu\u00e9s avec les mouvements de lib\u00e9ration de par le monde\u00a0\u00bb, citant le r\u00f4le de la guerre d&rsquo;Alg\u00e9rie dans le parcours militant du dirigeant africain Nelson Mandela.<\/p>\n<p>&#013;<\/p>\n<p>Il a \u00e9galement mis en avant \u00ab\u00a0la dimension de solidarit\u00e9 de l&rsquo;Alg\u00e9rie vis-\u00e0-vis des causes justes \u00e0 l&rsquo;instar de la Palestine et du Sahara occidental\u00a0\u00bb, rappelant \u00ab\u00a0la position immuable de l&rsquo;Alg\u00e9rie envers les mouvements de lib\u00e9ration, en fid\u00e9lit\u00e9 au Message du 1er novembre\u00a0\u00bb, et assurant que \u00ab\u00a0le combat pour l&rsquo;ind\u00e9pendance de l&rsquo;Afrique ne saurait se r\u00e9aliser sans la d\u00e9colonisation du Sahara occidental\u00a0\u00bb.<\/p>\n<\/div>\n<p>&#013;<br \/>\nSource: <a href=\"http:\/\/www.aps.dz\/algerie\/142818-la-revolution-algerienne-source-d-inspiration-pour-nelson-mandela\" target=\"_blank\" rel=\"noopener\">La R\u00e9volution alg\u00e9rienne, source d&rsquo;inspiration pour Nelson Mandela<\/a><\/p>\n<!--CusAds0-->\n<div style=\"font-size: 0px; height: 0px; line-height: 0px; margin: 0; padding: 0; clear: both;\"><\/div>","protected":false},"excerpt":{"rendered":"<p>ALGER- La R\u00e9volution alg\u00e9rienne a, grandement, inspir\u00e9 le d\u00e9funt leader sud-africain, Nelson Mandela dans son combat pour la libert\u00e9, ont affirm\u00e9 mercredi \u00e0 Alger les participants au \u00ab\u00a0Forum de la m\u00e9moire\u00a0\u00bb sur \u00ab\u00a0Nelson Mandela et la Guerre de lib\u00e9ration nationale\u00a0\u00bb. &#013; &#013; Organis\u00e9 par l&rsquo;Association \u00ab\u00a0Mechaal Echahid\u00a0\u00bb et le quotidien El-Moudjahid dans le cadre des<\/p>\n","protected":false},"author":6,"featured_media":27488,"comment_status":"open","ping_status":"open","sticky":false,"template":"","format":"standard","meta":{"footnotes":""},"categories":[22],"tags":[93],"class_list":["post-27487","post","type-post","status-publish","format-standard","has-post-thumbnail","hentry","category-infos","tag-onu"],"yoast_head":"<!-- This site is optimized with the Yoast SEO plugin v27.5 - https:\/\/yoast.com\/product\/yoast-seo-wordpress\/ -->\n<title>La R\u00e9volution alg\u00e9rienne, source d&#039;inspiration pour Nelson Mandela - info algerie<\/title>\n<meta name=\"robots\" content=\"index, follow, max-snippet:-1, max-image-preview:large, max-video-preview:-1\" \/>\n<link rel=\"canonical\" href=\"https:\/\/www.info-algerie.com\/actualites\/la-revolution-algerienne-source-dinspiration-pour-nelson-mandela\/\" \/>\n<meta property=\"og:locale\" content=\"fr_FR\" \/>\n<meta property=\"og:type\" content=\"article\" \/>\n<meta property=\"og:title\" content=\"La R\u00e9volution alg\u00e9rienne, source d&#039;inspiration pour Nelson Mandela - info algerie\" \/>\n<meta property=\"og:description\" content=\"ALGER- La R\u00e9volution alg\u00e9rienne a, grandement, inspir\u00e9 le d\u00e9funt leader sud-africain, Nelson Mandela dans son combat pour la libert\u00e9, ont affirm\u00e9 mercredi \u00e0 Alger les participants au \u00ab\u00a0Forum de la m\u00e9moire\u00a0\u00bb sur \u00ab\u00a0Nelson Mandela et la Guerre de lib\u00e9ration nationale\u00a0\u00bb. &#013; &#013; Organis\u00e9 par l&rsquo;Association \u00ab\u00a0Mechaal Echahid\u00a0\u00bb et le quotidien El-Moudjahid dans le cadre des\" \/>\n<meta property=\"og:url\" content=\"https:\/\/www.info-algerie.com\/actualites\/la-revolution-algerienne-source-dinspiration-pour-nelson-mandela\/\" \/>\n<meta property=\"og:site_name\" content=\"info algerie\" \/>\n<meta property=\"article:publisher\" content=\"https:\/\/www.facebook.com\/infoalgerieactu\" \/>\n<meta property=\"article:published_time\" content=\"2022-07-13T18:46:30+00:00\" \/>\n<meta property=\"og:image\" content=\"https:\/\/www.info-algerie.com\/actualites\/wp-content\/uploads\/2022\/07\/2cc7ec70119496df10a3c918dfcacc45_S-1.jpg\" \/>\n\t<meta property=\"og:image:width\" content=\"280\" \/>\n\t<meta property=\"og:image:height\" content=\"169\" \/>\n\t<meta property=\"og:image:type\" content=\"image\/jpeg\" \/>\n<meta name=\"author\" content=\"La r\u00e9daction\" \/>\n<meta name=\"twitter:label1\" content=\"\u00c9crit par\" \/>\n\t<meta name=\"twitter:data1\" content=\"La r\u00e9daction\" \/>\n\t<meta name=\"twitter:label2\" content=\"Dur\u00e9e de lecture estim\u00e9e\" \/>\n\t<meta name=\"twitter:data2\" content=\"4 minutes\" \/>\n<script type=\"application\/ld+json\" class=\"yoast-schema-graph\">{\"@context\":\"https:\\\/\\\/schema.org\",\"@graph\":[{\"@type\":\"Article\",\"@id\":\"https:\\\/\\\/www.info-algerie.com\\\/actualites\\\/la-revolution-algerienne-source-dinspiration-pour-nelson-mandela\\\/#article\",\"isPartOf\":{\"@id\":\"https:\\\/\\\/www.info-algerie.com\\\/actualites\\\/la-revolution-algerienne-source-dinspiration-pour-nelson-mandela\\\/\"},\"author\":{\"name\":\"La r\u00e9daction\",\"@id\":\"https:\\\/\\\/www.info-algerie.com\\\/actualites\\\/#\\\/schema\\\/person\\\/847aaec44920825b843a08f30ec6aa1e\"},\"headline\":\"La R\u00e9volution alg\u00e9rienne, source d&#039;inspiration pour Nelson Mandela\",\"datePublished\":\"2022-07-13T18:46:30+00:00\",\"mainEntityOfPage\":{\"@id\":\"https:\\\/\\\/www.info-algerie.com\\\/actualites\\\/la-revolution-algerienne-source-dinspiration-pour-nelson-mandela\\\/\"},\"wordCount\":760,\"commentCount\":0,\"publisher\":{\"@id\":\"https:\\\/\\\/www.info-algerie.com\\\/actualites\\\/#organization\"},\"image\":{\"@id\":\"https:\\\/\\\/www.info-algerie.com\\\/actualites\\\/la-revolution-algerienne-source-dinspiration-pour-nelson-mandela\\\/#primaryimage\"},\"thumbnailUrl\":\"https:\\\/\\\/www.info-algerie.com\\\/actualites\\\/wp-content\\\/uploads\\\/2022\\\/07\\\/2cc7ec70119496df10a3c918dfcacc45_S-1.jpg\",\"keywords\":[\"ONU\"],\"articleSection\":[\"infos\"],\"inLanguage\":\"fr-FR\",\"potentialAction\":[{\"@type\":\"CommentAction\",\"name\":\"Comment\",\"target\":[\"https:\\\/\\\/www.info-algerie.com\\\/actualites\\\/la-revolution-algerienne-source-dinspiration-pour-nelson-mandela\\\/#respond\"]}]},{\"@type\":\"WebPage\",\"@id\":\"https:\\\/\\\/www.info-algerie.com\\\/actualites\\\/la-revolution-algerienne-source-dinspiration-pour-nelson-mandela\\\/\",\"url\":\"https:\\\/\\\/www.info-algerie.com\\\/actualites\\\/la-revolution-algerienne-source-dinspiration-pour-nelson-mandela\\\/\",\"name\":\"La R\u00e9volution alg\u00e9rienne, source d&#039;inspiration pour Nelson Mandela - info algerie\",\"isPartOf\":{\"@id\":\"https:\\\/\\\/www.info-algerie.com\\\/actualites\\\/#website\"},\"primaryImageOfPage\":{\"@id\":\"https:\\\/\\\/www.info-algerie.com\\\/actualites\\\/la-revolution-algerienne-source-dinspiration-pour-nelson-mandela\\\/#primaryimage\"},\"image\":{\"@id\":\"https:\\\/\\\/www.info-algerie.com\\\/actualites\\\/la-revolution-algerienne-source-dinspiration-pour-nelson-mandela\\\/#primaryimage\"},\"thumbnailUrl\":\"https:\\\/\\\/www.info-algerie.com\\\/actualites\\\/wp-content\\\/uploads\\\/2022\\\/07\\\/2cc7ec70119496df10a3c918dfcacc45_S-1.jpg\",\"datePublished\":\"2022-07-13T18:46:30+00:00\",\"breadcrumb\":{\"@id\":\"https:\\\/\\\/www.info-algerie.com\\\/actualites\\\/la-revolution-algerienne-source-dinspiration-pour-nelson-mandela\\\/#breadcrumb\"},\"inLanguage\":\"fr-FR\",\"potentialAction\":[{\"@type\":\"ReadAction\",\"target\":[\"https:\\\/\\\/www.info-algerie.com\\\/actualites\\\/la-revolution-algerienne-source-dinspiration-pour-nelson-mandela\\\/\"]}]},{\"@type\":\"ImageObject\",\"inLanguage\":\"fr-FR\",\"@id\":\"https:\\\/\\\/www.info-algerie.com\\\/actualites\\\/la-revolution-algerienne-source-dinspiration-pour-nelson-mandela\\\/#primaryimage\",\"url\":\"https:\\\/\\\/www.info-algerie.com\\\/actualites\\\/wp-content\\\/uploads\\\/2022\\\/07\\\/2cc7ec70119496df10a3c918dfcacc45_S-1.jpg\",\"contentUrl\":\"https:\\\/\\\/www.info-algerie.com\\\/actualites\\\/wp-content\\\/uploads\\\/2022\\\/07\\\/2cc7ec70119496df10a3c918dfcacc45_S-1.jpg\",\"width\":280,\"height\":169},{\"@type\":\"BreadcrumbList\",\"@id\":\"https:\\\/\\\/www.info-algerie.com\\\/actualites\\\/la-revolution-algerienne-source-dinspiration-pour-nelson-mandela\\\/#breadcrumb\",\"itemListElement\":[{\"@type\":\"ListItem\",\"position\":1,\"name\":\"Accueil\",\"item\":\"https:\\\/\\\/www.info-algerie.com\\\/actualites\\\/\"},{\"@type\":\"ListItem\",\"position\":2,\"name\":\"La R\u00e9volution alg\u00e9rienne, source d&#039;inspiration pour Nelson Mandela\"}]},{\"@type\":\"WebSite\",\"@id\":\"https:\\\/\\\/www.info-algerie.com\\\/actualites\\\/#website\",\"url\":\"https:\\\/\\\/www.info-algerie.com\\\/actualites\\\/\",\"name\":\"info algerie\",\"description\":\"Toutes les actualit\u00e9s\",\"publisher\":{\"@id\":\"https:\\\/\\\/www.info-algerie.com\\\/actualites\\\/#organization\"},\"potentialAction\":[{\"@type\":\"SearchAction\",\"target\":{\"@type\":\"EntryPoint\",\"urlTemplate\":\"https:\\\/\\\/www.info-algerie.com\\\/actualites\\\/?s={search_term_string}\"},\"query-input\":{\"@type\":\"PropertyValueSpecification\",\"valueRequired\":true,\"valueName\":\"search_term_string\"}}],\"inLanguage\":\"fr-FR\"},{\"@type\":\"Organization\",\"@id\":\"https:\\\/\\\/www.info-algerie.com\\\/actualites\\\/#organization\",\"name\":\"info algerie\",\"url\":\"https:\\\/\\\/www.info-algerie.com\\\/actualites\\\/\",\"logo\":{\"@type\":\"ImageObject\",\"inLanguage\":\"fr-FR\",\"@id\":\"https:\\\/\\\/www.info-algerie.com\\\/actualites\\\/#\\\/schema\\\/logo\\\/image\\\/\",\"url\":\"https:\\\/\\\/www.info-algerie.com\\\/actualites\\\/wp-content\\\/uploads\\\/2022\\\/07\\\/logo-ia-120.png\",\"contentUrl\":\"https:\\\/\\\/www.info-algerie.com\\\/actualites\\\/wp-content\\\/uploads\\\/2022\\\/07\\\/logo-ia-120.png\",\"width\":120,\"height\":43,\"caption\":\"info algerie\"},\"image\":{\"@id\":\"https:\\\/\\\/www.info-algerie.com\\\/actualites\\\/#\\\/schema\\\/logo\\\/image\\\/\"},\"sameAs\":[\"https:\\\/\\\/www.facebook.com\\\/infoalgerieactu\",\"https:\\\/\\\/x.com\\\/infoalgerie1\"]},{\"@type\":\"Person\",\"@id\":\"https:\\\/\\\/www.info-algerie.com\\\/actualites\\\/#\\\/schema\\\/person\\\/847aaec44920825b843a08f30ec6aa1e\",\"name\":\"La r\u00e9daction\",\"image\":{\"@type\":\"ImageObject\",\"inLanguage\":\"fr-FR\",\"@id\":\"https:\\\/\\\/secure.gravatar.com\\\/avatar\\\/769db425c6f465158149f1ffd6cf61ce7a8a879d11dfbef8288af36dfddd418c?s=96&d=mm&r=g\",\"url\":\"https:\\\/\\\/secure.gravatar.com\\\/avatar\\\/769db425c6f465158149f1ffd6cf61ce7a8a879d11dfbef8288af36dfddd418c?s=96&d=mm&r=g\",\"contentUrl\":\"https:\\\/\\\/secure.gravatar.com\\\/avatar\\\/769db425c6f465158149f1ffd6cf61ce7a8a879d11dfbef8288af36dfddd418c?s=96&d=mm&r=g\",\"caption\":\"La r\u00e9daction\"},\"sameAs\":[\"http:\\\/\\\/www.lkeria.com\\\/\"],\"url\":\"https:\\\/\\\/www.info-algerie.com\\\/actualites\\\/author\\\/chakib32\\\/\"}]}<\/script>\n<!-- \/ Yoast SEO plugin. -->","yoast_head_json":{"title":"La R\u00e9volution alg\u00e9rienne, source d&#039;inspiration pour Nelson Mandela - info algerie","robots":{"index":"index","follow":"follow","max-snippet":"max-snippet:-1","max-image-preview":"max-image-preview:large","max-video-preview":"max-video-preview:-1"},"canonical":"https:\/\/www.info-algerie.com\/actualites\/la-revolution-algerienne-source-dinspiration-pour-nelson-mandela\/","og_locale":"fr_FR","og_type":"article","og_title":"La R\u00e9volution alg\u00e9rienne, source d&#039;inspiration pour Nelson Mandela - info algerie","og_description":"ALGER- La R\u00e9volution alg\u00e9rienne a, grandement, inspir\u00e9 le d\u00e9funt leader sud-africain, Nelson Mandela dans son combat pour la libert\u00e9, ont affirm\u00e9 mercredi \u00e0 Alger les participants au \u00ab\u00a0Forum de la m\u00e9moire\u00a0\u00bb sur \u00ab\u00a0Nelson Mandela et la Guerre de lib\u00e9ration nationale\u00a0\u00bb. &#013; &#013; Organis\u00e9 par l&rsquo;Association \u00ab\u00a0Mechaal Echahid\u00a0\u00bb et le quotidien El-Moudjahid dans le cadre des","og_url":"https:\/\/www.info-algerie.com\/actualites\/la-revolution-algerienne-source-dinspiration-pour-nelson-mandela\/","og_site_name":"info algerie","article_publisher":"https:\/\/www.facebook.com\/infoalgerieactu","article_published_time":"2022-07-13T18:46:30+00:00","og_image":[{"width":280,"height":169,"url":"https:\/\/www.info-algerie.com\/actualites\/wp-content\/uploads\/2022\/07\/2cc7ec70119496df10a3c918dfcacc45_S-1.jpg","type":"image\/jpeg"}],"author":"La r\u00e9daction","twitter_misc":{"\u00c9crit par":"La r\u00e9daction","Dur\u00e9e de lecture estim\u00e9e":"4 minutes"},"schema":{"@context":"https:\/\/schema.org","@graph":[{"@type":"Article","@id":"https:\/\/www.info-algerie.com\/actualites\/la-revolution-algerienne-source-dinspiration-pour-nelson-mandela\/#article","isPartOf":{"@id":"https:\/\/www.info-algerie.com\/actualites\/la-revolution-algerienne-source-dinspiration-pour-nelson-mandela\/"},"author":{"name":"La r\u00e9daction","@id":"https:\/\/www.info-algerie.com\/actualites\/#\/schema\/person\/847aaec44920825b843a08f30ec6aa1e"},"headline":"La R\u00e9volution alg\u00e9rienne, source d&#039;inspiration pour Nelson Mandela","datePublished":"2022-07-13T18:46:30+00:00","mainEntityOfPage":{"@id":"https:\/\/www.info-algerie.com\/actualites\/la-revolution-algerienne-source-dinspiration-pour-nelson-mandela\/"},"wordCount":760,"commentCount":0,"publisher":{"@id":"https:\/\/www.info-algerie.com\/actualites\/#organization"},"image":{"@id":"https:\/\/www.info-algerie.com\/actualites\/la-revolution-algerienne-source-dinspiration-pour-nelson-mandela\/#primaryimage"},"thumbnailUrl":"https:\/\/www.info-algerie.com\/actualites\/wp-content\/uploads\/2022\/07\/2cc7ec70119496df10a3c918dfcacc45_S-1.jpg","keywords":["ONU"],"articleSection":["infos"],"inLanguage":"fr-FR","potentialAction":[{"@type":"CommentAction","name":"Comment","target":["https:\/\/www.info-algerie.com\/actualites\/la-revolution-algerienne-source-dinspiration-pour-nelson-mandela\/#respond"]}]},{"@type":"WebPage","@id":"https:\/\/www.info-algerie.com\/actualites\/la-revolution-algerienne-source-dinspiration-pour-nelson-mandela\/","url":"https:\/\/www.info-algerie.com\/actualites\/la-revolution-algerienne-source-dinspiration-pour-nelson-mandela\/","name":"La R\u00e9volution alg\u00e9rienne, source d&#039;inspiration pour Nelson Mandela - info algerie","isPartOf":{"@id":"https:\/\/www.info-algerie.com\/actualites\/#website"},"primaryImageOfPage":{"@id":"https:\/\/www.info-algerie.com\/actualites\/la-revolution-algerienne-source-dinspiration-pour-nelson-mandela\/#primaryimage"},"image":{"@id":"https:\/\/www.info-algerie.com\/actualites\/la-revolution-algerienne-source-dinspiration-pour-nelson-mandela\/#primaryimage"},"thumbnailUrl":"https:\/\/www.info-algerie.com\/actualites\/wp-content\/uploads\/2022\/07\/2cc7ec70119496df10a3c918dfcacc45_S-1.jpg","datePublished":"2022-07-13T18:46:30+00:00","breadcrumb":{"@id":"https:\/\/www.info-algerie.com\/actualites\/la-revolution-algerienne-source-dinspiration-pour-nelson-mandela\/#breadcrumb"},"inLanguage":"fr-FR","potentialAction":[{"@type":"ReadAction","target":["https:\/\/www.info-algerie.com\/actualites\/la-revolution-algerienne-source-dinspiration-pour-nelson-mandela\/"]}]},{"@type":"ImageObject","inLanguage":"fr-FR","@id":"https:\/\/www.info-algerie.com\/actualites\/la-revolution-algerienne-source-dinspiration-pour-nelson-mandela\/#primaryimage","url":"https:\/\/www.info-algerie.com\/actualites\/wp-content\/uploads\/2022\/07\/2cc7ec70119496df10a3c918dfcacc45_S-1.jpg","contentUrl":"https:\/\/www.info-algerie.com\/actualites\/wp-content\/uploads\/2022\/07\/2cc7ec70119496df10a3c918dfcacc45_S-1.jpg","width":280,"height":169},{"@type":"BreadcrumbList","@id":"https:\/\/www.info-algerie.com\/actualites\/la-revolution-algerienne-source-dinspiration-pour-nelson-mandela\/#breadcrumb","itemListElement":[{"@type":"ListItem","position":1,"name":"Accueil","item":"https:\/\/www.info-algerie.com\/actualites\/"},{"@type":"ListItem","position":2,"name":"La R\u00e9volution alg\u00e9rienne, source d&#039;inspiration pour Nelson Mandela"}]},{"@type":"WebSite","@id":"https:\/\/www.info-algerie.com\/actualites\/#website","url":"https:\/\/www.info-algerie.com\/actualites\/","name":"info algerie","description":"Toutes les actualit\u00e9s","publisher":{"@id":"https:\/\/www.info-algerie.com\/actualites\/#organization"},"potentialAction":[{"@type":"SearchAction","target":{"@type":"EntryPoint","urlTemplate":"https:\/\/www.info-algerie.com\/actualites\/?s={search_term_string}"},"query-input":{"@type":"PropertyValueSpecification","valueRequired":true,"valueName":"search_term_string"}}],"inLanguage":"fr-FR"},{"@type":"Organization","@id":"https:\/\/www.info-algerie.com\/actualites\/#organization","name":"info algerie","url":"https:\/\/www.info-algerie.com\/actualites\/","logo":{"@type":"ImageObject","inLanguage":"fr-FR","@id":"https:\/\/www.info-algerie.com\/actualites\/#\/schema\/logo\/image\/","url":"https:\/\/www.info-algerie.com\/actualites\/wp-content\/uploads\/2022\/07\/logo-ia-120.png","contentUrl":"https:\/\/www.info-algerie.com\/actualites\/wp-content\/uploads\/2022\/07\/logo-ia-120.png","width":120,"height":43,"caption":"info algerie"},"image":{"@id":"https:\/\/www.info-algerie.com\/actualites\/#\/schema\/logo\/image\/"},"sameAs":["https:\/\/www.facebook.com\/infoalgerieactu","https:\/\/x.com\/infoalgerie1"]},{"@type":"Person","@id":"https:\/\/www.info-algerie.com\/actualites\/#\/schema\/person\/847aaec44920825b843a08f30ec6aa1e","name":"La r\u00e9daction","image":{"@type":"ImageObject","inLanguage":"fr-FR","@id":"https:\/\/secure.gravatar.com\/avatar\/769db425c6f465158149f1ffd6cf61ce7a8a879d11dfbef8288af36dfddd418c?s=96&d=mm&r=g","url":"https:\/\/secure.gravatar.com\/avatar\/769db425c6f465158149f1ffd6cf61ce7a8a879d11dfbef8288af36dfddd418c?s=96&d=mm&r=g","contentUrl":"https:\/\/secure.gravatar.com\/avatar\/769db425c6f465158149f1ffd6cf61ce7a8a879d11dfbef8288af36dfddd418c?s=96&d=mm&r=g","caption":"La r\u00e9daction"},"sameAs":["http:\/\/www.lkeria.com\/"],"url":"https:\/\/www.info-algerie.com\/actualites\/author\/chakib32\/"}]}},"_links":{"self":[{"href":"https:\/\/www.info-algerie.com\/actualites\/wp-json\/wp\/v2\/posts\/27487","targetHints":{"allow":["GET"]}}],"collection":[{"href":"https:\/\/www.info-algerie.com\/actualites\/wp-json\/wp\/v2\/posts"}],"about":[{"href":"https:\/\/www.info-algerie.com\/actualites\/wp-json\/wp\/v2\/types\/post"}],"author":[{"embeddable":true,"href":"https:\/\/www.info-algerie.com\/actualites\/wp-json\/wp\/v2\/users\/6"}],"replies":[{"embeddable":true,"href":"https:\/\/www.info-algerie.com\/actualites\/wp-json\/wp\/v2\/comments?post=27487"}],"version-history":[{"count":0,"href":"https:\/\/www.info-algerie.com\/actualites\/wp-json\/wp\/v2\/posts\/27487\/revisions"}],"wp:featuredmedia":[{"embeddable":true,"href":"https:\/\/www.info-algerie.com\/actualites\/wp-json\/wp\/v2\/media\/27488"}],"wp:attachment":[{"href":"https:\/\/www.info-algerie.com\/actualites\/wp-json\/wp\/v2\/media?parent=27487"}],"wp:term":[{"taxonomy":"category","embeddable":true,"href":"https:\/\/www.info-algerie.com\/actualites\/wp-json\/wp\/v2\/categories?post=27487"},{"taxonomy":"post_tag","embeddable":true,"href":"https:\/\/www.info-algerie.com\/actualites\/wp-json\/wp\/v2\/tags?post=27487"}],"curies":[{"name":"wp","href":"https:\/\/api.w.org\/{rel}","templated":true}]}}