{"id":27493,"date":"2022-07-13T22:04:28","date_gmt":"2022-07-13T21:04:28","guid":{"rendered":"https:\/\/www.info-algerie.com\/actualites\/lalgerie-participe-au-conseil-executif-de-lua-a-lusaka\/"},"modified":"2022-07-13T22:04:28","modified_gmt":"2022-07-13T21:04:28","slug":"lalgerie-participe-au-conseil-executif-de-lua-a-lusaka","status":"publish","type":"post","link":"https:\/\/www.info-algerie.com\/actualites\/lalgerie-participe-au-conseil-executif-de-lua-a-lusaka\/","title":{"rendered":"L&#039;Alg\u00e9rie participe au Conseil ex\u00e9cutif de l&#039;UA \u00e0 Lusaka"},"content":{"rendered":"<div class=\"K2FeedImage\"><img decoding=\"async\" src=\"https:\/\/www.info-algerie.com\/actualites\/wp-content\/uploads\/2022\/07\/0188db51ae8701eea24d5eb2863cb809_S.jpg\" alt=\"L'Alg&#xE9;rie participe au Conseil ex&#xE9;cutif de l'UA &#xE0; Lusaka\" \/><\/div>\n<div class=\"K2FeedIntroText\">\n<p><strong>ALGER &#8211; Le ministre des Affaires \u00e9trang\u00e8res et de la Communaut\u00e9 nationale \u00e0 l&rsquo;\u00e9tranger, Ramtane Lamamra et le ministre de l&rsquo;Industrie pharmaceutique, Abderrahmane Djamel Lotfi Benbahmed, prendront part, jeudi et vendredi \u00e0 Lusaka (Zambie), aux travaux de la 41e session ordinaire du Conseil ex\u00e9cutif de l&rsquo;Union africaine (UA), indique mercredi un communiqu\u00e9 du minist\u00e8re des Affaires \u00e9trang\u00e8res.<\/strong><\/p>\n<p>&#013;\n<\/p><\/div>\n<div class=\"K2FeedFullText\">&#013;<\/p>\n<p>\u00ab\u00a0Durant cette session, les ministres des Affaires \u00e9trang\u00e8res des cinquante-cinq Etats membres de l&rsquo;Union africaine se pencheront sur plusieurs questions relatives \u00e0 la mise en \u0153uvre de l&rsquo;Agenda continental pour la paix, la s\u00e9curit\u00e9, le d\u00e9veloppement et l&rsquo;int\u00e9gration\u00a0\u00bb, pr\u00e9cise le communiqu\u00e9.<\/p>\n<p>&#013;<\/p>\n<p>\u00ab\u00a0Il s&rsquo;agira plus particuli\u00e8rement de l\u2019adoption de mesures susceptibles de stimuler l\u2019action des cadres de coop\u00e9ration existants et de favoriser l\u2019op\u00e9rationnalisation effective de nouvelles institutions panafricaines, telle que l\u2019Agence africaine du m\u00e9dicament (AMA)\u00a0\u00bb, ajoute la m\u00eame source.<\/p>\n<p>&#013;<\/p>\n<p>En outre, le projet d&rsquo;ordre du jour comprend l&rsquo;examen de plusieurs rapports portant respectivement sur \u00ab\u00a0la migration, les r\u00e9fugi\u00e9s et les personnes d\u00e9plac\u00e9es\u00a0\u00bb, \u00ab\u00a0la sant\u00e9, la population et la lutte contre la drogue\u00a0\u00bb, \u00ab\u00a0les infrastructures inter-r\u00e9gionales et transcontinentales\u00a0\u00bb, ainsi que sur le th\u00e8me de l&rsquo;ann\u00e9e consacr\u00e9 \u00e0 la s\u00e9curit\u00e9 alimentaire.<\/p>\n<p>&#013;<\/p>\n<p>\u00ab\u00a0Enfin, le Conseil ex\u00e9cutif proc\u00e9dera \u00e0 l&rsquo;examen du projet de budget de l&rsquo;UA au titre de l&rsquo;ann\u00e9e 2023, et \u00e0 l&rsquo;\u00e9lection de nouveaux membres de certains organes subsidiaires, \u00e0 l&rsquo;instar de la Cour africaine des Droits de l&rsquo;Homme et des Peuples, le Conseil consultatif de l&rsquo;UA sur la lutte contre la corruption et le Groupe des sages\u00a0\u00bb, conclut le communiqu\u00e9.<\/p>\n<\/div>\n<p>&#013;<br \/>\nSource: <a href=\"http:\/\/www.aps.dz\/algerie\/142822-l-algerie-participe-au-conseil-executif-de-l-ua-a-lusaka\" target=\"_blank\" rel=\"noopener\">L&rsquo;Alg\u00e9rie participe au Conseil ex\u00e9cutif de l&rsquo;UA \u00e0 Lusaka<\/a><\/p>\n<!--CusAds0-->\n<div style=\"font-size: 0px; height: 0px; line-height: 0px; margin: 0; padding: 0; clear: both;\"><\/div>","protected":false},"excerpt":{"rendered":"<p>ALGER &#8211; Le ministre des Affaires \u00e9trang\u00e8res et de la Communaut\u00e9 nationale \u00e0 l&rsquo;\u00e9tranger, Ramtane Lamamra et le ministre de l&rsquo;Industrie pharmaceutique, Abderrahmane Djamel Lotfi Benbahmed, prendront part, jeudi et vendredi \u00e0 Lusaka (Zambie), aux travaux de la 41e session ordinaire du Conseil ex\u00e9cutif de l&rsquo;Union africaine (UA), indique mercredi un communiqu\u00e9 du minist\u00e8re des<\/p>\n","protected":false},"author":6,"featured_media":27494,"comment_status":"open","ping_status":"open","sticky":false,"template":"","format":"standard","meta":{"footnotes":""},"categories":[22],"tags":[93],"class_list":["post-27493","post","type-post","status-publish","format-standard","has-post-thumbnail","hentry","category-infos","tag-onu"],"yoast_head":"<!-- This site is optimized with the Yoast SEO plugin v27.5 - https:\/\/yoast.com\/product\/yoast-seo-wordpress\/ -->\n<title>L&#039;Alg\u00e9rie participe au Conseil ex\u00e9cutif de l&#039;UA \u00e0 Lusaka - info algerie<\/title>\n<meta name=\"robots\" content=\"index, follow, max-snippet:-1, max-image-preview:large, max-video-preview:-1\" \/>\n<link rel=\"canonical\" href=\"https:\/\/www.info-algerie.com\/actualites\/lalgerie-participe-au-conseil-executif-de-lua-a-lusaka\/\" \/>\n<meta property=\"og:locale\" content=\"fr_FR\" \/>\n<meta property=\"og:type\" content=\"article\" \/>\n<meta property=\"og:title\" content=\"L&#039;Alg\u00e9rie participe au Conseil ex\u00e9cutif de l&#039;UA \u00e0 Lusaka - info algerie\" \/>\n<meta property=\"og:description\" content=\"ALGER &#8211; Le ministre des Affaires \u00e9trang\u00e8res et de la Communaut\u00e9 nationale \u00e0 l&rsquo;\u00e9tranger, Ramtane Lamamra et le ministre de l&rsquo;Industrie pharmaceutique, Abderrahmane Djamel Lotfi Benbahmed, prendront part, jeudi et vendredi \u00e0 Lusaka (Zambie), aux travaux de la 41e session ordinaire du Conseil ex\u00e9cutif de l&rsquo;Union africaine (UA), indique mercredi un communiqu\u00e9 du minist\u00e8re des\" \/>\n<meta property=\"og:url\" content=\"https:\/\/www.info-algerie.com\/actualites\/lalgerie-participe-au-conseil-executif-de-lua-a-lusaka\/\" \/>\n<meta property=\"og:site_name\" content=\"info algerie\" \/>\n<meta property=\"article:publisher\" content=\"https:\/\/www.facebook.com\/infoalgerieactu\" \/>\n<meta property=\"article:published_time\" content=\"2022-07-13T21:04:28+00:00\" \/>\n<meta property=\"og:image\" content=\"https:\/\/www.info-algerie.com\/actualites\/wp-content\/uploads\/2022\/07\/0188db51ae8701eea24d5eb2863cb809_S-1.jpg\" \/>\n\t<meta property=\"og:image:width\" content=\"280\" \/>\n\t<meta property=\"og:image:height\" content=\"158\" \/>\n\t<meta property=\"og:image:type\" content=\"image\/jpeg\" \/>\n<meta name=\"author\" content=\"La r\u00e9daction\" \/>\n<meta name=\"twitter:label1\" content=\"\u00c9crit par\" \/>\n\t<meta name=\"twitter:data1\" content=\"La r\u00e9daction\" \/>\n\t<meta name=\"twitter:label2\" content=\"Dur\u00e9e de lecture estim\u00e9e\" \/>\n\t<meta name=\"twitter:data2\" content=\"1 minute\" \/>\n<script type=\"application\/ld+json\" class=\"yoast-schema-graph\">{\"@context\":\"https:\\\/\\\/schema.org\",\"@graph\":[{\"@type\":\"Article\",\"@id\":\"https:\\\/\\\/www.info-algerie.com\\\/actualites\\\/lalgerie-participe-au-conseil-executif-de-lua-a-lusaka\\\/#article\",\"isPartOf\":{\"@id\":\"https:\\\/\\\/www.info-algerie.com\\\/actualites\\\/lalgerie-participe-au-conseil-executif-de-lua-a-lusaka\\\/\"},\"author\":{\"name\":\"La r\u00e9daction\",\"@id\":\"https:\\\/\\\/www.info-algerie.com\\\/actualites\\\/#\\\/schema\\\/person\\\/847aaec44920825b843a08f30ec6aa1e\"},\"headline\":\"L&#039;Alg\u00e9rie participe au Conseil ex\u00e9cutif de l&#039;UA \u00e0 Lusaka\",\"datePublished\":\"2022-07-13T21:04:28+00:00\",\"mainEntityOfPage\":{\"@id\":\"https:\\\/\\\/www.info-algerie.com\\\/actualites\\\/lalgerie-participe-au-conseil-executif-de-lua-a-lusaka\\\/\"},\"wordCount\":308,\"commentCount\":0,\"publisher\":{\"@id\":\"https:\\\/\\\/www.info-algerie.com\\\/actualites\\\/#organization\"},\"image\":{\"@id\":\"https:\\\/\\\/www.info-algerie.com\\\/actualites\\\/lalgerie-participe-au-conseil-executif-de-lua-a-lusaka\\\/#primaryimage\"},\"thumbnailUrl\":\"https:\\\/\\\/www.info-algerie.com\\\/actualites\\\/wp-content\\\/uploads\\\/2022\\\/07\\\/0188db51ae8701eea24d5eb2863cb809_S-1.jpg\",\"keywords\":[\"ONU\"],\"articleSection\":[\"infos\"],\"inLanguage\":\"fr-FR\",\"potentialAction\":[{\"@type\":\"CommentAction\",\"name\":\"Comment\",\"target\":[\"https:\\\/\\\/www.info-algerie.com\\\/actualites\\\/lalgerie-participe-au-conseil-executif-de-lua-a-lusaka\\\/#respond\"]}]},{\"@type\":\"WebPage\",\"@id\":\"https:\\\/\\\/www.info-algerie.com\\\/actualites\\\/lalgerie-participe-au-conseil-executif-de-lua-a-lusaka\\\/\",\"url\":\"https:\\\/\\\/www.info-algerie.com\\\/actualites\\\/lalgerie-participe-au-conseil-executif-de-lua-a-lusaka\\\/\",\"name\":\"L&#039;Alg\u00e9rie participe au Conseil ex\u00e9cutif de l&#039;UA \u00e0 Lusaka - info algerie\",\"isPartOf\":{\"@id\":\"https:\\\/\\\/www.info-algerie.com\\\/actualites\\\/#website\"},\"primaryImageOfPage\":{\"@id\":\"https:\\\/\\\/www.info-algerie.com\\\/actualites\\\/lalgerie-participe-au-conseil-executif-de-lua-a-lusaka\\\/#primaryimage\"},\"image\":{\"@id\":\"https:\\\/\\\/www.info-algerie.com\\\/actualites\\\/lalgerie-participe-au-conseil-executif-de-lua-a-lusaka\\\/#primaryimage\"},\"thumbnailUrl\":\"https:\\\/\\\/www.info-algerie.com\\\/actualites\\\/wp-content\\\/uploads\\\/2022\\\/07\\\/0188db51ae8701eea24d5eb2863cb809_S-1.jpg\",\"datePublished\":\"2022-07-13T21:04:28+00:00\",\"breadcrumb\":{\"@id\":\"https:\\\/\\\/www.info-algerie.com\\\/actualites\\\/lalgerie-participe-au-conseil-executif-de-lua-a-lusaka\\\/#breadcrumb\"},\"inLanguage\":\"fr-FR\",\"potentialAction\":[{\"@type\":\"ReadAction\",\"target\":[\"https:\\\/\\\/www.info-algerie.com\\\/actualites\\\/lalgerie-participe-au-conseil-executif-de-lua-a-lusaka\\\/\"]}]},{\"@type\":\"ImageObject\",\"inLanguage\":\"fr-FR\",\"@id\":\"https:\\\/\\\/www.info-algerie.com\\\/actualites\\\/lalgerie-participe-au-conseil-executif-de-lua-a-lusaka\\\/#primaryimage\",\"url\":\"https:\\\/\\\/www.info-algerie.com\\\/actualites\\\/wp-content\\\/uploads\\\/2022\\\/07\\\/0188db51ae8701eea24d5eb2863cb809_S-1.jpg\",\"contentUrl\":\"https:\\\/\\\/www.info-algerie.com\\\/actualites\\\/wp-content\\\/uploads\\\/2022\\\/07\\\/0188db51ae8701eea24d5eb2863cb809_S-1.jpg\",\"width\":280,\"height\":158},{\"@type\":\"BreadcrumbList\",\"@id\":\"https:\\\/\\\/www.info-algerie.com\\\/actualites\\\/lalgerie-participe-au-conseil-executif-de-lua-a-lusaka\\\/#breadcrumb\",\"itemListElement\":[{\"@type\":\"ListItem\",\"position\":1,\"name\":\"Accueil\",\"item\":\"https:\\\/\\\/www.info-algerie.com\\\/actualites\\\/\"},{\"@type\":\"ListItem\",\"position\":2,\"name\":\"L&#039;Alg\u00e9rie participe au Conseil ex\u00e9cutif de l&#039;UA \u00e0 Lusaka\"}]},{\"@type\":\"WebSite\",\"@id\":\"https:\\\/\\\/www.info-algerie.com\\\/actualites\\\/#website\",\"url\":\"https:\\\/\\\/www.info-algerie.com\\\/actualites\\\/\",\"name\":\"info algerie\",\"description\":\"Toutes les actualit\u00e9s\",\"publisher\":{\"@id\":\"https:\\\/\\\/www.info-algerie.com\\\/actualites\\\/#organization\"},\"potentialAction\":[{\"@type\":\"SearchAction\",\"target\":{\"@type\":\"EntryPoint\",\"urlTemplate\":\"https:\\\/\\\/www.info-algerie.com\\\/actualites\\\/?s={search_term_string}\"},\"query-input\":{\"@type\":\"PropertyValueSpecification\",\"valueRequired\":true,\"valueName\":\"search_term_string\"}}],\"inLanguage\":\"fr-FR\"},{\"@type\":\"Organization\",\"@id\":\"https:\\\/\\\/www.info-algerie.com\\\/actualites\\\/#organization\",\"name\":\"info algerie\",\"url\":\"https:\\\/\\\/www.info-algerie.com\\\/actualites\\\/\",\"logo\":{\"@type\":\"ImageObject\",\"inLanguage\":\"fr-FR\",\"@id\":\"https:\\\/\\\/www.info-algerie.com\\\/actualites\\\/#\\\/schema\\\/logo\\\/image\\\/\",\"url\":\"https:\\\/\\\/www.info-algerie.com\\\/actualites\\\/wp-content\\\/uploads\\\/2022\\\/07\\\/logo-ia-120.png\",\"contentUrl\":\"https:\\\/\\\/www.info-algerie.com\\\/actualites\\\/wp-content\\\/uploads\\\/2022\\\/07\\\/logo-ia-120.png\",\"width\":120,\"height\":43,\"caption\":\"info algerie\"},\"image\":{\"@id\":\"https:\\\/\\\/www.info-algerie.com\\\/actualites\\\/#\\\/schema\\\/logo\\\/image\\\/\"},\"sameAs\":[\"https:\\\/\\\/www.facebook.com\\\/infoalgerieactu\",\"https:\\\/\\\/x.com\\\/infoalgerie1\"]},{\"@type\":\"Person\",\"@id\":\"https:\\\/\\\/www.info-algerie.com\\\/actualites\\\/#\\\/schema\\\/person\\\/847aaec44920825b843a08f30ec6aa1e\",\"name\":\"La r\u00e9daction\",\"image\":{\"@type\":\"ImageObject\",\"inLanguage\":\"fr-FR\",\"@id\":\"https:\\\/\\\/secure.gravatar.com\\\/avatar\\\/769db425c6f465158149f1ffd6cf61ce7a8a879d11dfbef8288af36dfddd418c?s=96&d=mm&r=g\",\"url\":\"https:\\\/\\\/secure.gravatar.com\\\/avatar\\\/769db425c6f465158149f1ffd6cf61ce7a8a879d11dfbef8288af36dfddd418c?s=96&d=mm&r=g\",\"contentUrl\":\"https:\\\/\\\/secure.gravatar.com\\\/avatar\\\/769db425c6f465158149f1ffd6cf61ce7a8a879d11dfbef8288af36dfddd418c?s=96&d=mm&r=g\",\"caption\":\"La r\u00e9daction\"},\"sameAs\":[\"http:\\\/\\\/www.lkeria.com\\\/\"],\"url\":\"https:\\\/\\\/www.info-algerie.com\\\/actualites\\\/author\\\/chakib32\\\/\"}]}<\/script>\n<!-- \/ Yoast SEO plugin. -->","yoast_head_json":{"title":"L&#039;Alg\u00e9rie participe au Conseil ex\u00e9cutif de l&#039;UA \u00e0 Lusaka - info algerie","robots":{"index":"index","follow":"follow","max-snippet":"max-snippet:-1","max-image-preview":"max-image-preview:large","max-video-preview":"max-video-preview:-1"},"canonical":"https:\/\/www.info-algerie.com\/actualites\/lalgerie-participe-au-conseil-executif-de-lua-a-lusaka\/","og_locale":"fr_FR","og_type":"article","og_title":"L&#039;Alg\u00e9rie participe au Conseil ex\u00e9cutif de l&#039;UA \u00e0 Lusaka - info algerie","og_description":"ALGER &#8211; Le ministre des Affaires \u00e9trang\u00e8res et de la Communaut\u00e9 nationale \u00e0 l&rsquo;\u00e9tranger, Ramtane Lamamra et le ministre de l&rsquo;Industrie pharmaceutique, Abderrahmane Djamel Lotfi Benbahmed, prendront part, jeudi et vendredi \u00e0 Lusaka (Zambie), aux travaux de la 41e session ordinaire du Conseil ex\u00e9cutif de l&rsquo;Union africaine (UA), indique mercredi un communiqu\u00e9 du minist\u00e8re des","og_url":"https:\/\/www.info-algerie.com\/actualites\/lalgerie-participe-au-conseil-executif-de-lua-a-lusaka\/","og_site_name":"info algerie","article_publisher":"https:\/\/www.facebook.com\/infoalgerieactu","article_published_time":"2022-07-13T21:04:28+00:00","og_image":[{"width":280,"height":158,"url":"https:\/\/www.info-algerie.com\/actualites\/wp-content\/uploads\/2022\/07\/0188db51ae8701eea24d5eb2863cb809_S-1.jpg","type":"image\/jpeg"}],"author":"La r\u00e9daction","twitter_misc":{"\u00c9crit par":"La r\u00e9daction","Dur\u00e9e de lecture estim\u00e9e":"1 minute"},"schema":{"@context":"https:\/\/schema.org","@graph":[{"@type":"Article","@id":"https:\/\/www.info-algerie.com\/actualites\/lalgerie-participe-au-conseil-executif-de-lua-a-lusaka\/#article","isPartOf":{"@id":"https:\/\/www.info-algerie.com\/actualites\/lalgerie-participe-au-conseil-executif-de-lua-a-lusaka\/"},"author":{"name":"La r\u00e9daction","@id":"https:\/\/www.info-algerie.com\/actualites\/#\/schema\/person\/847aaec44920825b843a08f30ec6aa1e"},"headline":"L&#039;Alg\u00e9rie participe au Conseil ex\u00e9cutif de l&#039;UA \u00e0 Lusaka","datePublished":"2022-07-13T21:04:28+00:00","mainEntityOfPage":{"@id":"https:\/\/www.info-algerie.com\/actualites\/lalgerie-participe-au-conseil-executif-de-lua-a-lusaka\/"},"wordCount":308,"commentCount":0,"publisher":{"@id":"https:\/\/www.info-algerie.com\/actualites\/#organization"},"image":{"@id":"https:\/\/www.info-algerie.com\/actualites\/lalgerie-participe-au-conseil-executif-de-lua-a-lusaka\/#primaryimage"},"thumbnailUrl":"https:\/\/www.info-algerie.com\/actualites\/wp-content\/uploads\/2022\/07\/0188db51ae8701eea24d5eb2863cb809_S-1.jpg","keywords":["ONU"],"articleSection":["infos"],"inLanguage":"fr-FR","potentialAction":[{"@type":"CommentAction","name":"Comment","target":["https:\/\/www.info-algerie.com\/actualites\/lalgerie-participe-au-conseil-executif-de-lua-a-lusaka\/#respond"]}]},{"@type":"WebPage","@id":"https:\/\/www.info-algerie.com\/actualites\/lalgerie-participe-au-conseil-executif-de-lua-a-lusaka\/","url":"https:\/\/www.info-algerie.com\/actualites\/lalgerie-participe-au-conseil-executif-de-lua-a-lusaka\/","name":"L&#039;Alg\u00e9rie participe au Conseil ex\u00e9cutif de l&#039;UA \u00e0 Lusaka - info algerie","isPartOf":{"@id":"https:\/\/www.info-algerie.com\/actualites\/#website"},"primaryImageOfPage":{"@id":"https:\/\/www.info-algerie.com\/actualites\/lalgerie-participe-au-conseil-executif-de-lua-a-lusaka\/#primaryimage"},"image":{"@id":"https:\/\/www.info-algerie.com\/actualites\/lalgerie-participe-au-conseil-executif-de-lua-a-lusaka\/#primaryimage"},"thumbnailUrl":"https:\/\/www.info-algerie.com\/actualites\/wp-content\/uploads\/2022\/07\/0188db51ae8701eea24d5eb2863cb809_S-1.jpg","datePublished":"2022-07-13T21:04:28+00:00","breadcrumb":{"@id":"https:\/\/www.info-algerie.com\/actualites\/lalgerie-participe-au-conseil-executif-de-lua-a-lusaka\/#breadcrumb"},"inLanguage":"fr-FR","potentialAction":[{"@type":"ReadAction","target":["https:\/\/www.info-algerie.com\/actualites\/lalgerie-participe-au-conseil-executif-de-lua-a-lusaka\/"]}]},{"@type":"ImageObject","inLanguage":"fr-FR","@id":"https:\/\/www.info-algerie.com\/actualites\/lalgerie-participe-au-conseil-executif-de-lua-a-lusaka\/#primaryimage","url":"https:\/\/www.info-algerie.com\/actualites\/wp-content\/uploads\/2022\/07\/0188db51ae8701eea24d5eb2863cb809_S-1.jpg","contentUrl":"https:\/\/www.info-algerie.com\/actualites\/wp-content\/uploads\/2022\/07\/0188db51ae8701eea24d5eb2863cb809_S-1.jpg","width":280,"height":158},{"@type":"BreadcrumbList","@id":"https:\/\/www.info-algerie.com\/actualites\/lalgerie-participe-au-conseil-executif-de-lua-a-lusaka\/#breadcrumb","itemListElement":[{"@type":"ListItem","position":1,"name":"Accueil","item":"https:\/\/www.info-algerie.com\/actualites\/"},{"@type":"ListItem","position":2,"name":"L&#039;Alg\u00e9rie participe au Conseil ex\u00e9cutif de l&#039;UA \u00e0 Lusaka"}]},{"@type":"WebSite","@id":"https:\/\/www.info-algerie.com\/actualites\/#website","url":"https:\/\/www.info-algerie.com\/actualites\/","name":"info algerie","description":"Toutes les actualit\u00e9s","publisher":{"@id":"https:\/\/www.info-algerie.com\/actualites\/#organization"},"potentialAction":[{"@type":"SearchAction","target":{"@type":"EntryPoint","urlTemplate":"https:\/\/www.info-algerie.com\/actualites\/?s={search_term_string}"},"query-input":{"@type":"PropertyValueSpecification","valueRequired":true,"valueName":"search_term_string"}}],"inLanguage":"fr-FR"},{"@type":"Organization","@id":"https:\/\/www.info-algerie.com\/actualites\/#organization","name":"info algerie","url":"https:\/\/www.info-algerie.com\/actualites\/","logo":{"@type":"ImageObject","inLanguage":"fr-FR","@id":"https:\/\/www.info-algerie.com\/actualites\/#\/schema\/logo\/image\/","url":"https:\/\/www.info-algerie.com\/actualites\/wp-content\/uploads\/2022\/07\/logo-ia-120.png","contentUrl":"https:\/\/www.info-algerie.com\/actualites\/wp-content\/uploads\/2022\/07\/logo-ia-120.png","width":120,"height":43,"caption":"info algerie"},"image":{"@id":"https:\/\/www.info-algerie.com\/actualites\/#\/schema\/logo\/image\/"},"sameAs":["https:\/\/www.facebook.com\/infoalgerieactu","https:\/\/x.com\/infoalgerie1"]},{"@type":"Person","@id":"https:\/\/www.info-algerie.com\/actualites\/#\/schema\/person\/847aaec44920825b843a08f30ec6aa1e","name":"La r\u00e9daction","image":{"@type":"ImageObject","inLanguage":"fr-FR","@id":"https:\/\/secure.gravatar.com\/avatar\/769db425c6f465158149f1ffd6cf61ce7a8a879d11dfbef8288af36dfddd418c?s=96&d=mm&r=g","url":"https:\/\/secure.gravatar.com\/avatar\/769db425c6f465158149f1ffd6cf61ce7a8a879d11dfbef8288af36dfddd418c?s=96&d=mm&r=g","contentUrl":"https:\/\/secure.gravatar.com\/avatar\/769db425c6f465158149f1ffd6cf61ce7a8a879d11dfbef8288af36dfddd418c?s=96&d=mm&r=g","caption":"La r\u00e9daction"},"sameAs":["http:\/\/www.lkeria.com\/"],"url":"https:\/\/www.info-algerie.com\/actualites\/author\/chakib32\/"}]}},"_links":{"self":[{"href":"https:\/\/www.info-algerie.com\/actualites\/wp-json\/wp\/v2\/posts\/27493","targetHints":{"allow":["GET"]}}],"collection":[{"href":"https:\/\/www.info-algerie.com\/actualites\/wp-json\/wp\/v2\/posts"}],"about":[{"href":"https:\/\/www.info-algerie.com\/actualites\/wp-json\/wp\/v2\/types\/post"}],"author":[{"embeddable":true,"href":"https:\/\/www.info-algerie.com\/actualites\/wp-json\/wp\/v2\/users\/6"}],"replies":[{"embeddable":true,"href":"https:\/\/www.info-algerie.com\/actualites\/wp-json\/wp\/v2\/comments?post=27493"}],"version-history":[{"count":0,"href":"https:\/\/www.info-algerie.com\/actualites\/wp-json\/wp\/v2\/posts\/27493\/revisions"}],"wp:featuredmedia":[{"embeddable":true,"href":"https:\/\/www.info-algerie.com\/actualites\/wp-json\/wp\/v2\/media\/27494"}],"wp:attachment":[{"href":"https:\/\/www.info-algerie.com\/actualites\/wp-json\/wp\/v2\/media?parent=27493"}],"wp:term":[{"taxonomy":"category","embeddable":true,"href":"https:\/\/www.info-algerie.com\/actualites\/wp-json\/wp\/v2\/categories?post=27493"},{"taxonomy":"post_tag","embeddable":true,"href":"https:\/\/www.info-algerie.com\/actualites\/wp-json\/wp\/v2\/tags?post=27493"}],"curies":[{"name":"wp","href":"https:\/\/api.w.org\/{rel}","templated":true}]}}