{"id":27506,"date":"2022-07-14T13:16:48","date_gmt":"2022-07-14T12:16:48","guid":{"rendered":"https:\/\/www.info-algerie.com\/actualites\/lapn-cloture-sa-session-parlementaire-ordinaire\/"},"modified":"2022-07-14T13:16:48","modified_gmt":"2022-07-14T12:16:48","slug":"lapn-cloture-sa-session-parlementaire-ordinaire","status":"publish","type":"post","link":"https:\/\/www.info-algerie.com\/actualites\/lapn-cloture-sa-session-parlementaire-ordinaire\/","title":{"rendered":"L&#039;APN cl\u00f4ture sa session parlementaire ordinaire"},"content":{"rendered":"<div class=\"K2FeedImage\"><img decoding=\"async\" src=\"https:\/\/www.info-algerie.com\/actualites\/wp-content\/uploads\/2022\/07\/6c83c96627e149c258c732f907a77ff3_S.jpg\" alt=\"L'APN cl&#xF4;ture sa session parlementaire ordinaire\" \/><\/div>\n<div class=\"K2FeedIntroText\">\n<p><strong>ALGER &#8211; L&rsquo;Assembl\u00e9e populaire nationale (APN) a cl\u00f4tur\u00e9 jeudi les travaux de sa session parlementaire ordinaire 2021-2022, lors d&rsquo;une s\u00e9ance pl\u00e9ni\u00e8re pr\u00e9sid\u00e9e par M. Brahim Boughali, pr\u00e9sident de cette instance.<\/strong><\/p>\n<p>&#013;\n<\/p><\/div>\n<div class=\"K2FeedFullText\">&#013;<\/p>\n<p>La c\u00e9r\u00e9monie de cl\u00f4ture s&rsquo;est d\u00e9roul\u00e9e en pr\u00e9sence du pr\u00e9sident du Conseil de la nation, M. Salah Goudjil, du Premier ministre, M. A\u00efmene Benabderrahmane et de membres du gouvernement.<\/p>\n<p>&#013;<\/p>\n<p>Dans une allocution prononc\u00e9e \u00e0 cette occasion, M. Boughali a soulign\u00e9 que \u00ab\u00a0l&rsquo;APN est fid\u00e8le \u00e0 la ligne nationale visant \u00e0 op\u00e9rer le changement escompt\u00e9 pour tracer les contours de l&rsquo;Alg\u00e9rie nouvelle \u00e0 laquelle aspire le peuple alg\u00e9rien\u00a0\u00bb, ajoutant que le parlement \u00ab\u00a0s&rsquo;est employ\u00e9 lors de cette session \u00e0 \u00eatre \u00e0 la hauteur de cette aspiration en restant fid\u00e8le \u00e0 la ligne nationale trac\u00e9e par le Pr\u00e9sident de la R\u00e9publique M. Abdelmadjid Tebboune dans son programme\u00a0\u00bb.\u00a0\u00a0\u00a0<\/p>\n<p>&#013;<\/p>\n<p>La cl\u00f4ture de cette session intervient conform\u00e9ment \u00e0 l&rsquo;article 138 de la Constitution et aux dispositions de l&rsquo;article 5 de la loi organique 12-16 fixant l&rsquo;organisation et le fonctionnement de l&rsquo;APN et du Conseil de la nation et les relations fonctionnelles entre les deux instances et le Gouvernement.<\/p>\n<\/div>\n<p>&#013;<br \/>\nSource: <a href=\"http:\/\/www.aps.dz\/algerie\/142833-l-apn-cloture-sa-session-parlementaire-ordinaire\" target=\"_blank\" rel=\"noopener\">L&rsquo;APN cl\u00f4ture sa session parlementaire ordinaire<\/a><\/p>\n<!--CusAds0-->\n<div style=\"font-size: 0px; height: 0px; line-height: 0px; margin: 0; padding: 0; clear: both;\"><\/div>","protected":false},"excerpt":{"rendered":"<p>ALGER &#8211; L&rsquo;Assembl\u00e9e populaire nationale (APN) a cl\u00f4tur\u00e9 jeudi les travaux de sa session parlementaire ordinaire 2021-2022, lors d&rsquo;une s\u00e9ance pl\u00e9ni\u00e8re pr\u00e9sid\u00e9e par M. Brahim Boughali, pr\u00e9sident de cette instance. &#013; &#013; La c\u00e9r\u00e9monie de cl\u00f4ture s&rsquo;est d\u00e9roul\u00e9e en pr\u00e9sence du pr\u00e9sident du Conseil de la nation, M. Salah Goudjil, du Premier ministre, M. A\u00efmene<\/p>\n","protected":false},"author":6,"featured_media":27507,"comment_status":"open","ping_status":"open","sticky":false,"template":"","format":"standard","meta":{"footnotes":""},"categories":[22],"tags":[93],"class_list":["post-27506","post","type-post","status-publish","format-standard","has-post-thumbnail","hentry","category-infos","tag-onu"],"yoast_head":"<!-- This site is optimized with the Yoast SEO plugin v27.5 - https:\/\/yoast.com\/product\/yoast-seo-wordpress\/ -->\n<title>L&#039;APN cl\u00f4ture sa session parlementaire ordinaire - info algerie<\/title>\n<meta name=\"robots\" content=\"index, follow, max-snippet:-1, max-image-preview:large, max-video-preview:-1\" \/>\n<link rel=\"canonical\" href=\"https:\/\/www.info-algerie.com\/actualites\/lapn-cloture-sa-session-parlementaire-ordinaire\/\" \/>\n<meta property=\"og:locale\" content=\"fr_FR\" \/>\n<meta property=\"og:type\" content=\"article\" \/>\n<meta property=\"og:title\" content=\"L&#039;APN cl\u00f4ture sa session parlementaire ordinaire - info algerie\" \/>\n<meta property=\"og:description\" content=\"ALGER &#8211; L&rsquo;Assembl\u00e9e populaire nationale (APN) a cl\u00f4tur\u00e9 jeudi les travaux de sa session parlementaire ordinaire 2021-2022, lors d&rsquo;une s\u00e9ance pl\u00e9ni\u00e8re pr\u00e9sid\u00e9e par M. Brahim Boughali, pr\u00e9sident de cette instance. &#013; &#013; La c\u00e9r\u00e9monie de cl\u00f4ture s&rsquo;est d\u00e9roul\u00e9e en pr\u00e9sence du pr\u00e9sident du Conseil de la nation, M. Salah Goudjil, du Premier ministre, M. A\u00efmene\" \/>\n<meta property=\"og:url\" content=\"https:\/\/www.info-algerie.com\/actualites\/lapn-cloture-sa-session-parlementaire-ordinaire\/\" \/>\n<meta property=\"og:site_name\" content=\"info algerie\" \/>\n<meta property=\"article:publisher\" content=\"https:\/\/www.facebook.com\/infoalgerieactu\" \/>\n<meta property=\"article:published_time\" content=\"2022-07-14T12:16:48+00:00\" \/>\n<meta property=\"og:image\" content=\"https:\/\/www.info-algerie.com\/actualites\/wp-content\/uploads\/2022\/07\/6c83c96627e149c258c732f907a77ff3_S-1.jpg\" \/>\n\t<meta property=\"og:image:width\" content=\"280\" \/>\n\t<meta property=\"og:image:height\" content=\"169\" \/>\n\t<meta property=\"og:image:type\" content=\"image\/jpeg\" \/>\n<meta name=\"author\" content=\"La r\u00e9daction\" \/>\n<meta name=\"twitter:label1\" content=\"\u00c9crit par\" \/>\n\t<meta name=\"twitter:data1\" content=\"La r\u00e9daction\" \/>\n\t<meta name=\"twitter:label2\" content=\"Dur\u00e9e de lecture estim\u00e9e\" \/>\n\t<meta name=\"twitter:data2\" content=\"1 minute\" \/>\n<script type=\"application\/ld+json\" class=\"yoast-schema-graph\">{\"@context\":\"https:\\\/\\\/schema.org\",\"@graph\":[{\"@type\":\"Article\",\"@id\":\"https:\\\/\\\/www.info-algerie.com\\\/actualites\\\/lapn-cloture-sa-session-parlementaire-ordinaire\\\/#article\",\"isPartOf\":{\"@id\":\"https:\\\/\\\/www.info-algerie.com\\\/actualites\\\/lapn-cloture-sa-session-parlementaire-ordinaire\\\/\"},\"author\":{\"name\":\"La r\u00e9daction\",\"@id\":\"https:\\\/\\\/www.info-algerie.com\\\/actualites\\\/#\\\/schema\\\/person\\\/847aaec44920825b843a08f30ec6aa1e\"},\"headline\":\"L&#039;APN cl\u00f4ture sa session parlementaire ordinaire\",\"datePublished\":\"2022-07-14T12:16:48+00:00\",\"mainEntityOfPage\":{\"@id\":\"https:\\\/\\\/www.info-algerie.com\\\/actualites\\\/lapn-cloture-sa-session-parlementaire-ordinaire\\\/\"},\"wordCount\":227,\"commentCount\":0,\"publisher\":{\"@id\":\"https:\\\/\\\/www.info-algerie.com\\\/actualites\\\/#organization\"},\"image\":{\"@id\":\"https:\\\/\\\/www.info-algerie.com\\\/actualites\\\/lapn-cloture-sa-session-parlementaire-ordinaire\\\/#primaryimage\"},\"thumbnailUrl\":\"https:\\\/\\\/www.info-algerie.com\\\/actualites\\\/wp-content\\\/uploads\\\/2022\\\/07\\\/6c83c96627e149c258c732f907a77ff3_S-1.jpg\",\"keywords\":[\"ONU\"],\"articleSection\":[\"infos\"],\"inLanguage\":\"fr-FR\",\"potentialAction\":[{\"@type\":\"CommentAction\",\"name\":\"Comment\",\"target\":[\"https:\\\/\\\/www.info-algerie.com\\\/actualites\\\/lapn-cloture-sa-session-parlementaire-ordinaire\\\/#respond\"]}]},{\"@type\":\"WebPage\",\"@id\":\"https:\\\/\\\/www.info-algerie.com\\\/actualites\\\/lapn-cloture-sa-session-parlementaire-ordinaire\\\/\",\"url\":\"https:\\\/\\\/www.info-algerie.com\\\/actualites\\\/lapn-cloture-sa-session-parlementaire-ordinaire\\\/\",\"name\":\"L&#039;APN cl\u00f4ture sa session parlementaire ordinaire - info algerie\",\"isPartOf\":{\"@id\":\"https:\\\/\\\/www.info-algerie.com\\\/actualites\\\/#website\"},\"primaryImageOfPage\":{\"@id\":\"https:\\\/\\\/www.info-algerie.com\\\/actualites\\\/lapn-cloture-sa-session-parlementaire-ordinaire\\\/#primaryimage\"},\"image\":{\"@id\":\"https:\\\/\\\/www.info-algerie.com\\\/actualites\\\/lapn-cloture-sa-session-parlementaire-ordinaire\\\/#primaryimage\"},\"thumbnailUrl\":\"https:\\\/\\\/www.info-algerie.com\\\/actualites\\\/wp-content\\\/uploads\\\/2022\\\/07\\\/6c83c96627e149c258c732f907a77ff3_S-1.jpg\",\"datePublished\":\"2022-07-14T12:16:48+00:00\",\"breadcrumb\":{\"@id\":\"https:\\\/\\\/www.info-algerie.com\\\/actualites\\\/lapn-cloture-sa-session-parlementaire-ordinaire\\\/#breadcrumb\"},\"inLanguage\":\"fr-FR\",\"potentialAction\":[{\"@type\":\"ReadAction\",\"target\":[\"https:\\\/\\\/www.info-algerie.com\\\/actualites\\\/lapn-cloture-sa-session-parlementaire-ordinaire\\\/\"]}]},{\"@type\":\"ImageObject\",\"inLanguage\":\"fr-FR\",\"@id\":\"https:\\\/\\\/www.info-algerie.com\\\/actualites\\\/lapn-cloture-sa-session-parlementaire-ordinaire\\\/#primaryimage\",\"url\":\"https:\\\/\\\/www.info-algerie.com\\\/actualites\\\/wp-content\\\/uploads\\\/2022\\\/07\\\/6c83c96627e149c258c732f907a77ff3_S-1.jpg\",\"contentUrl\":\"https:\\\/\\\/www.info-algerie.com\\\/actualites\\\/wp-content\\\/uploads\\\/2022\\\/07\\\/6c83c96627e149c258c732f907a77ff3_S-1.jpg\",\"width\":280,\"height\":169},{\"@type\":\"BreadcrumbList\",\"@id\":\"https:\\\/\\\/www.info-algerie.com\\\/actualites\\\/lapn-cloture-sa-session-parlementaire-ordinaire\\\/#breadcrumb\",\"itemListElement\":[{\"@type\":\"ListItem\",\"position\":1,\"name\":\"Accueil\",\"item\":\"https:\\\/\\\/www.info-algerie.com\\\/actualites\\\/\"},{\"@type\":\"ListItem\",\"position\":2,\"name\":\"L&#039;APN cl\u00f4ture sa session parlementaire ordinaire\"}]},{\"@type\":\"WebSite\",\"@id\":\"https:\\\/\\\/www.info-algerie.com\\\/actualites\\\/#website\",\"url\":\"https:\\\/\\\/www.info-algerie.com\\\/actualites\\\/\",\"name\":\"info algerie\",\"description\":\"Toutes les actualit\u00e9s\",\"publisher\":{\"@id\":\"https:\\\/\\\/www.info-algerie.com\\\/actualites\\\/#organization\"},\"potentialAction\":[{\"@type\":\"SearchAction\",\"target\":{\"@type\":\"EntryPoint\",\"urlTemplate\":\"https:\\\/\\\/www.info-algerie.com\\\/actualites\\\/?s={search_term_string}\"},\"query-input\":{\"@type\":\"PropertyValueSpecification\",\"valueRequired\":true,\"valueName\":\"search_term_string\"}}],\"inLanguage\":\"fr-FR\"},{\"@type\":\"Organization\",\"@id\":\"https:\\\/\\\/www.info-algerie.com\\\/actualites\\\/#organization\",\"name\":\"info algerie\",\"url\":\"https:\\\/\\\/www.info-algerie.com\\\/actualites\\\/\",\"logo\":{\"@type\":\"ImageObject\",\"inLanguage\":\"fr-FR\",\"@id\":\"https:\\\/\\\/www.info-algerie.com\\\/actualites\\\/#\\\/schema\\\/logo\\\/image\\\/\",\"url\":\"https:\\\/\\\/www.info-algerie.com\\\/actualites\\\/wp-content\\\/uploads\\\/2022\\\/07\\\/logo-ia-120.png\",\"contentUrl\":\"https:\\\/\\\/www.info-algerie.com\\\/actualites\\\/wp-content\\\/uploads\\\/2022\\\/07\\\/logo-ia-120.png\",\"width\":120,\"height\":43,\"caption\":\"info algerie\"},\"image\":{\"@id\":\"https:\\\/\\\/www.info-algerie.com\\\/actualites\\\/#\\\/schema\\\/logo\\\/image\\\/\"},\"sameAs\":[\"https:\\\/\\\/www.facebook.com\\\/infoalgerieactu\",\"https:\\\/\\\/x.com\\\/infoalgerie1\"]},{\"@type\":\"Person\",\"@id\":\"https:\\\/\\\/www.info-algerie.com\\\/actualites\\\/#\\\/schema\\\/person\\\/847aaec44920825b843a08f30ec6aa1e\",\"name\":\"La r\u00e9daction\",\"image\":{\"@type\":\"ImageObject\",\"inLanguage\":\"fr-FR\",\"@id\":\"https:\\\/\\\/secure.gravatar.com\\\/avatar\\\/769db425c6f465158149f1ffd6cf61ce7a8a879d11dfbef8288af36dfddd418c?s=96&d=mm&r=g\",\"url\":\"https:\\\/\\\/secure.gravatar.com\\\/avatar\\\/769db425c6f465158149f1ffd6cf61ce7a8a879d11dfbef8288af36dfddd418c?s=96&d=mm&r=g\",\"contentUrl\":\"https:\\\/\\\/secure.gravatar.com\\\/avatar\\\/769db425c6f465158149f1ffd6cf61ce7a8a879d11dfbef8288af36dfddd418c?s=96&d=mm&r=g\",\"caption\":\"La r\u00e9daction\"},\"sameAs\":[\"http:\\\/\\\/www.lkeria.com\\\/\"],\"url\":\"https:\\\/\\\/www.info-algerie.com\\\/actualites\\\/author\\\/chakib32\\\/\"}]}<\/script>\n<!-- \/ Yoast SEO plugin. -->","yoast_head_json":{"title":"L&#039;APN cl\u00f4ture sa session parlementaire ordinaire - info algerie","robots":{"index":"index","follow":"follow","max-snippet":"max-snippet:-1","max-image-preview":"max-image-preview:large","max-video-preview":"max-video-preview:-1"},"canonical":"https:\/\/www.info-algerie.com\/actualites\/lapn-cloture-sa-session-parlementaire-ordinaire\/","og_locale":"fr_FR","og_type":"article","og_title":"L&#039;APN cl\u00f4ture sa session parlementaire ordinaire - info algerie","og_description":"ALGER &#8211; L&rsquo;Assembl\u00e9e populaire nationale (APN) a cl\u00f4tur\u00e9 jeudi les travaux de sa session parlementaire ordinaire 2021-2022, lors d&rsquo;une s\u00e9ance pl\u00e9ni\u00e8re pr\u00e9sid\u00e9e par M. Brahim Boughali, pr\u00e9sident de cette instance. &#013; &#013; La c\u00e9r\u00e9monie de cl\u00f4ture s&rsquo;est d\u00e9roul\u00e9e en pr\u00e9sence du pr\u00e9sident du Conseil de la nation, M. Salah Goudjil, du Premier ministre, M. A\u00efmene","og_url":"https:\/\/www.info-algerie.com\/actualites\/lapn-cloture-sa-session-parlementaire-ordinaire\/","og_site_name":"info algerie","article_publisher":"https:\/\/www.facebook.com\/infoalgerieactu","article_published_time":"2022-07-14T12:16:48+00:00","og_image":[{"width":280,"height":169,"url":"https:\/\/www.info-algerie.com\/actualites\/wp-content\/uploads\/2022\/07\/6c83c96627e149c258c732f907a77ff3_S-1.jpg","type":"image\/jpeg"}],"author":"La r\u00e9daction","twitter_misc":{"\u00c9crit par":"La r\u00e9daction","Dur\u00e9e de lecture estim\u00e9e":"1 minute"},"schema":{"@context":"https:\/\/schema.org","@graph":[{"@type":"Article","@id":"https:\/\/www.info-algerie.com\/actualites\/lapn-cloture-sa-session-parlementaire-ordinaire\/#article","isPartOf":{"@id":"https:\/\/www.info-algerie.com\/actualites\/lapn-cloture-sa-session-parlementaire-ordinaire\/"},"author":{"name":"La r\u00e9daction","@id":"https:\/\/www.info-algerie.com\/actualites\/#\/schema\/person\/847aaec44920825b843a08f30ec6aa1e"},"headline":"L&#039;APN cl\u00f4ture sa session parlementaire ordinaire","datePublished":"2022-07-14T12:16:48+00:00","mainEntityOfPage":{"@id":"https:\/\/www.info-algerie.com\/actualites\/lapn-cloture-sa-session-parlementaire-ordinaire\/"},"wordCount":227,"commentCount":0,"publisher":{"@id":"https:\/\/www.info-algerie.com\/actualites\/#organization"},"image":{"@id":"https:\/\/www.info-algerie.com\/actualites\/lapn-cloture-sa-session-parlementaire-ordinaire\/#primaryimage"},"thumbnailUrl":"https:\/\/www.info-algerie.com\/actualites\/wp-content\/uploads\/2022\/07\/6c83c96627e149c258c732f907a77ff3_S-1.jpg","keywords":["ONU"],"articleSection":["infos"],"inLanguage":"fr-FR","potentialAction":[{"@type":"CommentAction","name":"Comment","target":["https:\/\/www.info-algerie.com\/actualites\/lapn-cloture-sa-session-parlementaire-ordinaire\/#respond"]}]},{"@type":"WebPage","@id":"https:\/\/www.info-algerie.com\/actualites\/lapn-cloture-sa-session-parlementaire-ordinaire\/","url":"https:\/\/www.info-algerie.com\/actualites\/lapn-cloture-sa-session-parlementaire-ordinaire\/","name":"L&#039;APN cl\u00f4ture sa session parlementaire ordinaire - info algerie","isPartOf":{"@id":"https:\/\/www.info-algerie.com\/actualites\/#website"},"primaryImageOfPage":{"@id":"https:\/\/www.info-algerie.com\/actualites\/lapn-cloture-sa-session-parlementaire-ordinaire\/#primaryimage"},"image":{"@id":"https:\/\/www.info-algerie.com\/actualites\/lapn-cloture-sa-session-parlementaire-ordinaire\/#primaryimage"},"thumbnailUrl":"https:\/\/www.info-algerie.com\/actualites\/wp-content\/uploads\/2022\/07\/6c83c96627e149c258c732f907a77ff3_S-1.jpg","datePublished":"2022-07-14T12:16:48+00:00","breadcrumb":{"@id":"https:\/\/www.info-algerie.com\/actualites\/lapn-cloture-sa-session-parlementaire-ordinaire\/#breadcrumb"},"inLanguage":"fr-FR","potentialAction":[{"@type":"ReadAction","target":["https:\/\/www.info-algerie.com\/actualites\/lapn-cloture-sa-session-parlementaire-ordinaire\/"]}]},{"@type":"ImageObject","inLanguage":"fr-FR","@id":"https:\/\/www.info-algerie.com\/actualites\/lapn-cloture-sa-session-parlementaire-ordinaire\/#primaryimage","url":"https:\/\/www.info-algerie.com\/actualites\/wp-content\/uploads\/2022\/07\/6c83c96627e149c258c732f907a77ff3_S-1.jpg","contentUrl":"https:\/\/www.info-algerie.com\/actualites\/wp-content\/uploads\/2022\/07\/6c83c96627e149c258c732f907a77ff3_S-1.jpg","width":280,"height":169},{"@type":"BreadcrumbList","@id":"https:\/\/www.info-algerie.com\/actualites\/lapn-cloture-sa-session-parlementaire-ordinaire\/#breadcrumb","itemListElement":[{"@type":"ListItem","position":1,"name":"Accueil","item":"https:\/\/www.info-algerie.com\/actualites\/"},{"@type":"ListItem","position":2,"name":"L&#039;APN cl\u00f4ture sa session parlementaire ordinaire"}]},{"@type":"WebSite","@id":"https:\/\/www.info-algerie.com\/actualites\/#website","url":"https:\/\/www.info-algerie.com\/actualites\/","name":"info algerie","description":"Toutes les actualit\u00e9s","publisher":{"@id":"https:\/\/www.info-algerie.com\/actualites\/#organization"},"potentialAction":[{"@type":"SearchAction","target":{"@type":"EntryPoint","urlTemplate":"https:\/\/www.info-algerie.com\/actualites\/?s={search_term_string}"},"query-input":{"@type":"PropertyValueSpecification","valueRequired":true,"valueName":"search_term_string"}}],"inLanguage":"fr-FR"},{"@type":"Organization","@id":"https:\/\/www.info-algerie.com\/actualites\/#organization","name":"info algerie","url":"https:\/\/www.info-algerie.com\/actualites\/","logo":{"@type":"ImageObject","inLanguage":"fr-FR","@id":"https:\/\/www.info-algerie.com\/actualites\/#\/schema\/logo\/image\/","url":"https:\/\/www.info-algerie.com\/actualites\/wp-content\/uploads\/2022\/07\/logo-ia-120.png","contentUrl":"https:\/\/www.info-algerie.com\/actualites\/wp-content\/uploads\/2022\/07\/logo-ia-120.png","width":120,"height":43,"caption":"info algerie"},"image":{"@id":"https:\/\/www.info-algerie.com\/actualites\/#\/schema\/logo\/image\/"},"sameAs":["https:\/\/www.facebook.com\/infoalgerieactu","https:\/\/x.com\/infoalgerie1"]},{"@type":"Person","@id":"https:\/\/www.info-algerie.com\/actualites\/#\/schema\/person\/847aaec44920825b843a08f30ec6aa1e","name":"La r\u00e9daction","image":{"@type":"ImageObject","inLanguage":"fr-FR","@id":"https:\/\/secure.gravatar.com\/avatar\/769db425c6f465158149f1ffd6cf61ce7a8a879d11dfbef8288af36dfddd418c?s=96&d=mm&r=g","url":"https:\/\/secure.gravatar.com\/avatar\/769db425c6f465158149f1ffd6cf61ce7a8a879d11dfbef8288af36dfddd418c?s=96&d=mm&r=g","contentUrl":"https:\/\/secure.gravatar.com\/avatar\/769db425c6f465158149f1ffd6cf61ce7a8a879d11dfbef8288af36dfddd418c?s=96&d=mm&r=g","caption":"La r\u00e9daction"},"sameAs":["http:\/\/www.lkeria.com\/"],"url":"https:\/\/www.info-algerie.com\/actualites\/author\/chakib32\/"}]}},"_links":{"self":[{"href":"https:\/\/www.info-algerie.com\/actualites\/wp-json\/wp\/v2\/posts\/27506","targetHints":{"allow":["GET"]}}],"collection":[{"href":"https:\/\/www.info-algerie.com\/actualites\/wp-json\/wp\/v2\/posts"}],"about":[{"href":"https:\/\/www.info-algerie.com\/actualites\/wp-json\/wp\/v2\/types\/post"}],"author":[{"embeddable":true,"href":"https:\/\/www.info-algerie.com\/actualites\/wp-json\/wp\/v2\/users\/6"}],"replies":[{"embeddable":true,"href":"https:\/\/www.info-algerie.com\/actualites\/wp-json\/wp\/v2\/comments?post=27506"}],"version-history":[{"count":0,"href":"https:\/\/www.info-algerie.com\/actualites\/wp-json\/wp\/v2\/posts\/27506\/revisions"}],"wp:featuredmedia":[{"embeddable":true,"href":"https:\/\/www.info-algerie.com\/actualites\/wp-json\/wp\/v2\/media\/27507"}],"wp:attachment":[{"href":"https:\/\/www.info-algerie.com\/actualites\/wp-json\/wp\/v2\/media?parent=27506"}],"wp:term":[{"taxonomy":"category","embeddable":true,"href":"https:\/\/www.info-algerie.com\/actualites\/wp-json\/wp\/v2\/categories?post=27506"},{"taxonomy":"post_tag","embeddable":true,"href":"https:\/\/www.info-algerie.com\/actualites\/wp-json\/wp\/v2\/tags?post=27506"}],"curies":[{"name":"wp","href":"https:\/\/api.w.org\/{rel}","templated":true}]}}