{"id":27511,"date":"2022-07-14T13:07:19","date_gmt":"2022-07-14T12:07:19","guid":{"rendered":"https:\/\/www.info-algerie.com\/actualites\/lambassade-dalgerie-a-bruxelles-organise-une-ceremonie-a-loccasion-du-60e-anniversaire-de-lindependance\/"},"modified":"2022-07-14T13:07:19","modified_gmt":"2022-07-14T12:07:19","slug":"lambassade-dalgerie-a-bruxelles-organise-une-ceremonie-a-loccasion-du-60e-anniversaire-de-lindependance","status":"publish","type":"post","link":"https:\/\/www.info-algerie.com\/actualites\/lambassade-dalgerie-a-bruxelles-organise-une-ceremonie-a-loccasion-du-60e-anniversaire-de-lindependance\/","title":{"rendered":"L&#039;ambassade d&#039;Alg\u00e9rie \u00e0 Bruxelles organise une c\u00e9r\u00e9monie \u00e0 l&#039;occasion du 60e anniversaire de l&#039;ind\u00e9pendance"},"content":{"rendered":"<div class=\"K2FeedIntroText\">\n<p><strong>BRUXELLES &#8211; L&rsquo;ambassade d&rsquo;Alg\u00e9rie \u00e0 Bruxelles a organis\u00e9 une r\u00e9ception de c\u00e9l\u00e9bration du 60e anniversaire du recouvrement de la souverainet\u00e9 nationale, en pr\u00e9sence de membres de la communaut\u00e9 nationale \u00e9tablie en Belgique et au Luxembourg et avec la participation de repr\u00e9sentants des institutions officielles du Royaume de Belgique.<\/strong><\/p>\n<p>&#013;\n<\/p><\/div>\n<div class=\"K2FeedFullText\">&#013;<\/p>\n<p>L&rsquo;ambassadeur d\u2019Alg\u00e9rie \u00e0 Bruxelles, Mohammed Haneche, a pr\u00e9sid\u00e9 cette c\u00e9r\u00e9monie organis\u00e9e au si\u00e8ge de la r\u00e9sidence d\u2019Alg\u00e9rie, \u00e0 l&rsquo;occasion de la c\u00e9l\u00e9bration du 60e anniversaire du recouvrement de la souverainet\u00e9 nationale, le 5 juillet 1962.<\/p>\n<p>&#013;<\/p>\n<blockquote><p>&#013;<\/p>\n<p><em><strong>Outre les membres de l&rsquo;ambassade et du consulat g\u00e9n\u00e9ral, des repr\u00e9sentants du mouvement associatif et de la communaut\u00e9 nationale \u00e9tablie en Belgique et au Luxembourg, parmi lesquels plusieurs anciens moudjahidine, ont pris part \u00e0 cette c\u00e9r\u00e9monie.<\/strong><\/em><\/p>\n<p>&#013;\n<\/p><\/blockquote>\n<p>&#013;<\/p>\n<p>Des repr\u00e9sentants du minist\u00e8re des Affaires \u00e9trang\u00e8res et des institutions officielles du Royaume de Belgique, ceux de la Commission europ\u00e9enne, du Conseil europ\u00e9en, de l\u2019Organisation du Trait\u00e9 de l\u2019Atlantique-Nord (OTAN) et de l\u2019Organisation mondiale des douanes, en sus des membres du corps diplomatique accr\u00e9dit\u00e9 \u00e0 Bruxelles, ont \u00e9galement particip\u00e9 \u00e0 cet \u00e9v\u00e8nement.<\/p>\n<p>&#013;<\/p>\n<p>En cette occasion, l\u2019ambassadeur d\u2019Alg\u00e9rie \u00e0 Bruxelles a prononc\u00e9 une allocution dans laquelle il a mis en exergue l\u2019importance de la comm\u00e9moration du 60e anniversaire du recouvrement de la souverainet\u00e9 nationale, soulign\u00e9 les valeurs de fraternit\u00e9 et de solidarit\u00e9 qui ont ciment\u00e9 l\u2019unit\u00e9 du peuple alg\u00e9rien tout au long de la glorieuse R\u00e9volution de Novembre et mis en valeur l\u2019attachement ind\u00e9fectible de la communaut\u00e9 nationale \u00e9tablie en Belgique et au Luxembourg \u00e0 la m\u00e8re Patrie.<\/p>\n<p>&#013;<\/p>\n<p>L&rsquo;ambassadeur a rappel\u00e9 en outre la tenue \u00e0 l\u2019Institut royal des relations internationales \u00ab\u00a0Egmont\u00a0\u00bb, relevant du minist\u00e8re belge des Affaires \u00e9trang\u00e8res, le 6 juillet dernier, d&rsquo;un colloque sur les relations alg\u00e9ro-belges sous le th\u00e8me : \u00ab\u00a0Alg\u00e9rie-Belgique: m\u00e9moire partag\u00e9e\u00a0\u00bb, qui a permis de mettre en relief les liens historiques entre les peuples alg\u00e9rien et belge, forg\u00e9s au cours de la lutte de lib\u00e9ration nationale, \u00e0 travers le mouvement belge de sympathie pour la cause alg\u00e9rienne.<\/p>\n<p>&#013;<\/p>\n<p>Le diplomate alg\u00e9rien a, par ailleurs, salu\u00e9 \u00ab\u00a0la co\u00efncidence heureuse entre le 60e anniversaire de l\u2019ind\u00e9pendance et celui de l\u2019\u00e9tablissement des relations diplomatiques entre l\u2019Alg\u00e9rie et la Belgique\u00a0\u00bb.<\/p>\n<\/div>\n<p>&#013;<br \/>\nSource: <a href=\"http:\/\/www.aps.dz\/algerie\/142831-l-ambassade-d-algerie-a-bruxelles-organise-une-ceremonie-a-l-occasion-du-60e-anniversaire-de-l-independance\" target=\"_blank\" rel=\"noopener\">L&rsquo;ambassade d&rsquo;Alg\u00e9rie \u00e0 Bruxelles organise une c\u00e9r\u00e9monie \u00e0 l&rsquo;occasion du 60e anniversaire de l&rsquo;ind\u00e9pendance<\/a><\/p>\n<!--CusAds0-->\n<div style=\"font-size: 0px; height: 0px; line-height: 0px; margin: 0; padding: 0; clear: both;\"><\/div>","protected":false},"excerpt":{"rendered":"<p>BRUXELLES &#8211; L&rsquo;ambassade d&rsquo;Alg\u00e9rie \u00e0 Bruxelles a organis\u00e9 une r\u00e9ception de c\u00e9l\u00e9bration du 60e anniversaire du recouvrement de la souverainet\u00e9 nationale, en pr\u00e9sence de membres de la communaut\u00e9 nationale \u00e9tablie en Belgique et au Luxembourg et avec la participation de repr\u00e9sentants des institutions officielles du Royaume de Belgique. &#013; &#013; L&rsquo;ambassadeur d\u2019Alg\u00e9rie \u00e0 Bruxelles, Mohammed<\/p>\n","protected":false},"author":6,"featured_media":0,"comment_status":"open","ping_status":"open","sticky":false,"template":"","format":"standard","meta":{"footnotes":""},"categories":[22],"tags":[93],"class_list":["post-27511","post","type-post","status-publish","format-standard","hentry","category-infos","tag-onu"],"yoast_head":"<!-- This site is optimized with the Yoast SEO plugin v27.5 - https:\/\/yoast.com\/product\/yoast-seo-wordpress\/ -->\n<title>L&#039;ambassade d&#039;Alg\u00e9rie \u00e0 Bruxelles organise une c\u00e9r\u00e9monie \u00e0 l&#039;occasion du 60e anniversaire de l&#039;ind\u00e9pendance - info algerie<\/title>\n<meta name=\"robots\" content=\"index, follow, max-snippet:-1, max-image-preview:large, max-video-preview:-1\" \/>\n<link rel=\"canonical\" href=\"https:\/\/www.info-algerie.com\/actualites\/lambassade-dalgerie-a-bruxelles-organise-une-ceremonie-a-loccasion-du-60e-anniversaire-de-lindependance\/\" \/>\n<meta property=\"og:locale\" content=\"fr_FR\" \/>\n<meta property=\"og:type\" content=\"article\" \/>\n<meta property=\"og:title\" content=\"L&#039;ambassade d&#039;Alg\u00e9rie \u00e0 Bruxelles organise une c\u00e9r\u00e9monie \u00e0 l&#039;occasion du 60e anniversaire de l&#039;ind\u00e9pendance - info algerie\" \/>\n<meta property=\"og:description\" content=\"BRUXELLES &#8211; L&rsquo;ambassade d&rsquo;Alg\u00e9rie \u00e0 Bruxelles a organis\u00e9 une r\u00e9ception de c\u00e9l\u00e9bration du 60e anniversaire du recouvrement de la souverainet\u00e9 nationale, en pr\u00e9sence de membres de la communaut\u00e9 nationale \u00e9tablie en Belgique et au Luxembourg et avec la participation de repr\u00e9sentants des institutions officielles du Royaume de Belgique. &#013; &#013; L&rsquo;ambassadeur d\u2019Alg\u00e9rie \u00e0 Bruxelles, Mohammed\" \/>\n<meta property=\"og:url\" content=\"https:\/\/www.info-algerie.com\/actualites\/lambassade-dalgerie-a-bruxelles-organise-une-ceremonie-a-loccasion-du-60e-anniversaire-de-lindependance\/\" \/>\n<meta property=\"og:site_name\" content=\"info algerie\" \/>\n<meta property=\"article:publisher\" content=\"https:\/\/www.facebook.com\/infoalgerieactu\" \/>\n<meta property=\"article:published_time\" content=\"2022-07-14T12:07:19+00:00\" \/>\n<meta name=\"author\" content=\"La r\u00e9daction\" \/>\n<meta name=\"twitter:label1\" content=\"\u00c9crit par\" \/>\n\t<meta name=\"twitter:data1\" content=\"La r\u00e9daction\" \/>\n\t<meta name=\"twitter:label2\" content=\"Dur\u00e9e de lecture estim\u00e9e\" \/>\n\t<meta name=\"twitter:data2\" content=\"2 minutes\" \/>\n<script type=\"application\/ld+json\" class=\"yoast-schema-graph\">{\"@context\":\"https:\\\/\\\/schema.org\",\"@graph\":[{\"@type\":\"Article\",\"@id\":\"https:\\\/\\\/www.info-algerie.com\\\/actualites\\\/lambassade-dalgerie-a-bruxelles-organise-une-ceremonie-a-loccasion-du-60e-anniversaire-de-lindependance\\\/#article\",\"isPartOf\":{\"@id\":\"https:\\\/\\\/www.info-algerie.com\\\/actualites\\\/lambassade-dalgerie-a-bruxelles-organise-une-ceremonie-a-loccasion-du-60e-anniversaire-de-lindependance\\\/\"},\"author\":{\"name\":\"La r\u00e9daction\",\"@id\":\"https:\\\/\\\/www.info-algerie.com\\\/actualites\\\/#\\\/schema\\\/person\\\/847aaec44920825b843a08f30ec6aa1e\"},\"headline\":\"L&#039;ambassade d&#039;Alg\u00e9rie \u00e0 Bruxelles organise une c\u00e9r\u00e9monie \u00e0 l&#039;occasion du 60e anniversaire de l&#039;ind\u00e9pendance\",\"datePublished\":\"2022-07-14T12:07:19+00:00\",\"mainEntityOfPage\":{\"@id\":\"https:\\\/\\\/www.info-algerie.com\\\/actualites\\\/lambassade-dalgerie-a-bruxelles-organise-une-ceremonie-a-loccasion-du-60e-anniversaire-de-lindependance\\\/\"},\"wordCount\":445,\"commentCount\":0,\"publisher\":{\"@id\":\"https:\\\/\\\/www.info-algerie.com\\\/actualites\\\/#organization\"},\"keywords\":[\"ONU\"],\"articleSection\":[\"infos\"],\"inLanguage\":\"fr-FR\",\"potentialAction\":[{\"@type\":\"CommentAction\",\"name\":\"Comment\",\"target\":[\"https:\\\/\\\/www.info-algerie.com\\\/actualites\\\/lambassade-dalgerie-a-bruxelles-organise-une-ceremonie-a-loccasion-du-60e-anniversaire-de-lindependance\\\/#respond\"]}]},{\"@type\":\"WebPage\",\"@id\":\"https:\\\/\\\/www.info-algerie.com\\\/actualites\\\/lambassade-dalgerie-a-bruxelles-organise-une-ceremonie-a-loccasion-du-60e-anniversaire-de-lindependance\\\/\",\"url\":\"https:\\\/\\\/www.info-algerie.com\\\/actualites\\\/lambassade-dalgerie-a-bruxelles-organise-une-ceremonie-a-loccasion-du-60e-anniversaire-de-lindependance\\\/\",\"name\":\"L&#039;ambassade d&#039;Alg\u00e9rie \u00e0 Bruxelles organise une c\u00e9r\u00e9monie \u00e0 l&#039;occasion du 60e anniversaire de l&#039;ind\u00e9pendance - info algerie\",\"isPartOf\":{\"@id\":\"https:\\\/\\\/www.info-algerie.com\\\/actualites\\\/#website\"},\"datePublished\":\"2022-07-14T12:07:19+00:00\",\"breadcrumb\":{\"@id\":\"https:\\\/\\\/www.info-algerie.com\\\/actualites\\\/lambassade-dalgerie-a-bruxelles-organise-une-ceremonie-a-loccasion-du-60e-anniversaire-de-lindependance\\\/#breadcrumb\"},\"inLanguage\":\"fr-FR\",\"potentialAction\":[{\"@type\":\"ReadAction\",\"target\":[\"https:\\\/\\\/www.info-algerie.com\\\/actualites\\\/lambassade-dalgerie-a-bruxelles-organise-une-ceremonie-a-loccasion-du-60e-anniversaire-de-lindependance\\\/\"]}]},{\"@type\":\"BreadcrumbList\",\"@id\":\"https:\\\/\\\/www.info-algerie.com\\\/actualites\\\/lambassade-dalgerie-a-bruxelles-organise-une-ceremonie-a-loccasion-du-60e-anniversaire-de-lindependance\\\/#breadcrumb\",\"itemListElement\":[{\"@type\":\"ListItem\",\"position\":1,\"name\":\"Accueil\",\"item\":\"https:\\\/\\\/www.info-algerie.com\\\/actualites\\\/\"},{\"@type\":\"ListItem\",\"position\":2,\"name\":\"L&#039;ambassade d&#039;Alg\u00e9rie \u00e0 Bruxelles organise une c\u00e9r\u00e9monie \u00e0 l&#039;occasion du 60e anniversaire de l&#039;ind\u00e9pendance\"}]},{\"@type\":\"WebSite\",\"@id\":\"https:\\\/\\\/www.info-algerie.com\\\/actualites\\\/#website\",\"url\":\"https:\\\/\\\/www.info-algerie.com\\\/actualites\\\/\",\"name\":\"info algerie\",\"description\":\"Toutes les actualit\u00e9s\",\"publisher\":{\"@id\":\"https:\\\/\\\/www.info-algerie.com\\\/actualites\\\/#organization\"},\"potentialAction\":[{\"@type\":\"SearchAction\",\"target\":{\"@type\":\"EntryPoint\",\"urlTemplate\":\"https:\\\/\\\/www.info-algerie.com\\\/actualites\\\/?s={search_term_string}\"},\"query-input\":{\"@type\":\"PropertyValueSpecification\",\"valueRequired\":true,\"valueName\":\"search_term_string\"}}],\"inLanguage\":\"fr-FR\"},{\"@type\":\"Organization\",\"@id\":\"https:\\\/\\\/www.info-algerie.com\\\/actualites\\\/#organization\",\"name\":\"info algerie\",\"url\":\"https:\\\/\\\/www.info-algerie.com\\\/actualites\\\/\",\"logo\":{\"@type\":\"ImageObject\",\"inLanguage\":\"fr-FR\",\"@id\":\"https:\\\/\\\/www.info-algerie.com\\\/actualites\\\/#\\\/schema\\\/logo\\\/image\\\/\",\"url\":\"https:\\\/\\\/www.info-algerie.com\\\/actualites\\\/wp-content\\\/uploads\\\/2022\\\/07\\\/logo-ia-120.png\",\"contentUrl\":\"https:\\\/\\\/www.info-algerie.com\\\/actualites\\\/wp-content\\\/uploads\\\/2022\\\/07\\\/logo-ia-120.png\",\"width\":120,\"height\":43,\"caption\":\"info algerie\"},\"image\":{\"@id\":\"https:\\\/\\\/www.info-algerie.com\\\/actualites\\\/#\\\/schema\\\/logo\\\/image\\\/\"},\"sameAs\":[\"https:\\\/\\\/www.facebook.com\\\/infoalgerieactu\",\"https:\\\/\\\/x.com\\\/infoalgerie1\"]},{\"@type\":\"Person\",\"@id\":\"https:\\\/\\\/www.info-algerie.com\\\/actualites\\\/#\\\/schema\\\/person\\\/847aaec44920825b843a08f30ec6aa1e\",\"name\":\"La r\u00e9daction\",\"image\":{\"@type\":\"ImageObject\",\"inLanguage\":\"fr-FR\",\"@id\":\"https:\\\/\\\/secure.gravatar.com\\\/avatar\\\/769db425c6f465158149f1ffd6cf61ce7a8a879d11dfbef8288af36dfddd418c?s=96&d=mm&r=g\",\"url\":\"https:\\\/\\\/secure.gravatar.com\\\/avatar\\\/769db425c6f465158149f1ffd6cf61ce7a8a879d11dfbef8288af36dfddd418c?s=96&d=mm&r=g\",\"contentUrl\":\"https:\\\/\\\/secure.gravatar.com\\\/avatar\\\/769db425c6f465158149f1ffd6cf61ce7a8a879d11dfbef8288af36dfddd418c?s=96&d=mm&r=g\",\"caption\":\"La r\u00e9daction\"},\"sameAs\":[\"http:\\\/\\\/www.lkeria.com\\\/\"],\"url\":\"https:\\\/\\\/www.info-algerie.com\\\/actualites\\\/author\\\/chakib32\\\/\"}]}<\/script>\n<!-- \/ Yoast SEO plugin. -->","yoast_head_json":{"title":"L&#039;ambassade d&#039;Alg\u00e9rie \u00e0 Bruxelles organise une c\u00e9r\u00e9monie \u00e0 l&#039;occasion du 60e anniversaire de l&#039;ind\u00e9pendance - info algerie","robots":{"index":"index","follow":"follow","max-snippet":"max-snippet:-1","max-image-preview":"max-image-preview:large","max-video-preview":"max-video-preview:-1"},"canonical":"https:\/\/www.info-algerie.com\/actualites\/lambassade-dalgerie-a-bruxelles-organise-une-ceremonie-a-loccasion-du-60e-anniversaire-de-lindependance\/","og_locale":"fr_FR","og_type":"article","og_title":"L&#039;ambassade d&#039;Alg\u00e9rie \u00e0 Bruxelles organise une c\u00e9r\u00e9monie \u00e0 l&#039;occasion du 60e anniversaire de l&#039;ind\u00e9pendance - info algerie","og_description":"BRUXELLES &#8211; L&rsquo;ambassade d&rsquo;Alg\u00e9rie \u00e0 Bruxelles a organis\u00e9 une r\u00e9ception de c\u00e9l\u00e9bration du 60e anniversaire du recouvrement de la souverainet\u00e9 nationale, en pr\u00e9sence de membres de la communaut\u00e9 nationale \u00e9tablie en Belgique et au Luxembourg et avec la participation de repr\u00e9sentants des institutions officielles du Royaume de Belgique. &#013; &#013; L&rsquo;ambassadeur d\u2019Alg\u00e9rie \u00e0 Bruxelles, Mohammed","og_url":"https:\/\/www.info-algerie.com\/actualites\/lambassade-dalgerie-a-bruxelles-organise-une-ceremonie-a-loccasion-du-60e-anniversaire-de-lindependance\/","og_site_name":"info algerie","article_publisher":"https:\/\/www.facebook.com\/infoalgerieactu","article_published_time":"2022-07-14T12:07:19+00:00","author":"La r\u00e9daction","twitter_misc":{"\u00c9crit par":"La r\u00e9daction","Dur\u00e9e de lecture estim\u00e9e":"2 minutes"},"schema":{"@context":"https:\/\/schema.org","@graph":[{"@type":"Article","@id":"https:\/\/www.info-algerie.com\/actualites\/lambassade-dalgerie-a-bruxelles-organise-une-ceremonie-a-loccasion-du-60e-anniversaire-de-lindependance\/#article","isPartOf":{"@id":"https:\/\/www.info-algerie.com\/actualites\/lambassade-dalgerie-a-bruxelles-organise-une-ceremonie-a-loccasion-du-60e-anniversaire-de-lindependance\/"},"author":{"name":"La r\u00e9daction","@id":"https:\/\/www.info-algerie.com\/actualites\/#\/schema\/person\/847aaec44920825b843a08f30ec6aa1e"},"headline":"L&#039;ambassade d&#039;Alg\u00e9rie \u00e0 Bruxelles organise une c\u00e9r\u00e9monie \u00e0 l&#039;occasion du 60e anniversaire de l&#039;ind\u00e9pendance","datePublished":"2022-07-14T12:07:19+00:00","mainEntityOfPage":{"@id":"https:\/\/www.info-algerie.com\/actualites\/lambassade-dalgerie-a-bruxelles-organise-une-ceremonie-a-loccasion-du-60e-anniversaire-de-lindependance\/"},"wordCount":445,"commentCount":0,"publisher":{"@id":"https:\/\/www.info-algerie.com\/actualites\/#organization"},"keywords":["ONU"],"articleSection":["infos"],"inLanguage":"fr-FR","potentialAction":[{"@type":"CommentAction","name":"Comment","target":["https:\/\/www.info-algerie.com\/actualites\/lambassade-dalgerie-a-bruxelles-organise-une-ceremonie-a-loccasion-du-60e-anniversaire-de-lindependance\/#respond"]}]},{"@type":"WebPage","@id":"https:\/\/www.info-algerie.com\/actualites\/lambassade-dalgerie-a-bruxelles-organise-une-ceremonie-a-loccasion-du-60e-anniversaire-de-lindependance\/","url":"https:\/\/www.info-algerie.com\/actualites\/lambassade-dalgerie-a-bruxelles-organise-une-ceremonie-a-loccasion-du-60e-anniversaire-de-lindependance\/","name":"L&#039;ambassade d&#039;Alg\u00e9rie \u00e0 Bruxelles organise une c\u00e9r\u00e9monie \u00e0 l&#039;occasion du 60e anniversaire de l&#039;ind\u00e9pendance - info algerie","isPartOf":{"@id":"https:\/\/www.info-algerie.com\/actualites\/#website"},"datePublished":"2022-07-14T12:07:19+00:00","breadcrumb":{"@id":"https:\/\/www.info-algerie.com\/actualites\/lambassade-dalgerie-a-bruxelles-organise-une-ceremonie-a-loccasion-du-60e-anniversaire-de-lindependance\/#breadcrumb"},"inLanguage":"fr-FR","potentialAction":[{"@type":"ReadAction","target":["https:\/\/www.info-algerie.com\/actualites\/lambassade-dalgerie-a-bruxelles-organise-une-ceremonie-a-loccasion-du-60e-anniversaire-de-lindependance\/"]}]},{"@type":"BreadcrumbList","@id":"https:\/\/www.info-algerie.com\/actualites\/lambassade-dalgerie-a-bruxelles-organise-une-ceremonie-a-loccasion-du-60e-anniversaire-de-lindependance\/#breadcrumb","itemListElement":[{"@type":"ListItem","position":1,"name":"Accueil","item":"https:\/\/www.info-algerie.com\/actualites\/"},{"@type":"ListItem","position":2,"name":"L&#039;ambassade d&#039;Alg\u00e9rie \u00e0 Bruxelles organise une c\u00e9r\u00e9monie \u00e0 l&#039;occasion du 60e anniversaire de l&#039;ind\u00e9pendance"}]},{"@type":"WebSite","@id":"https:\/\/www.info-algerie.com\/actualites\/#website","url":"https:\/\/www.info-algerie.com\/actualites\/","name":"info algerie","description":"Toutes les actualit\u00e9s","publisher":{"@id":"https:\/\/www.info-algerie.com\/actualites\/#organization"},"potentialAction":[{"@type":"SearchAction","target":{"@type":"EntryPoint","urlTemplate":"https:\/\/www.info-algerie.com\/actualites\/?s={search_term_string}"},"query-input":{"@type":"PropertyValueSpecification","valueRequired":true,"valueName":"search_term_string"}}],"inLanguage":"fr-FR"},{"@type":"Organization","@id":"https:\/\/www.info-algerie.com\/actualites\/#organization","name":"info algerie","url":"https:\/\/www.info-algerie.com\/actualites\/","logo":{"@type":"ImageObject","inLanguage":"fr-FR","@id":"https:\/\/www.info-algerie.com\/actualites\/#\/schema\/logo\/image\/","url":"https:\/\/www.info-algerie.com\/actualites\/wp-content\/uploads\/2022\/07\/logo-ia-120.png","contentUrl":"https:\/\/www.info-algerie.com\/actualites\/wp-content\/uploads\/2022\/07\/logo-ia-120.png","width":120,"height":43,"caption":"info algerie"},"image":{"@id":"https:\/\/www.info-algerie.com\/actualites\/#\/schema\/logo\/image\/"},"sameAs":["https:\/\/www.facebook.com\/infoalgerieactu","https:\/\/x.com\/infoalgerie1"]},{"@type":"Person","@id":"https:\/\/www.info-algerie.com\/actualites\/#\/schema\/person\/847aaec44920825b843a08f30ec6aa1e","name":"La r\u00e9daction","image":{"@type":"ImageObject","inLanguage":"fr-FR","@id":"https:\/\/secure.gravatar.com\/avatar\/769db425c6f465158149f1ffd6cf61ce7a8a879d11dfbef8288af36dfddd418c?s=96&d=mm&r=g","url":"https:\/\/secure.gravatar.com\/avatar\/769db425c6f465158149f1ffd6cf61ce7a8a879d11dfbef8288af36dfddd418c?s=96&d=mm&r=g","contentUrl":"https:\/\/secure.gravatar.com\/avatar\/769db425c6f465158149f1ffd6cf61ce7a8a879d11dfbef8288af36dfddd418c?s=96&d=mm&r=g","caption":"La r\u00e9daction"},"sameAs":["http:\/\/www.lkeria.com\/"],"url":"https:\/\/www.info-algerie.com\/actualites\/author\/chakib32\/"}]}},"_links":{"self":[{"href":"https:\/\/www.info-algerie.com\/actualites\/wp-json\/wp\/v2\/posts\/27511","targetHints":{"allow":["GET"]}}],"collection":[{"href":"https:\/\/www.info-algerie.com\/actualites\/wp-json\/wp\/v2\/posts"}],"about":[{"href":"https:\/\/www.info-algerie.com\/actualites\/wp-json\/wp\/v2\/types\/post"}],"author":[{"embeddable":true,"href":"https:\/\/www.info-algerie.com\/actualites\/wp-json\/wp\/v2\/users\/6"}],"replies":[{"embeddable":true,"href":"https:\/\/www.info-algerie.com\/actualites\/wp-json\/wp\/v2\/comments?post=27511"}],"version-history":[{"count":0,"href":"https:\/\/www.info-algerie.com\/actualites\/wp-json\/wp\/v2\/posts\/27511\/revisions"}],"wp:attachment":[{"href":"https:\/\/www.info-algerie.com\/actualites\/wp-json\/wp\/v2\/media?parent=27511"}],"wp:term":[{"taxonomy":"category","embeddable":true,"href":"https:\/\/www.info-algerie.com\/actualites\/wp-json\/wp\/v2\/categories?post=27511"},{"taxonomy":"post_tag","embeddable":true,"href":"https:\/\/www.info-algerie.com\/actualites\/wp-json\/wp\/v2\/tags?post=27511"}],"curies":[{"name":"wp","href":"https:\/\/api.w.org\/{rel}","templated":true}]}}