{"id":27513,"date":"2022-07-14T14:01:28","date_gmt":"2022-07-14T13:01:28","guid":{"rendered":"https:\/\/www.info-algerie.com\/actualites\/goudjil-appelle-a-la-mobilisation-de-tout-un-chacun-pour-la-sauvegarde-de-lalgerie\/"},"modified":"2023-09-26T19:25:03","modified_gmt":"2023-09-26T18:25:03","slug":"goudjil-appelle-a-la-mobilisation-de-tout-un-chacun-pour-la-sauvegarde-de-lalgerie","status":"publish","type":"post","link":"https:\/\/www.info-algerie.com\/actualites\/goudjil-appelle-a-la-mobilisation-de-tout-un-chacun-pour-la-sauvegarde-de-lalgerie\/","title":{"rendered":"Goudjil appelle \u00e0 la mobilisation pour la sauvegarde de l&rsquo;Alg\u00e9rie"},"content":{"rendered":"<div class=\"K2FeedImage\"><img decoding=\"async\" src=\"https:\/\/www.info-algerie.com\/actualites\/wp-content\/uploads\/2022\/07\/25ca292378d00c22bc344074c6b1a46b_S.jpg\" alt=\"Goudjil appelle \u00e0 la mobilisation de tout un chacun pour la sauvegarde de l'Alg\u00e9rie\" \/><\/div>\n<div class=\"K2FeedIntroText\">\n<p><strong>ALGER &#8211; Le pr\u00e9sident du Conseil de la nation, M. Salah Goudjil a soulign\u00e9, jeudi \u00e0 Alger, que l&rsquo;\u00e9tape actuelle n\u00e9cessite la mobilisation de tous pour pr\u00e9server l&rsquo;Alg\u00e9rie et porter haut sa voix.<\/strong><\/p>\n<p><span style=\"font-size: revert; color: initial;\">\u00ab\u00a0Nous devons tous rest\u00e9s mobilis\u00e9s pour que l&rsquo;Alg\u00e9rie demeure debout, en se r\u00e9f\u00e9rant \u00e0 l&rsquo;histoire en tant que r\u00e9f\u00e9rence qui \u00e9claire notre voie\u00a0\u00bb, a d\u00e9clar\u00e9 M. Goudjil dans son allocution de cl\u00f4ture de la session ordinaire 2021-2022 du Conseil, soulignant la n\u00e9cessaire mobilisation de tous pour pr\u00e9server les acquis de l&rsquo;Alg\u00e9rie r\u00e9alis\u00e9s gr\u00e2ce au recouvrement de sa souverainet\u00e9 nationale, et porter haut sa voix dans les fora internationaux.<\/span><\/p>\n<\/div>\n<div class=\"K2FeedFullText\">\n<blockquote>\n<p><em><strong>Et d&rsquo;ajouter: \u00ab\u00a0Notre lutte en novembre \u00e9tait pour recouvrer la souverainet\u00e9 nationale, et nous luttons aujourd&rsquo;hui pour la pr\u00e9server, en portant haut la voix de l&rsquo;Alg\u00e9rie dans les fora internationaux et en soulignant ses positions et ses principes en faveur de ce qui est juste\u00a0\u00bb.\u00a0\u00a0\u00a0\u00a0\u00a0\u00a0<\/strong><\/em><\/p><\/blockquote>\n<p>\u00ab\u00a0La voie que nous avons choisie pour la sauvegarde de notre ind\u00e9pendance doit \u00e9galement \u00eatre soutenue par une ind\u00e9pendance \u00e9conomique\u00a0\u00bb, a-t-il dit soulignant que les d\u00e9veloppements en cours et ceux \u00e0 venir dans le monde exigent que l&rsquo;Alg\u00e9rie soit \u00ab\u00a0pr\u00e9par\u00e9e et pr\u00eate pour pr\u00e9server son ind\u00e9pendance\u00a0\u00bb.<\/p>\n<p>M. Goudjil a fait savoir que la prochaine session parlementaire \u00ab\u00a0verra une activit\u00e9 importante, notamment la r\u00e9vision du code des collectivit\u00e9s locales, et ce, dans le cadre du processus de parach\u00e8vement de toutes les institutions, en conf\u00e9rant \u00e0 la commune son r\u00f4le v\u00e9ritable\u00a0\u00bb. \u00ab\u00a0C&rsquo;est l\u00e0 le vrai concept de l&rsquo;Alg\u00e9rie nouvelle\u00a0\u00bb.<\/p>\n<p>Rappelant, \u00e0 cette occasion, les festivit\u00e9s de c\u00e9l\u00e9bration du 60e anniversaire de recouvrement de la souverainet\u00e9 nationale et la derni\u00e8re \u00e9dition des Jeux m\u00e9diterran\u00e9ens organis\u00e9s \u00e0 Oran et qui ont \u00e9t\u00e9 \u00ab\u00a0une source de fiert\u00e9 et de gloire\u00a0\u00bb pour les Alg\u00e9riens, M. Goudjil a salu\u00e9 \u00ab\u00a0les efforts consentis par le pr\u00e9sident de la R\u00e9publique, Abdelmadjid Tebboune, pour garantir leur succ\u00e8s\u00a0\u00bb.<\/p>\n<p>La voie trac\u00e9e par le Pr\u00e9sident Tebboune \u00e0 travers la nouvelle Constitution \u00ab\u00a0consacre la v\u00e9ritable d\u00e9mocratie en Alg\u00e9rie\u00a0\u00bb, a-t-il dit, estimant que la pratique de la d\u00e9mocratie \u00ab\u00a0est li\u00e9e \u00e0 l&rsquo;histoire et \u00e0 la culture du pays\u00a0\u00bb. \u00ab\u00a0Nous sommes engag\u00e9s sur la bonne voie, aujourd&rsquo;hui et pour l&rsquo;avenir\u00a0\u00bb.<\/p>\n<\/div>\n<p>Source: <a href=\"http:\/\/www.aps.dz\/algerie\/142836-goudjil-appelle-a-la-mobilisation-de-tout-un-chacun-pour-la-sauvegarde-de-l-algerie\" target=\"_blank\" rel=\"noopener\">Goudjil appelle \u00e0 la mobilisation de tout un chacun pour la sauvegarde de l&rsquo;Alg\u00e9rie<\/a><\/p>\n<!--CusAds0-->\n<div style=\"font-size: 0px; height: 0px; line-height: 0px; margin: 0; padding: 0; clear: both;\"><\/div>","protected":false},"excerpt":{"rendered":"<p>ALGER &#8211; Le pr\u00e9sident du Conseil de la nation, M. Salah Goudjil a soulign\u00e9, jeudi \u00e0 Alger, que l&rsquo;\u00e9tape actuelle n\u00e9cessite la mobilisation de tous pour pr\u00e9server l&rsquo;Alg\u00e9rie et porter haut sa voix. \u00ab\u00a0Nous devons tous rest\u00e9s mobilis\u00e9s pour que l&rsquo;Alg\u00e9rie demeure debout, en se r\u00e9f\u00e9rant \u00e0 l&rsquo;histoire en tant que r\u00e9f\u00e9rence qui \u00e9claire notre<\/p>\n","protected":false},"author":6,"featured_media":27514,"comment_status":"open","ping_status":"open","sticky":false,"template":"","format":"standard","meta":{"footnotes":""},"categories":[22],"tags":[93],"class_list":["post-27513","post","type-post","status-publish","format-standard","has-post-thumbnail","hentry","category-infos","tag-onu"],"yoast_head":"<!-- This site is optimized with the Yoast SEO plugin v27.5 - https:\/\/yoast.com\/product\/yoast-seo-wordpress\/ -->\n<title>Goudjil appelle \u00e0 la mobilisation pour la sauvegarde de l&#039;Alg\u00e9rie<\/title>\n<meta name=\"description\" content=\"Goudjil a soulign\u00e9, jeudi \u00e0 Alger, que l&#039;\u00e9tape actuelle n\u00e9cessite la mobilisation de tous pour pr\u00e9server l&#039;Alg\u00e9rie et porter haut sa voix.\" \/>\n<meta name=\"robots\" content=\"index, follow, max-snippet:-1, max-image-preview:large, max-video-preview:-1\" \/>\n<link rel=\"canonical\" href=\"https:\/\/www.info-algerie.com\/actualites\/goudjil-appelle-a-la-mobilisation-de-tout-un-chacun-pour-la-sauvegarde-de-lalgerie\/\" \/>\n<meta property=\"og:locale\" content=\"fr_FR\" \/>\n<meta property=\"og:type\" content=\"article\" \/>\n<meta property=\"og:title\" content=\"Goudjil appelle \u00e0 la mobilisation pour la sauvegarde de l&#039;Alg\u00e9rie\" \/>\n<meta property=\"og:description\" content=\"Goudjil a soulign\u00e9, jeudi \u00e0 Alger, que l&#039;\u00e9tape actuelle n\u00e9cessite la mobilisation de tous pour pr\u00e9server l&#039;Alg\u00e9rie et porter haut sa voix.\" \/>\n<meta property=\"og:url\" content=\"https:\/\/www.info-algerie.com\/actualites\/goudjil-appelle-a-la-mobilisation-de-tout-un-chacun-pour-la-sauvegarde-de-lalgerie\/\" \/>\n<meta property=\"og:site_name\" content=\"info algerie\" \/>\n<meta property=\"article:publisher\" content=\"https:\/\/www.facebook.com\/infoalgerieactu\" \/>\n<meta property=\"article:published_time\" content=\"2022-07-14T13:01:28+00:00\" \/>\n<meta property=\"article:modified_time\" content=\"2023-09-26T18:25:03+00:00\" \/>\n<meta property=\"og:image\" content=\"https:\/\/www.info-algerie.com\/actualites\/wp-content\/uploads\/2022\/07\/25ca292378d00c22bc344074c6b1a46b_S-1.jpg\" \/>\n\t<meta property=\"og:image:width\" content=\"280\" \/>\n\t<meta property=\"og:image:height\" content=\"187\" \/>\n\t<meta property=\"og:image:type\" content=\"image\/jpeg\" \/>\n<meta name=\"author\" content=\"La r\u00e9daction\" \/>\n<meta name=\"twitter:label1\" content=\"\u00c9crit par\" \/>\n\t<meta name=\"twitter:data1\" content=\"La r\u00e9daction\" \/>\n\t<meta name=\"twitter:label2\" content=\"Dur\u00e9e de lecture estim\u00e9e\" \/>\n\t<meta name=\"twitter:data2\" content=\"2 minutes\" \/>\n<script type=\"application\/ld+json\" class=\"yoast-schema-graph\">{\"@context\":\"https:\\\/\\\/schema.org\",\"@graph\":[{\"@type\":\"Article\",\"@id\":\"https:\\\/\\\/www.info-algerie.com\\\/actualites\\\/goudjil-appelle-a-la-mobilisation-de-tout-un-chacun-pour-la-sauvegarde-de-lalgerie\\\/#article\",\"isPartOf\":{\"@id\":\"https:\\\/\\\/www.info-algerie.com\\\/actualites\\\/goudjil-appelle-a-la-mobilisation-de-tout-un-chacun-pour-la-sauvegarde-de-lalgerie\\\/\"},\"author\":{\"name\":\"La r\u00e9daction\",\"@id\":\"https:\\\/\\\/www.info-algerie.com\\\/actualites\\\/#\\\/schema\\\/person\\\/847aaec44920825b843a08f30ec6aa1e\"},\"headline\":\"Goudjil appelle \u00e0 la mobilisation pour la sauvegarde de l&rsquo;Alg\u00e9rie\",\"datePublished\":\"2022-07-14T13:01:28+00:00\",\"dateModified\":\"2023-09-26T18:25:03+00:00\",\"mainEntityOfPage\":{\"@id\":\"https:\\\/\\\/www.info-algerie.com\\\/actualites\\\/goudjil-appelle-a-la-mobilisation-de-tout-un-chacun-pour-la-sauvegarde-de-lalgerie\\\/\"},\"wordCount\":439,\"commentCount\":0,\"publisher\":{\"@id\":\"https:\\\/\\\/www.info-algerie.com\\\/actualites\\\/#organization\"},\"image\":{\"@id\":\"https:\\\/\\\/www.info-algerie.com\\\/actualites\\\/goudjil-appelle-a-la-mobilisation-de-tout-un-chacun-pour-la-sauvegarde-de-lalgerie\\\/#primaryimage\"},\"thumbnailUrl\":\"https:\\\/\\\/www.info-algerie.com\\\/actualites\\\/wp-content\\\/uploads\\\/2022\\\/07\\\/25ca292378d00c22bc344074c6b1a46b_S-1.jpg\",\"keywords\":[\"ONU\"],\"articleSection\":[\"infos\"],\"inLanguage\":\"fr-FR\",\"potentialAction\":[{\"@type\":\"CommentAction\",\"name\":\"Comment\",\"target\":[\"https:\\\/\\\/www.info-algerie.com\\\/actualites\\\/goudjil-appelle-a-la-mobilisation-de-tout-un-chacun-pour-la-sauvegarde-de-lalgerie\\\/#respond\"]}]},{\"@type\":\"WebPage\",\"@id\":\"https:\\\/\\\/www.info-algerie.com\\\/actualites\\\/goudjil-appelle-a-la-mobilisation-de-tout-un-chacun-pour-la-sauvegarde-de-lalgerie\\\/\",\"url\":\"https:\\\/\\\/www.info-algerie.com\\\/actualites\\\/goudjil-appelle-a-la-mobilisation-de-tout-un-chacun-pour-la-sauvegarde-de-lalgerie\\\/\",\"name\":\"Goudjil appelle \u00e0 la mobilisation pour la sauvegarde de l'Alg\u00e9rie\",\"isPartOf\":{\"@id\":\"https:\\\/\\\/www.info-algerie.com\\\/actualites\\\/#website\"},\"primaryImageOfPage\":{\"@id\":\"https:\\\/\\\/www.info-algerie.com\\\/actualites\\\/goudjil-appelle-a-la-mobilisation-de-tout-un-chacun-pour-la-sauvegarde-de-lalgerie\\\/#primaryimage\"},\"image\":{\"@id\":\"https:\\\/\\\/www.info-algerie.com\\\/actualites\\\/goudjil-appelle-a-la-mobilisation-de-tout-un-chacun-pour-la-sauvegarde-de-lalgerie\\\/#primaryimage\"},\"thumbnailUrl\":\"https:\\\/\\\/www.info-algerie.com\\\/actualites\\\/wp-content\\\/uploads\\\/2022\\\/07\\\/25ca292378d00c22bc344074c6b1a46b_S-1.jpg\",\"datePublished\":\"2022-07-14T13:01:28+00:00\",\"dateModified\":\"2023-09-26T18:25:03+00:00\",\"description\":\"Goudjil a soulign\u00e9, jeudi \u00e0 Alger, que l'\u00e9tape actuelle n\u00e9cessite la mobilisation de tous pour pr\u00e9server l'Alg\u00e9rie et porter haut sa voix.\",\"breadcrumb\":{\"@id\":\"https:\\\/\\\/www.info-algerie.com\\\/actualites\\\/goudjil-appelle-a-la-mobilisation-de-tout-un-chacun-pour-la-sauvegarde-de-lalgerie\\\/#breadcrumb\"},\"inLanguage\":\"fr-FR\",\"potentialAction\":[{\"@type\":\"ReadAction\",\"target\":[\"https:\\\/\\\/www.info-algerie.com\\\/actualites\\\/goudjil-appelle-a-la-mobilisation-de-tout-un-chacun-pour-la-sauvegarde-de-lalgerie\\\/\"]}]},{\"@type\":\"ImageObject\",\"inLanguage\":\"fr-FR\",\"@id\":\"https:\\\/\\\/www.info-algerie.com\\\/actualites\\\/goudjil-appelle-a-la-mobilisation-de-tout-un-chacun-pour-la-sauvegarde-de-lalgerie\\\/#primaryimage\",\"url\":\"https:\\\/\\\/www.info-algerie.com\\\/actualites\\\/wp-content\\\/uploads\\\/2022\\\/07\\\/25ca292378d00c22bc344074c6b1a46b_S-1.jpg\",\"contentUrl\":\"https:\\\/\\\/www.info-algerie.com\\\/actualites\\\/wp-content\\\/uploads\\\/2022\\\/07\\\/25ca292378d00c22bc344074c6b1a46b_S-1.jpg\",\"width\":280,\"height\":187},{\"@type\":\"BreadcrumbList\",\"@id\":\"https:\\\/\\\/www.info-algerie.com\\\/actualites\\\/goudjil-appelle-a-la-mobilisation-de-tout-un-chacun-pour-la-sauvegarde-de-lalgerie\\\/#breadcrumb\",\"itemListElement\":[{\"@type\":\"ListItem\",\"position\":1,\"name\":\"Accueil\",\"item\":\"https:\\\/\\\/www.info-algerie.com\\\/actualites\\\/\"},{\"@type\":\"ListItem\",\"position\":2,\"name\":\"Goudjil appelle \u00e0 la mobilisation pour la sauvegarde de l&rsquo;Alg\u00e9rie\"}]},{\"@type\":\"WebSite\",\"@id\":\"https:\\\/\\\/www.info-algerie.com\\\/actualites\\\/#website\",\"url\":\"https:\\\/\\\/www.info-algerie.com\\\/actualites\\\/\",\"name\":\"info algerie\",\"description\":\"Toutes les actualit\u00e9s\",\"publisher\":{\"@id\":\"https:\\\/\\\/www.info-algerie.com\\\/actualites\\\/#organization\"},\"potentialAction\":[{\"@type\":\"SearchAction\",\"target\":{\"@type\":\"EntryPoint\",\"urlTemplate\":\"https:\\\/\\\/www.info-algerie.com\\\/actualites\\\/?s={search_term_string}\"},\"query-input\":{\"@type\":\"PropertyValueSpecification\",\"valueRequired\":true,\"valueName\":\"search_term_string\"}}],\"inLanguage\":\"fr-FR\"},{\"@type\":\"Organization\",\"@id\":\"https:\\\/\\\/www.info-algerie.com\\\/actualites\\\/#organization\",\"name\":\"info algerie\",\"url\":\"https:\\\/\\\/www.info-algerie.com\\\/actualites\\\/\",\"logo\":{\"@type\":\"ImageObject\",\"inLanguage\":\"fr-FR\",\"@id\":\"https:\\\/\\\/www.info-algerie.com\\\/actualites\\\/#\\\/schema\\\/logo\\\/image\\\/\",\"url\":\"https:\\\/\\\/www.info-algerie.com\\\/actualites\\\/wp-content\\\/uploads\\\/2022\\\/07\\\/logo-ia-120.png\",\"contentUrl\":\"https:\\\/\\\/www.info-algerie.com\\\/actualites\\\/wp-content\\\/uploads\\\/2022\\\/07\\\/logo-ia-120.png\",\"width\":120,\"height\":43,\"caption\":\"info algerie\"},\"image\":{\"@id\":\"https:\\\/\\\/www.info-algerie.com\\\/actualites\\\/#\\\/schema\\\/logo\\\/image\\\/\"},\"sameAs\":[\"https:\\\/\\\/www.facebook.com\\\/infoalgerieactu\",\"https:\\\/\\\/x.com\\\/infoalgerie1\"]},{\"@type\":\"Person\",\"@id\":\"https:\\\/\\\/www.info-algerie.com\\\/actualites\\\/#\\\/schema\\\/person\\\/847aaec44920825b843a08f30ec6aa1e\",\"name\":\"La r\u00e9daction\",\"image\":{\"@type\":\"ImageObject\",\"inLanguage\":\"fr-FR\",\"@id\":\"https:\\\/\\\/secure.gravatar.com\\\/avatar\\\/769db425c6f465158149f1ffd6cf61ce7a8a879d11dfbef8288af36dfddd418c?s=96&d=mm&r=g\",\"url\":\"https:\\\/\\\/secure.gravatar.com\\\/avatar\\\/769db425c6f465158149f1ffd6cf61ce7a8a879d11dfbef8288af36dfddd418c?s=96&d=mm&r=g\",\"contentUrl\":\"https:\\\/\\\/secure.gravatar.com\\\/avatar\\\/769db425c6f465158149f1ffd6cf61ce7a8a879d11dfbef8288af36dfddd418c?s=96&d=mm&r=g\",\"caption\":\"La r\u00e9daction\"},\"sameAs\":[\"http:\\\/\\\/www.lkeria.com\\\/\"],\"url\":\"https:\\\/\\\/www.info-algerie.com\\\/actualites\\\/author\\\/chakib32\\\/\"}]}<\/script>\n<!-- \/ Yoast SEO plugin. -->","yoast_head_json":{"title":"Goudjil appelle \u00e0 la mobilisation pour la sauvegarde de l'Alg\u00e9rie","description":"Goudjil a soulign\u00e9, jeudi \u00e0 Alger, que l'\u00e9tape actuelle n\u00e9cessite la mobilisation de tous pour pr\u00e9server l'Alg\u00e9rie et porter haut sa voix.","robots":{"index":"index","follow":"follow","max-snippet":"max-snippet:-1","max-image-preview":"max-image-preview:large","max-video-preview":"max-video-preview:-1"},"canonical":"https:\/\/www.info-algerie.com\/actualites\/goudjil-appelle-a-la-mobilisation-de-tout-un-chacun-pour-la-sauvegarde-de-lalgerie\/","og_locale":"fr_FR","og_type":"article","og_title":"Goudjil appelle \u00e0 la mobilisation pour la sauvegarde de l'Alg\u00e9rie","og_description":"Goudjil a soulign\u00e9, jeudi \u00e0 Alger, que l'\u00e9tape actuelle n\u00e9cessite la mobilisation de tous pour pr\u00e9server l'Alg\u00e9rie et porter haut sa voix.","og_url":"https:\/\/www.info-algerie.com\/actualites\/goudjil-appelle-a-la-mobilisation-de-tout-un-chacun-pour-la-sauvegarde-de-lalgerie\/","og_site_name":"info algerie","article_publisher":"https:\/\/www.facebook.com\/infoalgerieactu","article_published_time":"2022-07-14T13:01:28+00:00","article_modified_time":"2023-09-26T18:25:03+00:00","og_image":[{"width":280,"height":187,"url":"https:\/\/www.info-algerie.com\/actualites\/wp-content\/uploads\/2022\/07\/25ca292378d00c22bc344074c6b1a46b_S-1.jpg","type":"image\/jpeg"}],"author":"La r\u00e9daction","twitter_misc":{"\u00c9crit par":"La r\u00e9daction","Dur\u00e9e de lecture estim\u00e9e":"2 minutes"},"schema":{"@context":"https:\/\/schema.org","@graph":[{"@type":"Article","@id":"https:\/\/www.info-algerie.com\/actualites\/goudjil-appelle-a-la-mobilisation-de-tout-un-chacun-pour-la-sauvegarde-de-lalgerie\/#article","isPartOf":{"@id":"https:\/\/www.info-algerie.com\/actualites\/goudjil-appelle-a-la-mobilisation-de-tout-un-chacun-pour-la-sauvegarde-de-lalgerie\/"},"author":{"name":"La r\u00e9daction","@id":"https:\/\/www.info-algerie.com\/actualites\/#\/schema\/person\/847aaec44920825b843a08f30ec6aa1e"},"headline":"Goudjil appelle \u00e0 la mobilisation pour la sauvegarde de l&rsquo;Alg\u00e9rie","datePublished":"2022-07-14T13:01:28+00:00","dateModified":"2023-09-26T18:25:03+00:00","mainEntityOfPage":{"@id":"https:\/\/www.info-algerie.com\/actualites\/goudjil-appelle-a-la-mobilisation-de-tout-un-chacun-pour-la-sauvegarde-de-lalgerie\/"},"wordCount":439,"commentCount":0,"publisher":{"@id":"https:\/\/www.info-algerie.com\/actualites\/#organization"},"image":{"@id":"https:\/\/www.info-algerie.com\/actualites\/goudjil-appelle-a-la-mobilisation-de-tout-un-chacun-pour-la-sauvegarde-de-lalgerie\/#primaryimage"},"thumbnailUrl":"https:\/\/www.info-algerie.com\/actualites\/wp-content\/uploads\/2022\/07\/25ca292378d00c22bc344074c6b1a46b_S-1.jpg","keywords":["ONU"],"articleSection":["infos"],"inLanguage":"fr-FR","potentialAction":[{"@type":"CommentAction","name":"Comment","target":["https:\/\/www.info-algerie.com\/actualites\/goudjil-appelle-a-la-mobilisation-de-tout-un-chacun-pour-la-sauvegarde-de-lalgerie\/#respond"]}]},{"@type":"WebPage","@id":"https:\/\/www.info-algerie.com\/actualites\/goudjil-appelle-a-la-mobilisation-de-tout-un-chacun-pour-la-sauvegarde-de-lalgerie\/","url":"https:\/\/www.info-algerie.com\/actualites\/goudjil-appelle-a-la-mobilisation-de-tout-un-chacun-pour-la-sauvegarde-de-lalgerie\/","name":"Goudjil appelle \u00e0 la mobilisation pour la sauvegarde de l'Alg\u00e9rie","isPartOf":{"@id":"https:\/\/www.info-algerie.com\/actualites\/#website"},"primaryImageOfPage":{"@id":"https:\/\/www.info-algerie.com\/actualites\/goudjil-appelle-a-la-mobilisation-de-tout-un-chacun-pour-la-sauvegarde-de-lalgerie\/#primaryimage"},"image":{"@id":"https:\/\/www.info-algerie.com\/actualites\/goudjil-appelle-a-la-mobilisation-de-tout-un-chacun-pour-la-sauvegarde-de-lalgerie\/#primaryimage"},"thumbnailUrl":"https:\/\/www.info-algerie.com\/actualites\/wp-content\/uploads\/2022\/07\/25ca292378d00c22bc344074c6b1a46b_S-1.jpg","datePublished":"2022-07-14T13:01:28+00:00","dateModified":"2023-09-26T18:25:03+00:00","description":"Goudjil a soulign\u00e9, jeudi \u00e0 Alger, que l'\u00e9tape actuelle n\u00e9cessite la mobilisation de tous pour pr\u00e9server l'Alg\u00e9rie et porter haut sa voix.","breadcrumb":{"@id":"https:\/\/www.info-algerie.com\/actualites\/goudjil-appelle-a-la-mobilisation-de-tout-un-chacun-pour-la-sauvegarde-de-lalgerie\/#breadcrumb"},"inLanguage":"fr-FR","potentialAction":[{"@type":"ReadAction","target":["https:\/\/www.info-algerie.com\/actualites\/goudjil-appelle-a-la-mobilisation-de-tout-un-chacun-pour-la-sauvegarde-de-lalgerie\/"]}]},{"@type":"ImageObject","inLanguage":"fr-FR","@id":"https:\/\/www.info-algerie.com\/actualites\/goudjil-appelle-a-la-mobilisation-de-tout-un-chacun-pour-la-sauvegarde-de-lalgerie\/#primaryimage","url":"https:\/\/www.info-algerie.com\/actualites\/wp-content\/uploads\/2022\/07\/25ca292378d00c22bc344074c6b1a46b_S-1.jpg","contentUrl":"https:\/\/www.info-algerie.com\/actualites\/wp-content\/uploads\/2022\/07\/25ca292378d00c22bc344074c6b1a46b_S-1.jpg","width":280,"height":187},{"@type":"BreadcrumbList","@id":"https:\/\/www.info-algerie.com\/actualites\/goudjil-appelle-a-la-mobilisation-de-tout-un-chacun-pour-la-sauvegarde-de-lalgerie\/#breadcrumb","itemListElement":[{"@type":"ListItem","position":1,"name":"Accueil","item":"https:\/\/www.info-algerie.com\/actualites\/"},{"@type":"ListItem","position":2,"name":"Goudjil appelle \u00e0 la mobilisation pour la sauvegarde de l&rsquo;Alg\u00e9rie"}]},{"@type":"WebSite","@id":"https:\/\/www.info-algerie.com\/actualites\/#website","url":"https:\/\/www.info-algerie.com\/actualites\/","name":"info algerie","description":"Toutes les actualit\u00e9s","publisher":{"@id":"https:\/\/www.info-algerie.com\/actualites\/#organization"},"potentialAction":[{"@type":"SearchAction","target":{"@type":"EntryPoint","urlTemplate":"https:\/\/www.info-algerie.com\/actualites\/?s={search_term_string}"},"query-input":{"@type":"PropertyValueSpecification","valueRequired":true,"valueName":"search_term_string"}}],"inLanguage":"fr-FR"},{"@type":"Organization","@id":"https:\/\/www.info-algerie.com\/actualites\/#organization","name":"info algerie","url":"https:\/\/www.info-algerie.com\/actualites\/","logo":{"@type":"ImageObject","inLanguage":"fr-FR","@id":"https:\/\/www.info-algerie.com\/actualites\/#\/schema\/logo\/image\/","url":"https:\/\/www.info-algerie.com\/actualites\/wp-content\/uploads\/2022\/07\/logo-ia-120.png","contentUrl":"https:\/\/www.info-algerie.com\/actualites\/wp-content\/uploads\/2022\/07\/logo-ia-120.png","width":120,"height":43,"caption":"info algerie"},"image":{"@id":"https:\/\/www.info-algerie.com\/actualites\/#\/schema\/logo\/image\/"},"sameAs":["https:\/\/www.facebook.com\/infoalgerieactu","https:\/\/x.com\/infoalgerie1"]},{"@type":"Person","@id":"https:\/\/www.info-algerie.com\/actualites\/#\/schema\/person\/847aaec44920825b843a08f30ec6aa1e","name":"La r\u00e9daction","image":{"@type":"ImageObject","inLanguage":"fr-FR","@id":"https:\/\/secure.gravatar.com\/avatar\/769db425c6f465158149f1ffd6cf61ce7a8a879d11dfbef8288af36dfddd418c?s=96&d=mm&r=g","url":"https:\/\/secure.gravatar.com\/avatar\/769db425c6f465158149f1ffd6cf61ce7a8a879d11dfbef8288af36dfddd418c?s=96&d=mm&r=g","contentUrl":"https:\/\/secure.gravatar.com\/avatar\/769db425c6f465158149f1ffd6cf61ce7a8a879d11dfbef8288af36dfddd418c?s=96&d=mm&r=g","caption":"La r\u00e9daction"},"sameAs":["http:\/\/www.lkeria.com\/"],"url":"https:\/\/www.info-algerie.com\/actualites\/author\/chakib32\/"}]}},"_links":{"self":[{"href":"https:\/\/www.info-algerie.com\/actualites\/wp-json\/wp\/v2\/posts\/27513","targetHints":{"allow":["GET"]}}],"collection":[{"href":"https:\/\/www.info-algerie.com\/actualites\/wp-json\/wp\/v2\/posts"}],"about":[{"href":"https:\/\/www.info-algerie.com\/actualites\/wp-json\/wp\/v2\/types\/post"}],"author":[{"embeddable":true,"href":"https:\/\/www.info-algerie.com\/actualites\/wp-json\/wp\/v2\/users\/6"}],"replies":[{"embeddable":true,"href":"https:\/\/www.info-algerie.com\/actualites\/wp-json\/wp\/v2\/comments?post=27513"}],"version-history":[{"count":1,"href":"https:\/\/www.info-algerie.com\/actualites\/wp-json\/wp\/v2\/posts\/27513\/revisions"}],"predecessor-version":[{"id":27970,"href":"https:\/\/www.info-algerie.com\/actualites\/wp-json\/wp\/v2\/posts\/27513\/revisions\/27970"}],"wp:featuredmedia":[{"embeddable":true,"href":"https:\/\/www.info-algerie.com\/actualites\/wp-json\/wp\/v2\/media\/27514"}],"wp:attachment":[{"href":"https:\/\/www.info-algerie.com\/actualites\/wp-json\/wp\/v2\/media?parent=27513"}],"wp:term":[{"taxonomy":"category","embeddable":true,"href":"https:\/\/www.info-algerie.com\/actualites\/wp-json\/wp\/v2\/categories?post=27513"},{"taxonomy":"post_tag","embeddable":true,"href":"https:\/\/www.info-algerie.com\/actualites\/wp-json\/wp\/v2\/tags?post=27513"}],"curies":[{"name":"wp","href":"https:\/\/api.w.org\/{rel}","templated":true}]}}