{"id":27531,"date":"2022-07-19T21:33:33","date_gmt":"2022-07-19T20:33:33","guid":{"rendered":"https:\/\/www.info-algerie.com\/actualites\/le-premier-ministre-recoit-le-ministre-koweitien-de-la-justice\/"},"modified":"2023-09-26T19:21:47","modified_gmt":"2023-09-26T18:21:47","slug":"le-premier-ministre-recoit-le-ministre-koweitien-de-la-justice","status":"publish","type":"post","link":"https:\/\/www.info-algerie.com\/actualites\/le-premier-ministre-recoit-le-ministre-koweitien-de-la-justice\/","title":{"rendered":"Le Premier ministre re\u00e7oit le ministre kowe\u00eftien de la Justice"},"content":{"rendered":"<div class=\"K2FeedImage\"><img decoding=\"async\" src=\"https:\/\/www.info-algerie.com\/actualites\/wp-content\/uploads\/2022\/07\/057154216d48c58c52806a1553299f93_S.jpg\" alt=\"Le Premier ministre re\u00e7oit le ministre kowe\u00eftien de la Justice\" \/><\/div>\n<div class=\"K2FeedIntroText\">\n<p><strong>ALGER- Le Premier ministre, M. A\u00efmene Benabderrahmane a re\u00e7u, mardi \u00e0 Alger, le ministre kowe\u00eftien de la Justice et ministre d&rsquo;Etat aux affaires de renforcement de l&rsquo;int\u00e9grit\u00e9 de l&rsquo;Etat du Kowe\u00eft, le conseiller Jamal Hadhel Al-Jalawi qui effectue une visite de travail en Alg\u00e9rie, indique un communiqu\u00e9 des services du Premier ministre.<\/strong><\/p>\n<\/div>\n<div class=\"K2FeedFullText\">\n<p>La rencontre a permis de \u00ab\u00a0proc\u00e9der \u00e0 un \u00e9change de vues sur l&rsquo;\u00e9tat et perspectives du d\u00e9veloppement des relations alg\u00e9ro-koweitiennes dans plusieurs domaines, y compris la coop\u00e9ration juridique et judiciaire, mais aussi en mati\u00e8re de consolidation de l&rsquo;int\u00e9grit\u00e9 et de la transparence et de moralisation de la vie publique\u00a0\u00bb, pr\u00e9cise le communiqu\u00e9 qui ajoute que \u00ab\u00a0la profondeur des relations fraternelles unissant les deux pays et peuples fr\u00e8res et l&rsquo;importance de redynamiser les m\u00e9canismes de coop\u00e9ration bilat\u00e9rale, suivant les orientations des dirigeants des deux pays ont \u00e9galement \u00e9t\u00e9 soulign\u00e9es\u00a0\u00bb.<\/p>\n<p>La rencontre s&rsquo;est d\u00e9roul\u00e9e au si\u00e8ge du Palais du Gouvernement en pr\u00e9sence du ministre de la Justice, garde des Sceaux, Abderrachid Tabi.<\/p>\n<\/div>\n<p>Source: <a href=\"http:\/\/www.aps.dz\/algerie\/143039-le-premier-ministre-recoit-le-ministre-koweitien-de-la-justice\" target=\"_blank\" rel=\"noopener\">Le Premier ministre re\u00e7oit le ministre kowe\u00eftien de la Justice<\/a><\/p>\n<!--CusAds0-->\n<div style=\"font-size: 0px; height: 0px; line-height: 0px; margin: 0; padding: 0; clear: both;\"><\/div>","protected":false},"excerpt":{"rendered":"<p>ALGER- Le Premier ministre, M. A\u00efmene Benabderrahmane a re\u00e7u, mardi \u00e0 Alger, le ministre kowe\u00eftien de la Justice et ministre d&rsquo;Etat aux affaires de renforcement de l&rsquo;int\u00e9grit\u00e9 de l&rsquo;Etat du Kowe\u00eft, le conseiller Jamal Hadhel Al-Jalawi qui effectue une visite de travail en Alg\u00e9rie, indique un communiqu\u00e9 des services du Premier ministre. La rencontre a<\/p>\n","protected":false},"author":6,"featured_media":27532,"comment_status":"open","ping_status":"open","sticky":false,"template":"","format":"standard","meta":{"footnotes":""},"categories":[22],"tags":[93],"class_list":["post-27531","post","type-post","status-publish","format-standard","has-post-thumbnail","hentry","category-infos","tag-onu"],"yoast_head":"<!-- This site is optimized with the Yoast SEO plugin v27.5 - https:\/\/yoast.com\/product\/yoast-seo-wordpress\/ -->\n<title>Le Premier ministre re\u00e7oit le ministre kowe\u00eftien de la Justice<\/title>\n<meta name=\"description\" content=\"Le Premier ministre a re\u00e7u le ministre kowe\u00eftien de la Justice et ministre d&#039;Etat aux affaires de renforcement de l&#039;int\u00e9grit\u00e9 de l&#039;Etat\" \/>\n<meta name=\"robots\" content=\"index, follow, max-snippet:-1, max-image-preview:large, max-video-preview:-1\" \/>\n<link rel=\"canonical\" href=\"https:\/\/www.info-algerie.com\/actualites\/le-premier-ministre-recoit-le-ministre-koweitien-de-la-justice\/\" \/>\n<meta property=\"og:locale\" content=\"fr_FR\" \/>\n<meta property=\"og:type\" content=\"article\" \/>\n<meta property=\"og:title\" content=\"Le Premier ministre re\u00e7oit le ministre kowe\u00eftien de la Justice\" \/>\n<meta property=\"og:description\" content=\"Le Premier ministre a re\u00e7u le ministre kowe\u00eftien de la Justice et ministre d&#039;Etat aux affaires de renforcement de l&#039;int\u00e9grit\u00e9 de l&#039;Etat\" \/>\n<meta property=\"og:url\" content=\"https:\/\/www.info-algerie.com\/actualites\/le-premier-ministre-recoit-le-ministre-koweitien-de-la-justice\/\" \/>\n<meta property=\"og:site_name\" content=\"info algerie\" \/>\n<meta property=\"article:publisher\" content=\"https:\/\/www.facebook.com\/infoalgerieactu\" \/>\n<meta property=\"article:published_time\" content=\"2022-07-19T20:33:33+00:00\" \/>\n<meta property=\"article:modified_time\" content=\"2023-09-26T18:21:47+00:00\" \/>\n<meta property=\"og:image\" content=\"https:\/\/www.info-algerie.com\/actualites\/wp-content\/uploads\/2022\/07\/057154216d48c58c52806a1553299f93_S-1.jpg\" \/>\n\t<meta property=\"og:image:width\" content=\"280\" \/>\n\t<meta property=\"og:image:height\" content=\"169\" \/>\n\t<meta property=\"og:image:type\" content=\"image\/jpeg\" \/>\n<meta name=\"author\" content=\"La r\u00e9daction\" \/>\n<meta name=\"twitter:label1\" content=\"\u00c9crit par\" \/>\n\t<meta name=\"twitter:data1\" content=\"La r\u00e9daction\" \/>\n\t<meta name=\"twitter:label2\" content=\"Dur\u00e9e de lecture estim\u00e9e\" \/>\n\t<meta name=\"twitter:data2\" content=\"2 minutes\" \/>\n<script type=\"application\/ld+json\" class=\"yoast-schema-graph\">{\"@context\":\"https:\\\/\\\/schema.org\",\"@graph\":[{\"@type\":\"Article\",\"@id\":\"https:\\\/\\\/www.info-algerie.com\\\/actualites\\\/le-premier-ministre-recoit-le-ministre-koweitien-de-la-justice\\\/#article\",\"isPartOf\":{\"@id\":\"https:\\\/\\\/www.info-algerie.com\\\/actualites\\\/le-premier-ministre-recoit-le-ministre-koweitien-de-la-justice\\\/\"},\"author\":{\"name\":\"La r\u00e9daction\",\"@id\":\"https:\\\/\\\/www.info-algerie.com\\\/actualites\\\/#\\\/schema\\\/person\\\/847aaec44920825b843a08f30ec6aa1e\"},\"headline\":\"Le Premier ministre re\u00e7oit le ministre kowe\u00eftien de la Justice\",\"datePublished\":\"2022-07-19T20:33:33+00:00\",\"dateModified\":\"2023-09-26T18:21:47+00:00\",\"mainEntityOfPage\":{\"@id\":\"https:\\\/\\\/www.info-algerie.com\\\/actualites\\\/le-premier-ministre-recoit-le-ministre-koweitien-de-la-justice\\\/\"},\"wordCount\":214,\"commentCount\":0,\"publisher\":{\"@id\":\"https:\\\/\\\/www.info-algerie.com\\\/actualites\\\/#organization\"},\"image\":{\"@id\":\"https:\\\/\\\/www.info-algerie.com\\\/actualites\\\/le-premier-ministre-recoit-le-ministre-koweitien-de-la-justice\\\/#primaryimage\"},\"thumbnailUrl\":\"https:\\\/\\\/www.info-algerie.com\\\/actualites\\\/wp-content\\\/uploads\\\/2022\\\/07\\\/057154216d48c58c52806a1553299f93_S-1.jpg\",\"keywords\":[\"ONU\"],\"articleSection\":[\"infos\"],\"inLanguage\":\"fr-FR\",\"potentialAction\":[{\"@type\":\"CommentAction\",\"name\":\"Comment\",\"target\":[\"https:\\\/\\\/www.info-algerie.com\\\/actualites\\\/le-premier-ministre-recoit-le-ministre-koweitien-de-la-justice\\\/#respond\"]}]},{\"@type\":\"WebPage\",\"@id\":\"https:\\\/\\\/www.info-algerie.com\\\/actualites\\\/le-premier-ministre-recoit-le-ministre-koweitien-de-la-justice\\\/\",\"url\":\"https:\\\/\\\/www.info-algerie.com\\\/actualites\\\/le-premier-ministre-recoit-le-ministre-koweitien-de-la-justice\\\/\",\"name\":\"Le Premier ministre re\u00e7oit le ministre kowe\u00eftien de la Justice\",\"isPartOf\":{\"@id\":\"https:\\\/\\\/www.info-algerie.com\\\/actualites\\\/#website\"},\"primaryImageOfPage\":{\"@id\":\"https:\\\/\\\/www.info-algerie.com\\\/actualites\\\/le-premier-ministre-recoit-le-ministre-koweitien-de-la-justice\\\/#primaryimage\"},\"image\":{\"@id\":\"https:\\\/\\\/www.info-algerie.com\\\/actualites\\\/le-premier-ministre-recoit-le-ministre-koweitien-de-la-justice\\\/#primaryimage\"},\"thumbnailUrl\":\"https:\\\/\\\/www.info-algerie.com\\\/actualites\\\/wp-content\\\/uploads\\\/2022\\\/07\\\/057154216d48c58c52806a1553299f93_S-1.jpg\",\"datePublished\":\"2022-07-19T20:33:33+00:00\",\"dateModified\":\"2023-09-26T18:21:47+00:00\",\"description\":\"Le Premier ministre a re\u00e7u le ministre kowe\u00eftien de la Justice et ministre d'Etat aux affaires de renforcement de l'int\u00e9grit\u00e9 de l'Etat\",\"breadcrumb\":{\"@id\":\"https:\\\/\\\/www.info-algerie.com\\\/actualites\\\/le-premier-ministre-recoit-le-ministre-koweitien-de-la-justice\\\/#breadcrumb\"},\"inLanguage\":\"fr-FR\",\"potentialAction\":[{\"@type\":\"ReadAction\",\"target\":[\"https:\\\/\\\/www.info-algerie.com\\\/actualites\\\/le-premier-ministre-recoit-le-ministre-koweitien-de-la-justice\\\/\"]}]},{\"@type\":\"ImageObject\",\"inLanguage\":\"fr-FR\",\"@id\":\"https:\\\/\\\/www.info-algerie.com\\\/actualites\\\/le-premier-ministre-recoit-le-ministre-koweitien-de-la-justice\\\/#primaryimage\",\"url\":\"https:\\\/\\\/www.info-algerie.com\\\/actualites\\\/wp-content\\\/uploads\\\/2022\\\/07\\\/057154216d48c58c52806a1553299f93_S-1.jpg\",\"contentUrl\":\"https:\\\/\\\/www.info-algerie.com\\\/actualites\\\/wp-content\\\/uploads\\\/2022\\\/07\\\/057154216d48c58c52806a1553299f93_S-1.jpg\",\"width\":280,\"height\":169},{\"@type\":\"BreadcrumbList\",\"@id\":\"https:\\\/\\\/www.info-algerie.com\\\/actualites\\\/le-premier-ministre-recoit-le-ministre-koweitien-de-la-justice\\\/#breadcrumb\",\"itemListElement\":[{\"@type\":\"ListItem\",\"position\":1,\"name\":\"Accueil\",\"item\":\"https:\\\/\\\/www.info-algerie.com\\\/actualites\\\/\"},{\"@type\":\"ListItem\",\"position\":2,\"name\":\"Le Premier ministre re\u00e7oit le ministre kowe\u00eftien de la Justice\"}]},{\"@type\":\"WebSite\",\"@id\":\"https:\\\/\\\/www.info-algerie.com\\\/actualites\\\/#website\",\"url\":\"https:\\\/\\\/www.info-algerie.com\\\/actualites\\\/\",\"name\":\"info algerie\",\"description\":\"Toutes les actualit\u00e9s\",\"publisher\":{\"@id\":\"https:\\\/\\\/www.info-algerie.com\\\/actualites\\\/#organization\"},\"potentialAction\":[{\"@type\":\"SearchAction\",\"target\":{\"@type\":\"EntryPoint\",\"urlTemplate\":\"https:\\\/\\\/www.info-algerie.com\\\/actualites\\\/?s={search_term_string}\"},\"query-input\":{\"@type\":\"PropertyValueSpecification\",\"valueRequired\":true,\"valueName\":\"search_term_string\"}}],\"inLanguage\":\"fr-FR\"},{\"@type\":\"Organization\",\"@id\":\"https:\\\/\\\/www.info-algerie.com\\\/actualites\\\/#organization\",\"name\":\"info algerie\",\"url\":\"https:\\\/\\\/www.info-algerie.com\\\/actualites\\\/\",\"logo\":{\"@type\":\"ImageObject\",\"inLanguage\":\"fr-FR\",\"@id\":\"https:\\\/\\\/www.info-algerie.com\\\/actualites\\\/#\\\/schema\\\/logo\\\/image\\\/\",\"url\":\"https:\\\/\\\/www.info-algerie.com\\\/actualites\\\/wp-content\\\/uploads\\\/2022\\\/07\\\/logo-ia-120.png\",\"contentUrl\":\"https:\\\/\\\/www.info-algerie.com\\\/actualites\\\/wp-content\\\/uploads\\\/2022\\\/07\\\/logo-ia-120.png\",\"width\":120,\"height\":43,\"caption\":\"info algerie\"},\"image\":{\"@id\":\"https:\\\/\\\/www.info-algerie.com\\\/actualites\\\/#\\\/schema\\\/logo\\\/image\\\/\"},\"sameAs\":[\"https:\\\/\\\/www.facebook.com\\\/infoalgerieactu\",\"https:\\\/\\\/x.com\\\/infoalgerie1\"]},{\"@type\":\"Person\",\"@id\":\"https:\\\/\\\/www.info-algerie.com\\\/actualites\\\/#\\\/schema\\\/person\\\/847aaec44920825b843a08f30ec6aa1e\",\"name\":\"La r\u00e9daction\",\"image\":{\"@type\":\"ImageObject\",\"inLanguage\":\"fr-FR\",\"@id\":\"https:\\\/\\\/secure.gravatar.com\\\/avatar\\\/769db425c6f465158149f1ffd6cf61ce7a8a879d11dfbef8288af36dfddd418c?s=96&d=mm&r=g\",\"url\":\"https:\\\/\\\/secure.gravatar.com\\\/avatar\\\/769db425c6f465158149f1ffd6cf61ce7a8a879d11dfbef8288af36dfddd418c?s=96&d=mm&r=g\",\"contentUrl\":\"https:\\\/\\\/secure.gravatar.com\\\/avatar\\\/769db425c6f465158149f1ffd6cf61ce7a8a879d11dfbef8288af36dfddd418c?s=96&d=mm&r=g\",\"caption\":\"La r\u00e9daction\"},\"sameAs\":[\"http:\\\/\\\/www.lkeria.com\\\/\"],\"url\":\"https:\\\/\\\/www.info-algerie.com\\\/actualites\\\/author\\\/chakib32\\\/\"}]}<\/script>\n<!-- \/ Yoast SEO plugin. -->","yoast_head_json":{"title":"Le Premier ministre re\u00e7oit le ministre kowe\u00eftien de la Justice","description":"Le Premier ministre a re\u00e7u le ministre kowe\u00eftien de la Justice et ministre d'Etat aux affaires de renforcement de l'int\u00e9grit\u00e9 de l'Etat","robots":{"index":"index","follow":"follow","max-snippet":"max-snippet:-1","max-image-preview":"max-image-preview:large","max-video-preview":"max-video-preview:-1"},"canonical":"https:\/\/www.info-algerie.com\/actualites\/le-premier-ministre-recoit-le-ministre-koweitien-de-la-justice\/","og_locale":"fr_FR","og_type":"article","og_title":"Le Premier ministre re\u00e7oit le ministre kowe\u00eftien de la Justice","og_description":"Le Premier ministre a re\u00e7u le ministre kowe\u00eftien de la Justice et ministre d'Etat aux affaires de renforcement de l'int\u00e9grit\u00e9 de l'Etat","og_url":"https:\/\/www.info-algerie.com\/actualites\/le-premier-ministre-recoit-le-ministre-koweitien-de-la-justice\/","og_site_name":"info algerie","article_publisher":"https:\/\/www.facebook.com\/infoalgerieactu","article_published_time":"2022-07-19T20:33:33+00:00","article_modified_time":"2023-09-26T18:21:47+00:00","og_image":[{"width":280,"height":169,"url":"https:\/\/www.info-algerie.com\/actualites\/wp-content\/uploads\/2022\/07\/057154216d48c58c52806a1553299f93_S-1.jpg","type":"image\/jpeg"}],"author":"La r\u00e9daction","twitter_misc":{"\u00c9crit par":"La r\u00e9daction","Dur\u00e9e de lecture estim\u00e9e":"2 minutes"},"schema":{"@context":"https:\/\/schema.org","@graph":[{"@type":"Article","@id":"https:\/\/www.info-algerie.com\/actualites\/le-premier-ministre-recoit-le-ministre-koweitien-de-la-justice\/#article","isPartOf":{"@id":"https:\/\/www.info-algerie.com\/actualites\/le-premier-ministre-recoit-le-ministre-koweitien-de-la-justice\/"},"author":{"name":"La r\u00e9daction","@id":"https:\/\/www.info-algerie.com\/actualites\/#\/schema\/person\/847aaec44920825b843a08f30ec6aa1e"},"headline":"Le Premier ministre re\u00e7oit le ministre kowe\u00eftien de la Justice","datePublished":"2022-07-19T20:33:33+00:00","dateModified":"2023-09-26T18:21:47+00:00","mainEntityOfPage":{"@id":"https:\/\/www.info-algerie.com\/actualites\/le-premier-ministre-recoit-le-ministre-koweitien-de-la-justice\/"},"wordCount":214,"commentCount":0,"publisher":{"@id":"https:\/\/www.info-algerie.com\/actualites\/#organization"},"image":{"@id":"https:\/\/www.info-algerie.com\/actualites\/le-premier-ministre-recoit-le-ministre-koweitien-de-la-justice\/#primaryimage"},"thumbnailUrl":"https:\/\/www.info-algerie.com\/actualites\/wp-content\/uploads\/2022\/07\/057154216d48c58c52806a1553299f93_S-1.jpg","keywords":["ONU"],"articleSection":["infos"],"inLanguage":"fr-FR","potentialAction":[{"@type":"CommentAction","name":"Comment","target":["https:\/\/www.info-algerie.com\/actualites\/le-premier-ministre-recoit-le-ministre-koweitien-de-la-justice\/#respond"]}]},{"@type":"WebPage","@id":"https:\/\/www.info-algerie.com\/actualites\/le-premier-ministre-recoit-le-ministre-koweitien-de-la-justice\/","url":"https:\/\/www.info-algerie.com\/actualites\/le-premier-ministre-recoit-le-ministre-koweitien-de-la-justice\/","name":"Le Premier ministre re\u00e7oit le ministre kowe\u00eftien de la Justice","isPartOf":{"@id":"https:\/\/www.info-algerie.com\/actualites\/#website"},"primaryImageOfPage":{"@id":"https:\/\/www.info-algerie.com\/actualites\/le-premier-ministre-recoit-le-ministre-koweitien-de-la-justice\/#primaryimage"},"image":{"@id":"https:\/\/www.info-algerie.com\/actualites\/le-premier-ministre-recoit-le-ministre-koweitien-de-la-justice\/#primaryimage"},"thumbnailUrl":"https:\/\/www.info-algerie.com\/actualites\/wp-content\/uploads\/2022\/07\/057154216d48c58c52806a1553299f93_S-1.jpg","datePublished":"2022-07-19T20:33:33+00:00","dateModified":"2023-09-26T18:21:47+00:00","description":"Le Premier ministre a re\u00e7u le ministre kowe\u00eftien de la Justice et ministre d'Etat aux affaires de renforcement de l'int\u00e9grit\u00e9 de l'Etat","breadcrumb":{"@id":"https:\/\/www.info-algerie.com\/actualites\/le-premier-ministre-recoit-le-ministre-koweitien-de-la-justice\/#breadcrumb"},"inLanguage":"fr-FR","potentialAction":[{"@type":"ReadAction","target":["https:\/\/www.info-algerie.com\/actualites\/le-premier-ministre-recoit-le-ministre-koweitien-de-la-justice\/"]}]},{"@type":"ImageObject","inLanguage":"fr-FR","@id":"https:\/\/www.info-algerie.com\/actualites\/le-premier-ministre-recoit-le-ministre-koweitien-de-la-justice\/#primaryimage","url":"https:\/\/www.info-algerie.com\/actualites\/wp-content\/uploads\/2022\/07\/057154216d48c58c52806a1553299f93_S-1.jpg","contentUrl":"https:\/\/www.info-algerie.com\/actualites\/wp-content\/uploads\/2022\/07\/057154216d48c58c52806a1553299f93_S-1.jpg","width":280,"height":169},{"@type":"BreadcrumbList","@id":"https:\/\/www.info-algerie.com\/actualites\/le-premier-ministre-recoit-le-ministre-koweitien-de-la-justice\/#breadcrumb","itemListElement":[{"@type":"ListItem","position":1,"name":"Accueil","item":"https:\/\/www.info-algerie.com\/actualites\/"},{"@type":"ListItem","position":2,"name":"Le Premier ministre re\u00e7oit le ministre kowe\u00eftien de la Justice"}]},{"@type":"WebSite","@id":"https:\/\/www.info-algerie.com\/actualites\/#website","url":"https:\/\/www.info-algerie.com\/actualites\/","name":"info algerie","description":"Toutes les actualit\u00e9s","publisher":{"@id":"https:\/\/www.info-algerie.com\/actualites\/#organization"},"potentialAction":[{"@type":"SearchAction","target":{"@type":"EntryPoint","urlTemplate":"https:\/\/www.info-algerie.com\/actualites\/?s={search_term_string}"},"query-input":{"@type":"PropertyValueSpecification","valueRequired":true,"valueName":"search_term_string"}}],"inLanguage":"fr-FR"},{"@type":"Organization","@id":"https:\/\/www.info-algerie.com\/actualites\/#organization","name":"info algerie","url":"https:\/\/www.info-algerie.com\/actualites\/","logo":{"@type":"ImageObject","inLanguage":"fr-FR","@id":"https:\/\/www.info-algerie.com\/actualites\/#\/schema\/logo\/image\/","url":"https:\/\/www.info-algerie.com\/actualites\/wp-content\/uploads\/2022\/07\/logo-ia-120.png","contentUrl":"https:\/\/www.info-algerie.com\/actualites\/wp-content\/uploads\/2022\/07\/logo-ia-120.png","width":120,"height":43,"caption":"info algerie"},"image":{"@id":"https:\/\/www.info-algerie.com\/actualites\/#\/schema\/logo\/image\/"},"sameAs":["https:\/\/www.facebook.com\/infoalgerieactu","https:\/\/x.com\/infoalgerie1"]},{"@type":"Person","@id":"https:\/\/www.info-algerie.com\/actualites\/#\/schema\/person\/847aaec44920825b843a08f30ec6aa1e","name":"La r\u00e9daction","image":{"@type":"ImageObject","inLanguage":"fr-FR","@id":"https:\/\/secure.gravatar.com\/avatar\/769db425c6f465158149f1ffd6cf61ce7a8a879d11dfbef8288af36dfddd418c?s=96&d=mm&r=g","url":"https:\/\/secure.gravatar.com\/avatar\/769db425c6f465158149f1ffd6cf61ce7a8a879d11dfbef8288af36dfddd418c?s=96&d=mm&r=g","contentUrl":"https:\/\/secure.gravatar.com\/avatar\/769db425c6f465158149f1ffd6cf61ce7a8a879d11dfbef8288af36dfddd418c?s=96&d=mm&r=g","caption":"La r\u00e9daction"},"sameAs":["http:\/\/www.lkeria.com\/"],"url":"https:\/\/www.info-algerie.com\/actualites\/author\/chakib32\/"}]}},"_links":{"self":[{"href":"https:\/\/www.info-algerie.com\/actualites\/wp-json\/wp\/v2\/posts\/27531","targetHints":{"allow":["GET"]}}],"collection":[{"href":"https:\/\/www.info-algerie.com\/actualites\/wp-json\/wp\/v2\/posts"}],"about":[{"href":"https:\/\/www.info-algerie.com\/actualites\/wp-json\/wp\/v2\/types\/post"}],"author":[{"embeddable":true,"href":"https:\/\/www.info-algerie.com\/actualites\/wp-json\/wp\/v2\/users\/6"}],"replies":[{"embeddable":true,"href":"https:\/\/www.info-algerie.com\/actualites\/wp-json\/wp\/v2\/comments?post=27531"}],"version-history":[{"count":1,"href":"https:\/\/www.info-algerie.com\/actualites\/wp-json\/wp\/v2\/posts\/27531\/revisions"}],"predecessor-version":[{"id":27967,"href":"https:\/\/www.info-algerie.com\/actualites\/wp-json\/wp\/v2\/posts\/27531\/revisions\/27967"}],"wp:featuredmedia":[{"embeddable":true,"href":"https:\/\/www.info-algerie.com\/actualites\/wp-json\/wp\/v2\/media\/27532"}],"wp:attachment":[{"href":"https:\/\/www.info-algerie.com\/actualites\/wp-json\/wp\/v2\/media?parent=27531"}],"wp:term":[{"taxonomy":"category","embeddable":true,"href":"https:\/\/www.info-algerie.com\/actualites\/wp-json\/wp\/v2\/categories?post=27531"},{"taxonomy":"post_tag","embeddable":true,"href":"https:\/\/www.info-algerie.com\/actualites\/wp-json\/wp\/v2\/tags?post=27531"}],"curies":[{"name":"wp","href":"https:\/\/api.w.org\/{rel}","templated":true}]}}