{"id":27534,"date":"2022-07-19T21:26:40","date_gmt":"2022-07-19T20:26:40","guid":{"rendered":"https:\/\/www.info-algerie.com\/actualites\/le-terroriste-benhalima-regrette-ses-actes-et-met-en-garde-contre-le-piege-des-traitres-a-lalgerie\/"},"modified":"2023-09-26T19:22:52","modified_gmt":"2023-09-26T18:22:52","slug":"le-terroriste-benhalima-regrette-ses-actes-et-met-en-garde-contre-le-piege-des-traitres-a-lalgerie","status":"publish","type":"post","link":"https:\/\/www.info-algerie.com\/actualites\/le-terroriste-benhalima-regrette-ses-actes-et-met-en-garde-contre-le-piege-des-traitres-a-lalgerie\/","title":{"rendered":"Le terroriste Benhalima regrette ses actes"},"content":{"rendered":"<div class=\"K2FeedImage\"><img decoding=\"async\" src=\"https:\/\/www.info-algerie.com\/actualites\/wp-content\/uploads\/2022\/07\/5e73953e0c5a83a887fb0052bf62b3e3_S.jpg\" alt=\"Le terroriste Benhalima regrette ses actes et met en garde contre le pi\u00e8ge des tra\u00eetres \u00e0 l'Alg\u00e9rie\" \/><\/div>\n<div class=\"K2FeedIntroText\">\n<p><strong>ALGER- Le terroriste d\u00e9tenu Mohamed Azouz Benhalima a dit regretter les \u00ab\u00a0nombreuses fautes\u00a0\u00bb qu&rsquo;il a commises contre la patrie, mettant en garde contre le pi\u00e8ge des traitres \u00e0 l&rsquo;Alg\u00e9rie et des mercenaires \u00e0 la solde d&rsquo;officines hostiles.<\/strong><\/p>\n<p><span style=\"font-size: revert; color: initial;\">Dans la sixi\u00e8me partie de ses aveux, diffus\u00e9s mardi soir par la T\u00e9l\u00e9vision alg\u00e9rienne sous le titre \u00ab\u00a0Chemin de la f\u00e9lonie&#8230;d\u00e9tails d&rsquo;une conspiration\u00a0\u00bb, le terroriste Benhalima a indiqu\u00e9 que les campagnes m\u00e9diatiques hostiles men\u00e9es contre l&rsquo;Alg\u00e9rie participent d&rsquo;un complot concoct\u00e9 dans des officines hostiles pour saper son unit\u00e9 et sa stabilit\u00e9, soulignant qu&rsquo;apr\u00e8s avoir c\u00f4toy\u00e9 les terroristes planqu\u00e9s dans des capitales \u00e9trang\u00e8res, il a compris qu&rsquo;il ne s&rsquo;agissait que de \u00ab\u00a0mercenaires en qu\u00eate d&rsquo;argent et de femmes, sans le moindre lien avec le combat dont ils se targuent\u00a0\u00bb.<\/span><\/p>\n<\/div>\n<div class=\"K2FeedFullText\">\n<p>Il a ajout\u00e9 qu&rsquo;apr\u00e8s avoir d\u00e9couvert cette triste r\u00e9alit\u00e9, il a d\u00e9cid\u00e9, avant son arrestation et son expulsion vers l&rsquo;Alg\u00e9rie, de prendre ses distances avec le mouvement terroriste \u00ab\u00a0Rachad\u00a0\u00bb et ses responsables, \u00e0 leur t\u00eate le terroriste Larbi Zitout.<\/p>\n<p>\u00ab\u00a0Lorsque j&rsquo;\u00e9tais en Espagne, je pensais que ces terroristes \u00e9taient des militants avec des principes, et ce n&rsquo;est qu&rsquo;une fois en France, o\u00f9 j&rsquo;ai \u00e9t\u00e9 en contact direct avec des \u00e9l\u00e9ments de \u00ab\u00a0Rachad\u00a0\u00bb et avec \u00ab\u00a0Amir DZ\u00a0\u00bb que j&rsquo;ai compris la supercherie et qu&rsquo;il s&rsquo;agissait en fait d&rsquo;agents et de tra\u00eetres\u00a0\u00bb, a-t-il expliqu\u00e9.<\/p>\n<p>Le d\u00e9tenu Benhalima a dit regretter les \u00ab\u00a0nombreuses fautes\u00a0\u00bb qu&rsquo;il a commises contre la patrie, pr\u00e9sentant ses excuses aux personnes qu&rsquo;il a attaqu\u00e9es injustement en portant atteinte \u00e0 leur honneur sur la base de fausses informations glan\u00e9es sur de faux comptes Facebook.<\/p>\n<p>Le terroriste a, en outre, r\u00e9v\u00e9l\u00e9 avoir per\u00e7u chez des jeunes fourvoy\u00e9s d\u00e9tenus dans la prison d&rsquo;El-Harrach une haine et du m\u00e9pris envers Larbi Zitout, \u00ab\u00a0Amir DZ\u00a0\u00bb et leurs affid\u00e9s, car ayant d\u00e9couvert la r\u00e9alit\u00e9 de ces terroristes qui ont exploit\u00e9 et leurr\u00e9 les modestes enfants du peuple.<\/p>\n<p>Ces jeunes d\u00e9tenus, a-t-il ajout\u00e9, \u00e9prouvent des remords et sont d\u00e9cid\u00e9s \u00e0 rompre d\u00e9finitivement avec les id\u00e9es destructrices des tra\u00eetres \u00e0 la patrie.<\/p>\n<p>Benhalima a aussi mis en garde les jeunes contre le pi\u00e8ge tendu par ces terroristes, appelant tous les Alg\u00e9riens qui ont trait\u00e9 avec Larbi Zitout et les autres terroristes \u00e0 les mettre \u00e0 nu.<\/p>\n<p>Par ailleurs, Benhalima a demand\u00e9 \u00e0 Larbi Zitout de cesser de parler en son nom ou au nom de sa famille, r\u00e9v\u00e9lant l&rsquo;ampleur des mensonges et des fourberies auxquels il recourt pour d\u00e9former les faits, citant \u00e0 titre d&rsquo;exemple la fois o\u00f9 Zitout a pr\u00e9tendu que son fr\u00e8re, Abderrahmane, avait \u00e9t\u00e9 \u00ab\u00a0kidnapp\u00e9 par une force sp\u00e9ciale relevant des services de renseignement\u00a0\u00bb, alors qu&rsquo;il avait \u00e9t\u00e9 \u00ab\u00a0convoqu\u00e9 pour un interrogatoire par un policier qui l&rsquo;a accompagn\u00e9 \u00e0 un commissariat \u00e0 Alger, o\u00f9 je m&rsquo;y trouvais \u00e9galement pour \u00eatre interrog\u00e9\u00a0\u00bb.<\/p>\n<p>Benhalima a pr\u00e9cis\u00e9 que Larbi Zitout n&rsquo;affichait jamais ses desseins malveillants au grand public. Il en a, cependant, r\u00e9v\u00e9l\u00e9 certains lors d&rsquo;un live via \u00ab\u00a0un lapsus\u00a0\u00bb lorsqu&rsquo;il a litt\u00e9ralement d\u00e9clar\u00e9 :\u00a0\u00bbNous voulons un Etat islamique\u00a0\u00bb, avant de se rattraper en disant: \u00ab\u00a0Nous voulons un Etat civil\u00a0\u00bb.<\/p>\n<p>Parmi les mensonges que faisait circuler Larbi Zitout via l&rsquo;aile m\u00e9diatique du mouvement terroriste \u00ab\u00a0Rachad\u00a0\u00bb, celui o\u00f9 il pr\u00e9tendait que les trois avocats de d\u00e9fense du terroriste arr\u00eat\u00e9 Mohamed Abdallah travaillaient pour le compte des services de renseignement alg\u00e9riens, alors qu&rsquo;il les a personnellement mandat\u00e9s pour d\u00e9fendre son fr\u00e8re Abderrahmane.<\/p>\n<p>Il a r\u00e9v\u00e9l\u00e9 que Larbi Zitout avait toujours incit\u00e9 les Alg\u00e9riens \u00e0 manifester devant les consulats alg\u00e9riens \u00e0 l&rsquo;\u00e9tranger, en raison de la suspension des vols du fait de la propagation de la pand\u00e9mie de covid-19, au moment o\u00f9 \u00ab\u00a0sa s\u0153ur, qui r\u00e9side en France, est entr\u00e9e en Alg\u00e9rie sans \u00eatre inqui\u00e9t\u00e9e, et il refuse de le reconnaitre\u00a0\u00bb.<\/p>\n<p>Le terroriste Benhalima a, \u00e9galement, affirm\u00e9 que les \u00ab\u00a0sources fiables\u00a0\u00bb dont parle Zitout \u00e0 chaque fois \u00ab\u00a0ne sont autres que son fr\u00e8re Sma\u00efl\u00a0\u00bb.<\/p>\n<p>Dans le cadre de ses r\u00e9v\u00e9lations, Benhalima a dit que depuis sa fuite \u00e0 l&rsquo;\u00e9tranger, aucun membre de sa famille n&rsquo;a \u00e9t\u00e9 victime de harc\u00e8lement.<\/p>\n<p>Evoquant sa relation avec le d\u00e9nomm\u00e9 Ghani Mahdi, le terroriste Benhalima a affirm\u00e9 qu&rsquo;il avait particip\u00e9 avec lui \u00e0 une \u00e9mission t\u00e9l\u00e9vis\u00e9e sur la cha\u00eene \u00ab\u00a0Canal 22\u00a0\u00bb, nouvellement cr\u00e9\u00e9e, sur proposition de Abdou Semmar, ajoutant que pendant l&rsquo;\u00e9mission, Ghani Mahdi lui avait sugg\u00e9r\u00e9 que l&rsquo;association \u00ab\u00a0Tahadi\u00a0\u00bb se charge de collecter les fonds pour payer les honoraires de son avocat, soulignant avoir rejet\u00e9 cette proposition, \u00e9tant donn\u00e9 que cette association faisait l&rsquo;objet d&rsquo;une enqu\u00eate en Suisse pour blanchiment d&rsquo;argent, c&rsquo;est pourquoi Ghani Mahdi n&rsquo;a pas diffus\u00e9 cette \u00e9mission.<\/p>\n<\/div>\n<p>Source: <a href=\"http:\/\/www.aps.dz\/algerie\/143037-le-terroriste-benhalima-regrette-ses-actes-et-met-en-garde-contre-le-piege-des-traitres-a-l-algerie\" target=\"_blank\" rel=\"noopener\">Le terroriste Benhalima regrette ses actes et met en garde contre le pi\u00e8ge des tra\u00eetres \u00e0 l&rsquo;Alg\u00e9rie<\/a><\/p>\n<!--CusAds0-->\n<div style=\"font-size: 0px; height: 0px; line-height: 0px; margin: 0; padding: 0; clear: both;\"><\/div>","protected":false},"excerpt":{"rendered":"<p>ALGER- Le terroriste d\u00e9tenu Mohamed Azouz Benhalima a dit regretter les \u00ab\u00a0nombreuses fautes\u00a0\u00bb qu&rsquo;il a commises contre la patrie, mettant en garde contre le pi\u00e8ge des traitres \u00e0 l&rsquo;Alg\u00e9rie et des mercenaires \u00e0 la solde d&rsquo;officines hostiles. Dans la sixi\u00e8me partie de ses aveux, diffus\u00e9s mardi soir par la T\u00e9l\u00e9vision alg\u00e9rienne sous le titre \u00ab\u00a0Chemin<\/p>\n","protected":false},"author":6,"featured_media":27535,"comment_status":"open","ping_status":"open","sticky":false,"template":"","format":"standard","meta":{"footnotes":""},"categories":[22],"tags":[93],"class_list":["post-27534","post","type-post","status-publish","format-standard","has-post-thumbnail","hentry","category-infos","tag-onu"],"yoast_head":"<!-- This site is optimized with the Yoast SEO plugin v27.5 - https:\/\/yoast.com\/product\/yoast-seo-wordpress\/ -->\n<title>Le terroriste Benhalima regrette ses actes<\/title>\n<meta name=\"description\" content=\"Le d\u00e9tenu Mohamed Azouz Benhalima a dit regretter les &quot;nombreuses fautes&quot; qu&#039;il a commises contre la patrie\" \/>\n<meta name=\"robots\" content=\"index, follow, max-snippet:-1, max-image-preview:large, max-video-preview:-1\" \/>\n<link rel=\"canonical\" href=\"https:\/\/www.info-algerie.com\/actualites\/le-terroriste-benhalima-regrette-ses-actes-et-met-en-garde-contre-le-piege-des-traitres-a-lalgerie\/\" \/>\n<meta property=\"og:locale\" content=\"fr_FR\" \/>\n<meta property=\"og:type\" content=\"article\" \/>\n<meta property=\"og:title\" content=\"Le terroriste Benhalima regrette ses actes\" \/>\n<meta property=\"og:description\" content=\"Le d\u00e9tenu Mohamed Azouz Benhalima a dit regretter les &quot;nombreuses fautes&quot; qu&#039;il a commises contre la patrie\" \/>\n<meta property=\"og:url\" content=\"https:\/\/www.info-algerie.com\/actualites\/le-terroriste-benhalima-regrette-ses-actes-et-met-en-garde-contre-le-piege-des-traitres-a-lalgerie\/\" \/>\n<meta property=\"og:site_name\" content=\"info algerie\" \/>\n<meta property=\"article:publisher\" content=\"https:\/\/www.facebook.com\/infoalgerieactu\" \/>\n<meta property=\"article:published_time\" content=\"2022-07-19T20:26:40+00:00\" \/>\n<meta property=\"article:modified_time\" content=\"2023-09-26T18:22:52+00:00\" \/>\n<meta property=\"og:image\" content=\"https:\/\/www.info-algerie.com\/actualites\/wp-content\/uploads\/2022\/07\/5e73953e0c5a83a887fb0052bf62b3e3_S-1.jpg\" \/>\n\t<meta property=\"og:image:width\" content=\"280\" \/>\n\t<meta property=\"og:image:height\" content=\"169\" \/>\n\t<meta property=\"og:image:type\" content=\"image\/jpeg\" \/>\n<meta name=\"author\" content=\"La r\u00e9daction\" \/>\n<meta name=\"twitter:label1\" content=\"\u00c9crit par\" \/>\n\t<meta name=\"twitter:data1\" content=\"La r\u00e9daction\" \/>\n\t<meta name=\"twitter:label2\" content=\"Dur\u00e9e de lecture estim\u00e9e\" \/>\n\t<meta name=\"twitter:data2\" content=\"5 minutes\" \/>\n<script type=\"application\/ld+json\" class=\"yoast-schema-graph\">{\"@context\":\"https:\\\/\\\/schema.org\",\"@graph\":[{\"@type\":\"Article\",\"@id\":\"https:\\\/\\\/www.info-algerie.com\\\/actualites\\\/le-terroriste-benhalima-regrette-ses-actes-et-met-en-garde-contre-le-piege-des-traitres-a-lalgerie\\\/#article\",\"isPartOf\":{\"@id\":\"https:\\\/\\\/www.info-algerie.com\\\/actualites\\\/le-terroriste-benhalima-regrette-ses-actes-et-met-en-garde-contre-le-piege-des-traitres-a-lalgerie\\\/\"},\"author\":{\"name\":\"La r\u00e9daction\",\"@id\":\"https:\\\/\\\/www.info-algerie.com\\\/actualites\\\/#\\\/schema\\\/person\\\/847aaec44920825b843a08f30ec6aa1e\"},\"headline\":\"Le terroriste Benhalima regrette ses actes\",\"datePublished\":\"2022-07-19T20:26:40+00:00\",\"dateModified\":\"2023-09-26T18:22:52+00:00\",\"mainEntityOfPage\":{\"@id\":\"https:\\\/\\\/www.info-algerie.com\\\/actualites\\\/le-terroriste-benhalima-regrette-ses-actes-et-met-en-garde-contre-le-piege-des-traitres-a-lalgerie\\\/\"},\"wordCount\":885,\"commentCount\":0,\"publisher\":{\"@id\":\"https:\\\/\\\/www.info-algerie.com\\\/actualites\\\/#organization\"},\"image\":{\"@id\":\"https:\\\/\\\/www.info-algerie.com\\\/actualites\\\/le-terroriste-benhalima-regrette-ses-actes-et-met-en-garde-contre-le-piege-des-traitres-a-lalgerie\\\/#primaryimage\"},\"thumbnailUrl\":\"https:\\\/\\\/www.info-algerie.com\\\/actualites\\\/wp-content\\\/uploads\\\/2022\\\/07\\\/5e73953e0c5a83a887fb0052bf62b3e3_S-1.jpg\",\"keywords\":[\"ONU\"],\"articleSection\":[\"infos\"],\"inLanguage\":\"fr-FR\",\"potentialAction\":[{\"@type\":\"CommentAction\",\"name\":\"Comment\",\"target\":[\"https:\\\/\\\/www.info-algerie.com\\\/actualites\\\/le-terroriste-benhalima-regrette-ses-actes-et-met-en-garde-contre-le-piege-des-traitres-a-lalgerie\\\/#respond\"]}]},{\"@type\":\"WebPage\",\"@id\":\"https:\\\/\\\/www.info-algerie.com\\\/actualites\\\/le-terroriste-benhalima-regrette-ses-actes-et-met-en-garde-contre-le-piege-des-traitres-a-lalgerie\\\/\",\"url\":\"https:\\\/\\\/www.info-algerie.com\\\/actualites\\\/le-terroriste-benhalima-regrette-ses-actes-et-met-en-garde-contre-le-piege-des-traitres-a-lalgerie\\\/\",\"name\":\"Le terroriste Benhalima regrette ses actes\",\"isPartOf\":{\"@id\":\"https:\\\/\\\/www.info-algerie.com\\\/actualites\\\/#website\"},\"primaryImageOfPage\":{\"@id\":\"https:\\\/\\\/www.info-algerie.com\\\/actualites\\\/le-terroriste-benhalima-regrette-ses-actes-et-met-en-garde-contre-le-piege-des-traitres-a-lalgerie\\\/#primaryimage\"},\"image\":{\"@id\":\"https:\\\/\\\/www.info-algerie.com\\\/actualites\\\/le-terroriste-benhalima-regrette-ses-actes-et-met-en-garde-contre-le-piege-des-traitres-a-lalgerie\\\/#primaryimage\"},\"thumbnailUrl\":\"https:\\\/\\\/www.info-algerie.com\\\/actualites\\\/wp-content\\\/uploads\\\/2022\\\/07\\\/5e73953e0c5a83a887fb0052bf62b3e3_S-1.jpg\",\"datePublished\":\"2022-07-19T20:26:40+00:00\",\"dateModified\":\"2023-09-26T18:22:52+00:00\",\"description\":\"Le d\u00e9tenu Mohamed Azouz Benhalima a dit regretter les \\\"nombreuses fautes\\\" qu'il a commises contre la patrie\",\"breadcrumb\":{\"@id\":\"https:\\\/\\\/www.info-algerie.com\\\/actualites\\\/le-terroriste-benhalima-regrette-ses-actes-et-met-en-garde-contre-le-piege-des-traitres-a-lalgerie\\\/#breadcrumb\"},\"inLanguage\":\"fr-FR\",\"potentialAction\":[{\"@type\":\"ReadAction\",\"target\":[\"https:\\\/\\\/www.info-algerie.com\\\/actualites\\\/le-terroriste-benhalima-regrette-ses-actes-et-met-en-garde-contre-le-piege-des-traitres-a-lalgerie\\\/\"]}]},{\"@type\":\"ImageObject\",\"inLanguage\":\"fr-FR\",\"@id\":\"https:\\\/\\\/www.info-algerie.com\\\/actualites\\\/le-terroriste-benhalima-regrette-ses-actes-et-met-en-garde-contre-le-piege-des-traitres-a-lalgerie\\\/#primaryimage\",\"url\":\"https:\\\/\\\/www.info-algerie.com\\\/actualites\\\/wp-content\\\/uploads\\\/2022\\\/07\\\/5e73953e0c5a83a887fb0052bf62b3e3_S-1.jpg\",\"contentUrl\":\"https:\\\/\\\/www.info-algerie.com\\\/actualites\\\/wp-content\\\/uploads\\\/2022\\\/07\\\/5e73953e0c5a83a887fb0052bf62b3e3_S-1.jpg\",\"width\":280,\"height\":169},{\"@type\":\"BreadcrumbList\",\"@id\":\"https:\\\/\\\/www.info-algerie.com\\\/actualites\\\/le-terroriste-benhalima-regrette-ses-actes-et-met-en-garde-contre-le-piege-des-traitres-a-lalgerie\\\/#breadcrumb\",\"itemListElement\":[{\"@type\":\"ListItem\",\"position\":1,\"name\":\"Accueil\",\"item\":\"https:\\\/\\\/www.info-algerie.com\\\/actualites\\\/\"},{\"@type\":\"ListItem\",\"position\":2,\"name\":\"Le terroriste Benhalima regrette ses actes\"}]},{\"@type\":\"WebSite\",\"@id\":\"https:\\\/\\\/www.info-algerie.com\\\/actualites\\\/#website\",\"url\":\"https:\\\/\\\/www.info-algerie.com\\\/actualites\\\/\",\"name\":\"info algerie\",\"description\":\"Toutes les actualit\u00e9s\",\"publisher\":{\"@id\":\"https:\\\/\\\/www.info-algerie.com\\\/actualites\\\/#organization\"},\"potentialAction\":[{\"@type\":\"SearchAction\",\"target\":{\"@type\":\"EntryPoint\",\"urlTemplate\":\"https:\\\/\\\/www.info-algerie.com\\\/actualites\\\/?s={search_term_string}\"},\"query-input\":{\"@type\":\"PropertyValueSpecification\",\"valueRequired\":true,\"valueName\":\"search_term_string\"}}],\"inLanguage\":\"fr-FR\"},{\"@type\":\"Organization\",\"@id\":\"https:\\\/\\\/www.info-algerie.com\\\/actualites\\\/#organization\",\"name\":\"info algerie\",\"url\":\"https:\\\/\\\/www.info-algerie.com\\\/actualites\\\/\",\"logo\":{\"@type\":\"ImageObject\",\"inLanguage\":\"fr-FR\",\"@id\":\"https:\\\/\\\/www.info-algerie.com\\\/actualites\\\/#\\\/schema\\\/logo\\\/image\\\/\",\"url\":\"https:\\\/\\\/www.info-algerie.com\\\/actualites\\\/wp-content\\\/uploads\\\/2022\\\/07\\\/logo-ia-120.png\",\"contentUrl\":\"https:\\\/\\\/www.info-algerie.com\\\/actualites\\\/wp-content\\\/uploads\\\/2022\\\/07\\\/logo-ia-120.png\",\"width\":120,\"height\":43,\"caption\":\"info algerie\"},\"image\":{\"@id\":\"https:\\\/\\\/www.info-algerie.com\\\/actualites\\\/#\\\/schema\\\/logo\\\/image\\\/\"},\"sameAs\":[\"https:\\\/\\\/www.facebook.com\\\/infoalgerieactu\",\"https:\\\/\\\/x.com\\\/infoalgerie1\"]},{\"@type\":\"Person\",\"@id\":\"https:\\\/\\\/www.info-algerie.com\\\/actualites\\\/#\\\/schema\\\/person\\\/847aaec44920825b843a08f30ec6aa1e\",\"name\":\"La r\u00e9daction\",\"image\":{\"@type\":\"ImageObject\",\"inLanguage\":\"fr-FR\",\"@id\":\"https:\\\/\\\/secure.gravatar.com\\\/avatar\\\/769db425c6f465158149f1ffd6cf61ce7a8a879d11dfbef8288af36dfddd418c?s=96&d=mm&r=g\",\"url\":\"https:\\\/\\\/secure.gravatar.com\\\/avatar\\\/769db425c6f465158149f1ffd6cf61ce7a8a879d11dfbef8288af36dfddd418c?s=96&d=mm&r=g\",\"contentUrl\":\"https:\\\/\\\/secure.gravatar.com\\\/avatar\\\/769db425c6f465158149f1ffd6cf61ce7a8a879d11dfbef8288af36dfddd418c?s=96&d=mm&r=g\",\"caption\":\"La r\u00e9daction\"},\"sameAs\":[\"http:\\\/\\\/www.lkeria.com\\\/\"],\"url\":\"https:\\\/\\\/www.info-algerie.com\\\/actualites\\\/author\\\/chakib32\\\/\"}]}<\/script>\n<!-- \/ Yoast SEO plugin. -->","yoast_head_json":{"title":"Le terroriste Benhalima regrette ses actes","description":"Le d\u00e9tenu Mohamed Azouz Benhalima a dit regretter les \"nombreuses fautes\" qu'il a commises contre la patrie","robots":{"index":"index","follow":"follow","max-snippet":"max-snippet:-1","max-image-preview":"max-image-preview:large","max-video-preview":"max-video-preview:-1"},"canonical":"https:\/\/www.info-algerie.com\/actualites\/le-terroriste-benhalima-regrette-ses-actes-et-met-en-garde-contre-le-piege-des-traitres-a-lalgerie\/","og_locale":"fr_FR","og_type":"article","og_title":"Le terroriste Benhalima regrette ses actes","og_description":"Le d\u00e9tenu Mohamed Azouz Benhalima a dit regretter les \"nombreuses fautes\" qu'il a commises contre la patrie","og_url":"https:\/\/www.info-algerie.com\/actualites\/le-terroriste-benhalima-regrette-ses-actes-et-met-en-garde-contre-le-piege-des-traitres-a-lalgerie\/","og_site_name":"info algerie","article_publisher":"https:\/\/www.facebook.com\/infoalgerieactu","article_published_time":"2022-07-19T20:26:40+00:00","article_modified_time":"2023-09-26T18:22:52+00:00","og_image":[{"width":280,"height":169,"url":"https:\/\/www.info-algerie.com\/actualites\/wp-content\/uploads\/2022\/07\/5e73953e0c5a83a887fb0052bf62b3e3_S-1.jpg","type":"image\/jpeg"}],"author":"La r\u00e9daction","twitter_misc":{"\u00c9crit par":"La r\u00e9daction","Dur\u00e9e de lecture estim\u00e9e":"5 minutes"},"schema":{"@context":"https:\/\/schema.org","@graph":[{"@type":"Article","@id":"https:\/\/www.info-algerie.com\/actualites\/le-terroriste-benhalima-regrette-ses-actes-et-met-en-garde-contre-le-piege-des-traitres-a-lalgerie\/#article","isPartOf":{"@id":"https:\/\/www.info-algerie.com\/actualites\/le-terroriste-benhalima-regrette-ses-actes-et-met-en-garde-contre-le-piege-des-traitres-a-lalgerie\/"},"author":{"name":"La r\u00e9daction","@id":"https:\/\/www.info-algerie.com\/actualites\/#\/schema\/person\/847aaec44920825b843a08f30ec6aa1e"},"headline":"Le terroriste Benhalima regrette ses actes","datePublished":"2022-07-19T20:26:40+00:00","dateModified":"2023-09-26T18:22:52+00:00","mainEntityOfPage":{"@id":"https:\/\/www.info-algerie.com\/actualites\/le-terroriste-benhalima-regrette-ses-actes-et-met-en-garde-contre-le-piege-des-traitres-a-lalgerie\/"},"wordCount":885,"commentCount":0,"publisher":{"@id":"https:\/\/www.info-algerie.com\/actualites\/#organization"},"image":{"@id":"https:\/\/www.info-algerie.com\/actualites\/le-terroriste-benhalima-regrette-ses-actes-et-met-en-garde-contre-le-piege-des-traitres-a-lalgerie\/#primaryimage"},"thumbnailUrl":"https:\/\/www.info-algerie.com\/actualites\/wp-content\/uploads\/2022\/07\/5e73953e0c5a83a887fb0052bf62b3e3_S-1.jpg","keywords":["ONU"],"articleSection":["infos"],"inLanguage":"fr-FR","potentialAction":[{"@type":"CommentAction","name":"Comment","target":["https:\/\/www.info-algerie.com\/actualites\/le-terroriste-benhalima-regrette-ses-actes-et-met-en-garde-contre-le-piege-des-traitres-a-lalgerie\/#respond"]}]},{"@type":"WebPage","@id":"https:\/\/www.info-algerie.com\/actualites\/le-terroriste-benhalima-regrette-ses-actes-et-met-en-garde-contre-le-piege-des-traitres-a-lalgerie\/","url":"https:\/\/www.info-algerie.com\/actualites\/le-terroriste-benhalima-regrette-ses-actes-et-met-en-garde-contre-le-piege-des-traitres-a-lalgerie\/","name":"Le terroriste Benhalima regrette ses actes","isPartOf":{"@id":"https:\/\/www.info-algerie.com\/actualites\/#website"},"primaryImageOfPage":{"@id":"https:\/\/www.info-algerie.com\/actualites\/le-terroriste-benhalima-regrette-ses-actes-et-met-en-garde-contre-le-piege-des-traitres-a-lalgerie\/#primaryimage"},"image":{"@id":"https:\/\/www.info-algerie.com\/actualites\/le-terroriste-benhalima-regrette-ses-actes-et-met-en-garde-contre-le-piege-des-traitres-a-lalgerie\/#primaryimage"},"thumbnailUrl":"https:\/\/www.info-algerie.com\/actualites\/wp-content\/uploads\/2022\/07\/5e73953e0c5a83a887fb0052bf62b3e3_S-1.jpg","datePublished":"2022-07-19T20:26:40+00:00","dateModified":"2023-09-26T18:22:52+00:00","description":"Le d\u00e9tenu Mohamed Azouz Benhalima a dit regretter les \"nombreuses fautes\" qu'il a commises contre la patrie","breadcrumb":{"@id":"https:\/\/www.info-algerie.com\/actualites\/le-terroriste-benhalima-regrette-ses-actes-et-met-en-garde-contre-le-piege-des-traitres-a-lalgerie\/#breadcrumb"},"inLanguage":"fr-FR","potentialAction":[{"@type":"ReadAction","target":["https:\/\/www.info-algerie.com\/actualites\/le-terroriste-benhalima-regrette-ses-actes-et-met-en-garde-contre-le-piege-des-traitres-a-lalgerie\/"]}]},{"@type":"ImageObject","inLanguage":"fr-FR","@id":"https:\/\/www.info-algerie.com\/actualites\/le-terroriste-benhalima-regrette-ses-actes-et-met-en-garde-contre-le-piege-des-traitres-a-lalgerie\/#primaryimage","url":"https:\/\/www.info-algerie.com\/actualites\/wp-content\/uploads\/2022\/07\/5e73953e0c5a83a887fb0052bf62b3e3_S-1.jpg","contentUrl":"https:\/\/www.info-algerie.com\/actualites\/wp-content\/uploads\/2022\/07\/5e73953e0c5a83a887fb0052bf62b3e3_S-1.jpg","width":280,"height":169},{"@type":"BreadcrumbList","@id":"https:\/\/www.info-algerie.com\/actualites\/le-terroriste-benhalima-regrette-ses-actes-et-met-en-garde-contre-le-piege-des-traitres-a-lalgerie\/#breadcrumb","itemListElement":[{"@type":"ListItem","position":1,"name":"Accueil","item":"https:\/\/www.info-algerie.com\/actualites\/"},{"@type":"ListItem","position":2,"name":"Le terroriste Benhalima regrette ses actes"}]},{"@type":"WebSite","@id":"https:\/\/www.info-algerie.com\/actualites\/#website","url":"https:\/\/www.info-algerie.com\/actualites\/","name":"info algerie","description":"Toutes les actualit\u00e9s","publisher":{"@id":"https:\/\/www.info-algerie.com\/actualites\/#organization"},"potentialAction":[{"@type":"SearchAction","target":{"@type":"EntryPoint","urlTemplate":"https:\/\/www.info-algerie.com\/actualites\/?s={search_term_string}"},"query-input":{"@type":"PropertyValueSpecification","valueRequired":true,"valueName":"search_term_string"}}],"inLanguage":"fr-FR"},{"@type":"Organization","@id":"https:\/\/www.info-algerie.com\/actualites\/#organization","name":"info algerie","url":"https:\/\/www.info-algerie.com\/actualites\/","logo":{"@type":"ImageObject","inLanguage":"fr-FR","@id":"https:\/\/www.info-algerie.com\/actualites\/#\/schema\/logo\/image\/","url":"https:\/\/www.info-algerie.com\/actualites\/wp-content\/uploads\/2022\/07\/logo-ia-120.png","contentUrl":"https:\/\/www.info-algerie.com\/actualites\/wp-content\/uploads\/2022\/07\/logo-ia-120.png","width":120,"height":43,"caption":"info algerie"},"image":{"@id":"https:\/\/www.info-algerie.com\/actualites\/#\/schema\/logo\/image\/"},"sameAs":["https:\/\/www.facebook.com\/infoalgerieactu","https:\/\/x.com\/infoalgerie1"]},{"@type":"Person","@id":"https:\/\/www.info-algerie.com\/actualites\/#\/schema\/person\/847aaec44920825b843a08f30ec6aa1e","name":"La r\u00e9daction","image":{"@type":"ImageObject","inLanguage":"fr-FR","@id":"https:\/\/secure.gravatar.com\/avatar\/769db425c6f465158149f1ffd6cf61ce7a8a879d11dfbef8288af36dfddd418c?s=96&d=mm&r=g","url":"https:\/\/secure.gravatar.com\/avatar\/769db425c6f465158149f1ffd6cf61ce7a8a879d11dfbef8288af36dfddd418c?s=96&d=mm&r=g","contentUrl":"https:\/\/secure.gravatar.com\/avatar\/769db425c6f465158149f1ffd6cf61ce7a8a879d11dfbef8288af36dfddd418c?s=96&d=mm&r=g","caption":"La r\u00e9daction"},"sameAs":["http:\/\/www.lkeria.com\/"],"url":"https:\/\/www.info-algerie.com\/actualites\/author\/chakib32\/"}]}},"_links":{"self":[{"href":"https:\/\/www.info-algerie.com\/actualites\/wp-json\/wp\/v2\/posts\/27534","targetHints":{"allow":["GET"]}}],"collection":[{"href":"https:\/\/www.info-algerie.com\/actualites\/wp-json\/wp\/v2\/posts"}],"about":[{"href":"https:\/\/www.info-algerie.com\/actualites\/wp-json\/wp\/v2\/types\/post"}],"author":[{"embeddable":true,"href":"https:\/\/www.info-algerie.com\/actualites\/wp-json\/wp\/v2\/users\/6"}],"replies":[{"embeddable":true,"href":"https:\/\/www.info-algerie.com\/actualites\/wp-json\/wp\/v2\/comments?post=27534"}],"version-history":[{"count":1,"href":"https:\/\/www.info-algerie.com\/actualites\/wp-json\/wp\/v2\/posts\/27534\/revisions"}],"predecessor-version":[{"id":27968,"href":"https:\/\/www.info-algerie.com\/actualites\/wp-json\/wp\/v2\/posts\/27534\/revisions\/27968"}],"wp:featuredmedia":[{"embeddable":true,"href":"https:\/\/www.info-algerie.com\/actualites\/wp-json\/wp\/v2\/media\/27535"}],"wp:attachment":[{"href":"https:\/\/www.info-algerie.com\/actualites\/wp-json\/wp\/v2\/media?parent=27534"}],"wp:term":[{"taxonomy":"category","embeddable":true,"href":"https:\/\/www.info-algerie.com\/actualites\/wp-json\/wp\/v2\/categories?post=27534"},{"taxonomy":"post_tag","embeddable":true,"href":"https:\/\/www.info-algerie.com\/actualites\/wp-json\/wp\/v2\/tags?post=27534"}],"curies":[{"name":"wp","href":"https:\/\/api.w.org\/{rel}","templated":true}]}}