{"id":27717,"date":"2023-04-05T21:03:23","date_gmt":"2023-04-05T20:03:23","guid":{"rendered":"https:\/\/www.info-algerie.com\/actualites\/?p=27717"},"modified":"2024-09-04T13:26:27","modified_gmt":"2024-09-04T12:26:27","slug":"le-calendrier-musulman-ou-calendrier-hygerien","status":"publish","type":"post","link":"https:\/\/www.info-algerie.com\/actualites\/le-calendrier-musulman-ou-calendrier-hygerien\/","title":{"rendered":"Le calendrier musulman ou calendrier hyg\u00e9rien"},"content":{"rendered":"\n<p>Le calendrier musulman, \u00e9galement connu sous le nom de calendrier h\u00e9girien, est un calendrier lunaire qui a \u00e9t\u00e9 introduit par le proph\u00e8te Mahomet en 622 apr\u00e8s J.-C., lorsque celui-ci a fui la ville de La Mecque pour se rendre \u00e0 M\u00e9dine.<\/p>\n\n\n\n<p>Le calendrier musulman est bas\u00e9 sur les phases de la lune et se compose de douze mois lunaires. Chaque mois commence par l&rsquo;observation de la nouvelle lune et a une dur\u00e9e de 29 ou 30 jours. L&rsquo;ann\u00e9e musulmane est donc plus courte que l&rsquo;ann\u00e9e solaire, elle compte 354 ou 355 jours. Cela signifie que les mois musulmans se d\u00e9placent d&rsquo;environ 11 jours chaque ann\u00e9e par rapport au calendrier gr\u00e9gorien.<\/p>\n\n\n\n<h2 class=\"wp-block-heading\">Les douze mois du calendrier musulman sont :<\/h2>\n\n\n\n<ul class=\"wp-block-list\">\n<li>Muharram<\/li>\n\n\n\n<li>Safar<\/li>\n\n\n\n<li>Rabi al-awwal<\/li>\n\n\n\n<li>Rabi al-thani<\/li>\n\n\n\n<li>Jumada al-awwal<\/li>\n\n\n\n<li>Jumada al-thani<\/li>\n\n\n\n<li>Rajab<\/li>\n\n\n\n<li>Sha&rsquo;ban<\/li>\n\n\n\n<li>Ramadan<\/li>\n\n\n\n<li>Shawwal<\/li>\n\n\n\n<li>Dhu al-Qi&rsquo;dah<\/li>\n\n\n\n<li>Dhu al-Hijjah<\/li>\n<\/ul>\n\n\n\n<p>Le mois de Ramadan est le plus important du calendrier musulman. C&rsquo;est pendant ce mois que les musulmans je\u00fbnent du lever au coucher du soleil et se consacrent \u00e0 la pri\u00e8re et \u00e0 la lecture du Coran. La fin du mois de Ramadan est marqu\u00e9e par la f\u00eate de l&rsquo;A\u00efd al-Fitr. La f\u00eate de l&rsquo;A\u00efd al-Adha, qui comm\u00e9more la volont\u00e9 d&rsquo;Ibrahim (Abraham) de sacrifier son fils Isma\u00ebl en ob\u00e9issance \u00e0 Dieu, est c\u00e9l\u00e9br\u00e9e le dixi\u00e8me jour du dernier mois du calendrier musulman, Dhu al-Hijjah.<\/p>\n\n\n\n<h2 class=\"wp-block-heading\">Les bases du calendrier hyg\u00e9rien<\/h2>\n\n\n\n<p>Le calendrier h\u00e9girien est en effet un calendrier lunaire bas\u00e9 sur les phases de la lune. Il se compose ainsi de douze mois lunaires, chacun commen\u00e7ant par l&rsquo;observation de la nouvelle lune. La dur\u00e9e de chaque mois peut \u00eatre de 29 ou de 30 jours, selon la phase de la lune. L&rsquo;ann\u00e9e h\u00e9girienne est plus courte que l&rsquo;ann\u00e9e solaire, car elle compte environ 354 ou 355 jours.<\/p>\n\n\n\n<h2 class=\"wp-block-heading\">Quelle diff\u00e9rence entre la calendrier lunaire et le calendrier solaire<\/h2>\n\n\n\n<p>La principale diff\u00e9rence entre le calendrier lunaire et le calendrier solaire est la fa\u00e7on dont ils sont bas\u00e9s sur la mesure du temps.<\/p>\n\n\n\n<p>Un calendrier lunaire est bas\u00e9 sur les phases de la lune. Chaque mois lunaire commence par la nouvelle lune, lorsque la lune n&rsquo;est pas visible dans le ciel, et se termine avec la pleine lune, lorsque la lune est compl\u00e8tement visible. En effet, la dur\u00e9e d&rsquo;un mois lunaire est d&rsquo;environ 29,5 jours. Ce qui signifie qu&rsquo;une ann\u00e9e lunaire est plus courte qu&rsquo;une ann\u00e9e solaire.<\/p>\n\n\n\n<p>En revanche, un calendrier solaire est bas\u00e9 sur la mesure du temps en fonction de la position de la Terre par rapport au soleil. Un calendrier solaire suit la r\u00e9volution de la Terre autour du soleil et compte ainsi environ 365,24 jours par ann\u00e9e.<\/p>\n\n\n\n<p>En cons\u00e9quence, les mois et les ann\u00e9es des calendriers lunaire et solaire sont diff\u00e9rents. Les mois dans un calendrier solaire ont une dur\u00e9e fixe et sont en g\u00e9n\u00e9ral bas\u00e9s sur le mouvement de la Terre autour du soleil. Dans un calendrier lunaire, les mois ont donc une dur\u00e9e variable et sont bas\u00e9s sur le cycle des phases de la lune. Les ann\u00e9es dans un calendrier solaire ont une dur\u00e9e fixe, alors que les ann\u00e9es dans un calendrier lunaire ont une dur\u00e9e variable.<\/p>\n\n\n\n<p>En somme, les calendriers lunaires sont utilis\u00e9s pour des f\u00eates religieuses ou des \u00e9v\u00e9nements culturels sp\u00e9cifiques, tandis que les calendriers solaires sont plus couramment utilis\u00e9s pour des fins administratives, civiles et scientifiques.<\/p>\n\n\n\n<p>Sources : <\/p>\n\n\n\n<ul class=\"wp-block-list\">\n<li><a href=\"https:\/\/www.ncbi.nlm.nih.gov\/myncbi\/muslim.prayer.calendar11@gmail.com\/cv\/815729\/\">https:\/\/www.ncbi.nlm.nih.gov\/myncbi\/muslim.prayer.calendar11@gmail.com\/cv\/815729\/<\/a><\/li>\n\n\n\n<li><a href=\"https:\/\/ncbi.nlm.nih.gov\/myncbi\/muslim.prayer.time.in.the.world@gmail.com\/cv\/815723\/\">https:\/\/ncbi.nlm.nih.gov\/myncbi\/muslim.prayer.time.in.the.world@gmail.com\/cv\/815723\/<\/a><\/li>\n\n\n\n<li>https:\/\/heure-priere.fr\/calendrier-musulman.php<\/li>\n\n\n\n<li>https:\/\/islamische-gebetszeiten.de\/islamische-kalender<\/li>\n\n\n\n<li>https:\/\/preghiera-orario.it\/calendario-musulmano<\/li>\n\n\n\n<li>https:\/\/horarios-oracion.es\/calendario-musulm%C3%A1n<\/li>\n<\/ul>\n<!--CusAds0-->\n<div style=\"font-size: 0px; height: 0px; line-height: 0px; margin: 0; padding: 0; clear: both;\"><\/div>","protected":false},"excerpt":{"rendered":"<p>Le calendrier musulman, \u00e9galement connu sous le nom de calendrier h\u00e9girien, est un calendrier lunaire qui a \u00e9t\u00e9 introduit par le proph\u00e8te Mahomet en 622 apr\u00e8s J.-C., lorsque celui-ci a fui la ville de La Mecque pour se rendre \u00e0 M\u00e9dine. Le calendrier musulman est bas\u00e9 sur les phases de la lune et se compose<\/p>\n","protected":false},"author":6,"featured_media":27719,"comment_status":"open","ping_status":"open","sticky":false,"template":"","format":"standard","meta":{"footnotes":""},"categories":[9],"tags":[208],"class_list":["post-27717","post","type-post","status-publish","format-standard","has-post-thumbnail","hentry","category-culture-sante","tag-une"],"yoast_head":"<!-- This site is optimized with the Yoast SEO plugin v27.5 - https:\/\/yoast.com\/product\/yoast-seo-wordpress\/ -->\n<title>Le calendrier musulman ou calendrier hyg\u00e9rien<\/title>\n<meta name=\"description\" content=\"Le calendrier musulman, est un calendrier lunaire qui a \u00e9t\u00e9 introduit par le proph\u00e8te Mahomet en 622 apr\u00e8s J.-C., lorsqu&#039;il a fui La Mecque\" \/>\n<meta name=\"robots\" content=\"index, follow, max-snippet:-1, max-image-preview:large, max-video-preview:-1\" \/>\n<link rel=\"canonical\" href=\"https:\/\/www.info-algerie.com\/actualites\/le-calendrier-musulman-ou-calendrier-hygerien\/\" \/>\n<meta property=\"og:locale\" content=\"fr_FR\" \/>\n<meta property=\"og:type\" content=\"article\" \/>\n<meta property=\"og:title\" content=\"Le calendrier musulman ou calendrier hyg\u00e9rien\" \/>\n<meta property=\"og:description\" content=\"Le calendrier musulman, est un calendrier lunaire qui a \u00e9t\u00e9 introduit par le proph\u00e8te Mahomet en 622 apr\u00e8s J.-C., lorsqu&#039;il a fui La Mecque\" \/>\n<meta property=\"og:url\" content=\"https:\/\/www.info-algerie.com\/actualites\/le-calendrier-musulman-ou-calendrier-hygerien\/\" \/>\n<meta property=\"og:site_name\" content=\"info algerie\" \/>\n<meta property=\"article:publisher\" content=\"https:\/\/www.facebook.com\/infoalgerieactu\" \/>\n<meta property=\"article:published_time\" content=\"2023-04-05T20:03:23+00:00\" \/>\n<meta property=\"article:modified_time\" content=\"2024-09-04T12:26:27+00:00\" \/>\n<meta property=\"og:image\" content=\"https:\/\/www.info-algerie.com\/actualites\/wp-content\/uploads\/2023\/04\/calendar-660670_1280-1.jpg\" \/>\n\t<meta property=\"og:image:width\" content=\"1200\" \/>\n\t<meta property=\"og:image:height\" content=\"700\" \/>\n\t<meta property=\"og:image:type\" content=\"image\/jpeg\" \/>\n<meta name=\"author\" content=\"La r\u00e9daction\" \/>\n<meta name=\"twitter:label1\" content=\"\u00c9crit par\" \/>\n\t<meta name=\"twitter:data1\" content=\"La r\u00e9daction\" \/>\n\t<meta name=\"twitter:label2\" content=\"Dur\u00e9e de lecture estim\u00e9e\" \/>\n\t<meta name=\"twitter:data2\" content=\"4 minutes\" \/>\n<script type=\"application\/ld+json\" class=\"yoast-schema-graph\">{\"@context\":\"https:\\\/\\\/schema.org\",\"@graph\":[{\"@type\":\"Article\",\"@id\":\"https:\\\/\\\/www.info-algerie.com\\\/actualites\\\/le-calendrier-musulman-ou-calendrier-hygerien\\\/#article\",\"isPartOf\":{\"@id\":\"https:\\\/\\\/www.info-algerie.com\\\/actualites\\\/le-calendrier-musulman-ou-calendrier-hygerien\\\/\"},\"author\":{\"name\":\"La r\u00e9daction\",\"@id\":\"https:\\\/\\\/www.info-algerie.com\\\/actualites\\\/#\\\/schema\\\/person\\\/847aaec44920825b843a08f30ec6aa1e\"},\"headline\":\"Le calendrier musulman ou calendrier hyg\u00e9rien\",\"datePublished\":\"2023-04-05T20:03:23+00:00\",\"dateModified\":\"2024-09-04T12:26:27+00:00\",\"mainEntityOfPage\":{\"@id\":\"https:\\\/\\\/www.info-algerie.com\\\/actualites\\\/le-calendrier-musulman-ou-calendrier-hygerien\\\/\"},\"wordCount\":664,\"commentCount\":0,\"publisher\":{\"@id\":\"https:\\\/\\\/www.info-algerie.com\\\/actualites\\\/#organization\"},\"image\":{\"@id\":\"https:\\\/\\\/www.info-algerie.com\\\/actualites\\\/le-calendrier-musulman-ou-calendrier-hygerien\\\/#primaryimage\"},\"thumbnailUrl\":\"https:\\\/\\\/www.info-algerie.com\\\/actualites\\\/wp-content\\\/uploads\\\/2023\\\/04\\\/calendar-660670_1280-1.jpg\",\"keywords\":[\"une\"],\"articleSection\":[\"culture sant\u00e9\"],\"inLanguage\":\"fr-FR\",\"potentialAction\":[{\"@type\":\"CommentAction\",\"name\":\"Comment\",\"target\":[\"https:\\\/\\\/www.info-algerie.com\\\/actualites\\\/le-calendrier-musulman-ou-calendrier-hygerien\\\/#respond\"]}]},{\"@type\":\"WebPage\",\"@id\":\"https:\\\/\\\/www.info-algerie.com\\\/actualites\\\/le-calendrier-musulman-ou-calendrier-hygerien\\\/\",\"url\":\"https:\\\/\\\/www.info-algerie.com\\\/actualites\\\/le-calendrier-musulman-ou-calendrier-hygerien\\\/\",\"name\":\"Le calendrier musulman ou calendrier hyg\u00e9rien\",\"isPartOf\":{\"@id\":\"https:\\\/\\\/www.info-algerie.com\\\/actualites\\\/#website\"},\"primaryImageOfPage\":{\"@id\":\"https:\\\/\\\/www.info-algerie.com\\\/actualites\\\/le-calendrier-musulman-ou-calendrier-hygerien\\\/#primaryimage\"},\"image\":{\"@id\":\"https:\\\/\\\/www.info-algerie.com\\\/actualites\\\/le-calendrier-musulman-ou-calendrier-hygerien\\\/#primaryimage\"},\"thumbnailUrl\":\"https:\\\/\\\/www.info-algerie.com\\\/actualites\\\/wp-content\\\/uploads\\\/2023\\\/04\\\/calendar-660670_1280-1.jpg\",\"datePublished\":\"2023-04-05T20:03:23+00:00\",\"dateModified\":\"2024-09-04T12:26:27+00:00\",\"description\":\"Le calendrier musulman, est un calendrier lunaire qui a \u00e9t\u00e9 introduit par le proph\u00e8te Mahomet en 622 apr\u00e8s J.-C., lorsqu'il a fui La Mecque\",\"breadcrumb\":{\"@id\":\"https:\\\/\\\/www.info-algerie.com\\\/actualites\\\/le-calendrier-musulman-ou-calendrier-hygerien\\\/#breadcrumb\"},\"inLanguage\":\"fr-FR\",\"potentialAction\":[{\"@type\":\"ReadAction\",\"target\":[\"https:\\\/\\\/www.info-algerie.com\\\/actualites\\\/le-calendrier-musulman-ou-calendrier-hygerien\\\/\"]}]},{\"@type\":\"ImageObject\",\"inLanguage\":\"fr-FR\",\"@id\":\"https:\\\/\\\/www.info-algerie.com\\\/actualites\\\/le-calendrier-musulman-ou-calendrier-hygerien\\\/#primaryimage\",\"url\":\"https:\\\/\\\/www.info-algerie.com\\\/actualites\\\/wp-content\\\/uploads\\\/2023\\\/04\\\/calendar-660670_1280-1.jpg\",\"contentUrl\":\"https:\\\/\\\/www.info-algerie.com\\\/actualites\\\/wp-content\\\/uploads\\\/2023\\\/04\\\/calendar-660670_1280-1.jpg\",\"width\":1200,\"height\":700,\"caption\":\"calendrier musulman\"},{\"@type\":\"BreadcrumbList\",\"@id\":\"https:\\\/\\\/www.info-algerie.com\\\/actualites\\\/le-calendrier-musulman-ou-calendrier-hygerien\\\/#breadcrumb\",\"itemListElement\":[{\"@type\":\"ListItem\",\"position\":1,\"name\":\"Accueil\",\"item\":\"https:\\\/\\\/www.info-algerie.com\\\/actualites\\\/\"},{\"@type\":\"ListItem\",\"position\":2,\"name\":\"Le calendrier musulman ou calendrier hyg\u00e9rien\"}]},{\"@type\":\"WebSite\",\"@id\":\"https:\\\/\\\/www.info-algerie.com\\\/actualites\\\/#website\",\"url\":\"https:\\\/\\\/www.info-algerie.com\\\/actualites\\\/\",\"name\":\"info algerie\",\"description\":\"Toutes les actualit\u00e9s\",\"publisher\":{\"@id\":\"https:\\\/\\\/www.info-algerie.com\\\/actualites\\\/#organization\"},\"potentialAction\":[{\"@type\":\"SearchAction\",\"target\":{\"@type\":\"EntryPoint\",\"urlTemplate\":\"https:\\\/\\\/www.info-algerie.com\\\/actualites\\\/?s={search_term_string}\"},\"query-input\":{\"@type\":\"PropertyValueSpecification\",\"valueRequired\":true,\"valueName\":\"search_term_string\"}}],\"inLanguage\":\"fr-FR\"},{\"@type\":\"Organization\",\"@id\":\"https:\\\/\\\/www.info-algerie.com\\\/actualites\\\/#organization\",\"name\":\"info algerie\",\"url\":\"https:\\\/\\\/www.info-algerie.com\\\/actualites\\\/\",\"logo\":{\"@type\":\"ImageObject\",\"inLanguage\":\"fr-FR\",\"@id\":\"https:\\\/\\\/www.info-algerie.com\\\/actualites\\\/#\\\/schema\\\/logo\\\/image\\\/\",\"url\":\"https:\\\/\\\/www.info-algerie.com\\\/actualites\\\/wp-content\\\/uploads\\\/2022\\\/07\\\/logo-ia-120.png\",\"contentUrl\":\"https:\\\/\\\/www.info-algerie.com\\\/actualites\\\/wp-content\\\/uploads\\\/2022\\\/07\\\/logo-ia-120.png\",\"width\":120,\"height\":43,\"caption\":\"info algerie\"},\"image\":{\"@id\":\"https:\\\/\\\/www.info-algerie.com\\\/actualites\\\/#\\\/schema\\\/logo\\\/image\\\/\"},\"sameAs\":[\"https:\\\/\\\/www.facebook.com\\\/infoalgerieactu\",\"https:\\\/\\\/x.com\\\/infoalgerie1\"]},{\"@type\":\"Person\",\"@id\":\"https:\\\/\\\/www.info-algerie.com\\\/actualites\\\/#\\\/schema\\\/person\\\/847aaec44920825b843a08f30ec6aa1e\",\"name\":\"La r\u00e9daction\",\"image\":{\"@type\":\"ImageObject\",\"inLanguage\":\"fr-FR\",\"@id\":\"https:\\\/\\\/secure.gravatar.com\\\/avatar\\\/769db425c6f465158149f1ffd6cf61ce7a8a879d11dfbef8288af36dfddd418c?s=96&d=mm&r=g\",\"url\":\"https:\\\/\\\/secure.gravatar.com\\\/avatar\\\/769db425c6f465158149f1ffd6cf61ce7a8a879d11dfbef8288af36dfddd418c?s=96&d=mm&r=g\",\"contentUrl\":\"https:\\\/\\\/secure.gravatar.com\\\/avatar\\\/769db425c6f465158149f1ffd6cf61ce7a8a879d11dfbef8288af36dfddd418c?s=96&d=mm&r=g\",\"caption\":\"La r\u00e9daction\"},\"sameAs\":[\"http:\\\/\\\/www.lkeria.com\\\/\"],\"url\":\"https:\\\/\\\/www.info-algerie.com\\\/actualites\\\/author\\\/chakib32\\\/\"}]}<\/script>\n<!-- \/ Yoast SEO plugin. -->","yoast_head_json":{"title":"Le calendrier musulman ou calendrier hyg\u00e9rien","description":"Le calendrier musulman, est un calendrier lunaire qui a \u00e9t\u00e9 introduit par le proph\u00e8te Mahomet en 622 apr\u00e8s J.-C., lorsqu'il a fui La Mecque","robots":{"index":"index","follow":"follow","max-snippet":"max-snippet:-1","max-image-preview":"max-image-preview:large","max-video-preview":"max-video-preview:-1"},"canonical":"https:\/\/www.info-algerie.com\/actualites\/le-calendrier-musulman-ou-calendrier-hygerien\/","og_locale":"fr_FR","og_type":"article","og_title":"Le calendrier musulman ou calendrier hyg\u00e9rien","og_description":"Le calendrier musulman, est un calendrier lunaire qui a \u00e9t\u00e9 introduit par le proph\u00e8te Mahomet en 622 apr\u00e8s J.-C., lorsqu'il a fui La Mecque","og_url":"https:\/\/www.info-algerie.com\/actualites\/le-calendrier-musulman-ou-calendrier-hygerien\/","og_site_name":"info algerie","article_publisher":"https:\/\/www.facebook.com\/infoalgerieactu","article_published_time":"2023-04-05T20:03:23+00:00","article_modified_time":"2024-09-04T12:26:27+00:00","og_image":[{"width":1200,"height":700,"url":"https:\/\/www.info-algerie.com\/actualites\/wp-content\/uploads\/2023\/04\/calendar-660670_1280-1.jpg","type":"image\/jpeg"}],"author":"La r\u00e9daction","twitter_misc":{"\u00c9crit par":"La r\u00e9daction","Dur\u00e9e de lecture estim\u00e9e":"4 minutes"},"schema":{"@context":"https:\/\/schema.org","@graph":[{"@type":"Article","@id":"https:\/\/www.info-algerie.com\/actualites\/le-calendrier-musulman-ou-calendrier-hygerien\/#article","isPartOf":{"@id":"https:\/\/www.info-algerie.com\/actualites\/le-calendrier-musulman-ou-calendrier-hygerien\/"},"author":{"name":"La r\u00e9daction","@id":"https:\/\/www.info-algerie.com\/actualites\/#\/schema\/person\/847aaec44920825b843a08f30ec6aa1e"},"headline":"Le calendrier musulman ou calendrier hyg\u00e9rien","datePublished":"2023-04-05T20:03:23+00:00","dateModified":"2024-09-04T12:26:27+00:00","mainEntityOfPage":{"@id":"https:\/\/www.info-algerie.com\/actualites\/le-calendrier-musulman-ou-calendrier-hygerien\/"},"wordCount":664,"commentCount":0,"publisher":{"@id":"https:\/\/www.info-algerie.com\/actualites\/#organization"},"image":{"@id":"https:\/\/www.info-algerie.com\/actualites\/le-calendrier-musulman-ou-calendrier-hygerien\/#primaryimage"},"thumbnailUrl":"https:\/\/www.info-algerie.com\/actualites\/wp-content\/uploads\/2023\/04\/calendar-660670_1280-1.jpg","keywords":["une"],"articleSection":["culture sant\u00e9"],"inLanguage":"fr-FR","potentialAction":[{"@type":"CommentAction","name":"Comment","target":["https:\/\/www.info-algerie.com\/actualites\/le-calendrier-musulman-ou-calendrier-hygerien\/#respond"]}]},{"@type":"WebPage","@id":"https:\/\/www.info-algerie.com\/actualites\/le-calendrier-musulman-ou-calendrier-hygerien\/","url":"https:\/\/www.info-algerie.com\/actualites\/le-calendrier-musulman-ou-calendrier-hygerien\/","name":"Le calendrier musulman ou calendrier hyg\u00e9rien","isPartOf":{"@id":"https:\/\/www.info-algerie.com\/actualites\/#website"},"primaryImageOfPage":{"@id":"https:\/\/www.info-algerie.com\/actualites\/le-calendrier-musulman-ou-calendrier-hygerien\/#primaryimage"},"image":{"@id":"https:\/\/www.info-algerie.com\/actualites\/le-calendrier-musulman-ou-calendrier-hygerien\/#primaryimage"},"thumbnailUrl":"https:\/\/www.info-algerie.com\/actualites\/wp-content\/uploads\/2023\/04\/calendar-660670_1280-1.jpg","datePublished":"2023-04-05T20:03:23+00:00","dateModified":"2024-09-04T12:26:27+00:00","description":"Le calendrier musulman, est un calendrier lunaire qui a \u00e9t\u00e9 introduit par le proph\u00e8te Mahomet en 622 apr\u00e8s J.-C., lorsqu'il a fui La Mecque","breadcrumb":{"@id":"https:\/\/www.info-algerie.com\/actualites\/le-calendrier-musulman-ou-calendrier-hygerien\/#breadcrumb"},"inLanguage":"fr-FR","potentialAction":[{"@type":"ReadAction","target":["https:\/\/www.info-algerie.com\/actualites\/le-calendrier-musulman-ou-calendrier-hygerien\/"]}]},{"@type":"ImageObject","inLanguage":"fr-FR","@id":"https:\/\/www.info-algerie.com\/actualites\/le-calendrier-musulman-ou-calendrier-hygerien\/#primaryimage","url":"https:\/\/www.info-algerie.com\/actualites\/wp-content\/uploads\/2023\/04\/calendar-660670_1280-1.jpg","contentUrl":"https:\/\/www.info-algerie.com\/actualites\/wp-content\/uploads\/2023\/04\/calendar-660670_1280-1.jpg","width":1200,"height":700,"caption":"calendrier musulman"},{"@type":"BreadcrumbList","@id":"https:\/\/www.info-algerie.com\/actualites\/le-calendrier-musulman-ou-calendrier-hygerien\/#breadcrumb","itemListElement":[{"@type":"ListItem","position":1,"name":"Accueil","item":"https:\/\/www.info-algerie.com\/actualites\/"},{"@type":"ListItem","position":2,"name":"Le calendrier musulman ou calendrier hyg\u00e9rien"}]},{"@type":"WebSite","@id":"https:\/\/www.info-algerie.com\/actualites\/#website","url":"https:\/\/www.info-algerie.com\/actualites\/","name":"info algerie","description":"Toutes les actualit\u00e9s","publisher":{"@id":"https:\/\/www.info-algerie.com\/actualites\/#organization"},"potentialAction":[{"@type":"SearchAction","target":{"@type":"EntryPoint","urlTemplate":"https:\/\/www.info-algerie.com\/actualites\/?s={search_term_string}"},"query-input":{"@type":"PropertyValueSpecification","valueRequired":true,"valueName":"search_term_string"}}],"inLanguage":"fr-FR"},{"@type":"Organization","@id":"https:\/\/www.info-algerie.com\/actualites\/#organization","name":"info algerie","url":"https:\/\/www.info-algerie.com\/actualites\/","logo":{"@type":"ImageObject","inLanguage":"fr-FR","@id":"https:\/\/www.info-algerie.com\/actualites\/#\/schema\/logo\/image\/","url":"https:\/\/www.info-algerie.com\/actualites\/wp-content\/uploads\/2022\/07\/logo-ia-120.png","contentUrl":"https:\/\/www.info-algerie.com\/actualites\/wp-content\/uploads\/2022\/07\/logo-ia-120.png","width":120,"height":43,"caption":"info algerie"},"image":{"@id":"https:\/\/www.info-algerie.com\/actualites\/#\/schema\/logo\/image\/"},"sameAs":["https:\/\/www.facebook.com\/infoalgerieactu","https:\/\/x.com\/infoalgerie1"]},{"@type":"Person","@id":"https:\/\/www.info-algerie.com\/actualites\/#\/schema\/person\/847aaec44920825b843a08f30ec6aa1e","name":"La r\u00e9daction","image":{"@type":"ImageObject","inLanguage":"fr-FR","@id":"https:\/\/secure.gravatar.com\/avatar\/769db425c6f465158149f1ffd6cf61ce7a8a879d11dfbef8288af36dfddd418c?s=96&d=mm&r=g","url":"https:\/\/secure.gravatar.com\/avatar\/769db425c6f465158149f1ffd6cf61ce7a8a879d11dfbef8288af36dfddd418c?s=96&d=mm&r=g","contentUrl":"https:\/\/secure.gravatar.com\/avatar\/769db425c6f465158149f1ffd6cf61ce7a8a879d11dfbef8288af36dfddd418c?s=96&d=mm&r=g","caption":"La r\u00e9daction"},"sameAs":["http:\/\/www.lkeria.com\/"],"url":"https:\/\/www.info-algerie.com\/actualites\/author\/chakib32\/"}]}},"_links":{"self":[{"href":"https:\/\/www.info-algerie.com\/actualites\/wp-json\/wp\/v2\/posts\/27717","targetHints":{"allow":["GET"]}}],"collection":[{"href":"https:\/\/www.info-algerie.com\/actualites\/wp-json\/wp\/v2\/posts"}],"about":[{"href":"https:\/\/www.info-algerie.com\/actualites\/wp-json\/wp\/v2\/types\/post"}],"author":[{"embeddable":true,"href":"https:\/\/www.info-algerie.com\/actualites\/wp-json\/wp\/v2\/users\/6"}],"replies":[{"embeddable":true,"href":"https:\/\/www.info-algerie.com\/actualites\/wp-json\/wp\/v2\/comments?post=27717"}],"version-history":[{"count":2,"href":"https:\/\/www.info-algerie.com\/actualites\/wp-json\/wp\/v2\/posts\/27717\/revisions"}],"predecessor-version":[{"id":28215,"href":"https:\/\/www.info-algerie.com\/actualites\/wp-json\/wp\/v2\/posts\/27717\/revisions\/28215"}],"wp:featuredmedia":[{"embeddable":true,"href":"https:\/\/www.info-algerie.com\/actualites\/wp-json\/wp\/v2\/media\/27719"}],"wp:attachment":[{"href":"https:\/\/www.info-algerie.com\/actualites\/wp-json\/wp\/v2\/media?parent=27717"}],"wp:term":[{"taxonomy":"category","embeddable":true,"href":"https:\/\/www.info-algerie.com\/actualites\/wp-json\/wp\/v2\/categories?post=27717"},{"taxonomy":"post_tag","embeddable":true,"href":"https:\/\/www.info-algerie.com\/actualites\/wp-json\/wp\/v2\/tags?post=27717"}],"curies":[{"name":"wp","href":"https:\/\/api.w.org\/{rel}","templated":true}]}}