{"id":278,"date":"2015-08-27T13:47:05","date_gmt":"2015-08-27T12:47:05","guid":{"rendered":"http:\/\/www.info-algerie.com\/actualites\/crise-libyenne-leon-reitere-sa-gratitude-a-lalgerie-pour-son-soutien-a-la-mediation-onusienne\/"},"modified":"2015-08-28T11:31:55","modified_gmt":"2015-08-28T10:31:55","slug":"crise-libyenne-leon-reitere-sa-gratitude-a-lalgerie-pour-son-soutien-a-la-mediation-onusienne","status":"publish","type":"post","link":"https:\/\/www.info-algerie.com\/actualites\/crise-libyenne-leon-reitere-sa-gratitude-a-lalgerie-pour-son-soutien-a-la-mediation-onusienne\/","title":{"rendered":"Crise libyenne, Leon r\u00e9it\u00e8re sa &quot;gratitude&quot; \u00e0 l&rsquo;Alg\u00e9rie pour son soutien \u00e0 la m\u00e9diation onusienne"},"content":{"rendered":"<div class=\"K2FeedImage\"><img alt=\"\" \/><\/div>\n<div class=\"K2FeedIntroText\">\n<p style=\"text-align: justify;\"><a href=\"https:\/\/www.info-algerie.com\/actualites\/wp-content\/uploads\/2015\/08\/Crise-libyenne-Leon.jpg\"><img loading=\"lazy\" decoding=\"async\" class=\" wp-image-337 alignleft\" src=\"https:\/\/www.info-algerie.com\/actualites\/wp-content\/uploads\/2015\/08\/Crise-libyenne-Leon-300x200.jpg\" alt=\"Crise libyenne, Leon\" width=\"188\" height=\"125\" srcset=\"https:\/\/www.info-algerie.com\/actualites\/wp-content\/uploads\/2015\/08\/Crise-libyenne-Leon-300x200.jpg 300w, https:\/\/www.info-algerie.com\/actualites\/wp-content\/uploads\/2015\/08\/Crise-libyenne-Leon-331x219.jpg 331w, https:\/\/www.info-algerie.com\/actualites\/wp-content\/uploads\/2015\/08\/Crise-libyenne-Leon.jpg 900w\" sizes=\"auto, (max-width: 188px) 100vw, 188px\" \/><\/a>Le repr\u00e9sentant sp\u00e9cial du secr\u00e9taire g\u00e9n\u00e9ral de l&rsquo;Organisation des Nations unies (ONU) pour la Libye Bernardino Leon a r\u00e9it\u00e9r\u00e9, devant le Conseil de s\u00e9curit\u00e9 de l&rsquo;organisation, sa gratitude \u00e0 l&rsquo;\u00e9gard de l&rsquo;Alg\u00e9rie pour son soutien \u00e0 la m\u00e9diation onusienne en vue de parvenir \u00e0 une solution politique \u00e0 la crise libyenne.<\/p>\n<p style=\"text-align: justify;\">\u00ab\u00a0Comme le processus de dialogue inter-libyen entre dans sa phase finale, je tiens \u00e0 exprimer mes sinc\u00e8res remerciements et ma profonde gratitude au peuple et aux leaders libyens, ainsi qu&rsquo;aux pays et organisations r\u00e9gionales qui ont soutenu le processus de dialogue\u00a0\u00bb, a-t-il dit en s&rsquo;adressant par vid\u00e9o-conf\u00e9rence depuis Paris aux ambassadeurs des 15 pays du Conseil de s\u00e9curit\u00e9 de l&rsquo;ONU.<\/p>\n<p style=\"text-align: justify;\">M. Leon a cit\u00e9 en premier lieu l&rsquo;Alg\u00e9rie, et l&rsquo;Egypte, l&rsquo;Allemagne, l&rsquo;Italie, le Qatar, l&rsquo;Espagne, la Suisse, la Turquie, la Tunisie, les Emirats arabes unies, l&rsquo;Union africaine, l&rsquo;Union europ\u00e9enne et la Ligue des Etats arabes.<\/p>\n<p style=\"text-align: justify;\">Le m\u00e9diateur onusien avait d\u00e9j\u00e0 salu\u00e9 d\u00e9but ao\u00fbt les efforts \u00ab\u00a0constants\u00a0\u00bb de l&rsquo;Alg\u00e9rie et son soutien \u00e0 la m\u00e9diation de l&rsquo;ONU en vue de conclure un accord de paix entre les factions libyennes en conflit.<\/p>\n<p style=\"text-align: justify;\">Dans une lettre adress\u00e9e au ministre des Affaires maghr\u00e9bines, de l&rsquo;Union africaine et des Etats de la Ligue arabe, Abdelkader Messahel, M. Leon, se r\u00e9f\u00e9rant aux consultations qui se sont tenues \u00e0 Alger avec les repr\u00e9sentants du Congr\u00e8s national g\u00e9n\u00e9ral libyen, avait \u00ab\u00a0remerci\u00e9 le gouvernement alg\u00e9rien pour les efforts constants qu&rsquo;il ne cesse d&rsquo;apporter pour soutenir la m\u00e9diation de l&rsquo;ONU en vue d&rsquo;une solution politique en Libye visant la formation d&rsquo;un gouvernement d&rsquo;union nationale\u00a0\u00bb.<\/p>\n<p style=\"text-align: justify;\">Le repr\u00e9sentant onusien avait \u00e9galement remerci\u00e9 l&rsquo;Alg\u00e9rie pour \u00ab\u00a0l&rsquo;aide humanitaire qu&rsquo;elle a octroy\u00e9e \u00e0 nouveau \u00e0 la municipalit\u00e9 de Ghat dans le sud-ouest de la Libye\u00a0\u00bb.<\/p>\n<\/div>\n<p>Source: <a href=\"http:\/\/www.aps.dz\/algerie\/27677-crise-libyenne-leon-r%C3%A9it%C3%A8re-sa-gratitude-%C3%A0-l-alg%C3%A9rie-pour-son-soutien-%C3%A0-la-m%C3%A9diation-onusienne\" target=\"_blank\">Crise libyenne: Leon r\u00e9it\u00e8re sa \u00ab\u00a0gratitude\u00a0\u00bb \u00e0 l&rsquo;Alg\u00e9rie pour son soutien \u00e0 la m\u00e9diation onusienne<\/a><\/p>\n<!--CusAds0-->\n<div style=\"font-size: 0px; height: 0px; line-height: 0px; margin: 0; padding: 0; clear: both;\"><\/div>","protected":false},"excerpt":{"rendered":"<p>Le repr\u00e9sentant sp\u00e9cial du secr\u00e9taire g\u00e9n\u00e9ral de l&rsquo;Organisation des Nations unies (ONU) pour la Libye Bernardino Leon a r\u00e9it\u00e9r\u00e9, devant le Conseil de s\u00e9curit\u00e9 de l&rsquo;organisation, sa gratitude \u00e0 l&rsquo;\u00e9gard de l&rsquo;Alg\u00e9rie pour son soutien \u00e0 la m\u00e9diation onusienne en vue de parvenir \u00e0 une solution politique \u00e0 la crise libyenne. \u00ab\u00a0Comme le processus de<\/p>\n","protected":false},"author":6,"featured_media":337,"comment_status":"open","ping_status":"open","sticky":false,"template":"","format":"standard","meta":{"footnotes":""},"categories":[11],"tags":[52,51],"class_list":["post-278","post","type-post","status-publish","format-standard","has-post-thumbnail","hentry","category-monde","tag-bernardino-leon","tag-libye"],"yoast_head":"<!-- This site is optimized with the Yoast SEO plugin v27.5 - https:\/\/yoast.com\/product\/yoast-seo-wordpress\/ -->\n<title>Crise libyenne, Leon r\u00e9it\u00e8re sa gratitude \u00e0 l&#039;Alg\u00e9rie<\/title>\n<meta name=\"description\" content=\"Crise libyenne, Leon r\u00e9it\u00e8re sa &quot;gratitude&quot; \u00e0 l&#039;Alg\u00e9rie pour son soutien \u00e0 la m\u00e9diation onusienne\" \/>\n<meta name=\"robots\" content=\"index, follow, max-snippet:-1, max-image-preview:large, max-video-preview:-1\" \/>\n<link rel=\"canonical\" href=\"https:\/\/www.info-algerie.com\/actualites\/crise-libyenne-leon-reitere-sa-gratitude-a-lalgerie-pour-son-soutien-a-la-mediation-onusienne\/\" \/>\n<meta property=\"og:locale\" content=\"fr_FR\" \/>\n<meta property=\"og:type\" content=\"article\" \/>\n<meta property=\"og:title\" content=\"Crise libyenne, Leon r\u00e9it\u00e8re sa gratitude \u00e0 l&#039;Alg\u00e9rie\" \/>\n<meta property=\"og:description\" content=\"Crise libyenne, Leon r\u00e9it\u00e8re sa &quot;gratitude&quot; \u00e0 l&#039;Alg\u00e9rie pour son soutien \u00e0 la m\u00e9diation onusienne\" \/>\n<meta property=\"og:url\" content=\"https:\/\/www.info-algerie.com\/actualites\/crise-libyenne-leon-reitere-sa-gratitude-a-lalgerie-pour-son-soutien-a-la-mediation-onusienne\/\" \/>\n<meta property=\"og:site_name\" content=\"info algerie\" \/>\n<meta property=\"article:publisher\" content=\"https:\/\/www.facebook.com\/infoalgerieactu\" \/>\n<meta property=\"article:published_time\" content=\"2015-08-27T12:47:05+00:00\" \/>\n<meta property=\"article:modified_time\" content=\"2015-08-28T10:31:55+00:00\" \/>\n<meta property=\"og:image\" content=\"https:\/\/www.info-algerie.com\/actualites\/wp-content\/uploads\/2015\/08\/Crise-libyenne-Leon.jpg\" \/>\n\t<meta property=\"og:image:width\" content=\"900\" \/>\n\t<meta property=\"og:image:height\" content=\"600\" \/>\n\t<meta property=\"og:image:type\" content=\"image\/jpeg\" \/>\n<meta name=\"author\" content=\"La r\u00e9daction\" \/>\n<meta name=\"twitter:label1\" content=\"\u00c9crit par\" \/>\n\t<meta name=\"twitter:data1\" content=\"La r\u00e9daction\" \/>\n\t<meta name=\"twitter:label2\" content=\"Dur\u00e9e de lecture estim\u00e9e\" \/>\n\t<meta name=\"twitter:data2\" content=\"2 minutes\" \/>\n<script type=\"application\/ld+json\" class=\"yoast-schema-graph\">{\"@context\":\"https:\\\/\\\/schema.org\",\"@graph\":[{\"@type\":\"Article\",\"@id\":\"https:\\\/\\\/www.info-algerie.com\\\/actualites\\\/crise-libyenne-leon-reitere-sa-gratitude-a-lalgerie-pour-son-soutien-a-la-mediation-onusienne\\\/#article\",\"isPartOf\":{\"@id\":\"https:\\\/\\\/www.info-algerie.com\\\/actualites\\\/crise-libyenne-leon-reitere-sa-gratitude-a-lalgerie-pour-son-soutien-a-la-mediation-onusienne\\\/\"},\"author\":{\"name\":\"La r\u00e9daction\",\"@id\":\"https:\\\/\\\/www.info-algerie.com\\\/actualites\\\/#\\\/schema\\\/person\\\/847aaec44920825b843a08f30ec6aa1e\"},\"headline\":\"Crise libyenne, Leon r\u00e9it\u00e8re sa &quot;gratitude&quot; \u00e0 l&rsquo;Alg\u00e9rie pour son soutien \u00e0 la m\u00e9diation onusienne\",\"datePublished\":\"2015-08-27T12:47:05+00:00\",\"dateModified\":\"2015-08-28T10:31:55+00:00\",\"mainEntityOfPage\":{\"@id\":\"https:\\\/\\\/www.info-algerie.com\\\/actualites\\\/crise-libyenne-leon-reitere-sa-gratitude-a-lalgerie-pour-son-soutien-a-la-mediation-onusienne\\\/\"},\"wordCount\":372,\"commentCount\":0,\"publisher\":{\"@id\":\"https:\\\/\\\/www.info-algerie.com\\\/actualites\\\/#organization\"},\"image\":{\"@id\":\"https:\\\/\\\/www.info-algerie.com\\\/actualites\\\/crise-libyenne-leon-reitere-sa-gratitude-a-lalgerie-pour-son-soutien-a-la-mediation-onusienne\\\/#primaryimage\"},\"thumbnailUrl\":\"https:\\\/\\\/www.info-algerie.com\\\/actualites\\\/wp-content\\\/uploads\\\/2015\\\/08\\\/Crise-libyenne-Leon.jpg\",\"keywords\":[\"Bernardino Leon\",\"libye\"],\"articleSection\":[\"Monde\"],\"inLanguage\":\"fr-FR\",\"potentialAction\":[{\"@type\":\"CommentAction\",\"name\":\"Comment\",\"target\":[\"https:\\\/\\\/www.info-algerie.com\\\/actualites\\\/crise-libyenne-leon-reitere-sa-gratitude-a-lalgerie-pour-son-soutien-a-la-mediation-onusienne\\\/#respond\"]}]},{\"@type\":\"WebPage\",\"@id\":\"https:\\\/\\\/www.info-algerie.com\\\/actualites\\\/crise-libyenne-leon-reitere-sa-gratitude-a-lalgerie-pour-son-soutien-a-la-mediation-onusienne\\\/\",\"url\":\"https:\\\/\\\/www.info-algerie.com\\\/actualites\\\/crise-libyenne-leon-reitere-sa-gratitude-a-lalgerie-pour-son-soutien-a-la-mediation-onusienne\\\/\",\"name\":\"Crise libyenne, Leon r\u00e9it\u00e8re sa gratitude \u00e0 l'Alg\u00e9rie\",\"isPartOf\":{\"@id\":\"https:\\\/\\\/www.info-algerie.com\\\/actualites\\\/#website\"},\"primaryImageOfPage\":{\"@id\":\"https:\\\/\\\/www.info-algerie.com\\\/actualites\\\/crise-libyenne-leon-reitere-sa-gratitude-a-lalgerie-pour-son-soutien-a-la-mediation-onusienne\\\/#primaryimage\"},\"image\":{\"@id\":\"https:\\\/\\\/www.info-algerie.com\\\/actualites\\\/crise-libyenne-leon-reitere-sa-gratitude-a-lalgerie-pour-son-soutien-a-la-mediation-onusienne\\\/#primaryimage\"},\"thumbnailUrl\":\"https:\\\/\\\/www.info-algerie.com\\\/actualites\\\/wp-content\\\/uploads\\\/2015\\\/08\\\/Crise-libyenne-Leon.jpg\",\"datePublished\":\"2015-08-27T12:47:05+00:00\",\"dateModified\":\"2015-08-28T10:31:55+00:00\",\"description\":\"Crise libyenne, Leon r\u00e9it\u00e8re sa &quot;gratitude&quot; \u00e0 l'Alg\u00e9rie pour son soutien \u00e0 la m\u00e9diation onusienne\",\"breadcrumb\":{\"@id\":\"https:\\\/\\\/www.info-algerie.com\\\/actualites\\\/crise-libyenne-leon-reitere-sa-gratitude-a-lalgerie-pour-son-soutien-a-la-mediation-onusienne\\\/#breadcrumb\"},\"inLanguage\":\"fr-FR\",\"potentialAction\":[{\"@type\":\"ReadAction\",\"target\":[\"https:\\\/\\\/www.info-algerie.com\\\/actualites\\\/crise-libyenne-leon-reitere-sa-gratitude-a-lalgerie-pour-son-soutien-a-la-mediation-onusienne\\\/\"]}]},{\"@type\":\"ImageObject\",\"inLanguage\":\"fr-FR\",\"@id\":\"https:\\\/\\\/www.info-algerie.com\\\/actualites\\\/crise-libyenne-leon-reitere-sa-gratitude-a-lalgerie-pour-son-soutien-a-la-mediation-onusienne\\\/#primaryimage\",\"url\":\"https:\\\/\\\/www.info-algerie.com\\\/actualites\\\/wp-content\\\/uploads\\\/2015\\\/08\\\/Crise-libyenne-Leon.jpg\",\"contentUrl\":\"https:\\\/\\\/www.info-algerie.com\\\/actualites\\\/wp-content\\\/uploads\\\/2015\\\/08\\\/Crise-libyenne-Leon.jpg\",\"width\":900,\"height\":600,\"caption\":\"Crise libyenne, Leon\"},{\"@type\":\"BreadcrumbList\",\"@id\":\"https:\\\/\\\/www.info-algerie.com\\\/actualites\\\/crise-libyenne-leon-reitere-sa-gratitude-a-lalgerie-pour-son-soutien-a-la-mediation-onusienne\\\/#breadcrumb\",\"itemListElement\":[{\"@type\":\"ListItem\",\"position\":1,\"name\":\"Accueil\",\"item\":\"https:\\\/\\\/www.info-algerie.com\\\/actualites\\\/\"},{\"@type\":\"ListItem\",\"position\":2,\"name\":\"Crise libyenne, Leon r\u00e9it\u00e8re sa &quot;gratitude&quot; \u00e0 l&rsquo;Alg\u00e9rie pour son soutien \u00e0 la m\u00e9diation onusienne\"}]},{\"@type\":\"WebSite\",\"@id\":\"https:\\\/\\\/www.info-algerie.com\\\/actualites\\\/#website\",\"url\":\"https:\\\/\\\/www.info-algerie.com\\\/actualites\\\/\",\"name\":\"info algerie\",\"description\":\"Toutes les actualit\u00e9s\",\"publisher\":{\"@id\":\"https:\\\/\\\/www.info-algerie.com\\\/actualites\\\/#organization\"},\"potentialAction\":[{\"@type\":\"SearchAction\",\"target\":{\"@type\":\"EntryPoint\",\"urlTemplate\":\"https:\\\/\\\/www.info-algerie.com\\\/actualites\\\/?s={search_term_string}\"},\"query-input\":{\"@type\":\"PropertyValueSpecification\",\"valueRequired\":true,\"valueName\":\"search_term_string\"}}],\"inLanguage\":\"fr-FR\"},{\"@type\":\"Organization\",\"@id\":\"https:\\\/\\\/www.info-algerie.com\\\/actualites\\\/#organization\",\"name\":\"info algerie\",\"url\":\"https:\\\/\\\/www.info-algerie.com\\\/actualites\\\/\",\"logo\":{\"@type\":\"ImageObject\",\"inLanguage\":\"fr-FR\",\"@id\":\"https:\\\/\\\/www.info-algerie.com\\\/actualites\\\/#\\\/schema\\\/logo\\\/image\\\/\",\"url\":\"https:\\\/\\\/www.info-algerie.com\\\/actualites\\\/wp-content\\\/uploads\\\/2022\\\/07\\\/logo-ia-120.png\",\"contentUrl\":\"https:\\\/\\\/www.info-algerie.com\\\/actualites\\\/wp-content\\\/uploads\\\/2022\\\/07\\\/logo-ia-120.png\",\"width\":120,\"height\":43,\"caption\":\"info algerie\"},\"image\":{\"@id\":\"https:\\\/\\\/www.info-algerie.com\\\/actualites\\\/#\\\/schema\\\/logo\\\/image\\\/\"},\"sameAs\":[\"https:\\\/\\\/www.facebook.com\\\/infoalgerieactu\",\"https:\\\/\\\/x.com\\\/infoalgerie1\"]},{\"@type\":\"Person\",\"@id\":\"https:\\\/\\\/www.info-algerie.com\\\/actualites\\\/#\\\/schema\\\/person\\\/847aaec44920825b843a08f30ec6aa1e\",\"name\":\"La r\u00e9daction\",\"image\":{\"@type\":\"ImageObject\",\"inLanguage\":\"fr-FR\",\"@id\":\"https:\\\/\\\/secure.gravatar.com\\\/avatar\\\/769db425c6f465158149f1ffd6cf61ce7a8a879d11dfbef8288af36dfddd418c?s=96&d=mm&r=g\",\"url\":\"https:\\\/\\\/secure.gravatar.com\\\/avatar\\\/769db425c6f465158149f1ffd6cf61ce7a8a879d11dfbef8288af36dfddd418c?s=96&d=mm&r=g\",\"contentUrl\":\"https:\\\/\\\/secure.gravatar.com\\\/avatar\\\/769db425c6f465158149f1ffd6cf61ce7a8a879d11dfbef8288af36dfddd418c?s=96&d=mm&r=g\",\"caption\":\"La r\u00e9daction\"},\"sameAs\":[\"http:\\\/\\\/www.lkeria.com\\\/\"],\"url\":\"https:\\\/\\\/www.info-algerie.com\\\/actualites\\\/author\\\/chakib32\\\/\"}]}<\/script>\n<!-- \/ Yoast SEO plugin. -->","yoast_head_json":{"title":"Crise libyenne, Leon r\u00e9it\u00e8re sa gratitude \u00e0 l'Alg\u00e9rie","description":"Crise libyenne, Leon r\u00e9it\u00e8re sa &quot;gratitude&quot; \u00e0 l'Alg\u00e9rie pour son soutien \u00e0 la m\u00e9diation onusienne","robots":{"index":"index","follow":"follow","max-snippet":"max-snippet:-1","max-image-preview":"max-image-preview:large","max-video-preview":"max-video-preview:-1"},"canonical":"https:\/\/www.info-algerie.com\/actualites\/crise-libyenne-leon-reitere-sa-gratitude-a-lalgerie-pour-son-soutien-a-la-mediation-onusienne\/","og_locale":"fr_FR","og_type":"article","og_title":"Crise libyenne, Leon r\u00e9it\u00e8re sa gratitude \u00e0 l'Alg\u00e9rie","og_description":"Crise libyenne, Leon r\u00e9it\u00e8re sa &quot;gratitude&quot; \u00e0 l'Alg\u00e9rie pour son soutien \u00e0 la m\u00e9diation onusienne","og_url":"https:\/\/www.info-algerie.com\/actualites\/crise-libyenne-leon-reitere-sa-gratitude-a-lalgerie-pour-son-soutien-a-la-mediation-onusienne\/","og_site_name":"info algerie","article_publisher":"https:\/\/www.facebook.com\/infoalgerieactu","article_published_time":"2015-08-27T12:47:05+00:00","article_modified_time":"2015-08-28T10:31:55+00:00","og_image":[{"width":900,"height":600,"url":"https:\/\/www.info-algerie.com\/actualites\/wp-content\/uploads\/2015\/08\/Crise-libyenne-Leon.jpg","type":"image\/jpeg"}],"author":"La r\u00e9daction","twitter_misc":{"\u00c9crit par":"La r\u00e9daction","Dur\u00e9e de lecture estim\u00e9e":"2 minutes"},"schema":{"@context":"https:\/\/schema.org","@graph":[{"@type":"Article","@id":"https:\/\/www.info-algerie.com\/actualites\/crise-libyenne-leon-reitere-sa-gratitude-a-lalgerie-pour-son-soutien-a-la-mediation-onusienne\/#article","isPartOf":{"@id":"https:\/\/www.info-algerie.com\/actualites\/crise-libyenne-leon-reitere-sa-gratitude-a-lalgerie-pour-son-soutien-a-la-mediation-onusienne\/"},"author":{"name":"La r\u00e9daction","@id":"https:\/\/www.info-algerie.com\/actualites\/#\/schema\/person\/847aaec44920825b843a08f30ec6aa1e"},"headline":"Crise libyenne, Leon r\u00e9it\u00e8re sa &quot;gratitude&quot; \u00e0 l&rsquo;Alg\u00e9rie pour son soutien \u00e0 la m\u00e9diation onusienne","datePublished":"2015-08-27T12:47:05+00:00","dateModified":"2015-08-28T10:31:55+00:00","mainEntityOfPage":{"@id":"https:\/\/www.info-algerie.com\/actualites\/crise-libyenne-leon-reitere-sa-gratitude-a-lalgerie-pour-son-soutien-a-la-mediation-onusienne\/"},"wordCount":372,"commentCount":0,"publisher":{"@id":"https:\/\/www.info-algerie.com\/actualites\/#organization"},"image":{"@id":"https:\/\/www.info-algerie.com\/actualites\/crise-libyenne-leon-reitere-sa-gratitude-a-lalgerie-pour-son-soutien-a-la-mediation-onusienne\/#primaryimage"},"thumbnailUrl":"https:\/\/www.info-algerie.com\/actualites\/wp-content\/uploads\/2015\/08\/Crise-libyenne-Leon.jpg","keywords":["Bernardino Leon","libye"],"articleSection":["Monde"],"inLanguage":"fr-FR","potentialAction":[{"@type":"CommentAction","name":"Comment","target":["https:\/\/www.info-algerie.com\/actualites\/crise-libyenne-leon-reitere-sa-gratitude-a-lalgerie-pour-son-soutien-a-la-mediation-onusienne\/#respond"]}]},{"@type":"WebPage","@id":"https:\/\/www.info-algerie.com\/actualites\/crise-libyenne-leon-reitere-sa-gratitude-a-lalgerie-pour-son-soutien-a-la-mediation-onusienne\/","url":"https:\/\/www.info-algerie.com\/actualites\/crise-libyenne-leon-reitere-sa-gratitude-a-lalgerie-pour-son-soutien-a-la-mediation-onusienne\/","name":"Crise libyenne, Leon r\u00e9it\u00e8re sa gratitude \u00e0 l'Alg\u00e9rie","isPartOf":{"@id":"https:\/\/www.info-algerie.com\/actualites\/#website"},"primaryImageOfPage":{"@id":"https:\/\/www.info-algerie.com\/actualites\/crise-libyenne-leon-reitere-sa-gratitude-a-lalgerie-pour-son-soutien-a-la-mediation-onusienne\/#primaryimage"},"image":{"@id":"https:\/\/www.info-algerie.com\/actualites\/crise-libyenne-leon-reitere-sa-gratitude-a-lalgerie-pour-son-soutien-a-la-mediation-onusienne\/#primaryimage"},"thumbnailUrl":"https:\/\/www.info-algerie.com\/actualites\/wp-content\/uploads\/2015\/08\/Crise-libyenne-Leon.jpg","datePublished":"2015-08-27T12:47:05+00:00","dateModified":"2015-08-28T10:31:55+00:00","description":"Crise libyenne, Leon r\u00e9it\u00e8re sa &quot;gratitude&quot; \u00e0 l'Alg\u00e9rie pour son soutien \u00e0 la m\u00e9diation onusienne","breadcrumb":{"@id":"https:\/\/www.info-algerie.com\/actualites\/crise-libyenne-leon-reitere-sa-gratitude-a-lalgerie-pour-son-soutien-a-la-mediation-onusienne\/#breadcrumb"},"inLanguage":"fr-FR","potentialAction":[{"@type":"ReadAction","target":["https:\/\/www.info-algerie.com\/actualites\/crise-libyenne-leon-reitere-sa-gratitude-a-lalgerie-pour-son-soutien-a-la-mediation-onusienne\/"]}]},{"@type":"ImageObject","inLanguage":"fr-FR","@id":"https:\/\/www.info-algerie.com\/actualites\/crise-libyenne-leon-reitere-sa-gratitude-a-lalgerie-pour-son-soutien-a-la-mediation-onusienne\/#primaryimage","url":"https:\/\/www.info-algerie.com\/actualites\/wp-content\/uploads\/2015\/08\/Crise-libyenne-Leon.jpg","contentUrl":"https:\/\/www.info-algerie.com\/actualites\/wp-content\/uploads\/2015\/08\/Crise-libyenne-Leon.jpg","width":900,"height":600,"caption":"Crise libyenne, Leon"},{"@type":"BreadcrumbList","@id":"https:\/\/www.info-algerie.com\/actualites\/crise-libyenne-leon-reitere-sa-gratitude-a-lalgerie-pour-son-soutien-a-la-mediation-onusienne\/#breadcrumb","itemListElement":[{"@type":"ListItem","position":1,"name":"Accueil","item":"https:\/\/www.info-algerie.com\/actualites\/"},{"@type":"ListItem","position":2,"name":"Crise libyenne, Leon r\u00e9it\u00e8re sa &quot;gratitude&quot; \u00e0 l&rsquo;Alg\u00e9rie pour son soutien \u00e0 la m\u00e9diation onusienne"}]},{"@type":"WebSite","@id":"https:\/\/www.info-algerie.com\/actualites\/#website","url":"https:\/\/www.info-algerie.com\/actualites\/","name":"info algerie","description":"Toutes les actualit\u00e9s","publisher":{"@id":"https:\/\/www.info-algerie.com\/actualites\/#organization"},"potentialAction":[{"@type":"SearchAction","target":{"@type":"EntryPoint","urlTemplate":"https:\/\/www.info-algerie.com\/actualites\/?s={search_term_string}"},"query-input":{"@type":"PropertyValueSpecification","valueRequired":true,"valueName":"search_term_string"}}],"inLanguage":"fr-FR"},{"@type":"Organization","@id":"https:\/\/www.info-algerie.com\/actualites\/#organization","name":"info algerie","url":"https:\/\/www.info-algerie.com\/actualites\/","logo":{"@type":"ImageObject","inLanguage":"fr-FR","@id":"https:\/\/www.info-algerie.com\/actualites\/#\/schema\/logo\/image\/","url":"https:\/\/www.info-algerie.com\/actualites\/wp-content\/uploads\/2022\/07\/logo-ia-120.png","contentUrl":"https:\/\/www.info-algerie.com\/actualites\/wp-content\/uploads\/2022\/07\/logo-ia-120.png","width":120,"height":43,"caption":"info algerie"},"image":{"@id":"https:\/\/www.info-algerie.com\/actualites\/#\/schema\/logo\/image\/"},"sameAs":["https:\/\/www.facebook.com\/infoalgerieactu","https:\/\/x.com\/infoalgerie1"]},{"@type":"Person","@id":"https:\/\/www.info-algerie.com\/actualites\/#\/schema\/person\/847aaec44920825b843a08f30ec6aa1e","name":"La r\u00e9daction","image":{"@type":"ImageObject","inLanguage":"fr-FR","@id":"https:\/\/secure.gravatar.com\/avatar\/769db425c6f465158149f1ffd6cf61ce7a8a879d11dfbef8288af36dfddd418c?s=96&d=mm&r=g","url":"https:\/\/secure.gravatar.com\/avatar\/769db425c6f465158149f1ffd6cf61ce7a8a879d11dfbef8288af36dfddd418c?s=96&d=mm&r=g","contentUrl":"https:\/\/secure.gravatar.com\/avatar\/769db425c6f465158149f1ffd6cf61ce7a8a879d11dfbef8288af36dfddd418c?s=96&d=mm&r=g","caption":"La r\u00e9daction"},"sameAs":["http:\/\/www.lkeria.com\/"],"url":"https:\/\/www.info-algerie.com\/actualites\/author\/chakib32\/"}]}},"_links":{"self":[{"href":"https:\/\/www.info-algerie.com\/actualites\/wp-json\/wp\/v2\/posts\/278","targetHints":{"allow":["GET"]}}],"collection":[{"href":"https:\/\/www.info-algerie.com\/actualites\/wp-json\/wp\/v2\/posts"}],"about":[{"href":"https:\/\/www.info-algerie.com\/actualites\/wp-json\/wp\/v2\/types\/post"}],"author":[{"embeddable":true,"href":"https:\/\/www.info-algerie.com\/actualites\/wp-json\/wp\/v2\/users\/6"}],"replies":[{"embeddable":true,"href":"https:\/\/www.info-algerie.com\/actualites\/wp-json\/wp\/v2\/comments?post=278"}],"version-history":[{"count":2,"href":"https:\/\/www.info-algerie.com\/actualites\/wp-json\/wp\/v2\/posts\/278\/revisions"}],"predecessor-version":[{"id":338,"href":"https:\/\/www.info-algerie.com\/actualites\/wp-json\/wp\/v2\/posts\/278\/revisions\/338"}],"wp:featuredmedia":[{"embeddable":true,"href":"https:\/\/www.info-algerie.com\/actualites\/wp-json\/wp\/v2\/media\/337"}],"wp:attachment":[{"href":"https:\/\/www.info-algerie.com\/actualites\/wp-json\/wp\/v2\/media?parent=278"}],"wp:term":[{"taxonomy":"category","embeddable":true,"href":"https:\/\/www.info-algerie.com\/actualites\/wp-json\/wp\/v2\/categories?post=278"},{"taxonomy":"post_tag","embeddable":true,"href":"https:\/\/www.info-algerie.com\/actualites\/wp-json\/wp\/v2\/tags?post=278"}],"curies":[{"name":"wp","href":"https:\/\/api.w.org\/{rel}","templated":true}]}}