{"id":27828,"date":"2023-06-16T11:21:16","date_gmt":"2023-06-16T10:21:16","guid":{"rendered":"https:\/\/www.info-algerie.com\/actualites\/?p=27828"},"modified":"2023-06-16T11:21:33","modified_gmt":"2023-06-16T10:21:33","slug":"cyberdefense-engagement-de-l-algerie-a-relever-les-defis-de-la-cybersecurite","status":"publish","type":"post","link":"https:\/\/www.info-algerie.com\/actualites\/cyberdefense-engagement-de-l-algerie-a-relever-les-defis-de-la-cybersecurite\/","title":{"rendered":"Cyberd\u00e9fense : le pr\u00e9sident alg\u00e9rien souligne l\u2019engagement de son pays \u00e0 relever les d\u00e9fis de la cybers\u00e9curit\u00e9\u00a0"},"content":{"rendered":"\n<p>En donnant le coup d\u2019envoi du s\u00e9minaire national sur la s\u00e9curit\u00e9 cybern\u00e9tique (cybers\u00e9curit\u00e9\u00a0),\u00a0<strong>le pr\u00e9sident alg\u00e9rien Abdelmadjid Tebboune souligne clairement l\u2019engagement de son pays face aux menaces num\u00e9riques<\/strong>. Lors de ce s\u00e9minaire aux c\u00f4t\u00e9s du chef d\u2019\u00e9tat-major de l\u2019ANP, Said Chanegriha, le pr\u00e9sident Tebboune a insist\u00e9 sur l\u2019\u00a0\u00ab\u00a0exigence d\u2019<strong>une strat\u00e9gie nationale int\u00e9gr\u00e9e dans le domaine du num\u00e9rique<\/strong>\u00a0\u00bb. Objectif\u00a0: faire face aux imp\u00e9ratifs de s\u00e9curit\u00e9 nationale.<\/p>\n\n\n\n<h2 class=\"wp-block-heading\">Pr\u00e9sentation de la strat\u00e9gie nationale de cybers\u00e9curit\u00e9&nbsp;<\/h2>\n\n\n\n<p>\u00ab&nbsp;<strong>La Strat\u00e9gie Nationale de la Cybers\u00e9curit\u00e9, pour une Cyber-Alg\u00e9rie R\u00e9siliente<\/strong>&nbsp;\u00bb, c\u2019est le th\u00e8me choisi pour le s\u00e9minaire national sur la cybers\u00e9curit\u00e9 par le minist\u00e8re de la D\u00e9fense alg\u00e9rien. Mercredi dernier, le pr\u00e9sident du pays a pr\u00e9sid\u00e9 la c\u00e9r\u00e9monie d\u2019ouverture de l\u2019\u00e9v\u00e9nement, o\u00f9 il a tenu&nbsp;<strong>un discours soulignant l\u2019importance des diff\u00e9rents volets de la s\u00e9curit\u00e9 nationale, notamment politique, militaire, \u00e9conomique et soci\u00e9tale<\/strong>.&nbsp;<\/p>\n\n\n\n<p>Abdelmadjid Tebboune a \u00e9galement profit\u00e9 de l\u2019occasion pour&nbsp;<strong>insister sur l\u2019urgence de mettre en place une strat\u00e9gie nationale int\u00e9gr\u00e9e<\/strong>&nbsp;dans le secteur du num\u00e9rique, l\u2019objectif \u00e9tant de faire face \u00e0 l\u2019\u00e9volution constante et rapide des technologies. Dans le d\u00e9tail, le pr\u00e9sident alg\u00e9rien a expliqu\u00e9 que \u00ab&nbsp;<em>la strat\u00e9gie nationale int\u00e9gr\u00e9e dans le domaine num\u00e9rique allie proactivit\u00e9 et pr\u00e9vention des menaces et des vuln\u00e9rabilit\u00e9s dans le cyberespace. Elle vise \u00e0 prot\u00e9ger les syst\u00e8mes et les donn\u00e9es, ainsi qu\u2019\u00e0 promouvoir une culture num\u00e9rique au niveau national. Cette strat\u00e9gie repose sur une surveillance constante et une vigilance strat\u00e9gique de la part de toutes les institutions concern\u00e9es<\/em>&nbsp;\u00bb.&nbsp;<\/p>\n\n\n\n<h2 class=\"wp-block-heading\">La cyber-r\u00e9silience au c\u0153ur de la strat\u00e9gie de d\u00e9fense de l&rsquo;Alg\u00e9rie<\/h2>\n\n\n\n<p>Orchestr\u00e9 par le Minist\u00e8re de la D\u00e9fense Nationale alg\u00e9rien, ce forum hautement strat\u00e9gique a \u00e9t\u00e9 organis\u00e9 sur les terres historiques de Beni Messous, \u00e0 Alger, au Club National de l\u2019Arm\u00e9e. C\u2019est dans les contreforts du pouvoir alg\u00e9rien que Said Chanegriha, chef d&rsquo;\u00e9tat-major de l&rsquo;Arm\u00e9e nationale populaire (ANP), a accueilli avec les honneurs le pr\u00e9sident de la R\u00e9publique, Abdelmadjid Tebboune. Le salut militaire, aussi solennel qu&#8217;embl\u00e9matique, a offert une repr\u00e9sentation palpable de l&rsquo;engagement constant de l&rsquo;arm\u00e9e dans la d\u00e9fense des int\u00e9r\u00eats nationaux, notamment dans le domaine de la cybers\u00e9curit\u00e9.&nbsp;<\/p>\n\n\n\n<p>A ce propos, le g\u00e9n\u00e9ral Chanegriha n&rsquo;a pas manqu\u00e9 d&rsquo;insister sur\u00a0<strong>le nouveau champ de bataille du 21e si\u00e8cle<\/strong>\u00a0:\u00a0<strong>la cybers\u00e9curit\u00e9<\/strong>. En effet c&rsquo;est un domaine dont l&rsquo;importance, pour la protection des infrastructures sensibles et vitales du pays, est plus que jamais reconnue. Le ton \u00e9tait donc donn\u00e9, la cybers\u00e9curit\u00e9 est devenue un pilier central de la strat\u00e9gie de d\u00e9fense nationale.<\/p>\n\n\n\n<p>Nous vous le disions, la Strat\u00e9gie nationale de cybers\u00e9curit\u00e9, pr\u00e9sent\u00e9e comme une r\u00e9ponse structur\u00e9e et ambitieuse \u00e0 ce d\u00e9fi, vise \u00e0 faire de l&rsquo;Alg\u00e9rie une nation v\u00e9ritablement cyber-r\u00e9siliente comme ailleurs en Europe o\u00f9 les\u00a0<a href=\"https:\/\/www.algosecure.fr\/\">cabinets sp\u00e9cialis\u00e9s en s\u00e9curit\u00e9 informatique<\/a>\u00a0ne cessent de cro\u00eetre. Une vision claire et pragmatique, incarn\u00e9e par la d\u00e9termination du pr\u00e9sident Tebboune \u00e0 prot\u00e9ger les syst\u00e8mes d&rsquo;information nationaux, qu&rsquo;ils soient publics ou priv\u00e9s.<\/p>\n\n\n\n<p>Sur un tout autre registre, le chef d&rsquo;\u00c9tat-major de l&rsquo;ANP a salu\u00e9&nbsp;<strong>une victoire diplomatique majeure pour l&rsquo;Alg\u00e9rie : son \u00e9lection au Conseil de s\u00e9curit\u00e9 de l&rsquo;ONU<\/strong>. Un succ\u00e8s qui consolide le r\u00f4le de l&rsquo;Alg\u00e9rie sur la sc\u00e8ne internationale, mais aussi une preuve suppl\u00e9mentaire de la n\u00e9cessit\u00e9 pour le pays de se doter d&rsquo;une d\u00e9fense cybern\u00e9tique \u00e0 la hauteur de ses ambitions.<br><br>Pour d&rsquo;autres&nbsp;<a href=\"http:\/\/cybersecurity-guide.com\/\">news sur la cybers\u00e9curit\u00e9 : consultez le blog Cybersecurity-guide.com<\/a><\/p>\n<!--CusAds0-->\n<div style=\"font-size: 0px; height: 0px; line-height: 0px; margin: 0; padding: 0; clear: both;\"><\/div>","protected":false},"excerpt":{"rendered":"<p>En donnant le coup d\u2019envoi du s\u00e9minaire national sur la s\u00e9curit\u00e9 cybern\u00e9tique (cybers\u00e9curit\u00e9\u00a0),\u00a0le pr\u00e9sident alg\u00e9rien Abdelmadjid Tebboune souligne clairement l\u2019engagement de son pays face aux menaces num\u00e9riques. Lors de ce s\u00e9minaire aux c\u00f4t\u00e9s du chef d\u2019\u00e9tat-major de l\u2019ANP, Said Chanegriha, le pr\u00e9sident Tebboune a insist\u00e9 sur l\u2019\u00a0\u00ab\u00a0exigence d\u2019une strat\u00e9gie nationale int\u00e9gr\u00e9e dans le domaine du<\/p>\n","protected":false},"author":6,"featured_media":27829,"comment_status":"open","ping_status":"open","sticky":false,"template":"","format":"standard","meta":{"footnotes":""},"categories":[10],"tags":[208],"class_list":["post-27828","post","type-post","status-publish","format-standard","has-post-thumbnail","hentry","category-web","tag-une"],"yoast_head":"<!-- This site is optimized with the Yoast SEO plugin v27.5 - https:\/\/yoast.com\/product\/yoast-seo-wordpress\/ -->\n<title>Cyberd\u00e9fense : le pr\u00e9sident alg\u00e9rien souligne l\u2019engagement de son pays \u00e0 relever les d\u00e9fis de la cybers\u00e9curit\u00e9\u00a0<\/title>\n<meta name=\"description\" content=\"le pr\u00e9sident alg\u00e9rien Abdelmadjid Tebboune souligne clairement l\u2019engagement de son pays face aux menaces num\u00e9riques et \u00e0 la cybers\u00e9curit\u00e9\u00a0\" \/>\n<meta name=\"robots\" content=\"index, follow, max-snippet:-1, max-image-preview:large, max-video-preview:-1\" \/>\n<link rel=\"canonical\" href=\"https:\/\/www.info-algerie.com\/actualites\/cyberdefense-engagement-de-l-algerie-a-relever-les-defis-de-la-cybersecurite\/\" \/>\n<meta property=\"og:locale\" content=\"fr_FR\" \/>\n<meta property=\"og:type\" content=\"article\" \/>\n<meta property=\"og:title\" content=\"Cyberd\u00e9fense : le pr\u00e9sident alg\u00e9rien souligne l\u2019engagement de son pays \u00e0 relever les d\u00e9fis de la cybers\u00e9curit\u00e9\u00a0\" \/>\n<meta property=\"og:description\" content=\"le pr\u00e9sident alg\u00e9rien Abdelmadjid Tebboune souligne clairement l\u2019engagement de son pays face aux menaces num\u00e9riques et \u00e0 la cybers\u00e9curit\u00e9\u00a0\" \/>\n<meta property=\"og:url\" content=\"https:\/\/www.info-algerie.com\/actualites\/cyberdefense-engagement-de-l-algerie-a-relever-les-defis-de-la-cybersecurite\/\" \/>\n<meta property=\"og:site_name\" content=\"info algerie\" \/>\n<meta property=\"article:publisher\" content=\"https:\/\/www.facebook.com\/infoalgerieactu\" \/>\n<meta property=\"article:published_time\" content=\"2023-06-16T10:21:16+00:00\" \/>\n<meta property=\"article:modified_time\" content=\"2023-06-16T10:21:33+00:00\" \/>\n<meta property=\"og:image\" content=\"https:\/\/www.info-algerie.com\/actualites\/wp-content\/uploads\/2023\/06\/Cyberdefense.jpg\" \/>\n\t<meta property=\"og:image:width\" content=\"1200\" \/>\n\t<meta property=\"og:image:height\" content=\"857\" \/>\n\t<meta property=\"og:image:type\" content=\"image\/jpeg\" \/>\n<meta name=\"author\" content=\"La r\u00e9daction\" \/>\n<meta name=\"twitter:label1\" content=\"\u00c9crit par\" \/>\n\t<meta name=\"twitter:data1\" content=\"La r\u00e9daction\" \/>\n\t<meta name=\"twitter:label2\" content=\"Dur\u00e9e de lecture estim\u00e9e\" \/>\n\t<meta name=\"twitter:data2\" content=\"3 minutes\" \/>\n<script type=\"application\/ld+json\" class=\"yoast-schema-graph\">{\"@context\":\"https:\\\/\\\/schema.org\",\"@graph\":[{\"@type\":\"Article\",\"@id\":\"https:\\\/\\\/www.info-algerie.com\\\/actualites\\\/cyberdefense-engagement-de-l-algerie-a-relever-les-defis-de-la-cybersecurite\\\/#article\",\"isPartOf\":{\"@id\":\"https:\\\/\\\/www.info-algerie.com\\\/actualites\\\/cyberdefense-engagement-de-l-algerie-a-relever-les-defis-de-la-cybersecurite\\\/\"},\"author\":{\"name\":\"La r\u00e9daction\",\"@id\":\"https:\\\/\\\/www.info-algerie.com\\\/actualites\\\/#\\\/schema\\\/person\\\/847aaec44920825b843a08f30ec6aa1e\"},\"headline\":\"Cyberd\u00e9fense : le pr\u00e9sident alg\u00e9rien souligne l\u2019engagement de son pays \u00e0 relever les d\u00e9fis de la cybers\u00e9curit\u00e9\u00a0\",\"datePublished\":\"2023-06-16T10:21:16+00:00\",\"dateModified\":\"2023-06-16T10:21:33+00:00\",\"mainEntityOfPage\":{\"@id\":\"https:\\\/\\\/www.info-algerie.com\\\/actualites\\\/cyberdefense-engagement-de-l-algerie-a-relever-les-defis-de-la-cybersecurite\\\/\"},\"wordCount\":715,\"commentCount\":0,\"publisher\":{\"@id\":\"https:\\\/\\\/www.info-algerie.com\\\/actualites\\\/#organization\"},\"image\":{\"@id\":\"https:\\\/\\\/www.info-algerie.com\\\/actualites\\\/cyberdefense-engagement-de-l-algerie-a-relever-les-defis-de-la-cybersecurite\\\/#primaryimage\"},\"thumbnailUrl\":\"https:\\\/\\\/www.info-algerie.com\\\/actualites\\\/wp-content\\\/uploads\\\/2023\\\/06\\\/Cyberdefense.jpg\",\"keywords\":[\"une\"],\"articleSection\":[\"web\"],\"inLanguage\":\"fr-FR\",\"potentialAction\":[{\"@type\":\"CommentAction\",\"name\":\"Comment\",\"target\":[\"https:\\\/\\\/www.info-algerie.com\\\/actualites\\\/cyberdefense-engagement-de-l-algerie-a-relever-les-defis-de-la-cybersecurite\\\/#respond\"]}]},{\"@type\":\"WebPage\",\"@id\":\"https:\\\/\\\/www.info-algerie.com\\\/actualites\\\/cyberdefense-engagement-de-l-algerie-a-relever-les-defis-de-la-cybersecurite\\\/\",\"url\":\"https:\\\/\\\/www.info-algerie.com\\\/actualites\\\/cyberdefense-engagement-de-l-algerie-a-relever-les-defis-de-la-cybersecurite\\\/\",\"name\":\"Cyberd\u00e9fense : le pr\u00e9sident alg\u00e9rien souligne l\u2019engagement de son pays \u00e0 relever les d\u00e9fis de la cybers\u00e9curit\u00e9\u00a0\",\"isPartOf\":{\"@id\":\"https:\\\/\\\/www.info-algerie.com\\\/actualites\\\/#website\"},\"primaryImageOfPage\":{\"@id\":\"https:\\\/\\\/www.info-algerie.com\\\/actualites\\\/cyberdefense-engagement-de-l-algerie-a-relever-les-defis-de-la-cybersecurite\\\/#primaryimage\"},\"image\":{\"@id\":\"https:\\\/\\\/www.info-algerie.com\\\/actualites\\\/cyberdefense-engagement-de-l-algerie-a-relever-les-defis-de-la-cybersecurite\\\/#primaryimage\"},\"thumbnailUrl\":\"https:\\\/\\\/www.info-algerie.com\\\/actualites\\\/wp-content\\\/uploads\\\/2023\\\/06\\\/Cyberdefense.jpg\",\"datePublished\":\"2023-06-16T10:21:16+00:00\",\"dateModified\":\"2023-06-16T10:21:33+00:00\",\"description\":\"le pr\u00e9sident alg\u00e9rien Abdelmadjid Tebboune souligne clairement l\u2019engagement de son pays face aux menaces num\u00e9riques et \u00e0 la cybers\u00e9curit\u00e9\u00a0\",\"breadcrumb\":{\"@id\":\"https:\\\/\\\/www.info-algerie.com\\\/actualites\\\/cyberdefense-engagement-de-l-algerie-a-relever-les-defis-de-la-cybersecurite\\\/#breadcrumb\"},\"inLanguage\":\"fr-FR\",\"potentialAction\":[{\"@type\":\"ReadAction\",\"target\":[\"https:\\\/\\\/www.info-algerie.com\\\/actualites\\\/cyberdefense-engagement-de-l-algerie-a-relever-les-defis-de-la-cybersecurite\\\/\"]}]},{\"@type\":\"ImageObject\",\"inLanguage\":\"fr-FR\",\"@id\":\"https:\\\/\\\/www.info-algerie.com\\\/actualites\\\/cyberdefense-engagement-de-l-algerie-a-relever-les-defis-de-la-cybersecurite\\\/#primaryimage\",\"url\":\"https:\\\/\\\/www.info-algerie.com\\\/actualites\\\/wp-content\\\/uploads\\\/2023\\\/06\\\/Cyberdefense.jpg\",\"contentUrl\":\"https:\\\/\\\/www.info-algerie.com\\\/actualites\\\/wp-content\\\/uploads\\\/2023\\\/06\\\/Cyberdefense.jpg\",\"width\":1200,\"height\":857,\"caption\":\"cybers\u00e9curit\u00e9 et cyberd\u00e9fense\"},{\"@type\":\"BreadcrumbList\",\"@id\":\"https:\\\/\\\/www.info-algerie.com\\\/actualites\\\/cyberdefense-engagement-de-l-algerie-a-relever-les-defis-de-la-cybersecurite\\\/#breadcrumb\",\"itemListElement\":[{\"@type\":\"ListItem\",\"position\":1,\"name\":\"Accueil\",\"item\":\"https:\\\/\\\/www.info-algerie.com\\\/actualites\\\/\"},{\"@type\":\"ListItem\",\"position\":2,\"name\":\"Cyberd\u00e9fense : le pr\u00e9sident alg\u00e9rien souligne l\u2019engagement de son pays \u00e0 relever les d\u00e9fis de la cybers\u00e9curit\u00e9\u00a0\"}]},{\"@type\":\"WebSite\",\"@id\":\"https:\\\/\\\/www.info-algerie.com\\\/actualites\\\/#website\",\"url\":\"https:\\\/\\\/www.info-algerie.com\\\/actualites\\\/\",\"name\":\"info algerie\",\"description\":\"Toutes les actualit\u00e9s\",\"publisher\":{\"@id\":\"https:\\\/\\\/www.info-algerie.com\\\/actualites\\\/#organization\"},\"potentialAction\":[{\"@type\":\"SearchAction\",\"target\":{\"@type\":\"EntryPoint\",\"urlTemplate\":\"https:\\\/\\\/www.info-algerie.com\\\/actualites\\\/?s={search_term_string}\"},\"query-input\":{\"@type\":\"PropertyValueSpecification\",\"valueRequired\":true,\"valueName\":\"search_term_string\"}}],\"inLanguage\":\"fr-FR\"},{\"@type\":\"Organization\",\"@id\":\"https:\\\/\\\/www.info-algerie.com\\\/actualites\\\/#organization\",\"name\":\"info algerie\",\"url\":\"https:\\\/\\\/www.info-algerie.com\\\/actualites\\\/\",\"logo\":{\"@type\":\"ImageObject\",\"inLanguage\":\"fr-FR\",\"@id\":\"https:\\\/\\\/www.info-algerie.com\\\/actualites\\\/#\\\/schema\\\/logo\\\/image\\\/\",\"url\":\"https:\\\/\\\/www.info-algerie.com\\\/actualites\\\/wp-content\\\/uploads\\\/2022\\\/07\\\/logo-ia-120.png\",\"contentUrl\":\"https:\\\/\\\/www.info-algerie.com\\\/actualites\\\/wp-content\\\/uploads\\\/2022\\\/07\\\/logo-ia-120.png\",\"width\":120,\"height\":43,\"caption\":\"info algerie\"},\"image\":{\"@id\":\"https:\\\/\\\/www.info-algerie.com\\\/actualites\\\/#\\\/schema\\\/logo\\\/image\\\/\"},\"sameAs\":[\"https:\\\/\\\/www.facebook.com\\\/infoalgerieactu\",\"https:\\\/\\\/x.com\\\/infoalgerie1\"]},{\"@type\":\"Person\",\"@id\":\"https:\\\/\\\/www.info-algerie.com\\\/actualites\\\/#\\\/schema\\\/person\\\/847aaec44920825b843a08f30ec6aa1e\",\"name\":\"La r\u00e9daction\",\"image\":{\"@type\":\"ImageObject\",\"inLanguage\":\"fr-FR\",\"@id\":\"https:\\\/\\\/secure.gravatar.com\\\/avatar\\\/769db425c6f465158149f1ffd6cf61ce7a8a879d11dfbef8288af36dfddd418c?s=96&d=mm&r=g\",\"url\":\"https:\\\/\\\/secure.gravatar.com\\\/avatar\\\/769db425c6f465158149f1ffd6cf61ce7a8a879d11dfbef8288af36dfddd418c?s=96&d=mm&r=g\",\"contentUrl\":\"https:\\\/\\\/secure.gravatar.com\\\/avatar\\\/769db425c6f465158149f1ffd6cf61ce7a8a879d11dfbef8288af36dfddd418c?s=96&d=mm&r=g\",\"caption\":\"La r\u00e9daction\"},\"sameAs\":[\"http:\\\/\\\/www.lkeria.com\\\/\"],\"url\":\"https:\\\/\\\/www.info-algerie.com\\\/actualites\\\/author\\\/chakib32\\\/\"}]}<\/script>\n<!-- \/ Yoast SEO plugin. -->","yoast_head_json":{"title":"Cyberd\u00e9fense : le pr\u00e9sident alg\u00e9rien souligne l\u2019engagement de son pays \u00e0 relever les d\u00e9fis de la cybers\u00e9curit\u00e9\u00a0","description":"le pr\u00e9sident alg\u00e9rien Abdelmadjid Tebboune souligne clairement l\u2019engagement de son pays face aux menaces num\u00e9riques et \u00e0 la cybers\u00e9curit\u00e9\u00a0","robots":{"index":"index","follow":"follow","max-snippet":"max-snippet:-1","max-image-preview":"max-image-preview:large","max-video-preview":"max-video-preview:-1"},"canonical":"https:\/\/www.info-algerie.com\/actualites\/cyberdefense-engagement-de-l-algerie-a-relever-les-defis-de-la-cybersecurite\/","og_locale":"fr_FR","og_type":"article","og_title":"Cyberd\u00e9fense : le pr\u00e9sident alg\u00e9rien souligne l\u2019engagement de son pays \u00e0 relever les d\u00e9fis de la cybers\u00e9curit\u00e9\u00a0","og_description":"le pr\u00e9sident alg\u00e9rien Abdelmadjid Tebboune souligne clairement l\u2019engagement de son pays face aux menaces num\u00e9riques et \u00e0 la cybers\u00e9curit\u00e9\u00a0","og_url":"https:\/\/www.info-algerie.com\/actualites\/cyberdefense-engagement-de-l-algerie-a-relever-les-defis-de-la-cybersecurite\/","og_site_name":"info algerie","article_publisher":"https:\/\/www.facebook.com\/infoalgerieactu","article_published_time":"2023-06-16T10:21:16+00:00","article_modified_time":"2023-06-16T10:21:33+00:00","og_image":[{"width":1200,"height":857,"url":"https:\/\/www.info-algerie.com\/actualites\/wp-content\/uploads\/2023\/06\/Cyberdefense.jpg","type":"image\/jpeg"}],"author":"La r\u00e9daction","twitter_misc":{"\u00c9crit par":"La r\u00e9daction","Dur\u00e9e de lecture estim\u00e9e":"3 minutes"},"schema":{"@context":"https:\/\/schema.org","@graph":[{"@type":"Article","@id":"https:\/\/www.info-algerie.com\/actualites\/cyberdefense-engagement-de-l-algerie-a-relever-les-defis-de-la-cybersecurite\/#article","isPartOf":{"@id":"https:\/\/www.info-algerie.com\/actualites\/cyberdefense-engagement-de-l-algerie-a-relever-les-defis-de-la-cybersecurite\/"},"author":{"name":"La r\u00e9daction","@id":"https:\/\/www.info-algerie.com\/actualites\/#\/schema\/person\/847aaec44920825b843a08f30ec6aa1e"},"headline":"Cyberd\u00e9fense : le pr\u00e9sident alg\u00e9rien souligne l\u2019engagement de son pays \u00e0 relever les d\u00e9fis de la cybers\u00e9curit\u00e9\u00a0","datePublished":"2023-06-16T10:21:16+00:00","dateModified":"2023-06-16T10:21:33+00:00","mainEntityOfPage":{"@id":"https:\/\/www.info-algerie.com\/actualites\/cyberdefense-engagement-de-l-algerie-a-relever-les-defis-de-la-cybersecurite\/"},"wordCount":715,"commentCount":0,"publisher":{"@id":"https:\/\/www.info-algerie.com\/actualites\/#organization"},"image":{"@id":"https:\/\/www.info-algerie.com\/actualites\/cyberdefense-engagement-de-l-algerie-a-relever-les-defis-de-la-cybersecurite\/#primaryimage"},"thumbnailUrl":"https:\/\/www.info-algerie.com\/actualites\/wp-content\/uploads\/2023\/06\/Cyberdefense.jpg","keywords":["une"],"articleSection":["web"],"inLanguage":"fr-FR","potentialAction":[{"@type":"CommentAction","name":"Comment","target":["https:\/\/www.info-algerie.com\/actualites\/cyberdefense-engagement-de-l-algerie-a-relever-les-defis-de-la-cybersecurite\/#respond"]}]},{"@type":"WebPage","@id":"https:\/\/www.info-algerie.com\/actualites\/cyberdefense-engagement-de-l-algerie-a-relever-les-defis-de-la-cybersecurite\/","url":"https:\/\/www.info-algerie.com\/actualites\/cyberdefense-engagement-de-l-algerie-a-relever-les-defis-de-la-cybersecurite\/","name":"Cyberd\u00e9fense : le pr\u00e9sident alg\u00e9rien souligne l\u2019engagement de son pays \u00e0 relever les d\u00e9fis de la cybers\u00e9curit\u00e9\u00a0","isPartOf":{"@id":"https:\/\/www.info-algerie.com\/actualites\/#website"},"primaryImageOfPage":{"@id":"https:\/\/www.info-algerie.com\/actualites\/cyberdefense-engagement-de-l-algerie-a-relever-les-defis-de-la-cybersecurite\/#primaryimage"},"image":{"@id":"https:\/\/www.info-algerie.com\/actualites\/cyberdefense-engagement-de-l-algerie-a-relever-les-defis-de-la-cybersecurite\/#primaryimage"},"thumbnailUrl":"https:\/\/www.info-algerie.com\/actualites\/wp-content\/uploads\/2023\/06\/Cyberdefense.jpg","datePublished":"2023-06-16T10:21:16+00:00","dateModified":"2023-06-16T10:21:33+00:00","description":"le pr\u00e9sident alg\u00e9rien Abdelmadjid Tebboune souligne clairement l\u2019engagement de son pays face aux menaces num\u00e9riques et \u00e0 la cybers\u00e9curit\u00e9\u00a0","breadcrumb":{"@id":"https:\/\/www.info-algerie.com\/actualites\/cyberdefense-engagement-de-l-algerie-a-relever-les-defis-de-la-cybersecurite\/#breadcrumb"},"inLanguage":"fr-FR","potentialAction":[{"@type":"ReadAction","target":["https:\/\/www.info-algerie.com\/actualites\/cyberdefense-engagement-de-l-algerie-a-relever-les-defis-de-la-cybersecurite\/"]}]},{"@type":"ImageObject","inLanguage":"fr-FR","@id":"https:\/\/www.info-algerie.com\/actualites\/cyberdefense-engagement-de-l-algerie-a-relever-les-defis-de-la-cybersecurite\/#primaryimage","url":"https:\/\/www.info-algerie.com\/actualites\/wp-content\/uploads\/2023\/06\/Cyberdefense.jpg","contentUrl":"https:\/\/www.info-algerie.com\/actualites\/wp-content\/uploads\/2023\/06\/Cyberdefense.jpg","width":1200,"height":857,"caption":"cybers\u00e9curit\u00e9 et cyberd\u00e9fense"},{"@type":"BreadcrumbList","@id":"https:\/\/www.info-algerie.com\/actualites\/cyberdefense-engagement-de-l-algerie-a-relever-les-defis-de-la-cybersecurite\/#breadcrumb","itemListElement":[{"@type":"ListItem","position":1,"name":"Accueil","item":"https:\/\/www.info-algerie.com\/actualites\/"},{"@type":"ListItem","position":2,"name":"Cyberd\u00e9fense : le pr\u00e9sident alg\u00e9rien souligne l\u2019engagement de son pays \u00e0 relever les d\u00e9fis de la cybers\u00e9curit\u00e9\u00a0"}]},{"@type":"WebSite","@id":"https:\/\/www.info-algerie.com\/actualites\/#website","url":"https:\/\/www.info-algerie.com\/actualites\/","name":"info algerie","description":"Toutes les actualit\u00e9s","publisher":{"@id":"https:\/\/www.info-algerie.com\/actualites\/#organization"},"potentialAction":[{"@type":"SearchAction","target":{"@type":"EntryPoint","urlTemplate":"https:\/\/www.info-algerie.com\/actualites\/?s={search_term_string}"},"query-input":{"@type":"PropertyValueSpecification","valueRequired":true,"valueName":"search_term_string"}}],"inLanguage":"fr-FR"},{"@type":"Organization","@id":"https:\/\/www.info-algerie.com\/actualites\/#organization","name":"info algerie","url":"https:\/\/www.info-algerie.com\/actualites\/","logo":{"@type":"ImageObject","inLanguage":"fr-FR","@id":"https:\/\/www.info-algerie.com\/actualites\/#\/schema\/logo\/image\/","url":"https:\/\/www.info-algerie.com\/actualites\/wp-content\/uploads\/2022\/07\/logo-ia-120.png","contentUrl":"https:\/\/www.info-algerie.com\/actualites\/wp-content\/uploads\/2022\/07\/logo-ia-120.png","width":120,"height":43,"caption":"info algerie"},"image":{"@id":"https:\/\/www.info-algerie.com\/actualites\/#\/schema\/logo\/image\/"},"sameAs":["https:\/\/www.facebook.com\/infoalgerieactu","https:\/\/x.com\/infoalgerie1"]},{"@type":"Person","@id":"https:\/\/www.info-algerie.com\/actualites\/#\/schema\/person\/847aaec44920825b843a08f30ec6aa1e","name":"La r\u00e9daction","image":{"@type":"ImageObject","inLanguage":"fr-FR","@id":"https:\/\/secure.gravatar.com\/avatar\/769db425c6f465158149f1ffd6cf61ce7a8a879d11dfbef8288af36dfddd418c?s=96&d=mm&r=g","url":"https:\/\/secure.gravatar.com\/avatar\/769db425c6f465158149f1ffd6cf61ce7a8a879d11dfbef8288af36dfddd418c?s=96&d=mm&r=g","contentUrl":"https:\/\/secure.gravatar.com\/avatar\/769db425c6f465158149f1ffd6cf61ce7a8a879d11dfbef8288af36dfddd418c?s=96&d=mm&r=g","caption":"La r\u00e9daction"},"sameAs":["http:\/\/www.lkeria.com\/"],"url":"https:\/\/www.info-algerie.com\/actualites\/author\/chakib32\/"}]}},"_links":{"self":[{"href":"https:\/\/www.info-algerie.com\/actualites\/wp-json\/wp\/v2\/posts\/27828","targetHints":{"allow":["GET"]}}],"collection":[{"href":"https:\/\/www.info-algerie.com\/actualites\/wp-json\/wp\/v2\/posts"}],"about":[{"href":"https:\/\/www.info-algerie.com\/actualites\/wp-json\/wp\/v2\/types\/post"}],"author":[{"embeddable":true,"href":"https:\/\/www.info-algerie.com\/actualites\/wp-json\/wp\/v2\/users\/6"}],"replies":[{"embeddable":true,"href":"https:\/\/www.info-algerie.com\/actualites\/wp-json\/wp\/v2\/comments?post=27828"}],"version-history":[{"count":1,"href":"https:\/\/www.info-algerie.com\/actualites\/wp-json\/wp\/v2\/posts\/27828\/revisions"}],"predecessor-version":[{"id":27830,"href":"https:\/\/www.info-algerie.com\/actualites\/wp-json\/wp\/v2\/posts\/27828\/revisions\/27830"}],"wp:featuredmedia":[{"embeddable":true,"href":"https:\/\/www.info-algerie.com\/actualites\/wp-json\/wp\/v2\/media\/27829"}],"wp:attachment":[{"href":"https:\/\/www.info-algerie.com\/actualites\/wp-json\/wp\/v2\/media?parent=27828"}],"wp:term":[{"taxonomy":"category","embeddable":true,"href":"https:\/\/www.info-algerie.com\/actualites\/wp-json\/wp\/v2\/categories?post=27828"},{"taxonomy":"post_tag","embeddable":true,"href":"https:\/\/www.info-algerie.com\/actualites\/wp-json\/wp\/v2\/tags?post=27828"}],"curies":[{"name":"wp","href":"https:\/\/api.w.org\/{rel}","templated":true}]}}