{"id":27844,"date":"2023-06-23T10:26:35","date_gmt":"2023-06-23T09:26:35","guid":{"rendered":"https:\/\/www.info-algerie.com\/actualites\/?p=27844"},"modified":"2023-06-23T10:26:36","modified_gmt":"2023-06-23T09:26:36","slug":"qu-emporter-dans-sa-valise-pour-un-deplacement-professionnel","status":"publish","type":"post","link":"https:\/\/www.info-algerie.com\/actualites\/qu-emporter-dans-sa-valise-pour-un-deplacement-professionnel\/","title":{"rendered":"Qu&#8217;emporter dans sa valise pour un d\u00e9placement professionnel ?"},"content":{"rendered":"\n<figure class=\"wp-block-image size-large\"><a href=\"https:\/\/www.info-algerie.com\/actualites\/wp-content\/uploads\/2023\/06\/deplacement-professionnel.jpg\"><img loading=\"lazy\" decoding=\"async\" width=\"1024\" height=\"576\" src=\"https:\/\/www.info-algerie.com\/actualites\/wp-content\/uploads\/2023\/06\/deplacement-professionnel-1024x576.jpg\" alt=\"d\u00e9placement professionnel\" class=\"wp-image-27845\" srcset=\"https:\/\/www.info-algerie.com\/actualites\/wp-content\/uploads\/2023\/06\/deplacement-professionnel-1024x576.jpg 1024w, https:\/\/www.info-algerie.com\/actualites\/wp-content\/uploads\/2023\/06\/deplacement-professionnel-300x169.jpg 300w, https:\/\/www.info-algerie.com\/actualites\/wp-content\/uploads\/2023\/06\/deplacement-professionnel.jpg 1200w\" sizes=\"auto, (max-width: 1024px) 100vw, 1024px\" \/><\/a><\/figure>\n\n\n\n<p>Lorsqu&rsquo;on se pr\u00e9pare pour un d\u00e9placement professionnel, il est essentiel de bien organiser sa valise afin de s&rsquo;assurer d&rsquo;avoir tout ce dont on a besoin pour mener \u00e0 bien sa mission. Que vous partiez pour une journ\u00e9e ou pour plusieurs semaines, voici quelques conseils sur ce qu&rsquo;il faut emporter dans votre valise pour un d\u00e9placement professionnel.<\/p>\n\n\n\n<h2 class=\"wp-block-heading\">Des v\u00eatements adapt\u00e9s&nbsp;<\/h2>\n\n\n\n<p>La premi\u00e8re chose \u00e0 consid\u00e9rer est le type de v\u00eatements dont vous aurez besoin. Assurez-vous de prendre des v\u00eatements professionnels appropri\u00e9s pour les r\u00e9unions, les pr\u00e9sentations et les \u00e9v\u00e9nements auxquels vous assisterez. Pr\u00e9voyez \u00e9galement des tenues confortables pour vos temps libres. N&rsquo;oubliez pas d&#8217;emporter des sous-v\u00eatements et des chaussettes en quantit\u00e9 suffisante.<\/p>\n\n\n\n<h2 class=\"wp-block-heading\">Les articles de toilette&nbsp;<\/h2>\n\n\n\n<p>Dans votre trousse de toilette, incluez tous les articles essentiels tels que du dentifrice, une brosse \u00e0 dents, du shampooing, du savon, et d&rsquo;autres produits d&rsquo;hygi\u00e8ne personnelle. Cependant, si vous voyagez en avion, v\u00e9rifiez les restrictions sur les liquides pour vous assurer de respecter les r\u00e8gles en vigueur.<\/p>\n\n\n\n<h2 class=\"wp-block-heading\">Les \u00e9quipements \u00e9lectroniques&nbsp;<\/h2>\n\n\n\n<p>Les appareils \u00e9lectroniques tels que votre ordinateur portable, votre t\u00e9l\u00e9phone portable, votre tablette et les chargeurs correspondants sont indispensables lors d&rsquo;un d\u00e9placement professionnel. Assurez-vous donc d&rsquo;avoir tous les c\u00e2bles et les adaptateurs n\u00e9cessaires pour pouvoir travailler sans probl\u00e8me.<\/p>\n\n\n\n<h2 class=\"wp-block-heading\">Les documents et les fournitures de bureau&nbsp;<\/h2>\n\n\n\n<p>N&rsquo;oubliez pas d&#8217;emporter tous les documents dont vous aurez besoin pour votre mission, tels que les contrats, les pr\u00e9sentations, les rapports, etc. Vous pouvez \u00e9galement apporter quelques fournitures de bureau de base, comme des stylos, des blocs-notes et des trombones, au cas o\u00f9 vous en auriez besoin pendant votre s\u00e9jour.<\/p>\n\n\n\n<h2 class=\"wp-block-heading\">Les moyens de paiement&nbsp;<\/h2>\n\n\n\n<p>Assurez-vous \u00e9galement d&rsquo;avoir avec vous les moyens de paiement n\u00e9cessaires, que ce soit une carte de cr\u00e9dit, une carte de d\u00e9bit ou de l&rsquo;argent liquide. Il est important d&rsquo;avoir une r\u00e9serve financi\u00e8re en cas d&rsquo;impr\u00e9vu.<\/p>\n\n\n\n<h2 class=\"wp-block-heading\">Les collations et les articles de voyage&nbsp;<\/h2>\n\n\n\n<p>Si vous pr\u00e9voyez de passer de longues heures en d\u00e9placement, il est judicieux d&#8217;emporter quelques collations et des bouteilles d&rsquo;eau pour \u00e9viter d&rsquo;avoir faim ou soif pendant le voyage. Vous pouvez \u00e9galement emporter un livre, des \u00e9couteurs ou tout autre objet qui vous aidera \u00e0 vous d\u00e9tendre pendant le trajet.<\/p>\n\n\n\n<p>En r\u00e9sum\u00e9, lorsque vous pr\u00e9parez votre valise pour un d\u00e9placement professionnel, pensez \u00e0 vos besoins sp\u00e9cifiques en termes de v\u00eatements, de produits d&rsquo;hygi\u00e8ne personnelle, d&rsquo;\u00e9quipements \u00e9lectroniques, de documents, de moyens de paiement et de collations. L&rsquo;organisation est la cl\u00e9 pour vous assurer d&rsquo;avoir tout ce dont vous avez besoin pour travailler efficacement et confortablement pendant votre s\u00e9jour. Retrouvez d&rsquo;autres articles sur le site&nbsp;<a href=\"https:\/\/www.cadreseniorconsulting.fr\/\">Cadre Senior Consulting<\/a>.\u200b<\/p>\n<!--CusAds0-->\n<div style=\"font-size: 0px; height: 0px; line-height: 0px; margin: 0; padding: 0; clear: both;\"><\/div>","protected":false},"excerpt":{"rendered":"<p>Lorsqu&rsquo;on se pr\u00e9pare pour un d\u00e9placement professionnel, il est essentiel de bien organiser sa valise afin de s&rsquo;assurer d&rsquo;avoir tout ce dont on a besoin pour mener \u00e0 bien sa mission. Que vous partiez pour une journ\u00e9e ou pour plusieurs semaines, voici quelques conseils sur ce qu&rsquo;il faut emporter dans votre valise pour un d\u00e9placement<\/p>\n","protected":false},"author":6,"featured_media":27845,"comment_status":"open","ping_status":"open","sticky":false,"template":"","format":"standard","meta":{"footnotes":""},"categories":[9],"tags":[208],"class_list":["post-27844","post","type-post","status-publish","format-standard","has-post-thumbnail","hentry","category-culture-sante","tag-une"],"yoast_head":"<!-- This site is optimized with the Yoast SEO plugin v27.5 - https:\/\/yoast.com\/product\/yoast-seo-wordpress\/ -->\n<title>Qu&#039;emporter dans sa valise pour un d\u00e9placement professionnel ?<\/title>\n<meta name=\"description\" content=\"Voici quelques conseils sur ce qu&#039;il faut emporter dans votre valise pour un d\u00e9placement professionnel que ce soit pour un jour ou des\" \/>\n<meta name=\"robots\" content=\"index, follow, max-snippet:-1, max-image-preview:large, max-video-preview:-1\" \/>\n<link rel=\"canonical\" href=\"https:\/\/www.info-algerie.com\/actualites\/qu-emporter-dans-sa-valise-pour-un-deplacement-professionnel\/\" \/>\n<meta property=\"og:locale\" content=\"fr_FR\" \/>\n<meta property=\"og:type\" content=\"article\" \/>\n<meta property=\"og:title\" content=\"Qu&#039;emporter dans sa valise pour un d\u00e9placement professionnel ?\" \/>\n<meta property=\"og:description\" content=\"Voici quelques conseils sur ce qu&#039;il faut emporter dans votre valise pour un d\u00e9placement professionnel que ce soit pour un jour ou des\" \/>\n<meta property=\"og:url\" content=\"https:\/\/www.info-algerie.com\/actualites\/qu-emporter-dans-sa-valise-pour-un-deplacement-professionnel\/\" \/>\n<meta property=\"og:site_name\" content=\"info algerie\" \/>\n<meta property=\"article:publisher\" content=\"https:\/\/www.facebook.com\/infoalgerieactu\" \/>\n<meta property=\"article:published_time\" content=\"2023-06-23T09:26:35+00:00\" \/>\n<meta property=\"article:modified_time\" content=\"2023-06-23T09:26:36+00:00\" \/>\n<meta property=\"og:image\" content=\"https:\/\/www.info-algerie.com\/actualites\/wp-content\/uploads\/2023\/06\/deplacement-professionnel.jpg\" \/>\n\t<meta property=\"og:image:width\" content=\"1200\" \/>\n\t<meta property=\"og:image:height\" content=\"675\" \/>\n\t<meta property=\"og:image:type\" content=\"image\/jpeg\" \/>\n<meta name=\"author\" content=\"La r\u00e9daction\" \/>\n<meta name=\"twitter:label1\" content=\"\u00c9crit par\" \/>\n\t<meta name=\"twitter:data1\" content=\"La r\u00e9daction\" \/>\n\t<meta name=\"twitter:label2\" content=\"Dur\u00e9e de lecture estim\u00e9e\" \/>\n\t<meta name=\"twitter:data2\" content=\"3 minutes\" \/>\n<script type=\"application\/ld+json\" class=\"yoast-schema-graph\">{\"@context\":\"https:\\\/\\\/schema.org\",\"@graph\":[{\"@type\":\"Article\",\"@id\":\"https:\\\/\\\/www.info-algerie.com\\\/actualites\\\/qu-emporter-dans-sa-valise-pour-un-deplacement-professionnel\\\/#article\",\"isPartOf\":{\"@id\":\"https:\\\/\\\/www.info-algerie.com\\\/actualites\\\/qu-emporter-dans-sa-valise-pour-un-deplacement-professionnel\\\/\"},\"author\":{\"name\":\"La r\u00e9daction\",\"@id\":\"https:\\\/\\\/www.info-algerie.com\\\/actualites\\\/#\\\/schema\\\/person\\\/847aaec44920825b843a08f30ec6aa1e\"},\"headline\":\"Qu&#8217;emporter dans sa valise pour un d\u00e9placement professionnel ?\",\"datePublished\":\"2023-06-23T09:26:35+00:00\",\"dateModified\":\"2023-06-23T09:26:36+00:00\",\"mainEntityOfPage\":{\"@id\":\"https:\\\/\\\/www.info-algerie.com\\\/actualites\\\/qu-emporter-dans-sa-valise-pour-un-deplacement-professionnel\\\/\"},\"wordCount\":502,\"commentCount\":0,\"publisher\":{\"@id\":\"https:\\\/\\\/www.info-algerie.com\\\/actualites\\\/#organization\"},\"image\":{\"@id\":\"https:\\\/\\\/www.info-algerie.com\\\/actualites\\\/qu-emporter-dans-sa-valise-pour-un-deplacement-professionnel\\\/#primaryimage\"},\"thumbnailUrl\":\"https:\\\/\\\/www.info-algerie.com\\\/actualites\\\/wp-content\\\/uploads\\\/2023\\\/06\\\/deplacement-professionnel.jpg\",\"keywords\":[\"une\"],\"articleSection\":[\"culture sant\u00e9\"],\"inLanguage\":\"fr-FR\",\"potentialAction\":[{\"@type\":\"CommentAction\",\"name\":\"Comment\",\"target\":[\"https:\\\/\\\/www.info-algerie.com\\\/actualites\\\/qu-emporter-dans-sa-valise-pour-un-deplacement-professionnel\\\/#respond\"]}]},{\"@type\":\"WebPage\",\"@id\":\"https:\\\/\\\/www.info-algerie.com\\\/actualites\\\/qu-emporter-dans-sa-valise-pour-un-deplacement-professionnel\\\/\",\"url\":\"https:\\\/\\\/www.info-algerie.com\\\/actualites\\\/qu-emporter-dans-sa-valise-pour-un-deplacement-professionnel\\\/\",\"name\":\"Qu'emporter dans sa valise pour un d\u00e9placement professionnel ?\",\"isPartOf\":{\"@id\":\"https:\\\/\\\/www.info-algerie.com\\\/actualites\\\/#website\"},\"primaryImageOfPage\":{\"@id\":\"https:\\\/\\\/www.info-algerie.com\\\/actualites\\\/qu-emporter-dans-sa-valise-pour-un-deplacement-professionnel\\\/#primaryimage\"},\"image\":{\"@id\":\"https:\\\/\\\/www.info-algerie.com\\\/actualites\\\/qu-emporter-dans-sa-valise-pour-un-deplacement-professionnel\\\/#primaryimage\"},\"thumbnailUrl\":\"https:\\\/\\\/www.info-algerie.com\\\/actualites\\\/wp-content\\\/uploads\\\/2023\\\/06\\\/deplacement-professionnel.jpg\",\"datePublished\":\"2023-06-23T09:26:35+00:00\",\"dateModified\":\"2023-06-23T09:26:36+00:00\",\"description\":\"Voici quelques conseils sur ce qu'il faut emporter dans votre valise pour un d\u00e9placement professionnel que ce soit pour un jour ou des\",\"breadcrumb\":{\"@id\":\"https:\\\/\\\/www.info-algerie.com\\\/actualites\\\/qu-emporter-dans-sa-valise-pour-un-deplacement-professionnel\\\/#breadcrumb\"},\"inLanguage\":\"fr-FR\",\"potentialAction\":[{\"@type\":\"ReadAction\",\"target\":[\"https:\\\/\\\/www.info-algerie.com\\\/actualites\\\/qu-emporter-dans-sa-valise-pour-un-deplacement-professionnel\\\/\"]}]},{\"@type\":\"ImageObject\",\"inLanguage\":\"fr-FR\",\"@id\":\"https:\\\/\\\/www.info-algerie.com\\\/actualites\\\/qu-emporter-dans-sa-valise-pour-un-deplacement-professionnel\\\/#primaryimage\",\"url\":\"https:\\\/\\\/www.info-algerie.com\\\/actualites\\\/wp-content\\\/uploads\\\/2023\\\/06\\\/deplacement-professionnel.jpg\",\"contentUrl\":\"https:\\\/\\\/www.info-algerie.com\\\/actualites\\\/wp-content\\\/uploads\\\/2023\\\/06\\\/deplacement-professionnel.jpg\",\"width\":1200,\"height\":675,\"caption\":\"d\u00e9placement professionnel\"},{\"@type\":\"BreadcrumbList\",\"@id\":\"https:\\\/\\\/www.info-algerie.com\\\/actualites\\\/qu-emporter-dans-sa-valise-pour-un-deplacement-professionnel\\\/#breadcrumb\",\"itemListElement\":[{\"@type\":\"ListItem\",\"position\":1,\"name\":\"Accueil\",\"item\":\"https:\\\/\\\/www.info-algerie.com\\\/actualites\\\/\"},{\"@type\":\"ListItem\",\"position\":2,\"name\":\"Qu&#8217;emporter dans sa valise pour un d\u00e9placement professionnel ?\"}]},{\"@type\":\"WebSite\",\"@id\":\"https:\\\/\\\/www.info-algerie.com\\\/actualites\\\/#website\",\"url\":\"https:\\\/\\\/www.info-algerie.com\\\/actualites\\\/\",\"name\":\"info algerie\",\"description\":\"Toutes les actualit\u00e9s\",\"publisher\":{\"@id\":\"https:\\\/\\\/www.info-algerie.com\\\/actualites\\\/#organization\"},\"potentialAction\":[{\"@type\":\"SearchAction\",\"target\":{\"@type\":\"EntryPoint\",\"urlTemplate\":\"https:\\\/\\\/www.info-algerie.com\\\/actualites\\\/?s={search_term_string}\"},\"query-input\":{\"@type\":\"PropertyValueSpecification\",\"valueRequired\":true,\"valueName\":\"search_term_string\"}}],\"inLanguage\":\"fr-FR\"},{\"@type\":\"Organization\",\"@id\":\"https:\\\/\\\/www.info-algerie.com\\\/actualites\\\/#organization\",\"name\":\"info algerie\",\"url\":\"https:\\\/\\\/www.info-algerie.com\\\/actualites\\\/\",\"logo\":{\"@type\":\"ImageObject\",\"inLanguage\":\"fr-FR\",\"@id\":\"https:\\\/\\\/www.info-algerie.com\\\/actualites\\\/#\\\/schema\\\/logo\\\/image\\\/\",\"url\":\"https:\\\/\\\/www.info-algerie.com\\\/actualites\\\/wp-content\\\/uploads\\\/2022\\\/07\\\/logo-ia-120.png\",\"contentUrl\":\"https:\\\/\\\/www.info-algerie.com\\\/actualites\\\/wp-content\\\/uploads\\\/2022\\\/07\\\/logo-ia-120.png\",\"width\":120,\"height\":43,\"caption\":\"info algerie\"},\"image\":{\"@id\":\"https:\\\/\\\/www.info-algerie.com\\\/actualites\\\/#\\\/schema\\\/logo\\\/image\\\/\"},\"sameAs\":[\"https:\\\/\\\/www.facebook.com\\\/infoalgerieactu\",\"https:\\\/\\\/x.com\\\/infoalgerie1\"]},{\"@type\":\"Person\",\"@id\":\"https:\\\/\\\/www.info-algerie.com\\\/actualites\\\/#\\\/schema\\\/person\\\/847aaec44920825b843a08f30ec6aa1e\",\"name\":\"La r\u00e9daction\",\"image\":{\"@type\":\"ImageObject\",\"inLanguage\":\"fr-FR\",\"@id\":\"https:\\\/\\\/secure.gravatar.com\\\/avatar\\\/769db425c6f465158149f1ffd6cf61ce7a8a879d11dfbef8288af36dfddd418c?s=96&d=mm&r=g\",\"url\":\"https:\\\/\\\/secure.gravatar.com\\\/avatar\\\/769db425c6f465158149f1ffd6cf61ce7a8a879d11dfbef8288af36dfddd418c?s=96&d=mm&r=g\",\"contentUrl\":\"https:\\\/\\\/secure.gravatar.com\\\/avatar\\\/769db425c6f465158149f1ffd6cf61ce7a8a879d11dfbef8288af36dfddd418c?s=96&d=mm&r=g\",\"caption\":\"La r\u00e9daction\"},\"sameAs\":[\"http:\\\/\\\/www.lkeria.com\\\/\"],\"url\":\"https:\\\/\\\/www.info-algerie.com\\\/actualites\\\/author\\\/chakib32\\\/\"}]}<\/script>\n<!-- \/ Yoast SEO plugin. -->","yoast_head_json":{"title":"Qu'emporter dans sa valise pour un d\u00e9placement professionnel ?","description":"Voici quelques conseils sur ce qu'il faut emporter dans votre valise pour un d\u00e9placement professionnel que ce soit pour un jour ou des","robots":{"index":"index","follow":"follow","max-snippet":"max-snippet:-1","max-image-preview":"max-image-preview:large","max-video-preview":"max-video-preview:-1"},"canonical":"https:\/\/www.info-algerie.com\/actualites\/qu-emporter-dans-sa-valise-pour-un-deplacement-professionnel\/","og_locale":"fr_FR","og_type":"article","og_title":"Qu'emporter dans sa valise pour un d\u00e9placement professionnel ?","og_description":"Voici quelques conseils sur ce qu'il faut emporter dans votre valise pour un d\u00e9placement professionnel que ce soit pour un jour ou des","og_url":"https:\/\/www.info-algerie.com\/actualites\/qu-emporter-dans-sa-valise-pour-un-deplacement-professionnel\/","og_site_name":"info algerie","article_publisher":"https:\/\/www.facebook.com\/infoalgerieactu","article_published_time":"2023-06-23T09:26:35+00:00","article_modified_time":"2023-06-23T09:26:36+00:00","og_image":[{"width":1200,"height":675,"url":"https:\/\/www.info-algerie.com\/actualites\/wp-content\/uploads\/2023\/06\/deplacement-professionnel.jpg","type":"image\/jpeg"}],"author":"La r\u00e9daction","twitter_misc":{"\u00c9crit par":"La r\u00e9daction","Dur\u00e9e de lecture estim\u00e9e":"3 minutes"},"schema":{"@context":"https:\/\/schema.org","@graph":[{"@type":"Article","@id":"https:\/\/www.info-algerie.com\/actualites\/qu-emporter-dans-sa-valise-pour-un-deplacement-professionnel\/#article","isPartOf":{"@id":"https:\/\/www.info-algerie.com\/actualites\/qu-emporter-dans-sa-valise-pour-un-deplacement-professionnel\/"},"author":{"name":"La r\u00e9daction","@id":"https:\/\/www.info-algerie.com\/actualites\/#\/schema\/person\/847aaec44920825b843a08f30ec6aa1e"},"headline":"Qu&#8217;emporter dans sa valise pour un d\u00e9placement professionnel ?","datePublished":"2023-06-23T09:26:35+00:00","dateModified":"2023-06-23T09:26:36+00:00","mainEntityOfPage":{"@id":"https:\/\/www.info-algerie.com\/actualites\/qu-emporter-dans-sa-valise-pour-un-deplacement-professionnel\/"},"wordCount":502,"commentCount":0,"publisher":{"@id":"https:\/\/www.info-algerie.com\/actualites\/#organization"},"image":{"@id":"https:\/\/www.info-algerie.com\/actualites\/qu-emporter-dans-sa-valise-pour-un-deplacement-professionnel\/#primaryimage"},"thumbnailUrl":"https:\/\/www.info-algerie.com\/actualites\/wp-content\/uploads\/2023\/06\/deplacement-professionnel.jpg","keywords":["une"],"articleSection":["culture sant\u00e9"],"inLanguage":"fr-FR","potentialAction":[{"@type":"CommentAction","name":"Comment","target":["https:\/\/www.info-algerie.com\/actualites\/qu-emporter-dans-sa-valise-pour-un-deplacement-professionnel\/#respond"]}]},{"@type":"WebPage","@id":"https:\/\/www.info-algerie.com\/actualites\/qu-emporter-dans-sa-valise-pour-un-deplacement-professionnel\/","url":"https:\/\/www.info-algerie.com\/actualites\/qu-emporter-dans-sa-valise-pour-un-deplacement-professionnel\/","name":"Qu'emporter dans sa valise pour un d\u00e9placement professionnel ?","isPartOf":{"@id":"https:\/\/www.info-algerie.com\/actualites\/#website"},"primaryImageOfPage":{"@id":"https:\/\/www.info-algerie.com\/actualites\/qu-emporter-dans-sa-valise-pour-un-deplacement-professionnel\/#primaryimage"},"image":{"@id":"https:\/\/www.info-algerie.com\/actualites\/qu-emporter-dans-sa-valise-pour-un-deplacement-professionnel\/#primaryimage"},"thumbnailUrl":"https:\/\/www.info-algerie.com\/actualites\/wp-content\/uploads\/2023\/06\/deplacement-professionnel.jpg","datePublished":"2023-06-23T09:26:35+00:00","dateModified":"2023-06-23T09:26:36+00:00","description":"Voici quelques conseils sur ce qu'il faut emporter dans votre valise pour un d\u00e9placement professionnel que ce soit pour un jour ou des","breadcrumb":{"@id":"https:\/\/www.info-algerie.com\/actualites\/qu-emporter-dans-sa-valise-pour-un-deplacement-professionnel\/#breadcrumb"},"inLanguage":"fr-FR","potentialAction":[{"@type":"ReadAction","target":["https:\/\/www.info-algerie.com\/actualites\/qu-emporter-dans-sa-valise-pour-un-deplacement-professionnel\/"]}]},{"@type":"ImageObject","inLanguage":"fr-FR","@id":"https:\/\/www.info-algerie.com\/actualites\/qu-emporter-dans-sa-valise-pour-un-deplacement-professionnel\/#primaryimage","url":"https:\/\/www.info-algerie.com\/actualites\/wp-content\/uploads\/2023\/06\/deplacement-professionnel.jpg","contentUrl":"https:\/\/www.info-algerie.com\/actualites\/wp-content\/uploads\/2023\/06\/deplacement-professionnel.jpg","width":1200,"height":675,"caption":"d\u00e9placement professionnel"},{"@type":"BreadcrumbList","@id":"https:\/\/www.info-algerie.com\/actualites\/qu-emporter-dans-sa-valise-pour-un-deplacement-professionnel\/#breadcrumb","itemListElement":[{"@type":"ListItem","position":1,"name":"Accueil","item":"https:\/\/www.info-algerie.com\/actualites\/"},{"@type":"ListItem","position":2,"name":"Qu&#8217;emporter dans sa valise pour un d\u00e9placement professionnel ?"}]},{"@type":"WebSite","@id":"https:\/\/www.info-algerie.com\/actualites\/#website","url":"https:\/\/www.info-algerie.com\/actualites\/","name":"info algerie","description":"Toutes les actualit\u00e9s","publisher":{"@id":"https:\/\/www.info-algerie.com\/actualites\/#organization"},"potentialAction":[{"@type":"SearchAction","target":{"@type":"EntryPoint","urlTemplate":"https:\/\/www.info-algerie.com\/actualites\/?s={search_term_string}"},"query-input":{"@type":"PropertyValueSpecification","valueRequired":true,"valueName":"search_term_string"}}],"inLanguage":"fr-FR"},{"@type":"Organization","@id":"https:\/\/www.info-algerie.com\/actualites\/#organization","name":"info algerie","url":"https:\/\/www.info-algerie.com\/actualites\/","logo":{"@type":"ImageObject","inLanguage":"fr-FR","@id":"https:\/\/www.info-algerie.com\/actualites\/#\/schema\/logo\/image\/","url":"https:\/\/www.info-algerie.com\/actualites\/wp-content\/uploads\/2022\/07\/logo-ia-120.png","contentUrl":"https:\/\/www.info-algerie.com\/actualites\/wp-content\/uploads\/2022\/07\/logo-ia-120.png","width":120,"height":43,"caption":"info algerie"},"image":{"@id":"https:\/\/www.info-algerie.com\/actualites\/#\/schema\/logo\/image\/"},"sameAs":["https:\/\/www.facebook.com\/infoalgerieactu","https:\/\/x.com\/infoalgerie1"]},{"@type":"Person","@id":"https:\/\/www.info-algerie.com\/actualites\/#\/schema\/person\/847aaec44920825b843a08f30ec6aa1e","name":"La r\u00e9daction","image":{"@type":"ImageObject","inLanguage":"fr-FR","@id":"https:\/\/secure.gravatar.com\/avatar\/769db425c6f465158149f1ffd6cf61ce7a8a879d11dfbef8288af36dfddd418c?s=96&d=mm&r=g","url":"https:\/\/secure.gravatar.com\/avatar\/769db425c6f465158149f1ffd6cf61ce7a8a879d11dfbef8288af36dfddd418c?s=96&d=mm&r=g","contentUrl":"https:\/\/secure.gravatar.com\/avatar\/769db425c6f465158149f1ffd6cf61ce7a8a879d11dfbef8288af36dfddd418c?s=96&d=mm&r=g","caption":"La r\u00e9daction"},"sameAs":["http:\/\/www.lkeria.com\/"],"url":"https:\/\/www.info-algerie.com\/actualites\/author\/chakib32\/"}]}},"_links":{"self":[{"href":"https:\/\/www.info-algerie.com\/actualites\/wp-json\/wp\/v2\/posts\/27844","targetHints":{"allow":["GET"]}}],"collection":[{"href":"https:\/\/www.info-algerie.com\/actualites\/wp-json\/wp\/v2\/posts"}],"about":[{"href":"https:\/\/www.info-algerie.com\/actualites\/wp-json\/wp\/v2\/types\/post"}],"author":[{"embeddable":true,"href":"https:\/\/www.info-algerie.com\/actualites\/wp-json\/wp\/v2\/users\/6"}],"replies":[{"embeddable":true,"href":"https:\/\/www.info-algerie.com\/actualites\/wp-json\/wp\/v2\/comments?post=27844"}],"version-history":[{"count":1,"href":"https:\/\/www.info-algerie.com\/actualites\/wp-json\/wp\/v2\/posts\/27844\/revisions"}],"predecessor-version":[{"id":27846,"href":"https:\/\/www.info-algerie.com\/actualites\/wp-json\/wp\/v2\/posts\/27844\/revisions\/27846"}],"wp:featuredmedia":[{"embeddable":true,"href":"https:\/\/www.info-algerie.com\/actualites\/wp-json\/wp\/v2\/media\/27845"}],"wp:attachment":[{"href":"https:\/\/www.info-algerie.com\/actualites\/wp-json\/wp\/v2\/media?parent=27844"}],"wp:term":[{"taxonomy":"category","embeddable":true,"href":"https:\/\/www.info-algerie.com\/actualites\/wp-json\/wp\/v2\/categories?post=27844"},{"taxonomy":"post_tag","embeddable":true,"href":"https:\/\/www.info-algerie.com\/actualites\/wp-json\/wp\/v2\/tags?post=27844"}],"curies":[{"name":"wp","href":"https:\/\/api.w.org\/{rel}","templated":true}]}}