{"id":27874,"date":"2023-07-14T12:52:22","date_gmt":"2023-07-14T11:52:22","guid":{"rendered":"https:\/\/www.info-algerie.com\/actualites\/?p=27874"},"modified":"2023-07-14T12:53:04","modified_gmt":"2023-07-14T11:53:04","slug":"les-plages-mediterraneennes-en-proie-aux-dechets-plastiques-quelles-solutions","status":"publish","type":"post","link":"https:\/\/www.info-algerie.com\/actualites\/les-plages-mediterraneennes-en-proie-aux-dechets-plastiques-quelles-solutions\/","title":{"rendered":"Les plages m\u00e9diterran\u00e9ennes en proie aux d\u00e9chets plastiques : quelles solutions ?"},"content":{"rendered":"\n<figure class=\"wp-block-image size-large\"><a href=\"https:\/\/www.info-algerie.com\/actualites\/wp-content\/uploads\/2023\/07\/dechets-plastiques.jpg\"><img loading=\"lazy\" decoding=\"async\" width=\"1024\" height=\"597\" src=\"https:\/\/www.info-algerie.com\/actualites\/wp-content\/uploads\/2023\/07\/dechets-plastiques-1024x597.jpg\" alt=\"d\u00e9chets plastiques\" class=\"wp-image-27875\" srcset=\"https:\/\/www.info-algerie.com\/actualites\/wp-content\/uploads\/2023\/07\/dechets-plastiques-1024x597.jpg 1024w, https:\/\/www.info-algerie.com\/actualites\/wp-content\/uploads\/2023\/07\/dechets-plastiques-300x175.jpg 300w, https:\/\/www.info-algerie.com\/actualites\/wp-content\/uploads\/2023\/07\/dechets-plastiques.jpg 1200w\" sizes=\"auto, (max-width: 1024px) 100vw, 1024px\" \/><\/a><\/figure>\n\n\n\n<p>Vue de loin, les magnifiques r\u00e9gions du sud de la France, de l&rsquo;Italie et m\u00eame de l&rsquo;Alg\u00e9rie offrent des paysages enchanteurs que les visiteurs r\u00eavent de d\u00e9couvrir. Cependant, ce d\u00e9cor idyllique est aujourd&rsquo;hui entach\u00e9 par la pr\u00e9sence de d\u00e9chets plastiques de toutes sortes qui jonchent les eaux, suscitant ainsi un sentiment de d\u00e9senchantement.<\/p>\n\n\n\n<p>Des d\u00e9bris de bou\u00e9es, des bouteilles en plastique, des canettes de boissons sont le long des plages. Chaque jour, ce sont des milliers de ces d\u00e9chets qui sont ramass\u00e9s, flottant au milieu de paysages d&rsquo;une beaut\u00e9 pourtant rarissime.<\/p>\n\n\n\n<p>Au cours des trois derniers mois, une quantit\u00e9 alarmante de d\u00e9chets a \u00e9t\u00e9 collect\u00e9e dans les eaux de la mer M\u00e9diterran\u00e9e, t\u00e9moignant de l&rsquo;ampleur du probl\u00e8me de la pollution marine. Ces milliers de d\u00e9tritus ont \u00e9t\u00e9 r\u00e9cup\u00e9r\u00e9s, remplissant l&rsquo;\u00e9quivalent de quatre piscines olympiques. Ces chiffres sont pr\u00e9occupants pour les autorit\u00e9s locales qui cherchent \u00e0 prot\u00e9ger l&rsquo;environnement de la r\u00e9gion et en particulier les plages.<\/p>\n\n\n\n<h2 class=\"wp-block-heading\">Situation alarmiste pour les plages de France<\/h2>\n\n\n\n<p>Dans une d\u00e9claration, l&rsquo;ancien maire de Marseille, Jean-Claude Gaudin, avait en effet exprim\u00e9 ses pr\u00e9occupations concernant la pollution des eaux dans la r\u00e9gion du sud de la France. En tant que figure cl\u00e9 de la plus grande ville de la r\u00e9gion m\u00e9diterran\u00e9enne, il avait t\u00e9moign\u00e9 de l&rsquo;impact n\u00e9faste des d\u00e9chets marins sur les c\u00f4tes et a soulign\u00e9 l&rsquo;importance de prendre des mesures pour pr\u00e9server cet environnement pr\u00e9cieux.<\/p>\n\n\n\n<blockquote class=\"wp-block-quote is-layout-flow wp-block-quote-is-layout-flow\">\n<p>Selon lui : \u00ab\u00a0La pollution marine constitue un d\u00e9fi majeur pour notre r\u00e9gion. Nous devons agir de mani\u00e8re d\u00e9cisive pour prot\u00e9ger nos eaux et sensibiliser les habitants et les visiteurs \u00e0 l&rsquo;importance de pr\u00e9server notre patrimoine naturel.\u00a0\u00bb<\/p>\n<\/blockquote>\n\n\n\n<p>D&rsquo;autre part, l&rsquo;organisation locale engag\u00e9e dans la lutte contre la pollution marine dans le sud de la France, \u00ab\u00a0Clean Coast France\u00a0\u00bb a exprim\u00e9 son inqui\u00e9tude face \u00e0 l&rsquo;accumulation croissante de d\u00e9chets dans les eaux c\u00f4ti\u00e8res du sud de la France.<\/p>\n\n\n\n<blockquote class=\"wp-block-quote is-layout-flow wp-block-quote-is-layout-flow\">\n<p>Selon leur responsable : \u00ab\u00a0Nous constatons malheureusement une augmentation alarmante des d\u00e9chets marins dans notre r\u00e9gion. Il est essentiel que nous travaillions ensemble en tant que communaut\u00e9 pour nettoyer nos c\u00f4tes, sensibiliser le public et promouvoir des pratiques durables afin de pr\u00e9server notre environnement marin.\u00a0\u00bb<\/p>\n<\/blockquote>\n\n\n\n<h2 class=\"wp-block-heading\">Les d\u00e9chets plastiques en mer M\u00e9diterran\u00e9e<\/h2>\n\n\n\n<p>Selon une \u00e9tude r\u00e9cente, la quantit\u00e9 de d\u00e9chets plastiques rejet\u00e9s dans la la mer M\u00e9diterran\u00e9e et les oc\u00e9ans pourrait doubler d&rsquo;ici 2030. Cela soul\u00e8ve de s\u00e9rieuses pr\u00e9occupations quant \u00e0 l&rsquo;impact croissant de la pollution visible sur les plages et maritime. Les chiffres indiquent une tendance alarmante, mettant en \u00e9vidence la n\u00e9cessit\u00e9 urgente d&rsquo;adopter des mesures de pr\u00e9servation pour prot\u00e9ger les \u00e9cosyst\u00e8mes marins fragiles de cette r\u00e9gion.<\/p>\n\n\n\n<p>D&rsquo;autre part, un rapport publi\u00e9 fin 2022 classait cette r\u00e9gion parmi les zones ayant une pr\u00e9occupation majeure en mati\u00e8re de pollution maritime. Cette r\u00e9gion est en effet encourag\u00e9e \u00e0 intensifier ses efforts pour lutter contre la pollution marine et promouvoir des pratiques durables afin de r\u00e9duire son impact sur les \u00e9cosyst\u00e8mes marins c\u00f4tiers de la mer M\u00e9diterran\u00e9e.<\/p>\n\n\n\n<p>D&rsquo;un autre c\u00f4t\u00e9, des solutions \u00e9mergent en Europe comme&nbsp;<a href=\"https:\/\/lepironia.com\/fr\/faq\/\">ces pailles biod\u00e9gradables en Lepironia<\/a>. Elles sont d&rsquo;ailleurs compar\u00e9es \u00e0 d&rsquo;autres alternatives des pailles plastiques, qui leur attribuent de nombreux avantages pour un prix tr\u00e8s comp\u00e9titif.<\/p>\n\n\n\n<p>Restaurateurs et h\u00f4teliers sont d\u00e9sormais invit\u00e9s \u00e0 \u00e9tudier les alternatives \u00e0 l&rsquo;utilisation du plastique qui pourront avoir un impact important dans les ann\u00e9es \u00e0 venir.<\/p>\n<!--CusAds0-->\n<div style=\"font-size: 0px; height: 0px; line-height: 0px; margin: 0; padding: 0; clear: both;\"><\/div>","protected":false},"excerpt":{"rendered":"<p>Vue de loin, les magnifiques r\u00e9gions du sud de la France, de l&rsquo;Italie et m\u00eame de l&rsquo;Alg\u00e9rie offrent des paysages enchanteurs que les visiteurs r\u00eavent de d\u00e9couvrir. Cependant, ce d\u00e9cor idyllique est aujourd&rsquo;hui entach\u00e9 par la pr\u00e9sence de d\u00e9chets plastiques de toutes sortes qui jonchent les eaux, suscitant ainsi un sentiment de d\u00e9senchantement. Des d\u00e9bris<\/p>\n","protected":false},"author":6,"featured_media":27875,"comment_status":"open","ping_status":"open","sticky":false,"template":"","format":"standard","meta":{"footnotes":""},"categories":[11],"tags":[208],"class_list":["post-27874","post","type-post","status-publish","format-standard","has-post-thumbnail","hentry","category-monde","tag-une"],"yoast_head":"<!-- This site is optimized with the Yoast SEO plugin v27.5 - https:\/\/yoast.com\/product\/yoast-seo-wordpress\/ -->\n<title>Les plages m\u00e9diterran\u00e9ennes en proie aux d\u00e9chets plastiques : quelles solutions ?<\/title>\n<meta name=\"description\" content=\"les magnifiques r\u00e9gions du sud de la France sont entach\u00e9es par la pr\u00e9sence de d\u00e9chets de toutes sortes notamment les d\u00e9chets plastiques\" \/>\n<meta name=\"robots\" content=\"index, follow, max-snippet:-1, max-image-preview:large, max-video-preview:-1\" \/>\n<link rel=\"canonical\" href=\"https:\/\/www.info-algerie.com\/actualites\/les-plages-mediterraneennes-en-proie-aux-dechets-plastiques-quelles-solutions\/\" \/>\n<meta property=\"og:locale\" content=\"fr_FR\" \/>\n<meta property=\"og:type\" content=\"article\" \/>\n<meta property=\"og:title\" content=\"Les plages m\u00e9diterran\u00e9ennes en proie aux d\u00e9chets plastiques : quelles solutions ?\" \/>\n<meta property=\"og:description\" content=\"les magnifiques r\u00e9gions du sud de la France sont entach\u00e9es par la pr\u00e9sence de d\u00e9chets de toutes sortes notamment les d\u00e9chets plastiques\" \/>\n<meta property=\"og:url\" content=\"https:\/\/www.info-algerie.com\/actualites\/les-plages-mediterraneennes-en-proie-aux-dechets-plastiques-quelles-solutions\/\" \/>\n<meta property=\"og:site_name\" content=\"info algerie\" \/>\n<meta property=\"article:publisher\" content=\"https:\/\/www.facebook.com\/infoalgerieactu\" \/>\n<meta property=\"article:published_time\" content=\"2023-07-14T11:52:22+00:00\" \/>\n<meta property=\"article:modified_time\" content=\"2023-07-14T11:53:04+00:00\" \/>\n<meta property=\"og:image\" content=\"https:\/\/www.info-algerie.com\/actualites\/wp-content\/uploads\/2023\/07\/dechets-plastiques.jpg\" \/>\n\t<meta property=\"og:image:width\" content=\"1200\" \/>\n\t<meta property=\"og:image:height\" content=\"700\" \/>\n\t<meta property=\"og:image:type\" content=\"image\/jpeg\" \/>\n<meta name=\"author\" content=\"La r\u00e9daction\" \/>\n<meta name=\"twitter:label1\" content=\"\u00c9crit par\" \/>\n\t<meta name=\"twitter:data1\" content=\"La r\u00e9daction\" \/>\n\t<meta name=\"twitter:label2\" content=\"Dur\u00e9e de lecture estim\u00e9e\" \/>\n\t<meta name=\"twitter:data2\" content=\"3 minutes\" \/>\n<script type=\"application\/ld+json\" class=\"yoast-schema-graph\">{\"@context\":\"https:\\\/\\\/schema.org\",\"@graph\":[{\"@type\":\"Article\",\"@id\":\"https:\\\/\\\/www.info-algerie.com\\\/actualites\\\/les-plages-mediterraneennes-en-proie-aux-dechets-plastiques-quelles-solutions\\\/#article\",\"isPartOf\":{\"@id\":\"https:\\\/\\\/www.info-algerie.com\\\/actualites\\\/les-plages-mediterraneennes-en-proie-aux-dechets-plastiques-quelles-solutions\\\/\"},\"author\":{\"name\":\"La r\u00e9daction\",\"@id\":\"https:\\\/\\\/www.info-algerie.com\\\/actualites\\\/#\\\/schema\\\/person\\\/847aaec44920825b843a08f30ec6aa1e\"},\"headline\":\"Les plages m\u00e9diterran\u00e9ennes en proie aux d\u00e9chets plastiques : quelles solutions ?\",\"datePublished\":\"2023-07-14T11:52:22+00:00\",\"dateModified\":\"2023-07-14T11:53:04+00:00\",\"mainEntityOfPage\":{\"@id\":\"https:\\\/\\\/www.info-algerie.com\\\/actualites\\\/les-plages-mediterraneennes-en-proie-aux-dechets-plastiques-quelles-solutions\\\/\"},\"wordCount\":653,\"commentCount\":0,\"publisher\":{\"@id\":\"https:\\\/\\\/www.info-algerie.com\\\/actualites\\\/#organization\"},\"image\":{\"@id\":\"https:\\\/\\\/www.info-algerie.com\\\/actualites\\\/les-plages-mediterraneennes-en-proie-aux-dechets-plastiques-quelles-solutions\\\/#primaryimage\"},\"thumbnailUrl\":\"https:\\\/\\\/www.info-algerie.com\\\/actualites\\\/wp-content\\\/uploads\\\/2023\\\/07\\\/dechets-plastiques.jpg\",\"keywords\":[\"une\"],\"articleSection\":[\"Monde\"],\"inLanguage\":\"fr-FR\",\"potentialAction\":[{\"@type\":\"CommentAction\",\"name\":\"Comment\",\"target\":[\"https:\\\/\\\/www.info-algerie.com\\\/actualites\\\/les-plages-mediterraneennes-en-proie-aux-dechets-plastiques-quelles-solutions\\\/#respond\"]}]},{\"@type\":\"WebPage\",\"@id\":\"https:\\\/\\\/www.info-algerie.com\\\/actualites\\\/les-plages-mediterraneennes-en-proie-aux-dechets-plastiques-quelles-solutions\\\/\",\"url\":\"https:\\\/\\\/www.info-algerie.com\\\/actualites\\\/les-plages-mediterraneennes-en-proie-aux-dechets-plastiques-quelles-solutions\\\/\",\"name\":\"Les plages m\u00e9diterran\u00e9ennes en proie aux d\u00e9chets plastiques : quelles solutions ?\",\"isPartOf\":{\"@id\":\"https:\\\/\\\/www.info-algerie.com\\\/actualites\\\/#website\"},\"primaryImageOfPage\":{\"@id\":\"https:\\\/\\\/www.info-algerie.com\\\/actualites\\\/les-plages-mediterraneennes-en-proie-aux-dechets-plastiques-quelles-solutions\\\/#primaryimage\"},\"image\":{\"@id\":\"https:\\\/\\\/www.info-algerie.com\\\/actualites\\\/les-plages-mediterraneennes-en-proie-aux-dechets-plastiques-quelles-solutions\\\/#primaryimage\"},\"thumbnailUrl\":\"https:\\\/\\\/www.info-algerie.com\\\/actualites\\\/wp-content\\\/uploads\\\/2023\\\/07\\\/dechets-plastiques.jpg\",\"datePublished\":\"2023-07-14T11:52:22+00:00\",\"dateModified\":\"2023-07-14T11:53:04+00:00\",\"description\":\"les magnifiques r\u00e9gions du sud de la France sont entach\u00e9es par la pr\u00e9sence de d\u00e9chets de toutes sortes notamment les d\u00e9chets plastiques\",\"breadcrumb\":{\"@id\":\"https:\\\/\\\/www.info-algerie.com\\\/actualites\\\/les-plages-mediterraneennes-en-proie-aux-dechets-plastiques-quelles-solutions\\\/#breadcrumb\"},\"inLanguage\":\"fr-FR\",\"potentialAction\":[{\"@type\":\"ReadAction\",\"target\":[\"https:\\\/\\\/www.info-algerie.com\\\/actualites\\\/les-plages-mediterraneennes-en-proie-aux-dechets-plastiques-quelles-solutions\\\/\"]}]},{\"@type\":\"ImageObject\",\"inLanguage\":\"fr-FR\",\"@id\":\"https:\\\/\\\/www.info-algerie.com\\\/actualites\\\/les-plages-mediterraneennes-en-proie-aux-dechets-plastiques-quelles-solutions\\\/#primaryimage\",\"url\":\"https:\\\/\\\/www.info-algerie.com\\\/actualites\\\/wp-content\\\/uploads\\\/2023\\\/07\\\/dechets-plastiques.jpg\",\"contentUrl\":\"https:\\\/\\\/www.info-algerie.com\\\/actualites\\\/wp-content\\\/uploads\\\/2023\\\/07\\\/dechets-plastiques.jpg\",\"width\":1200,\"height\":700,\"caption\":\"d\u00e9chets plastiques\"},{\"@type\":\"BreadcrumbList\",\"@id\":\"https:\\\/\\\/www.info-algerie.com\\\/actualites\\\/les-plages-mediterraneennes-en-proie-aux-dechets-plastiques-quelles-solutions\\\/#breadcrumb\",\"itemListElement\":[{\"@type\":\"ListItem\",\"position\":1,\"name\":\"Accueil\",\"item\":\"https:\\\/\\\/www.info-algerie.com\\\/actualites\\\/\"},{\"@type\":\"ListItem\",\"position\":2,\"name\":\"Les plages m\u00e9diterran\u00e9ennes en proie aux d\u00e9chets plastiques : quelles solutions ?\"}]},{\"@type\":\"WebSite\",\"@id\":\"https:\\\/\\\/www.info-algerie.com\\\/actualites\\\/#website\",\"url\":\"https:\\\/\\\/www.info-algerie.com\\\/actualites\\\/\",\"name\":\"info algerie\",\"description\":\"Toutes les actualit\u00e9s\",\"publisher\":{\"@id\":\"https:\\\/\\\/www.info-algerie.com\\\/actualites\\\/#organization\"},\"potentialAction\":[{\"@type\":\"SearchAction\",\"target\":{\"@type\":\"EntryPoint\",\"urlTemplate\":\"https:\\\/\\\/www.info-algerie.com\\\/actualites\\\/?s={search_term_string}\"},\"query-input\":{\"@type\":\"PropertyValueSpecification\",\"valueRequired\":true,\"valueName\":\"search_term_string\"}}],\"inLanguage\":\"fr-FR\"},{\"@type\":\"Organization\",\"@id\":\"https:\\\/\\\/www.info-algerie.com\\\/actualites\\\/#organization\",\"name\":\"info algerie\",\"url\":\"https:\\\/\\\/www.info-algerie.com\\\/actualites\\\/\",\"logo\":{\"@type\":\"ImageObject\",\"inLanguage\":\"fr-FR\",\"@id\":\"https:\\\/\\\/www.info-algerie.com\\\/actualites\\\/#\\\/schema\\\/logo\\\/image\\\/\",\"url\":\"https:\\\/\\\/www.info-algerie.com\\\/actualites\\\/wp-content\\\/uploads\\\/2022\\\/07\\\/logo-ia-120.png\",\"contentUrl\":\"https:\\\/\\\/www.info-algerie.com\\\/actualites\\\/wp-content\\\/uploads\\\/2022\\\/07\\\/logo-ia-120.png\",\"width\":120,\"height\":43,\"caption\":\"info algerie\"},\"image\":{\"@id\":\"https:\\\/\\\/www.info-algerie.com\\\/actualites\\\/#\\\/schema\\\/logo\\\/image\\\/\"},\"sameAs\":[\"https:\\\/\\\/www.facebook.com\\\/infoalgerieactu\",\"https:\\\/\\\/x.com\\\/infoalgerie1\"]},{\"@type\":\"Person\",\"@id\":\"https:\\\/\\\/www.info-algerie.com\\\/actualites\\\/#\\\/schema\\\/person\\\/847aaec44920825b843a08f30ec6aa1e\",\"name\":\"La r\u00e9daction\",\"image\":{\"@type\":\"ImageObject\",\"inLanguage\":\"fr-FR\",\"@id\":\"https:\\\/\\\/secure.gravatar.com\\\/avatar\\\/769db425c6f465158149f1ffd6cf61ce7a8a879d11dfbef8288af36dfddd418c?s=96&d=mm&r=g\",\"url\":\"https:\\\/\\\/secure.gravatar.com\\\/avatar\\\/769db425c6f465158149f1ffd6cf61ce7a8a879d11dfbef8288af36dfddd418c?s=96&d=mm&r=g\",\"contentUrl\":\"https:\\\/\\\/secure.gravatar.com\\\/avatar\\\/769db425c6f465158149f1ffd6cf61ce7a8a879d11dfbef8288af36dfddd418c?s=96&d=mm&r=g\",\"caption\":\"La r\u00e9daction\"},\"sameAs\":[\"http:\\\/\\\/www.lkeria.com\\\/\"],\"url\":\"https:\\\/\\\/www.info-algerie.com\\\/actualites\\\/author\\\/chakib32\\\/\"}]}<\/script>\n<!-- \/ Yoast SEO plugin. -->","yoast_head_json":{"title":"Les plages m\u00e9diterran\u00e9ennes en proie aux d\u00e9chets plastiques : quelles solutions ?","description":"les magnifiques r\u00e9gions du sud de la France sont entach\u00e9es par la pr\u00e9sence de d\u00e9chets de toutes sortes notamment les d\u00e9chets plastiques","robots":{"index":"index","follow":"follow","max-snippet":"max-snippet:-1","max-image-preview":"max-image-preview:large","max-video-preview":"max-video-preview:-1"},"canonical":"https:\/\/www.info-algerie.com\/actualites\/les-plages-mediterraneennes-en-proie-aux-dechets-plastiques-quelles-solutions\/","og_locale":"fr_FR","og_type":"article","og_title":"Les plages m\u00e9diterran\u00e9ennes en proie aux d\u00e9chets plastiques : quelles solutions ?","og_description":"les magnifiques r\u00e9gions du sud de la France sont entach\u00e9es par la pr\u00e9sence de d\u00e9chets de toutes sortes notamment les d\u00e9chets plastiques","og_url":"https:\/\/www.info-algerie.com\/actualites\/les-plages-mediterraneennes-en-proie-aux-dechets-plastiques-quelles-solutions\/","og_site_name":"info algerie","article_publisher":"https:\/\/www.facebook.com\/infoalgerieactu","article_published_time":"2023-07-14T11:52:22+00:00","article_modified_time":"2023-07-14T11:53:04+00:00","og_image":[{"width":1200,"height":700,"url":"https:\/\/www.info-algerie.com\/actualites\/wp-content\/uploads\/2023\/07\/dechets-plastiques.jpg","type":"image\/jpeg"}],"author":"La r\u00e9daction","twitter_misc":{"\u00c9crit par":"La r\u00e9daction","Dur\u00e9e de lecture estim\u00e9e":"3 minutes"},"schema":{"@context":"https:\/\/schema.org","@graph":[{"@type":"Article","@id":"https:\/\/www.info-algerie.com\/actualites\/les-plages-mediterraneennes-en-proie-aux-dechets-plastiques-quelles-solutions\/#article","isPartOf":{"@id":"https:\/\/www.info-algerie.com\/actualites\/les-plages-mediterraneennes-en-proie-aux-dechets-plastiques-quelles-solutions\/"},"author":{"name":"La r\u00e9daction","@id":"https:\/\/www.info-algerie.com\/actualites\/#\/schema\/person\/847aaec44920825b843a08f30ec6aa1e"},"headline":"Les plages m\u00e9diterran\u00e9ennes en proie aux d\u00e9chets plastiques : quelles solutions ?","datePublished":"2023-07-14T11:52:22+00:00","dateModified":"2023-07-14T11:53:04+00:00","mainEntityOfPage":{"@id":"https:\/\/www.info-algerie.com\/actualites\/les-plages-mediterraneennes-en-proie-aux-dechets-plastiques-quelles-solutions\/"},"wordCount":653,"commentCount":0,"publisher":{"@id":"https:\/\/www.info-algerie.com\/actualites\/#organization"},"image":{"@id":"https:\/\/www.info-algerie.com\/actualites\/les-plages-mediterraneennes-en-proie-aux-dechets-plastiques-quelles-solutions\/#primaryimage"},"thumbnailUrl":"https:\/\/www.info-algerie.com\/actualites\/wp-content\/uploads\/2023\/07\/dechets-plastiques.jpg","keywords":["une"],"articleSection":["Monde"],"inLanguage":"fr-FR","potentialAction":[{"@type":"CommentAction","name":"Comment","target":["https:\/\/www.info-algerie.com\/actualites\/les-plages-mediterraneennes-en-proie-aux-dechets-plastiques-quelles-solutions\/#respond"]}]},{"@type":"WebPage","@id":"https:\/\/www.info-algerie.com\/actualites\/les-plages-mediterraneennes-en-proie-aux-dechets-plastiques-quelles-solutions\/","url":"https:\/\/www.info-algerie.com\/actualites\/les-plages-mediterraneennes-en-proie-aux-dechets-plastiques-quelles-solutions\/","name":"Les plages m\u00e9diterran\u00e9ennes en proie aux d\u00e9chets plastiques : quelles solutions ?","isPartOf":{"@id":"https:\/\/www.info-algerie.com\/actualites\/#website"},"primaryImageOfPage":{"@id":"https:\/\/www.info-algerie.com\/actualites\/les-plages-mediterraneennes-en-proie-aux-dechets-plastiques-quelles-solutions\/#primaryimage"},"image":{"@id":"https:\/\/www.info-algerie.com\/actualites\/les-plages-mediterraneennes-en-proie-aux-dechets-plastiques-quelles-solutions\/#primaryimage"},"thumbnailUrl":"https:\/\/www.info-algerie.com\/actualites\/wp-content\/uploads\/2023\/07\/dechets-plastiques.jpg","datePublished":"2023-07-14T11:52:22+00:00","dateModified":"2023-07-14T11:53:04+00:00","description":"les magnifiques r\u00e9gions du sud de la France sont entach\u00e9es par la pr\u00e9sence de d\u00e9chets de toutes sortes notamment les d\u00e9chets plastiques","breadcrumb":{"@id":"https:\/\/www.info-algerie.com\/actualites\/les-plages-mediterraneennes-en-proie-aux-dechets-plastiques-quelles-solutions\/#breadcrumb"},"inLanguage":"fr-FR","potentialAction":[{"@type":"ReadAction","target":["https:\/\/www.info-algerie.com\/actualites\/les-plages-mediterraneennes-en-proie-aux-dechets-plastiques-quelles-solutions\/"]}]},{"@type":"ImageObject","inLanguage":"fr-FR","@id":"https:\/\/www.info-algerie.com\/actualites\/les-plages-mediterraneennes-en-proie-aux-dechets-plastiques-quelles-solutions\/#primaryimage","url":"https:\/\/www.info-algerie.com\/actualites\/wp-content\/uploads\/2023\/07\/dechets-plastiques.jpg","contentUrl":"https:\/\/www.info-algerie.com\/actualites\/wp-content\/uploads\/2023\/07\/dechets-plastiques.jpg","width":1200,"height":700,"caption":"d\u00e9chets plastiques"},{"@type":"BreadcrumbList","@id":"https:\/\/www.info-algerie.com\/actualites\/les-plages-mediterraneennes-en-proie-aux-dechets-plastiques-quelles-solutions\/#breadcrumb","itemListElement":[{"@type":"ListItem","position":1,"name":"Accueil","item":"https:\/\/www.info-algerie.com\/actualites\/"},{"@type":"ListItem","position":2,"name":"Les plages m\u00e9diterran\u00e9ennes en proie aux d\u00e9chets plastiques : quelles solutions ?"}]},{"@type":"WebSite","@id":"https:\/\/www.info-algerie.com\/actualites\/#website","url":"https:\/\/www.info-algerie.com\/actualites\/","name":"info algerie","description":"Toutes les actualit\u00e9s","publisher":{"@id":"https:\/\/www.info-algerie.com\/actualites\/#organization"},"potentialAction":[{"@type":"SearchAction","target":{"@type":"EntryPoint","urlTemplate":"https:\/\/www.info-algerie.com\/actualites\/?s={search_term_string}"},"query-input":{"@type":"PropertyValueSpecification","valueRequired":true,"valueName":"search_term_string"}}],"inLanguage":"fr-FR"},{"@type":"Organization","@id":"https:\/\/www.info-algerie.com\/actualites\/#organization","name":"info algerie","url":"https:\/\/www.info-algerie.com\/actualites\/","logo":{"@type":"ImageObject","inLanguage":"fr-FR","@id":"https:\/\/www.info-algerie.com\/actualites\/#\/schema\/logo\/image\/","url":"https:\/\/www.info-algerie.com\/actualites\/wp-content\/uploads\/2022\/07\/logo-ia-120.png","contentUrl":"https:\/\/www.info-algerie.com\/actualites\/wp-content\/uploads\/2022\/07\/logo-ia-120.png","width":120,"height":43,"caption":"info algerie"},"image":{"@id":"https:\/\/www.info-algerie.com\/actualites\/#\/schema\/logo\/image\/"},"sameAs":["https:\/\/www.facebook.com\/infoalgerieactu","https:\/\/x.com\/infoalgerie1"]},{"@type":"Person","@id":"https:\/\/www.info-algerie.com\/actualites\/#\/schema\/person\/847aaec44920825b843a08f30ec6aa1e","name":"La r\u00e9daction","image":{"@type":"ImageObject","inLanguage":"fr-FR","@id":"https:\/\/secure.gravatar.com\/avatar\/769db425c6f465158149f1ffd6cf61ce7a8a879d11dfbef8288af36dfddd418c?s=96&d=mm&r=g","url":"https:\/\/secure.gravatar.com\/avatar\/769db425c6f465158149f1ffd6cf61ce7a8a879d11dfbef8288af36dfddd418c?s=96&d=mm&r=g","contentUrl":"https:\/\/secure.gravatar.com\/avatar\/769db425c6f465158149f1ffd6cf61ce7a8a879d11dfbef8288af36dfddd418c?s=96&d=mm&r=g","caption":"La r\u00e9daction"},"sameAs":["http:\/\/www.lkeria.com\/"],"url":"https:\/\/www.info-algerie.com\/actualites\/author\/chakib32\/"}]}},"_links":{"self":[{"href":"https:\/\/www.info-algerie.com\/actualites\/wp-json\/wp\/v2\/posts\/27874","targetHints":{"allow":["GET"]}}],"collection":[{"href":"https:\/\/www.info-algerie.com\/actualites\/wp-json\/wp\/v2\/posts"}],"about":[{"href":"https:\/\/www.info-algerie.com\/actualites\/wp-json\/wp\/v2\/types\/post"}],"author":[{"embeddable":true,"href":"https:\/\/www.info-algerie.com\/actualites\/wp-json\/wp\/v2\/users\/6"}],"replies":[{"embeddable":true,"href":"https:\/\/www.info-algerie.com\/actualites\/wp-json\/wp\/v2\/comments?post=27874"}],"version-history":[{"count":2,"href":"https:\/\/www.info-algerie.com\/actualites\/wp-json\/wp\/v2\/posts\/27874\/revisions"}],"predecessor-version":[{"id":27877,"href":"https:\/\/www.info-algerie.com\/actualites\/wp-json\/wp\/v2\/posts\/27874\/revisions\/27877"}],"wp:featuredmedia":[{"embeddable":true,"href":"https:\/\/www.info-algerie.com\/actualites\/wp-json\/wp\/v2\/media\/27875"}],"wp:attachment":[{"href":"https:\/\/www.info-algerie.com\/actualites\/wp-json\/wp\/v2\/media?parent=27874"}],"wp:term":[{"taxonomy":"category","embeddable":true,"href":"https:\/\/www.info-algerie.com\/actualites\/wp-json\/wp\/v2\/categories?post=27874"},{"taxonomy":"post_tag","embeddable":true,"href":"https:\/\/www.info-algerie.com\/actualites\/wp-json\/wp\/v2\/tags?post=27874"}],"curies":[{"name":"wp","href":"https:\/\/api.w.org\/{rel}","templated":true}]}}