{"id":27932,"date":"2023-08-21T11:24:29","date_gmt":"2023-08-21T10:24:29","guid":{"rendered":"https:\/\/www.info-algerie.com\/actualites\/?p=27932"},"modified":"2023-08-21T11:24:32","modified_gmt":"2023-08-21T10:24:32","slug":"comment-rediger-un-cv-de-qualite","status":"publish","type":"post","link":"https:\/\/www.info-algerie.com\/actualites\/comment-rediger-un-cv-de-qualite\/","title":{"rendered":"Comment r\u00e9diger un CV de qualit\u00e9"},"content":{"rendered":"\n<figure class=\"wp-block-image aligncenter size-full is-resized\"><a href=\"https:\/\/www.info-algerie.com\/actualites\/wp-content\/uploads\/2023\/08\/curriculum-vitae-cv.jpg\"><img loading=\"lazy\" decoding=\"async\" src=\"https:\/\/www.info-algerie.com\/actualites\/wp-content\/uploads\/2023\/08\/curriculum-vitae-cv.jpg\" alt=\"curriculum vitae CV\" class=\"wp-image-27934\" style=\"width:712px;height:472px\" width=\"712\" height=\"472\" srcset=\"https:\/\/www.info-algerie.com\/actualites\/wp-content\/uploads\/2023\/08\/curriculum-vitae-cv.jpg 600w, https:\/\/www.info-algerie.com\/actualites\/wp-content\/uploads\/2023\/08\/curriculum-vitae-cv-300x199.jpg 300w, https:\/\/www.info-algerie.com\/actualites\/wp-content\/uploads\/2023\/08\/curriculum-vitae-cv-331x219.jpg 331w\" sizes=\"auto, (max-width: 712px) 100vw, 712px\" \/><\/a><\/figure>\n\n\n\n<p>La r\u00e9daction d&rsquo;un curriculum vitae (CV) efficace est une \u00e9tape cruciale dans la recherche d&#8217;emploi. Votre CV est souvent le premier contact que vous avez avec un employeur potentiel, et il doit donc refl\u00e9ter vos comp\u00e9tences, votre exp\u00e9rience et votre personnalit\u00e9 de mani\u00e8re convaincante. Dans cet article, nous vous guiderons \u00e0 travers les \u00e9tapes essentielles pour r\u00e9diger un CV de qualit\u00e9 qui captera l&rsquo;attention des recruteurs.<\/p>\n\n\n\n<h2 class=\"wp-block-heading\">1. <strong>Choisir le format appropri\u00e9<\/strong><\/h2>\n\n\n\n<p>Le choix du format de votre CV est crucial. Les deux formats les plus courants sont le CV chronologique et le CV par comp\u00e9tences. Le CV chronologique met l&rsquo;accent sur votre historique professionnel, tandis que le CV par comp\u00e9tences met en avant vos comp\u00e9tences et r\u00e9alisations pertinentes. Choisissez le format qui met en valeur vos atouts de la mani\u00e8re la plus appropri\u00e9e.<\/p>\n\n\n\n<p>Le site web <a href=\"https:\/\/cvmagique.fr\/\">https:\/\/cvmagique.fr\/<\/a> d\u00e9di\u00e9 \u00e0 la r\u00e9daction des cv, offre une panoplie de formats pour une large gamme de CV.<\/p>\n\n\n\n<h2 class=\"wp-block-heading\">2. <strong>Ent\u00eate accrocheur<\/strong> <strong>du CV<\/strong><\/h2>\n\n\n\n<p>L&rsquo;ent\u00eate de votre CV doit contenir vos coordonn\u00e9es, telles que votre nom, num\u00e9ro de t\u00e9l\u00e9phone, adresse email et \u00e9ventuellement un lien vers votre profil LinkedIn. Assurez-vous que votre adresse email est professionnelle et \u00e9vitez les adresses fantaisistes.<\/p>\n\n\n\n<h2 class=\"wp-block-heading\">3. <strong>R\u00e9sum\u00e9 ou objectif professionnel<\/strong><\/h2>\n\n\n\n<p>Un bref r\u00e9sum\u00e9 ou un objectif professionnel peut \u00eatre inclus pour donner un aper\u00e7u rapide de votre profil. Mettez en avant vos principales comp\u00e9tences, exp\u00e9riences et ambitions professionnelles. \u00c9vitez les g\u00e9n\u00e9ralit\u00e9s et personnalisez cette section en fonction du poste auquel vous postulez.<\/p>\n\n\n\n<h2 class=\"wp-block-heading\">4. <strong>Exp\u00e9rience professionnelle<\/strong><\/h2>\n\n\n\n<p>Cette section est cruciale. Listez donc vos exp\u00e9riences de travail ant\u00e9rieures par ordre chronologique invers\u00e9, en commen\u00e7ant par la plus r\u00e9cente. Incluez le nom de l&rsquo;entreprise, le poste occup\u00e9, les dates d&#8217;emploi et une description concise de vos responsabilit\u00e9s et r\u00e9alisations. Utilisez des verbes d&rsquo;action pour d\u00e9crire vos accomplissements et quantifiez-les autant que possible (par exemple, \u00ab\u00a0augmentation de 30% des ventes\u00a0\u00bb).<\/p>\n\n\n\n<h2 class=\"wp-block-heading\">5. <strong>\u00c9ducation et formation<\/strong><\/h2>\n\n\n\n<p>Indiquez vos dipl\u00f4mes, certifications et formations pertinentes. Mentionnez aussi le nom de l&rsquo;institution, le titre du dipl\u00f4me, les dates et \u00e9ventuellement les distinctions obtenues. Si vous \u00eates encore \u00e9tudiant, mentionnez vos \u00e9tudes en cours et pr\u00e9vues.<\/p>\n\n\n\n<h2 class=\"wp-block-heading\">6. <strong>Comp\u00e9tences<\/strong><\/h2>\n\n\n\n<p>Dans cette section, \u00e9num\u00e9rez vos comp\u00e9tences cl\u00e9s qui sont en ad\u00e9quation avec le poste vis\u00e9. Incluez des comp\u00e9tences techniques, linguistiques et informatiques. Vous pouvez \u00e9galement ajouter des comp\u00e9tences interpersonnelles comme le leadership, la <a href=\"https:\/\/www.info-algerie.com\/actualites\/pourquoi-faire-de-la-publicite-avec-des-ballons-gonflables\/\">communication <\/a>et le travail d&rsquo;\u00e9quipe.<\/p>\n\n\n\n<h2 class=\"wp-block-heading\">7. <strong>R\u00e9alisations et projets<\/strong><\/h2>\n\n\n\n<p>Si vous avez des r\u00e9alisations notables ou avez particip\u00e9 \u00e0 des projets importants, n&rsquo;h\u00e9sitez pas \u00e0 les inclure. Cela peut \u00eatre un projet universitaire, un projet b\u00e9n\u00e9vole ou des r\u00e9alisations au sein de vos pr\u00e9c\u00e9dents emplois. Expliquez comment vos actions ont eu un impact positif.<\/p>\n\n\n\n<h2 class=\"wp-block-heading\">8. <strong>Langues et aptitudes linguistiques<\/strong><\/h2>\n\n\n\n<p>Si vous parlez plusieurs langues ou poss\u00e9dez des comp\u00e9tences linguistiques sp\u00e9cifiques, indiquez-les ici. Mentionnez votre niveau de ma\u00eetrise pour chaque langue (par exemple, courant, interm\u00e9diaire, d\u00e9butant).<\/p>\n\n\n\n<h2 class=\"wp-block-heading\">9. <strong>Personnalisation du CV pour chaque poste<\/strong><\/h2>\n\n\n\n<p>Afin de maximiser vos chances, adaptez votre CV \u00e0 chaque poste auquel vous postulez. Mettez en avant les comp\u00e9tences et l&rsquo;exp\u00e9rience les plus pertinentes pour le poste en question. Cela montre aux recruteurs que vous avez pris le temps de comprendre leurs besoins sp\u00e9cifiques.<\/p>\n\n\n\n<h2 class=\"wp-block-heading\">10. <strong>Mise en page professionnelle du CV<\/strong><\/h2>\n\n\n\n<p>Optez \u00e9galement pour une mise en page propre, professionnelle et facile \u00e0 lire. Utilisez ainsi une police standard telle que Arial, Calibri ou Times New Roman, et \u00e9vitez les polices extravagantes. Utilisez des puces et des marges ad\u00e9quates pour am\u00e9liorer la lisibilit\u00e9.<\/p>\n\n\n\n<p>En suivant ces \u00e9tapes cl\u00e9s, vous serez en mesure de r\u00e9diger un CV percutant et professionnel qui attirera l&rsquo;attention des recruteurs. N&rsquo;oubliez pas aussi de relire et de corriger votre CV pour \u00e9viter les erreurs grammaticales et typographiques. Votre CV est votre carte de visite professionnelle, alors assurez-vous qu&rsquo;il refl\u00e8te au mieux vos comp\u00e9tences et votre potentiel. Bonne r\u00e9daction !<\/p>\n<!--CusAds0-->\n<div style=\"font-size: 0px; height: 0px; line-height: 0px; margin: 0; padding: 0; clear: both;\"><\/div>","protected":false},"excerpt":{"rendered":"<p>La r\u00e9daction d&rsquo;un curriculum vitae (CV) efficace est une \u00e9tape cruciale dans la recherche d&#8217;emploi. Votre CV est souvent le premier contact que vous avez avec un employeur potentiel, et il doit donc refl\u00e9ter vos comp\u00e9tences, votre exp\u00e9rience et votre personnalit\u00e9 de mani\u00e8re convaincante. Dans cet article, nous vous guiderons \u00e0 travers les \u00e9tapes essentielles<\/p>\n","protected":false},"author":6,"featured_media":27933,"comment_status":"open","ping_status":"open","sticky":false,"template":"","format":"standard","meta":{"footnotes":""},"categories":[22],"tags":[208],"class_list":["post-27932","post","type-post","status-publish","format-standard","has-post-thumbnail","hentry","category-infos","tag-une"],"yoast_head":"<!-- This site is optimized with the Yoast SEO plugin v27.5 - https:\/\/yoast.com\/product\/yoast-seo-wordpress\/ -->\n<title>Comment r\u00e9diger un CV de qualit\u00e9 - info algerie<\/title>\n<meta name=\"description\" content=\"Nous vous guiderons \u00e0 travers les \u00e9tapes essentielles pour r\u00e9diger un CV de qualit\u00e9 qui captera l&#039;attention des recruteurs.\" \/>\n<meta name=\"robots\" content=\"index, follow, max-snippet:-1, max-image-preview:large, max-video-preview:-1\" \/>\n<link rel=\"canonical\" href=\"https:\/\/www.info-algerie.com\/actualites\/comment-rediger-un-cv-de-qualite\/\" \/>\n<meta property=\"og:locale\" content=\"fr_FR\" \/>\n<meta property=\"og:type\" content=\"article\" \/>\n<meta property=\"og:title\" content=\"Comment r\u00e9diger un CV de qualit\u00e9 - info algerie\" \/>\n<meta property=\"og:description\" content=\"Nous vous guiderons \u00e0 travers les \u00e9tapes essentielles pour r\u00e9diger un CV de qualit\u00e9 qui captera l&#039;attention des recruteurs.\" \/>\n<meta property=\"og:url\" content=\"https:\/\/www.info-algerie.com\/actualites\/comment-rediger-un-cv-de-qualite\/\" \/>\n<meta property=\"og:site_name\" content=\"info algerie\" \/>\n<meta property=\"article:publisher\" content=\"https:\/\/www.facebook.com\/infoalgerieactu\" \/>\n<meta property=\"article:published_time\" content=\"2023-08-21T10:24:29+00:00\" \/>\n<meta property=\"article:modified_time\" content=\"2023-08-21T10:24:32+00:00\" \/>\n<meta property=\"og:image\" content=\"https:\/\/www.info-algerie.com\/actualites\/wp-content\/uploads\/2023\/08\/cv.webp\" \/>\n\t<meta property=\"og:image:width\" content=\"1280\" \/>\n\t<meta property=\"og:image:height\" content=\"867\" \/>\n\t<meta property=\"og:image:type\" content=\"image\/webp\" \/>\n<meta name=\"author\" content=\"La r\u00e9daction\" \/>\n<meta name=\"twitter:label1\" content=\"\u00c9crit par\" \/>\n\t<meta name=\"twitter:data1\" content=\"La r\u00e9daction\" \/>\n\t<meta name=\"twitter:label2\" content=\"Dur\u00e9e de lecture estim\u00e9e\" \/>\n\t<meta name=\"twitter:data2\" content=\"4 minutes\" \/>\n<script type=\"application\/ld+json\" class=\"yoast-schema-graph\">{\"@context\":\"https:\\\/\\\/schema.org\",\"@graph\":[{\"@type\":\"Article\",\"@id\":\"https:\\\/\\\/www.info-algerie.com\\\/actualites\\\/comment-rediger-un-cv-de-qualite\\\/#article\",\"isPartOf\":{\"@id\":\"https:\\\/\\\/www.info-algerie.com\\\/actualites\\\/comment-rediger-un-cv-de-qualite\\\/\"},\"author\":{\"name\":\"La r\u00e9daction\",\"@id\":\"https:\\\/\\\/www.info-algerie.com\\\/actualites\\\/#\\\/schema\\\/person\\\/847aaec44920825b843a08f30ec6aa1e\"},\"headline\":\"Comment r\u00e9diger un CV de qualit\u00e9\",\"datePublished\":\"2023-08-21T10:24:29+00:00\",\"dateModified\":\"2023-08-21T10:24:32+00:00\",\"mainEntityOfPage\":{\"@id\":\"https:\\\/\\\/www.info-algerie.com\\\/actualites\\\/comment-rediger-un-cv-de-qualite\\\/\"},\"wordCount\":703,\"commentCount\":0,\"publisher\":{\"@id\":\"https:\\\/\\\/www.info-algerie.com\\\/actualites\\\/#organization\"},\"image\":{\"@id\":\"https:\\\/\\\/www.info-algerie.com\\\/actualites\\\/comment-rediger-un-cv-de-qualite\\\/#primaryimage\"},\"thumbnailUrl\":\"https:\\\/\\\/www.info-algerie.com\\\/actualites\\\/wp-content\\\/uploads\\\/2023\\\/08\\\/cv.webp\",\"keywords\":[\"une\"],\"articleSection\":[\"infos\"],\"inLanguage\":\"fr-FR\",\"potentialAction\":[{\"@type\":\"CommentAction\",\"name\":\"Comment\",\"target\":[\"https:\\\/\\\/www.info-algerie.com\\\/actualites\\\/comment-rediger-un-cv-de-qualite\\\/#respond\"]}]},{\"@type\":\"WebPage\",\"@id\":\"https:\\\/\\\/www.info-algerie.com\\\/actualites\\\/comment-rediger-un-cv-de-qualite\\\/\",\"url\":\"https:\\\/\\\/www.info-algerie.com\\\/actualites\\\/comment-rediger-un-cv-de-qualite\\\/\",\"name\":\"Comment r\u00e9diger un CV de qualit\u00e9 - info algerie\",\"isPartOf\":{\"@id\":\"https:\\\/\\\/www.info-algerie.com\\\/actualites\\\/#website\"},\"primaryImageOfPage\":{\"@id\":\"https:\\\/\\\/www.info-algerie.com\\\/actualites\\\/comment-rediger-un-cv-de-qualite\\\/#primaryimage\"},\"image\":{\"@id\":\"https:\\\/\\\/www.info-algerie.com\\\/actualites\\\/comment-rediger-un-cv-de-qualite\\\/#primaryimage\"},\"thumbnailUrl\":\"https:\\\/\\\/www.info-algerie.com\\\/actualites\\\/wp-content\\\/uploads\\\/2023\\\/08\\\/cv.webp\",\"datePublished\":\"2023-08-21T10:24:29+00:00\",\"dateModified\":\"2023-08-21T10:24:32+00:00\",\"description\":\"Nous vous guiderons \u00e0 travers les \u00e9tapes essentielles pour r\u00e9diger un CV de qualit\u00e9 qui captera l'attention des recruteurs.\",\"breadcrumb\":{\"@id\":\"https:\\\/\\\/www.info-algerie.com\\\/actualites\\\/comment-rediger-un-cv-de-qualite\\\/#breadcrumb\"},\"inLanguage\":\"fr-FR\",\"potentialAction\":[{\"@type\":\"ReadAction\",\"target\":[\"https:\\\/\\\/www.info-algerie.com\\\/actualites\\\/comment-rediger-un-cv-de-qualite\\\/\"]}]},{\"@type\":\"ImageObject\",\"inLanguage\":\"fr-FR\",\"@id\":\"https:\\\/\\\/www.info-algerie.com\\\/actualites\\\/comment-rediger-un-cv-de-qualite\\\/#primaryimage\",\"url\":\"https:\\\/\\\/www.info-algerie.com\\\/actualites\\\/wp-content\\\/uploads\\\/2023\\\/08\\\/cv.webp\",\"contentUrl\":\"https:\\\/\\\/www.info-algerie.com\\\/actualites\\\/wp-content\\\/uploads\\\/2023\\\/08\\\/cv.webp\",\"width\":1280,\"height\":867,\"caption\":\"r\u00e9diger un CV\"},{\"@type\":\"BreadcrumbList\",\"@id\":\"https:\\\/\\\/www.info-algerie.com\\\/actualites\\\/comment-rediger-un-cv-de-qualite\\\/#breadcrumb\",\"itemListElement\":[{\"@type\":\"ListItem\",\"position\":1,\"name\":\"Accueil\",\"item\":\"https:\\\/\\\/www.info-algerie.com\\\/actualites\\\/\"},{\"@type\":\"ListItem\",\"position\":2,\"name\":\"Comment r\u00e9diger un CV de qualit\u00e9\"}]},{\"@type\":\"WebSite\",\"@id\":\"https:\\\/\\\/www.info-algerie.com\\\/actualites\\\/#website\",\"url\":\"https:\\\/\\\/www.info-algerie.com\\\/actualites\\\/\",\"name\":\"info algerie\",\"description\":\"Toutes les actualit\u00e9s\",\"publisher\":{\"@id\":\"https:\\\/\\\/www.info-algerie.com\\\/actualites\\\/#organization\"},\"potentialAction\":[{\"@type\":\"SearchAction\",\"target\":{\"@type\":\"EntryPoint\",\"urlTemplate\":\"https:\\\/\\\/www.info-algerie.com\\\/actualites\\\/?s={search_term_string}\"},\"query-input\":{\"@type\":\"PropertyValueSpecification\",\"valueRequired\":true,\"valueName\":\"search_term_string\"}}],\"inLanguage\":\"fr-FR\"},{\"@type\":\"Organization\",\"@id\":\"https:\\\/\\\/www.info-algerie.com\\\/actualites\\\/#organization\",\"name\":\"info algerie\",\"url\":\"https:\\\/\\\/www.info-algerie.com\\\/actualites\\\/\",\"logo\":{\"@type\":\"ImageObject\",\"inLanguage\":\"fr-FR\",\"@id\":\"https:\\\/\\\/www.info-algerie.com\\\/actualites\\\/#\\\/schema\\\/logo\\\/image\\\/\",\"url\":\"https:\\\/\\\/www.info-algerie.com\\\/actualites\\\/wp-content\\\/uploads\\\/2022\\\/07\\\/logo-ia-120.png\",\"contentUrl\":\"https:\\\/\\\/www.info-algerie.com\\\/actualites\\\/wp-content\\\/uploads\\\/2022\\\/07\\\/logo-ia-120.png\",\"width\":120,\"height\":43,\"caption\":\"info algerie\"},\"image\":{\"@id\":\"https:\\\/\\\/www.info-algerie.com\\\/actualites\\\/#\\\/schema\\\/logo\\\/image\\\/\"},\"sameAs\":[\"https:\\\/\\\/www.facebook.com\\\/infoalgerieactu\",\"https:\\\/\\\/x.com\\\/infoalgerie1\"]},{\"@type\":\"Person\",\"@id\":\"https:\\\/\\\/www.info-algerie.com\\\/actualites\\\/#\\\/schema\\\/person\\\/847aaec44920825b843a08f30ec6aa1e\",\"name\":\"La r\u00e9daction\",\"image\":{\"@type\":\"ImageObject\",\"inLanguage\":\"fr-FR\",\"@id\":\"https:\\\/\\\/secure.gravatar.com\\\/avatar\\\/769db425c6f465158149f1ffd6cf61ce7a8a879d11dfbef8288af36dfddd418c?s=96&d=mm&r=g\",\"url\":\"https:\\\/\\\/secure.gravatar.com\\\/avatar\\\/769db425c6f465158149f1ffd6cf61ce7a8a879d11dfbef8288af36dfddd418c?s=96&d=mm&r=g\",\"contentUrl\":\"https:\\\/\\\/secure.gravatar.com\\\/avatar\\\/769db425c6f465158149f1ffd6cf61ce7a8a879d11dfbef8288af36dfddd418c?s=96&d=mm&r=g\",\"caption\":\"La r\u00e9daction\"},\"sameAs\":[\"http:\\\/\\\/www.lkeria.com\\\/\"],\"url\":\"https:\\\/\\\/www.info-algerie.com\\\/actualites\\\/author\\\/chakib32\\\/\"}]}<\/script>\n<!-- \/ Yoast SEO plugin. -->","yoast_head_json":{"title":"Comment r\u00e9diger un CV de qualit\u00e9 - info algerie","description":"Nous vous guiderons \u00e0 travers les \u00e9tapes essentielles pour r\u00e9diger un CV de qualit\u00e9 qui captera l'attention des recruteurs.","robots":{"index":"index","follow":"follow","max-snippet":"max-snippet:-1","max-image-preview":"max-image-preview:large","max-video-preview":"max-video-preview:-1"},"canonical":"https:\/\/www.info-algerie.com\/actualites\/comment-rediger-un-cv-de-qualite\/","og_locale":"fr_FR","og_type":"article","og_title":"Comment r\u00e9diger un CV de qualit\u00e9 - info algerie","og_description":"Nous vous guiderons \u00e0 travers les \u00e9tapes essentielles pour r\u00e9diger un CV de qualit\u00e9 qui captera l'attention des recruteurs.","og_url":"https:\/\/www.info-algerie.com\/actualites\/comment-rediger-un-cv-de-qualite\/","og_site_name":"info algerie","article_publisher":"https:\/\/www.facebook.com\/infoalgerieactu","article_published_time":"2023-08-21T10:24:29+00:00","article_modified_time":"2023-08-21T10:24:32+00:00","og_image":[{"width":1280,"height":867,"url":"https:\/\/www.info-algerie.com\/actualites\/wp-content\/uploads\/2023\/08\/cv.webp","type":"image\/webp"}],"author":"La r\u00e9daction","twitter_misc":{"\u00c9crit par":"La r\u00e9daction","Dur\u00e9e de lecture estim\u00e9e":"4 minutes"},"schema":{"@context":"https:\/\/schema.org","@graph":[{"@type":"Article","@id":"https:\/\/www.info-algerie.com\/actualites\/comment-rediger-un-cv-de-qualite\/#article","isPartOf":{"@id":"https:\/\/www.info-algerie.com\/actualites\/comment-rediger-un-cv-de-qualite\/"},"author":{"name":"La r\u00e9daction","@id":"https:\/\/www.info-algerie.com\/actualites\/#\/schema\/person\/847aaec44920825b843a08f30ec6aa1e"},"headline":"Comment r\u00e9diger un CV de qualit\u00e9","datePublished":"2023-08-21T10:24:29+00:00","dateModified":"2023-08-21T10:24:32+00:00","mainEntityOfPage":{"@id":"https:\/\/www.info-algerie.com\/actualites\/comment-rediger-un-cv-de-qualite\/"},"wordCount":703,"commentCount":0,"publisher":{"@id":"https:\/\/www.info-algerie.com\/actualites\/#organization"},"image":{"@id":"https:\/\/www.info-algerie.com\/actualites\/comment-rediger-un-cv-de-qualite\/#primaryimage"},"thumbnailUrl":"https:\/\/www.info-algerie.com\/actualites\/wp-content\/uploads\/2023\/08\/cv.webp","keywords":["une"],"articleSection":["infos"],"inLanguage":"fr-FR","potentialAction":[{"@type":"CommentAction","name":"Comment","target":["https:\/\/www.info-algerie.com\/actualites\/comment-rediger-un-cv-de-qualite\/#respond"]}]},{"@type":"WebPage","@id":"https:\/\/www.info-algerie.com\/actualites\/comment-rediger-un-cv-de-qualite\/","url":"https:\/\/www.info-algerie.com\/actualites\/comment-rediger-un-cv-de-qualite\/","name":"Comment r\u00e9diger un CV de qualit\u00e9 - info algerie","isPartOf":{"@id":"https:\/\/www.info-algerie.com\/actualites\/#website"},"primaryImageOfPage":{"@id":"https:\/\/www.info-algerie.com\/actualites\/comment-rediger-un-cv-de-qualite\/#primaryimage"},"image":{"@id":"https:\/\/www.info-algerie.com\/actualites\/comment-rediger-un-cv-de-qualite\/#primaryimage"},"thumbnailUrl":"https:\/\/www.info-algerie.com\/actualites\/wp-content\/uploads\/2023\/08\/cv.webp","datePublished":"2023-08-21T10:24:29+00:00","dateModified":"2023-08-21T10:24:32+00:00","description":"Nous vous guiderons \u00e0 travers les \u00e9tapes essentielles pour r\u00e9diger un CV de qualit\u00e9 qui captera l'attention des recruteurs.","breadcrumb":{"@id":"https:\/\/www.info-algerie.com\/actualites\/comment-rediger-un-cv-de-qualite\/#breadcrumb"},"inLanguage":"fr-FR","potentialAction":[{"@type":"ReadAction","target":["https:\/\/www.info-algerie.com\/actualites\/comment-rediger-un-cv-de-qualite\/"]}]},{"@type":"ImageObject","inLanguage":"fr-FR","@id":"https:\/\/www.info-algerie.com\/actualites\/comment-rediger-un-cv-de-qualite\/#primaryimage","url":"https:\/\/www.info-algerie.com\/actualites\/wp-content\/uploads\/2023\/08\/cv.webp","contentUrl":"https:\/\/www.info-algerie.com\/actualites\/wp-content\/uploads\/2023\/08\/cv.webp","width":1280,"height":867,"caption":"r\u00e9diger un CV"},{"@type":"BreadcrumbList","@id":"https:\/\/www.info-algerie.com\/actualites\/comment-rediger-un-cv-de-qualite\/#breadcrumb","itemListElement":[{"@type":"ListItem","position":1,"name":"Accueil","item":"https:\/\/www.info-algerie.com\/actualites\/"},{"@type":"ListItem","position":2,"name":"Comment r\u00e9diger un CV de qualit\u00e9"}]},{"@type":"WebSite","@id":"https:\/\/www.info-algerie.com\/actualites\/#website","url":"https:\/\/www.info-algerie.com\/actualites\/","name":"info algerie","description":"Toutes les actualit\u00e9s","publisher":{"@id":"https:\/\/www.info-algerie.com\/actualites\/#organization"},"potentialAction":[{"@type":"SearchAction","target":{"@type":"EntryPoint","urlTemplate":"https:\/\/www.info-algerie.com\/actualites\/?s={search_term_string}"},"query-input":{"@type":"PropertyValueSpecification","valueRequired":true,"valueName":"search_term_string"}}],"inLanguage":"fr-FR"},{"@type":"Organization","@id":"https:\/\/www.info-algerie.com\/actualites\/#organization","name":"info algerie","url":"https:\/\/www.info-algerie.com\/actualites\/","logo":{"@type":"ImageObject","inLanguage":"fr-FR","@id":"https:\/\/www.info-algerie.com\/actualites\/#\/schema\/logo\/image\/","url":"https:\/\/www.info-algerie.com\/actualites\/wp-content\/uploads\/2022\/07\/logo-ia-120.png","contentUrl":"https:\/\/www.info-algerie.com\/actualites\/wp-content\/uploads\/2022\/07\/logo-ia-120.png","width":120,"height":43,"caption":"info algerie"},"image":{"@id":"https:\/\/www.info-algerie.com\/actualites\/#\/schema\/logo\/image\/"},"sameAs":["https:\/\/www.facebook.com\/infoalgerieactu","https:\/\/x.com\/infoalgerie1"]},{"@type":"Person","@id":"https:\/\/www.info-algerie.com\/actualites\/#\/schema\/person\/847aaec44920825b843a08f30ec6aa1e","name":"La r\u00e9daction","image":{"@type":"ImageObject","inLanguage":"fr-FR","@id":"https:\/\/secure.gravatar.com\/avatar\/769db425c6f465158149f1ffd6cf61ce7a8a879d11dfbef8288af36dfddd418c?s=96&d=mm&r=g","url":"https:\/\/secure.gravatar.com\/avatar\/769db425c6f465158149f1ffd6cf61ce7a8a879d11dfbef8288af36dfddd418c?s=96&d=mm&r=g","contentUrl":"https:\/\/secure.gravatar.com\/avatar\/769db425c6f465158149f1ffd6cf61ce7a8a879d11dfbef8288af36dfddd418c?s=96&d=mm&r=g","caption":"La r\u00e9daction"},"sameAs":["http:\/\/www.lkeria.com\/"],"url":"https:\/\/www.info-algerie.com\/actualites\/author\/chakib32\/"}]}},"_links":{"self":[{"href":"https:\/\/www.info-algerie.com\/actualites\/wp-json\/wp\/v2\/posts\/27932","targetHints":{"allow":["GET"]}}],"collection":[{"href":"https:\/\/www.info-algerie.com\/actualites\/wp-json\/wp\/v2\/posts"}],"about":[{"href":"https:\/\/www.info-algerie.com\/actualites\/wp-json\/wp\/v2\/types\/post"}],"author":[{"embeddable":true,"href":"https:\/\/www.info-algerie.com\/actualites\/wp-json\/wp\/v2\/users\/6"}],"replies":[{"embeddable":true,"href":"https:\/\/www.info-algerie.com\/actualites\/wp-json\/wp\/v2\/comments?post=27932"}],"version-history":[{"count":2,"href":"https:\/\/www.info-algerie.com\/actualites\/wp-json\/wp\/v2\/posts\/27932\/revisions"}],"predecessor-version":[{"id":27936,"href":"https:\/\/www.info-algerie.com\/actualites\/wp-json\/wp\/v2\/posts\/27932\/revisions\/27936"}],"wp:featuredmedia":[{"embeddable":true,"href":"https:\/\/www.info-algerie.com\/actualites\/wp-json\/wp\/v2\/media\/27933"}],"wp:attachment":[{"href":"https:\/\/www.info-algerie.com\/actualites\/wp-json\/wp\/v2\/media?parent=27932"}],"wp:term":[{"taxonomy":"category","embeddable":true,"href":"https:\/\/www.info-algerie.com\/actualites\/wp-json\/wp\/v2\/categories?post=27932"},{"taxonomy":"post_tag","embeddable":true,"href":"https:\/\/www.info-algerie.com\/actualites\/wp-json\/wp\/v2\/tags?post=27932"}],"curies":[{"name":"wp","href":"https:\/\/api.w.org\/{rel}","templated":true}]}}