{"id":280,"date":"2015-08-27T14:57:43","date_gmt":"2015-08-27T13:57:43","guid":{"rendered":"http:\/\/www.info-algerie.com\/actualites\/deces-du-moudjahid-djelloul-malaika-lalgerie-a-perdu-un-symbole-du-patriote-sincere-bouteflika\/"},"modified":"2015-08-28T11:28:43","modified_gmt":"2015-08-28T10:28:43","slug":"deces-du-moudjahid-djelloul-malaika-lalgerie-a-perdu-un-symbole-du-patriote-sincere-bouteflika","status":"publish","type":"post","link":"https:\/\/www.info-algerie.com\/actualites\/deces-du-moudjahid-djelloul-malaika-lalgerie-a-perdu-un-symbole-du-patriote-sincere-bouteflika\/","title":{"rendered":"D\u00e9c\u00e8s du moudjahid Djelloul Malaika : l&rsquo;Alg\u00e9rie a perdu un symbole du patriote sinc\u00e8re"},"content":{"rendered":"<h2 class=\"K2FeedImage\"><img alt=\"\" \/>D\u00e9c\u00e8s du moudjahid Djelloul Malaika<\/h2>\n<div class=\"K2FeedIntroText\">\n<p style=\"text-align: justify;\"><strong>L&rsquo;ONM salue le d\u00e9vouement du d\u00e9funt Djelloul Malaika \u00e0 la patrie pendant et apr\u00e8s la guerre de lib\u00e9ration<\/strong><\/p>\n<p style=\"text-align: justify;\">L&rsquo;Organisation nationale des moudjahidine (ONM) a rendu jeudi hommage au moudjahid Djelloul Malaika, d\u00e9c\u00e9d\u00e9 mercredi \u00e0 l&rsquo;\u00e2ge de 87 ans, affirmant que le d\u00e9funt \u00ab\u00a0\u00e9tait de ceux qui se sont d\u00e9vou\u00e9s \u00e0 leur patrie et au combat lib\u00e9rateur\u00a0\u00bb.<\/p>\n<p style=\"text-align: justify;\">\u00ab\u00a0Le regrett\u00e9 a accompli son devoir avec d\u00e9vouement pendant et apr\u00e8s la guerre de lib\u00e9ration\u00a0\u00bb, souligne l&rsquo;ONM dans un message de condol\u00e9ances adress\u00e9 \u00e0 la famille du d\u00e9funt, rappelant que \u00ab\u00a0Djelloul Malaika \u00e9tait un militant du mouvement national jusqu&rsquo;au d\u00e9clenchement de la r\u00e9volution o\u00f9 il a rejoint l&rsquo;Arm\u00e9e de lib\u00e9ration nationale (ALN) en 1955\u00a0\u00bb.<\/p>\n<p style=\"text-align: justify;\">\u00ab\u00a0Le d\u00e9funt qui a poursuivi son combat apr\u00e8s l&rsquo;ind\u00e9pendance avec la m\u00eame d\u00e9termination et le m\u00eame esprit de sacrifice a \u00e9t\u00e9 \u00e9lu au Conseil national constitutif avant d&rsquo;\u00eatre nomm\u00e9 \u00e0 la t\u00eate du bureau de soutien aux mouvements de lib\u00e9ration entre 1965 et 1977. Il a \u00e9galement \u00e9t\u00e9 d\u00e9put\u00e9 \u00e0 l&rsquo;Assembl\u00e9e populaire nationale (APN) pour plusieurs mandats\u00a0\u00bb, rappelle encore l&rsquo;ONM dans son message.<\/p>\n<\/div>\n<p>Source: <a href=\"http:\/\/www.aps.dz\/algerie\/27680-d%C3%A9c%C3%A8s-du-moudjahid-djelloul-malaika-l-alg%C3%A9rie-a-perdu-un-symbole-du-patriote-sinc%C3%A8re-bouteflika\" target=\"_blank\">D\u00e9c\u00e8s du moudjahid Djelloul Malaika: l&rsquo;Alg\u00e9rie a perdu \u00ab\u00a0un symbole du patriote sinc\u00e8re\u00a0\u00bb (Bouteflika)<\/a><\/p>\n<!--CusAds0-->\n<div style=\"font-size: 0px; height: 0px; line-height: 0px; margin: 0; padding: 0; clear: both;\"><\/div>","protected":false},"excerpt":{"rendered":"<p>D\u00e9c\u00e8s du moudjahid Djelloul Malaika L&rsquo;ONM salue le d\u00e9vouement du d\u00e9funt Djelloul Malaika \u00e0 la patrie pendant et apr\u00e8s la guerre de lib\u00e9ration L&rsquo;Organisation nationale des moudjahidine (ONM) a rendu jeudi hommage au moudjahid Djelloul Malaika, d\u00e9c\u00e9d\u00e9 mercredi \u00e0 l&rsquo;\u00e2ge de 87 ans, affirmant que le d\u00e9funt \u00ab\u00a0\u00e9tait de ceux qui se sont d\u00e9vou\u00e9s \u00e0<\/p>\n","protected":false},"author":6,"featured_media":330,"comment_status":"open","ping_status":"open","sticky":false,"template":"","format":"standard","meta":{"footnotes":""},"categories":[22],"tags":[50],"class_list":["post-280","post","type-post","status-publish","format-standard","has-post-thumbnail","hentry","category-infos","tag-djelloul-malaika"],"yoast_head":"<!-- This site is optimized with the Yoast SEO plugin v27.5 - https:\/\/yoast.com\/product\/yoast-seo-wordpress\/ -->\n<title>D\u00e9c\u00e8s du moudjahid Djelloul Malaika l&#039;Alg\u00e9rie a perdu<\/title>\n<meta name=\"description\" content=\"D\u00e9c\u00e8s du moudjahid Djelloul Malaika : l&#039;Alg\u00e9rie a perdu un symbole du patriote sinc\u00e8re, d\u00e9c\u00e9d\u00e9 mercredi \u00e0 l&#039;\u00e2ge de 87 ans\" \/>\n<meta name=\"robots\" content=\"index, follow, max-snippet:-1, max-image-preview:large, max-video-preview:-1\" \/>\n<link rel=\"canonical\" href=\"https:\/\/www.info-algerie.com\/actualites\/deces-du-moudjahid-djelloul-malaika-lalgerie-a-perdu-un-symbole-du-patriote-sincere-bouteflika\/\" \/>\n<meta property=\"og:locale\" content=\"fr_FR\" \/>\n<meta property=\"og:type\" content=\"article\" \/>\n<meta property=\"og:title\" content=\"D\u00e9c\u00e8s du moudjahid Djelloul Malaika l&#039;Alg\u00e9rie a perdu\" \/>\n<meta property=\"og:description\" content=\"D\u00e9c\u00e8s du moudjahid Djelloul Malaika : l&#039;Alg\u00e9rie a perdu un symbole du patriote sinc\u00e8re, d\u00e9c\u00e9d\u00e9 mercredi \u00e0 l&#039;\u00e2ge de 87 ans\" \/>\n<meta property=\"og:url\" content=\"https:\/\/www.info-algerie.com\/actualites\/deces-du-moudjahid-djelloul-malaika-lalgerie-a-perdu-un-symbole-du-patriote-sincere-bouteflika\/\" \/>\n<meta property=\"og:site_name\" content=\"info algerie\" \/>\n<meta property=\"article:publisher\" content=\"https:\/\/www.facebook.com\/infoalgerieactu\" \/>\n<meta property=\"article:published_time\" content=\"2015-08-27T13:57:43+00:00\" \/>\n<meta property=\"article:modified_time\" content=\"2015-08-28T10:28:43+00:00\" \/>\n<meta property=\"og:image\" content=\"https:\/\/www.info-algerie.com\/actualites\/wp-content\/uploads\/2015\/08\/D\u00e9c\u00e8s-du-moudjahid-Djelloul-Malaika.jpg\" \/>\n\t<meta property=\"og:image:width\" content=\"350\" \/>\n\t<meta property=\"og:image:height\" content=\"253\" \/>\n\t<meta property=\"og:image:type\" content=\"image\/jpeg\" \/>\n<meta name=\"author\" content=\"La r\u00e9daction\" \/>\n<meta name=\"twitter:label1\" content=\"\u00c9crit par\" \/>\n\t<meta name=\"twitter:data1\" content=\"La r\u00e9daction\" \/>\n\t<meta name=\"twitter:label2\" content=\"Dur\u00e9e de lecture estim\u00e9e\" \/>\n\t<meta name=\"twitter:data2\" content=\"1 minute\" \/>\n<script type=\"application\/ld+json\" class=\"yoast-schema-graph\">{\"@context\":\"https:\\\/\\\/schema.org\",\"@graph\":[{\"@type\":\"Article\",\"@id\":\"https:\\\/\\\/www.info-algerie.com\\\/actualites\\\/deces-du-moudjahid-djelloul-malaika-lalgerie-a-perdu-un-symbole-du-patriote-sincere-bouteflika\\\/#article\",\"isPartOf\":{\"@id\":\"https:\\\/\\\/www.info-algerie.com\\\/actualites\\\/deces-du-moudjahid-djelloul-malaika-lalgerie-a-perdu-un-symbole-du-patriote-sincere-bouteflika\\\/\"},\"author\":{\"name\":\"La r\u00e9daction\",\"@id\":\"https:\\\/\\\/www.info-algerie.com\\\/actualites\\\/#\\\/schema\\\/person\\\/847aaec44920825b843a08f30ec6aa1e\"},\"headline\":\"D\u00e9c\u00e8s du moudjahid Djelloul Malaika : l&rsquo;Alg\u00e9rie a perdu un symbole du patriote sinc\u00e8re\",\"datePublished\":\"2015-08-27T13:57:43+00:00\",\"dateModified\":\"2015-08-28T10:28:43+00:00\",\"mainEntityOfPage\":{\"@id\":\"https:\\\/\\\/www.info-algerie.com\\\/actualites\\\/deces-du-moudjahid-djelloul-malaika-lalgerie-a-perdu-un-symbole-du-patriote-sincere-bouteflika\\\/\"},\"wordCount\":247,\"commentCount\":0,\"publisher\":{\"@id\":\"https:\\\/\\\/www.info-algerie.com\\\/actualites\\\/#organization\"},\"image\":{\"@id\":\"https:\\\/\\\/www.info-algerie.com\\\/actualites\\\/deces-du-moudjahid-djelloul-malaika-lalgerie-a-perdu-un-symbole-du-patriote-sincere-bouteflika\\\/#primaryimage\"},\"thumbnailUrl\":\"https:\\\/\\\/www.info-algerie.com\\\/actualites\\\/wp-content\\\/uploads\\\/2015\\\/08\\\/D\u00e9c\u00e8s-du-moudjahid-Djelloul-Malaika.jpg\",\"keywords\":[\"Djelloul Malaika\"],\"articleSection\":[\"infos\"],\"inLanguage\":\"fr-FR\",\"potentialAction\":[{\"@type\":\"CommentAction\",\"name\":\"Comment\",\"target\":[\"https:\\\/\\\/www.info-algerie.com\\\/actualites\\\/deces-du-moudjahid-djelloul-malaika-lalgerie-a-perdu-un-symbole-du-patriote-sincere-bouteflika\\\/#respond\"]}]},{\"@type\":\"WebPage\",\"@id\":\"https:\\\/\\\/www.info-algerie.com\\\/actualites\\\/deces-du-moudjahid-djelloul-malaika-lalgerie-a-perdu-un-symbole-du-patriote-sincere-bouteflika\\\/\",\"url\":\"https:\\\/\\\/www.info-algerie.com\\\/actualites\\\/deces-du-moudjahid-djelloul-malaika-lalgerie-a-perdu-un-symbole-du-patriote-sincere-bouteflika\\\/\",\"name\":\"D\u00e9c\u00e8s du moudjahid Djelloul Malaika l'Alg\u00e9rie a perdu\",\"isPartOf\":{\"@id\":\"https:\\\/\\\/www.info-algerie.com\\\/actualites\\\/#website\"},\"primaryImageOfPage\":{\"@id\":\"https:\\\/\\\/www.info-algerie.com\\\/actualites\\\/deces-du-moudjahid-djelloul-malaika-lalgerie-a-perdu-un-symbole-du-patriote-sincere-bouteflika\\\/#primaryimage\"},\"image\":{\"@id\":\"https:\\\/\\\/www.info-algerie.com\\\/actualites\\\/deces-du-moudjahid-djelloul-malaika-lalgerie-a-perdu-un-symbole-du-patriote-sincere-bouteflika\\\/#primaryimage\"},\"thumbnailUrl\":\"https:\\\/\\\/www.info-algerie.com\\\/actualites\\\/wp-content\\\/uploads\\\/2015\\\/08\\\/D\u00e9c\u00e8s-du-moudjahid-Djelloul-Malaika.jpg\",\"datePublished\":\"2015-08-27T13:57:43+00:00\",\"dateModified\":\"2015-08-28T10:28:43+00:00\",\"description\":\"D\u00e9c\u00e8s du moudjahid Djelloul Malaika : l'Alg\u00e9rie a perdu un symbole du patriote sinc\u00e8re, d\u00e9c\u00e9d\u00e9 mercredi \u00e0 l'\u00e2ge de 87 ans\",\"breadcrumb\":{\"@id\":\"https:\\\/\\\/www.info-algerie.com\\\/actualites\\\/deces-du-moudjahid-djelloul-malaika-lalgerie-a-perdu-un-symbole-du-patriote-sincere-bouteflika\\\/#breadcrumb\"},\"inLanguage\":\"fr-FR\",\"potentialAction\":[{\"@type\":\"ReadAction\",\"target\":[\"https:\\\/\\\/www.info-algerie.com\\\/actualites\\\/deces-du-moudjahid-djelloul-malaika-lalgerie-a-perdu-un-symbole-du-patriote-sincere-bouteflika\\\/\"]}]},{\"@type\":\"ImageObject\",\"inLanguage\":\"fr-FR\",\"@id\":\"https:\\\/\\\/www.info-algerie.com\\\/actualites\\\/deces-du-moudjahid-djelloul-malaika-lalgerie-a-perdu-un-symbole-du-patriote-sincere-bouteflika\\\/#primaryimage\",\"url\":\"https:\\\/\\\/www.info-algerie.com\\\/actualites\\\/wp-content\\\/uploads\\\/2015\\\/08\\\/D\u00e9c\u00e8s-du-moudjahid-Djelloul-Malaika.jpg\",\"contentUrl\":\"https:\\\/\\\/www.info-algerie.com\\\/actualites\\\/wp-content\\\/uploads\\\/2015\\\/08\\\/D\u00e9c\u00e8s-du-moudjahid-Djelloul-Malaika.jpg\",\"width\":350,\"height\":253,\"caption\":\"D\u00e9c\u00e8s du moudjahid Djelloul Malaika\"},{\"@type\":\"BreadcrumbList\",\"@id\":\"https:\\\/\\\/www.info-algerie.com\\\/actualites\\\/deces-du-moudjahid-djelloul-malaika-lalgerie-a-perdu-un-symbole-du-patriote-sincere-bouteflika\\\/#breadcrumb\",\"itemListElement\":[{\"@type\":\"ListItem\",\"position\":1,\"name\":\"Accueil\",\"item\":\"https:\\\/\\\/www.info-algerie.com\\\/actualites\\\/\"},{\"@type\":\"ListItem\",\"position\":2,\"name\":\"D\u00e9c\u00e8s du moudjahid Djelloul Malaika : l&rsquo;Alg\u00e9rie a perdu un symbole du patriote sinc\u00e8re\"}]},{\"@type\":\"WebSite\",\"@id\":\"https:\\\/\\\/www.info-algerie.com\\\/actualites\\\/#website\",\"url\":\"https:\\\/\\\/www.info-algerie.com\\\/actualites\\\/\",\"name\":\"info algerie\",\"description\":\"Toutes les actualit\u00e9s\",\"publisher\":{\"@id\":\"https:\\\/\\\/www.info-algerie.com\\\/actualites\\\/#organization\"},\"potentialAction\":[{\"@type\":\"SearchAction\",\"target\":{\"@type\":\"EntryPoint\",\"urlTemplate\":\"https:\\\/\\\/www.info-algerie.com\\\/actualites\\\/?s={search_term_string}\"},\"query-input\":{\"@type\":\"PropertyValueSpecification\",\"valueRequired\":true,\"valueName\":\"search_term_string\"}}],\"inLanguage\":\"fr-FR\"},{\"@type\":\"Organization\",\"@id\":\"https:\\\/\\\/www.info-algerie.com\\\/actualites\\\/#organization\",\"name\":\"info algerie\",\"url\":\"https:\\\/\\\/www.info-algerie.com\\\/actualites\\\/\",\"logo\":{\"@type\":\"ImageObject\",\"inLanguage\":\"fr-FR\",\"@id\":\"https:\\\/\\\/www.info-algerie.com\\\/actualites\\\/#\\\/schema\\\/logo\\\/image\\\/\",\"url\":\"https:\\\/\\\/www.info-algerie.com\\\/actualites\\\/wp-content\\\/uploads\\\/2022\\\/07\\\/logo-ia-120.png\",\"contentUrl\":\"https:\\\/\\\/www.info-algerie.com\\\/actualites\\\/wp-content\\\/uploads\\\/2022\\\/07\\\/logo-ia-120.png\",\"width\":120,\"height\":43,\"caption\":\"info algerie\"},\"image\":{\"@id\":\"https:\\\/\\\/www.info-algerie.com\\\/actualites\\\/#\\\/schema\\\/logo\\\/image\\\/\"},\"sameAs\":[\"https:\\\/\\\/www.facebook.com\\\/infoalgerieactu\",\"https:\\\/\\\/x.com\\\/infoalgerie1\"]},{\"@type\":\"Person\",\"@id\":\"https:\\\/\\\/www.info-algerie.com\\\/actualites\\\/#\\\/schema\\\/person\\\/847aaec44920825b843a08f30ec6aa1e\",\"name\":\"La r\u00e9daction\",\"image\":{\"@type\":\"ImageObject\",\"inLanguage\":\"fr-FR\",\"@id\":\"https:\\\/\\\/secure.gravatar.com\\\/avatar\\\/769db425c6f465158149f1ffd6cf61ce7a8a879d11dfbef8288af36dfddd418c?s=96&d=mm&r=g\",\"url\":\"https:\\\/\\\/secure.gravatar.com\\\/avatar\\\/769db425c6f465158149f1ffd6cf61ce7a8a879d11dfbef8288af36dfddd418c?s=96&d=mm&r=g\",\"contentUrl\":\"https:\\\/\\\/secure.gravatar.com\\\/avatar\\\/769db425c6f465158149f1ffd6cf61ce7a8a879d11dfbef8288af36dfddd418c?s=96&d=mm&r=g\",\"caption\":\"La r\u00e9daction\"},\"sameAs\":[\"http:\\\/\\\/www.lkeria.com\\\/\"],\"url\":\"https:\\\/\\\/www.info-algerie.com\\\/actualites\\\/author\\\/chakib32\\\/\"}]}<\/script>\n<!-- \/ Yoast SEO plugin. -->","yoast_head_json":{"title":"D\u00e9c\u00e8s du moudjahid Djelloul Malaika l'Alg\u00e9rie a perdu","description":"D\u00e9c\u00e8s du moudjahid Djelloul Malaika : l'Alg\u00e9rie a perdu un symbole du patriote sinc\u00e8re, d\u00e9c\u00e9d\u00e9 mercredi \u00e0 l'\u00e2ge de 87 ans","robots":{"index":"index","follow":"follow","max-snippet":"max-snippet:-1","max-image-preview":"max-image-preview:large","max-video-preview":"max-video-preview:-1"},"canonical":"https:\/\/www.info-algerie.com\/actualites\/deces-du-moudjahid-djelloul-malaika-lalgerie-a-perdu-un-symbole-du-patriote-sincere-bouteflika\/","og_locale":"fr_FR","og_type":"article","og_title":"D\u00e9c\u00e8s du moudjahid Djelloul Malaika l'Alg\u00e9rie a perdu","og_description":"D\u00e9c\u00e8s du moudjahid Djelloul Malaika : l'Alg\u00e9rie a perdu un symbole du patriote sinc\u00e8re, d\u00e9c\u00e9d\u00e9 mercredi \u00e0 l'\u00e2ge de 87 ans","og_url":"https:\/\/www.info-algerie.com\/actualites\/deces-du-moudjahid-djelloul-malaika-lalgerie-a-perdu-un-symbole-du-patriote-sincere-bouteflika\/","og_site_name":"info algerie","article_publisher":"https:\/\/www.facebook.com\/infoalgerieactu","article_published_time":"2015-08-27T13:57:43+00:00","article_modified_time":"2015-08-28T10:28:43+00:00","og_image":[{"width":350,"height":253,"url":"https:\/\/www.info-algerie.com\/actualites\/wp-content\/uploads\/2015\/08\/D\u00e9c\u00e8s-du-moudjahid-Djelloul-Malaika.jpg","type":"image\/jpeg"}],"author":"La r\u00e9daction","twitter_misc":{"\u00c9crit par":"La r\u00e9daction","Dur\u00e9e de lecture estim\u00e9e":"1 minute"},"schema":{"@context":"https:\/\/schema.org","@graph":[{"@type":"Article","@id":"https:\/\/www.info-algerie.com\/actualites\/deces-du-moudjahid-djelloul-malaika-lalgerie-a-perdu-un-symbole-du-patriote-sincere-bouteflika\/#article","isPartOf":{"@id":"https:\/\/www.info-algerie.com\/actualites\/deces-du-moudjahid-djelloul-malaika-lalgerie-a-perdu-un-symbole-du-patriote-sincere-bouteflika\/"},"author":{"name":"La r\u00e9daction","@id":"https:\/\/www.info-algerie.com\/actualites\/#\/schema\/person\/847aaec44920825b843a08f30ec6aa1e"},"headline":"D\u00e9c\u00e8s du moudjahid Djelloul Malaika : l&rsquo;Alg\u00e9rie a perdu un symbole du patriote sinc\u00e8re","datePublished":"2015-08-27T13:57:43+00:00","dateModified":"2015-08-28T10:28:43+00:00","mainEntityOfPage":{"@id":"https:\/\/www.info-algerie.com\/actualites\/deces-du-moudjahid-djelloul-malaika-lalgerie-a-perdu-un-symbole-du-patriote-sincere-bouteflika\/"},"wordCount":247,"commentCount":0,"publisher":{"@id":"https:\/\/www.info-algerie.com\/actualites\/#organization"},"image":{"@id":"https:\/\/www.info-algerie.com\/actualites\/deces-du-moudjahid-djelloul-malaika-lalgerie-a-perdu-un-symbole-du-patriote-sincere-bouteflika\/#primaryimage"},"thumbnailUrl":"https:\/\/www.info-algerie.com\/actualites\/wp-content\/uploads\/2015\/08\/D\u00e9c\u00e8s-du-moudjahid-Djelloul-Malaika.jpg","keywords":["Djelloul Malaika"],"articleSection":["infos"],"inLanguage":"fr-FR","potentialAction":[{"@type":"CommentAction","name":"Comment","target":["https:\/\/www.info-algerie.com\/actualites\/deces-du-moudjahid-djelloul-malaika-lalgerie-a-perdu-un-symbole-du-patriote-sincere-bouteflika\/#respond"]}]},{"@type":"WebPage","@id":"https:\/\/www.info-algerie.com\/actualites\/deces-du-moudjahid-djelloul-malaika-lalgerie-a-perdu-un-symbole-du-patriote-sincere-bouteflika\/","url":"https:\/\/www.info-algerie.com\/actualites\/deces-du-moudjahid-djelloul-malaika-lalgerie-a-perdu-un-symbole-du-patriote-sincere-bouteflika\/","name":"D\u00e9c\u00e8s du moudjahid Djelloul Malaika l'Alg\u00e9rie a perdu","isPartOf":{"@id":"https:\/\/www.info-algerie.com\/actualites\/#website"},"primaryImageOfPage":{"@id":"https:\/\/www.info-algerie.com\/actualites\/deces-du-moudjahid-djelloul-malaika-lalgerie-a-perdu-un-symbole-du-patriote-sincere-bouteflika\/#primaryimage"},"image":{"@id":"https:\/\/www.info-algerie.com\/actualites\/deces-du-moudjahid-djelloul-malaika-lalgerie-a-perdu-un-symbole-du-patriote-sincere-bouteflika\/#primaryimage"},"thumbnailUrl":"https:\/\/www.info-algerie.com\/actualites\/wp-content\/uploads\/2015\/08\/D\u00e9c\u00e8s-du-moudjahid-Djelloul-Malaika.jpg","datePublished":"2015-08-27T13:57:43+00:00","dateModified":"2015-08-28T10:28:43+00:00","description":"D\u00e9c\u00e8s du moudjahid Djelloul Malaika : l'Alg\u00e9rie a perdu un symbole du patriote sinc\u00e8re, d\u00e9c\u00e9d\u00e9 mercredi \u00e0 l'\u00e2ge de 87 ans","breadcrumb":{"@id":"https:\/\/www.info-algerie.com\/actualites\/deces-du-moudjahid-djelloul-malaika-lalgerie-a-perdu-un-symbole-du-patriote-sincere-bouteflika\/#breadcrumb"},"inLanguage":"fr-FR","potentialAction":[{"@type":"ReadAction","target":["https:\/\/www.info-algerie.com\/actualites\/deces-du-moudjahid-djelloul-malaika-lalgerie-a-perdu-un-symbole-du-patriote-sincere-bouteflika\/"]}]},{"@type":"ImageObject","inLanguage":"fr-FR","@id":"https:\/\/www.info-algerie.com\/actualites\/deces-du-moudjahid-djelloul-malaika-lalgerie-a-perdu-un-symbole-du-patriote-sincere-bouteflika\/#primaryimage","url":"https:\/\/www.info-algerie.com\/actualites\/wp-content\/uploads\/2015\/08\/D\u00e9c\u00e8s-du-moudjahid-Djelloul-Malaika.jpg","contentUrl":"https:\/\/www.info-algerie.com\/actualites\/wp-content\/uploads\/2015\/08\/D\u00e9c\u00e8s-du-moudjahid-Djelloul-Malaika.jpg","width":350,"height":253,"caption":"D\u00e9c\u00e8s du moudjahid Djelloul Malaika"},{"@type":"BreadcrumbList","@id":"https:\/\/www.info-algerie.com\/actualites\/deces-du-moudjahid-djelloul-malaika-lalgerie-a-perdu-un-symbole-du-patriote-sincere-bouteflika\/#breadcrumb","itemListElement":[{"@type":"ListItem","position":1,"name":"Accueil","item":"https:\/\/www.info-algerie.com\/actualites\/"},{"@type":"ListItem","position":2,"name":"D\u00e9c\u00e8s du moudjahid Djelloul Malaika : l&rsquo;Alg\u00e9rie a perdu un symbole du patriote sinc\u00e8re"}]},{"@type":"WebSite","@id":"https:\/\/www.info-algerie.com\/actualites\/#website","url":"https:\/\/www.info-algerie.com\/actualites\/","name":"info algerie","description":"Toutes les actualit\u00e9s","publisher":{"@id":"https:\/\/www.info-algerie.com\/actualites\/#organization"},"potentialAction":[{"@type":"SearchAction","target":{"@type":"EntryPoint","urlTemplate":"https:\/\/www.info-algerie.com\/actualites\/?s={search_term_string}"},"query-input":{"@type":"PropertyValueSpecification","valueRequired":true,"valueName":"search_term_string"}}],"inLanguage":"fr-FR"},{"@type":"Organization","@id":"https:\/\/www.info-algerie.com\/actualites\/#organization","name":"info algerie","url":"https:\/\/www.info-algerie.com\/actualites\/","logo":{"@type":"ImageObject","inLanguage":"fr-FR","@id":"https:\/\/www.info-algerie.com\/actualites\/#\/schema\/logo\/image\/","url":"https:\/\/www.info-algerie.com\/actualites\/wp-content\/uploads\/2022\/07\/logo-ia-120.png","contentUrl":"https:\/\/www.info-algerie.com\/actualites\/wp-content\/uploads\/2022\/07\/logo-ia-120.png","width":120,"height":43,"caption":"info algerie"},"image":{"@id":"https:\/\/www.info-algerie.com\/actualites\/#\/schema\/logo\/image\/"},"sameAs":["https:\/\/www.facebook.com\/infoalgerieactu","https:\/\/x.com\/infoalgerie1"]},{"@type":"Person","@id":"https:\/\/www.info-algerie.com\/actualites\/#\/schema\/person\/847aaec44920825b843a08f30ec6aa1e","name":"La r\u00e9daction","image":{"@type":"ImageObject","inLanguage":"fr-FR","@id":"https:\/\/secure.gravatar.com\/avatar\/769db425c6f465158149f1ffd6cf61ce7a8a879d11dfbef8288af36dfddd418c?s=96&d=mm&r=g","url":"https:\/\/secure.gravatar.com\/avatar\/769db425c6f465158149f1ffd6cf61ce7a8a879d11dfbef8288af36dfddd418c?s=96&d=mm&r=g","contentUrl":"https:\/\/secure.gravatar.com\/avatar\/769db425c6f465158149f1ffd6cf61ce7a8a879d11dfbef8288af36dfddd418c?s=96&d=mm&r=g","caption":"La r\u00e9daction"},"sameAs":["http:\/\/www.lkeria.com\/"],"url":"https:\/\/www.info-algerie.com\/actualites\/author\/chakib32\/"}]}},"_links":{"self":[{"href":"https:\/\/www.info-algerie.com\/actualites\/wp-json\/wp\/v2\/posts\/280","targetHints":{"allow":["GET"]}}],"collection":[{"href":"https:\/\/www.info-algerie.com\/actualites\/wp-json\/wp\/v2\/posts"}],"about":[{"href":"https:\/\/www.info-algerie.com\/actualites\/wp-json\/wp\/v2\/types\/post"}],"author":[{"embeddable":true,"href":"https:\/\/www.info-algerie.com\/actualites\/wp-json\/wp\/v2\/users\/6"}],"replies":[{"embeddable":true,"href":"https:\/\/www.info-algerie.com\/actualites\/wp-json\/wp\/v2\/comments?post=280"}],"version-history":[{"count":4,"href":"https:\/\/www.info-algerie.com\/actualites\/wp-json\/wp\/v2\/posts\/280\/revisions"}],"predecessor-version":[{"id":334,"href":"https:\/\/www.info-algerie.com\/actualites\/wp-json\/wp\/v2\/posts\/280\/revisions\/334"}],"wp:featuredmedia":[{"embeddable":true,"href":"https:\/\/www.info-algerie.com\/actualites\/wp-json\/wp\/v2\/media\/330"}],"wp:attachment":[{"href":"https:\/\/www.info-algerie.com\/actualites\/wp-json\/wp\/v2\/media?parent=280"}],"wp:term":[{"taxonomy":"category","embeddable":true,"href":"https:\/\/www.info-algerie.com\/actualites\/wp-json\/wp\/v2\/categories?post=280"},{"taxonomy":"post_tag","embeddable":true,"href":"https:\/\/www.info-algerie.com\/actualites\/wp-json\/wp\/v2\/tags?post=280"}],"curies":[{"name":"wp","href":"https:\/\/api.w.org\/{rel}","templated":true}]}}