{"id":28290,"date":"2025-01-16T14:55:04","date_gmt":"2025-01-16T13:55:04","guid":{"rendered":"https:\/\/www.info-algerie.com\/actualites\/?p=28290"},"modified":"2025-01-28T14:23:57","modified_gmt":"2025-01-28T13:23:57","slug":"gestion-des-conflits-au-travail-conseils-pratiques","status":"publish","type":"post","link":"https:\/\/www.info-algerie.com\/actualites\/gestion-des-conflits-au-travail-conseils-pratiques\/","title":{"rendered":"Gestion des conflits au travail : exemples et conseils pratiques"},"content":{"rendered":"\n<p>Les conflits en milieu professionnel peuvent survenir pour diverses raisons : d\u00e9saccords sur l&rsquo;organisation du travail, non-respect des r\u00e8gles, communication inefficace, ou encore rapports de force entre coll\u00e8gues. Afin de pr\u00e9server une ambiance harmonieuse, il est essentiel de savoir g\u00e9rer ces tensions. Voici donc des exemples concrets accompagn\u00e9s de conseils pratiques pour mieux comprendre et r\u00e9soudre les conflits au travail.<\/p>\n\n\n\n<h3 class=\"wp-block-heading\"><strong>Identifier les sources de conflit<\/strong><\/h3>\n\n\n\n<p><strong>Les origines des conflits au travail peuvent inclure :<\/strong><\/p>\n\n\n\n<ul class=\"wp-block-list\">\n<li><strong>Mauvaises pratiques de communication<\/strong>&nbsp;: messages flous, absences de discussions directes ou d&rsquo;\u00e9coute active.<\/li>\n\n\n\n<li><strong>Probl\u00e8mes organisationnels<\/strong>&nbsp;: r\u00f4les mal d\u00e9finis, surcharge de travail ou manque de reconnaissance.<\/li>\n\n\n\n<li><strong>Personnalit\u00e9s divergentes<\/strong>&nbsp;: diff\u00e9rences culturelles, styles de travail oppos\u00e9s ou attitudes conflictuelles.<\/li>\n<\/ul>\n\n\n\n<p><strong>Astuce :<\/strong>&nbsp;Restez attentif aux signaux avant-coureurs, tels qu&rsquo;une baisse de productivit\u00e9 ou une augmentation des tensions entre coll\u00e8gues. La pr\u00e9vention passe par la cr\u00e9ation d&rsquo;un environnement o\u00f9 chacun se sent \u00e9cout\u00e9 et respect\u00e9.<\/p>\n\n\n\n<p><strong>Types de probl\u00e8mes de communication courants :<\/strong><\/p>\n\n\n\n<ul class=\"wp-block-list\">\n<li><strong>Silence ou absence de dialogue<\/strong>&nbsp;: le manager pr\u00e9f\u00e8re d\u00e9l\u00e9guer la communication \u00e0 d&rsquo;autres ou reste r\u00e9serv\u00e9.<\/li>\n\n\n\n<li><strong>Manque de clart\u00e9<\/strong>&nbsp;: des consignes vagues qui laissent place \u00e0 l&rsquo;interpr\u00e9tation.<\/li>\n\n\n\n<li><strong>Ton inappropri\u00e9<\/strong>&nbsp;: agressivit\u00e9, sarcasmes ou d\u00e9fensivit\u00e9 excessive.<\/li>\n<\/ul>\n\n\n\n<h4 class=\"wp-block-heading\"><strong>Solutions pour r\u00e9soudre ce type de conflit :<\/strong><\/h4>\n\n\n\n<ol class=\"wp-block-list\">\n<li><strong>Pr\u00e9parer un plan d&rsquo;action :<\/strong>&nbsp;Identifiez les sources de mauvaise communication et recherchez des strat\u00e9gies adapt\u00e9es.<\/li>\n\n\n\n<li><strong>Pratiquer l&rsquo;\u00e9coute active :<\/strong>&nbsp;Montrez que vous \u00eates attentif en reformulant les propos de votre interlocuteur pour confirmer votre compr\u00e9hension.<\/li>\n\n\n\n<li><strong>Poser des questions claires :<\/strong>&nbsp;Assurez-vous de bien comprendre les attentes en demandant des pr\u00e9cisions lorsque n\u00e9cessaire.<\/li>\n\n\n\n<li><strong>Recadrer les discussions :<\/strong>&nbsp;Si un feedback est flou, demandez des exemples concrets pour mieux orienter vos efforts.<\/li>\n\n\n\n<li><strong>Adopter un feedback positif :<\/strong>&nbsp;complimentez les efforts de votre manager lorsque sa communication est efficace, afin d&rsquo;encourager ce comportement.<\/li>\n\n\n\n<li><strong>Proposer des meetings r\u00e9guliers :<\/strong>&nbsp;Cela cr\u00e9e un espace d&rsquo;\u00e9change et aide \u00e0 structurer la communication, notamment pour les sup\u00e9rieurs souvent surcharg\u00e9s.<\/li>\n\n\n\n<li><strong>Suivre les \u00e9changes par \u00e9crit :<\/strong>&nbsp;R\u00e9sumez les discussions importantes dans un e-mail pour \u00e9viter les malentendus.<\/li>\n\n\n\n<li><strong>Solliciter l&rsquo;aide des coll\u00e8gues :<\/strong>&nbsp;En cas de blocage, d&rsquo;autres membres de l&rsquo;\u00e9quipe peuvent apporter des informations compl\u00e9mentaires ou clarifier certains points.<\/li>\n<\/ol>\n\n\n\n<p>Voici une liste de 50 exemples de conflits li\u00e9s au travail<\/p>\n\n\n\n<h3 class=\"wp-block-heading\"><strong>Conflits li\u00e9s \u00e0 la communication :<\/strong><\/h3>\n\n\n\n<ol class=\"wp-block-list\">\n<li><strong>Manque de clart\u00e9 dans les consignes<\/strong>&nbsp;: Les employ\u00e9s ne comprennent pas les attentes du manager, entra\u00eenant des erreurs.<\/li>\n\n\n\n<li><strong>Surcommunication<\/strong>&nbsp;: Les employ\u00e9s se sentent noy\u00e9s sous une avalanche d&rsquo;e-mails inutiles.<\/li>\n\n\n\n<li><strong>Absence de retour d&rsquo;information<\/strong>&nbsp;: Les collaborateurs se sentent ignor\u00e9s ou non reconnus.<\/li>\n\n\n\n<li><strong>Malentendus culturels<\/strong>&nbsp;: Les diff\u00e9rences culturelles entra\u00eenent des incompr\u00e9hensions.<\/li>\n\n\n\n<li><strong>Ton agressif dans les \u00e9changes<\/strong>&nbsp;: Les conversations sont per\u00e7ues comme hostiles.<\/li>\n<\/ol>\n\n\n\n<h3 class=\"wp-block-heading\"><strong>Conflits interpersonnels :<\/strong><\/h3>\n\n\n\n<ol class=\"wp-block-list\">\n<li><strong>Jalousie entre coll\u00e8gues<\/strong>&nbsp;: La promotion d\u2019un employ\u00e9 suscite des tensions.<\/li>\n\n\n\n<li><strong>Personnalit\u00e9s incompatibles<\/strong>&nbsp;: Un employ\u00e9 extraverti a du mal \u00e0 collaborer avec un coll\u00e8gue introverti.<\/li>\n\n\n\n<li><strong>Accusations de favoritisme<\/strong>&nbsp;: Certains employ\u00e9s pensent que leur manager privil\u00e9gie d&rsquo;autres collaborateurs.<\/li>\n\n\n\n<li><strong>Concurrence excessive<\/strong>&nbsp;: Une rivalit\u00e9 malsaine entre coll\u00e8gues nuit \u00e0 l&rsquo;ambiance.<\/li>\n\n\n\n<li><strong>Rumeurs ou m\u00e9disances<\/strong>&nbsp;: Des propos n\u00e9gatifs cr\u00e9ent un climat de m\u00e9fiance.<\/li>\n<\/ol>\n\n\n\n<h3 class=\"wp-block-heading\"><strong>Conflits li\u00e9s \u00e0 la charge de travail :<\/strong><\/h3>\n\n\n\n<ol class=\"wp-block-list\">\n<li><strong>R\u00e9partition in\u00e9quitable des t\u00e2ches<\/strong>&nbsp;: Certains collaborateurs se sentent surcharg\u00e9s par rapport \u00e0 d&rsquo;autres.<\/li>\n\n\n\n<li><strong>Priorit\u00e9s mal d\u00e9finies<\/strong>&nbsp;: Les employ\u00e9s ne savent pas quelle t\u00e2che accomplir en premier.<\/li>\n\n\n\n<li><strong>Manque de ressources<\/strong>&nbsp;: Des conflits \u00e9mergent lorsque des \u00e9quipes doivent se partager du mat\u00e9riel ou des budgets limit\u00e9s.<\/li>\n\n\n\n<li><strong>D\u00e9lai irr\u00e9aliste impos\u00e9 par la direction<\/strong>&nbsp;: Les employ\u00e9s ressentent une pression excessive.<\/li>\n\n\n\n<li><strong>Collaboration forc\u00e9e sur un projet<\/strong>&nbsp;: Des collaborateurs qui ne s&rsquo;entendent pas doivent travailler ensemble.<\/li>\n<\/ol>\n\n\n\n<h3 class=\"wp-block-heading\"><strong>Conflits li\u00e9s \u00e0 la gestion :<\/strong><\/h3>\n\n\n\n<ol class=\"wp-block-list\">\n<li><strong>Autoritarisme d\u2019un manager<\/strong>&nbsp;: Une gestion trop stricte provoque du ressentiment.<\/li>\n\n\n\n<li><strong>Manque de leadership<\/strong>&nbsp;: Une absence de d\u00e9cisions claires cr\u00e9e de la confusion.<\/li>\n\n\n\n<li><strong>Absence d&rsquo;\u00e9coute<\/strong>&nbsp;: Les managers n\u00e9gligent les id\u00e9es ou les pr\u00e9occupations des \u00e9quipes.<\/li>\n\n\n\n<li><strong>Imposition de changements soudains<\/strong>&nbsp;: Les employ\u00e9s sont pris au d\u00e9pourvu face \u00e0 une transformation non expliqu\u00e9e.<\/li>\n\n\n\n<li><strong>Favoritisme<\/strong>&nbsp;: Certains managers accordent des avantages \u00e0 certains employ\u00e9s.<\/li>\n<\/ol>\n\n\n\n<h3 class=\"wp-block-heading\"><strong>Conflits li\u00e9s \u00e0 la performance :<\/strong><\/h3>\n\n\n\n<ol class=\"wp-block-list\">\n<li><strong>Critique excessive<\/strong>&nbsp;: Un employ\u00e9 se sent constamment attaqu\u00e9 sur son travail.<\/li>\n\n\n\n<li><strong>Manque de reconnaissance<\/strong>&nbsp;: Les efforts des collaborateurs ne sont pas valoris\u00e9s.<\/li>\n\n\n\n<li><strong>Diff\u00e9rences dans les standards de qualit\u00e9<\/strong>&nbsp;: Un employ\u00e9 minutieux a du mal \u00e0 collaborer avec un coll\u00e8gue plus exp\u00e9ditif.<\/li>\n\n\n\n<li><strong>Baisse de performance d\u2019un membre de l\u2019\u00e9quipe<\/strong>&nbsp;: Cela alourdit la charge des autres collaborateurs.<\/li>\n\n\n\n<li><strong>\u00c9valuations biais\u00e9es<\/strong>&nbsp;: Les employ\u00e9s estiment que leur performance n\u2019est pas jug\u00e9e \u00e9quitablement.<\/li>\n<\/ol>\n\n\n\n<h3 class=\"wp-block-heading\"><strong>Conflits li\u00e9s aux horaires :<\/strong><\/h3>\n\n\n\n<ol class=\"wp-block-list\">\n<li><strong>Arriv\u00e9es tardives fr\u00e9quentes<\/strong>&nbsp;: Certains employ\u00e9s provoquent la frustration de leurs coll\u00e8gues.<\/li>\n\n\n\n<li><strong>Refus de respecter les horaires flexibles<\/strong>&nbsp;: Un d\u00e9saccord \u00e9clate sur l&rsquo;application des politiques d\u2019entreprise.<\/li>\n\n\n\n<li><strong>Non-respect des deadlines<\/strong>&nbsp;: Les retards dans les projets impactent l\u2019ensemble de l\u2019\u00e9quipe.<\/li>\n\n\n\n<li><strong>R\u00e9partition in\u00e9quitable des heures suppl\u00e9mentaires<\/strong>&nbsp;: Les tensions montent lorsque certains se sentent d\u00e9savantag\u00e9s.<\/li>\n\n\n\n<li><strong>Absences r\u00e9p\u00e9t\u00e9es et injustifi\u00e9es<\/strong>&nbsp;: Les collaborateurs doivent compenser pour l\u2019employ\u00e9 absent.<\/li>\n<\/ol>\n\n\n\n<h3 class=\"wp-block-heading\"><strong>Conflits li\u00e9s \u00e0 la hi\u00e9rarchie :<\/strong><\/h3>\n\n\n\n<ol class=\"wp-block-list\">\n<li><strong>Conflit avec la direction<\/strong>&nbsp;: Les employ\u00e9s se sentent d\u00e9connect\u00e9s des objectifs de la direction.<\/li>\n\n\n\n<li><strong>Manque d\u2019autonomie accord\u00e9e<\/strong>&nbsp;: Des employ\u00e9s souhaitent plus de libert\u00e9 dans leur travail.<\/li>\n\n\n\n<li><strong>Micromanagement<\/strong>&nbsp;: Un superviseur intervient excessivement dans les t\u00e2ches.<\/li>\n\n\n\n<li><strong>Refus d\u2019un ordre<\/strong>&nbsp;: Un employ\u00e9 s\u2019oppose directement \u00e0 une directive.<\/li>\n\n\n\n<li><strong>Conflit avec un mentor ou un pair hi\u00e9rarchique<\/strong>&nbsp;: Les tensions \u00e9mergent d\u2019attentes mal align\u00e9es.<\/li>\n<\/ol>\n\n\n\n<h3 class=\"wp-block-heading\"><strong>Conflits li\u00e9s aux valeurs et \u00e0 l\u2019\u00e9thique :<\/strong><\/h3>\n\n\n\n<ol class=\"wp-block-list\">\n<li><strong>Conflit sur des pratiques douteuses<\/strong>&nbsp;: Un employ\u00e9 d\u00e9nonce une action contraire \u00e0 l&rsquo;\u00e9thique.<\/li>\n\n\n\n<li><strong>Diff\u00e9rences de valeurs personnelles<\/strong>&nbsp;: Un collaborateur refuse une t\u00e2che incompatible avec ses principes.<\/li>\n\n\n\n<li><strong>In\u00e9galit\u00e9 salariale<\/strong>&nbsp;: Des employ\u00e9s d\u00e9couvrent des \u00e9carts injustifi\u00e9s.<\/li>\n\n\n\n<li><strong>Refus de suivre une politique interne<\/strong>&nbsp;: Un employ\u00e9 conteste une nouvelle r\u00e8gle d\u2019entreprise.<\/li>\n\n\n\n<li><strong>Conflit sur l\u2019utilisation des donn\u00e9es<\/strong>&nbsp;: d\u00e9saccord sur la mani\u00e8re dont l\u2019entreprise utilise les informations sensibles.<\/li>\n<\/ol>\n\n\n\n<h3 class=\"wp-block-heading\"><strong>Conflits li\u00e9s \u00e0 l\u2019environnement de travail :<\/strong><\/h3>\n\n\n\n<ol class=\"wp-block-list\">\n<li><strong>Espaces bruyants<\/strong>&nbsp;: Les employ\u00e9s ont du mal \u00e0 se concentrer.<\/li>\n\n\n\n<li><strong>Acc\u00e8s aux bureaux<\/strong>&nbsp;: Certains se sentent l\u00e9s\u00e9s dans l\u2019attribution des espaces.<\/li>\n\n\n\n<li><strong>Manque de propret\u00e9<\/strong>&nbsp;: Un environnement sale entra\u00eene des disputes.<\/li>\n\n\n\n<li><strong>Diff\u00e9rences de temp\u00e9rature<\/strong>&nbsp;: Les pr\u00e9f\u00e9rences pour le chauffage ou la climatisation cr\u00e9ent des frictions.<\/li>\n\n\n\n<li><strong>Non-respect des espaces communs<\/strong>&nbsp;: Des conflits surgissent autour de l\u2019utilisation des cuisines ou des salles de pause.<\/li>\n<\/ol>\n\n\n\n<h3 class=\"wp-block-heading\"><strong>Conflits li\u00e9s \u00e0 la technologie :<\/strong><\/h3>\n\n\n\n<ol class=\"wp-block-list\">\n<li><strong>Adoption d\u2019un nouvel outil technologique<\/strong>&nbsp;: Les \u00e9quipes r\u00e9sistent \u00e0 l\u2019utilisation d\u2019un logiciel impos\u00e9.<\/li>\n\n\n\n<li><strong>Pannes r\u00e9currentes<\/strong>&nbsp;: Les dysfonctionnements technologiques retardent le travail et g\u00e9n\u00e8rent des frustrations.<\/li>\n\n\n\n<li><strong>Comp\u00e9tence in\u00e9gale avec les outils<\/strong>&nbsp;: Les employ\u00e9s moins \u00e0 l\u2019aise technologiquement ralentissent les projets.<\/li>\n\n\n\n<li><strong>Partage d\u2019un \u00e9quipement limit\u00e9<\/strong>&nbsp;: Les collaborateurs se disputent l&rsquo;acc\u00e8s \u00e0 des outils communs.<\/li>\n\n\n\n<li><strong>Formation insuffisante<\/strong>&nbsp;: Un manque d\u2019accompagnement dans l\u2019utilisation de nouveaux syst\u00e8mes cr\u00e9e des tensions.<\/li>\n<\/ol>\n\n\n\n<p>Plus d&rsquo;informations visite\u00a0<a href=\"https:\/\/dbo.fr\">dbo.fr<\/a> pour d\u00e9couvrir les meilleures formations en gestion de conflits au travail<\/p>\n<!--CusAds0-->\n<div style=\"font-size: 0px; height: 0px; line-height: 0px; margin: 0; padding: 0; clear: both;\"><\/div>","protected":false},"excerpt":{"rendered":"<p>Les conflits en milieu professionnel peuvent survenir pour diverses raisons : d\u00e9saccords sur l&rsquo;organisation du travail, non-respect des r\u00e8gles, communication inefficace, ou encore rapports de force entre coll\u00e8gues. Afin de pr\u00e9server une ambiance harmonieuse, il est essentiel de savoir g\u00e9rer ces tensions. Voici donc des exemples concrets accompagn\u00e9s de conseils pratiques pour mieux comprendre et<\/p>\n","protected":false},"author":6,"featured_media":28291,"comment_status":"open","ping_status":"open","sticky":false,"template":"","format":"standard","meta":{"footnotes":""},"categories":[5],"tags":[208],"class_list":["post-28290","post","type-post","status-publish","format-standard","has-post-thumbnail","hentry","category-economie","tag-une"],"yoast_head":"<!-- This site is optimized with the Yoast SEO plugin v27.5 - https:\/\/yoast.com\/product\/yoast-seo-wordpress\/ -->\n<title>Gestion des conflits au travail : exemples et conseils pratiques<\/title>\n<meta name=\"description\" content=\"Voici des exemples concrets accompagn\u00e9s de conseils pratiques pour mieux comprendre et r\u00e9soudre les conflits au travail.\" \/>\n<meta name=\"robots\" content=\"index, follow, max-snippet:-1, max-image-preview:large, max-video-preview:-1\" \/>\n<link rel=\"canonical\" href=\"https:\/\/www.info-algerie.com\/actualites\/gestion-des-conflits-au-travail-conseils-pratiques\/\" \/>\n<meta property=\"og:locale\" content=\"fr_FR\" \/>\n<meta property=\"og:type\" content=\"article\" \/>\n<meta property=\"og:title\" content=\"Gestion des conflits au travail : exemples et conseils pratiques\" \/>\n<meta property=\"og:description\" content=\"Voici des exemples concrets accompagn\u00e9s de conseils pratiques pour mieux comprendre et r\u00e9soudre les conflits au travail.\" \/>\n<meta property=\"og:url\" content=\"https:\/\/www.info-algerie.com\/actualites\/gestion-des-conflits-au-travail-conseils-pratiques\/\" \/>\n<meta property=\"og:site_name\" content=\"info algerie\" \/>\n<meta property=\"article:publisher\" content=\"https:\/\/www.facebook.com\/infoalgerieactu\" \/>\n<meta property=\"article:published_time\" content=\"2025-01-16T13:55:04+00:00\" \/>\n<meta property=\"article:modified_time\" content=\"2025-01-28T13:23:57+00:00\" \/>\n<meta property=\"og:image\" content=\"https:\/\/www.info-algerie.com\/actualites\/wp-content\/uploads\/2025\/01\/conflits-au-travail.webp\" \/>\n\t<meta property=\"og:image:width\" content=\"1200\" \/>\n\t<meta property=\"og:image:height\" content=\"675\" \/>\n\t<meta property=\"og:image:type\" content=\"image\/webp\" \/>\n<meta name=\"author\" content=\"La r\u00e9daction\" \/>\n<meta name=\"twitter:label1\" content=\"\u00c9crit par\" \/>\n\t<meta name=\"twitter:data1\" content=\"La r\u00e9daction\" \/>\n\t<meta name=\"twitter:label2\" content=\"Dur\u00e9e de lecture estim\u00e9e\" \/>\n\t<meta name=\"twitter:data2\" content=\"6 minutes\" \/>\n<script type=\"application\/ld+json\" class=\"yoast-schema-graph\">{\"@context\":\"https:\\\/\\\/schema.org\",\"@graph\":[{\"@type\":\"Article\",\"@id\":\"https:\\\/\\\/www.info-algerie.com\\\/actualites\\\/gestion-des-conflits-au-travail-conseils-pratiques\\\/#article\",\"isPartOf\":{\"@id\":\"https:\\\/\\\/www.info-algerie.com\\\/actualites\\\/gestion-des-conflits-au-travail-conseils-pratiques\\\/\"},\"author\":{\"name\":\"La r\u00e9daction\",\"@id\":\"https:\\\/\\\/www.info-algerie.com\\\/actualites\\\/#\\\/schema\\\/person\\\/847aaec44920825b843a08f30ec6aa1e\"},\"headline\":\"Gestion des conflits au travail : exemples et conseils pratiques\",\"datePublished\":\"2025-01-16T13:55:04+00:00\",\"dateModified\":\"2025-01-28T13:23:57+00:00\",\"mainEntityOfPage\":{\"@id\":\"https:\\\/\\\/www.info-algerie.com\\\/actualites\\\/gestion-des-conflits-au-travail-conseils-pratiques\\\/\"},\"wordCount\":1283,\"commentCount\":0,\"publisher\":{\"@id\":\"https:\\\/\\\/www.info-algerie.com\\\/actualites\\\/#organization\"},\"image\":{\"@id\":\"https:\\\/\\\/www.info-algerie.com\\\/actualites\\\/gestion-des-conflits-au-travail-conseils-pratiques\\\/#primaryimage\"},\"thumbnailUrl\":\"https:\\\/\\\/www.info-algerie.com\\\/actualites\\\/wp-content\\\/uploads\\\/2025\\\/01\\\/conflits-au-travail.webp\",\"keywords\":[\"une\"],\"articleSection\":[\"\u00e9conomie\"],\"inLanguage\":\"fr-FR\",\"potentialAction\":[{\"@type\":\"CommentAction\",\"name\":\"Comment\",\"target\":[\"https:\\\/\\\/www.info-algerie.com\\\/actualites\\\/gestion-des-conflits-au-travail-conseils-pratiques\\\/#respond\"]}]},{\"@type\":\"WebPage\",\"@id\":\"https:\\\/\\\/www.info-algerie.com\\\/actualites\\\/gestion-des-conflits-au-travail-conseils-pratiques\\\/\",\"url\":\"https:\\\/\\\/www.info-algerie.com\\\/actualites\\\/gestion-des-conflits-au-travail-conseils-pratiques\\\/\",\"name\":\"Gestion des conflits au travail : exemples et conseils pratiques\",\"isPartOf\":{\"@id\":\"https:\\\/\\\/www.info-algerie.com\\\/actualites\\\/#website\"},\"primaryImageOfPage\":{\"@id\":\"https:\\\/\\\/www.info-algerie.com\\\/actualites\\\/gestion-des-conflits-au-travail-conseils-pratiques\\\/#primaryimage\"},\"image\":{\"@id\":\"https:\\\/\\\/www.info-algerie.com\\\/actualites\\\/gestion-des-conflits-au-travail-conseils-pratiques\\\/#primaryimage\"},\"thumbnailUrl\":\"https:\\\/\\\/www.info-algerie.com\\\/actualites\\\/wp-content\\\/uploads\\\/2025\\\/01\\\/conflits-au-travail.webp\",\"datePublished\":\"2025-01-16T13:55:04+00:00\",\"dateModified\":\"2025-01-28T13:23:57+00:00\",\"description\":\"Voici des exemples concrets accompagn\u00e9s de conseils pratiques pour mieux comprendre et r\u00e9soudre les conflits au travail.\",\"breadcrumb\":{\"@id\":\"https:\\\/\\\/www.info-algerie.com\\\/actualites\\\/gestion-des-conflits-au-travail-conseils-pratiques\\\/#breadcrumb\"},\"inLanguage\":\"fr-FR\",\"potentialAction\":[{\"@type\":\"ReadAction\",\"target\":[\"https:\\\/\\\/www.info-algerie.com\\\/actualites\\\/gestion-des-conflits-au-travail-conseils-pratiques\\\/\"]}]},{\"@type\":\"ImageObject\",\"inLanguage\":\"fr-FR\",\"@id\":\"https:\\\/\\\/www.info-algerie.com\\\/actualites\\\/gestion-des-conflits-au-travail-conseils-pratiques\\\/#primaryimage\",\"url\":\"https:\\\/\\\/www.info-algerie.com\\\/actualites\\\/wp-content\\\/uploads\\\/2025\\\/01\\\/conflits-au-travail.webp\",\"contentUrl\":\"https:\\\/\\\/www.info-algerie.com\\\/actualites\\\/wp-content\\\/uploads\\\/2025\\\/01\\\/conflits-au-travail.webp\",\"width\":1200,\"height\":675,\"caption\":\"conflits au travail\"},{\"@type\":\"BreadcrumbList\",\"@id\":\"https:\\\/\\\/www.info-algerie.com\\\/actualites\\\/gestion-des-conflits-au-travail-conseils-pratiques\\\/#breadcrumb\",\"itemListElement\":[{\"@type\":\"ListItem\",\"position\":1,\"name\":\"Accueil\",\"item\":\"https:\\\/\\\/www.info-algerie.com\\\/actualites\\\/\"},{\"@type\":\"ListItem\",\"position\":2,\"name\":\"Gestion des conflits au travail : exemples et conseils pratiques\"}]},{\"@type\":\"WebSite\",\"@id\":\"https:\\\/\\\/www.info-algerie.com\\\/actualites\\\/#website\",\"url\":\"https:\\\/\\\/www.info-algerie.com\\\/actualites\\\/\",\"name\":\"info algerie\",\"description\":\"Toutes les actualit\u00e9s\",\"publisher\":{\"@id\":\"https:\\\/\\\/www.info-algerie.com\\\/actualites\\\/#organization\"},\"potentialAction\":[{\"@type\":\"SearchAction\",\"target\":{\"@type\":\"EntryPoint\",\"urlTemplate\":\"https:\\\/\\\/www.info-algerie.com\\\/actualites\\\/?s={search_term_string}\"},\"query-input\":{\"@type\":\"PropertyValueSpecification\",\"valueRequired\":true,\"valueName\":\"search_term_string\"}}],\"inLanguage\":\"fr-FR\"},{\"@type\":\"Organization\",\"@id\":\"https:\\\/\\\/www.info-algerie.com\\\/actualites\\\/#organization\",\"name\":\"info algerie\",\"url\":\"https:\\\/\\\/www.info-algerie.com\\\/actualites\\\/\",\"logo\":{\"@type\":\"ImageObject\",\"inLanguage\":\"fr-FR\",\"@id\":\"https:\\\/\\\/www.info-algerie.com\\\/actualites\\\/#\\\/schema\\\/logo\\\/image\\\/\",\"url\":\"https:\\\/\\\/www.info-algerie.com\\\/actualites\\\/wp-content\\\/uploads\\\/2022\\\/07\\\/logo-ia-120.png\",\"contentUrl\":\"https:\\\/\\\/www.info-algerie.com\\\/actualites\\\/wp-content\\\/uploads\\\/2022\\\/07\\\/logo-ia-120.png\",\"width\":120,\"height\":43,\"caption\":\"info algerie\"},\"image\":{\"@id\":\"https:\\\/\\\/www.info-algerie.com\\\/actualites\\\/#\\\/schema\\\/logo\\\/image\\\/\"},\"sameAs\":[\"https:\\\/\\\/www.facebook.com\\\/infoalgerieactu\",\"https:\\\/\\\/x.com\\\/infoalgerie1\"]},{\"@type\":\"Person\",\"@id\":\"https:\\\/\\\/www.info-algerie.com\\\/actualites\\\/#\\\/schema\\\/person\\\/847aaec44920825b843a08f30ec6aa1e\",\"name\":\"La r\u00e9daction\",\"image\":{\"@type\":\"ImageObject\",\"inLanguage\":\"fr-FR\",\"@id\":\"https:\\\/\\\/secure.gravatar.com\\\/avatar\\\/769db425c6f465158149f1ffd6cf61ce7a8a879d11dfbef8288af36dfddd418c?s=96&d=mm&r=g\",\"url\":\"https:\\\/\\\/secure.gravatar.com\\\/avatar\\\/769db425c6f465158149f1ffd6cf61ce7a8a879d11dfbef8288af36dfddd418c?s=96&d=mm&r=g\",\"contentUrl\":\"https:\\\/\\\/secure.gravatar.com\\\/avatar\\\/769db425c6f465158149f1ffd6cf61ce7a8a879d11dfbef8288af36dfddd418c?s=96&d=mm&r=g\",\"caption\":\"La r\u00e9daction\"},\"sameAs\":[\"http:\\\/\\\/www.lkeria.com\\\/\"],\"url\":\"https:\\\/\\\/www.info-algerie.com\\\/actualites\\\/author\\\/chakib32\\\/\"}]}<\/script>\n<!-- \/ Yoast SEO plugin. -->","yoast_head_json":{"title":"Gestion des conflits au travail : exemples et conseils pratiques","description":"Voici des exemples concrets accompagn\u00e9s de conseils pratiques pour mieux comprendre et r\u00e9soudre les conflits au travail.","robots":{"index":"index","follow":"follow","max-snippet":"max-snippet:-1","max-image-preview":"max-image-preview:large","max-video-preview":"max-video-preview:-1"},"canonical":"https:\/\/www.info-algerie.com\/actualites\/gestion-des-conflits-au-travail-conseils-pratiques\/","og_locale":"fr_FR","og_type":"article","og_title":"Gestion des conflits au travail : exemples et conseils pratiques","og_description":"Voici des exemples concrets accompagn\u00e9s de conseils pratiques pour mieux comprendre et r\u00e9soudre les conflits au travail.","og_url":"https:\/\/www.info-algerie.com\/actualites\/gestion-des-conflits-au-travail-conseils-pratiques\/","og_site_name":"info algerie","article_publisher":"https:\/\/www.facebook.com\/infoalgerieactu","article_published_time":"2025-01-16T13:55:04+00:00","article_modified_time":"2025-01-28T13:23:57+00:00","og_image":[{"width":1200,"height":675,"url":"https:\/\/www.info-algerie.com\/actualites\/wp-content\/uploads\/2025\/01\/conflits-au-travail.webp","type":"image\/webp"}],"author":"La r\u00e9daction","twitter_misc":{"\u00c9crit par":"La r\u00e9daction","Dur\u00e9e de lecture estim\u00e9e":"6 minutes"},"schema":{"@context":"https:\/\/schema.org","@graph":[{"@type":"Article","@id":"https:\/\/www.info-algerie.com\/actualites\/gestion-des-conflits-au-travail-conseils-pratiques\/#article","isPartOf":{"@id":"https:\/\/www.info-algerie.com\/actualites\/gestion-des-conflits-au-travail-conseils-pratiques\/"},"author":{"name":"La r\u00e9daction","@id":"https:\/\/www.info-algerie.com\/actualites\/#\/schema\/person\/847aaec44920825b843a08f30ec6aa1e"},"headline":"Gestion des conflits au travail : exemples et conseils pratiques","datePublished":"2025-01-16T13:55:04+00:00","dateModified":"2025-01-28T13:23:57+00:00","mainEntityOfPage":{"@id":"https:\/\/www.info-algerie.com\/actualites\/gestion-des-conflits-au-travail-conseils-pratiques\/"},"wordCount":1283,"commentCount":0,"publisher":{"@id":"https:\/\/www.info-algerie.com\/actualites\/#organization"},"image":{"@id":"https:\/\/www.info-algerie.com\/actualites\/gestion-des-conflits-au-travail-conseils-pratiques\/#primaryimage"},"thumbnailUrl":"https:\/\/www.info-algerie.com\/actualites\/wp-content\/uploads\/2025\/01\/conflits-au-travail.webp","keywords":["une"],"articleSection":["\u00e9conomie"],"inLanguage":"fr-FR","potentialAction":[{"@type":"CommentAction","name":"Comment","target":["https:\/\/www.info-algerie.com\/actualites\/gestion-des-conflits-au-travail-conseils-pratiques\/#respond"]}]},{"@type":"WebPage","@id":"https:\/\/www.info-algerie.com\/actualites\/gestion-des-conflits-au-travail-conseils-pratiques\/","url":"https:\/\/www.info-algerie.com\/actualites\/gestion-des-conflits-au-travail-conseils-pratiques\/","name":"Gestion des conflits au travail : exemples et conseils pratiques","isPartOf":{"@id":"https:\/\/www.info-algerie.com\/actualites\/#website"},"primaryImageOfPage":{"@id":"https:\/\/www.info-algerie.com\/actualites\/gestion-des-conflits-au-travail-conseils-pratiques\/#primaryimage"},"image":{"@id":"https:\/\/www.info-algerie.com\/actualites\/gestion-des-conflits-au-travail-conseils-pratiques\/#primaryimage"},"thumbnailUrl":"https:\/\/www.info-algerie.com\/actualites\/wp-content\/uploads\/2025\/01\/conflits-au-travail.webp","datePublished":"2025-01-16T13:55:04+00:00","dateModified":"2025-01-28T13:23:57+00:00","description":"Voici des exemples concrets accompagn\u00e9s de conseils pratiques pour mieux comprendre et r\u00e9soudre les conflits au travail.","breadcrumb":{"@id":"https:\/\/www.info-algerie.com\/actualites\/gestion-des-conflits-au-travail-conseils-pratiques\/#breadcrumb"},"inLanguage":"fr-FR","potentialAction":[{"@type":"ReadAction","target":["https:\/\/www.info-algerie.com\/actualites\/gestion-des-conflits-au-travail-conseils-pratiques\/"]}]},{"@type":"ImageObject","inLanguage":"fr-FR","@id":"https:\/\/www.info-algerie.com\/actualites\/gestion-des-conflits-au-travail-conseils-pratiques\/#primaryimage","url":"https:\/\/www.info-algerie.com\/actualites\/wp-content\/uploads\/2025\/01\/conflits-au-travail.webp","contentUrl":"https:\/\/www.info-algerie.com\/actualites\/wp-content\/uploads\/2025\/01\/conflits-au-travail.webp","width":1200,"height":675,"caption":"conflits au travail"},{"@type":"BreadcrumbList","@id":"https:\/\/www.info-algerie.com\/actualites\/gestion-des-conflits-au-travail-conseils-pratiques\/#breadcrumb","itemListElement":[{"@type":"ListItem","position":1,"name":"Accueil","item":"https:\/\/www.info-algerie.com\/actualites\/"},{"@type":"ListItem","position":2,"name":"Gestion des conflits au travail : exemples et conseils pratiques"}]},{"@type":"WebSite","@id":"https:\/\/www.info-algerie.com\/actualites\/#website","url":"https:\/\/www.info-algerie.com\/actualites\/","name":"info algerie","description":"Toutes les actualit\u00e9s","publisher":{"@id":"https:\/\/www.info-algerie.com\/actualites\/#organization"},"potentialAction":[{"@type":"SearchAction","target":{"@type":"EntryPoint","urlTemplate":"https:\/\/www.info-algerie.com\/actualites\/?s={search_term_string}"},"query-input":{"@type":"PropertyValueSpecification","valueRequired":true,"valueName":"search_term_string"}}],"inLanguage":"fr-FR"},{"@type":"Organization","@id":"https:\/\/www.info-algerie.com\/actualites\/#organization","name":"info algerie","url":"https:\/\/www.info-algerie.com\/actualites\/","logo":{"@type":"ImageObject","inLanguage":"fr-FR","@id":"https:\/\/www.info-algerie.com\/actualites\/#\/schema\/logo\/image\/","url":"https:\/\/www.info-algerie.com\/actualites\/wp-content\/uploads\/2022\/07\/logo-ia-120.png","contentUrl":"https:\/\/www.info-algerie.com\/actualites\/wp-content\/uploads\/2022\/07\/logo-ia-120.png","width":120,"height":43,"caption":"info algerie"},"image":{"@id":"https:\/\/www.info-algerie.com\/actualites\/#\/schema\/logo\/image\/"},"sameAs":["https:\/\/www.facebook.com\/infoalgerieactu","https:\/\/x.com\/infoalgerie1"]},{"@type":"Person","@id":"https:\/\/www.info-algerie.com\/actualites\/#\/schema\/person\/847aaec44920825b843a08f30ec6aa1e","name":"La r\u00e9daction","image":{"@type":"ImageObject","inLanguage":"fr-FR","@id":"https:\/\/secure.gravatar.com\/avatar\/769db425c6f465158149f1ffd6cf61ce7a8a879d11dfbef8288af36dfddd418c?s=96&d=mm&r=g","url":"https:\/\/secure.gravatar.com\/avatar\/769db425c6f465158149f1ffd6cf61ce7a8a879d11dfbef8288af36dfddd418c?s=96&d=mm&r=g","contentUrl":"https:\/\/secure.gravatar.com\/avatar\/769db425c6f465158149f1ffd6cf61ce7a8a879d11dfbef8288af36dfddd418c?s=96&d=mm&r=g","caption":"La r\u00e9daction"},"sameAs":["http:\/\/www.lkeria.com\/"],"url":"https:\/\/www.info-algerie.com\/actualites\/author\/chakib32\/"}]}},"_links":{"self":[{"href":"https:\/\/www.info-algerie.com\/actualites\/wp-json\/wp\/v2\/posts\/28290","targetHints":{"allow":["GET"]}}],"collection":[{"href":"https:\/\/www.info-algerie.com\/actualites\/wp-json\/wp\/v2\/posts"}],"about":[{"href":"https:\/\/www.info-algerie.com\/actualites\/wp-json\/wp\/v2\/types\/post"}],"author":[{"embeddable":true,"href":"https:\/\/www.info-algerie.com\/actualites\/wp-json\/wp\/v2\/users\/6"}],"replies":[{"embeddable":true,"href":"https:\/\/www.info-algerie.com\/actualites\/wp-json\/wp\/v2\/comments?post=28290"}],"version-history":[{"count":3,"href":"https:\/\/www.info-algerie.com\/actualites\/wp-json\/wp\/v2\/posts\/28290\/revisions"}],"predecessor-version":[{"id":28295,"href":"https:\/\/www.info-algerie.com\/actualites\/wp-json\/wp\/v2\/posts\/28290\/revisions\/28295"}],"wp:featuredmedia":[{"embeddable":true,"href":"https:\/\/www.info-algerie.com\/actualites\/wp-json\/wp\/v2\/media\/28291"}],"wp:attachment":[{"href":"https:\/\/www.info-algerie.com\/actualites\/wp-json\/wp\/v2\/media?parent=28290"}],"wp:term":[{"taxonomy":"category","embeddable":true,"href":"https:\/\/www.info-algerie.com\/actualites\/wp-json\/wp\/v2\/categories?post=28290"},{"taxonomy":"post_tag","embeddable":true,"href":"https:\/\/www.info-algerie.com\/actualites\/wp-json\/wp\/v2\/tags?post=28290"}],"curies":[{"name":"wp","href":"https:\/\/api.w.org\/{rel}","templated":true}]}}