{"id":283,"date":"2015-08-27T16:54:14","date_gmt":"2015-08-27T15:54:14","guid":{"rendered":"http:\/\/www.info-algerie.com\/actualites\/sellal-recoit-le-ministre-sud-coreen-du-territoire-des-infrastructures-et-des-transports\/"},"modified":"2015-08-28T11:41:22","modified_gmt":"2015-08-28T10:41:22","slug":"sellal-recoit-le-ministre-sud-coreen-du-territoire-des-infrastructures-et-des-transports","status":"publish","type":"post","link":"https:\/\/www.info-algerie.com\/actualites\/sellal-recoit-le-ministre-sud-coreen-du-territoire-des-infrastructures-et-des-transports\/","title":{"rendered":"Sellal re\u00e7oit le ministre sud-cor\u00e9en du Territoire, des Infrastructures et des Transports"},"content":{"rendered":"<div class=\"K2FeedImage\"><\/div>\n<div class=\"K2FeedIntroText\">\n<p style=\"text-align: justify;\"><a href=\"https:\/\/www.info-algerie.com\/actualites\/wp-content\/uploads\/2015\/08\/Sellal-re\u00e7oit-le-ministre-sud-cor\u00e9en.jpg\"><img loading=\"lazy\" decoding=\"async\" class=\" wp-image-327 alignleft\" src=\"https:\/\/www.info-algerie.com\/actualites\/wp-content\/uploads\/2015\/08\/Sellal-re\u00e7oit-le-ministre-sud-cor\u00e9en-300x213.jpg\" alt=\"Sellal re\u00e7oit le ministre sud-cor\u00e9en\" width=\"175\" height=\"124\" srcset=\"https:\/\/www.info-algerie.com\/actualites\/wp-content\/uploads\/2015\/08\/Sellal-re\u00e7oit-le-ministre-sud-cor\u00e9en-300x213.jpg 300w, https:\/\/www.info-algerie.com\/actualites\/wp-content\/uploads\/2015\/08\/Sellal-re\u00e7oit-le-ministre-sud-cor\u00e9en.jpg 900w\" sizes=\"auto, (max-width: 175px) 100vw, 175px\" \/><\/a>Le Premier ministre, Abdelmalek Sellal, a re\u00e7u jeudi \u00e0 Alger le ministre du Territoire, des Infrastructures et des Transports de la R\u00e9publique de Cor\u00e9e, Yoo Li-Ho, qui effectue une visite de travail en Alg\u00e9rie, indique un communiqu\u00e9 des services du Premier ministre.<\/p>\n<h2 style=\"text-align: justify;\">Sellal re\u00e7oit le ministre sud-cor\u00e9en<\/h2>\n<p style=\"text-align: justify;\">L&rsquo;audience, qui s&rsquo;est d\u00e9roul\u00e9e en pr\u00e9sence du ministre des Travaux publics Abdelkader Ouali, a permis de proc\u00e9der \u00e0 \u00ab\u00a0l&rsquo;\u00e9valuation des relations bilat\u00e9rales et d&rsquo;aborder les moyens de renforcer davantage le partenariat strat\u00e9gique sur les plans \u00e9conomique, scientifique et technologique\u00a0\u00bb, pr\u00e9cise la m\u00eame source.<\/p>\n<p style=\"text-align: justify;\">Le Premier ministre a insist\u00e9, \u00e0 ce propos, sur \u00ab\u00a0la n\u00e9cessit\u00e9 de faire en sorte que ce partenariat soit \u00e0 la hauteur des potentialit\u00e9s r\u00e9elles des deux pays, compte tenu des possibilit\u00e9s et opportunit\u00e9s d&rsquo;affaires existant entre l&rsquo;Alg\u00e9rie et la Cor\u00e9e du Sud\u00a0\u00bb.<\/p>\n<\/div>\n<p>Source: <a href=\"http:\/\/www.aps.dz\/algerie\/27690-sellal-re%C3%A7oit-le-ministre-sud-cor%C3%A9en-du-territoire,-des-infrastructures-et-des-transports\" target=\"_blank\">Sellal re\u00e7oit le ministre sud-cor\u00e9en du Territoire, des Infrastructures et des Transports<\/a><\/p>\n<!--CusAds0-->\n<div style=\"font-size: 0px; height: 0px; line-height: 0px; margin: 0; padding: 0; clear: both;\"><\/div>","protected":false},"excerpt":{"rendered":"<p>Le Premier ministre, Abdelmalek Sellal, a re\u00e7u jeudi \u00e0 Alger le ministre du Territoire, des Infrastructures et des Transports de la R\u00e9publique de Cor\u00e9e, Yoo Li-Ho, qui effectue une visite de travail en Alg\u00e9rie, indique un communiqu\u00e9 des services du Premier ministre. Sellal re\u00e7oit le ministre sud-cor\u00e9en L&rsquo;audience, qui s&rsquo;est d\u00e9roul\u00e9e en pr\u00e9sence du ministre<\/p>\n","protected":false},"author":6,"featured_media":327,"comment_status":"open","ping_status":"open","sticky":false,"template":"","format":"standard","meta":{"footnotes":""},"categories":[7],"tags":[53],"class_list":["post-283","post","type-post","status-publish","format-standard","has-post-thumbnail","hentry","category-politique","tag-sellal"],"yoast_head":"<!-- This site is optimized with the Yoast SEO plugin v27.5 - https:\/\/yoast.com\/product\/yoast-seo-wordpress\/ -->\n<title>Sellal re\u00e7oit le ministre sud-cor\u00e9en des Transports<\/title>\n<meta name=\"description\" content=\"Sellal re\u00e7oit le ministre sud-cor\u00e9en du Territoire, des Infrastructures et des Transports qui effectue une visite de travail en Alg\u00e9rie\" \/>\n<meta name=\"robots\" content=\"index, follow, max-snippet:-1, max-image-preview:large, max-video-preview:-1\" \/>\n<link rel=\"canonical\" href=\"https:\/\/www.info-algerie.com\/actualites\/sellal-recoit-le-ministre-sud-coreen-du-territoire-des-infrastructures-et-des-transports\/\" \/>\n<meta property=\"og:locale\" content=\"fr_FR\" \/>\n<meta property=\"og:type\" content=\"article\" \/>\n<meta property=\"og:title\" content=\"Sellal re\u00e7oit le ministre sud-cor\u00e9en des Transports\" \/>\n<meta property=\"og:description\" content=\"Sellal re\u00e7oit le ministre sud-cor\u00e9en du Territoire, des Infrastructures et des Transports qui effectue une visite de travail en Alg\u00e9rie\" \/>\n<meta property=\"og:url\" content=\"https:\/\/www.info-algerie.com\/actualites\/sellal-recoit-le-ministre-sud-coreen-du-territoire-des-infrastructures-et-des-transports\/\" \/>\n<meta property=\"og:site_name\" content=\"info algerie\" \/>\n<meta property=\"article:publisher\" content=\"https:\/\/www.facebook.com\/infoalgerieactu\" \/>\n<meta property=\"article:published_time\" content=\"2015-08-27T15:54:14+00:00\" \/>\n<meta property=\"article:modified_time\" content=\"2015-08-28T10:41:22+00:00\" \/>\n<meta property=\"og:image\" content=\"https:\/\/www.info-algerie.com\/actualites\/wp-content\/uploads\/2015\/08\/Sellal-re\u00e7oit-le-ministre-sud-cor\u00e9en.jpg\" \/>\n\t<meta property=\"og:image:width\" content=\"900\" \/>\n\t<meta property=\"og:image:height\" content=\"639\" \/>\n\t<meta property=\"og:image:type\" content=\"image\/jpeg\" \/>\n<meta name=\"author\" content=\"La r\u00e9daction\" \/>\n<meta name=\"twitter:label1\" content=\"\u00c9crit par\" \/>\n\t<meta name=\"twitter:data1\" content=\"La r\u00e9daction\" \/>\n\t<meta name=\"twitter:label2\" content=\"Dur\u00e9e de lecture estim\u00e9e\" \/>\n\t<meta name=\"twitter:data2\" content=\"1 minute\" \/>\n<script type=\"application\/ld+json\" class=\"yoast-schema-graph\">{\"@context\":\"https:\\\/\\\/schema.org\",\"@graph\":[{\"@type\":\"Article\",\"@id\":\"https:\\\/\\\/www.info-algerie.com\\\/actualites\\\/sellal-recoit-le-ministre-sud-coreen-du-territoire-des-infrastructures-et-des-transports\\\/#article\",\"isPartOf\":{\"@id\":\"https:\\\/\\\/www.info-algerie.com\\\/actualites\\\/sellal-recoit-le-ministre-sud-coreen-du-territoire-des-infrastructures-et-des-transports\\\/\"},\"author\":{\"name\":\"La r\u00e9daction\",\"@id\":\"https:\\\/\\\/www.info-algerie.com\\\/actualites\\\/#\\\/schema\\\/person\\\/847aaec44920825b843a08f30ec6aa1e\"},\"headline\":\"Sellal re\u00e7oit le ministre sud-cor\u00e9en du Territoire, des Infrastructures et des Transports\",\"datePublished\":\"2015-08-27T15:54:14+00:00\",\"dateModified\":\"2015-08-28T10:41:22+00:00\",\"mainEntityOfPage\":{\"@id\":\"https:\\\/\\\/www.info-algerie.com\\\/actualites\\\/sellal-recoit-le-ministre-sud-coreen-du-territoire-des-infrastructures-et-des-transports\\\/\"},\"wordCount\":185,\"commentCount\":0,\"publisher\":{\"@id\":\"https:\\\/\\\/www.info-algerie.com\\\/actualites\\\/#organization\"},\"image\":{\"@id\":\"https:\\\/\\\/www.info-algerie.com\\\/actualites\\\/sellal-recoit-le-ministre-sud-coreen-du-territoire-des-infrastructures-et-des-transports\\\/#primaryimage\"},\"thumbnailUrl\":\"https:\\\/\\\/www.info-algerie.com\\\/actualites\\\/wp-content\\\/uploads\\\/2015\\\/08\\\/Sellal-re\u00e7oit-le-ministre-sud-cor\u00e9en.jpg\",\"keywords\":[\"sellal\"],\"articleSection\":[\"Politique\"],\"inLanguage\":\"fr-FR\",\"potentialAction\":[{\"@type\":\"CommentAction\",\"name\":\"Comment\",\"target\":[\"https:\\\/\\\/www.info-algerie.com\\\/actualites\\\/sellal-recoit-le-ministre-sud-coreen-du-territoire-des-infrastructures-et-des-transports\\\/#respond\"]}]},{\"@type\":\"WebPage\",\"@id\":\"https:\\\/\\\/www.info-algerie.com\\\/actualites\\\/sellal-recoit-le-ministre-sud-coreen-du-territoire-des-infrastructures-et-des-transports\\\/\",\"url\":\"https:\\\/\\\/www.info-algerie.com\\\/actualites\\\/sellal-recoit-le-ministre-sud-coreen-du-territoire-des-infrastructures-et-des-transports\\\/\",\"name\":\"Sellal re\u00e7oit le ministre sud-cor\u00e9en des Transports\",\"isPartOf\":{\"@id\":\"https:\\\/\\\/www.info-algerie.com\\\/actualites\\\/#website\"},\"primaryImageOfPage\":{\"@id\":\"https:\\\/\\\/www.info-algerie.com\\\/actualites\\\/sellal-recoit-le-ministre-sud-coreen-du-territoire-des-infrastructures-et-des-transports\\\/#primaryimage\"},\"image\":{\"@id\":\"https:\\\/\\\/www.info-algerie.com\\\/actualites\\\/sellal-recoit-le-ministre-sud-coreen-du-territoire-des-infrastructures-et-des-transports\\\/#primaryimage\"},\"thumbnailUrl\":\"https:\\\/\\\/www.info-algerie.com\\\/actualites\\\/wp-content\\\/uploads\\\/2015\\\/08\\\/Sellal-re\u00e7oit-le-ministre-sud-cor\u00e9en.jpg\",\"datePublished\":\"2015-08-27T15:54:14+00:00\",\"dateModified\":\"2015-08-28T10:41:22+00:00\",\"description\":\"Sellal re\u00e7oit le ministre sud-cor\u00e9en du Territoire, des Infrastructures et des Transports qui effectue une visite de travail en Alg\u00e9rie\",\"breadcrumb\":{\"@id\":\"https:\\\/\\\/www.info-algerie.com\\\/actualites\\\/sellal-recoit-le-ministre-sud-coreen-du-territoire-des-infrastructures-et-des-transports\\\/#breadcrumb\"},\"inLanguage\":\"fr-FR\",\"potentialAction\":[{\"@type\":\"ReadAction\",\"target\":[\"https:\\\/\\\/www.info-algerie.com\\\/actualites\\\/sellal-recoit-le-ministre-sud-coreen-du-territoire-des-infrastructures-et-des-transports\\\/\"]}]},{\"@type\":\"ImageObject\",\"inLanguage\":\"fr-FR\",\"@id\":\"https:\\\/\\\/www.info-algerie.com\\\/actualites\\\/sellal-recoit-le-ministre-sud-coreen-du-territoire-des-infrastructures-et-des-transports\\\/#primaryimage\",\"url\":\"https:\\\/\\\/www.info-algerie.com\\\/actualites\\\/wp-content\\\/uploads\\\/2015\\\/08\\\/Sellal-re\u00e7oit-le-ministre-sud-cor\u00e9en.jpg\",\"contentUrl\":\"https:\\\/\\\/www.info-algerie.com\\\/actualites\\\/wp-content\\\/uploads\\\/2015\\\/08\\\/Sellal-re\u00e7oit-le-ministre-sud-cor\u00e9en.jpg\",\"width\":900,\"height\":639,\"caption\":\"Sellal re\u00e7oit le ministre sud-cor\u00e9en\"},{\"@type\":\"BreadcrumbList\",\"@id\":\"https:\\\/\\\/www.info-algerie.com\\\/actualites\\\/sellal-recoit-le-ministre-sud-coreen-du-territoire-des-infrastructures-et-des-transports\\\/#breadcrumb\",\"itemListElement\":[{\"@type\":\"ListItem\",\"position\":1,\"name\":\"Accueil\",\"item\":\"https:\\\/\\\/www.info-algerie.com\\\/actualites\\\/\"},{\"@type\":\"ListItem\",\"position\":2,\"name\":\"Sellal re\u00e7oit le ministre sud-cor\u00e9en du Territoire, des Infrastructures et des Transports\"}]},{\"@type\":\"WebSite\",\"@id\":\"https:\\\/\\\/www.info-algerie.com\\\/actualites\\\/#website\",\"url\":\"https:\\\/\\\/www.info-algerie.com\\\/actualites\\\/\",\"name\":\"info algerie\",\"description\":\"Toutes les actualit\u00e9s\",\"publisher\":{\"@id\":\"https:\\\/\\\/www.info-algerie.com\\\/actualites\\\/#organization\"},\"potentialAction\":[{\"@type\":\"SearchAction\",\"target\":{\"@type\":\"EntryPoint\",\"urlTemplate\":\"https:\\\/\\\/www.info-algerie.com\\\/actualites\\\/?s={search_term_string}\"},\"query-input\":{\"@type\":\"PropertyValueSpecification\",\"valueRequired\":true,\"valueName\":\"search_term_string\"}}],\"inLanguage\":\"fr-FR\"},{\"@type\":\"Organization\",\"@id\":\"https:\\\/\\\/www.info-algerie.com\\\/actualites\\\/#organization\",\"name\":\"info algerie\",\"url\":\"https:\\\/\\\/www.info-algerie.com\\\/actualites\\\/\",\"logo\":{\"@type\":\"ImageObject\",\"inLanguage\":\"fr-FR\",\"@id\":\"https:\\\/\\\/www.info-algerie.com\\\/actualites\\\/#\\\/schema\\\/logo\\\/image\\\/\",\"url\":\"https:\\\/\\\/www.info-algerie.com\\\/actualites\\\/wp-content\\\/uploads\\\/2022\\\/07\\\/logo-ia-120.png\",\"contentUrl\":\"https:\\\/\\\/www.info-algerie.com\\\/actualites\\\/wp-content\\\/uploads\\\/2022\\\/07\\\/logo-ia-120.png\",\"width\":120,\"height\":43,\"caption\":\"info algerie\"},\"image\":{\"@id\":\"https:\\\/\\\/www.info-algerie.com\\\/actualites\\\/#\\\/schema\\\/logo\\\/image\\\/\"},\"sameAs\":[\"https:\\\/\\\/www.facebook.com\\\/infoalgerieactu\",\"https:\\\/\\\/x.com\\\/infoalgerie1\"]},{\"@type\":\"Person\",\"@id\":\"https:\\\/\\\/www.info-algerie.com\\\/actualites\\\/#\\\/schema\\\/person\\\/847aaec44920825b843a08f30ec6aa1e\",\"name\":\"La r\u00e9daction\",\"image\":{\"@type\":\"ImageObject\",\"inLanguage\":\"fr-FR\",\"@id\":\"https:\\\/\\\/secure.gravatar.com\\\/avatar\\\/769db425c6f465158149f1ffd6cf61ce7a8a879d11dfbef8288af36dfddd418c?s=96&d=mm&r=g\",\"url\":\"https:\\\/\\\/secure.gravatar.com\\\/avatar\\\/769db425c6f465158149f1ffd6cf61ce7a8a879d11dfbef8288af36dfddd418c?s=96&d=mm&r=g\",\"contentUrl\":\"https:\\\/\\\/secure.gravatar.com\\\/avatar\\\/769db425c6f465158149f1ffd6cf61ce7a8a879d11dfbef8288af36dfddd418c?s=96&d=mm&r=g\",\"caption\":\"La r\u00e9daction\"},\"sameAs\":[\"http:\\\/\\\/www.lkeria.com\\\/\"],\"url\":\"https:\\\/\\\/www.info-algerie.com\\\/actualites\\\/author\\\/chakib32\\\/\"}]}<\/script>\n<!-- \/ Yoast SEO plugin. -->","yoast_head_json":{"title":"Sellal re\u00e7oit le ministre sud-cor\u00e9en des Transports","description":"Sellal re\u00e7oit le ministre sud-cor\u00e9en du Territoire, des Infrastructures et des Transports qui effectue une visite de travail en Alg\u00e9rie","robots":{"index":"index","follow":"follow","max-snippet":"max-snippet:-1","max-image-preview":"max-image-preview:large","max-video-preview":"max-video-preview:-1"},"canonical":"https:\/\/www.info-algerie.com\/actualites\/sellal-recoit-le-ministre-sud-coreen-du-territoire-des-infrastructures-et-des-transports\/","og_locale":"fr_FR","og_type":"article","og_title":"Sellal re\u00e7oit le ministre sud-cor\u00e9en des Transports","og_description":"Sellal re\u00e7oit le ministre sud-cor\u00e9en du Territoire, des Infrastructures et des Transports qui effectue une visite de travail en Alg\u00e9rie","og_url":"https:\/\/www.info-algerie.com\/actualites\/sellal-recoit-le-ministre-sud-coreen-du-territoire-des-infrastructures-et-des-transports\/","og_site_name":"info algerie","article_publisher":"https:\/\/www.facebook.com\/infoalgerieactu","article_published_time":"2015-08-27T15:54:14+00:00","article_modified_time":"2015-08-28T10:41:22+00:00","og_image":[{"width":900,"height":639,"url":"https:\/\/www.info-algerie.com\/actualites\/wp-content\/uploads\/2015\/08\/Sellal-re\u00e7oit-le-ministre-sud-cor\u00e9en.jpg","type":"image\/jpeg"}],"author":"La r\u00e9daction","twitter_misc":{"\u00c9crit par":"La r\u00e9daction","Dur\u00e9e de lecture estim\u00e9e":"1 minute"},"schema":{"@context":"https:\/\/schema.org","@graph":[{"@type":"Article","@id":"https:\/\/www.info-algerie.com\/actualites\/sellal-recoit-le-ministre-sud-coreen-du-territoire-des-infrastructures-et-des-transports\/#article","isPartOf":{"@id":"https:\/\/www.info-algerie.com\/actualites\/sellal-recoit-le-ministre-sud-coreen-du-territoire-des-infrastructures-et-des-transports\/"},"author":{"name":"La r\u00e9daction","@id":"https:\/\/www.info-algerie.com\/actualites\/#\/schema\/person\/847aaec44920825b843a08f30ec6aa1e"},"headline":"Sellal re\u00e7oit le ministre sud-cor\u00e9en du Territoire, des Infrastructures et des Transports","datePublished":"2015-08-27T15:54:14+00:00","dateModified":"2015-08-28T10:41:22+00:00","mainEntityOfPage":{"@id":"https:\/\/www.info-algerie.com\/actualites\/sellal-recoit-le-ministre-sud-coreen-du-territoire-des-infrastructures-et-des-transports\/"},"wordCount":185,"commentCount":0,"publisher":{"@id":"https:\/\/www.info-algerie.com\/actualites\/#organization"},"image":{"@id":"https:\/\/www.info-algerie.com\/actualites\/sellal-recoit-le-ministre-sud-coreen-du-territoire-des-infrastructures-et-des-transports\/#primaryimage"},"thumbnailUrl":"https:\/\/www.info-algerie.com\/actualites\/wp-content\/uploads\/2015\/08\/Sellal-re\u00e7oit-le-ministre-sud-cor\u00e9en.jpg","keywords":["sellal"],"articleSection":["Politique"],"inLanguage":"fr-FR","potentialAction":[{"@type":"CommentAction","name":"Comment","target":["https:\/\/www.info-algerie.com\/actualites\/sellal-recoit-le-ministre-sud-coreen-du-territoire-des-infrastructures-et-des-transports\/#respond"]}]},{"@type":"WebPage","@id":"https:\/\/www.info-algerie.com\/actualites\/sellal-recoit-le-ministre-sud-coreen-du-territoire-des-infrastructures-et-des-transports\/","url":"https:\/\/www.info-algerie.com\/actualites\/sellal-recoit-le-ministre-sud-coreen-du-territoire-des-infrastructures-et-des-transports\/","name":"Sellal re\u00e7oit le ministre sud-cor\u00e9en des Transports","isPartOf":{"@id":"https:\/\/www.info-algerie.com\/actualites\/#website"},"primaryImageOfPage":{"@id":"https:\/\/www.info-algerie.com\/actualites\/sellal-recoit-le-ministre-sud-coreen-du-territoire-des-infrastructures-et-des-transports\/#primaryimage"},"image":{"@id":"https:\/\/www.info-algerie.com\/actualites\/sellal-recoit-le-ministre-sud-coreen-du-territoire-des-infrastructures-et-des-transports\/#primaryimage"},"thumbnailUrl":"https:\/\/www.info-algerie.com\/actualites\/wp-content\/uploads\/2015\/08\/Sellal-re\u00e7oit-le-ministre-sud-cor\u00e9en.jpg","datePublished":"2015-08-27T15:54:14+00:00","dateModified":"2015-08-28T10:41:22+00:00","description":"Sellal re\u00e7oit le ministre sud-cor\u00e9en du Territoire, des Infrastructures et des Transports qui effectue une visite de travail en Alg\u00e9rie","breadcrumb":{"@id":"https:\/\/www.info-algerie.com\/actualites\/sellal-recoit-le-ministre-sud-coreen-du-territoire-des-infrastructures-et-des-transports\/#breadcrumb"},"inLanguage":"fr-FR","potentialAction":[{"@type":"ReadAction","target":["https:\/\/www.info-algerie.com\/actualites\/sellal-recoit-le-ministre-sud-coreen-du-territoire-des-infrastructures-et-des-transports\/"]}]},{"@type":"ImageObject","inLanguage":"fr-FR","@id":"https:\/\/www.info-algerie.com\/actualites\/sellal-recoit-le-ministre-sud-coreen-du-territoire-des-infrastructures-et-des-transports\/#primaryimage","url":"https:\/\/www.info-algerie.com\/actualites\/wp-content\/uploads\/2015\/08\/Sellal-re\u00e7oit-le-ministre-sud-cor\u00e9en.jpg","contentUrl":"https:\/\/www.info-algerie.com\/actualites\/wp-content\/uploads\/2015\/08\/Sellal-re\u00e7oit-le-ministre-sud-cor\u00e9en.jpg","width":900,"height":639,"caption":"Sellal re\u00e7oit le ministre sud-cor\u00e9en"},{"@type":"BreadcrumbList","@id":"https:\/\/www.info-algerie.com\/actualites\/sellal-recoit-le-ministre-sud-coreen-du-territoire-des-infrastructures-et-des-transports\/#breadcrumb","itemListElement":[{"@type":"ListItem","position":1,"name":"Accueil","item":"https:\/\/www.info-algerie.com\/actualites\/"},{"@type":"ListItem","position":2,"name":"Sellal re\u00e7oit le ministre sud-cor\u00e9en du Territoire, des Infrastructures et des Transports"}]},{"@type":"WebSite","@id":"https:\/\/www.info-algerie.com\/actualites\/#website","url":"https:\/\/www.info-algerie.com\/actualites\/","name":"info algerie","description":"Toutes les actualit\u00e9s","publisher":{"@id":"https:\/\/www.info-algerie.com\/actualites\/#organization"},"potentialAction":[{"@type":"SearchAction","target":{"@type":"EntryPoint","urlTemplate":"https:\/\/www.info-algerie.com\/actualites\/?s={search_term_string}"},"query-input":{"@type":"PropertyValueSpecification","valueRequired":true,"valueName":"search_term_string"}}],"inLanguage":"fr-FR"},{"@type":"Organization","@id":"https:\/\/www.info-algerie.com\/actualites\/#organization","name":"info algerie","url":"https:\/\/www.info-algerie.com\/actualites\/","logo":{"@type":"ImageObject","inLanguage":"fr-FR","@id":"https:\/\/www.info-algerie.com\/actualites\/#\/schema\/logo\/image\/","url":"https:\/\/www.info-algerie.com\/actualites\/wp-content\/uploads\/2022\/07\/logo-ia-120.png","contentUrl":"https:\/\/www.info-algerie.com\/actualites\/wp-content\/uploads\/2022\/07\/logo-ia-120.png","width":120,"height":43,"caption":"info algerie"},"image":{"@id":"https:\/\/www.info-algerie.com\/actualites\/#\/schema\/logo\/image\/"},"sameAs":["https:\/\/www.facebook.com\/infoalgerieactu","https:\/\/x.com\/infoalgerie1"]},{"@type":"Person","@id":"https:\/\/www.info-algerie.com\/actualites\/#\/schema\/person\/847aaec44920825b843a08f30ec6aa1e","name":"La r\u00e9daction","image":{"@type":"ImageObject","inLanguage":"fr-FR","@id":"https:\/\/secure.gravatar.com\/avatar\/769db425c6f465158149f1ffd6cf61ce7a8a879d11dfbef8288af36dfddd418c?s=96&d=mm&r=g","url":"https:\/\/secure.gravatar.com\/avatar\/769db425c6f465158149f1ffd6cf61ce7a8a879d11dfbef8288af36dfddd418c?s=96&d=mm&r=g","contentUrl":"https:\/\/secure.gravatar.com\/avatar\/769db425c6f465158149f1ffd6cf61ce7a8a879d11dfbef8288af36dfddd418c?s=96&d=mm&r=g","caption":"La r\u00e9daction"},"sameAs":["http:\/\/www.lkeria.com\/"],"url":"https:\/\/www.info-algerie.com\/actualites\/author\/chakib32\/"}]}},"_links":{"self":[{"href":"https:\/\/www.info-algerie.com\/actualites\/wp-json\/wp\/v2\/posts\/283","targetHints":{"allow":["GET"]}}],"collection":[{"href":"https:\/\/www.info-algerie.com\/actualites\/wp-json\/wp\/v2\/posts"}],"about":[{"href":"https:\/\/www.info-algerie.com\/actualites\/wp-json\/wp\/v2\/types\/post"}],"author":[{"embeddable":true,"href":"https:\/\/www.info-algerie.com\/actualites\/wp-json\/wp\/v2\/users\/6"}],"replies":[{"embeddable":true,"href":"https:\/\/www.info-algerie.com\/actualites\/wp-json\/wp\/v2\/comments?post=283"}],"version-history":[{"count":4,"href":"https:\/\/www.info-algerie.com\/actualites\/wp-json\/wp\/v2\/posts\/283\/revisions"}],"predecessor-version":[{"id":332,"href":"https:\/\/www.info-algerie.com\/actualites\/wp-json\/wp\/v2\/posts\/283\/revisions\/332"}],"wp:featuredmedia":[{"embeddable":true,"href":"https:\/\/www.info-algerie.com\/actualites\/wp-json\/wp\/v2\/media\/327"}],"wp:attachment":[{"href":"https:\/\/www.info-algerie.com\/actualites\/wp-json\/wp\/v2\/media?parent=283"}],"wp:term":[{"taxonomy":"category","embeddable":true,"href":"https:\/\/www.info-algerie.com\/actualites\/wp-json\/wp\/v2\/categories?post=283"},{"taxonomy":"post_tag","embeddable":true,"href":"https:\/\/www.info-algerie.com\/actualites\/wp-json\/wp\/v2\/tags?post=283"}],"curies":[{"name":"wp","href":"https:\/\/api.w.org\/{rel}","templated":true}]}}