{"id":284,"date":"2015-08-27T17:43:06","date_gmt":"2015-08-27T16:43:06","guid":{"rendered":"http:\/\/www.info-algerie.com\/actualites\/reunion-gouvernement-walis-insuffler-une-nouvelle-dynamique-au-developpement-local\/"},"modified":"2015-08-28T11:20:36","modified_gmt":"2015-08-28T10:20:36","slug":"reunion-gouvernement-walis-insuffler-une-nouvelle-dynamique-au-developpement-local","status":"publish","type":"post","link":"https:\/\/www.info-algerie.com\/actualites\/reunion-gouvernement-walis-insuffler-une-nouvelle-dynamique-au-developpement-local\/","title":{"rendered":"r\u00e9union gouvernement-walis: Insuffler une nouvelle dynamique au d\u00e9veloppement local"},"content":{"rendered":"<div class=\"K2FeedImage\" style=\"text-align: justify;\"><a href=\"https:\/\/www.info-algerie.com\/actualites\/wp-content\/uploads\/2015\/08\/r\u00e9union-gouvernement-walis.jpg\"><img loading=\"lazy\" decoding=\"async\" class=\" wp-image-323 alignleft\" src=\"https:\/\/www.info-algerie.com\/actualites\/wp-content\/uploads\/2015\/08\/r\u00e9union-gouvernement-walis-300x244.jpg\" alt=\"r\u00e9union gouvernement-walis\" width=\"193\" height=\"157\" srcset=\"https:\/\/www.info-algerie.com\/actualites\/wp-content\/uploads\/2015\/08\/r\u00e9union-gouvernement-walis-300x244.jpg 300w, https:\/\/www.info-algerie.com\/actualites\/wp-content\/uploads\/2015\/08\/r\u00e9union-gouvernement-walis.jpg 470w\" sizes=\"auto, (max-width: 193px) 100vw, 193px\" \/><\/a>La consolidation de la dynamique de d\u00e9veloppement local sera au centre de la r\u00e9union qui regroupera samedi prochain \u00e0 Alger, le Premier ministre, Abdelmalek Sellal, avec les premiers responsables des collectivit\u00e9s locales.<\/div>\n<div class=\"K2FeedIntroText\">\n<p style=\"text-align: justify;\">Cette r\u00e9union s&rsquo;inscrit dans le prolongement des instructions donn\u00e9es par le pr\u00e9sident de la R\u00e9publique, Abdelaziz Bouteflika, lors du dernier Conseil des ministres tenu le 22 juillet dernier, et qui a constitu\u00e9 un v\u00e9ritable cahier de charges pour le gouvernement sous la houlette de Abdelmalek Sellal.<\/p>\n<p style=\"text-align: justify;\">Les th\u00e8mes retenus pour cette rencontre, devenue une tradition dans l&rsquo;action du gouvernement, ont trait \u00e0 cinq secteurs pouvant constituer de v\u00e9ritables panac\u00e9es aux hydrocarbures dans une conjoncture difficile o\u00f9 la diversification de l&rsquo;\u00e9conomie nationale s&rsquo;impose plus que jamais, en accordant plus d&rsquo;avantages \u00e0 l&rsquo;investissement et en boostant la production nationale .<\/p>\n<p style=\"text-align: justify;\">Il s&rsquo;agit notamment du secteur de l&rsquo;agriculture pour lequel le ministre du secteur, Sid Ahmed Ferroukhi, pr\u00e9sentera un expos\u00e9 sur \u00ab\u00a0l&rsquo;am\u00e9lioration de la performance des dispositifs d&rsquo;appui \u00e0 l&rsquo;activit\u00e9 agricole\u00a0\u00bb, du secteur du tourisme \u00ab\u00a0un gisement \u00e9conomique \u00e0 exploiter\u00a0\u00bb, th\u00e8me de l&rsquo;expos\u00e9 du ministre de l&rsquo;Am\u00e9nagement du territoire, du Tourisme et de l&rsquo;Artisanat, Amar Ghoul, et<\/p>\n<p style=\"text-align: justify;\">de \u00ab\u00a0l&rsquo;investissement \u00e9conomique au service du d\u00e9veloppement national\u00a0\u00bb, expos\u00e9 du ministre de l&rsquo;Industrie et de Mines, Abdesselam Bouchouareb.<\/p>\n<p style=\"text-align: justify;\">Les deux autres dossiers ont trait \u00e0 la valorisation des ressources propres des collectivit\u00e9s locales dans un contexte de rigueur budg\u00e9taire\u00a0\u00bb et \u00ab\u00a0habitat et cadre de vie du citoyen: enjeux et perspectives\u00a0\u00bb, pr\u00e9sent\u00e9s respectivement par le ministre des Finances, Abderahmane Benkhalfa et le ministre de l&rsquo;Habitat, de l&rsquo;Urbanisme et de la Ville, Abdelmadjid Tebboune.<\/p>\n<p style=\"text-align: justify;\">Les deux autres th\u00e8mes, li\u00e9s directement au quotidien du citoyen, ont trait \u00e0 l&rsquo;am\u00e9lioration du service public et l&rsquo;implication de l&rsquo;\u00e9lu dans la r\u00e9alisation des programmes de d\u00e9veloppement local.<\/p>\n<p style=\"text-align: justify;\">La r\u00e9union se tient notamment dans une conjoncture marqu\u00e9e par la diminution des ressources de l&rsquo;Etat induite par la baisse drastique des prix des hydrocarbures, commandant ainsi les pouvoirs publics \u00e0 rationaliser les d\u00e9penses publiques et \u00e0 revoir la strat\u00e9gie \u00e9conomique, par l&rsquo;instauration de nouvelles dispositions en mati\u00e8re d&rsquo;investissement introduites dans la Loi de Finances Compl\u00e9mentaire 2015 (LFC), adopt\u00e9e lors du dernier Conseil des ministres ainsi que la mise<\/p>\n<p style=\"text-align: justify;\">en place de nouvelles circonscriptions administratives.<\/p>\n<p style=\"text-align: justify;\">Elle intervient aussi, suite au large mouvement dans le corps des walis, effectu\u00e9 par le pr\u00e9sident de la R\u00e9publique, Abdelaziz Bouteflika, qui a touch\u00e9 35 wilayas sur un total de 48 wilayas, et a vu la cr\u00e9ation d&rsquo;une dizaine de nouvelles circonscriptions dans le sud du pays afin de donner un essor aux programmes de d\u00e9veloppement local en l&rsquo;int\u00e9grant dans une vision globale.<\/p>\n<p style=\"text-align: justify;\">Outre l&rsquo;\u00e9valuation de l&rsquo;action au niveau local, la r\u00e9union de M.Sellal avec les 48 walis et les 17 walis d\u00e9l\u00e9gu\u00e9s, r\u00e9cemment install\u00e9s dans leurs fonctions, accordera une importance particuli\u00e8re \u00e0 l&rsquo;explicitation des nouvelles mesures concernant l&rsquo;investissement contenues dans la LFC, aux nouvelles orientations strat\u00e9giques pour donner un \u00ab\u00a0coup de fouet\u00a0\u00bb \u00e0 l&rsquo;\u00e9conomie nationale.<\/p>\n<p style=\"text-align: justify;\">D&rsquo;autant qu&rsquo;\u00e0 la faveur de nouvelles dispositions de la LFC, les walis sont impliqu\u00e9s d&rsquo;une mani\u00e8re directe dans les op\u00e9rations de l&rsquo;investissement puisqu&rsquo;elle leur permet de pr\u00e9senter leurs dossiers au niveau local o\u00f9 la validation du dossier sera, apr\u00e8s traitement, valid\u00e9 par la signature du wali.<\/p>\n<p style=\"text-align: justify;\">Le Premier ministre avait indiqu\u00e9, au lendemain de la promulgation de la LFC, que \u00ab\u00a0l&rsquo;objectif du gouvernement \u00e0 travers les mesures prises en faveur des entreprises et de l&rsquo;investissement, est de construire une \u00e9conomie forte\u00a0\u00bb.<\/p>\n<p style=\"text-align: justify;\">En somme, l&rsquo;ordre du jour s&rsquo;axera sur les nouvelles conditions \u00e0 mettre en place pour cr\u00e9er de nouvelles opportunit\u00e9s pour les investissements et le d\u00e9veloppement de l&rsquo;\u00e9conomie notamment \u00e0 l&rsquo;\u00e9chelle locale. Il s&rsquo;agira, \u00e9galement, comme \u00e0 chaque occasion, de l&rsquo;\u00e9valuation de l&rsquo;action des collectivit\u00e9s en mati\u00e8re de d\u00e9veloppement, ainsi que des contraintes et des suggestions soulev\u00e9es par les walis.<\/p>\n<\/div>\n<p>Source: <a href=\"http:\/\/www.aps.dz\/algerie\/27693-r%C3%A9union-gouvernement-walis-insuffler-une-nouvelle-dynamique-au-d%C3%A9veloppement-local\" target=\"_blank\">R\u00e9union gouvernement-walis: Insuffler une nouvelle dynamique au d\u00e9veloppement local<\/a><\/p>\n<!--CusAds0-->\n<div style=\"font-size: 0px; height: 0px; line-height: 0px; margin: 0; padding: 0; clear: both;\"><\/div>","protected":false},"excerpt":{"rendered":"<p>La consolidation de la dynamique de d\u00e9veloppement local sera au centre de la r\u00e9union qui regroupera samedi prochain \u00e0 Alger, le Premier ministre, Abdelmalek Sellal, avec les premiers responsables des collectivit\u00e9s locales. Cette r\u00e9union s&rsquo;inscrit dans le prolongement des instructions donn\u00e9es par le pr\u00e9sident de la R\u00e9publique, Abdelaziz Bouteflika, lors du dernier Conseil des ministres<\/p>\n","protected":false},"author":6,"featured_media":323,"comment_status":"open","ping_status":"open","sticky":false,"template":"","format":"standard","meta":{"footnotes":""},"categories":[22],"tags":[49],"class_list":["post-284","post","type-post","status-publish","format-standard","has-post-thumbnail","hentry","category-infos","tag-reunion-gouvernement-walis"],"yoast_head":"<!-- This site is optimized with the Yoast SEO plugin v27.5 - https:\/\/yoast.com\/product\/yoast-seo-wordpress\/ -->\n<title>r\u00e9union gouvernement-walis pour une nouvelle dynamique<\/title>\n<meta name=\"description\" content=\"r\u00e9union gouvernement-walis, pour une nouvelle dynamique au d\u00e9veloppement local,\" \/>\n<meta name=\"robots\" content=\"index, follow, max-snippet:-1, max-image-preview:large, max-video-preview:-1\" \/>\n<link rel=\"canonical\" href=\"https:\/\/www.info-algerie.com\/actualites\/reunion-gouvernement-walis-insuffler-une-nouvelle-dynamique-au-developpement-local\/\" \/>\n<meta property=\"og:locale\" content=\"fr_FR\" \/>\n<meta property=\"og:type\" content=\"article\" \/>\n<meta property=\"og:title\" content=\"r\u00e9union gouvernement-walis pour une nouvelle dynamique\" \/>\n<meta property=\"og:description\" content=\"r\u00e9union gouvernement-walis, pour une nouvelle dynamique au d\u00e9veloppement local,\" \/>\n<meta property=\"og:url\" content=\"https:\/\/www.info-algerie.com\/actualites\/reunion-gouvernement-walis-insuffler-une-nouvelle-dynamique-au-developpement-local\/\" \/>\n<meta property=\"og:site_name\" content=\"info algerie\" \/>\n<meta property=\"article:publisher\" content=\"https:\/\/www.facebook.com\/infoalgerieactu\" \/>\n<meta property=\"article:published_time\" content=\"2015-08-27T16:43:06+00:00\" \/>\n<meta property=\"article:modified_time\" content=\"2015-08-28T10:20:36+00:00\" \/>\n<meta property=\"og:image\" content=\"https:\/\/www.info-algerie.com\/actualites\/wp-content\/uploads\/2015\/08\/r\u00e9union-gouvernement-walis.jpg\" \/>\n\t<meta property=\"og:image:width\" content=\"470\" \/>\n\t<meta property=\"og:image:height\" content=\"382\" \/>\n\t<meta property=\"og:image:type\" content=\"image\/jpeg\" \/>\n<meta name=\"author\" content=\"La r\u00e9daction\" \/>\n<meta name=\"twitter:label1\" content=\"\u00c9crit par\" \/>\n\t<meta name=\"twitter:data1\" content=\"La r\u00e9daction\" \/>\n\t<meta name=\"twitter:label2\" content=\"Dur\u00e9e de lecture estim\u00e9e\" \/>\n\t<meta name=\"twitter:data2\" content=\"3 minutes\" \/>\n<script type=\"application\/ld+json\" class=\"yoast-schema-graph\">{\"@context\":\"https:\\\/\\\/schema.org\",\"@graph\":[{\"@type\":\"Article\",\"@id\":\"https:\\\/\\\/www.info-algerie.com\\\/actualites\\\/reunion-gouvernement-walis-insuffler-une-nouvelle-dynamique-au-developpement-local\\\/#article\",\"isPartOf\":{\"@id\":\"https:\\\/\\\/www.info-algerie.com\\\/actualites\\\/reunion-gouvernement-walis-insuffler-une-nouvelle-dynamique-au-developpement-local\\\/\"},\"author\":{\"name\":\"La r\u00e9daction\",\"@id\":\"https:\\\/\\\/www.info-algerie.com\\\/actualites\\\/#\\\/schema\\\/person\\\/847aaec44920825b843a08f30ec6aa1e\"},\"headline\":\"r\u00e9union gouvernement-walis: Insuffler une nouvelle dynamique au d\u00e9veloppement local\",\"datePublished\":\"2015-08-27T16:43:06+00:00\",\"dateModified\":\"2015-08-28T10:20:36+00:00\",\"mainEntityOfPage\":{\"@id\":\"https:\\\/\\\/www.info-algerie.com\\\/actualites\\\/reunion-gouvernement-walis-insuffler-une-nouvelle-dynamique-au-developpement-local\\\/\"},\"wordCount\":721,\"commentCount\":0,\"publisher\":{\"@id\":\"https:\\\/\\\/www.info-algerie.com\\\/actualites\\\/#organization\"},\"image\":{\"@id\":\"https:\\\/\\\/www.info-algerie.com\\\/actualites\\\/reunion-gouvernement-walis-insuffler-une-nouvelle-dynamique-au-developpement-local\\\/#primaryimage\"},\"thumbnailUrl\":\"https:\\\/\\\/www.info-algerie.com\\\/actualites\\\/wp-content\\\/uploads\\\/2015\\\/08\\\/r\u00e9union-gouvernement-walis.jpg\",\"keywords\":[\"r\u00e9union gouvernement-walis\"],\"articleSection\":[\"infos\"],\"inLanguage\":\"fr-FR\",\"potentialAction\":[{\"@type\":\"CommentAction\",\"name\":\"Comment\",\"target\":[\"https:\\\/\\\/www.info-algerie.com\\\/actualites\\\/reunion-gouvernement-walis-insuffler-une-nouvelle-dynamique-au-developpement-local\\\/#respond\"]}]},{\"@type\":\"WebPage\",\"@id\":\"https:\\\/\\\/www.info-algerie.com\\\/actualites\\\/reunion-gouvernement-walis-insuffler-une-nouvelle-dynamique-au-developpement-local\\\/\",\"url\":\"https:\\\/\\\/www.info-algerie.com\\\/actualites\\\/reunion-gouvernement-walis-insuffler-une-nouvelle-dynamique-au-developpement-local\\\/\",\"name\":\"r\u00e9union gouvernement-walis pour une nouvelle dynamique\",\"isPartOf\":{\"@id\":\"https:\\\/\\\/www.info-algerie.com\\\/actualites\\\/#website\"},\"primaryImageOfPage\":{\"@id\":\"https:\\\/\\\/www.info-algerie.com\\\/actualites\\\/reunion-gouvernement-walis-insuffler-une-nouvelle-dynamique-au-developpement-local\\\/#primaryimage\"},\"image\":{\"@id\":\"https:\\\/\\\/www.info-algerie.com\\\/actualites\\\/reunion-gouvernement-walis-insuffler-une-nouvelle-dynamique-au-developpement-local\\\/#primaryimage\"},\"thumbnailUrl\":\"https:\\\/\\\/www.info-algerie.com\\\/actualites\\\/wp-content\\\/uploads\\\/2015\\\/08\\\/r\u00e9union-gouvernement-walis.jpg\",\"datePublished\":\"2015-08-27T16:43:06+00:00\",\"dateModified\":\"2015-08-28T10:20:36+00:00\",\"description\":\"r\u00e9union gouvernement-walis, pour une nouvelle dynamique au d\u00e9veloppement local,\",\"breadcrumb\":{\"@id\":\"https:\\\/\\\/www.info-algerie.com\\\/actualites\\\/reunion-gouvernement-walis-insuffler-une-nouvelle-dynamique-au-developpement-local\\\/#breadcrumb\"},\"inLanguage\":\"fr-FR\",\"potentialAction\":[{\"@type\":\"ReadAction\",\"target\":[\"https:\\\/\\\/www.info-algerie.com\\\/actualites\\\/reunion-gouvernement-walis-insuffler-une-nouvelle-dynamique-au-developpement-local\\\/\"]}]},{\"@type\":\"ImageObject\",\"inLanguage\":\"fr-FR\",\"@id\":\"https:\\\/\\\/www.info-algerie.com\\\/actualites\\\/reunion-gouvernement-walis-insuffler-une-nouvelle-dynamique-au-developpement-local\\\/#primaryimage\",\"url\":\"https:\\\/\\\/www.info-algerie.com\\\/actualites\\\/wp-content\\\/uploads\\\/2015\\\/08\\\/r\u00e9union-gouvernement-walis.jpg\",\"contentUrl\":\"https:\\\/\\\/www.info-algerie.com\\\/actualites\\\/wp-content\\\/uploads\\\/2015\\\/08\\\/r\u00e9union-gouvernement-walis.jpg\",\"width\":470,\"height\":382,\"caption\":\"r\u00e9union gouvernement-walis\"},{\"@type\":\"BreadcrumbList\",\"@id\":\"https:\\\/\\\/www.info-algerie.com\\\/actualites\\\/reunion-gouvernement-walis-insuffler-une-nouvelle-dynamique-au-developpement-local\\\/#breadcrumb\",\"itemListElement\":[{\"@type\":\"ListItem\",\"position\":1,\"name\":\"Accueil\",\"item\":\"https:\\\/\\\/www.info-algerie.com\\\/actualites\\\/\"},{\"@type\":\"ListItem\",\"position\":2,\"name\":\"r\u00e9union gouvernement-walis: Insuffler une nouvelle dynamique au d\u00e9veloppement local\"}]},{\"@type\":\"WebSite\",\"@id\":\"https:\\\/\\\/www.info-algerie.com\\\/actualites\\\/#website\",\"url\":\"https:\\\/\\\/www.info-algerie.com\\\/actualites\\\/\",\"name\":\"info algerie\",\"description\":\"Toutes les actualit\u00e9s\",\"publisher\":{\"@id\":\"https:\\\/\\\/www.info-algerie.com\\\/actualites\\\/#organization\"},\"potentialAction\":[{\"@type\":\"SearchAction\",\"target\":{\"@type\":\"EntryPoint\",\"urlTemplate\":\"https:\\\/\\\/www.info-algerie.com\\\/actualites\\\/?s={search_term_string}\"},\"query-input\":{\"@type\":\"PropertyValueSpecification\",\"valueRequired\":true,\"valueName\":\"search_term_string\"}}],\"inLanguage\":\"fr-FR\"},{\"@type\":\"Organization\",\"@id\":\"https:\\\/\\\/www.info-algerie.com\\\/actualites\\\/#organization\",\"name\":\"info algerie\",\"url\":\"https:\\\/\\\/www.info-algerie.com\\\/actualites\\\/\",\"logo\":{\"@type\":\"ImageObject\",\"inLanguage\":\"fr-FR\",\"@id\":\"https:\\\/\\\/www.info-algerie.com\\\/actualites\\\/#\\\/schema\\\/logo\\\/image\\\/\",\"url\":\"https:\\\/\\\/www.info-algerie.com\\\/actualites\\\/wp-content\\\/uploads\\\/2022\\\/07\\\/logo-ia-120.png\",\"contentUrl\":\"https:\\\/\\\/www.info-algerie.com\\\/actualites\\\/wp-content\\\/uploads\\\/2022\\\/07\\\/logo-ia-120.png\",\"width\":120,\"height\":43,\"caption\":\"info algerie\"},\"image\":{\"@id\":\"https:\\\/\\\/www.info-algerie.com\\\/actualites\\\/#\\\/schema\\\/logo\\\/image\\\/\"},\"sameAs\":[\"https:\\\/\\\/www.facebook.com\\\/infoalgerieactu\",\"https:\\\/\\\/x.com\\\/infoalgerie1\"]},{\"@type\":\"Person\",\"@id\":\"https:\\\/\\\/www.info-algerie.com\\\/actualites\\\/#\\\/schema\\\/person\\\/847aaec44920825b843a08f30ec6aa1e\",\"name\":\"La r\u00e9daction\",\"image\":{\"@type\":\"ImageObject\",\"inLanguage\":\"fr-FR\",\"@id\":\"https:\\\/\\\/secure.gravatar.com\\\/avatar\\\/769db425c6f465158149f1ffd6cf61ce7a8a879d11dfbef8288af36dfddd418c?s=96&d=mm&r=g\",\"url\":\"https:\\\/\\\/secure.gravatar.com\\\/avatar\\\/769db425c6f465158149f1ffd6cf61ce7a8a879d11dfbef8288af36dfddd418c?s=96&d=mm&r=g\",\"contentUrl\":\"https:\\\/\\\/secure.gravatar.com\\\/avatar\\\/769db425c6f465158149f1ffd6cf61ce7a8a879d11dfbef8288af36dfddd418c?s=96&d=mm&r=g\",\"caption\":\"La r\u00e9daction\"},\"sameAs\":[\"http:\\\/\\\/www.lkeria.com\\\/\"],\"url\":\"https:\\\/\\\/www.info-algerie.com\\\/actualites\\\/author\\\/chakib32\\\/\"}]}<\/script>\n<!-- \/ Yoast SEO plugin. -->","yoast_head_json":{"title":"r\u00e9union gouvernement-walis pour une nouvelle dynamique","description":"r\u00e9union gouvernement-walis, pour une nouvelle dynamique au d\u00e9veloppement local,","robots":{"index":"index","follow":"follow","max-snippet":"max-snippet:-1","max-image-preview":"max-image-preview:large","max-video-preview":"max-video-preview:-1"},"canonical":"https:\/\/www.info-algerie.com\/actualites\/reunion-gouvernement-walis-insuffler-une-nouvelle-dynamique-au-developpement-local\/","og_locale":"fr_FR","og_type":"article","og_title":"r\u00e9union gouvernement-walis pour une nouvelle dynamique","og_description":"r\u00e9union gouvernement-walis, pour une nouvelle dynamique au d\u00e9veloppement local,","og_url":"https:\/\/www.info-algerie.com\/actualites\/reunion-gouvernement-walis-insuffler-une-nouvelle-dynamique-au-developpement-local\/","og_site_name":"info algerie","article_publisher":"https:\/\/www.facebook.com\/infoalgerieactu","article_published_time":"2015-08-27T16:43:06+00:00","article_modified_time":"2015-08-28T10:20:36+00:00","og_image":[{"width":470,"height":382,"url":"https:\/\/www.info-algerie.com\/actualites\/wp-content\/uploads\/2015\/08\/r\u00e9union-gouvernement-walis.jpg","type":"image\/jpeg"}],"author":"La r\u00e9daction","twitter_misc":{"\u00c9crit par":"La r\u00e9daction","Dur\u00e9e de lecture estim\u00e9e":"3 minutes"},"schema":{"@context":"https:\/\/schema.org","@graph":[{"@type":"Article","@id":"https:\/\/www.info-algerie.com\/actualites\/reunion-gouvernement-walis-insuffler-une-nouvelle-dynamique-au-developpement-local\/#article","isPartOf":{"@id":"https:\/\/www.info-algerie.com\/actualites\/reunion-gouvernement-walis-insuffler-une-nouvelle-dynamique-au-developpement-local\/"},"author":{"name":"La r\u00e9daction","@id":"https:\/\/www.info-algerie.com\/actualites\/#\/schema\/person\/847aaec44920825b843a08f30ec6aa1e"},"headline":"r\u00e9union gouvernement-walis: Insuffler une nouvelle dynamique au d\u00e9veloppement local","datePublished":"2015-08-27T16:43:06+00:00","dateModified":"2015-08-28T10:20:36+00:00","mainEntityOfPage":{"@id":"https:\/\/www.info-algerie.com\/actualites\/reunion-gouvernement-walis-insuffler-une-nouvelle-dynamique-au-developpement-local\/"},"wordCount":721,"commentCount":0,"publisher":{"@id":"https:\/\/www.info-algerie.com\/actualites\/#organization"},"image":{"@id":"https:\/\/www.info-algerie.com\/actualites\/reunion-gouvernement-walis-insuffler-une-nouvelle-dynamique-au-developpement-local\/#primaryimage"},"thumbnailUrl":"https:\/\/www.info-algerie.com\/actualites\/wp-content\/uploads\/2015\/08\/r\u00e9union-gouvernement-walis.jpg","keywords":["r\u00e9union gouvernement-walis"],"articleSection":["infos"],"inLanguage":"fr-FR","potentialAction":[{"@type":"CommentAction","name":"Comment","target":["https:\/\/www.info-algerie.com\/actualites\/reunion-gouvernement-walis-insuffler-une-nouvelle-dynamique-au-developpement-local\/#respond"]}]},{"@type":"WebPage","@id":"https:\/\/www.info-algerie.com\/actualites\/reunion-gouvernement-walis-insuffler-une-nouvelle-dynamique-au-developpement-local\/","url":"https:\/\/www.info-algerie.com\/actualites\/reunion-gouvernement-walis-insuffler-une-nouvelle-dynamique-au-developpement-local\/","name":"r\u00e9union gouvernement-walis pour une nouvelle dynamique","isPartOf":{"@id":"https:\/\/www.info-algerie.com\/actualites\/#website"},"primaryImageOfPage":{"@id":"https:\/\/www.info-algerie.com\/actualites\/reunion-gouvernement-walis-insuffler-une-nouvelle-dynamique-au-developpement-local\/#primaryimage"},"image":{"@id":"https:\/\/www.info-algerie.com\/actualites\/reunion-gouvernement-walis-insuffler-une-nouvelle-dynamique-au-developpement-local\/#primaryimage"},"thumbnailUrl":"https:\/\/www.info-algerie.com\/actualites\/wp-content\/uploads\/2015\/08\/r\u00e9union-gouvernement-walis.jpg","datePublished":"2015-08-27T16:43:06+00:00","dateModified":"2015-08-28T10:20:36+00:00","description":"r\u00e9union gouvernement-walis, pour une nouvelle dynamique au d\u00e9veloppement local,","breadcrumb":{"@id":"https:\/\/www.info-algerie.com\/actualites\/reunion-gouvernement-walis-insuffler-une-nouvelle-dynamique-au-developpement-local\/#breadcrumb"},"inLanguage":"fr-FR","potentialAction":[{"@type":"ReadAction","target":["https:\/\/www.info-algerie.com\/actualites\/reunion-gouvernement-walis-insuffler-une-nouvelle-dynamique-au-developpement-local\/"]}]},{"@type":"ImageObject","inLanguage":"fr-FR","@id":"https:\/\/www.info-algerie.com\/actualites\/reunion-gouvernement-walis-insuffler-une-nouvelle-dynamique-au-developpement-local\/#primaryimage","url":"https:\/\/www.info-algerie.com\/actualites\/wp-content\/uploads\/2015\/08\/r\u00e9union-gouvernement-walis.jpg","contentUrl":"https:\/\/www.info-algerie.com\/actualites\/wp-content\/uploads\/2015\/08\/r\u00e9union-gouvernement-walis.jpg","width":470,"height":382,"caption":"r\u00e9union gouvernement-walis"},{"@type":"BreadcrumbList","@id":"https:\/\/www.info-algerie.com\/actualites\/reunion-gouvernement-walis-insuffler-une-nouvelle-dynamique-au-developpement-local\/#breadcrumb","itemListElement":[{"@type":"ListItem","position":1,"name":"Accueil","item":"https:\/\/www.info-algerie.com\/actualites\/"},{"@type":"ListItem","position":2,"name":"r\u00e9union gouvernement-walis: Insuffler une nouvelle dynamique au d\u00e9veloppement local"}]},{"@type":"WebSite","@id":"https:\/\/www.info-algerie.com\/actualites\/#website","url":"https:\/\/www.info-algerie.com\/actualites\/","name":"info algerie","description":"Toutes les actualit\u00e9s","publisher":{"@id":"https:\/\/www.info-algerie.com\/actualites\/#organization"},"potentialAction":[{"@type":"SearchAction","target":{"@type":"EntryPoint","urlTemplate":"https:\/\/www.info-algerie.com\/actualites\/?s={search_term_string}"},"query-input":{"@type":"PropertyValueSpecification","valueRequired":true,"valueName":"search_term_string"}}],"inLanguage":"fr-FR"},{"@type":"Organization","@id":"https:\/\/www.info-algerie.com\/actualites\/#organization","name":"info algerie","url":"https:\/\/www.info-algerie.com\/actualites\/","logo":{"@type":"ImageObject","inLanguage":"fr-FR","@id":"https:\/\/www.info-algerie.com\/actualites\/#\/schema\/logo\/image\/","url":"https:\/\/www.info-algerie.com\/actualites\/wp-content\/uploads\/2022\/07\/logo-ia-120.png","contentUrl":"https:\/\/www.info-algerie.com\/actualites\/wp-content\/uploads\/2022\/07\/logo-ia-120.png","width":120,"height":43,"caption":"info algerie"},"image":{"@id":"https:\/\/www.info-algerie.com\/actualites\/#\/schema\/logo\/image\/"},"sameAs":["https:\/\/www.facebook.com\/infoalgerieactu","https:\/\/x.com\/infoalgerie1"]},{"@type":"Person","@id":"https:\/\/www.info-algerie.com\/actualites\/#\/schema\/person\/847aaec44920825b843a08f30ec6aa1e","name":"La r\u00e9daction","image":{"@type":"ImageObject","inLanguage":"fr-FR","@id":"https:\/\/secure.gravatar.com\/avatar\/769db425c6f465158149f1ffd6cf61ce7a8a879d11dfbef8288af36dfddd418c?s=96&d=mm&r=g","url":"https:\/\/secure.gravatar.com\/avatar\/769db425c6f465158149f1ffd6cf61ce7a8a879d11dfbef8288af36dfddd418c?s=96&d=mm&r=g","contentUrl":"https:\/\/secure.gravatar.com\/avatar\/769db425c6f465158149f1ffd6cf61ce7a8a879d11dfbef8288af36dfddd418c?s=96&d=mm&r=g","caption":"La r\u00e9daction"},"sameAs":["http:\/\/www.lkeria.com\/"],"url":"https:\/\/www.info-algerie.com\/actualites\/author\/chakib32\/"}]}},"_links":{"self":[{"href":"https:\/\/www.info-algerie.com\/actualites\/wp-json\/wp\/v2\/posts\/284","targetHints":{"allow":["GET"]}}],"collection":[{"href":"https:\/\/www.info-algerie.com\/actualites\/wp-json\/wp\/v2\/posts"}],"about":[{"href":"https:\/\/www.info-algerie.com\/actualites\/wp-json\/wp\/v2\/types\/post"}],"author":[{"embeddable":true,"href":"https:\/\/www.info-algerie.com\/actualites\/wp-json\/wp\/v2\/users\/6"}],"replies":[{"embeddable":true,"href":"https:\/\/www.info-algerie.com\/actualites\/wp-json\/wp\/v2\/comments?post=284"}],"version-history":[{"count":3,"href":"https:\/\/www.info-algerie.com\/actualites\/wp-json\/wp\/v2\/posts\/284\/revisions"}],"predecessor-version":[{"id":326,"href":"https:\/\/www.info-algerie.com\/actualites\/wp-json\/wp\/v2\/posts\/284\/revisions\/326"}],"wp:featuredmedia":[{"embeddable":true,"href":"https:\/\/www.info-algerie.com\/actualites\/wp-json\/wp\/v2\/media\/323"}],"wp:attachment":[{"href":"https:\/\/www.info-algerie.com\/actualites\/wp-json\/wp\/v2\/media?parent=284"}],"wp:term":[{"taxonomy":"category","embeddable":true,"href":"https:\/\/www.info-algerie.com\/actualites\/wp-json\/wp\/v2\/categories?post=284"},{"taxonomy":"post_tag","embeddable":true,"href":"https:\/\/www.info-algerie.com\/actualites\/wp-json\/wp\/v2\/tags?post=284"}],"curies":[{"name":"wp","href":"https:\/\/api.w.org\/{rel}","templated":true}]}}