{"id":378,"date":"2015-08-28T13:17:16","date_gmt":"2015-08-28T12:17:16","guid":{"rendered":"http:\/\/www.info-algerie.com\/actualites\/lalgerie-vit-une-experience-democratique-qui-merite-detre-connue-davantage-dans-le-monde\/"},"modified":"2015-08-28T14:58:48","modified_gmt":"2015-08-28T13:58:48","slug":"lalgerie-vit-une-experience-democratique-qui-merite-detre-connue-davantage-dans-le-monde","status":"publish","type":"post","link":"https:\/\/www.info-algerie.com\/actualites\/lalgerie-vit-une-experience-democratique-qui-merite-detre-connue-davantage-dans-le-monde\/","title":{"rendered":"L&rsquo;Alg\u00e9rie vit une exp\u00e9rience d\u00e9mocratique qui m\u00e9rite d&rsquo;\u00eatre connue davantage dans le monde"},"content":{"rendered":"<div class=\"K2FeedImage\"><img alt=\"\" \/><\/div>\n<div class=\"K2FeedIntroText\">\n<p style=\"text-align: justify;\"><a href=\"https:\/\/www.info-algerie.com\/actualites\/wp-content\/uploads\/2015\/08\/LAlg\u00e9rie-vit-une-exp\u00e9rience-d\u00e9mocratique.jpg\"><img loading=\"lazy\" decoding=\"async\" class=\" wp-image-382 alignleft\" src=\"https:\/\/www.info-algerie.com\/actualites\/wp-content\/uploads\/2015\/08\/LAlg\u00e9rie-vit-une-exp\u00e9rience-d\u00e9mocratique-300x169.jpg\" alt=\"L'Alg\u00e9rie vit une exp\u00e9rience d\u00e9mocratique\" width=\"141\" height=\"80\" srcset=\"https:\/\/www.info-algerie.com\/actualites\/wp-content\/uploads\/2015\/08\/LAlg\u00e9rie-vit-une-exp\u00e9rience-d\u00e9mocratique-300x169.jpg 300w, https:\/\/www.info-algerie.com\/actualites\/wp-content\/uploads\/2015\/08\/LAlg\u00e9rie-vit-une-exp\u00e9rience-d\u00e9mocratique.jpg 900w\" sizes=\"auto, (max-width: 141px) 100vw, 141px\" \/><\/a>La <a href=\"https:\/\/www.info-algerie.com\/actualites\/bedoui-sentretient-avec-la-directrice-executive-du-fnud\/\" target=\"_blank\">directrice ex\u00e9cutive du Fonds des Nations Unies pour la d\u00e9mocratie (FNUD)<\/a>, Annika Saville a estim\u00e9 jeudi \u00e0 Alger que l&rsquo;Alg\u00e9rie vit une exp\u00e9rience d\u00e9mocratique \u00ab\u00a0qui m\u00e9rite d&rsquo;\u00eatre connue davantage dans le monde\u00a0\u00bb.<\/p>\n<p style=\"text-align: justify;\">Mme Saville qui a \u00e9t\u00e9 re\u00e7ue par le pr\u00e9sident de l&rsquo;Assembl\u00e9e populaire nationale (APN), Mohamed Larbi Ould Khelifa, a indiqu\u00e9 que la rencontre lui a permis \u00ab\u00a0de s&rsquo;enqu\u00e9rir davantage sur l&rsquo;exp\u00e9rience d\u00e9mocratique de l&rsquo;Alg\u00e9rie qui m\u00e9rite d&rsquo;\u00eatre connue encore dans le monde\u00a0\u00bb, indique un communiqu\u00e9 de l&rsquo;APN.<\/p>\n<p style=\"text-align: justify;\">La responsable onusienne a \u00e9voqu\u00e9 avec M. Ould Khelifa, plusieurs questions dont la repr\u00e9sentativit\u00e9 f\u00e9minine dans les assembl\u00e9es \u00e9lues et le r\u00f4le de la femme dans le renforcement de la confiance au sein du parlement, l&rsquo;implication des jeune dans le vie politique et le taux participation dans les \u00e9lections\u00a0\u00bb, ajoute la m\u00eame source.<\/p>\n<p style=\"text-align: justify;\">Pour sa part, M. Ould Khelifa a indiqu\u00e9 que l&rsquo;Alg\u00e9rie qui \u00ab\u00a0a combattu le terrorisme et parachev\u00e9 l&rsquo;\u00e9dification des institutions de l&rsquo;Etat, s&rsquo;est engag\u00e9e dans une exp\u00e9rience d\u00e9mocratique qui a permis d&rsquo;amorcer une nouvelle \u00e8re\u00a0\u00bb, rappelant que la \u00ab\u00a0repr\u00e9sentativit\u00e9 de la femme est pass\u00e9e au tiers, lors de cette derni\u00e8re l\u00e9gislature, gr\u00e2ce aux r\u00e9formes engag\u00e9es par le pr\u00e9sident de la r\u00e9publique\u00a0\u00bb.<\/p>\n<p style=\"text-align: justify;\">Il a ajout\u00e9 que l&rsquo;Alg\u00e9rie \u00ab\u00a0poursuivra son action en faveur de la promotion des libert\u00e9s, y compris la libert\u00e9 d&rsquo;expression \u00e0 travers les m\u00e9dias et le secteur de l&rsquo;\u00e9ducation qui assure l&rsquo;enseignement gratuit ainsi que l&rsquo;universit\u00e9\u00a0\u00bb.<\/p>\n<p style=\"text-align: justify;\">M. Ould Khelifa a rappel\u00e9 que \u00ab\u00a040 partis ont agr\u00e9\u00e9s \u00e0 la faveur du pluralisme politique outre les associations et les organisations qui activent notamment dans les domaines ayant traits aux affaires des citoyens et des droits de l&rsquo;Homme\u00a0\u00bb.<\/p>\n<p style=\"text-align: justify;\">Ces r\u00e9alisations ont permis \u00e0 l&rsquo;Alg\u00e9rie, a-t-il soutenu, de si\u00e9ger au Conseil des droits de l&rsquo;Homme de l&rsquo;ONU depuis 2014&Prime;. L&rsquo;Alg\u00e9rie qui a d\u00e9j\u00e0 v\u00e9cu l&rsquo;instabilit\u00e9 que vivent aujourd\u2019hui les pays de la r\u00e9gion, consentit des efforts consid\u00e9rables pour resserrer les rangs entre les protagonistes en faveur de solutions consensuelles et \u00e9viter l&rsquo;ing\u00e9rence \u00e9trang\u00e8re qui ne fait que compliquer la situation davantage\u00a0\u00bb, a-t-il ajout\u00e9.<\/p>\n<p style=\"text-align: justify;\">Il a \u00e9galement soulign\u00e9 que \u00ab\u00a0ce combat en faveur des causes justes et du droit des peuples \u00e0 l&rsquo;autod\u00e9termination, a fait de l&rsquo;Alg\u00e9rie un pays pionnier sur le plan r\u00e9gional en mati\u00e8re de d\u00e9mocratie\u00a0\u00bb.<\/p>\n<p style=\"text-align: justify;\">La directrice ex\u00e9cutive du FNUD est en visite de travail en Alg\u00e9rie depuis le 23 ao\u00fbt, dans le cadre du renforcement de la coop\u00e9ration bilat\u00e9rale entre l&rsquo;Alg\u00e9rie et le syst\u00e8me des Nations Unies.<\/p>\n<\/div>\n<div class=\"K2FeedIntroText\">Source: <a href=\"http:\/\/www.aps.dz\/algerie\/27699-l-alg%C3%A9rie-vit-une-exp%C3%A9rience-d%C3%A9mocratique-qui-m%C3%A9rite-d-%C3%AAtre-connue-davantage-dans-le-monde\" target=\"_blank\">L&rsquo;Alg\u00e9rie vit une exp\u00e9rience d\u00e9mocratique qui \u00ab\u00a0m\u00e9rite d&rsquo;\u00eatre connue davantage dans le monde\u00a0\u00bb<\/a><\/div>\n<!--CusAds0-->\n<div style=\"font-size: 0px; height: 0px; line-height: 0px; margin: 0; padding: 0; clear: both;\"><\/div>","protected":false},"excerpt":{"rendered":"<p>La directrice ex\u00e9cutive du Fonds des Nations Unies pour la d\u00e9mocratie (FNUD), Annika Saville a estim\u00e9 jeudi \u00e0 Alger que l&rsquo;Alg\u00e9rie vit une exp\u00e9rience d\u00e9mocratique \u00ab\u00a0qui m\u00e9rite d&rsquo;\u00eatre connue davantage dans le monde\u00a0\u00bb. Mme Saville qui a \u00e9t\u00e9 re\u00e7ue par le pr\u00e9sident de l&rsquo;Assembl\u00e9e populaire nationale (APN), Mohamed Larbi Ould Khelifa, a indiqu\u00e9 que la<\/p>\n","protected":false},"author":6,"featured_media":382,"comment_status":"open","ping_status":"open","sticky":false,"template":"","format":"standard","meta":{"footnotes":""},"categories":[7],"tags":[69],"class_list":["post-378","post","type-post","status-publish","format-standard","has-post-thumbnail","hentry","category-politique","tag-democratie"],"yoast_head":"<!-- This site is optimized with the Yoast SEO plugin v27.5 - https:\/\/yoast.com\/product\/yoast-seo-wordpress\/ -->\n<title>L&#039;Alg\u00e9rie vit une exp\u00e9rience d\u00e9mocratique<\/title>\n<meta name=\"description\" content=\"L&#039;Alg\u00e9rie vit une exp\u00e9rience d\u00e9mocratique qui m\u00e9rite d&#039;\u00eatre connue davantage dans le monde selon la directrice ex\u00e9cutive du FNUD\" \/>\n<meta name=\"robots\" content=\"index, follow, max-snippet:-1, max-image-preview:large, max-video-preview:-1\" \/>\n<link rel=\"canonical\" href=\"https:\/\/www.info-algerie.com\/actualites\/lalgerie-vit-une-experience-democratique-qui-merite-detre-connue-davantage-dans-le-monde\/\" \/>\n<meta property=\"og:locale\" content=\"fr_FR\" \/>\n<meta property=\"og:type\" content=\"article\" \/>\n<meta property=\"og:title\" content=\"L&#039;Alg\u00e9rie vit une exp\u00e9rience d\u00e9mocratique\" \/>\n<meta property=\"og:description\" content=\"L&#039;Alg\u00e9rie vit une exp\u00e9rience d\u00e9mocratique qui m\u00e9rite d&#039;\u00eatre connue davantage dans le monde selon la directrice ex\u00e9cutive du FNUD\" \/>\n<meta property=\"og:url\" content=\"https:\/\/www.info-algerie.com\/actualites\/lalgerie-vit-une-experience-democratique-qui-merite-detre-connue-davantage-dans-le-monde\/\" \/>\n<meta property=\"og:site_name\" content=\"info algerie\" \/>\n<meta property=\"article:publisher\" content=\"https:\/\/www.facebook.com\/infoalgerieactu\" \/>\n<meta property=\"article:published_time\" content=\"2015-08-28T12:17:16+00:00\" \/>\n<meta property=\"article:modified_time\" content=\"2015-08-28T13:58:48+00:00\" \/>\n<meta property=\"og:image\" content=\"https:\/\/www.info-algerie.com\/actualites\/wp-content\/uploads\/2015\/08\/LAlg\u00e9rie-vit-une-exp\u00e9rience-d\u00e9mocratique.jpg\" \/>\n\t<meta property=\"og:image:width\" content=\"900\" \/>\n\t<meta property=\"og:image:height\" content=\"508\" \/>\n\t<meta property=\"og:image:type\" content=\"image\/jpeg\" \/>\n<meta name=\"author\" content=\"La r\u00e9daction\" \/>\n<meta name=\"twitter:label1\" content=\"\u00c9crit par\" \/>\n\t<meta name=\"twitter:data1\" content=\"La r\u00e9daction\" \/>\n\t<meta name=\"twitter:label2\" content=\"Dur\u00e9e de lecture estim\u00e9e\" \/>\n\t<meta name=\"twitter:data2\" content=\"2 minutes\" \/>\n<script type=\"application\/ld+json\" class=\"yoast-schema-graph\">{\"@context\":\"https:\\\/\\\/schema.org\",\"@graph\":[{\"@type\":\"Article\",\"@id\":\"https:\\\/\\\/www.info-algerie.com\\\/actualites\\\/lalgerie-vit-une-experience-democratique-qui-merite-detre-connue-davantage-dans-le-monde\\\/#article\",\"isPartOf\":{\"@id\":\"https:\\\/\\\/www.info-algerie.com\\\/actualites\\\/lalgerie-vit-une-experience-democratique-qui-merite-detre-connue-davantage-dans-le-monde\\\/\"},\"author\":{\"name\":\"La r\u00e9daction\",\"@id\":\"https:\\\/\\\/www.info-algerie.com\\\/actualites\\\/#\\\/schema\\\/person\\\/847aaec44920825b843a08f30ec6aa1e\"},\"headline\":\"L&rsquo;Alg\u00e9rie vit une exp\u00e9rience d\u00e9mocratique qui m\u00e9rite d&rsquo;\u00eatre connue davantage dans le monde\",\"datePublished\":\"2015-08-28T12:17:16+00:00\",\"dateModified\":\"2015-08-28T13:58:48+00:00\",\"mainEntityOfPage\":{\"@id\":\"https:\\\/\\\/www.info-algerie.com\\\/actualites\\\/lalgerie-vit-une-experience-democratique-qui-merite-detre-connue-davantage-dans-le-monde\\\/\"},\"wordCount\":519,\"commentCount\":0,\"publisher\":{\"@id\":\"https:\\\/\\\/www.info-algerie.com\\\/actualites\\\/#organization\"},\"image\":{\"@id\":\"https:\\\/\\\/www.info-algerie.com\\\/actualites\\\/lalgerie-vit-une-experience-democratique-qui-merite-detre-connue-davantage-dans-le-monde\\\/#primaryimage\"},\"thumbnailUrl\":\"https:\\\/\\\/www.info-algerie.com\\\/actualites\\\/wp-content\\\/uploads\\\/2015\\\/08\\\/LAlg\u00e9rie-vit-une-exp\u00e9rience-d\u00e9mocratique.jpg\",\"keywords\":[\"d\u00e9mocratie\"],\"articleSection\":[\"Politique\"],\"inLanguage\":\"fr-FR\",\"potentialAction\":[{\"@type\":\"CommentAction\",\"name\":\"Comment\",\"target\":[\"https:\\\/\\\/www.info-algerie.com\\\/actualites\\\/lalgerie-vit-une-experience-democratique-qui-merite-detre-connue-davantage-dans-le-monde\\\/#respond\"]}]},{\"@type\":\"WebPage\",\"@id\":\"https:\\\/\\\/www.info-algerie.com\\\/actualites\\\/lalgerie-vit-une-experience-democratique-qui-merite-detre-connue-davantage-dans-le-monde\\\/\",\"url\":\"https:\\\/\\\/www.info-algerie.com\\\/actualites\\\/lalgerie-vit-une-experience-democratique-qui-merite-detre-connue-davantage-dans-le-monde\\\/\",\"name\":\"L'Alg\u00e9rie vit une exp\u00e9rience d\u00e9mocratique\",\"isPartOf\":{\"@id\":\"https:\\\/\\\/www.info-algerie.com\\\/actualites\\\/#website\"},\"primaryImageOfPage\":{\"@id\":\"https:\\\/\\\/www.info-algerie.com\\\/actualites\\\/lalgerie-vit-une-experience-democratique-qui-merite-detre-connue-davantage-dans-le-monde\\\/#primaryimage\"},\"image\":{\"@id\":\"https:\\\/\\\/www.info-algerie.com\\\/actualites\\\/lalgerie-vit-une-experience-democratique-qui-merite-detre-connue-davantage-dans-le-monde\\\/#primaryimage\"},\"thumbnailUrl\":\"https:\\\/\\\/www.info-algerie.com\\\/actualites\\\/wp-content\\\/uploads\\\/2015\\\/08\\\/LAlg\u00e9rie-vit-une-exp\u00e9rience-d\u00e9mocratique.jpg\",\"datePublished\":\"2015-08-28T12:17:16+00:00\",\"dateModified\":\"2015-08-28T13:58:48+00:00\",\"description\":\"L'Alg\u00e9rie vit une exp\u00e9rience d\u00e9mocratique qui m\u00e9rite d'\u00eatre connue davantage dans le monde selon la directrice ex\u00e9cutive du FNUD\",\"breadcrumb\":{\"@id\":\"https:\\\/\\\/www.info-algerie.com\\\/actualites\\\/lalgerie-vit-une-experience-democratique-qui-merite-detre-connue-davantage-dans-le-monde\\\/#breadcrumb\"},\"inLanguage\":\"fr-FR\",\"potentialAction\":[{\"@type\":\"ReadAction\",\"target\":[\"https:\\\/\\\/www.info-algerie.com\\\/actualites\\\/lalgerie-vit-une-experience-democratique-qui-merite-detre-connue-davantage-dans-le-monde\\\/\"]}]},{\"@type\":\"ImageObject\",\"inLanguage\":\"fr-FR\",\"@id\":\"https:\\\/\\\/www.info-algerie.com\\\/actualites\\\/lalgerie-vit-une-experience-democratique-qui-merite-detre-connue-davantage-dans-le-monde\\\/#primaryimage\",\"url\":\"https:\\\/\\\/www.info-algerie.com\\\/actualites\\\/wp-content\\\/uploads\\\/2015\\\/08\\\/LAlg\u00e9rie-vit-une-exp\u00e9rience-d\u00e9mocratique.jpg\",\"contentUrl\":\"https:\\\/\\\/www.info-algerie.com\\\/actualites\\\/wp-content\\\/uploads\\\/2015\\\/08\\\/LAlg\u00e9rie-vit-une-exp\u00e9rience-d\u00e9mocratique.jpg\",\"width\":900,\"height\":508,\"caption\":\"L'Alg\u00e9rie vit une exp\u00e9rience d\u00e9mocratique\"},{\"@type\":\"BreadcrumbList\",\"@id\":\"https:\\\/\\\/www.info-algerie.com\\\/actualites\\\/lalgerie-vit-une-experience-democratique-qui-merite-detre-connue-davantage-dans-le-monde\\\/#breadcrumb\",\"itemListElement\":[{\"@type\":\"ListItem\",\"position\":1,\"name\":\"Accueil\",\"item\":\"https:\\\/\\\/www.info-algerie.com\\\/actualites\\\/\"},{\"@type\":\"ListItem\",\"position\":2,\"name\":\"L&rsquo;Alg\u00e9rie vit une exp\u00e9rience d\u00e9mocratique qui m\u00e9rite d&rsquo;\u00eatre connue davantage dans le monde\"}]},{\"@type\":\"WebSite\",\"@id\":\"https:\\\/\\\/www.info-algerie.com\\\/actualites\\\/#website\",\"url\":\"https:\\\/\\\/www.info-algerie.com\\\/actualites\\\/\",\"name\":\"info algerie\",\"description\":\"Toutes les actualit\u00e9s\",\"publisher\":{\"@id\":\"https:\\\/\\\/www.info-algerie.com\\\/actualites\\\/#organization\"},\"potentialAction\":[{\"@type\":\"SearchAction\",\"target\":{\"@type\":\"EntryPoint\",\"urlTemplate\":\"https:\\\/\\\/www.info-algerie.com\\\/actualites\\\/?s={search_term_string}\"},\"query-input\":{\"@type\":\"PropertyValueSpecification\",\"valueRequired\":true,\"valueName\":\"search_term_string\"}}],\"inLanguage\":\"fr-FR\"},{\"@type\":\"Organization\",\"@id\":\"https:\\\/\\\/www.info-algerie.com\\\/actualites\\\/#organization\",\"name\":\"info algerie\",\"url\":\"https:\\\/\\\/www.info-algerie.com\\\/actualites\\\/\",\"logo\":{\"@type\":\"ImageObject\",\"inLanguage\":\"fr-FR\",\"@id\":\"https:\\\/\\\/www.info-algerie.com\\\/actualites\\\/#\\\/schema\\\/logo\\\/image\\\/\",\"url\":\"https:\\\/\\\/www.info-algerie.com\\\/actualites\\\/wp-content\\\/uploads\\\/2022\\\/07\\\/logo-ia-120.png\",\"contentUrl\":\"https:\\\/\\\/www.info-algerie.com\\\/actualites\\\/wp-content\\\/uploads\\\/2022\\\/07\\\/logo-ia-120.png\",\"width\":120,\"height\":43,\"caption\":\"info algerie\"},\"image\":{\"@id\":\"https:\\\/\\\/www.info-algerie.com\\\/actualites\\\/#\\\/schema\\\/logo\\\/image\\\/\"},\"sameAs\":[\"https:\\\/\\\/www.facebook.com\\\/infoalgerieactu\",\"https:\\\/\\\/x.com\\\/infoalgerie1\"]},{\"@type\":\"Person\",\"@id\":\"https:\\\/\\\/www.info-algerie.com\\\/actualites\\\/#\\\/schema\\\/person\\\/847aaec44920825b843a08f30ec6aa1e\",\"name\":\"La r\u00e9daction\",\"image\":{\"@type\":\"ImageObject\",\"inLanguage\":\"fr-FR\",\"@id\":\"https:\\\/\\\/secure.gravatar.com\\\/avatar\\\/769db425c6f465158149f1ffd6cf61ce7a8a879d11dfbef8288af36dfddd418c?s=96&d=mm&r=g\",\"url\":\"https:\\\/\\\/secure.gravatar.com\\\/avatar\\\/769db425c6f465158149f1ffd6cf61ce7a8a879d11dfbef8288af36dfddd418c?s=96&d=mm&r=g\",\"contentUrl\":\"https:\\\/\\\/secure.gravatar.com\\\/avatar\\\/769db425c6f465158149f1ffd6cf61ce7a8a879d11dfbef8288af36dfddd418c?s=96&d=mm&r=g\",\"caption\":\"La r\u00e9daction\"},\"sameAs\":[\"http:\\\/\\\/www.lkeria.com\\\/\"],\"url\":\"https:\\\/\\\/www.info-algerie.com\\\/actualites\\\/author\\\/chakib32\\\/\"}]}<\/script>\n<!-- \/ Yoast SEO plugin. -->","yoast_head_json":{"title":"L'Alg\u00e9rie vit une exp\u00e9rience d\u00e9mocratique","description":"L'Alg\u00e9rie vit une exp\u00e9rience d\u00e9mocratique qui m\u00e9rite d'\u00eatre connue davantage dans le monde selon la directrice ex\u00e9cutive du FNUD","robots":{"index":"index","follow":"follow","max-snippet":"max-snippet:-1","max-image-preview":"max-image-preview:large","max-video-preview":"max-video-preview:-1"},"canonical":"https:\/\/www.info-algerie.com\/actualites\/lalgerie-vit-une-experience-democratique-qui-merite-detre-connue-davantage-dans-le-monde\/","og_locale":"fr_FR","og_type":"article","og_title":"L'Alg\u00e9rie vit une exp\u00e9rience d\u00e9mocratique","og_description":"L'Alg\u00e9rie vit une exp\u00e9rience d\u00e9mocratique qui m\u00e9rite d'\u00eatre connue davantage dans le monde selon la directrice ex\u00e9cutive du FNUD","og_url":"https:\/\/www.info-algerie.com\/actualites\/lalgerie-vit-une-experience-democratique-qui-merite-detre-connue-davantage-dans-le-monde\/","og_site_name":"info algerie","article_publisher":"https:\/\/www.facebook.com\/infoalgerieactu","article_published_time":"2015-08-28T12:17:16+00:00","article_modified_time":"2015-08-28T13:58:48+00:00","og_image":[{"width":900,"height":508,"url":"https:\/\/www.info-algerie.com\/actualites\/wp-content\/uploads\/2015\/08\/LAlg\u00e9rie-vit-une-exp\u00e9rience-d\u00e9mocratique.jpg","type":"image\/jpeg"}],"author":"La r\u00e9daction","twitter_misc":{"\u00c9crit par":"La r\u00e9daction","Dur\u00e9e de lecture estim\u00e9e":"2 minutes"},"schema":{"@context":"https:\/\/schema.org","@graph":[{"@type":"Article","@id":"https:\/\/www.info-algerie.com\/actualites\/lalgerie-vit-une-experience-democratique-qui-merite-detre-connue-davantage-dans-le-monde\/#article","isPartOf":{"@id":"https:\/\/www.info-algerie.com\/actualites\/lalgerie-vit-une-experience-democratique-qui-merite-detre-connue-davantage-dans-le-monde\/"},"author":{"name":"La r\u00e9daction","@id":"https:\/\/www.info-algerie.com\/actualites\/#\/schema\/person\/847aaec44920825b843a08f30ec6aa1e"},"headline":"L&rsquo;Alg\u00e9rie vit une exp\u00e9rience d\u00e9mocratique qui m\u00e9rite d&rsquo;\u00eatre connue davantage dans le monde","datePublished":"2015-08-28T12:17:16+00:00","dateModified":"2015-08-28T13:58:48+00:00","mainEntityOfPage":{"@id":"https:\/\/www.info-algerie.com\/actualites\/lalgerie-vit-une-experience-democratique-qui-merite-detre-connue-davantage-dans-le-monde\/"},"wordCount":519,"commentCount":0,"publisher":{"@id":"https:\/\/www.info-algerie.com\/actualites\/#organization"},"image":{"@id":"https:\/\/www.info-algerie.com\/actualites\/lalgerie-vit-une-experience-democratique-qui-merite-detre-connue-davantage-dans-le-monde\/#primaryimage"},"thumbnailUrl":"https:\/\/www.info-algerie.com\/actualites\/wp-content\/uploads\/2015\/08\/LAlg\u00e9rie-vit-une-exp\u00e9rience-d\u00e9mocratique.jpg","keywords":["d\u00e9mocratie"],"articleSection":["Politique"],"inLanguage":"fr-FR","potentialAction":[{"@type":"CommentAction","name":"Comment","target":["https:\/\/www.info-algerie.com\/actualites\/lalgerie-vit-une-experience-democratique-qui-merite-detre-connue-davantage-dans-le-monde\/#respond"]}]},{"@type":"WebPage","@id":"https:\/\/www.info-algerie.com\/actualites\/lalgerie-vit-une-experience-democratique-qui-merite-detre-connue-davantage-dans-le-monde\/","url":"https:\/\/www.info-algerie.com\/actualites\/lalgerie-vit-une-experience-democratique-qui-merite-detre-connue-davantage-dans-le-monde\/","name":"L'Alg\u00e9rie vit une exp\u00e9rience d\u00e9mocratique","isPartOf":{"@id":"https:\/\/www.info-algerie.com\/actualites\/#website"},"primaryImageOfPage":{"@id":"https:\/\/www.info-algerie.com\/actualites\/lalgerie-vit-une-experience-democratique-qui-merite-detre-connue-davantage-dans-le-monde\/#primaryimage"},"image":{"@id":"https:\/\/www.info-algerie.com\/actualites\/lalgerie-vit-une-experience-democratique-qui-merite-detre-connue-davantage-dans-le-monde\/#primaryimage"},"thumbnailUrl":"https:\/\/www.info-algerie.com\/actualites\/wp-content\/uploads\/2015\/08\/LAlg\u00e9rie-vit-une-exp\u00e9rience-d\u00e9mocratique.jpg","datePublished":"2015-08-28T12:17:16+00:00","dateModified":"2015-08-28T13:58:48+00:00","description":"L'Alg\u00e9rie vit une exp\u00e9rience d\u00e9mocratique qui m\u00e9rite d'\u00eatre connue davantage dans le monde selon la directrice ex\u00e9cutive du FNUD","breadcrumb":{"@id":"https:\/\/www.info-algerie.com\/actualites\/lalgerie-vit-une-experience-democratique-qui-merite-detre-connue-davantage-dans-le-monde\/#breadcrumb"},"inLanguage":"fr-FR","potentialAction":[{"@type":"ReadAction","target":["https:\/\/www.info-algerie.com\/actualites\/lalgerie-vit-une-experience-democratique-qui-merite-detre-connue-davantage-dans-le-monde\/"]}]},{"@type":"ImageObject","inLanguage":"fr-FR","@id":"https:\/\/www.info-algerie.com\/actualites\/lalgerie-vit-une-experience-democratique-qui-merite-detre-connue-davantage-dans-le-monde\/#primaryimage","url":"https:\/\/www.info-algerie.com\/actualites\/wp-content\/uploads\/2015\/08\/LAlg\u00e9rie-vit-une-exp\u00e9rience-d\u00e9mocratique.jpg","contentUrl":"https:\/\/www.info-algerie.com\/actualites\/wp-content\/uploads\/2015\/08\/LAlg\u00e9rie-vit-une-exp\u00e9rience-d\u00e9mocratique.jpg","width":900,"height":508,"caption":"L'Alg\u00e9rie vit une exp\u00e9rience d\u00e9mocratique"},{"@type":"BreadcrumbList","@id":"https:\/\/www.info-algerie.com\/actualites\/lalgerie-vit-une-experience-democratique-qui-merite-detre-connue-davantage-dans-le-monde\/#breadcrumb","itemListElement":[{"@type":"ListItem","position":1,"name":"Accueil","item":"https:\/\/www.info-algerie.com\/actualites\/"},{"@type":"ListItem","position":2,"name":"L&rsquo;Alg\u00e9rie vit une exp\u00e9rience d\u00e9mocratique qui m\u00e9rite d&rsquo;\u00eatre connue davantage dans le monde"}]},{"@type":"WebSite","@id":"https:\/\/www.info-algerie.com\/actualites\/#website","url":"https:\/\/www.info-algerie.com\/actualites\/","name":"info algerie","description":"Toutes les actualit\u00e9s","publisher":{"@id":"https:\/\/www.info-algerie.com\/actualites\/#organization"},"potentialAction":[{"@type":"SearchAction","target":{"@type":"EntryPoint","urlTemplate":"https:\/\/www.info-algerie.com\/actualites\/?s={search_term_string}"},"query-input":{"@type":"PropertyValueSpecification","valueRequired":true,"valueName":"search_term_string"}}],"inLanguage":"fr-FR"},{"@type":"Organization","@id":"https:\/\/www.info-algerie.com\/actualites\/#organization","name":"info algerie","url":"https:\/\/www.info-algerie.com\/actualites\/","logo":{"@type":"ImageObject","inLanguage":"fr-FR","@id":"https:\/\/www.info-algerie.com\/actualites\/#\/schema\/logo\/image\/","url":"https:\/\/www.info-algerie.com\/actualites\/wp-content\/uploads\/2022\/07\/logo-ia-120.png","contentUrl":"https:\/\/www.info-algerie.com\/actualites\/wp-content\/uploads\/2022\/07\/logo-ia-120.png","width":120,"height":43,"caption":"info algerie"},"image":{"@id":"https:\/\/www.info-algerie.com\/actualites\/#\/schema\/logo\/image\/"},"sameAs":["https:\/\/www.facebook.com\/infoalgerieactu","https:\/\/x.com\/infoalgerie1"]},{"@type":"Person","@id":"https:\/\/www.info-algerie.com\/actualites\/#\/schema\/person\/847aaec44920825b843a08f30ec6aa1e","name":"La r\u00e9daction","image":{"@type":"ImageObject","inLanguage":"fr-FR","@id":"https:\/\/secure.gravatar.com\/avatar\/769db425c6f465158149f1ffd6cf61ce7a8a879d11dfbef8288af36dfddd418c?s=96&d=mm&r=g","url":"https:\/\/secure.gravatar.com\/avatar\/769db425c6f465158149f1ffd6cf61ce7a8a879d11dfbef8288af36dfddd418c?s=96&d=mm&r=g","contentUrl":"https:\/\/secure.gravatar.com\/avatar\/769db425c6f465158149f1ffd6cf61ce7a8a879d11dfbef8288af36dfddd418c?s=96&d=mm&r=g","caption":"La r\u00e9daction"},"sameAs":["http:\/\/www.lkeria.com\/"],"url":"https:\/\/www.info-algerie.com\/actualites\/author\/chakib32\/"}]}},"_links":{"self":[{"href":"https:\/\/www.info-algerie.com\/actualites\/wp-json\/wp\/v2\/posts\/378","targetHints":{"allow":["GET"]}}],"collection":[{"href":"https:\/\/www.info-algerie.com\/actualites\/wp-json\/wp\/v2\/posts"}],"about":[{"href":"https:\/\/www.info-algerie.com\/actualites\/wp-json\/wp\/v2\/types\/post"}],"author":[{"embeddable":true,"href":"https:\/\/www.info-algerie.com\/actualites\/wp-json\/wp\/v2\/users\/6"}],"replies":[{"embeddable":true,"href":"https:\/\/www.info-algerie.com\/actualites\/wp-json\/wp\/v2\/comments?post=378"}],"version-history":[{"count":2,"href":"https:\/\/www.info-algerie.com\/actualites\/wp-json\/wp\/v2\/posts\/378\/revisions"}],"predecessor-version":[{"id":387,"href":"https:\/\/www.info-algerie.com\/actualites\/wp-json\/wp\/v2\/posts\/378\/revisions\/387"}],"wp:featuredmedia":[{"embeddable":true,"href":"https:\/\/www.info-algerie.com\/actualites\/wp-json\/wp\/v2\/media\/382"}],"wp:attachment":[{"href":"https:\/\/www.info-algerie.com\/actualites\/wp-json\/wp\/v2\/media?parent=378"}],"wp:term":[{"taxonomy":"category","embeddable":true,"href":"https:\/\/www.info-algerie.com\/actualites\/wp-json\/wp\/v2\/categories?post=378"},{"taxonomy":"post_tag","embeddable":true,"href":"https:\/\/www.info-algerie.com\/actualites\/wp-json\/wp\/v2\/tags?post=378"}],"curies":[{"name":"wp","href":"https:\/\/api.w.org\/{rel}","templated":true}]}}